{"id":48791,"date":"2025-09-15T07:41:11","date_gmt":"2025-09-15T10:41:11","guid":{"rendered":"https:\/\/cvinoticias.com\/v3\/?p=48791"},"modified":"2025-09-15T07:41:12","modified_gmt":"2025-09-15T10:41:12","slug":"prevision-del-tiempo-en-misiones-jornadas-inestables-y-ascenso-de-temperaturas","status":"publish","type":"post","link":"https:\/\/cvinoticias.com\/v3\/prevision-del-tiempo-en-misiones-jornadas-inestables-y-ascenso-de-temperaturas\/","title":{"rendered":"Previsi\u00f3n del tiempo en Misiones: jornadas inestables y ascenso de temperaturas"},"content":{"rendered":"\n<p>La Direcci\u00f3n General de Alerta Temprana inform\u00f3 c\u00f3mo estar\u00e1n las condiciones del tiempo en Misiones entre el lunes 15 y el mi\u00e9rcoles 17 de septiembre. Se prev\u00e9 un inicio de semana con inestabilidad, para luego ir mejorando y cerrando con temperaturas en ascenso.<\/p>\n\n\n\n<p><strong>Lunes 15:<\/strong> la jornada comenz\u00f3 inestable, con aumento de la nubosidad y lluvias que se extendieron a lo largo del d\u00eda. La profundizaci\u00f3n de un \u00e1rea de baja presi\u00f3n junto con corrientes de humedad de la cuenca amaz\u00f3nica incrementaron la probabilidad de chaparrones y tormentas aisladas, que afectaron primero al sur y centro, y luego al norte provincial. Las temperaturas llegaron a 25\u00b0 en el sur y 29\u00b0 en el norte. Las precipitaciones acumuladas oscilaron entre 2 y 16 mil\u00edmetros. Los vientos se presentaron del noreste rotando al sureste, con velocidades de entre 5 y 17 km\/h y r\u00e1fagas de hasta 40 km\/h. La m\u00ednima registrada fue de 16 \u00b0C en San Vicente, mientras que la m\u00e1xima alcanz\u00f3 28 \u00b0C en Puerto Iguaz\u00fa, con 29 \u00b0C de sensaci\u00f3n t\u00e9rmica.<\/p>\n\n\n\n<p><strong>Martes 16:<\/strong> se espera una mejora paulatina. La ma\u00f1ana presentar\u00e1 abundante nubosidad, aunque con el correr de las horas el sol comenzar\u00e1 a aparecer entre nubes, lo que favorecer\u00e1 un aumento de las temperaturas. La tarde ser\u00eda c\u00e1lida, con marcas de hasta 29 \u00b0C. No se prev\u00e9n precipitaciones, aunque la probabilidad de nieblas y neblinas ser\u00e1 alta. Los vientos predominar\u00e1n del sureste, con velocidades de entre 4 y 12 km\/h y r\u00e1fagas de entre 20 y 40 km\/h. La m\u00ednima rondar\u00eda los 15 \u00b0C en Bernardo de Irigoyen y la m\u00e1xima provincial alcanzar\u00eda 29 \u00b0C en Eldorado.<\/p>\n\n\n\n<p><strong>Mi\u00e9rcoles 17:<\/strong> se anticipa como la jornada de mayor estabilidad, con tiempo bueno y cielos despejados. El ambiente ser\u00e1 templado por la ma\u00f1ana y caluroso por la tarde, con temperaturas m\u00e1ximas que oscilar\u00edan entre 27 \u00b0C y 32 \u00b0C. No se esperan lluvias. Los vientos soplar\u00e1n del este y noreste, con velocidades de entre 4 y 16 km\/h y r\u00e1fagas que podr\u00edan alcanzar entre 20 y 50 km\/h. En Montecarlo se registrar\u00eda la m\u00e1xima de 32 \u00b0C, con 33 \u00b0C de sensaci\u00f3n t\u00e9rmica, mientras que en San Javier la m\u00ednima llegar\u00eda a los 16 \u00b0C.<\/p>\n\n\n\n<p>Las condiciones de tiempo estable se mantendr\u00edan hasta mediados de semana, aunque hacia el fin de semana volver\u00eda la inestabilidad con pron\u00f3stico de lluvias.<\/p>\n\n\n\n<p><em>Fuente: Direcci\u00f3n General de Alerta Temprana \u2013 Subsecretar\u00eda de Ordenamiento Territorial \u2013 Ministerio de Ecolog\u00eda y RNR de Misiones.<\/em><\/p>\n","protected":false},"excerpt":{"rendered":"<p>La Direcci\u00f3n General de Alerta Temprana inform\u00f3 c\u00f3mo estar\u00e1n las condiciones del tiempo en Misiones entre el lunes 15 y el mi\u00e9rcoles 17 de septiembre. Se prev\u00e9 un inicio de semana con inestabilidad, para luego ir mejorando y cerrando con temperaturas en ascenso. Lunes 15: la jornada comenz\u00f3 inestable, con aumento de la nubosidad y [&hellip;]<\/p>\n","protected":false},"author":2,"featured_media":48793,"comment_status":"open","ping_status":"closed","sticky":false,"template":"","format":"standard","meta":{"footnotes":""},"categories":[1146],"tags":[1148,278,3852],"class_list":["post-48791","post","type-post","status-publish","format-standard","has-post-thumbnail","hentry","category-tiempo","tag-clima","tag-misiones","tag-prevision"],"yoast_head":"<!-- This site is optimized with the Yoast SEO plugin v27.5 - https:\/\/yoast.com\/product\/yoast-seo-wordpress\/ -->\n<title>Previsi\u00f3n del tiempo en Misiones del 15 al 17 de septiembre | CVI NOTICIAS<\/title>\n<meta name=\"description\" content=\"El clima en Misiones entre el 15 y el 17 de septiembre: inestabilidad, mejoras y temperaturas en ascenso.\" \/>\n<meta name=\"robots\" content=\"index, follow, max-snippet:-1, max-image-preview:large, max-video-preview:-1\" \/>\n<link rel=\"canonical\" href=\"https:\/\/cvinoticias.com\/v3\/prevision-del-tiempo-en-misiones-jornadas-inestables-y-ascenso-de-temperaturas\/\" \/>\n<meta property=\"og:locale\" content=\"es_ES\" \/>\n<meta property=\"og:type\" content=\"article\" \/>\n<meta property=\"og:title\" content=\"Previsi\u00f3n del tiempo en Misiones del 15 al 17 de septiembre | CVI NOTICIAS\" \/>\n<meta property=\"og:description\" content=\"El clima en Misiones entre el 15 y el 17 de septiembre: inestabilidad, mejoras y temperaturas en ascenso.\" \/>\n<meta property=\"og:url\" content=\"https:\/\/cvinoticias.com\/v3\/prevision-del-tiempo-en-misiones-jornadas-inestables-y-ascenso-de-temperaturas\/\" \/>\n<meta property=\"og:site_name\" content=\"CVI NOTICIAS\" \/>\n<meta property=\"article:publisher\" content=\"https:\/\/www.facebook.com\/cvinoticias\" \/>\n<meta property=\"article:published_time\" content=\"2025-09-15T10:41:11+00:00\" \/>\n<meta property=\"article:modified_time\" content=\"2025-09-15T10:41:12+00:00\" \/>\n<meta property=\"og:image\" content=\"https:\/\/cvinoticias.com\/wp-content\/uploads\/2025\/09\/1000252926.jpg\" \/>\n\t<meta property=\"og:image:width\" content=\"789\" \/>\n\t<meta property=\"og:image:height\" content=\"767\" \/>\n\t<meta property=\"og:image:type\" content=\"image\/jpeg\" \/>\n<meta name=\"author\" content=\"f1000024\" \/>\n<meta name=\"twitter:card\" content=\"summary_large_image\" \/>\n<meta name=\"twitter:label1\" content=\"Escrito por\" \/>\n\t<meta name=\"twitter:data1\" content=\"f1000024\" \/>\n\t<meta name=\"twitter:label2\" content=\"Tiempo de lectura\" \/>\n\t<meta name=\"twitter:data2\" content=\"3 minutos\" \/>\n<script type=\"application\/ld+json\" class=\"yoast-schema-graph\">{\"@context\":\"https:\\\/\\\/schema.org\",\"@graph\":[{\"@type\":\"Article\",\"@id\":\"https:\\\/\\\/cvinoticias.com\\\/v3\\\/prevision-del-tiempo-en-misiones-jornadas-inestables-y-ascenso-de-temperaturas\\\/#article\",\"isPartOf\":{\"@id\":\"https:\\\/\\\/cvinoticias.com\\\/v3\\\/prevision-del-tiempo-en-misiones-jornadas-inestables-y-ascenso-de-temperaturas\\\/\"},\"author\":{\"name\":\"f1000024\",\"@id\":\"https:\\\/\\\/cvinoticias.com\\\/v3\\\/#\\\/schema\\\/person\\\/2db77e3c6bc03c538495d7b2b8be9b66\"},\"headline\":\"Previsi\u00f3n del tiempo en Misiones: jornadas inestables y ascenso de temperaturas\",\"datePublished\":\"2025-09-15T10:41:11+00:00\",\"dateModified\":\"2025-09-15T10:41:12+00:00\",\"mainEntityOfPage\":{\"@id\":\"https:\\\/\\\/cvinoticias.com\\\/v3\\\/prevision-del-tiempo-en-misiones-jornadas-inestables-y-ascenso-de-temperaturas\\\/\"},\"wordCount\":435,\"commentCount\":0,\"publisher\":{\"@id\":\"https:\\\/\\\/cvinoticias.com\\\/v3\\\/#organization\"},\"image\":{\"@id\":\"https:\\\/\\\/cvinoticias.com\\\/v3\\\/prevision-del-tiempo-en-misiones-jornadas-inestables-y-ascenso-de-temperaturas\\\/#primaryimage\"},\"thumbnailUrl\":\"https:\\\/\\\/cvinoticias.com\\\/wp-content\\\/uploads\\\/2025\\\/09\\\/1000252926.jpg\",\"keywords\":[\"Clima\",\"Misiones\",\"Previsi\u00f3n\"],\"articleSection\":[\"Tiempo\"],\"inLanguage\":\"es\",\"potentialAction\":[{\"@type\":\"CommentAction\",\"name\":\"Comment\",\"target\":[\"https:\\\/\\\/cvinoticias.com\\\/v3\\\/prevision-del-tiempo-en-misiones-jornadas-inestables-y-ascenso-de-temperaturas\\\/#respond\"]}]},{\"@type\":\"WebPage\",\"@id\":\"https:\\\/\\\/cvinoticias.com\\\/v3\\\/prevision-del-tiempo-en-misiones-jornadas-inestables-y-ascenso-de-temperaturas\\\/\",\"url\":\"https:\\\/\\\/cvinoticias.com\\\/v3\\\/prevision-del-tiempo-en-misiones-jornadas-inestables-y-ascenso-de-temperaturas\\\/\",\"name\":\"Previsi\u00f3n del tiempo en Misiones del 15 al 17 de septiembre | CVI NOTICIAS\",\"isPartOf\":{\"@id\":\"https:\\\/\\\/cvinoticias.com\\\/v3\\\/#website\"},\"primaryImageOfPage\":{\"@id\":\"https:\\\/\\\/cvinoticias.com\\\/v3\\\/prevision-del-tiempo-en-misiones-jornadas-inestables-y-ascenso-de-temperaturas\\\/#primaryimage\"},\"image\":{\"@id\":\"https:\\\/\\\/cvinoticias.com\\\/v3\\\/prevision-del-tiempo-en-misiones-jornadas-inestables-y-ascenso-de-temperaturas\\\/#primaryimage\"},\"thumbnailUrl\":\"https:\\\/\\\/cvinoticias.com\\\/wp-content\\\/uploads\\\/2025\\\/09\\\/1000252926.jpg\",\"datePublished\":\"2025-09-15T10:41:11+00:00\",\"dateModified\":\"2025-09-15T10:41:12+00:00\",\"description\":\"El clima en Misiones entre el 15 y el 17 de septiembre: inestabilidad, mejoras y temperaturas en ascenso.\",\"breadcrumb\":{\"@id\":\"https:\\\/\\\/cvinoticias.com\\\/v3\\\/prevision-del-tiempo-en-misiones-jornadas-inestables-y-ascenso-de-temperaturas\\\/#breadcrumb\"},\"inLanguage\":\"es\",\"potentialAction\":[{\"@type\":\"ReadAction\",\"target\":[\"https:\\\/\\\/cvinoticias.com\\\/v3\\\/prevision-del-tiempo-en-misiones-jornadas-inestables-y-ascenso-de-temperaturas\\\/\"]}]},{\"@type\":\"ImageObject\",\"inLanguage\":\"es\",\"@id\":\"https:\\\/\\\/cvinoticias.com\\\/v3\\\/prevision-del-tiempo-en-misiones-jornadas-inestables-y-ascenso-de-temperaturas\\\/#primaryimage\",\"url\":\"https:\\\/\\\/cvinoticias.com\\\/wp-content\\\/uploads\\\/2025\\\/09\\\/1000252926.jpg\",\"contentUrl\":\"https:\\\/\\\/cvinoticias.com\\\/wp-content\\\/uploads\\\/2025\\\/09\\\/1000252926.jpg\",\"width\":789,\"height\":767},{\"@type\":\"BreadcrumbList\",\"@id\":\"https:\\\/\\\/cvinoticias.com\\\/v3\\\/prevision-del-tiempo-en-misiones-jornadas-inestables-y-ascenso-de-temperaturas\\\/#breadcrumb\",\"itemListElement\":[{\"@type\":\"ListItem\",\"position\":1,\"name\":\"Portada\",\"item\":\"https:\\\/\\\/cvinoticias.com\\\/v3\\\/\"},{\"@type\":\"ListItem\",\"position\":2,\"name\":\"Previsi\u00f3n del tiempo en Misiones: jornadas inestables y ascenso de temperaturas\"}]},{\"@type\":\"WebSite\",\"@id\":\"https:\\\/\\\/cvinoticias.com\\\/v3\\\/#website\",\"url\":\"https:\\\/\\\/cvinoticias.com\\\/v3\\\/\",\"name\":\"CVI NOTICIAS\",\"description\":\"\",\"publisher\":{\"@id\":\"https:\\\/\\\/cvinoticias.com\\\/v3\\\/#organization\"},\"alternateName\":\"CVI\",\"potentialAction\":[{\"@type\":\"SearchAction\",\"target\":{\"@type\":\"EntryPoint\",\"urlTemplate\":\"https:\\\/\\\/cvinoticias.com\\\/v3\\\/?s={search_term_string}\"},\"query-input\":{\"@type\":\"PropertyValueSpecification\",\"valueRequired\":true,\"valueName\":\"search_term_string\"}}],\"inLanguage\":\"es\"},{\"@type\":\"Organization\",\"@id\":\"https:\\\/\\\/cvinoticias.com\\\/v3\\\/#organization\",\"name\":\"CVI NOTICIAS\",\"url\":\"https:\\\/\\\/cvinoticias.com\\\/v3\\\/\",\"logo\":{\"@type\":\"ImageObject\",\"inLanguage\":\"es\",\"@id\":\"https:\\\/\\\/cvinoticias.com\\\/v3\\\/#\\\/schema\\\/logo\\\/image\\\/\",\"url\":\"https:\\\/\\\/cvinoticias.com\\\/wp-content\\\/uploads\\\/2023\\\/04\\\/cropped-cropped-cropped-cropped-cropped-3-1.png\",\"contentUrl\":\"https:\\\/\\\/cvinoticias.com\\\/wp-content\\\/uploads\\\/2023\\\/04\\\/cropped-cropped-cropped-cropped-cropped-3-1.png\",\"width\":95,\"height\":122,\"caption\":\"CVI NOTICIAS\"},\"image\":{\"@id\":\"https:\\\/\\\/cvinoticias.com\\\/v3\\\/#\\\/schema\\\/logo\\\/image\\\/\"},\"sameAs\":[\"https:\\\/\\\/www.facebook.com\\\/cvinoticias\",\"https:\\\/\\\/www.instagram.com\\\/cvinoticias\\\/\",\"https:\\\/\\\/www.youtube.com\\\/@CVINOTICIAS\"]},{\"@type\":\"Person\",\"@id\":\"https:\\\/\\\/cvinoticias.com\\\/v3\\\/#\\\/schema\\\/person\\\/2db77e3c6bc03c538495d7b2b8be9b66\",\"name\":\"f1000024\",\"image\":{\"@type\":\"ImageObject\",\"inLanguage\":\"es\",\"@id\":\"https:\\\/\\\/secure.gravatar.com\\\/avatar\\\/d4fe7459cfc51ff5129ce1a732bbef5928568b8092d412ef95611616376bbeed?s=96&d=mm&r=g\",\"url\":\"https:\\\/\\\/secure.gravatar.com\\\/avatar\\\/d4fe7459cfc51ff5129ce1a732bbef5928568b8092d412ef95611616376bbeed?s=96&d=mm&r=g\",\"contentUrl\":\"https:\\\/\\\/secure.gravatar.com\\\/avatar\\\/d4fe7459cfc51ff5129ce1a732bbef5928568b8092d412ef95611616376bbeed?s=96&d=mm&r=g\",\"caption\":\"f1000024\"},\"url\":\"https:\\\/\\\/cvinoticias.com\\\/v3\\\/author\\\/f1000024\\\/\"}]}<\/script>\n<!-- \/ Yoast SEO plugin. -->","yoast_head_json":{"title":"Previsi\u00f3n del tiempo en Misiones del 15 al 17 de septiembre | CVI NOTICIAS","description":"El clima en Misiones entre el 15 y el 17 de septiembre: inestabilidad, mejoras y temperaturas en ascenso.","robots":{"index":"index","follow":"follow","max-snippet":"max-snippet:-1","max-image-preview":"max-image-preview:large","max-video-preview":"max-video-preview:-1"},"canonical":"https:\/\/cvinoticias.com\/v3\/prevision-del-tiempo-en-misiones-jornadas-inestables-y-ascenso-de-temperaturas\/","og_locale":"es_ES","og_type":"article","og_title":"Previsi\u00f3n del tiempo en Misiones del 15 al 17 de septiembre | CVI NOTICIAS","og_description":"El clima en Misiones entre el 15 y el 17 de septiembre: inestabilidad, mejoras y temperaturas en ascenso.","og_url":"https:\/\/cvinoticias.com\/v3\/prevision-del-tiempo-en-misiones-jornadas-inestables-y-ascenso-de-temperaturas\/","og_site_name":"CVI NOTICIAS","article_publisher":"https:\/\/www.facebook.com\/cvinoticias","article_published_time":"2025-09-15T10:41:11+00:00","article_modified_time":"2025-09-15T10:41:12+00:00","og_image":[{"width":789,"height":767,"url":"https:\/\/cvinoticias.com\/wp-content\/uploads\/2025\/09\/1000252926.jpg","type":"image\/jpeg"}],"author":"f1000024","twitter_card":"summary_large_image","twitter_misc":{"Escrito por":"f1000024","Tiempo de lectura":"3 minutos"},"schema":{"@context":"https:\/\/schema.org","@graph":[{"@type":"Article","@id":"https:\/\/cvinoticias.com\/v3\/prevision-del-tiempo-en-misiones-jornadas-inestables-y-ascenso-de-temperaturas\/#article","isPartOf":{"@id":"https:\/\/cvinoticias.com\/v3\/prevision-del-tiempo-en-misiones-jornadas-inestables-y-ascenso-de-temperaturas\/"},"author":{"name":"f1000024","@id":"https:\/\/cvinoticias.com\/v3\/#\/schema\/person\/2db77e3c6bc03c538495d7b2b8be9b66"},"headline":"Previsi\u00f3n del tiempo en Misiones: jornadas inestables y ascenso de temperaturas","datePublished":"2025-09-15T10:41:11+00:00","dateModified":"2025-09-15T10:41:12+00:00","mainEntityOfPage":{"@id":"https:\/\/cvinoticias.com\/v3\/prevision-del-tiempo-en-misiones-jornadas-inestables-y-ascenso-de-temperaturas\/"},"wordCount":435,"commentCount":0,"publisher":{"@id":"https:\/\/cvinoticias.com\/v3\/#organization"},"image":{"@id":"https:\/\/cvinoticias.com\/v3\/prevision-del-tiempo-en-misiones-jornadas-inestables-y-ascenso-de-temperaturas\/#primaryimage"},"thumbnailUrl":"https:\/\/cvinoticias.com\/wp-content\/uploads\/2025\/09\/1000252926.jpg","keywords":["Clima","Misiones","Previsi\u00f3n"],"articleSection":["Tiempo"],"inLanguage":"es","potentialAction":[{"@type":"CommentAction","name":"Comment","target":["https:\/\/cvinoticias.com\/v3\/prevision-del-tiempo-en-misiones-jornadas-inestables-y-ascenso-de-temperaturas\/#respond"]}]},{"@type":"WebPage","@id":"https:\/\/cvinoticias.com\/v3\/prevision-del-tiempo-en-misiones-jornadas-inestables-y-ascenso-de-temperaturas\/","url":"https:\/\/cvinoticias.com\/v3\/prevision-del-tiempo-en-misiones-jornadas-inestables-y-ascenso-de-temperaturas\/","name":"Previsi\u00f3n del tiempo en Misiones del 15 al 17 de septiembre | CVI NOTICIAS","isPartOf":{"@id":"https:\/\/cvinoticias.com\/v3\/#website"},"primaryImageOfPage":{"@id":"https:\/\/cvinoticias.com\/v3\/prevision-del-tiempo-en-misiones-jornadas-inestables-y-ascenso-de-temperaturas\/#primaryimage"},"image":{"@id":"https:\/\/cvinoticias.com\/v3\/prevision-del-tiempo-en-misiones-jornadas-inestables-y-ascenso-de-temperaturas\/#primaryimage"},"thumbnailUrl":"https:\/\/cvinoticias.com\/wp-content\/uploads\/2025\/09\/1000252926.jpg","datePublished":"2025-09-15T10:41:11+00:00","dateModified":"2025-09-15T10:41:12+00:00","description":"El clima en Misiones entre el 15 y el 17 de septiembre: inestabilidad, mejoras y temperaturas en ascenso.","breadcrumb":{"@id":"https:\/\/cvinoticias.com\/v3\/prevision-del-tiempo-en-misiones-jornadas-inestables-y-ascenso-de-temperaturas\/#breadcrumb"},"inLanguage":"es","potentialAction":[{"@type":"ReadAction","target":["https:\/\/cvinoticias.com\/v3\/prevision-del-tiempo-en-misiones-jornadas-inestables-y-ascenso-de-temperaturas\/"]}]},{"@type":"ImageObject","inLanguage":"es","@id":"https:\/\/cvinoticias.com\/v3\/prevision-del-tiempo-en-misiones-jornadas-inestables-y-ascenso-de-temperaturas\/#primaryimage","url":"https:\/\/cvinoticias.com\/wp-content\/uploads\/2025\/09\/1000252926.jpg","contentUrl":"https:\/\/cvinoticias.com\/wp-content\/uploads\/2025\/09\/1000252926.jpg","width":789,"height":767},{"@type":"BreadcrumbList","@id":"https:\/\/cvinoticias.com\/v3\/prevision-del-tiempo-en-misiones-jornadas-inestables-y-ascenso-de-temperaturas\/#breadcrumb","itemListElement":[{"@type":"ListItem","position":1,"name":"Portada","item":"https:\/\/cvinoticias.com\/v3\/"},{"@type":"ListItem","position":2,"name":"Previsi\u00f3n del tiempo en Misiones: jornadas inestables y ascenso de temperaturas"}]},{"@type":"WebSite","@id":"https:\/\/cvinoticias.com\/v3\/#website","url":"https:\/\/cvinoticias.com\/v3\/","name":"CVI NOTICIAS","description":"","publisher":{"@id":"https:\/\/cvinoticias.com\/v3\/#organization"},"alternateName":"CVI","potentialAction":[{"@type":"SearchAction","target":{"@type":"EntryPoint","urlTemplate":"https:\/\/cvinoticias.com\/v3\/?s={search_term_string}"},"query-input":{"@type":"PropertyValueSpecification","valueRequired":true,"valueName":"search_term_string"}}],"inLanguage":"es"},{"@type":"Organization","@id":"https:\/\/cvinoticias.com\/v3\/#organization","name":"CVI NOTICIAS","url":"https:\/\/cvinoticias.com\/v3\/","logo":{"@type":"ImageObject","inLanguage":"es","@id":"https:\/\/cvinoticias.com\/v3\/#\/schema\/logo\/image\/","url":"https:\/\/cvinoticias.com\/wp-content\/uploads\/2023\/04\/cropped-cropped-cropped-cropped-cropped-3-1.png","contentUrl":"https:\/\/cvinoticias.com\/wp-content\/uploads\/2023\/04\/cropped-cropped-cropped-cropped-cropped-3-1.png","width":95,"height":122,"caption":"CVI NOTICIAS"},"image":{"@id":"https:\/\/cvinoticias.com\/v3\/#\/schema\/logo\/image\/"},"sameAs":["https:\/\/www.facebook.com\/cvinoticias","https:\/\/www.instagram.com\/cvinoticias\/","https:\/\/www.youtube.com\/@CVINOTICIAS"]},{"@type":"Person","@id":"https:\/\/cvinoticias.com\/v3\/#\/schema\/person\/2db77e3c6bc03c538495d7b2b8be9b66","name":"f1000024","image":{"@type":"ImageObject","inLanguage":"es","@id":"https:\/\/secure.gravatar.com\/avatar\/d4fe7459cfc51ff5129ce1a732bbef5928568b8092d412ef95611616376bbeed?s=96&d=mm&r=g","url":"https:\/\/secure.gravatar.com\/avatar\/d4fe7459cfc51ff5129ce1a732bbef5928568b8092d412ef95611616376bbeed?s=96&d=mm&r=g","contentUrl":"https:\/\/secure.gravatar.com\/avatar\/d4fe7459cfc51ff5129ce1a732bbef5928568b8092d412ef95611616376bbeed?s=96&d=mm&r=g","caption":"f1000024"},"url":"https:\/\/cvinoticias.com\/v3\/author\/f1000024\/"}]}},"_links":{"self":[{"href":"https:\/\/cvinoticias.com\/v3\/wp-json\/wp\/v2\/posts\/48791","targetHints":{"allow":["GET"]}}],"collection":[{"href":"https:\/\/cvinoticias.com\/v3\/wp-json\/wp\/v2\/posts"}],"about":[{"href":"https:\/\/cvinoticias.com\/v3\/wp-json\/wp\/v2\/types\/post"}],"author":[{"embeddable":true,"href":"https:\/\/cvinoticias.com\/v3\/wp-json\/wp\/v2\/users\/2"}],"replies":[{"embeddable":true,"href":"https:\/\/cvinoticias.com\/v3\/wp-json\/wp\/v2\/comments?post=48791"}],"version-history":[{"count":1,"href":"https:\/\/cvinoticias.com\/v3\/wp-json\/wp\/v2\/posts\/48791\/revisions"}],"predecessor-version":[{"id":48794,"href":"https:\/\/cvinoticias.com\/v3\/wp-json\/wp\/v2\/posts\/48791\/revisions\/48794"}],"wp:featuredmedia":[{"embeddable":true,"href":"https:\/\/cvinoticias.com\/v3\/wp-json\/wp\/v2\/media\/48793"}],"wp:attachment":[{"href":"https:\/\/cvinoticias.com\/v3\/wp-json\/wp\/v2\/media?parent=48791"}],"wp:term":[{"taxonomy":"category","embeddable":true,"href":"https:\/\/cvinoticias.com\/v3\/wp-json\/wp\/v2\/categories?post=48791"},{"taxonomy":"post_tag","embeddable":true,"href":"https:\/\/cvinoticias.com\/v3\/wp-json\/wp\/v2\/tags?post=48791"}],"curies":[{"name":"wp","href":"https:\/\/api.w.org\/{rel}","templated":true}]}}