{"id":48749,"date":"2025-09-12T08:26:34","date_gmt":"2025-09-12T11:26:34","guid":{"rendered":"https:\/\/cvinoticias.com\/v3\/?p=48749"},"modified":"2025-09-12T08:26:35","modified_gmt":"2025-09-12T11:26:35","slug":"la-camara-de-representantes-aprobo-una-ley-integral-para-la-prevencion-del-suicidio-en-misiones","status":"publish","type":"post","link":"https:\/\/cvinoticias.com\/v3\/la-camara-de-representantes-aprobo-una-ley-integral-para-la-prevencion-del-suicidio-en-misiones\/","title":{"rendered":"La C\u00e1mara de Representantes aprob\u00f3 una ley integral para la prevenci\u00f3n del suicidio en Misiones"},"content":{"rendered":"\n<p>La C\u00e1mara de Representantes sesion\u00f3 este jueves y aprob\u00f3 diferentes leyes para la ciudadan\u00eda misionera. En ese marco, se instituy\u00f3 el mes de septiembre de cada a\u00f1o, como \u00abMes Provincial de la Prevenci\u00f3n del Suicidio\u00bb. Adem\u00e1s, la norma prev\u00e9 que se implemente una l\u00ednea telef\u00f3nica permanente y gratuita con caracter\u00edsticas abreviadas, que consta de tres d\u00edgitos, con el objetivo de garantizar el acceso efectivo e inmediato a la atenci\u00f3n de personas en situaci\u00f3n de crisis con riesgo suicida.&nbsp;<\/p>\n\n\n\n<p>Tambi\u00e9n se establecer\u00e1n capacitaciones, campa\u00f1as de difusi\u00f3n, programas digitales y todas las actividades tendientes a la prevenci\u00f3n del suicidio y con la promoci\u00f3n de la salud.<\/p>\n\n\n\n<p><strong>Cultura y deporte<\/strong><br>Asimismo, los diputados misioneros dieron el visto bueno a un proyecto de ley cultural y deportivo de gran relevancia para los vecinos de Concepci\u00f3n de la Sierra. Es as\u00ed que declararon Patrimonio Hist\u00f3rico, Cultural y Deportivo al Club Atl\u00e9tico Concepci\u00f3n de la localidad de Concepci\u00f3n de la Sierra. El proyecto, de la autor\u00eda del diputado Mart\u00edn Cesino y el acompa\u00f1amiento de otros legisladores del Frente Renovador, afirma que \u201cel club es considerado como el primer Club fundado sobre el actual territorio misionero, cuando Misiones a\u00fan no era considerada Provincia. Integra un selecto grupo de los clubes m\u00e1s antiguos de nuestro pa\u00eds. Por ello el presente proyecto de Ley busca reconocer al Club Atl\u00e9tico Concepci\u00f3n como el Decano de los Clubes Misioneros\u201d.&nbsp;<\/p>\n\n\n\n<p>Por otra parte, los legisladores aprobaron la rendici\u00f3n de cuentas anual de la gesti\u00f3n financiera y patrimonial correspondiente al ejercicio 2024 del Tribunal de Cuentas. Ello, tras pasar por el an\u00e1lisis de la Comisi\u00f3n Examinadora de la Gesti\u00f3n Financiero Patrimonial del Tribunal de Cuentas de la Provincia.<\/p>\n","protected":false},"excerpt":{"rendered":"<p>La C\u00e1mara de Representantes sesion\u00f3 este jueves y aprob\u00f3 diferentes leyes para la ciudadan\u00eda misionera. En ese marco, se instituy\u00f3 el mes de septiembre de cada a\u00f1o, como \u00abMes Provincial de la Prevenci\u00f3n del Suicidio\u00bb. Adem\u00e1s, la norma prev\u00e9 que se implemente una l\u00ednea telef\u00f3nica permanente y gratuita con caracter\u00edsticas abreviadas, que consta de tres [&hellip;]<\/p>\n","protected":false},"author":2,"featured_media":48750,"comment_status":"open","ping_status":"closed","sticky":false,"template":"","format":"standard","meta":{"footnotes":""},"categories":[455],"tags":[108,326,1391],"class_list":["post-48749","post","type-post","status-publish","format-standard","has-post-thumbnail","hentry","category-misiones","tag-ley","tag-prevencion-2","tag-suicidio"],"yoast_head":"<!-- This site is optimized with the Yoast SEO plugin v27.4 - https:\/\/yoast.com\/product\/yoast-seo-wordpress\/ -->\n<title>Misiones aprob\u00f3 una ley integral para la prevenci\u00f3n del suicidio | CVI NOTICIAS<\/title>\n<meta name=\"description\" content=\"La C\u00e1mara de Representantes aprob\u00f3 una ley que declara septiembre como Mes de la Prevenci\u00f3n del Suicidio en Misiones.\" \/>\n<meta name=\"robots\" content=\"index, follow, max-snippet:-1, max-image-preview:large, max-video-preview:-1\" \/>\n<link rel=\"canonical\" href=\"https:\/\/cvinoticias.com\/v3\/la-camara-de-representantes-aprobo-una-ley-integral-para-la-prevencion-del-suicidio-en-misiones\/\" \/>\n<meta property=\"og:locale\" content=\"es_ES\" \/>\n<meta property=\"og:type\" content=\"article\" \/>\n<meta property=\"og:title\" content=\"Misiones aprob\u00f3 una ley integral para la prevenci\u00f3n del suicidio | CVI NOTICIAS\" \/>\n<meta property=\"og:description\" content=\"La C\u00e1mara de Representantes aprob\u00f3 una ley que declara septiembre como Mes de la Prevenci\u00f3n del Suicidio en Misiones.\" \/>\n<meta property=\"og:url\" content=\"https:\/\/cvinoticias.com\/v3\/la-camara-de-representantes-aprobo-una-ley-integral-para-la-prevencion-del-suicidio-en-misiones\/\" \/>\n<meta property=\"og:site_name\" content=\"CVI NOTICIAS\" \/>\n<meta property=\"article:publisher\" content=\"https:\/\/www.facebook.com\/cvinoticias\" \/>\n<meta property=\"article:published_time\" content=\"2025-09-12T11:26:34+00:00\" \/>\n<meta property=\"article:modified_time\" content=\"2025-09-12T11:26:35+00:00\" \/>\n<meta property=\"og:image\" content=\"https:\/\/cvinoticias.com\/wp-content\/uploads\/2025\/09\/md-84.webp\" \/>\n\t<meta property=\"og:image:width\" content=\"992\" \/>\n\t<meta property=\"og:image:height\" content=\"522\" \/>\n\t<meta property=\"og:image:type\" content=\"image\/webp\" \/>\n<meta name=\"author\" content=\"f1000024\" \/>\n<meta name=\"twitter:card\" content=\"summary_large_image\" \/>\n<meta name=\"twitter:label1\" content=\"Escrito por\" \/>\n\t<meta name=\"twitter:data1\" content=\"f1000024\" \/>\n\t<meta name=\"twitter:label2\" content=\"Tiempo de lectura\" \/>\n\t<meta name=\"twitter:data2\" content=\"2 minutos\" \/>\n<script type=\"application\/ld+json\" class=\"yoast-schema-graph\">{\"@context\":\"https:\\\/\\\/schema.org\",\"@graph\":[{\"@type\":\"Article\",\"@id\":\"https:\\\/\\\/cvinoticias.com\\\/v3\\\/la-camara-de-representantes-aprobo-una-ley-integral-para-la-prevencion-del-suicidio-en-misiones\\\/#article\",\"isPartOf\":{\"@id\":\"https:\\\/\\\/cvinoticias.com\\\/v3\\\/la-camara-de-representantes-aprobo-una-ley-integral-para-la-prevencion-del-suicidio-en-misiones\\\/\"},\"author\":{\"name\":\"f1000024\",\"@id\":\"https:\\\/\\\/cvinoticias.com\\\/v3\\\/#\\\/schema\\\/person\\\/2db77e3c6bc03c538495d7b2b8be9b66\"},\"headline\":\"La C\u00e1mara de Representantes aprob\u00f3 una ley integral para la prevenci\u00f3n del suicidio en Misiones\",\"datePublished\":\"2025-09-12T11:26:34+00:00\",\"dateModified\":\"2025-09-12T11:26:35+00:00\",\"mainEntityOfPage\":{\"@id\":\"https:\\\/\\\/cvinoticias.com\\\/v3\\\/la-camara-de-representantes-aprobo-una-ley-integral-para-la-prevencion-del-suicidio-en-misiones\\\/\"},\"wordCount\":328,\"commentCount\":0,\"publisher\":{\"@id\":\"https:\\\/\\\/cvinoticias.com\\\/v3\\\/#organization\"},\"image\":{\"@id\":\"https:\\\/\\\/cvinoticias.com\\\/v3\\\/la-camara-de-representantes-aprobo-una-ley-integral-para-la-prevencion-del-suicidio-en-misiones\\\/#primaryimage\"},\"thumbnailUrl\":\"https:\\\/\\\/cvinoticias.com\\\/wp-content\\\/uploads\\\/2025\\\/09\\\/md-84.webp\",\"keywords\":[\"ley\",\"Prevenci\u00f3n\",\"Suicidio\"],\"articleSection\":[\"Misiones\"],\"inLanguage\":\"es\",\"potentialAction\":[{\"@type\":\"CommentAction\",\"name\":\"Comment\",\"target\":[\"https:\\\/\\\/cvinoticias.com\\\/v3\\\/la-camara-de-representantes-aprobo-una-ley-integral-para-la-prevencion-del-suicidio-en-misiones\\\/#respond\"]}]},{\"@type\":\"WebPage\",\"@id\":\"https:\\\/\\\/cvinoticias.com\\\/v3\\\/la-camara-de-representantes-aprobo-una-ley-integral-para-la-prevencion-del-suicidio-en-misiones\\\/\",\"url\":\"https:\\\/\\\/cvinoticias.com\\\/v3\\\/la-camara-de-representantes-aprobo-una-ley-integral-para-la-prevencion-del-suicidio-en-misiones\\\/\",\"name\":\"Misiones aprob\u00f3 una ley integral para la prevenci\u00f3n del suicidio | CVI NOTICIAS\",\"isPartOf\":{\"@id\":\"https:\\\/\\\/cvinoticias.com\\\/v3\\\/#website\"},\"primaryImageOfPage\":{\"@id\":\"https:\\\/\\\/cvinoticias.com\\\/v3\\\/la-camara-de-representantes-aprobo-una-ley-integral-para-la-prevencion-del-suicidio-en-misiones\\\/#primaryimage\"},\"image\":{\"@id\":\"https:\\\/\\\/cvinoticias.com\\\/v3\\\/la-camara-de-representantes-aprobo-una-ley-integral-para-la-prevencion-del-suicidio-en-misiones\\\/#primaryimage\"},\"thumbnailUrl\":\"https:\\\/\\\/cvinoticias.com\\\/wp-content\\\/uploads\\\/2025\\\/09\\\/md-84.webp\",\"datePublished\":\"2025-09-12T11:26:34+00:00\",\"dateModified\":\"2025-09-12T11:26:35+00:00\",\"description\":\"La C\u00e1mara de Representantes aprob\u00f3 una ley que declara septiembre como Mes de la Prevenci\u00f3n del Suicidio en Misiones.\",\"breadcrumb\":{\"@id\":\"https:\\\/\\\/cvinoticias.com\\\/v3\\\/la-camara-de-representantes-aprobo-una-ley-integral-para-la-prevencion-del-suicidio-en-misiones\\\/#breadcrumb\"},\"inLanguage\":\"es\",\"potentialAction\":[{\"@type\":\"ReadAction\",\"target\":[\"https:\\\/\\\/cvinoticias.com\\\/v3\\\/la-camara-de-representantes-aprobo-una-ley-integral-para-la-prevencion-del-suicidio-en-misiones\\\/\"]}]},{\"@type\":\"ImageObject\",\"inLanguage\":\"es\",\"@id\":\"https:\\\/\\\/cvinoticias.com\\\/v3\\\/la-camara-de-representantes-aprobo-una-ley-integral-para-la-prevencion-del-suicidio-en-misiones\\\/#primaryimage\",\"url\":\"https:\\\/\\\/cvinoticias.com\\\/wp-content\\\/uploads\\\/2025\\\/09\\\/md-84.webp\",\"contentUrl\":\"https:\\\/\\\/cvinoticias.com\\\/wp-content\\\/uploads\\\/2025\\\/09\\\/md-84.webp\",\"width\":992,\"height\":522},{\"@type\":\"BreadcrumbList\",\"@id\":\"https:\\\/\\\/cvinoticias.com\\\/v3\\\/la-camara-de-representantes-aprobo-una-ley-integral-para-la-prevencion-del-suicidio-en-misiones\\\/#breadcrumb\",\"itemListElement\":[{\"@type\":\"ListItem\",\"position\":1,\"name\":\"Portada\",\"item\":\"https:\\\/\\\/cvinoticias.com\\\/v3\\\/\"},{\"@type\":\"ListItem\",\"position\":2,\"name\":\"La C\u00e1mara de Representantes aprob\u00f3 una ley integral para la prevenci\u00f3n del suicidio en Misiones\"}]},{\"@type\":\"WebSite\",\"@id\":\"https:\\\/\\\/cvinoticias.com\\\/v3\\\/#website\",\"url\":\"https:\\\/\\\/cvinoticias.com\\\/v3\\\/\",\"name\":\"CVI NOTICIAS\",\"description\":\"\",\"publisher\":{\"@id\":\"https:\\\/\\\/cvinoticias.com\\\/v3\\\/#organization\"},\"alternateName\":\"CVI\",\"potentialAction\":[{\"@type\":\"SearchAction\",\"target\":{\"@type\":\"EntryPoint\",\"urlTemplate\":\"https:\\\/\\\/cvinoticias.com\\\/v3\\\/?s={search_term_string}\"},\"query-input\":{\"@type\":\"PropertyValueSpecification\",\"valueRequired\":true,\"valueName\":\"search_term_string\"}}],\"inLanguage\":\"es\"},{\"@type\":\"Organization\",\"@id\":\"https:\\\/\\\/cvinoticias.com\\\/v3\\\/#organization\",\"name\":\"CVI NOTICIAS\",\"url\":\"https:\\\/\\\/cvinoticias.com\\\/v3\\\/\",\"logo\":{\"@type\":\"ImageObject\",\"inLanguage\":\"es\",\"@id\":\"https:\\\/\\\/cvinoticias.com\\\/v3\\\/#\\\/schema\\\/logo\\\/image\\\/\",\"url\":\"https:\\\/\\\/cvinoticias.com\\\/wp-content\\\/uploads\\\/2023\\\/04\\\/cropped-cropped-cropped-cropped-cropped-3-1.png\",\"contentUrl\":\"https:\\\/\\\/cvinoticias.com\\\/wp-content\\\/uploads\\\/2023\\\/04\\\/cropped-cropped-cropped-cropped-cropped-3-1.png\",\"width\":95,\"height\":122,\"caption\":\"CVI NOTICIAS\"},\"image\":{\"@id\":\"https:\\\/\\\/cvinoticias.com\\\/v3\\\/#\\\/schema\\\/logo\\\/image\\\/\"},\"sameAs\":[\"https:\\\/\\\/www.facebook.com\\\/cvinoticias\",\"https:\\\/\\\/www.instagram.com\\\/cvinoticias\\\/\",\"https:\\\/\\\/www.youtube.com\\\/@CVINOTICIAS\"]},{\"@type\":\"Person\",\"@id\":\"https:\\\/\\\/cvinoticias.com\\\/v3\\\/#\\\/schema\\\/person\\\/2db77e3c6bc03c538495d7b2b8be9b66\",\"name\":\"f1000024\",\"image\":{\"@type\":\"ImageObject\",\"inLanguage\":\"es\",\"@id\":\"https:\\\/\\\/secure.gravatar.com\\\/avatar\\\/d4fe7459cfc51ff5129ce1a732bbef5928568b8092d412ef95611616376bbeed?s=96&d=mm&r=g\",\"url\":\"https:\\\/\\\/secure.gravatar.com\\\/avatar\\\/d4fe7459cfc51ff5129ce1a732bbef5928568b8092d412ef95611616376bbeed?s=96&d=mm&r=g\",\"contentUrl\":\"https:\\\/\\\/secure.gravatar.com\\\/avatar\\\/d4fe7459cfc51ff5129ce1a732bbef5928568b8092d412ef95611616376bbeed?s=96&d=mm&r=g\",\"caption\":\"f1000024\"},\"url\":\"https:\\\/\\\/cvinoticias.com\\\/v3\\\/author\\\/f1000024\\\/\"}]}<\/script>\n<!-- \/ Yoast SEO plugin. -->","yoast_head_json":{"title":"Misiones aprob\u00f3 una ley integral para la prevenci\u00f3n del suicidio | CVI NOTICIAS","description":"La C\u00e1mara de Representantes aprob\u00f3 una ley que declara septiembre como Mes de la Prevenci\u00f3n del Suicidio en Misiones.","robots":{"index":"index","follow":"follow","max-snippet":"max-snippet:-1","max-image-preview":"max-image-preview:large","max-video-preview":"max-video-preview:-1"},"canonical":"https:\/\/cvinoticias.com\/v3\/la-camara-de-representantes-aprobo-una-ley-integral-para-la-prevencion-del-suicidio-en-misiones\/","og_locale":"es_ES","og_type":"article","og_title":"Misiones aprob\u00f3 una ley integral para la prevenci\u00f3n del suicidio | CVI NOTICIAS","og_description":"La C\u00e1mara de Representantes aprob\u00f3 una ley que declara septiembre como Mes de la Prevenci\u00f3n del Suicidio en Misiones.","og_url":"https:\/\/cvinoticias.com\/v3\/la-camara-de-representantes-aprobo-una-ley-integral-para-la-prevencion-del-suicidio-en-misiones\/","og_site_name":"CVI NOTICIAS","article_publisher":"https:\/\/www.facebook.com\/cvinoticias","article_published_time":"2025-09-12T11:26:34+00:00","article_modified_time":"2025-09-12T11:26:35+00:00","og_image":[{"width":992,"height":522,"url":"https:\/\/cvinoticias.com\/wp-content\/uploads\/2025\/09\/md-84.webp","type":"image\/webp"}],"author":"f1000024","twitter_card":"summary_large_image","twitter_misc":{"Escrito por":"f1000024","Tiempo de lectura":"2 minutos"},"schema":{"@context":"https:\/\/schema.org","@graph":[{"@type":"Article","@id":"https:\/\/cvinoticias.com\/v3\/la-camara-de-representantes-aprobo-una-ley-integral-para-la-prevencion-del-suicidio-en-misiones\/#article","isPartOf":{"@id":"https:\/\/cvinoticias.com\/v3\/la-camara-de-representantes-aprobo-una-ley-integral-para-la-prevencion-del-suicidio-en-misiones\/"},"author":{"name":"f1000024","@id":"https:\/\/cvinoticias.com\/v3\/#\/schema\/person\/2db77e3c6bc03c538495d7b2b8be9b66"},"headline":"La C\u00e1mara de Representantes aprob\u00f3 una ley integral para la prevenci\u00f3n del suicidio en Misiones","datePublished":"2025-09-12T11:26:34+00:00","dateModified":"2025-09-12T11:26:35+00:00","mainEntityOfPage":{"@id":"https:\/\/cvinoticias.com\/v3\/la-camara-de-representantes-aprobo-una-ley-integral-para-la-prevencion-del-suicidio-en-misiones\/"},"wordCount":328,"commentCount":0,"publisher":{"@id":"https:\/\/cvinoticias.com\/v3\/#organization"},"image":{"@id":"https:\/\/cvinoticias.com\/v3\/la-camara-de-representantes-aprobo-una-ley-integral-para-la-prevencion-del-suicidio-en-misiones\/#primaryimage"},"thumbnailUrl":"https:\/\/cvinoticias.com\/wp-content\/uploads\/2025\/09\/md-84.webp","keywords":["ley","Prevenci\u00f3n","Suicidio"],"articleSection":["Misiones"],"inLanguage":"es","potentialAction":[{"@type":"CommentAction","name":"Comment","target":["https:\/\/cvinoticias.com\/v3\/la-camara-de-representantes-aprobo-una-ley-integral-para-la-prevencion-del-suicidio-en-misiones\/#respond"]}]},{"@type":"WebPage","@id":"https:\/\/cvinoticias.com\/v3\/la-camara-de-representantes-aprobo-una-ley-integral-para-la-prevencion-del-suicidio-en-misiones\/","url":"https:\/\/cvinoticias.com\/v3\/la-camara-de-representantes-aprobo-una-ley-integral-para-la-prevencion-del-suicidio-en-misiones\/","name":"Misiones aprob\u00f3 una ley integral para la prevenci\u00f3n del suicidio | CVI NOTICIAS","isPartOf":{"@id":"https:\/\/cvinoticias.com\/v3\/#website"},"primaryImageOfPage":{"@id":"https:\/\/cvinoticias.com\/v3\/la-camara-de-representantes-aprobo-una-ley-integral-para-la-prevencion-del-suicidio-en-misiones\/#primaryimage"},"image":{"@id":"https:\/\/cvinoticias.com\/v3\/la-camara-de-representantes-aprobo-una-ley-integral-para-la-prevencion-del-suicidio-en-misiones\/#primaryimage"},"thumbnailUrl":"https:\/\/cvinoticias.com\/wp-content\/uploads\/2025\/09\/md-84.webp","datePublished":"2025-09-12T11:26:34+00:00","dateModified":"2025-09-12T11:26:35+00:00","description":"La C\u00e1mara de Representantes aprob\u00f3 una ley que declara septiembre como Mes de la Prevenci\u00f3n del Suicidio en Misiones.","breadcrumb":{"@id":"https:\/\/cvinoticias.com\/v3\/la-camara-de-representantes-aprobo-una-ley-integral-para-la-prevencion-del-suicidio-en-misiones\/#breadcrumb"},"inLanguage":"es","potentialAction":[{"@type":"ReadAction","target":["https:\/\/cvinoticias.com\/v3\/la-camara-de-representantes-aprobo-una-ley-integral-para-la-prevencion-del-suicidio-en-misiones\/"]}]},{"@type":"ImageObject","inLanguage":"es","@id":"https:\/\/cvinoticias.com\/v3\/la-camara-de-representantes-aprobo-una-ley-integral-para-la-prevencion-del-suicidio-en-misiones\/#primaryimage","url":"https:\/\/cvinoticias.com\/wp-content\/uploads\/2025\/09\/md-84.webp","contentUrl":"https:\/\/cvinoticias.com\/wp-content\/uploads\/2025\/09\/md-84.webp","width":992,"height":522},{"@type":"BreadcrumbList","@id":"https:\/\/cvinoticias.com\/v3\/la-camara-de-representantes-aprobo-una-ley-integral-para-la-prevencion-del-suicidio-en-misiones\/#breadcrumb","itemListElement":[{"@type":"ListItem","position":1,"name":"Portada","item":"https:\/\/cvinoticias.com\/v3\/"},{"@type":"ListItem","position":2,"name":"La C\u00e1mara de Representantes aprob\u00f3 una ley integral para la prevenci\u00f3n del suicidio en Misiones"}]},{"@type":"WebSite","@id":"https:\/\/cvinoticias.com\/v3\/#website","url":"https:\/\/cvinoticias.com\/v3\/","name":"CVI NOTICIAS","description":"","publisher":{"@id":"https:\/\/cvinoticias.com\/v3\/#organization"},"alternateName":"CVI","potentialAction":[{"@type":"SearchAction","target":{"@type":"EntryPoint","urlTemplate":"https:\/\/cvinoticias.com\/v3\/?s={search_term_string}"},"query-input":{"@type":"PropertyValueSpecification","valueRequired":true,"valueName":"search_term_string"}}],"inLanguage":"es"},{"@type":"Organization","@id":"https:\/\/cvinoticias.com\/v3\/#organization","name":"CVI NOTICIAS","url":"https:\/\/cvinoticias.com\/v3\/","logo":{"@type":"ImageObject","inLanguage":"es","@id":"https:\/\/cvinoticias.com\/v3\/#\/schema\/logo\/image\/","url":"https:\/\/cvinoticias.com\/wp-content\/uploads\/2023\/04\/cropped-cropped-cropped-cropped-cropped-3-1.png","contentUrl":"https:\/\/cvinoticias.com\/wp-content\/uploads\/2023\/04\/cropped-cropped-cropped-cropped-cropped-3-1.png","width":95,"height":122,"caption":"CVI NOTICIAS"},"image":{"@id":"https:\/\/cvinoticias.com\/v3\/#\/schema\/logo\/image\/"},"sameAs":["https:\/\/www.facebook.com\/cvinoticias","https:\/\/www.instagram.com\/cvinoticias\/","https:\/\/www.youtube.com\/@CVINOTICIAS"]},{"@type":"Person","@id":"https:\/\/cvinoticias.com\/v3\/#\/schema\/person\/2db77e3c6bc03c538495d7b2b8be9b66","name":"f1000024","image":{"@type":"ImageObject","inLanguage":"es","@id":"https:\/\/secure.gravatar.com\/avatar\/d4fe7459cfc51ff5129ce1a732bbef5928568b8092d412ef95611616376bbeed?s=96&d=mm&r=g","url":"https:\/\/secure.gravatar.com\/avatar\/d4fe7459cfc51ff5129ce1a732bbef5928568b8092d412ef95611616376bbeed?s=96&d=mm&r=g","contentUrl":"https:\/\/secure.gravatar.com\/avatar\/d4fe7459cfc51ff5129ce1a732bbef5928568b8092d412ef95611616376bbeed?s=96&d=mm&r=g","caption":"f1000024"},"url":"https:\/\/cvinoticias.com\/v3\/author\/f1000024\/"}]}},"_links":{"self":[{"href":"https:\/\/cvinoticias.com\/v3\/wp-json\/wp\/v2\/posts\/48749","targetHints":{"allow":["GET"]}}],"collection":[{"href":"https:\/\/cvinoticias.com\/v3\/wp-json\/wp\/v2\/posts"}],"about":[{"href":"https:\/\/cvinoticias.com\/v3\/wp-json\/wp\/v2\/types\/post"}],"author":[{"embeddable":true,"href":"https:\/\/cvinoticias.com\/v3\/wp-json\/wp\/v2\/users\/2"}],"replies":[{"embeddable":true,"href":"https:\/\/cvinoticias.com\/v3\/wp-json\/wp\/v2\/comments?post=48749"}],"version-history":[{"count":1,"href":"https:\/\/cvinoticias.com\/v3\/wp-json\/wp\/v2\/posts\/48749\/revisions"}],"predecessor-version":[{"id":48751,"href":"https:\/\/cvinoticias.com\/v3\/wp-json\/wp\/v2\/posts\/48749\/revisions\/48751"}],"wp:featuredmedia":[{"embeddable":true,"href":"https:\/\/cvinoticias.com\/v3\/wp-json\/wp\/v2\/media\/48750"}],"wp:attachment":[{"href":"https:\/\/cvinoticias.com\/v3\/wp-json\/wp\/v2\/media?parent=48749"}],"wp:term":[{"taxonomy":"category","embeddable":true,"href":"https:\/\/cvinoticias.com\/v3\/wp-json\/wp\/v2\/categories?post=48749"},{"taxonomy":"post_tag","embeddable":true,"href":"https:\/\/cvinoticias.com\/v3\/wp-json\/wp\/v2\/tags?post=48749"}],"curies":[{"name":"wp","href":"https:\/\/api.w.org\/{rel}","templated":true}]}}