{"id":48689,"date":"2025-09-10T14:29:47","date_gmt":"2025-09-10T17:29:47","guid":{"rendered":"https:\/\/cvinoticias.com\/v3\/?p=48689"},"modified":"2025-09-11T08:10:14","modified_gmt":"2025-09-11T11:10:14","slug":"detenido-por-agredir-y-amenazar-de-muerte-a-su-ex-pareja","status":"publish","type":"post","link":"https:\/\/cvinoticias.com\/v3\/detenido-por-agredir-y-amenazar-de-muerte-a-su-ex-pareja\/","title":{"rendered":"Detenido por agredir y amenazar de muerte a su ex pareja"},"content":{"rendered":"\n<p>En la ma\u00f1ana de este martes, efectivos de la Comisar\u00eda de la Mujer de Puerto Iguaz\u00fa detuvieron a un hombre de 33 a\u00f1os, identificado como Santiago P., en el barrio Villa Alta, acusado de un hecho de violencia de g\u00e9nero contra su ex pareja.<\/p>\n\n\n\n<p>La v\u00edctima, una mujer de 35 a\u00f1os, denunci\u00f3 que d\u00edas atr\u00e1s el agresor \u2014con quien mantuvo una relaci\u00f3n de aproximadamente un a\u00f1o\u2014 se present\u00f3 en su domicilio portando un cuchillo. Tras una discusi\u00f3n, la atac\u00f3 f\u00edsicamente provoc\u00e1ndole varias lesiones y la amenaz\u00f3 de muerte, generando temor por su integridad y la de su familia.<\/p>\n\n\n\n<p>La mujer fue atendida por el m\u00e9dico policial, quien constat\u00f3 las lesiones sufridas.<\/p>\n\n\n\n<p>Con apoyo de otras dependencias policiales, el acusado fue aprehendido en la ma\u00f1ana de hoy y trasladado a la dependencia correspondiente, quedando a disposici\u00f3n de la Justicia en el marco de la investigaci\u00f3n.<\/p>\n\n\n\n<p><\/p>\n","protected":false},"excerpt":{"rendered":"<p>En la ma\u00f1ana de este martes, efectivos de la Comisar\u00eda de la Mujer de Puerto Iguaz\u00fa detuvieron a un hombre de 33 a\u00f1os, identificado como Santiago P., en el barrio Villa Alta, acusado de un hecho de violencia de g\u00e9nero contra su ex pareja. La v\u00edctima, una mujer de 35 a\u00f1os, denunci\u00f3 que d\u00edas atr\u00e1s [&hellip;]<\/p>\n","protected":false},"author":2,"featured_media":48690,"comment_status":"open","ping_status":"closed","sticky":false,"template":"","format":"standard","meta":{"footnotes":""},"categories":[41],"tags":[3833,3834,530,313],"class_list":["post-48689","post","type-post","status-publish","format-standard","has-post-thumbnail","hentry","category-policiales","tag-agredir","tag-amenazar","tag-detenido","tag-iguazu"],"yoast_head":"<!-- This site is optimized with the Yoast SEO plugin v27.5 - https:\/\/yoast.com\/product\/yoast-seo-wordpress\/ -->\n<title>Detenido por agredir y amenazar de muerte a su ex pareja | CVI NOTICIAS<\/title>\n<meta name=\"description\" content=\"Un hombre de 33 a\u00f1os fue detenido en Iguaz\u00fa tras agredir y amenazar de muerte a su ex pareja. Qued\u00f3 a disposici\u00f3n de la Justicia.\" \/>\n<meta name=\"robots\" content=\"index, follow, max-snippet:-1, max-image-preview:large, max-video-preview:-1\" \/>\n<link rel=\"canonical\" href=\"https:\/\/cvinoticias.com\/v3\/detenido-por-agredir-y-amenazar-de-muerte-a-su-ex-pareja\/\" \/>\n<meta property=\"og:locale\" content=\"es_ES\" \/>\n<meta property=\"og:type\" content=\"article\" \/>\n<meta property=\"og:title\" content=\"Detenido por agredir y amenazar de muerte a su ex pareja | CVI NOTICIAS\" \/>\n<meta property=\"og:description\" content=\"Un hombre de 33 a\u00f1os fue detenido en Iguaz\u00fa tras agredir y amenazar de muerte a su ex pareja. Qued\u00f3 a disposici\u00f3n de la Justicia.\" \/>\n<meta property=\"og:url\" content=\"https:\/\/cvinoticias.com\/v3\/detenido-por-agredir-y-amenazar-de-muerte-a-su-ex-pareja\/\" \/>\n<meta property=\"og:site_name\" content=\"CVI NOTICIAS\" \/>\n<meta property=\"article:publisher\" content=\"https:\/\/www.facebook.com\/cvinoticias\" \/>\n<meta property=\"article:published_time\" content=\"2025-09-10T17:29:47+00:00\" \/>\n<meta property=\"article:modified_time\" content=\"2025-09-11T11:10:14+00:00\" \/>\n<meta property=\"og:image\" content=\"https:\/\/cvinoticias.com\/wp-content\/uploads\/2025\/09\/detnido.jpg\" \/>\n\t<meta property=\"og:image:width\" content=\"899\" \/>\n\t<meta property=\"og:image:height\" content=\"1599\" \/>\n\t<meta property=\"og:image:type\" content=\"image\/jpeg\" \/>\n<meta name=\"author\" content=\"f1000024\" \/>\n<meta name=\"twitter:card\" content=\"summary_large_image\" \/>\n<meta name=\"twitter:label1\" content=\"Escrito por\" \/>\n\t<meta name=\"twitter:data1\" content=\"f1000024\" \/>\n\t<meta name=\"twitter:label2\" content=\"Tiempo de lectura\" \/>\n\t<meta name=\"twitter:data2\" content=\"1 minuto\" \/>\n<script type=\"application\/ld+json\" class=\"yoast-schema-graph\">{\"@context\":\"https:\\\/\\\/schema.org\",\"@graph\":[{\"@type\":\"Article\",\"@id\":\"https:\\\/\\\/cvinoticias.com\\\/v3\\\/detenido-por-agredir-y-amenazar-de-muerte-a-su-ex-pareja\\\/#article\",\"isPartOf\":{\"@id\":\"https:\\\/\\\/cvinoticias.com\\\/v3\\\/detenido-por-agredir-y-amenazar-de-muerte-a-su-ex-pareja\\\/\"},\"author\":{\"name\":\"f1000024\",\"@id\":\"https:\\\/\\\/cvinoticias.com\\\/v3\\\/#\\\/schema\\\/person\\\/2db77e3c6bc03c538495d7b2b8be9b66\"},\"headline\":\"Detenido por agredir y amenazar de muerte a su ex pareja\",\"datePublished\":\"2025-09-10T17:29:47+00:00\",\"dateModified\":\"2025-09-11T11:10:14+00:00\",\"mainEntityOfPage\":{\"@id\":\"https:\\\/\\\/cvinoticias.com\\\/v3\\\/detenido-por-agredir-y-amenazar-de-muerte-a-su-ex-pareja\\\/\"},\"wordCount\":170,\"commentCount\":0,\"publisher\":{\"@id\":\"https:\\\/\\\/cvinoticias.com\\\/v3\\\/#organization\"},\"image\":{\"@id\":\"https:\\\/\\\/cvinoticias.com\\\/v3\\\/detenido-por-agredir-y-amenazar-de-muerte-a-su-ex-pareja\\\/#primaryimage\"},\"thumbnailUrl\":\"https:\\\/\\\/cvinoticias.com\\\/wp-content\\\/uploads\\\/2025\\\/09\\\/detnido.jpg\",\"keywords\":[\"agredir\",\"amenazar\",\"Detenido\",\"Iguaz\u00fa\"],\"articleSection\":[\"Policiales\"],\"inLanguage\":\"es\",\"potentialAction\":[{\"@type\":\"CommentAction\",\"name\":\"Comment\",\"target\":[\"https:\\\/\\\/cvinoticias.com\\\/v3\\\/detenido-por-agredir-y-amenazar-de-muerte-a-su-ex-pareja\\\/#respond\"]}]},{\"@type\":\"WebPage\",\"@id\":\"https:\\\/\\\/cvinoticias.com\\\/v3\\\/detenido-por-agredir-y-amenazar-de-muerte-a-su-ex-pareja\\\/\",\"url\":\"https:\\\/\\\/cvinoticias.com\\\/v3\\\/detenido-por-agredir-y-amenazar-de-muerte-a-su-ex-pareja\\\/\",\"name\":\"Detenido por agredir y amenazar de muerte a su ex pareja | CVI NOTICIAS\",\"isPartOf\":{\"@id\":\"https:\\\/\\\/cvinoticias.com\\\/v3\\\/#website\"},\"primaryImageOfPage\":{\"@id\":\"https:\\\/\\\/cvinoticias.com\\\/v3\\\/detenido-por-agredir-y-amenazar-de-muerte-a-su-ex-pareja\\\/#primaryimage\"},\"image\":{\"@id\":\"https:\\\/\\\/cvinoticias.com\\\/v3\\\/detenido-por-agredir-y-amenazar-de-muerte-a-su-ex-pareja\\\/#primaryimage\"},\"thumbnailUrl\":\"https:\\\/\\\/cvinoticias.com\\\/wp-content\\\/uploads\\\/2025\\\/09\\\/detnido.jpg\",\"datePublished\":\"2025-09-10T17:29:47+00:00\",\"dateModified\":\"2025-09-11T11:10:14+00:00\",\"description\":\"Un hombre de 33 a\u00f1os fue detenido en Iguaz\u00fa tras agredir y amenazar de muerte a su ex pareja. Qued\u00f3 a disposici\u00f3n de la Justicia.\",\"breadcrumb\":{\"@id\":\"https:\\\/\\\/cvinoticias.com\\\/v3\\\/detenido-por-agredir-y-amenazar-de-muerte-a-su-ex-pareja\\\/#breadcrumb\"},\"inLanguage\":\"es\",\"potentialAction\":[{\"@type\":\"ReadAction\",\"target\":[\"https:\\\/\\\/cvinoticias.com\\\/v3\\\/detenido-por-agredir-y-amenazar-de-muerte-a-su-ex-pareja\\\/\"]}]},{\"@type\":\"ImageObject\",\"inLanguage\":\"es\",\"@id\":\"https:\\\/\\\/cvinoticias.com\\\/v3\\\/detenido-por-agredir-y-amenazar-de-muerte-a-su-ex-pareja\\\/#primaryimage\",\"url\":\"https:\\\/\\\/cvinoticias.com\\\/wp-content\\\/uploads\\\/2025\\\/09\\\/detnido.jpg\",\"contentUrl\":\"https:\\\/\\\/cvinoticias.com\\\/wp-content\\\/uploads\\\/2025\\\/09\\\/detnido.jpg\",\"width\":899,\"height\":1599},{\"@type\":\"BreadcrumbList\",\"@id\":\"https:\\\/\\\/cvinoticias.com\\\/v3\\\/detenido-por-agredir-y-amenazar-de-muerte-a-su-ex-pareja\\\/#breadcrumb\",\"itemListElement\":[{\"@type\":\"ListItem\",\"position\":1,\"name\":\"Portada\",\"item\":\"https:\\\/\\\/cvinoticias.com\\\/v3\\\/\"},{\"@type\":\"ListItem\",\"position\":2,\"name\":\"Detenido por agredir y amenazar de muerte a su ex pareja\"}]},{\"@type\":\"WebSite\",\"@id\":\"https:\\\/\\\/cvinoticias.com\\\/v3\\\/#website\",\"url\":\"https:\\\/\\\/cvinoticias.com\\\/v3\\\/\",\"name\":\"CVI NOTICIAS\",\"description\":\"\",\"publisher\":{\"@id\":\"https:\\\/\\\/cvinoticias.com\\\/v3\\\/#organization\"},\"alternateName\":\"CVI\",\"potentialAction\":[{\"@type\":\"SearchAction\",\"target\":{\"@type\":\"EntryPoint\",\"urlTemplate\":\"https:\\\/\\\/cvinoticias.com\\\/v3\\\/?s={search_term_string}\"},\"query-input\":{\"@type\":\"PropertyValueSpecification\",\"valueRequired\":true,\"valueName\":\"search_term_string\"}}],\"inLanguage\":\"es\"},{\"@type\":\"Organization\",\"@id\":\"https:\\\/\\\/cvinoticias.com\\\/v3\\\/#organization\",\"name\":\"CVI NOTICIAS\",\"url\":\"https:\\\/\\\/cvinoticias.com\\\/v3\\\/\",\"logo\":{\"@type\":\"ImageObject\",\"inLanguage\":\"es\",\"@id\":\"https:\\\/\\\/cvinoticias.com\\\/v3\\\/#\\\/schema\\\/logo\\\/image\\\/\",\"url\":\"https:\\\/\\\/cvinoticias.com\\\/wp-content\\\/uploads\\\/2023\\\/04\\\/cropped-cropped-cropped-cropped-cropped-3-1.png\",\"contentUrl\":\"https:\\\/\\\/cvinoticias.com\\\/wp-content\\\/uploads\\\/2023\\\/04\\\/cropped-cropped-cropped-cropped-cropped-3-1.png\",\"width\":95,\"height\":122,\"caption\":\"CVI NOTICIAS\"},\"image\":{\"@id\":\"https:\\\/\\\/cvinoticias.com\\\/v3\\\/#\\\/schema\\\/logo\\\/image\\\/\"},\"sameAs\":[\"https:\\\/\\\/www.facebook.com\\\/cvinoticias\",\"https:\\\/\\\/www.instagram.com\\\/cvinoticias\\\/\",\"https:\\\/\\\/www.youtube.com\\\/@CVINOTICIAS\"]},{\"@type\":\"Person\",\"@id\":\"https:\\\/\\\/cvinoticias.com\\\/v3\\\/#\\\/schema\\\/person\\\/2db77e3c6bc03c538495d7b2b8be9b66\",\"name\":\"f1000024\",\"image\":{\"@type\":\"ImageObject\",\"inLanguage\":\"es\",\"@id\":\"https:\\\/\\\/secure.gravatar.com\\\/avatar\\\/d4fe7459cfc51ff5129ce1a732bbef5928568b8092d412ef95611616376bbeed?s=96&d=mm&r=g\",\"url\":\"https:\\\/\\\/secure.gravatar.com\\\/avatar\\\/d4fe7459cfc51ff5129ce1a732bbef5928568b8092d412ef95611616376bbeed?s=96&d=mm&r=g\",\"contentUrl\":\"https:\\\/\\\/secure.gravatar.com\\\/avatar\\\/d4fe7459cfc51ff5129ce1a732bbef5928568b8092d412ef95611616376bbeed?s=96&d=mm&r=g\",\"caption\":\"f1000024\"},\"url\":\"https:\\\/\\\/cvinoticias.com\\\/v3\\\/author\\\/f1000024\\\/\"}]}<\/script>\n<!-- \/ Yoast SEO plugin. -->","yoast_head_json":{"title":"Detenido por agredir y amenazar de muerte a su ex pareja | CVI NOTICIAS","description":"Un hombre de 33 a\u00f1os fue detenido en Iguaz\u00fa tras agredir y amenazar de muerte a su ex pareja. Qued\u00f3 a disposici\u00f3n de la Justicia.","robots":{"index":"index","follow":"follow","max-snippet":"max-snippet:-1","max-image-preview":"max-image-preview:large","max-video-preview":"max-video-preview:-1"},"canonical":"https:\/\/cvinoticias.com\/v3\/detenido-por-agredir-y-amenazar-de-muerte-a-su-ex-pareja\/","og_locale":"es_ES","og_type":"article","og_title":"Detenido por agredir y amenazar de muerte a su ex pareja | CVI NOTICIAS","og_description":"Un hombre de 33 a\u00f1os fue detenido en Iguaz\u00fa tras agredir y amenazar de muerte a su ex pareja. Qued\u00f3 a disposici\u00f3n de la Justicia.","og_url":"https:\/\/cvinoticias.com\/v3\/detenido-por-agredir-y-amenazar-de-muerte-a-su-ex-pareja\/","og_site_name":"CVI NOTICIAS","article_publisher":"https:\/\/www.facebook.com\/cvinoticias","article_published_time":"2025-09-10T17:29:47+00:00","article_modified_time":"2025-09-11T11:10:14+00:00","og_image":[{"width":899,"height":1599,"url":"https:\/\/cvinoticias.com\/wp-content\/uploads\/2025\/09\/detnido.jpg","type":"image\/jpeg"}],"author":"f1000024","twitter_card":"summary_large_image","twitter_misc":{"Escrito por":"f1000024","Tiempo de lectura":"1 minuto"},"schema":{"@context":"https:\/\/schema.org","@graph":[{"@type":"Article","@id":"https:\/\/cvinoticias.com\/v3\/detenido-por-agredir-y-amenazar-de-muerte-a-su-ex-pareja\/#article","isPartOf":{"@id":"https:\/\/cvinoticias.com\/v3\/detenido-por-agredir-y-amenazar-de-muerte-a-su-ex-pareja\/"},"author":{"name":"f1000024","@id":"https:\/\/cvinoticias.com\/v3\/#\/schema\/person\/2db77e3c6bc03c538495d7b2b8be9b66"},"headline":"Detenido por agredir y amenazar de muerte a su ex pareja","datePublished":"2025-09-10T17:29:47+00:00","dateModified":"2025-09-11T11:10:14+00:00","mainEntityOfPage":{"@id":"https:\/\/cvinoticias.com\/v3\/detenido-por-agredir-y-amenazar-de-muerte-a-su-ex-pareja\/"},"wordCount":170,"commentCount":0,"publisher":{"@id":"https:\/\/cvinoticias.com\/v3\/#organization"},"image":{"@id":"https:\/\/cvinoticias.com\/v3\/detenido-por-agredir-y-amenazar-de-muerte-a-su-ex-pareja\/#primaryimage"},"thumbnailUrl":"https:\/\/cvinoticias.com\/wp-content\/uploads\/2025\/09\/detnido.jpg","keywords":["agredir","amenazar","Detenido","Iguaz\u00fa"],"articleSection":["Policiales"],"inLanguage":"es","potentialAction":[{"@type":"CommentAction","name":"Comment","target":["https:\/\/cvinoticias.com\/v3\/detenido-por-agredir-y-amenazar-de-muerte-a-su-ex-pareja\/#respond"]}]},{"@type":"WebPage","@id":"https:\/\/cvinoticias.com\/v3\/detenido-por-agredir-y-amenazar-de-muerte-a-su-ex-pareja\/","url":"https:\/\/cvinoticias.com\/v3\/detenido-por-agredir-y-amenazar-de-muerte-a-su-ex-pareja\/","name":"Detenido por agredir y amenazar de muerte a su ex pareja | CVI NOTICIAS","isPartOf":{"@id":"https:\/\/cvinoticias.com\/v3\/#website"},"primaryImageOfPage":{"@id":"https:\/\/cvinoticias.com\/v3\/detenido-por-agredir-y-amenazar-de-muerte-a-su-ex-pareja\/#primaryimage"},"image":{"@id":"https:\/\/cvinoticias.com\/v3\/detenido-por-agredir-y-amenazar-de-muerte-a-su-ex-pareja\/#primaryimage"},"thumbnailUrl":"https:\/\/cvinoticias.com\/wp-content\/uploads\/2025\/09\/detnido.jpg","datePublished":"2025-09-10T17:29:47+00:00","dateModified":"2025-09-11T11:10:14+00:00","description":"Un hombre de 33 a\u00f1os fue detenido en Iguaz\u00fa tras agredir y amenazar de muerte a su ex pareja. Qued\u00f3 a disposici\u00f3n de la Justicia.","breadcrumb":{"@id":"https:\/\/cvinoticias.com\/v3\/detenido-por-agredir-y-amenazar-de-muerte-a-su-ex-pareja\/#breadcrumb"},"inLanguage":"es","potentialAction":[{"@type":"ReadAction","target":["https:\/\/cvinoticias.com\/v3\/detenido-por-agredir-y-amenazar-de-muerte-a-su-ex-pareja\/"]}]},{"@type":"ImageObject","inLanguage":"es","@id":"https:\/\/cvinoticias.com\/v3\/detenido-por-agredir-y-amenazar-de-muerte-a-su-ex-pareja\/#primaryimage","url":"https:\/\/cvinoticias.com\/wp-content\/uploads\/2025\/09\/detnido.jpg","contentUrl":"https:\/\/cvinoticias.com\/wp-content\/uploads\/2025\/09\/detnido.jpg","width":899,"height":1599},{"@type":"BreadcrumbList","@id":"https:\/\/cvinoticias.com\/v3\/detenido-por-agredir-y-amenazar-de-muerte-a-su-ex-pareja\/#breadcrumb","itemListElement":[{"@type":"ListItem","position":1,"name":"Portada","item":"https:\/\/cvinoticias.com\/v3\/"},{"@type":"ListItem","position":2,"name":"Detenido por agredir y amenazar de muerte a su ex pareja"}]},{"@type":"WebSite","@id":"https:\/\/cvinoticias.com\/v3\/#website","url":"https:\/\/cvinoticias.com\/v3\/","name":"CVI NOTICIAS","description":"","publisher":{"@id":"https:\/\/cvinoticias.com\/v3\/#organization"},"alternateName":"CVI","potentialAction":[{"@type":"SearchAction","target":{"@type":"EntryPoint","urlTemplate":"https:\/\/cvinoticias.com\/v3\/?s={search_term_string}"},"query-input":{"@type":"PropertyValueSpecification","valueRequired":true,"valueName":"search_term_string"}}],"inLanguage":"es"},{"@type":"Organization","@id":"https:\/\/cvinoticias.com\/v3\/#organization","name":"CVI NOTICIAS","url":"https:\/\/cvinoticias.com\/v3\/","logo":{"@type":"ImageObject","inLanguage":"es","@id":"https:\/\/cvinoticias.com\/v3\/#\/schema\/logo\/image\/","url":"https:\/\/cvinoticias.com\/wp-content\/uploads\/2023\/04\/cropped-cropped-cropped-cropped-cropped-3-1.png","contentUrl":"https:\/\/cvinoticias.com\/wp-content\/uploads\/2023\/04\/cropped-cropped-cropped-cropped-cropped-3-1.png","width":95,"height":122,"caption":"CVI NOTICIAS"},"image":{"@id":"https:\/\/cvinoticias.com\/v3\/#\/schema\/logo\/image\/"},"sameAs":["https:\/\/www.facebook.com\/cvinoticias","https:\/\/www.instagram.com\/cvinoticias\/","https:\/\/www.youtube.com\/@CVINOTICIAS"]},{"@type":"Person","@id":"https:\/\/cvinoticias.com\/v3\/#\/schema\/person\/2db77e3c6bc03c538495d7b2b8be9b66","name":"f1000024","image":{"@type":"ImageObject","inLanguage":"es","@id":"https:\/\/secure.gravatar.com\/avatar\/d4fe7459cfc51ff5129ce1a732bbef5928568b8092d412ef95611616376bbeed?s=96&d=mm&r=g","url":"https:\/\/secure.gravatar.com\/avatar\/d4fe7459cfc51ff5129ce1a732bbef5928568b8092d412ef95611616376bbeed?s=96&d=mm&r=g","contentUrl":"https:\/\/secure.gravatar.com\/avatar\/d4fe7459cfc51ff5129ce1a732bbef5928568b8092d412ef95611616376bbeed?s=96&d=mm&r=g","caption":"f1000024"},"url":"https:\/\/cvinoticias.com\/v3\/author\/f1000024\/"}]}},"_links":{"self":[{"href":"https:\/\/cvinoticias.com\/v3\/wp-json\/wp\/v2\/posts\/48689","targetHints":{"allow":["GET"]}}],"collection":[{"href":"https:\/\/cvinoticias.com\/v3\/wp-json\/wp\/v2\/posts"}],"about":[{"href":"https:\/\/cvinoticias.com\/v3\/wp-json\/wp\/v2\/types\/post"}],"author":[{"embeddable":true,"href":"https:\/\/cvinoticias.com\/v3\/wp-json\/wp\/v2\/users\/2"}],"replies":[{"embeddable":true,"href":"https:\/\/cvinoticias.com\/v3\/wp-json\/wp\/v2\/comments?post=48689"}],"version-history":[{"count":1,"href":"https:\/\/cvinoticias.com\/v3\/wp-json\/wp\/v2\/posts\/48689\/revisions"}],"predecessor-version":[{"id":48691,"href":"https:\/\/cvinoticias.com\/v3\/wp-json\/wp\/v2\/posts\/48689\/revisions\/48691"}],"wp:featuredmedia":[{"embeddable":true,"href":"https:\/\/cvinoticias.com\/v3\/wp-json\/wp\/v2\/media\/48690"}],"wp:attachment":[{"href":"https:\/\/cvinoticias.com\/v3\/wp-json\/wp\/v2\/media?parent=48689"}],"wp:term":[{"taxonomy":"category","embeddable":true,"href":"https:\/\/cvinoticias.com\/v3\/wp-json\/wp\/v2\/categories?post=48689"},{"taxonomy":"post_tag","embeddable":true,"href":"https:\/\/cvinoticias.com\/v3\/wp-json\/wp\/v2\/tags?post=48689"}],"curies":[{"name":"wp","href":"https:\/\/api.w.org\/{rel}","templated":true}]}}