{"id":4865,"date":"2021-05-04T23:10:24","date_gmt":"2021-05-04T23:10:24","guid":{"rendered":"https:\/\/cvinoticias.com\/v3\/?p=4865"},"modified":"2021-05-04T23:10:24","modified_gmt":"2021-05-04T23:10:24","slug":"asamblea-docente-resolvio-convocar-a-72-horas-de-paro-para-esta-semana","status":"publish","type":"post","link":"https:\/\/cvinoticias.com\/v3\/asamblea-docente-resolvio-convocar-a-72-horas-de-paro-para-esta-semana\/","title":{"rendered":"Asamblea docente resolvi\u00f3 convocar a 72 horas de paro para esta semana"},"content":{"rendered":"\n<p><strong><em>La<\/em><\/strong> <em><strong>medida de fuerza se iniciar\u00e1 este mi\u00e9rcoles y se extender\u00e1 hasta el viernes. Los maestros realizar\u00e1n movilizaciones y marchas en distintos puntos de la provincia.<\/strong><\/em><\/p>\n\n\n\n<p>En el marco de una nueva jornada de protesta docente en Misiones, la asamblea provincial de los maestros reunidos en Campo Viera resolvieron convocar a otras 72 horas de paro. La medida de fuerza comenzar\u00e1 este mi\u00e9rcoles y se extender\u00e1 hasta el viernes. Para esta \u00faltima fecha, los trabajadores de la educaci\u00f3n llevar\u00e1n adelanta una movilizaci\u00f3n en la localidad de Santa Ana.<br><br>Los docentes reclaman una recomposici\u00f3n salarial de 18.600 pesos al b\u00e1sico, solicitan tambi\u00e9n la revisi\u00f3n de la situaci\u00f3n de la presencialidad en los establecimientos educativos en el actual contexto de pandemia. Por otra parte, pidieron a las autoridades provinciales poner fin a los descuentos realizados en maestros que se adhirieron a las protestas y la reapertura de la Mesa de Di\u00e1logo.<\/p>\n","protected":false},"excerpt":{"rendered":"<p>La medida de fuerza se iniciar\u00e1 este mi\u00e9rcoles y se extender\u00e1 hasta el viernes. Los maestros realizar\u00e1n movilizaciones y marchas en distintos puntos de la provincia. En el marco de una nueva jornada de protesta docente en Misiones, la asamblea provincial de los maestros reunidos en Campo Viera resolvieron convocar a otras 72 horas de [&hellip;]<\/p>\n","protected":false},"author":2,"featured_media":4866,"comment_status":"open","ping_status":"open","sticky":false,"template":"","format":"standard","meta":{"footnotes":""},"categories":[26],"tags":[],"class_list":["post-4865","post","type-post","status-publish","format-standard","has-post-thumbnail","hentry","category-educacion"],"yoast_head":"<!-- This site is optimized with the Yoast SEO plugin v27.5 - https:\/\/yoast.com\/product\/yoast-seo-wordpress\/ -->\n<title>Asamblea docente resolvi\u00f3 convocar a 72 horas de paro para esta semana | CVI NOTICIAS<\/title>\n<meta name=\"robots\" content=\"index, follow, max-snippet:-1, max-image-preview:large, max-video-preview:-1\" \/>\n<link rel=\"canonical\" href=\"https:\/\/cvinoticias.com\/v3\/asamblea-docente-resolvio-convocar-a-72-horas-de-paro-para-esta-semana\/\" \/>\n<meta property=\"og:locale\" content=\"es_ES\" \/>\n<meta property=\"og:type\" content=\"article\" \/>\n<meta property=\"og:title\" content=\"Asamblea docente resolvi\u00f3 convocar a 72 horas de paro para esta semana | CVI NOTICIAS\" \/>\n<meta property=\"og:description\" content=\"La medida de fuerza se iniciar\u00e1 este mi\u00e9rcoles y se extender\u00e1 hasta el viernes. Los maestros realizar\u00e1n movilizaciones y marchas en distintos puntos de la provincia. En el marco de una nueva jornada de protesta docente en Misiones, la asamblea provincial de los maestros reunidos en Campo Viera resolvieron convocar a otras 72 horas de [&hellip;]\" \/>\n<meta property=\"og:url\" content=\"https:\/\/cvinoticias.com\/v3\/asamblea-docente-resolvio-convocar-a-72-horas-de-paro-para-esta-semana\/\" \/>\n<meta property=\"og:site_name\" content=\"CVI NOTICIAS\" \/>\n<meta property=\"article:publisher\" content=\"https:\/\/www.facebook.com\/cvinoticias\" \/>\n<meta property=\"article:published_time\" content=\"2021-05-04T23:10:24+00:00\" \/>\n<meta property=\"og:image\" content=\"https:\/\/cvinoticias.com\/wp-content\/uploads\/2021\/05\/IMG-20210421-WA0095.jpg\" \/>\n\t<meta property=\"og:image:width\" content=\"1032\" \/>\n\t<meta property=\"og:image:height\" content=\"774\" \/>\n\t<meta property=\"og:image:type\" content=\"image\/jpeg\" \/>\n<meta name=\"author\" content=\"f1000024\" \/>\n<meta name=\"twitter:card\" content=\"summary_large_image\" \/>\n<meta name=\"twitter:label1\" content=\"Escrito por\" \/>\n\t<meta name=\"twitter:data1\" content=\"f1000024\" \/>\n\t<meta name=\"twitter:label2\" content=\"Tiempo de lectura\" \/>\n\t<meta name=\"twitter:data2\" content=\"1 minuto\" \/>\n<script type=\"application\/ld+json\" class=\"yoast-schema-graph\">{\"@context\":\"https:\\\/\\\/schema.org\",\"@graph\":[{\"@type\":\"Article\",\"@id\":\"https:\\\/\\\/cvinoticias.com\\\/v3\\\/asamblea-docente-resolvio-convocar-a-72-horas-de-paro-para-esta-semana\\\/#article\",\"isPartOf\":{\"@id\":\"https:\\\/\\\/cvinoticias.com\\\/v3\\\/asamblea-docente-resolvio-convocar-a-72-horas-de-paro-para-esta-semana\\\/\"},\"author\":{\"name\":\"f1000024\",\"@id\":\"https:\\\/\\\/cvinoticias.com\\\/v3\\\/#\\\/schema\\\/person\\\/2db77e3c6bc03c538495d7b2b8be9b66\"},\"headline\":\"Asamblea docente resolvi\u00f3 convocar a 72 horas de paro para esta semana\",\"datePublished\":\"2021-05-04T23:10:24+00:00\",\"mainEntityOfPage\":{\"@id\":\"https:\\\/\\\/cvinoticias.com\\\/v3\\\/asamblea-docente-resolvio-convocar-a-72-horas-de-paro-para-esta-semana\\\/\"},\"wordCount\":170,\"commentCount\":0,\"publisher\":{\"@id\":\"https:\\\/\\\/cvinoticias.com\\\/v3\\\/#organization\"},\"image\":{\"@id\":\"https:\\\/\\\/cvinoticias.com\\\/v3\\\/asamblea-docente-resolvio-convocar-a-72-horas-de-paro-para-esta-semana\\\/#primaryimage\"},\"thumbnailUrl\":\"https:\\\/\\\/cvinoticias.com\\\/wp-content\\\/uploads\\\/2021\\\/05\\\/IMG-20210421-WA0095.jpg\",\"articleSection\":[\"Educacion\"],\"inLanguage\":\"es\",\"potentialAction\":[{\"@type\":\"CommentAction\",\"name\":\"Comment\",\"target\":[\"https:\\\/\\\/cvinoticias.com\\\/v3\\\/asamblea-docente-resolvio-convocar-a-72-horas-de-paro-para-esta-semana\\\/#respond\"]}]},{\"@type\":\"WebPage\",\"@id\":\"https:\\\/\\\/cvinoticias.com\\\/v3\\\/asamblea-docente-resolvio-convocar-a-72-horas-de-paro-para-esta-semana\\\/\",\"url\":\"https:\\\/\\\/cvinoticias.com\\\/v3\\\/asamblea-docente-resolvio-convocar-a-72-horas-de-paro-para-esta-semana\\\/\",\"name\":\"Asamblea docente resolvi\u00f3 convocar a 72 horas de paro para esta semana | CVI NOTICIAS\",\"isPartOf\":{\"@id\":\"https:\\\/\\\/cvinoticias.com\\\/v3\\\/#website\"},\"primaryImageOfPage\":{\"@id\":\"https:\\\/\\\/cvinoticias.com\\\/v3\\\/asamblea-docente-resolvio-convocar-a-72-horas-de-paro-para-esta-semana\\\/#primaryimage\"},\"image\":{\"@id\":\"https:\\\/\\\/cvinoticias.com\\\/v3\\\/asamblea-docente-resolvio-convocar-a-72-horas-de-paro-para-esta-semana\\\/#primaryimage\"},\"thumbnailUrl\":\"https:\\\/\\\/cvinoticias.com\\\/wp-content\\\/uploads\\\/2021\\\/05\\\/IMG-20210421-WA0095.jpg\",\"datePublished\":\"2021-05-04T23:10:24+00:00\",\"breadcrumb\":{\"@id\":\"https:\\\/\\\/cvinoticias.com\\\/v3\\\/asamblea-docente-resolvio-convocar-a-72-horas-de-paro-para-esta-semana\\\/#breadcrumb\"},\"inLanguage\":\"es\",\"potentialAction\":[{\"@type\":\"ReadAction\",\"target\":[\"https:\\\/\\\/cvinoticias.com\\\/v3\\\/asamblea-docente-resolvio-convocar-a-72-horas-de-paro-para-esta-semana\\\/\"]}]},{\"@type\":\"ImageObject\",\"inLanguage\":\"es\",\"@id\":\"https:\\\/\\\/cvinoticias.com\\\/v3\\\/asamblea-docente-resolvio-convocar-a-72-horas-de-paro-para-esta-semana\\\/#primaryimage\",\"url\":\"https:\\\/\\\/cvinoticias.com\\\/wp-content\\\/uploads\\\/2021\\\/05\\\/IMG-20210421-WA0095.jpg\",\"contentUrl\":\"https:\\\/\\\/cvinoticias.com\\\/wp-content\\\/uploads\\\/2021\\\/05\\\/IMG-20210421-WA0095.jpg\",\"width\":1032,\"height\":774},{\"@type\":\"BreadcrumbList\",\"@id\":\"https:\\\/\\\/cvinoticias.com\\\/v3\\\/asamblea-docente-resolvio-convocar-a-72-horas-de-paro-para-esta-semana\\\/#breadcrumb\",\"itemListElement\":[{\"@type\":\"ListItem\",\"position\":1,\"name\":\"Portada\",\"item\":\"https:\\\/\\\/cvinoticias.com\\\/v3\\\/\"},{\"@type\":\"ListItem\",\"position\":2,\"name\":\"Asamblea docente resolvi\u00f3 convocar a 72 horas de paro para esta semana\"}]},{\"@type\":\"WebSite\",\"@id\":\"https:\\\/\\\/cvinoticias.com\\\/v3\\\/#website\",\"url\":\"https:\\\/\\\/cvinoticias.com\\\/v3\\\/\",\"name\":\"CVI NOTICIAS\",\"description\":\"\",\"publisher\":{\"@id\":\"https:\\\/\\\/cvinoticias.com\\\/v3\\\/#organization\"},\"alternateName\":\"CVI\",\"potentialAction\":[{\"@type\":\"SearchAction\",\"target\":{\"@type\":\"EntryPoint\",\"urlTemplate\":\"https:\\\/\\\/cvinoticias.com\\\/v3\\\/?s={search_term_string}\"},\"query-input\":{\"@type\":\"PropertyValueSpecification\",\"valueRequired\":true,\"valueName\":\"search_term_string\"}}],\"inLanguage\":\"es\"},{\"@type\":\"Organization\",\"@id\":\"https:\\\/\\\/cvinoticias.com\\\/v3\\\/#organization\",\"name\":\"CVI NOTICIAS\",\"url\":\"https:\\\/\\\/cvinoticias.com\\\/v3\\\/\",\"logo\":{\"@type\":\"ImageObject\",\"inLanguage\":\"es\",\"@id\":\"https:\\\/\\\/cvinoticias.com\\\/v3\\\/#\\\/schema\\\/logo\\\/image\\\/\",\"url\":\"https:\\\/\\\/cvinoticias.com\\\/wp-content\\\/uploads\\\/2023\\\/04\\\/cropped-cropped-cropped-cropped-cropped-3-1.png\",\"contentUrl\":\"https:\\\/\\\/cvinoticias.com\\\/wp-content\\\/uploads\\\/2023\\\/04\\\/cropped-cropped-cropped-cropped-cropped-3-1.png\",\"width\":95,\"height\":122,\"caption\":\"CVI NOTICIAS\"},\"image\":{\"@id\":\"https:\\\/\\\/cvinoticias.com\\\/v3\\\/#\\\/schema\\\/logo\\\/image\\\/\"},\"sameAs\":[\"https:\\\/\\\/www.facebook.com\\\/cvinoticias\",\"https:\\\/\\\/www.instagram.com\\\/cvinoticias\\\/\",\"https:\\\/\\\/www.youtube.com\\\/@CVINOTICIAS\"]},{\"@type\":\"Person\",\"@id\":\"https:\\\/\\\/cvinoticias.com\\\/v3\\\/#\\\/schema\\\/person\\\/2db77e3c6bc03c538495d7b2b8be9b66\",\"name\":\"f1000024\",\"image\":{\"@type\":\"ImageObject\",\"inLanguage\":\"es\",\"@id\":\"https:\\\/\\\/secure.gravatar.com\\\/avatar\\\/d4fe7459cfc51ff5129ce1a732bbef5928568b8092d412ef95611616376bbeed?s=96&d=mm&r=g\",\"url\":\"https:\\\/\\\/secure.gravatar.com\\\/avatar\\\/d4fe7459cfc51ff5129ce1a732bbef5928568b8092d412ef95611616376bbeed?s=96&d=mm&r=g\",\"contentUrl\":\"https:\\\/\\\/secure.gravatar.com\\\/avatar\\\/d4fe7459cfc51ff5129ce1a732bbef5928568b8092d412ef95611616376bbeed?s=96&d=mm&r=g\",\"caption\":\"f1000024\"},\"url\":\"https:\\\/\\\/cvinoticias.com\\\/v3\\\/author\\\/f1000024\\\/\"}]}<\/script>\n<!-- \/ Yoast SEO plugin. -->","yoast_head_json":{"title":"Asamblea docente resolvi\u00f3 convocar a 72 horas de paro para esta semana | CVI NOTICIAS","robots":{"index":"index","follow":"follow","max-snippet":"max-snippet:-1","max-image-preview":"max-image-preview:large","max-video-preview":"max-video-preview:-1"},"canonical":"https:\/\/cvinoticias.com\/v3\/asamblea-docente-resolvio-convocar-a-72-horas-de-paro-para-esta-semana\/","og_locale":"es_ES","og_type":"article","og_title":"Asamblea docente resolvi\u00f3 convocar a 72 horas de paro para esta semana | CVI NOTICIAS","og_description":"La medida de fuerza se iniciar\u00e1 este mi\u00e9rcoles y se extender\u00e1 hasta el viernes. Los maestros realizar\u00e1n movilizaciones y marchas en distintos puntos de la provincia. En el marco de una nueva jornada de protesta docente en Misiones, la asamblea provincial de los maestros reunidos en Campo Viera resolvieron convocar a otras 72 horas de [&hellip;]","og_url":"https:\/\/cvinoticias.com\/v3\/asamblea-docente-resolvio-convocar-a-72-horas-de-paro-para-esta-semana\/","og_site_name":"CVI NOTICIAS","article_publisher":"https:\/\/www.facebook.com\/cvinoticias","article_published_time":"2021-05-04T23:10:24+00:00","og_image":[{"width":1032,"height":774,"url":"https:\/\/cvinoticias.com\/wp-content\/uploads\/2021\/05\/IMG-20210421-WA0095.jpg","type":"image\/jpeg"}],"author":"f1000024","twitter_card":"summary_large_image","twitter_misc":{"Escrito por":"f1000024","Tiempo de lectura":"1 minuto"},"schema":{"@context":"https:\/\/schema.org","@graph":[{"@type":"Article","@id":"https:\/\/cvinoticias.com\/v3\/asamblea-docente-resolvio-convocar-a-72-horas-de-paro-para-esta-semana\/#article","isPartOf":{"@id":"https:\/\/cvinoticias.com\/v3\/asamblea-docente-resolvio-convocar-a-72-horas-de-paro-para-esta-semana\/"},"author":{"name":"f1000024","@id":"https:\/\/cvinoticias.com\/v3\/#\/schema\/person\/2db77e3c6bc03c538495d7b2b8be9b66"},"headline":"Asamblea docente resolvi\u00f3 convocar a 72 horas de paro para esta semana","datePublished":"2021-05-04T23:10:24+00:00","mainEntityOfPage":{"@id":"https:\/\/cvinoticias.com\/v3\/asamblea-docente-resolvio-convocar-a-72-horas-de-paro-para-esta-semana\/"},"wordCount":170,"commentCount":0,"publisher":{"@id":"https:\/\/cvinoticias.com\/v3\/#organization"},"image":{"@id":"https:\/\/cvinoticias.com\/v3\/asamblea-docente-resolvio-convocar-a-72-horas-de-paro-para-esta-semana\/#primaryimage"},"thumbnailUrl":"https:\/\/cvinoticias.com\/wp-content\/uploads\/2021\/05\/IMG-20210421-WA0095.jpg","articleSection":["Educacion"],"inLanguage":"es","potentialAction":[{"@type":"CommentAction","name":"Comment","target":["https:\/\/cvinoticias.com\/v3\/asamblea-docente-resolvio-convocar-a-72-horas-de-paro-para-esta-semana\/#respond"]}]},{"@type":"WebPage","@id":"https:\/\/cvinoticias.com\/v3\/asamblea-docente-resolvio-convocar-a-72-horas-de-paro-para-esta-semana\/","url":"https:\/\/cvinoticias.com\/v3\/asamblea-docente-resolvio-convocar-a-72-horas-de-paro-para-esta-semana\/","name":"Asamblea docente resolvi\u00f3 convocar a 72 horas de paro para esta semana | CVI NOTICIAS","isPartOf":{"@id":"https:\/\/cvinoticias.com\/v3\/#website"},"primaryImageOfPage":{"@id":"https:\/\/cvinoticias.com\/v3\/asamblea-docente-resolvio-convocar-a-72-horas-de-paro-para-esta-semana\/#primaryimage"},"image":{"@id":"https:\/\/cvinoticias.com\/v3\/asamblea-docente-resolvio-convocar-a-72-horas-de-paro-para-esta-semana\/#primaryimage"},"thumbnailUrl":"https:\/\/cvinoticias.com\/wp-content\/uploads\/2021\/05\/IMG-20210421-WA0095.jpg","datePublished":"2021-05-04T23:10:24+00:00","breadcrumb":{"@id":"https:\/\/cvinoticias.com\/v3\/asamblea-docente-resolvio-convocar-a-72-horas-de-paro-para-esta-semana\/#breadcrumb"},"inLanguage":"es","potentialAction":[{"@type":"ReadAction","target":["https:\/\/cvinoticias.com\/v3\/asamblea-docente-resolvio-convocar-a-72-horas-de-paro-para-esta-semana\/"]}]},{"@type":"ImageObject","inLanguage":"es","@id":"https:\/\/cvinoticias.com\/v3\/asamblea-docente-resolvio-convocar-a-72-horas-de-paro-para-esta-semana\/#primaryimage","url":"https:\/\/cvinoticias.com\/wp-content\/uploads\/2021\/05\/IMG-20210421-WA0095.jpg","contentUrl":"https:\/\/cvinoticias.com\/wp-content\/uploads\/2021\/05\/IMG-20210421-WA0095.jpg","width":1032,"height":774},{"@type":"BreadcrumbList","@id":"https:\/\/cvinoticias.com\/v3\/asamblea-docente-resolvio-convocar-a-72-horas-de-paro-para-esta-semana\/#breadcrumb","itemListElement":[{"@type":"ListItem","position":1,"name":"Portada","item":"https:\/\/cvinoticias.com\/v3\/"},{"@type":"ListItem","position":2,"name":"Asamblea docente resolvi\u00f3 convocar a 72 horas de paro para esta semana"}]},{"@type":"WebSite","@id":"https:\/\/cvinoticias.com\/v3\/#website","url":"https:\/\/cvinoticias.com\/v3\/","name":"CVI NOTICIAS","description":"","publisher":{"@id":"https:\/\/cvinoticias.com\/v3\/#organization"},"alternateName":"CVI","potentialAction":[{"@type":"SearchAction","target":{"@type":"EntryPoint","urlTemplate":"https:\/\/cvinoticias.com\/v3\/?s={search_term_string}"},"query-input":{"@type":"PropertyValueSpecification","valueRequired":true,"valueName":"search_term_string"}}],"inLanguage":"es"},{"@type":"Organization","@id":"https:\/\/cvinoticias.com\/v3\/#organization","name":"CVI NOTICIAS","url":"https:\/\/cvinoticias.com\/v3\/","logo":{"@type":"ImageObject","inLanguage":"es","@id":"https:\/\/cvinoticias.com\/v3\/#\/schema\/logo\/image\/","url":"https:\/\/cvinoticias.com\/wp-content\/uploads\/2023\/04\/cropped-cropped-cropped-cropped-cropped-3-1.png","contentUrl":"https:\/\/cvinoticias.com\/wp-content\/uploads\/2023\/04\/cropped-cropped-cropped-cropped-cropped-3-1.png","width":95,"height":122,"caption":"CVI NOTICIAS"},"image":{"@id":"https:\/\/cvinoticias.com\/v3\/#\/schema\/logo\/image\/"},"sameAs":["https:\/\/www.facebook.com\/cvinoticias","https:\/\/www.instagram.com\/cvinoticias\/","https:\/\/www.youtube.com\/@CVINOTICIAS"]},{"@type":"Person","@id":"https:\/\/cvinoticias.com\/v3\/#\/schema\/person\/2db77e3c6bc03c538495d7b2b8be9b66","name":"f1000024","image":{"@type":"ImageObject","inLanguage":"es","@id":"https:\/\/secure.gravatar.com\/avatar\/d4fe7459cfc51ff5129ce1a732bbef5928568b8092d412ef95611616376bbeed?s=96&d=mm&r=g","url":"https:\/\/secure.gravatar.com\/avatar\/d4fe7459cfc51ff5129ce1a732bbef5928568b8092d412ef95611616376bbeed?s=96&d=mm&r=g","contentUrl":"https:\/\/secure.gravatar.com\/avatar\/d4fe7459cfc51ff5129ce1a732bbef5928568b8092d412ef95611616376bbeed?s=96&d=mm&r=g","caption":"f1000024"},"url":"https:\/\/cvinoticias.com\/v3\/author\/f1000024\/"}]}},"_links":{"self":[{"href":"https:\/\/cvinoticias.com\/v3\/wp-json\/wp\/v2\/posts\/4865","targetHints":{"allow":["GET"]}}],"collection":[{"href":"https:\/\/cvinoticias.com\/v3\/wp-json\/wp\/v2\/posts"}],"about":[{"href":"https:\/\/cvinoticias.com\/v3\/wp-json\/wp\/v2\/types\/post"}],"author":[{"embeddable":true,"href":"https:\/\/cvinoticias.com\/v3\/wp-json\/wp\/v2\/users\/2"}],"replies":[{"embeddable":true,"href":"https:\/\/cvinoticias.com\/v3\/wp-json\/wp\/v2\/comments?post=4865"}],"version-history":[{"count":1,"href":"https:\/\/cvinoticias.com\/v3\/wp-json\/wp\/v2\/posts\/4865\/revisions"}],"predecessor-version":[{"id":4867,"href":"https:\/\/cvinoticias.com\/v3\/wp-json\/wp\/v2\/posts\/4865\/revisions\/4867"}],"wp:featuredmedia":[{"embeddable":true,"href":"https:\/\/cvinoticias.com\/v3\/wp-json\/wp\/v2\/media\/4866"}],"wp:attachment":[{"href":"https:\/\/cvinoticias.com\/v3\/wp-json\/wp\/v2\/media?parent=4865"}],"wp:term":[{"taxonomy":"category","embeddable":true,"href":"https:\/\/cvinoticias.com\/v3\/wp-json\/wp\/v2\/categories?post=4865"},{"taxonomy":"post_tag","embeddable":true,"href":"https:\/\/cvinoticias.com\/v3\/wp-json\/wp\/v2\/tags?post=4865"}],"curies":[{"name":"wp","href":"https:\/\/api.w.org\/{rel}","templated":true}]}}