{"id":48626,"date":"2025-09-10T08:30:41","date_gmt":"2025-09-10T11:30:41","guid":{"rendered":"https:\/\/cvinoticias.com\/v3\/?p=48626"},"modified":"2025-09-10T08:30:42","modified_gmt":"2025-09-10T11:30:42","slug":"tiempo-primaveral-y-sin-lluvias-para-este-miercoles-en-misiones","status":"publish","type":"post","link":"https:\/\/cvinoticias.com\/v3\/tiempo-primaveral-y-sin-lluvias-para-este-miercoles-en-misiones\/","title":{"rendered":"Tiempo primaveral y sin lluvias para este mi\u00e9rcoles en Misiones"},"content":{"rendered":"\n<p>La Direcci\u00f3n General de Alerta Temprana inform\u00f3 que este <strong>mi\u00e9rcoles 10 de septiembre<\/strong> se prev\u00e9 una jornada con <strong>condiciones primaverales y tiempo estable<\/strong> en Misiones. El cielo permanecer\u00e1 mayormente despejado y no se esperan precipitaciones en toda la provincia.<\/p>\n\n\n\n<p>El d\u00eda presentar\u00e1 una <strong>amplia variaci\u00f3n t\u00e9rmica<\/strong>, con un amanecer fresco y temperaturas que ir\u00e1n en ascenso durante la tarde. El ingreso de un n\u00facleo de alta presi\u00f3n asegura <strong>tiempo firme<\/strong>, mientras que la circulaci\u00f3n de vientos del noreste favorecer\u00e1 el aumento de las marcas t\u00e9rmicas, que rondar\u00e1n entre los <strong>27 y 28 \u00b0C en gran parte del territorio<\/strong>.<\/p>\n\n\n\n<p>En cuanto al viento, se anticipa que soplar\u00e1 del <strong>sureste, este y noreste<\/strong>, con intensidades que oscilar\u00e1n entre <strong>2 y 13 km\/h<\/strong>, pudiendo registrarse r\u00e1fagas de entre <strong>15 y 30 km\/h<\/strong>. La calidad del aire se mantendr\u00e1 en niveles buenos, aunque la <strong>probabilidad de nieblas y neblinas ser\u00e1 alta<\/strong>, sobre todo en zonas bajas y rurales durante la ma\u00f1ana.<\/p>\n\n\n\n<p>Respecto a las temperaturas extremas, la <strong>m\u00e1xima provincial<\/strong> se espera en <strong>Puerto Iguaz\u00fa con 28 \u00b0C<\/strong>, mientras que la <strong>m\u00ednima se registrar\u00eda en Bernardo de Irigoyen con 8 \u00b0C<\/strong>, acompa\u00f1ada de una sensaci\u00f3n t\u00e9rmica de 7 \u00b0C.<\/p>\n\n\n\n<p><strong>Fuente:<\/strong> Direcci\u00f3n General de Alerta Temprana \u2013 Subsecretar\u00eda de Ordenamiento Territorial \u2013 Ministerio de Ecolog\u00eda y RNR de Misiones.<\/p>\n","protected":false},"excerpt":{"rendered":"<p>La Direcci\u00f3n General de Alerta Temprana inform\u00f3 que este mi\u00e9rcoles 10 de septiembre se prev\u00e9 una jornada con condiciones primaverales y tiempo estable en Misiones. El cielo permanecer\u00e1 mayormente despejado y no se esperan precipitaciones en toda la provincia. El d\u00eda presentar\u00e1 una amplia variaci\u00f3n t\u00e9rmica, con un amanecer fresco y temperaturas que ir\u00e1n en [&hellip;]<\/p>\n","protected":false},"author":2,"featured_media":48627,"comment_status":"open","ping_status":"closed","sticky":false,"template":"","format":"standard","meta":{"footnotes":""},"categories":[1146],"tags":[1148,278,2090],"class_list":["post-48626","post","type-post","status-publish","format-standard","has-post-thumbnail","hentry","category-tiempo","tag-clima","tag-misiones","tag-pronostico"],"yoast_head":"<!-- This site is optimized with the Yoast SEO plugin v27.5 - https:\/\/yoast.com\/product\/yoast-seo-wordpress\/ -->\n<title>Tiempo primaveral y sin lluvias este mi\u00e9rcoles en Misiones | CVI NOTICIAS<\/title>\n<meta name=\"description\" content=\"Este mi\u00e9rcoles 10 de septiembre Misiones tendr\u00e1 una jornada soleada, sin lluvias, con m\u00ednimas frescas y m\u00e1ximas de hasta 28 \u00b0C en Puerto Iguaz\u00fa.\" \/>\n<meta name=\"robots\" content=\"index, follow, max-snippet:-1, max-image-preview:large, max-video-preview:-1\" \/>\n<link rel=\"canonical\" href=\"https:\/\/cvinoticias.com\/v3\/tiempo-primaveral-y-sin-lluvias-para-este-miercoles-en-misiones\/\" \/>\n<meta property=\"og:locale\" content=\"es_ES\" \/>\n<meta property=\"og:type\" content=\"article\" \/>\n<meta property=\"og:title\" content=\"Tiempo primaveral y sin lluvias este mi\u00e9rcoles en Misiones | CVI NOTICIAS\" \/>\n<meta property=\"og:description\" content=\"Este mi\u00e9rcoles 10 de septiembre Misiones tendr\u00e1 una jornada soleada, sin lluvias, con m\u00ednimas frescas y m\u00e1ximas de hasta 28 \u00b0C en Puerto Iguaz\u00fa.\" \/>\n<meta property=\"og:url\" content=\"https:\/\/cvinoticias.com\/v3\/tiempo-primaveral-y-sin-lluvias-para-este-miercoles-en-misiones\/\" \/>\n<meta property=\"og:site_name\" content=\"CVI NOTICIAS\" \/>\n<meta property=\"article:publisher\" content=\"https:\/\/www.facebook.com\/cvinoticias\" \/>\n<meta property=\"article:published_time\" content=\"2025-09-10T11:30:41+00:00\" \/>\n<meta property=\"article:modified_time\" content=\"2025-09-10T11:30:42+00:00\" \/>\n<meta property=\"og:image\" content=\"https:\/\/cvinoticias.com\/wp-content\/uploads\/2025\/09\/FB_IMG_1757503702505.jpg\" \/>\n\t<meta property=\"og:image:width\" content=\"1080\" \/>\n\t<meta property=\"og:image:height\" content=\"810\" \/>\n\t<meta property=\"og:image:type\" content=\"image\/jpeg\" \/>\n<meta name=\"author\" content=\"f1000024\" \/>\n<meta name=\"twitter:card\" content=\"summary_large_image\" \/>\n<meta name=\"twitter:label1\" content=\"Escrito por\" \/>\n\t<meta name=\"twitter:data1\" content=\"f1000024\" \/>\n\t<meta name=\"twitter:label2\" content=\"Tiempo de lectura\" \/>\n\t<meta name=\"twitter:data2\" content=\"2 minutos\" \/>\n<script type=\"application\/ld+json\" class=\"yoast-schema-graph\">{\"@context\":\"https:\\\/\\\/schema.org\",\"@graph\":[{\"@type\":\"Article\",\"@id\":\"https:\\\/\\\/cvinoticias.com\\\/v3\\\/tiempo-primaveral-y-sin-lluvias-para-este-miercoles-en-misiones\\\/#article\",\"isPartOf\":{\"@id\":\"https:\\\/\\\/cvinoticias.com\\\/v3\\\/tiempo-primaveral-y-sin-lluvias-para-este-miercoles-en-misiones\\\/\"},\"author\":{\"name\":\"f1000024\",\"@id\":\"https:\\\/\\\/cvinoticias.com\\\/v3\\\/#\\\/schema\\\/person\\\/2db77e3c6bc03c538495d7b2b8be9b66\"},\"headline\":\"Tiempo primaveral y sin lluvias para este mi\u00e9rcoles en Misiones\",\"datePublished\":\"2025-09-10T11:30:41+00:00\",\"dateModified\":\"2025-09-10T11:30:42+00:00\",\"mainEntityOfPage\":{\"@id\":\"https:\\\/\\\/cvinoticias.com\\\/v3\\\/tiempo-primaveral-y-sin-lluvias-para-este-miercoles-en-misiones\\\/\"},\"wordCount\":237,\"commentCount\":0,\"publisher\":{\"@id\":\"https:\\\/\\\/cvinoticias.com\\\/v3\\\/#organization\"},\"image\":{\"@id\":\"https:\\\/\\\/cvinoticias.com\\\/v3\\\/tiempo-primaveral-y-sin-lluvias-para-este-miercoles-en-misiones\\\/#primaryimage\"},\"thumbnailUrl\":\"https:\\\/\\\/cvinoticias.com\\\/wp-content\\\/uploads\\\/2025\\\/09\\\/FB_IMG_1757503702505.jpg\",\"keywords\":[\"Clima\",\"Misiones\",\"Pronostico\"],\"articleSection\":[\"Tiempo\"],\"inLanguage\":\"es\",\"potentialAction\":[{\"@type\":\"CommentAction\",\"name\":\"Comment\",\"target\":[\"https:\\\/\\\/cvinoticias.com\\\/v3\\\/tiempo-primaveral-y-sin-lluvias-para-este-miercoles-en-misiones\\\/#respond\"]}]},{\"@type\":\"WebPage\",\"@id\":\"https:\\\/\\\/cvinoticias.com\\\/v3\\\/tiempo-primaveral-y-sin-lluvias-para-este-miercoles-en-misiones\\\/\",\"url\":\"https:\\\/\\\/cvinoticias.com\\\/v3\\\/tiempo-primaveral-y-sin-lluvias-para-este-miercoles-en-misiones\\\/\",\"name\":\"Tiempo primaveral y sin lluvias este mi\u00e9rcoles en Misiones | CVI NOTICIAS\",\"isPartOf\":{\"@id\":\"https:\\\/\\\/cvinoticias.com\\\/v3\\\/#website\"},\"primaryImageOfPage\":{\"@id\":\"https:\\\/\\\/cvinoticias.com\\\/v3\\\/tiempo-primaveral-y-sin-lluvias-para-este-miercoles-en-misiones\\\/#primaryimage\"},\"image\":{\"@id\":\"https:\\\/\\\/cvinoticias.com\\\/v3\\\/tiempo-primaveral-y-sin-lluvias-para-este-miercoles-en-misiones\\\/#primaryimage\"},\"thumbnailUrl\":\"https:\\\/\\\/cvinoticias.com\\\/wp-content\\\/uploads\\\/2025\\\/09\\\/FB_IMG_1757503702505.jpg\",\"datePublished\":\"2025-09-10T11:30:41+00:00\",\"dateModified\":\"2025-09-10T11:30:42+00:00\",\"description\":\"Este mi\u00e9rcoles 10 de septiembre Misiones tendr\u00e1 una jornada soleada, sin lluvias, con m\u00ednimas frescas y m\u00e1ximas de hasta 28 \u00b0C en Puerto Iguaz\u00fa.\",\"breadcrumb\":{\"@id\":\"https:\\\/\\\/cvinoticias.com\\\/v3\\\/tiempo-primaveral-y-sin-lluvias-para-este-miercoles-en-misiones\\\/#breadcrumb\"},\"inLanguage\":\"es\",\"potentialAction\":[{\"@type\":\"ReadAction\",\"target\":[\"https:\\\/\\\/cvinoticias.com\\\/v3\\\/tiempo-primaveral-y-sin-lluvias-para-este-miercoles-en-misiones\\\/\"]}]},{\"@type\":\"ImageObject\",\"inLanguage\":\"es\",\"@id\":\"https:\\\/\\\/cvinoticias.com\\\/v3\\\/tiempo-primaveral-y-sin-lluvias-para-este-miercoles-en-misiones\\\/#primaryimage\",\"url\":\"https:\\\/\\\/cvinoticias.com\\\/wp-content\\\/uploads\\\/2025\\\/09\\\/FB_IMG_1757503702505.jpg\",\"contentUrl\":\"https:\\\/\\\/cvinoticias.com\\\/wp-content\\\/uploads\\\/2025\\\/09\\\/FB_IMG_1757503702505.jpg\",\"width\":1080,\"height\":810},{\"@type\":\"BreadcrumbList\",\"@id\":\"https:\\\/\\\/cvinoticias.com\\\/v3\\\/tiempo-primaveral-y-sin-lluvias-para-este-miercoles-en-misiones\\\/#breadcrumb\",\"itemListElement\":[{\"@type\":\"ListItem\",\"position\":1,\"name\":\"Portada\",\"item\":\"https:\\\/\\\/cvinoticias.com\\\/v3\\\/\"},{\"@type\":\"ListItem\",\"position\":2,\"name\":\"Tiempo primaveral y sin lluvias para este mi\u00e9rcoles en Misiones\"}]},{\"@type\":\"WebSite\",\"@id\":\"https:\\\/\\\/cvinoticias.com\\\/v3\\\/#website\",\"url\":\"https:\\\/\\\/cvinoticias.com\\\/v3\\\/\",\"name\":\"CVI NOTICIAS\",\"description\":\"\",\"publisher\":{\"@id\":\"https:\\\/\\\/cvinoticias.com\\\/v3\\\/#organization\"},\"alternateName\":\"CVI\",\"potentialAction\":[{\"@type\":\"SearchAction\",\"target\":{\"@type\":\"EntryPoint\",\"urlTemplate\":\"https:\\\/\\\/cvinoticias.com\\\/v3\\\/?s={search_term_string}\"},\"query-input\":{\"@type\":\"PropertyValueSpecification\",\"valueRequired\":true,\"valueName\":\"search_term_string\"}}],\"inLanguage\":\"es\"},{\"@type\":\"Organization\",\"@id\":\"https:\\\/\\\/cvinoticias.com\\\/v3\\\/#organization\",\"name\":\"CVI NOTICIAS\",\"url\":\"https:\\\/\\\/cvinoticias.com\\\/v3\\\/\",\"logo\":{\"@type\":\"ImageObject\",\"inLanguage\":\"es\",\"@id\":\"https:\\\/\\\/cvinoticias.com\\\/v3\\\/#\\\/schema\\\/logo\\\/image\\\/\",\"url\":\"https:\\\/\\\/cvinoticias.com\\\/wp-content\\\/uploads\\\/2023\\\/04\\\/cropped-cropped-cropped-cropped-cropped-3-1.png\",\"contentUrl\":\"https:\\\/\\\/cvinoticias.com\\\/wp-content\\\/uploads\\\/2023\\\/04\\\/cropped-cropped-cropped-cropped-cropped-3-1.png\",\"width\":95,\"height\":122,\"caption\":\"CVI NOTICIAS\"},\"image\":{\"@id\":\"https:\\\/\\\/cvinoticias.com\\\/v3\\\/#\\\/schema\\\/logo\\\/image\\\/\"},\"sameAs\":[\"https:\\\/\\\/www.facebook.com\\\/cvinoticias\",\"https:\\\/\\\/www.instagram.com\\\/cvinoticias\\\/\",\"https:\\\/\\\/www.youtube.com\\\/@CVINOTICIAS\"]},{\"@type\":\"Person\",\"@id\":\"https:\\\/\\\/cvinoticias.com\\\/v3\\\/#\\\/schema\\\/person\\\/2db77e3c6bc03c538495d7b2b8be9b66\",\"name\":\"f1000024\",\"image\":{\"@type\":\"ImageObject\",\"inLanguage\":\"es\",\"@id\":\"https:\\\/\\\/secure.gravatar.com\\\/avatar\\\/d4fe7459cfc51ff5129ce1a732bbef5928568b8092d412ef95611616376bbeed?s=96&d=mm&r=g\",\"url\":\"https:\\\/\\\/secure.gravatar.com\\\/avatar\\\/d4fe7459cfc51ff5129ce1a732bbef5928568b8092d412ef95611616376bbeed?s=96&d=mm&r=g\",\"contentUrl\":\"https:\\\/\\\/secure.gravatar.com\\\/avatar\\\/d4fe7459cfc51ff5129ce1a732bbef5928568b8092d412ef95611616376bbeed?s=96&d=mm&r=g\",\"caption\":\"f1000024\"},\"url\":\"https:\\\/\\\/cvinoticias.com\\\/v3\\\/author\\\/f1000024\\\/\"}]}<\/script>\n<!-- \/ Yoast SEO plugin. -->","yoast_head_json":{"title":"Tiempo primaveral y sin lluvias este mi\u00e9rcoles en Misiones | CVI NOTICIAS","description":"Este mi\u00e9rcoles 10 de septiembre Misiones tendr\u00e1 una jornada soleada, sin lluvias, con m\u00ednimas frescas y m\u00e1ximas de hasta 28 \u00b0C en Puerto Iguaz\u00fa.","robots":{"index":"index","follow":"follow","max-snippet":"max-snippet:-1","max-image-preview":"max-image-preview:large","max-video-preview":"max-video-preview:-1"},"canonical":"https:\/\/cvinoticias.com\/v3\/tiempo-primaveral-y-sin-lluvias-para-este-miercoles-en-misiones\/","og_locale":"es_ES","og_type":"article","og_title":"Tiempo primaveral y sin lluvias este mi\u00e9rcoles en Misiones | CVI NOTICIAS","og_description":"Este mi\u00e9rcoles 10 de septiembre Misiones tendr\u00e1 una jornada soleada, sin lluvias, con m\u00ednimas frescas y m\u00e1ximas de hasta 28 \u00b0C en Puerto Iguaz\u00fa.","og_url":"https:\/\/cvinoticias.com\/v3\/tiempo-primaveral-y-sin-lluvias-para-este-miercoles-en-misiones\/","og_site_name":"CVI NOTICIAS","article_publisher":"https:\/\/www.facebook.com\/cvinoticias","article_published_time":"2025-09-10T11:30:41+00:00","article_modified_time":"2025-09-10T11:30:42+00:00","og_image":[{"width":1080,"height":810,"url":"https:\/\/cvinoticias.com\/wp-content\/uploads\/2025\/09\/FB_IMG_1757503702505.jpg","type":"image\/jpeg"}],"author":"f1000024","twitter_card":"summary_large_image","twitter_misc":{"Escrito por":"f1000024","Tiempo de lectura":"2 minutos"},"schema":{"@context":"https:\/\/schema.org","@graph":[{"@type":"Article","@id":"https:\/\/cvinoticias.com\/v3\/tiempo-primaveral-y-sin-lluvias-para-este-miercoles-en-misiones\/#article","isPartOf":{"@id":"https:\/\/cvinoticias.com\/v3\/tiempo-primaveral-y-sin-lluvias-para-este-miercoles-en-misiones\/"},"author":{"name":"f1000024","@id":"https:\/\/cvinoticias.com\/v3\/#\/schema\/person\/2db77e3c6bc03c538495d7b2b8be9b66"},"headline":"Tiempo primaveral y sin lluvias para este mi\u00e9rcoles en Misiones","datePublished":"2025-09-10T11:30:41+00:00","dateModified":"2025-09-10T11:30:42+00:00","mainEntityOfPage":{"@id":"https:\/\/cvinoticias.com\/v3\/tiempo-primaveral-y-sin-lluvias-para-este-miercoles-en-misiones\/"},"wordCount":237,"commentCount":0,"publisher":{"@id":"https:\/\/cvinoticias.com\/v3\/#organization"},"image":{"@id":"https:\/\/cvinoticias.com\/v3\/tiempo-primaveral-y-sin-lluvias-para-este-miercoles-en-misiones\/#primaryimage"},"thumbnailUrl":"https:\/\/cvinoticias.com\/wp-content\/uploads\/2025\/09\/FB_IMG_1757503702505.jpg","keywords":["Clima","Misiones","Pronostico"],"articleSection":["Tiempo"],"inLanguage":"es","potentialAction":[{"@type":"CommentAction","name":"Comment","target":["https:\/\/cvinoticias.com\/v3\/tiempo-primaveral-y-sin-lluvias-para-este-miercoles-en-misiones\/#respond"]}]},{"@type":"WebPage","@id":"https:\/\/cvinoticias.com\/v3\/tiempo-primaveral-y-sin-lluvias-para-este-miercoles-en-misiones\/","url":"https:\/\/cvinoticias.com\/v3\/tiempo-primaveral-y-sin-lluvias-para-este-miercoles-en-misiones\/","name":"Tiempo primaveral y sin lluvias este mi\u00e9rcoles en Misiones | CVI NOTICIAS","isPartOf":{"@id":"https:\/\/cvinoticias.com\/v3\/#website"},"primaryImageOfPage":{"@id":"https:\/\/cvinoticias.com\/v3\/tiempo-primaveral-y-sin-lluvias-para-este-miercoles-en-misiones\/#primaryimage"},"image":{"@id":"https:\/\/cvinoticias.com\/v3\/tiempo-primaveral-y-sin-lluvias-para-este-miercoles-en-misiones\/#primaryimage"},"thumbnailUrl":"https:\/\/cvinoticias.com\/wp-content\/uploads\/2025\/09\/FB_IMG_1757503702505.jpg","datePublished":"2025-09-10T11:30:41+00:00","dateModified":"2025-09-10T11:30:42+00:00","description":"Este mi\u00e9rcoles 10 de septiembre Misiones tendr\u00e1 una jornada soleada, sin lluvias, con m\u00ednimas frescas y m\u00e1ximas de hasta 28 \u00b0C en Puerto Iguaz\u00fa.","breadcrumb":{"@id":"https:\/\/cvinoticias.com\/v3\/tiempo-primaveral-y-sin-lluvias-para-este-miercoles-en-misiones\/#breadcrumb"},"inLanguage":"es","potentialAction":[{"@type":"ReadAction","target":["https:\/\/cvinoticias.com\/v3\/tiempo-primaveral-y-sin-lluvias-para-este-miercoles-en-misiones\/"]}]},{"@type":"ImageObject","inLanguage":"es","@id":"https:\/\/cvinoticias.com\/v3\/tiempo-primaveral-y-sin-lluvias-para-este-miercoles-en-misiones\/#primaryimage","url":"https:\/\/cvinoticias.com\/wp-content\/uploads\/2025\/09\/FB_IMG_1757503702505.jpg","contentUrl":"https:\/\/cvinoticias.com\/wp-content\/uploads\/2025\/09\/FB_IMG_1757503702505.jpg","width":1080,"height":810},{"@type":"BreadcrumbList","@id":"https:\/\/cvinoticias.com\/v3\/tiempo-primaveral-y-sin-lluvias-para-este-miercoles-en-misiones\/#breadcrumb","itemListElement":[{"@type":"ListItem","position":1,"name":"Portada","item":"https:\/\/cvinoticias.com\/v3\/"},{"@type":"ListItem","position":2,"name":"Tiempo primaveral y sin lluvias para este mi\u00e9rcoles en Misiones"}]},{"@type":"WebSite","@id":"https:\/\/cvinoticias.com\/v3\/#website","url":"https:\/\/cvinoticias.com\/v3\/","name":"CVI NOTICIAS","description":"","publisher":{"@id":"https:\/\/cvinoticias.com\/v3\/#organization"},"alternateName":"CVI","potentialAction":[{"@type":"SearchAction","target":{"@type":"EntryPoint","urlTemplate":"https:\/\/cvinoticias.com\/v3\/?s={search_term_string}"},"query-input":{"@type":"PropertyValueSpecification","valueRequired":true,"valueName":"search_term_string"}}],"inLanguage":"es"},{"@type":"Organization","@id":"https:\/\/cvinoticias.com\/v3\/#organization","name":"CVI NOTICIAS","url":"https:\/\/cvinoticias.com\/v3\/","logo":{"@type":"ImageObject","inLanguage":"es","@id":"https:\/\/cvinoticias.com\/v3\/#\/schema\/logo\/image\/","url":"https:\/\/cvinoticias.com\/wp-content\/uploads\/2023\/04\/cropped-cropped-cropped-cropped-cropped-3-1.png","contentUrl":"https:\/\/cvinoticias.com\/wp-content\/uploads\/2023\/04\/cropped-cropped-cropped-cropped-cropped-3-1.png","width":95,"height":122,"caption":"CVI NOTICIAS"},"image":{"@id":"https:\/\/cvinoticias.com\/v3\/#\/schema\/logo\/image\/"},"sameAs":["https:\/\/www.facebook.com\/cvinoticias","https:\/\/www.instagram.com\/cvinoticias\/","https:\/\/www.youtube.com\/@CVINOTICIAS"]},{"@type":"Person","@id":"https:\/\/cvinoticias.com\/v3\/#\/schema\/person\/2db77e3c6bc03c538495d7b2b8be9b66","name":"f1000024","image":{"@type":"ImageObject","inLanguage":"es","@id":"https:\/\/secure.gravatar.com\/avatar\/d4fe7459cfc51ff5129ce1a732bbef5928568b8092d412ef95611616376bbeed?s=96&d=mm&r=g","url":"https:\/\/secure.gravatar.com\/avatar\/d4fe7459cfc51ff5129ce1a732bbef5928568b8092d412ef95611616376bbeed?s=96&d=mm&r=g","contentUrl":"https:\/\/secure.gravatar.com\/avatar\/d4fe7459cfc51ff5129ce1a732bbef5928568b8092d412ef95611616376bbeed?s=96&d=mm&r=g","caption":"f1000024"},"url":"https:\/\/cvinoticias.com\/v3\/author\/f1000024\/"}]}},"_links":{"self":[{"href":"https:\/\/cvinoticias.com\/v3\/wp-json\/wp\/v2\/posts\/48626","targetHints":{"allow":["GET"]}}],"collection":[{"href":"https:\/\/cvinoticias.com\/v3\/wp-json\/wp\/v2\/posts"}],"about":[{"href":"https:\/\/cvinoticias.com\/v3\/wp-json\/wp\/v2\/types\/post"}],"author":[{"embeddable":true,"href":"https:\/\/cvinoticias.com\/v3\/wp-json\/wp\/v2\/users\/2"}],"replies":[{"embeddable":true,"href":"https:\/\/cvinoticias.com\/v3\/wp-json\/wp\/v2\/comments?post=48626"}],"version-history":[{"count":1,"href":"https:\/\/cvinoticias.com\/v3\/wp-json\/wp\/v2\/posts\/48626\/revisions"}],"predecessor-version":[{"id":48628,"href":"https:\/\/cvinoticias.com\/v3\/wp-json\/wp\/v2\/posts\/48626\/revisions\/48628"}],"wp:featuredmedia":[{"embeddable":true,"href":"https:\/\/cvinoticias.com\/v3\/wp-json\/wp\/v2\/media\/48627"}],"wp:attachment":[{"href":"https:\/\/cvinoticias.com\/v3\/wp-json\/wp\/v2\/media?parent=48626"}],"wp:term":[{"taxonomy":"category","embeddable":true,"href":"https:\/\/cvinoticias.com\/v3\/wp-json\/wp\/v2\/categories?post=48626"},{"taxonomy":"post_tag","embeddable":true,"href":"https:\/\/cvinoticias.com\/v3\/wp-json\/wp\/v2\/tags?post=48626"}],"curies":[{"name":"wp","href":"https:\/\/api.w.org\/{rel}","templated":true}]}}