{"id":48585,"date":"2025-09-09T08:54:05","date_gmt":"2025-09-09T11:54:05","guid":{"rendered":"https:\/\/cvinoticias.com\/v3\/?p=48585"},"modified":"2025-09-09T08:58:07","modified_gmt":"2025-09-09T11:58:07","slug":"la-policia-de-misiones-presento-su-centro-movil-de-videovigilancia-mas-avanzado-de-la-region","status":"publish","type":"post","link":"https:\/\/cvinoticias.com\/v3\/la-policia-de-misiones-presento-su-centro-movil-de-videovigilancia-mas-avanzado-de-la-region\/","title":{"rendered":"La Polic\u00eda de Misiones present\u00f3 su centro m\u00f3vil de videovigilancia m\u00e1s avanzado de la regi\u00f3n"},"content":{"rendered":"\n<p> La Polic\u00eda de Misiones dio a conocer el \u201cGuardi\u00e1n Inteligente\u201d, un cami\u00f3n de \u00faltima generaci\u00f3n que se incorpora al Centro Integral de Operaciones 911 y que se posiciona como el centro m\u00f3vil de videovigilancia m\u00e1s moderno de la regi\u00f3n.<\/p>\n\n\n\n<p>Se trata de un Volvo especialmente acondicionado con equipamiento tecnol\u00f3gico de alta gama. La unidad est\u00e1 dotada de drones, c\u00e1maras estrat\u00e9gicamente instaladas, sala forense, sistemas de rastreo satelital y m\u00f3dulos operativos independientes que permiten un monitoreo en tiempo real de hasta 7 kil\u00f3metros a la redonda.<\/p>\n\n\n\n<p>El veh\u00edculo cuenta, adem\u00e1s, con pantallas para el seguimiento de m\u00f3viles y efectivos, rastreo de tel\u00e9fonos satelitales y una sala modular de situaci\u00f3n con capacidad para ocho personas, destinada a la planificaci\u00f3n y coordinaci\u00f3n de operativos en diversos contextos: desde barrios y eventos multitudinarios hasta rutas, zonas selv\u00e1ticas o escenarios de emergencia.<\/p>\n\n\n\n<figure class=\"wp-block-image size-large\"><a href=\"https:\/\/cvinoticias.com\/wp-content\/uploads\/2025\/09\/image-1.png\"><img decoding=\"async\" width=\"576\" height=\"1024\" data-src=\"https:\/\/cvinoticias.com\/wp-content\/uploads\/2025\/09\/image-1-576x1024.png\" alt=\"\" class=\"wp-image-48590 lazyload\" data-srcset=\"https:\/\/cvinoticias.com\/wp-content\/uploads\/2025\/09\/image-1-576x1024.png 576w, https:\/\/cvinoticias.com\/wp-content\/uploads\/2025\/09\/image-1-169x300.png 169w, https:\/\/cvinoticias.com\/wp-content\/uploads\/2025\/09\/image-1-768x1366.png 768w, https:\/\/cvinoticias.com\/wp-content\/uploads\/2025\/09\/image-1-864x1536.png 864w, https:\/\/cvinoticias.com\/wp-content\/uploads\/2025\/09\/image-1.png 899w\" data-sizes=\"(max-width: 576px) 100vw, 576px\" src=\"data:image\/svg+xml;base64,PHN2ZyB3aWR0aD0iMSIgaGVpZ2h0PSIxIiB4bWxucz0iaHR0cDovL3d3dy53My5vcmcvMjAwMC9zdmciPjwvc3ZnPg==\" style=\"--smush-placeholder-width: 576px; --smush-placeholder-aspect-ratio: 576\/1024;\" \/><\/a><\/figure>\n\n\n\n<p>Durante su estreno en la inauguraci\u00f3n de la Fiesta Nacional del Inmigrante en Ober\u00e1, el centro m\u00f3vil demostr\u00f3 su eficacia en la supervisi\u00f3n de grandes concentraciones de personas, reforzando la prevenci\u00f3n y optimizando la coordinaci\u00f3n en tiempo real.<\/p>\n\n\n\n<p>Cabe destacar que, junto con este nuevo cami\u00f3n, la Polic\u00eda de Misiones ya dispone de otros dos furgones equipados tecnol\u00f3gicamente, que se desplazan por distintos puntos de la provincia brindando apoyo en operativos y asegurando una respuesta r\u00e1pida ante diferentes situaciones.<\/p>\n\n\n\n<p>Con la incorporaci\u00f3n del \u201cGuardi\u00e1n Inteligente\u201d, la fuerza provincial reafirma su estrategia de modernizaci\u00f3n, combinando innovaci\u00f3n tecnol\u00f3gica con personal especializado, y se consolida como una de las polic\u00edas mejor equipadas del pa\u00eds y de la regi\u00f3n.<\/p>\n\n\n\n<p>Fuente: El Misionero Diario Digital<\/p>\n","protected":false},"excerpt":{"rendered":"<p>La Polic\u00eda de Misiones dio a conocer el \u201cGuardi\u00e1n Inteligente\u201d, un cami\u00f3n de \u00faltima generaci\u00f3n que se incorpora al Centro Integral de Operaciones 911 y que se posiciona como el centro m\u00f3vil de videovigilancia m\u00e1s moderno de la regi\u00f3n. Se trata de un Volvo especialmente acondicionado con equipamiento tecnol\u00f3gico de alta gama. La unidad est\u00e1 [&hellip;]<\/p>\n","protected":false},"author":2,"featured_media":48586,"comment_status":"open","ping_status":"open","sticky":false,"template":"","format":"standard","meta":{"footnotes":""},"categories":[41],"tags":[3817,278,2450],"class_list":["post-48585","post","type-post","status-publish","format-standard","has-post-thumbnail","hentry","category-policiales","tag-centro-movil","tag-misiones","tag-videovigilancia"],"yoast_head":"<!-- This site is optimized with the Yoast SEO plugin v27.5 - https:\/\/yoast.com\/product\/yoast-seo-wordpress\/ -->\n<title>Polic\u00eda de Misiones present\u00f3 su centro m\u00f3vil de videovigilancia | CVI NOTICIAS<\/title>\n<meta name=\"description\" content=\"El &quot;Guardi\u00e1n Inteligente&quot;, cami\u00f3n de \u00faltima generaci\u00f3n, reforzar\u00e1 la videovigilancia y coordinaci\u00f3n de operativos en Misiones.\" \/>\n<meta name=\"robots\" content=\"index, follow, max-snippet:-1, max-image-preview:large, max-video-preview:-1\" \/>\n<link rel=\"canonical\" href=\"https:\/\/cvinoticias.com\/v3\/la-policia-de-misiones-presento-su-centro-movil-de-videovigilancia-mas-avanzado-de-la-region\/\" \/>\n<meta property=\"og:locale\" content=\"es_ES\" \/>\n<meta property=\"og:type\" content=\"article\" \/>\n<meta property=\"og:title\" content=\"Polic\u00eda de Misiones present\u00f3 su centro m\u00f3vil de videovigilancia | CVI NOTICIAS\" \/>\n<meta property=\"og:description\" content=\"El &quot;Guardi\u00e1n Inteligente&quot;, cami\u00f3n de \u00faltima generaci\u00f3n, reforzar\u00e1 la videovigilancia y coordinaci\u00f3n de operativos en Misiones.\" \/>\n<meta property=\"og:url\" content=\"https:\/\/cvinoticias.com\/v3\/la-policia-de-misiones-presento-su-centro-movil-de-videovigilancia-mas-avanzado-de-la-region\/\" \/>\n<meta property=\"og:site_name\" content=\"CVI NOTICIAS\" \/>\n<meta property=\"article:publisher\" content=\"https:\/\/www.facebook.com\/cvinoticias\" \/>\n<meta property=\"article:published_time\" content=\"2025-09-09T11:54:05+00:00\" \/>\n<meta property=\"article:modified_time\" content=\"2025-09-09T11:58:07+00:00\" \/>\n<meta property=\"og:image\" content=\"https:\/\/cvinoticias.com\/wp-content\/uploads\/2025\/09\/policia-tecnologia.jpg\" \/>\n\t<meta property=\"og:image:width\" content=\"960\" \/>\n\t<meta property=\"og:image:height\" content=\"1280\" \/>\n\t<meta property=\"og:image:type\" content=\"image\/jpeg\" \/>\n<meta name=\"author\" content=\"f1000024\" \/>\n<meta name=\"twitter:card\" content=\"summary_large_image\" \/>\n<meta name=\"twitter:label1\" content=\"Escrito por\" \/>\n\t<meta name=\"twitter:data1\" content=\"f1000024\" \/>\n\t<meta name=\"twitter:label2\" content=\"Tiempo de lectura\" \/>\n\t<meta name=\"twitter:data2\" content=\"2 minutos\" \/>\n<script type=\"application\/ld+json\" class=\"yoast-schema-graph\">{\"@context\":\"https:\\\/\\\/schema.org\",\"@graph\":[{\"@type\":\"Article\",\"@id\":\"https:\\\/\\\/cvinoticias.com\\\/v3\\\/la-policia-de-misiones-presento-su-centro-movil-de-videovigilancia-mas-avanzado-de-la-region\\\/#article\",\"isPartOf\":{\"@id\":\"https:\\\/\\\/cvinoticias.com\\\/v3\\\/la-policia-de-misiones-presento-su-centro-movil-de-videovigilancia-mas-avanzado-de-la-region\\\/\"},\"author\":{\"name\":\"f1000024\",\"@id\":\"https:\\\/\\\/cvinoticias.com\\\/v3\\\/#\\\/schema\\\/person\\\/2db77e3c6bc03c538495d7b2b8be9b66\"},\"headline\":\"La Polic\u00eda de Misiones present\u00f3 su centro m\u00f3vil de videovigilancia m\u00e1s avanzado de la regi\u00f3n\",\"datePublished\":\"2025-09-09T11:54:05+00:00\",\"dateModified\":\"2025-09-09T11:58:07+00:00\",\"mainEntityOfPage\":{\"@id\":\"https:\\\/\\\/cvinoticias.com\\\/v3\\\/la-policia-de-misiones-presento-su-centro-movil-de-videovigilancia-mas-avanzado-de-la-region\\\/\"},\"wordCount\":311,\"commentCount\":0,\"publisher\":{\"@id\":\"https:\\\/\\\/cvinoticias.com\\\/v3\\\/#organization\"},\"image\":{\"@id\":\"https:\\\/\\\/cvinoticias.com\\\/v3\\\/la-policia-de-misiones-presento-su-centro-movil-de-videovigilancia-mas-avanzado-de-la-region\\\/#primaryimage\"},\"thumbnailUrl\":\"https:\\\/\\\/cvinoticias.com\\\/wp-content\\\/uploads\\\/2025\\\/09\\\/policia-tecnologia.jpg\",\"keywords\":[\"centro m\u00f3vil\",\"Misiones\",\"videovigilancia\"],\"articleSection\":[\"Policiales\"],\"inLanguage\":\"es\",\"potentialAction\":[{\"@type\":\"CommentAction\",\"name\":\"Comment\",\"target\":[\"https:\\\/\\\/cvinoticias.com\\\/v3\\\/la-policia-de-misiones-presento-su-centro-movil-de-videovigilancia-mas-avanzado-de-la-region\\\/#respond\"]}]},{\"@type\":\"WebPage\",\"@id\":\"https:\\\/\\\/cvinoticias.com\\\/v3\\\/la-policia-de-misiones-presento-su-centro-movil-de-videovigilancia-mas-avanzado-de-la-region\\\/\",\"url\":\"https:\\\/\\\/cvinoticias.com\\\/v3\\\/la-policia-de-misiones-presento-su-centro-movil-de-videovigilancia-mas-avanzado-de-la-region\\\/\",\"name\":\"Polic\u00eda de Misiones present\u00f3 su centro m\u00f3vil de videovigilancia | CVI NOTICIAS\",\"isPartOf\":{\"@id\":\"https:\\\/\\\/cvinoticias.com\\\/v3\\\/#website\"},\"primaryImageOfPage\":{\"@id\":\"https:\\\/\\\/cvinoticias.com\\\/v3\\\/la-policia-de-misiones-presento-su-centro-movil-de-videovigilancia-mas-avanzado-de-la-region\\\/#primaryimage\"},\"image\":{\"@id\":\"https:\\\/\\\/cvinoticias.com\\\/v3\\\/la-policia-de-misiones-presento-su-centro-movil-de-videovigilancia-mas-avanzado-de-la-region\\\/#primaryimage\"},\"thumbnailUrl\":\"https:\\\/\\\/cvinoticias.com\\\/wp-content\\\/uploads\\\/2025\\\/09\\\/policia-tecnologia.jpg\",\"datePublished\":\"2025-09-09T11:54:05+00:00\",\"dateModified\":\"2025-09-09T11:58:07+00:00\",\"description\":\"El \\\"Guardi\u00e1n Inteligente\\\", cami\u00f3n de \u00faltima generaci\u00f3n, reforzar\u00e1 la videovigilancia y coordinaci\u00f3n de operativos en Misiones.\",\"breadcrumb\":{\"@id\":\"https:\\\/\\\/cvinoticias.com\\\/v3\\\/la-policia-de-misiones-presento-su-centro-movil-de-videovigilancia-mas-avanzado-de-la-region\\\/#breadcrumb\"},\"inLanguage\":\"es\",\"potentialAction\":[{\"@type\":\"ReadAction\",\"target\":[\"https:\\\/\\\/cvinoticias.com\\\/v3\\\/la-policia-de-misiones-presento-su-centro-movil-de-videovigilancia-mas-avanzado-de-la-region\\\/\"]}]},{\"@type\":\"ImageObject\",\"inLanguage\":\"es\",\"@id\":\"https:\\\/\\\/cvinoticias.com\\\/v3\\\/la-policia-de-misiones-presento-su-centro-movil-de-videovigilancia-mas-avanzado-de-la-region\\\/#primaryimage\",\"url\":\"https:\\\/\\\/cvinoticias.com\\\/wp-content\\\/uploads\\\/2025\\\/09\\\/policia-tecnologia.jpg\",\"contentUrl\":\"https:\\\/\\\/cvinoticias.com\\\/wp-content\\\/uploads\\\/2025\\\/09\\\/policia-tecnologia.jpg\",\"width\":960,\"height\":1280},{\"@type\":\"BreadcrumbList\",\"@id\":\"https:\\\/\\\/cvinoticias.com\\\/v3\\\/la-policia-de-misiones-presento-su-centro-movil-de-videovigilancia-mas-avanzado-de-la-region\\\/#breadcrumb\",\"itemListElement\":[{\"@type\":\"ListItem\",\"position\":1,\"name\":\"Portada\",\"item\":\"https:\\\/\\\/cvinoticias.com\\\/v3\\\/\"},{\"@type\":\"ListItem\",\"position\":2,\"name\":\"La Polic\u00eda de Misiones present\u00f3 su centro m\u00f3vil de videovigilancia m\u00e1s avanzado de la regi\u00f3n\"}]},{\"@type\":\"WebSite\",\"@id\":\"https:\\\/\\\/cvinoticias.com\\\/v3\\\/#website\",\"url\":\"https:\\\/\\\/cvinoticias.com\\\/v3\\\/\",\"name\":\"CVI NOTICIAS\",\"description\":\"\",\"publisher\":{\"@id\":\"https:\\\/\\\/cvinoticias.com\\\/v3\\\/#organization\"},\"alternateName\":\"CVI\",\"potentialAction\":[{\"@type\":\"SearchAction\",\"target\":{\"@type\":\"EntryPoint\",\"urlTemplate\":\"https:\\\/\\\/cvinoticias.com\\\/v3\\\/?s={search_term_string}\"},\"query-input\":{\"@type\":\"PropertyValueSpecification\",\"valueRequired\":true,\"valueName\":\"search_term_string\"}}],\"inLanguage\":\"es\"},{\"@type\":\"Organization\",\"@id\":\"https:\\\/\\\/cvinoticias.com\\\/v3\\\/#organization\",\"name\":\"CVI NOTICIAS\",\"url\":\"https:\\\/\\\/cvinoticias.com\\\/v3\\\/\",\"logo\":{\"@type\":\"ImageObject\",\"inLanguage\":\"es\",\"@id\":\"https:\\\/\\\/cvinoticias.com\\\/v3\\\/#\\\/schema\\\/logo\\\/image\\\/\",\"url\":\"https:\\\/\\\/cvinoticias.com\\\/wp-content\\\/uploads\\\/2023\\\/04\\\/cropped-cropped-cropped-cropped-cropped-3-1.png\",\"contentUrl\":\"https:\\\/\\\/cvinoticias.com\\\/wp-content\\\/uploads\\\/2023\\\/04\\\/cropped-cropped-cropped-cropped-cropped-3-1.png\",\"width\":95,\"height\":122,\"caption\":\"CVI NOTICIAS\"},\"image\":{\"@id\":\"https:\\\/\\\/cvinoticias.com\\\/v3\\\/#\\\/schema\\\/logo\\\/image\\\/\"},\"sameAs\":[\"https:\\\/\\\/www.facebook.com\\\/cvinoticias\",\"https:\\\/\\\/www.instagram.com\\\/cvinoticias\\\/\",\"https:\\\/\\\/www.youtube.com\\\/@CVINOTICIAS\"]},{\"@type\":\"Person\",\"@id\":\"https:\\\/\\\/cvinoticias.com\\\/v3\\\/#\\\/schema\\\/person\\\/2db77e3c6bc03c538495d7b2b8be9b66\",\"name\":\"f1000024\",\"image\":{\"@type\":\"ImageObject\",\"inLanguage\":\"es\",\"@id\":\"https:\\\/\\\/secure.gravatar.com\\\/avatar\\\/d4fe7459cfc51ff5129ce1a732bbef5928568b8092d412ef95611616376bbeed?s=96&d=mm&r=g\",\"url\":\"https:\\\/\\\/secure.gravatar.com\\\/avatar\\\/d4fe7459cfc51ff5129ce1a732bbef5928568b8092d412ef95611616376bbeed?s=96&d=mm&r=g\",\"contentUrl\":\"https:\\\/\\\/secure.gravatar.com\\\/avatar\\\/d4fe7459cfc51ff5129ce1a732bbef5928568b8092d412ef95611616376bbeed?s=96&d=mm&r=g\",\"caption\":\"f1000024\"},\"url\":\"https:\\\/\\\/cvinoticias.com\\\/v3\\\/author\\\/f1000024\\\/\"}]}<\/script>\n<!-- \/ Yoast SEO plugin. -->","yoast_head_json":{"title":"Polic\u00eda de Misiones present\u00f3 su centro m\u00f3vil de videovigilancia | CVI NOTICIAS","description":"El \"Guardi\u00e1n Inteligente\", cami\u00f3n de \u00faltima generaci\u00f3n, reforzar\u00e1 la videovigilancia y coordinaci\u00f3n de operativos en Misiones.","robots":{"index":"index","follow":"follow","max-snippet":"max-snippet:-1","max-image-preview":"max-image-preview:large","max-video-preview":"max-video-preview:-1"},"canonical":"https:\/\/cvinoticias.com\/v3\/la-policia-de-misiones-presento-su-centro-movil-de-videovigilancia-mas-avanzado-de-la-region\/","og_locale":"es_ES","og_type":"article","og_title":"Polic\u00eda de Misiones present\u00f3 su centro m\u00f3vil de videovigilancia | CVI NOTICIAS","og_description":"El \"Guardi\u00e1n Inteligente\", cami\u00f3n de \u00faltima generaci\u00f3n, reforzar\u00e1 la videovigilancia y coordinaci\u00f3n de operativos en Misiones.","og_url":"https:\/\/cvinoticias.com\/v3\/la-policia-de-misiones-presento-su-centro-movil-de-videovigilancia-mas-avanzado-de-la-region\/","og_site_name":"CVI NOTICIAS","article_publisher":"https:\/\/www.facebook.com\/cvinoticias","article_published_time":"2025-09-09T11:54:05+00:00","article_modified_time":"2025-09-09T11:58:07+00:00","og_image":[{"width":960,"height":1280,"url":"https:\/\/cvinoticias.com\/wp-content\/uploads\/2025\/09\/policia-tecnologia.jpg","type":"image\/jpeg"}],"author":"f1000024","twitter_card":"summary_large_image","twitter_misc":{"Escrito por":"f1000024","Tiempo de lectura":"2 minutos"},"schema":{"@context":"https:\/\/schema.org","@graph":[{"@type":"Article","@id":"https:\/\/cvinoticias.com\/v3\/la-policia-de-misiones-presento-su-centro-movil-de-videovigilancia-mas-avanzado-de-la-region\/#article","isPartOf":{"@id":"https:\/\/cvinoticias.com\/v3\/la-policia-de-misiones-presento-su-centro-movil-de-videovigilancia-mas-avanzado-de-la-region\/"},"author":{"name":"f1000024","@id":"https:\/\/cvinoticias.com\/v3\/#\/schema\/person\/2db77e3c6bc03c538495d7b2b8be9b66"},"headline":"La Polic\u00eda de Misiones present\u00f3 su centro m\u00f3vil de videovigilancia m\u00e1s avanzado de la regi\u00f3n","datePublished":"2025-09-09T11:54:05+00:00","dateModified":"2025-09-09T11:58:07+00:00","mainEntityOfPage":{"@id":"https:\/\/cvinoticias.com\/v3\/la-policia-de-misiones-presento-su-centro-movil-de-videovigilancia-mas-avanzado-de-la-region\/"},"wordCount":311,"commentCount":0,"publisher":{"@id":"https:\/\/cvinoticias.com\/v3\/#organization"},"image":{"@id":"https:\/\/cvinoticias.com\/v3\/la-policia-de-misiones-presento-su-centro-movil-de-videovigilancia-mas-avanzado-de-la-region\/#primaryimage"},"thumbnailUrl":"https:\/\/cvinoticias.com\/wp-content\/uploads\/2025\/09\/policia-tecnologia.jpg","keywords":["centro m\u00f3vil","Misiones","videovigilancia"],"articleSection":["Policiales"],"inLanguage":"es","potentialAction":[{"@type":"CommentAction","name":"Comment","target":["https:\/\/cvinoticias.com\/v3\/la-policia-de-misiones-presento-su-centro-movil-de-videovigilancia-mas-avanzado-de-la-region\/#respond"]}]},{"@type":"WebPage","@id":"https:\/\/cvinoticias.com\/v3\/la-policia-de-misiones-presento-su-centro-movil-de-videovigilancia-mas-avanzado-de-la-region\/","url":"https:\/\/cvinoticias.com\/v3\/la-policia-de-misiones-presento-su-centro-movil-de-videovigilancia-mas-avanzado-de-la-region\/","name":"Polic\u00eda de Misiones present\u00f3 su centro m\u00f3vil de videovigilancia | CVI NOTICIAS","isPartOf":{"@id":"https:\/\/cvinoticias.com\/v3\/#website"},"primaryImageOfPage":{"@id":"https:\/\/cvinoticias.com\/v3\/la-policia-de-misiones-presento-su-centro-movil-de-videovigilancia-mas-avanzado-de-la-region\/#primaryimage"},"image":{"@id":"https:\/\/cvinoticias.com\/v3\/la-policia-de-misiones-presento-su-centro-movil-de-videovigilancia-mas-avanzado-de-la-region\/#primaryimage"},"thumbnailUrl":"https:\/\/cvinoticias.com\/wp-content\/uploads\/2025\/09\/policia-tecnologia.jpg","datePublished":"2025-09-09T11:54:05+00:00","dateModified":"2025-09-09T11:58:07+00:00","description":"El \"Guardi\u00e1n Inteligente\", cami\u00f3n de \u00faltima generaci\u00f3n, reforzar\u00e1 la videovigilancia y coordinaci\u00f3n de operativos en Misiones.","breadcrumb":{"@id":"https:\/\/cvinoticias.com\/v3\/la-policia-de-misiones-presento-su-centro-movil-de-videovigilancia-mas-avanzado-de-la-region\/#breadcrumb"},"inLanguage":"es","potentialAction":[{"@type":"ReadAction","target":["https:\/\/cvinoticias.com\/v3\/la-policia-de-misiones-presento-su-centro-movil-de-videovigilancia-mas-avanzado-de-la-region\/"]}]},{"@type":"ImageObject","inLanguage":"es","@id":"https:\/\/cvinoticias.com\/v3\/la-policia-de-misiones-presento-su-centro-movil-de-videovigilancia-mas-avanzado-de-la-region\/#primaryimage","url":"https:\/\/cvinoticias.com\/wp-content\/uploads\/2025\/09\/policia-tecnologia.jpg","contentUrl":"https:\/\/cvinoticias.com\/wp-content\/uploads\/2025\/09\/policia-tecnologia.jpg","width":960,"height":1280},{"@type":"BreadcrumbList","@id":"https:\/\/cvinoticias.com\/v3\/la-policia-de-misiones-presento-su-centro-movil-de-videovigilancia-mas-avanzado-de-la-region\/#breadcrumb","itemListElement":[{"@type":"ListItem","position":1,"name":"Portada","item":"https:\/\/cvinoticias.com\/v3\/"},{"@type":"ListItem","position":2,"name":"La Polic\u00eda de Misiones present\u00f3 su centro m\u00f3vil de videovigilancia m\u00e1s avanzado de la regi\u00f3n"}]},{"@type":"WebSite","@id":"https:\/\/cvinoticias.com\/v3\/#website","url":"https:\/\/cvinoticias.com\/v3\/","name":"CVI NOTICIAS","description":"","publisher":{"@id":"https:\/\/cvinoticias.com\/v3\/#organization"},"alternateName":"CVI","potentialAction":[{"@type":"SearchAction","target":{"@type":"EntryPoint","urlTemplate":"https:\/\/cvinoticias.com\/v3\/?s={search_term_string}"},"query-input":{"@type":"PropertyValueSpecification","valueRequired":true,"valueName":"search_term_string"}}],"inLanguage":"es"},{"@type":"Organization","@id":"https:\/\/cvinoticias.com\/v3\/#organization","name":"CVI NOTICIAS","url":"https:\/\/cvinoticias.com\/v3\/","logo":{"@type":"ImageObject","inLanguage":"es","@id":"https:\/\/cvinoticias.com\/v3\/#\/schema\/logo\/image\/","url":"https:\/\/cvinoticias.com\/wp-content\/uploads\/2023\/04\/cropped-cropped-cropped-cropped-cropped-3-1.png","contentUrl":"https:\/\/cvinoticias.com\/wp-content\/uploads\/2023\/04\/cropped-cropped-cropped-cropped-cropped-3-1.png","width":95,"height":122,"caption":"CVI NOTICIAS"},"image":{"@id":"https:\/\/cvinoticias.com\/v3\/#\/schema\/logo\/image\/"},"sameAs":["https:\/\/www.facebook.com\/cvinoticias","https:\/\/www.instagram.com\/cvinoticias\/","https:\/\/www.youtube.com\/@CVINOTICIAS"]},{"@type":"Person","@id":"https:\/\/cvinoticias.com\/v3\/#\/schema\/person\/2db77e3c6bc03c538495d7b2b8be9b66","name":"f1000024","image":{"@type":"ImageObject","inLanguage":"es","@id":"https:\/\/secure.gravatar.com\/avatar\/d4fe7459cfc51ff5129ce1a732bbef5928568b8092d412ef95611616376bbeed?s=96&d=mm&r=g","url":"https:\/\/secure.gravatar.com\/avatar\/d4fe7459cfc51ff5129ce1a732bbef5928568b8092d412ef95611616376bbeed?s=96&d=mm&r=g","contentUrl":"https:\/\/secure.gravatar.com\/avatar\/d4fe7459cfc51ff5129ce1a732bbef5928568b8092d412ef95611616376bbeed?s=96&d=mm&r=g","caption":"f1000024"},"url":"https:\/\/cvinoticias.com\/v3\/author\/f1000024\/"}]}},"_links":{"self":[{"href":"https:\/\/cvinoticias.com\/v3\/wp-json\/wp\/v2\/posts\/48585","targetHints":{"allow":["GET"]}}],"collection":[{"href":"https:\/\/cvinoticias.com\/v3\/wp-json\/wp\/v2\/posts"}],"about":[{"href":"https:\/\/cvinoticias.com\/v3\/wp-json\/wp\/v2\/types\/post"}],"author":[{"embeddable":true,"href":"https:\/\/cvinoticias.com\/v3\/wp-json\/wp\/v2\/users\/2"}],"replies":[{"embeddable":true,"href":"https:\/\/cvinoticias.com\/v3\/wp-json\/wp\/v2\/comments?post=48585"}],"version-history":[{"count":3,"href":"https:\/\/cvinoticias.com\/v3\/wp-json\/wp\/v2\/posts\/48585\/revisions"}],"predecessor-version":[{"id":48591,"href":"https:\/\/cvinoticias.com\/v3\/wp-json\/wp\/v2\/posts\/48585\/revisions\/48591"}],"wp:featuredmedia":[{"embeddable":true,"href":"https:\/\/cvinoticias.com\/v3\/wp-json\/wp\/v2\/media\/48586"}],"wp:attachment":[{"href":"https:\/\/cvinoticias.com\/v3\/wp-json\/wp\/v2\/media?parent=48585"}],"wp:term":[{"taxonomy":"category","embeddable":true,"href":"https:\/\/cvinoticias.com\/v3\/wp-json\/wp\/v2\/categories?post=48585"},{"taxonomy":"post_tag","embeddable":true,"href":"https:\/\/cvinoticias.com\/v3\/wp-json\/wp\/v2\/tags?post=48585"}],"curies":[{"name":"wp","href":"https:\/\/api.w.org\/{rel}","templated":true}]}}