{"id":48573,"date":"2025-09-09T08:18:03","date_gmt":"2025-09-09T11:18:03","guid":{"rendered":"https:\/\/cvinoticias.com\/v3\/?p=48573"},"modified":"2025-09-09T08:18:04","modified_gmt":"2025-09-09T11:18:04","slug":"juzgado-de-san-vicente-indaga-al-detenido-por-el-femicidio-de-marisa-cunha","status":"publish","type":"post","link":"https:\/\/cvinoticias.com\/v3\/juzgado-de-san-vicente-indaga-al-detenido-por-el-femicidio-de-marisa-cunha\/","title":{"rendered":"Juzgado de San Vicente indaga al detenido por el femicidio de Marisa Cunha"},"content":{"rendered":"\n<p>Marcelo D.R., de 53 a\u00f1os, acusado de asesinar a balazos a su ex esposa Marisa Cunha, ser\u00e1 indagado este martes en el Juzgado de Instrucci\u00f3n III de San Vicente.<\/p>\n\n\n\n<p>El hecho ocurri\u00f3 el jueves 4 de septiembre. Ese d\u00eda, el cuerpo de la v\u00edctima, de 47 a\u00f1os, fue hallado en su vivienda con dos disparos que le provocaron la muerte inmediata.<\/p>\n\n\n\n<p>La indagatoria se realizar\u00e1 en el marco de la investigaci\u00f3n por el femicidio registrado en una casa ubicada sobre la calle Luis Pasteur 130. Seg\u00fan las primeras pericias, Marisa Cunha recibi\u00f3 dos disparos despu\u00e9s de una fuerte discusi\u00f3n con su ex esposo.<\/p>\n\n\n\n<p>Marcelo D.R. fue detenido el viernes pasado, pasadas las 19:30, sobre la calle Luis Pasteur del barrio 51 Viviendas. El acusado estaba realizando compras en un comercio local cuando lo interceptaron efectivos del Comando Radioel\u00e9ctrico. Estuvo pr\u00f3fugo m\u00e1s de 24 horas tras el crimen.<\/p>\n\n\n\n<p>Por otro lado, la Polic\u00eda incaut\u00f3 este s\u00e1bado una pistola Bersa calibre 22 mil\u00edmetros que podr\u00eda haber sido usada en el femicidio. El hallazgo se produjo durante un rastrillaje en una zona de malezas al costado de la calle Yerbal de San Vicente.<\/p>\n\n\n\n<p>El arma ten\u00eda un cartucho en la rec\u00e1mara y tres en el cargador. Fue secuestrada y puesta a disposici\u00f3n de la Justicia. Los peritos deber\u00e1n determinar si est\u00e1 directamente relacionada con el crimen. Esta ser\u00eda una prueba clave para el caso.<\/p>\n\n\n\n<p>El sospechoso comparecer\u00e1 ante el juez bajo un estricto operativo de seguridad de la Unidad Regional VIII.<\/p>\n\n\n\n<p>Este caso es el sexto femicidio en lo que va de 2025 en la provincia de Misiones, seg\u00fan inform\u00f3 la Polic\u00eda. La v\u00edctima, madre de tres hijos, fue encontrada sin vida por familiares que se acercaron a la vivienda tras no tener noticias de ella.<\/p>\n\n\n\n<p>Fuente: Canal 12 Misiones<\/p>\n\n\n\n<p><\/p>\n","protected":false},"excerpt":{"rendered":"<p>Marcelo D.R., de 53 a\u00f1os, acusado de asesinar a balazos a su ex esposa Marisa Cunha, ser\u00e1 indagado este martes en el Juzgado de Instrucci\u00f3n III de San Vicente. El hecho ocurri\u00f3 el jueves 4 de septiembre. Ese d\u00eda, el cuerpo de la v\u00edctima, de 47 a\u00f1os, fue hallado en su vivienda con dos disparos [&hellip;]<\/p>\n","protected":false},"author":2,"featured_media":48574,"comment_status":"open","ping_status":"open","sticky":false,"template":"","format":"standard","meta":{"footnotes":""},"categories":[41],"tags":[392,3814,278],"class_list":["post-48573","post","type-post","status-publish","format-standard","has-post-thumbnail","hentry","category-policiales","tag-femicidio","tag-marisa-cunha","tag-misiones"],"yoast_head":"<!-- This site is optimized with the Yoast SEO plugin v27.5 - https:\/\/yoast.com\/product\/yoast-seo-wordpress\/ -->\n<title>Indagan al detenido por el femicidio de Marisa Cunha | CVI NOTICIAS<\/title>\n<meta name=\"description\" content=\"El acusado por el femicidio de Marisa Cunha ser\u00e1 indagado este martes en el Juzgado de Instrucci\u00f3n III de San Vicente.\" \/>\n<meta name=\"robots\" content=\"index, follow, max-snippet:-1, max-image-preview:large, max-video-preview:-1\" \/>\n<link rel=\"canonical\" href=\"https:\/\/cvinoticias.com\/v3\/juzgado-de-san-vicente-indaga-al-detenido-por-el-femicidio-de-marisa-cunha\/\" \/>\n<meta property=\"og:locale\" content=\"es_ES\" \/>\n<meta property=\"og:type\" content=\"article\" \/>\n<meta property=\"og:title\" content=\"Indagan al detenido por el femicidio de Marisa Cunha | CVI NOTICIAS\" \/>\n<meta property=\"og:description\" content=\"El acusado por el femicidio de Marisa Cunha ser\u00e1 indagado este martes en el Juzgado de Instrucci\u00f3n III de San Vicente.\" \/>\n<meta property=\"og:url\" content=\"https:\/\/cvinoticias.com\/v3\/juzgado-de-san-vicente-indaga-al-detenido-por-el-femicidio-de-marisa-cunha\/\" \/>\n<meta property=\"og:site_name\" content=\"CVI NOTICIAS\" \/>\n<meta property=\"article:publisher\" content=\"https:\/\/www.facebook.com\/cvinoticias\" \/>\n<meta property=\"article:published_time\" content=\"2025-09-09T11:18:03+00:00\" \/>\n<meta property=\"article:modified_time\" content=\"2025-09-09T11:18:04+00:00\" \/>\n<meta property=\"og:image\" content=\"https:\/\/cvinoticias.com\/wp-content\/uploads\/2025\/09\/presunto-femicida-Marisa-Cunha.webp\" \/>\n\t<meta property=\"og:image:width\" content=\"718\" \/>\n\t<meta property=\"og:image:height\" content=\"488\" \/>\n\t<meta property=\"og:image:type\" content=\"image\/webp\" \/>\n<meta name=\"author\" content=\"f1000024\" \/>\n<meta name=\"twitter:card\" content=\"summary_large_image\" \/>\n<meta name=\"twitter:label1\" content=\"Escrito por\" \/>\n\t<meta name=\"twitter:data1\" content=\"f1000024\" \/>\n\t<meta name=\"twitter:label2\" content=\"Tiempo de lectura\" \/>\n\t<meta name=\"twitter:data2\" content=\"2 minutos\" \/>\n<script type=\"application\/ld+json\" class=\"yoast-schema-graph\">{\"@context\":\"https:\\\/\\\/schema.org\",\"@graph\":[{\"@type\":\"Article\",\"@id\":\"https:\\\/\\\/cvinoticias.com\\\/v3\\\/juzgado-de-san-vicente-indaga-al-detenido-por-el-femicidio-de-marisa-cunha\\\/#article\",\"isPartOf\":{\"@id\":\"https:\\\/\\\/cvinoticias.com\\\/v3\\\/juzgado-de-san-vicente-indaga-al-detenido-por-el-femicidio-de-marisa-cunha\\\/\"},\"author\":{\"name\":\"f1000024\",\"@id\":\"https:\\\/\\\/cvinoticias.com\\\/v3\\\/#\\\/schema\\\/person\\\/2db77e3c6bc03c538495d7b2b8be9b66\"},\"headline\":\"Juzgado de San Vicente indaga al detenido por el femicidio de Marisa Cunha\",\"datePublished\":\"2025-09-09T11:18:03+00:00\",\"dateModified\":\"2025-09-09T11:18:04+00:00\",\"mainEntityOfPage\":{\"@id\":\"https:\\\/\\\/cvinoticias.com\\\/v3\\\/juzgado-de-san-vicente-indaga-al-detenido-por-el-femicidio-de-marisa-cunha\\\/\"},\"wordCount\":326,\"commentCount\":0,\"publisher\":{\"@id\":\"https:\\\/\\\/cvinoticias.com\\\/v3\\\/#organization\"},\"image\":{\"@id\":\"https:\\\/\\\/cvinoticias.com\\\/v3\\\/juzgado-de-san-vicente-indaga-al-detenido-por-el-femicidio-de-marisa-cunha\\\/#primaryimage\"},\"thumbnailUrl\":\"https:\\\/\\\/cvinoticias.com\\\/wp-content\\\/uploads\\\/2025\\\/09\\\/presunto-femicida-Marisa-Cunha.webp\",\"keywords\":[\"Femicidio\",\"Marisa Cunha\",\"Misiones\"],\"articleSection\":[\"Policiales\"],\"inLanguage\":\"es\",\"potentialAction\":[{\"@type\":\"CommentAction\",\"name\":\"Comment\",\"target\":[\"https:\\\/\\\/cvinoticias.com\\\/v3\\\/juzgado-de-san-vicente-indaga-al-detenido-por-el-femicidio-de-marisa-cunha\\\/#respond\"]}]},{\"@type\":\"WebPage\",\"@id\":\"https:\\\/\\\/cvinoticias.com\\\/v3\\\/juzgado-de-san-vicente-indaga-al-detenido-por-el-femicidio-de-marisa-cunha\\\/\",\"url\":\"https:\\\/\\\/cvinoticias.com\\\/v3\\\/juzgado-de-san-vicente-indaga-al-detenido-por-el-femicidio-de-marisa-cunha\\\/\",\"name\":\"Indagan al detenido por el femicidio de Marisa Cunha | CVI NOTICIAS\",\"isPartOf\":{\"@id\":\"https:\\\/\\\/cvinoticias.com\\\/v3\\\/#website\"},\"primaryImageOfPage\":{\"@id\":\"https:\\\/\\\/cvinoticias.com\\\/v3\\\/juzgado-de-san-vicente-indaga-al-detenido-por-el-femicidio-de-marisa-cunha\\\/#primaryimage\"},\"image\":{\"@id\":\"https:\\\/\\\/cvinoticias.com\\\/v3\\\/juzgado-de-san-vicente-indaga-al-detenido-por-el-femicidio-de-marisa-cunha\\\/#primaryimage\"},\"thumbnailUrl\":\"https:\\\/\\\/cvinoticias.com\\\/wp-content\\\/uploads\\\/2025\\\/09\\\/presunto-femicida-Marisa-Cunha.webp\",\"datePublished\":\"2025-09-09T11:18:03+00:00\",\"dateModified\":\"2025-09-09T11:18:04+00:00\",\"description\":\"El acusado por el femicidio de Marisa Cunha ser\u00e1 indagado este martes en el Juzgado de Instrucci\u00f3n III de San Vicente.\",\"breadcrumb\":{\"@id\":\"https:\\\/\\\/cvinoticias.com\\\/v3\\\/juzgado-de-san-vicente-indaga-al-detenido-por-el-femicidio-de-marisa-cunha\\\/#breadcrumb\"},\"inLanguage\":\"es\",\"potentialAction\":[{\"@type\":\"ReadAction\",\"target\":[\"https:\\\/\\\/cvinoticias.com\\\/v3\\\/juzgado-de-san-vicente-indaga-al-detenido-por-el-femicidio-de-marisa-cunha\\\/\"]}]},{\"@type\":\"ImageObject\",\"inLanguage\":\"es\",\"@id\":\"https:\\\/\\\/cvinoticias.com\\\/v3\\\/juzgado-de-san-vicente-indaga-al-detenido-por-el-femicidio-de-marisa-cunha\\\/#primaryimage\",\"url\":\"https:\\\/\\\/cvinoticias.com\\\/wp-content\\\/uploads\\\/2025\\\/09\\\/presunto-femicida-Marisa-Cunha.webp\",\"contentUrl\":\"https:\\\/\\\/cvinoticias.com\\\/wp-content\\\/uploads\\\/2025\\\/09\\\/presunto-femicida-Marisa-Cunha.webp\",\"width\":718,\"height\":488},{\"@type\":\"BreadcrumbList\",\"@id\":\"https:\\\/\\\/cvinoticias.com\\\/v3\\\/juzgado-de-san-vicente-indaga-al-detenido-por-el-femicidio-de-marisa-cunha\\\/#breadcrumb\",\"itemListElement\":[{\"@type\":\"ListItem\",\"position\":1,\"name\":\"Portada\",\"item\":\"https:\\\/\\\/cvinoticias.com\\\/v3\\\/\"},{\"@type\":\"ListItem\",\"position\":2,\"name\":\"Juzgado de San Vicente indaga al detenido por el femicidio de Marisa Cunha\"}]},{\"@type\":\"WebSite\",\"@id\":\"https:\\\/\\\/cvinoticias.com\\\/v3\\\/#website\",\"url\":\"https:\\\/\\\/cvinoticias.com\\\/v3\\\/\",\"name\":\"CVI NOTICIAS\",\"description\":\"\",\"publisher\":{\"@id\":\"https:\\\/\\\/cvinoticias.com\\\/v3\\\/#organization\"},\"alternateName\":\"CVI\",\"potentialAction\":[{\"@type\":\"SearchAction\",\"target\":{\"@type\":\"EntryPoint\",\"urlTemplate\":\"https:\\\/\\\/cvinoticias.com\\\/v3\\\/?s={search_term_string}\"},\"query-input\":{\"@type\":\"PropertyValueSpecification\",\"valueRequired\":true,\"valueName\":\"search_term_string\"}}],\"inLanguage\":\"es\"},{\"@type\":\"Organization\",\"@id\":\"https:\\\/\\\/cvinoticias.com\\\/v3\\\/#organization\",\"name\":\"CVI NOTICIAS\",\"url\":\"https:\\\/\\\/cvinoticias.com\\\/v3\\\/\",\"logo\":{\"@type\":\"ImageObject\",\"inLanguage\":\"es\",\"@id\":\"https:\\\/\\\/cvinoticias.com\\\/v3\\\/#\\\/schema\\\/logo\\\/image\\\/\",\"url\":\"https:\\\/\\\/cvinoticias.com\\\/wp-content\\\/uploads\\\/2023\\\/04\\\/cropped-cropped-cropped-cropped-cropped-3-1.png\",\"contentUrl\":\"https:\\\/\\\/cvinoticias.com\\\/wp-content\\\/uploads\\\/2023\\\/04\\\/cropped-cropped-cropped-cropped-cropped-3-1.png\",\"width\":95,\"height\":122,\"caption\":\"CVI NOTICIAS\"},\"image\":{\"@id\":\"https:\\\/\\\/cvinoticias.com\\\/v3\\\/#\\\/schema\\\/logo\\\/image\\\/\"},\"sameAs\":[\"https:\\\/\\\/www.facebook.com\\\/cvinoticias\",\"https:\\\/\\\/www.instagram.com\\\/cvinoticias\\\/\",\"https:\\\/\\\/www.youtube.com\\\/@CVINOTICIAS\"]},{\"@type\":\"Person\",\"@id\":\"https:\\\/\\\/cvinoticias.com\\\/v3\\\/#\\\/schema\\\/person\\\/2db77e3c6bc03c538495d7b2b8be9b66\",\"name\":\"f1000024\",\"image\":{\"@type\":\"ImageObject\",\"inLanguage\":\"es\",\"@id\":\"https:\\\/\\\/secure.gravatar.com\\\/avatar\\\/d4fe7459cfc51ff5129ce1a732bbef5928568b8092d412ef95611616376bbeed?s=96&d=mm&r=g\",\"url\":\"https:\\\/\\\/secure.gravatar.com\\\/avatar\\\/d4fe7459cfc51ff5129ce1a732bbef5928568b8092d412ef95611616376bbeed?s=96&d=mm&r=g\",\"contentUrl\":\"https:\\\/\\\/secure.gravatar.com\\\/avatar\\\/d4fe7459cfc51ff5129ce1a732bbef5928568b8092d412ef95611616376bbeed?s=96&d=mm&r=g\",\"caption\":\"f1000024\"},\"url\":\"https:\\\/\\\/cvinoticias.com\\\/v3\\\/author\\\/f1000024\\\/\"}]}<\/script>\n<!-- \/ Yoast SEO plugin. -->","yoast_head_json":{"title":"Indagan al detenido por el femicidio de Marisa Cunha | CVI NOTICIAS","description":"El acusado por el femicidio de Marisa Cunha ser\u00e1 indagado este martes en el Juzgado de Instrucci\u00f3n III de San Vicente.","robots":{"index":"index","follow":"follow","max-snippet":"max-snippet:-1","max-image-preview":"max-image-preview:large","max-video-preview":"max-video-preview:-1"},"canonical":"https:\/\/cvinoticias.com\/v3\/juzgado-de-san-vicente-indaga-al-detenido-por-el-femicidio-de-marisa-cunha\/","og_locale":"es_ES","og_type":"article","og_title":"Indagan al detenido por el femicidio de Marisa Cunha | CVI NOTICIAS","og_description":"El acusado por el femicidio de Marisa Cunha ser\u00e1 indagado este martes en el Juzgado de Instrucci\u00f3n III de San Vicente.","og_url":"https:\/\/cvinoticias.com\/v3\/juzgado-de-san-vicente-indaga-al-detenido-por-el-femicidio-de-marisa-cunha\/","og_site_name":"CVI NOTICIAS","article_publisher":"https:\/\/www.facebook.com\/cvinoticias","article_published_time":"2025-09-09T11:18:03+00:00","article_modified_time":"2025-09-09T11:18:04+00:00","og_image":[{"width":718,"height":488,"url":"https:\/\/cvinoticias.com\/wp-content\/uploads\/2025\/09\/presunto-femicida-Marisa-Cunha.webp","type":"image\/webp"}],"author":"f1000024","twitter_card":"summary_large_image","twitter_misc":{"Escrito por":"f1000024","Tiempo de lectura":"2 minutos"},"schema":{"@context":"https:\/\/schema.org","@graph":[{"@type":"Article","@id":"https:\/\/cvinoticias.com\/v3\/juzgado-de-san-vicente-indaga-al-detenido-por-el-femicidio-de-marisa-cunha\/#article","isPartOf":{"@id":"https:\/\/cvinoticias.com\/v3\/juzgado-de-san-vicente-indaga-al-detenido-por-el-femicidio-de-marisa-cunha\/"},"author":{"name":"f1000024","@id":"https:\/\/cvinoticias.com\/v3\/#\/schema\/person\/2db77e3c6bc03c538495d7b2b8be9b66"},"headline":"Juzgado de San Vicente indaga al detenido por el femicidio de Marisa Cunha","datePublished":"2025-09-09T11:18:03+00:00","dateModified":"2025-09-09T11:18:04+00:00","mainEntityOfPage":{"@id":"https:\/\/cvinoticias.com\/v3\/juzgado-de-san-vicente-indaga-al-detenido-por-el-femicidio-de-marisa-cunha\/"},"wordCount":326,"commentCount":0,"publisher":{"@id":"https:\/\/cvinoticias.com\/v3\/#organization"},"image":{"@id":"https:\/\/cvinoticias.com\/v3\/juzgado-de-san-vicente-indaga-al-detenido-por-el-femicidio-de-marisa-cunha\/#primaryimage"},"thumbnailUrl":"https:\/\/cvinoticias.com\/wp-content\/uploads\/2025\/09\/presunto-femicida-Marisa-Cunha.webp","keywords":["Femicidio","Marisa Cunha","Misiones"],"articleSection":["Policiales"],"inLanguage":"es","potentialAction":[{"@type":"CommentAction","name":"Comment","target":["https:\/\/cvinoticias.com\/v3\/juzgado-de-san-vicente-indaga-al-detenido-por-el-femicidio-de-marisa-cunha\/#respond"]}]},{"@type":"WebPage","@id":"https:\/\/cvinoticias.com\/v3\/juzgado-de-san-vicente-indaga-al-detenido-por-el-femicidio-de-marisa-cunha\/","url":"https:\/\/cvinoticias.com\/v3\/juzgado-de-san-vicente-indaga-al-detenido-por-el-femicidio-de-marisa-cunha\/","name":"Indagan al detenido por el femicidio de Marisa Cunha | CVI NOTICIAS","isPartOf":{"@id":"https:\/\/cvinoticias.com\/v3\/#website"},"primaryImageOfPage":{"@id":"https:\/\/cvinoticias.com\/v3\/juzgado-de-san-vicente-indaga-al-detenido-por-el-femicidio-de-marisa-cunha\/#primaryimage"},"image":{"@id":"https:\/\/cvinoticias.com\/v3\/juzgado-de-san-vicente-indaga-al-detenido-por-el-femicidio-de-marisa-cunha\/#primaryimage"},"thumbnailUrl":"https:\/\/cvinoticias.com\/wp-content\/uploads\/2025\/09\/presunto-femicida-Marisa-Cunha.webp","datePublished":"2025-09-09T11:18:03+00:00","dateModified":"2025-09-09T11:18:04+00:00","description":"El acusado por el femicidio de Marisa Cunha ser\u00e1 indagado este martes en el Juzgado de Instrucci\u00f3n III de San Vicente.","breadcrumb":{"@id":"https:\/\/cvinoticias.com\/v3\/juzgado-de-san-vicente-indaga-al-detenido-por-el-femicidio-de-marisa-cunha\/#breadcrumb"},"inLanguage":"es","potentialAction":[{"@type":"ReadAction","target":["https:\/\/cvinoticias.com\/v3\/juzgado-de-san-vicente-indaga-al-detenido-por-el-femicidio-de-marisa-cunha\/"]}]},{"@type":"ImageObject","inLanguage":"es","@id":"https:\/\/cvinoticias.com\/v3\/juzgado-de-san-vicente-indaga-al-detenido-por-el-femicidio-de-marisa-cunha\/#primaryimage","url":"https:\/\/cvinoticias.com\/wp-content\/uploads\/2025\/09\/presunto-femicida-Marisa-Cunha.webp","contentUrl":"https:\/\/cvinoticias.com\/wp-content\/uploads\/2025\/09\/presunto-femicida-Marisa-Cunha.webp","width":718,"height":488},{"@type":"BreadcrumbList","@id":"https:\/\/cvinoticias.com\/v3\/juzgado-de-san-vicente-indaga-al-detenido-por-el-femicidio-de-marisa-cunha\/#breadcrumb","itemListElement":[{"@type":"ListItem","position":1,"name":"Portada","item":"https:\/\/cvinoticias.com\/v3\/"},{"@type":"ListItem","position":2,"name":"Juzgado de San Vicente indaga al detenido por el femicidio de Marisa Cunha"}]},{"@type":"WebSite","@id":"https:\/\/cvinoticias.com\/v3\/#website","url":"https:\/\/cvinoticias.com\/v3\/","name":"CVI NOTICIAS","description":"","publisher":{"@id":"https:\/\/cvinoticias.com\/v3\/#organization"},"alternateName":"CVI","potentialAction":[{"@type":"SearchAction","target":{"@type":"EntryPoint","urlTemplate":"https:\/\/cvinoticias.com\/v3\/?s={search_term_string}"},"query-input":{"@type":"PropertyValueSpecification","valueRequired":true,"valueName":"search_term_string"}}],"inLanguage":"es"},{"@type":"Organization","@id":"https:\/\/cvinoticias.com\/v3\/#organization","name":"CVI NOTICIAS","url":"https:\/\/cvinoticias.com\/v3\/","logo":{"@type":"ImageObject","inLanguage":"es","@id":"https:\/\/cvinoticias.com\/v3\/#\/schema\/logo\/image\/","url":"https:\/\/cvinoticias.com\/wp-content\/uploads\/2023\/04\/cropped-cropped-cropped-cropped-cropped-3-1.png","contentUrl":"https:\/\/cvinoticias.com\/wp-content\/uploads\/2023\/04\/cropped-cropped-cropped-cropped-cropped-3-1.png","width":95,"height":122,"caption":"CVI NOTICIAS"},"image":{"@id":"https:\/\/cvinoticias.com\/v3\/#\/schema\/logo\/image\/"},"sameAs":["https:\/\/www.facebook.com\/cvinoticias","https:\/\/www.instagram.com\/cvinoticias\/","https:\/\/www.youtube.com\/@CVINOTICIAS"]},{"@type":"Person","@id":"https:\/\/cvinoticias.com\/v3\/#\/schema\/person\/2db77e3c6bc03c538495d7b2b8be9b66","name":"f1000024","image":{"@type":"ImageObject","inLanguage":"es","@id":"https:\/\/secure.gravatar.com\/avatar\/d4fe7459cfc51ff5129ce1a732bbef5928568b8092d412ef95611616376bbeed?s=96&d=mm&r=g","url":"https:\/\/secure.gravatar.com\/avatar\/d4fe7459cfc51ff5129ce1a732bbef5928568b8092d412ef95611616376bbeed?s=96&d=mm&r=g","contentUrl":"https:\/\/secure.gravatar.com\/avatar\/d4fe7459cfc51ff5129ce1a732bbef5928568b8092d412ef95611616376bbeed?s=96&d=mm&r=g","caption":"f1000024"},"url":"https:\/\/cvinoticias.com\/v3\/author\/f1000024\/"}]}},"_links":{"self":[{"href":"https:\/\/cvinoticias.com\/v3\/wp-json\/wp\/v2\/posts\/48573","targetHints":{"allow":["GET"]}}],"collection":[{"href":"https:\/\/cvinoticias.com\/v3\/wp-json\/wp\/v2\/posts"}],"about":[{"href":"https:\/\/cvinoticias.com\/v3\/wp-json\/wp\/v2\/types\/post"}],"author":[{"embeddable":true,"href":"https:\/\/cvinoticias.com\/v3\/wp-json\/wp\/v2\/users\/2"}],"replies":[{"embeddable":true,"href":"https:\/\/cvinoticias.com\/v3\/wp-json\/wp\/v2\/comments?post=48573"}],"version-history":[{"count":1,"href":"https:\/\/cvinoticias.com\/v3\/wp-json\/wp\/v2\/posts\/48573\/revisions"}],"predecessor-version":[{"id":48575,"href":"https:\/\/cvinoticias.com\/v3\/wp-json\/wp\/v2\/posts\/48573\/revisions\/48575"}],"wp:featuredmedia":[{"embeddable":true,"href":"https:\/\/cvinoticias.com\/v3\/wp-json\/wp\/v2\/media\/48574"}],"wp:attachment":[{"href":"https:\/\/cvinoticias.com\/v3\/wp-json\/wp\/v2\/media?parent=48573"}],"wp:term":[{"taxonomy":"category","embeddable":true,"href":"https:\/\/cvinoticias.com\/v3\/wp-json\/wp\/v2\/categories?post=48573"},{"taxonomy":"post_tag","embeddable":true,"href":"https:\/\/cvinoticias.com\/v3\/wp-json\/wp\/v2\/tags?post=48573"}],"curies":[{"name":"wp","href":"https:\/\/api.w.org\/{rel}","templated":true}]}}