{"id":48526,"date":"2025-09-08T08:59:25","date_gmt":"2025-09-08T11:59:25","guid":{"rendered":"https:\/\/cvinoticias.com\/v3\/?p=48526"},"modified":"2025-09-08T08:59:26","modified_gmt":"2025-09-08T11:59:26","slug":"obera-celebra-la-herencia-inmigrante-con-ocupacion-plena-y-fuerte-impacto-economico","status":"publish","type":"post","link":"https:\/\/cvinoticias.com\/v3\/obera-celebra-la-herencia-inmigrante-con-ocupacion-plena-y-fuerte-impacto-economico\/","title":{"rendered":"Ober\u00e1 celebra la herencia inmigrante con ocupaci\u00f3n plena y fuerte impacto econ\u00f3mico"},"content":{"rendered":"\n<p>La ciudad de <strong>Ober\u00e1<\/strong> celebra la diversidad cultural misionera desde hace m\u00e1s de cuatro d\u00e9cadas. Hasta el domingo 14 de septiembre, el <strong>Parque de las Naciones<\/strong> es sede de la <strong>Fiesta Nacional del Inmigrante<\/strong>, uno de los eventos m\u00e1s convocantes de la provincia. La celebraci\u00f3n honra el legado de los primeros colonos y las ra\u00edces culturales de la regi\u00f3n.<\/p>\n\n\n\n<p>El primer fin de semana mostr\u00f3 una ocupaci\u00f3n hotelera completa, reflejando el impacto econ\u00f3mico del evento. Hoy se espera la <strong>Noche de Rock<\/strong>, con la banda nacional <strong>Catupecu Machu<\/strong> en el escenario mayor. El show comenzar\u00e1 a las 22 h y se transmitir\u00e1 en vivo por <strong>Canal Doce<\/strong> y <strong>YouTube<\/strong>.<\/p>\n\n\n\n<p>El inicio de la fiesta volvi\u00f3 a demostrar la capacidad de Misiones para organizar eventos de gran magnitud. Esto incluye no solo la parte cultural, sino tambi\u00e9n la infraestructura y los servicios que reciben a los visitantes. La ocupaci\u00f3n hotelera completa confirma que estos encuentros dinamizan la econom\u00eda regional y posicionan a Ober\u00e1 como un polo tur\u00edstico y cultural estrat\u00e9gico de la zona Centro.<\/p>\n\n\n\n<h3 class=\"wp-block-heading\">Alojamientos al tope<\/h3>\n\n\n\n<p>La fiesta genera un gran impacto en el turismo local. Cinthia Arnold, referente del sector, se\u00f1al\u00f3 a Canal Doce que el evento \u201cconvoca todos los a\u00f1os a mucha gente\u201d y que la ciudad \u201ccolapsa de tantos turistas\u201d. La postergaci\u00f3n del desfile por la lluvia oblig\u00f3 a algunos visitantes a extender sus estad\u00edas o modificar reservas. Incluso llegaron turistas desde Paraguay, quienes trajeron sus propios trajes t\u00edpicos.<\/p>\n\n\n\n<p>Tambi\u00e9n arribaron visitantes de toda la provincia y desde lugares distantes como <strong>Ciudad de Buenos Aires<\/strong> y <strong>Bah\u00eda Blanca<\/strong>. Muchos aprovechan la fecha para recorrer <strong>Cataratas del Iguaz\u00fa<\/strong> y otros destinos, adem\u00e1s de disfrutar de la fiesta.<\/p>\n\n\n\n<h3 class=\"wp-block-heading\">Arranque con todo en el Parque de las Naciones<\/h3>\n\n\n\n<p>La segunda jornada de la <strong>45\u00aa edici\u00f3n<\/strong> comenz\u00f3 el viernes 5 con un marco de p\u00fablico destacado. Los visitantes recorrieron las colectividades, la expo comercial, los museos, exposiciones culturales y los parques infantiles.<\/p>\n\n\n\n<p>El <strong>escenario alternativo<\/strong> permiti\u00f3 que ballets y grupos musicales mostraran sus presentaciones. En el <strong>escenario mayor<\/strong>, se destac\u00f3 el Cuadro Apertura a cargo de <strong>Mat\u00edas Hultgren<\/strong>. Luego, el <strong>ballet Barvinok<\/strong>, de la colectividad ucraniana, sorprendi\u00f3 con sus danzas.<\/p>\n\n\n\n<p>Las Reinas de las colectividades, acompa\u00f1adas por la <strong>Paisana Argentina<\/strong>, realizaron exhibiciones de trajes t\u00edpicos y danzas. Tambi\u00e9n hicieron su presentaci\u00f3n los <strong>Reyes Mayores<\/strong> y <strong>Principitos<\/strong>, generando un momento emotivo para el p\u00fablico y el jurado.<\/p>\n\n\n\n<p>La <strong>Noche del Mercosur<\/strong> continu\u00f3 con los ballets <strong>\u00d1asayndi<\/strong> (Colectividad Paraguaya) y <strong>Mocidade<\/strong> (Colectividad Brasile\u00f1a). Luego, la artista <strong>Encarnacena Lau C\u00e1ceres<\/strong> present\u00f3 sus temas m\u00e1s populares. Cerca de la medianoche, el grupo brasile\u00f1o <strong>San Marino<\/strong> cerr\u00f3 la jornada con un show de grandes \u00e9xitos<\/p>\n\n\n\n<p><em>Fuente: Canal 12 Misione<\/em><\/p>\n","protected":false},"excerpt":{"rendered":"<p>La ciudad de Ober\u00e1 celebra la diversidad cultural misionera desde hace m\u00e1s de cuatro d\u00e9cadas. Hasta el domingo 14 de septiembre, el Parque de las Naciones es sede de la Fiesta Nacional del Inmigrante, uno de los eventos m\u00e1s convocantes de la provincia. La celebraci\u00f3n honra el legado de los primeros colonos y las ra\u00edces [&hellip;]<\/p>\n","protected":false},"author":2,"featured_media":48524,"comment_status":"open","ping_status":"open","sticky":false,"template":"","format":"standard","meta":{"footnotes":""},"categories":[455],"tags":[3803,3542,1427],"class_list":["post-48526","post","type-post","status-publish","format-standard","has-post-thumbnail","hentry","category-misiones","tag-herencia","tag-inmigrante","tag-obera"],"yoast_head":"<!-- This site is optimized with the Yoast SEO plugin v27.5 - https:\/\/yoast.com\/product\/yoast-seo-wordpress\/ -->\n<title>Ober\u00e1 celebra la Fiesta del Inmigrante con \u00e9xito total | CVI NOTICIAS<\/title>\n<meta name=\"description\" content=\"Ober\u00e1 vive la Fiesta Nacional del Inmigrante con ocupaci\u00f3n hotelera plena y gran impacto econ\u00f3mico. Shows, ballets y Catupecu Machu en el Parque de las Naciones\" \/>\n<meta name=\"robots\" content=\"index, follow, max-snippet:-1, max-image-preview:large, max-video-preview:-1\" \/>\n<link rel=\"canonical\" href=\"https:\/\/cvinoticias.com\/v3\/obera-celebra-la-herencia-inmigrante-con-ocupacion-plena-y-fuerte-impacto-economico\/\" \/>\n<meta property=\"og:locale\" content=\"es_ES\" \/>\n<meta property=\"og:type\" content=\"article\" \/>\n<meta property=\"og:title\" content=\"Ober\u00e1 celebra la Fiesta del Inmigrante con \u00e9xito total | CVI NOTICIAS\" \/>\n<meta property=\"og:description\" content=\"Ober\u00e1 vive la Fiesta Nacional del Inmigrante con ocupaci\u00f3n hotelera plena y gran impacto econ\u00f3mico. Shows, ballets y Catupecu Machu en el Parque de las Naciones\" \/>\n<meta property=\"og:url\" content=\"https:\/\/cvinoticias.com\/v3\/obera-celebra-la-herencia-inmigrante-con-ocupacion-plena-y-fuerte-impacto-economico\/\" \/>\n<meta property=\"og:site_name\" content=\"CVI NOTICIAS\" \/>\n<meta property=\"article:publisher\" content=\"https:\/\/www.facebook.com\/cvinoticias\" \/>\n<meta property=\"article:published_time\" content=\"2025-09-08T11:59:25+00:00\" \/>\n<meta property=\"article:modified_time\" content=\"2025-09-08T11:59:26+00:00\" \/>\n<meta property=\"og:image\" content=\"https:\/\/cvinoticias.com\/wp-content\/uploads\/2025\/09\/Fiesta-Nacional-del-Inmigrante-II.jpg\" \/>\n\t<meta property=\"og:image:width\" content=\"1089\" \/>\n\t<meta property=\"og:image:height\" content=\"730\" \/>\n\t<meta property=\"og:image:type\" content=\"image\/jpeg\" \/>\n<meta name=\"author\" content=\"f1000024\" \/>\n<meta name=\"twitter:card\" content=\"summary_large_image\" \/>\n<meta name=\"twitter:label1\" content=\"Escrito por\" \/>\n\t<meta name=\"twitter:data1\" content=\"f1000024\" \/>\n\t<meta name=\"twitter:label2\" content=\"Tiempo de lectura\" \/>\n\t<meta name=\"twitter:data2\" content=\"3 minutos\" \/>\n<script type=\"application\/ld+json\" class=\"yoast-schema-graph\">{\"@context\":\"https:\\\/\\\/schema.org\",\"@graph\":[{\"@type\":\"Article\",\"@id\":\"https:\\\/\\\/cvinoticias.com\\\/v3\\\/obera-celebra-la-herencia-inmigrante-con-ocupacion-plena-y-fuerte-impacto-economico\\\/#article\",\"isPartOf\":{\"@id\":\"https:\\\/\\\/cvinoticias.com\\\/v3\\\/obera-celebra-la-herencia-inmigrante-con-ocupacion-plena-y-fuerte-impacto-economico\\\/\"},\"author\":{\"name\":\"f1000024\",\"@id\":\"https:\\\/\\\/cvinoticias.com\\\/v3\\\/#\\\/schema\\\/person\\\/2db77e3c6bc03c538495d7b2b8be9b66\"},\"headline\":\"Ober\u00e1 celebra la herencia inmigrante con ocupaci\u00f3n plena y fuerte impacto econ\u00f3mico\",\"datePublished\":\"2025-09-08T11:59:25+00:00\",\"dateModified\":\"2025-09-08T11:59:26+00:00\",\"mainEntityOfPage\":{\"@id\":\"https:\\\/\\\/cvinoticias.com\\\/v3\\\/obera-celebra-la-herencia-inmigrante-con-ocupacion-plena-y-fuerte-impacto-economico\\\/\"},\"wordCount\":485,\"commentCount\":0,\"publisher\":{\"@id\":\"https:\\\/\\\/cvinoticias.com\\\/v3\\\/#organization\"},\"image\":{\"@id\":\"https:\\\/\\\/cvinoticias.com\\\/v3\\\/obera-celebra-la-herencia-inmigrante-con-ocupacion-plena-y-fuerte-impacto-economico\\\/#primaryimage\"},\"thumbnailUrl\":\"https:\\\/\\\/cvinoticias.com\\\/wp-content\\\/uploads\\\/2025\\\/09\\\/Fiesta-Nacional-del-Inmigrante-II.jpg\",\"keywords\":[\"herencia\",\"Inmigrante\",\"Ober\u00e1\"],\"articleSection\":[\"Misiones\"],\"inLanguage\":\"es\",\"potentialAction\":[{\"@type\":\"CommentAction\",\"name\":\"Comment\",\"target\":[\"https:\\\/\\\/cvinoticias.com\\\/v3\\\/obera-celebra-la-herencia-inmigrante-con-ocupacion-plena-y-fuerte-impacto-economico\\\/#respond\"]}]},{\"@type\":\"WebPage\",\"@id\":\"https:\\\/\\\/cvinoticias.com\\\/v3\\\/obera-celebra-la-herencia-inmigrante-con-ocupacion-plena-y-fuerte-impacto-economico\\\/\",\"url\":\"https:\\\/\\\/cvinoticias.com\\\/v3\\\/obera-celebra-la-herencia-inmigrante-con-ocupacion-plena-y-fuerte-impacto-economico\\\/\",\"name\":\"Ober\u00e1 celebra la Fiesta del Inmigrante con \u00e9xito total | CVI NOTICIAS\",\"isPartOf\":{\"@id\":\"https:\\\/\\\/cvinoticias.com\\\/v3\\\/#website\"},\"primaryImageOfPage\":{\"@id\":\"https:\\\/\\\/cvinoticias.com\\\/v3\\\/obera-celebra-la-herencia-inmigrante-con-ocupacion-plena-y-fuerte-impacto-economico\\\/#primaryimage\"},\"image\":{\"@id\":\"https:\\\/\\\/cvinoticias.com\\\/v3\\\/obera-celebra-la-herencia-inmigrante-con-ocupacion-plena-y-fuerte-impacto-economico\\\/#primaryimage\"},\"thumbnailUrl\":\"https:\\\/\\\/cvinoticias.com\\\/wp-content\\\/uploads\\\/2025\\\/09\\\/Fiesta-Nacional-del-Inmigrante-II.jpg\",\"datePublished\":\"2025-09-08T11:59:25+00:00\",\"dateModified\":\"2025-09-08T11:59:26+00:00\",\"description\":\"Ober\u00e1 vive la Fiesta Nacional del Inmigrante con ocupaci\u00f3n hotelera plena y gran impacto econ\u00f3mico. Shows, ballets y Catupecu Machu en el Parque de las Naciones\",\"breadcrumb\":{\"@id\":\"https:\\\/\\\/cvinoticias.com\\\/v3\\\/obera-celebra-la-herencia-inmigrante-con-ocupacion-plena-y-fuerte-impacto-economico\\\/#breadcrumb\"},\"inLanguage\":\"es\",\"potentialAction\":[{\"@type\":\"ReadAction\",\"target\":[\"https:\\\/\\\/cvinoticias.com\\\/v3\\\/obera-celebra-la-herencia-inmigrante-con-ocupacion-plena-y-fuerte-impacto-economico\\\/\"]}]},{\"@type\":\"ImageObject\",\"inLanguage\":\"es\",\"@id\":\"https:\\\/\\\/cvinoticias.com\\\/v3\\\/obera-celebra-la-herencia-inmigrante-con-ocupacion-plena-y-fuerte-impacto-economico\\\/#primaryimage\",\"url\":\"https:\\\/\\\/cvinoticias.com\\\/wp-content\\\/uploads\\\/2025\\\/09\\\/Fiesta-Nacional-del-Inmigrante-II.jpg\",\"contentUrl\":\"https:\\\/\\\/cvinoticias.com\\\/wp-content\\\/uploads\\\/2025\\\/09\\\/Fiesta-Nacional-del-Inmigrante-II.jpg\",\"width\":1089,\"height\":730},{\"@type\":\"BreadcrumbList\",\"@id\":\"https:\\\/\\\/cvinoticias.com\\\/v3\\\/obera-celebra-la-herencia-inmigrante-con-ocupacion-plena-y-fuerte-impacto-economico\\\/#breadcrumb\",\"itemListElement\":[{\"@type\":\"ListItem\",\"position\":1,\"name\":\"Portada\",\"item\":\"https:\\\/\\\/cvinoticias.com\\\/v3\\\/\"},{\"@type\":\"ListItem\",\"position\":2,\"name\":\"Ober\u00e1 celebra la herencia inmigrante con ocupaci\u00f3n plena y fuerte impacto econ\u00f3mico\"}]},{\"@type\":\"WebSite\",\"@id\":\"https:\\\/\\\/cvinoticias.com\\\/v3\\\/#website\",\"url\":\"https:\\\/\\\/cvinoticias.com\\\/v3\\\/\",\"name\":\"CVI NOTICIAS\",\"description\":\"\",\"publisher\":{\"@id\":\"https:\\\/\\\/cvinoticias.com\\\/v3\\\/#organization\"},\"alternateName\":\"CVI\",\"potentialAction\":[{\"@type\":\"SearchAction\",\"target\":{\"@type\":\"EntryPoint\",\"urlTemplate\":\"https:\\\/\\\/cvinoticias.com\\\/v3\\\/?s={search_term_string}\"},\"query-input\":{\"@type\":\"PropertyValueSpecification\",\"valueRequired\":true,\"valueName\":\"search_term_string\"}}],\"inLanguage\":\"es\"},{\"@type\":\"Organization\",\"@id\":\"https:\\\/\\\/cvinoticias.com\\\/v3\\\/#organization\",\"name\":\"CVI NOTICIAS\",\"url\":\"https:\\\/\\\/cvinoticias.com\\\/v3\\\/\",\"logo\":{\"@type\":\"ImageObject\",\"inLanguage\":\"es\",\"@id\":\"https:\\\/\\\/cvinoticias.com\\\/v3\\\/#\\\/schema\\\/logo\\\/image\\\/\",\"url\":\"https:\\\/\\\/cvinoticias.com\\\/wp-content\\\/uploads\\\/2023\\\/04\\\/cropped-cropped-cropped-cropped-cropped-3-1.png\",\"contentUrl\":\"https:\\\/\\\/cvinoticias.com\\\/wp-content\\\/uploads\\\/2023\\\/04\\\/cropped-cropped-cropped-cropped-cropped-3-1.png\",\"width\":95,\"height\":122,\"caption\":\"CVI NOTICIAS\"},\"image\":{\"@id\":\"https:\\\/\\\/cvinoticias.com\\\/v3\\\/#\\\/schema\\\/logo\\\/image\\\/\"},\"sameAs\":[\"https:\\\/\\\/www.facebook.com\\\/cvinoticias\",\"https:\\\/\\\/www.instagram.com\\\/cvinoticias\\\/\",\"https:\\\/\\\/www.youtube.com\\\/@CVINOTICIAS\"]},{\"@type\":\"Person\",\"@id\":\"https:\\\/\\\/cvinoticias.com\\\/v3\\\/#\\\/schema\\\/person\\\/2db77e3c6bc03c538495d7b2b8be9b66\",\"name\":\"f1000024\",\"image\":{\"@type\":\"ImageObject\",\"inLanguage\":\"es\",\"@id\":\"https:\\\/\\\/secure.gravatar.com\\\/avatar\\\/d4fe7459cfc51ff5129ce1a732bbef5928568b8092d412ef95611616376bbeed?s=96&d=mm&r=g\",\"url\":\"https:\\\/\\\/secure.gravatar.com\\\/avatar\\\/d4fe7459cfc51ff5129ce1a732bbef5928568b8092d412ef95611616376bbeed?s=96&d=mm&r=g\",\"contentUrl\":\"https:\\\/\\\/secure.gravatar.com\\\/avatar\\\/d4fe7459cfc51ff5129ce1a732bbef5928568b8092d412ef95611616376bbeed?s=96&d=mm&r=g\",\"caption\":\"f1000024\"},\"url\":\"https:\\\/\\\/cvinoticias.com\\\/v3\\\/author\\\/f1000024\\\/\"}]}<\/script>\n<!-- \/ Yoast SEO plugin. -->","yoast_head_json":{"title":"Ober\u00e1 celebra la Fiesta del Inmigrante con \u00e9xito total | CVI NOTICIAS","description":"Ober\u00e1 vive la Fiesta Nacional del Inmigrante con ocupaci\u00f3n hotelera plena y gran impacto econ\u00f3mico. Shows, ballets y Catupecu Machu en el Parque de las Naciones","robots":{"index":"index","follow":"follow","max-snippet":"max-snippet:-1","max-image-preview":"max-image-preview:large","max-video-preview":"max-video-preview:-1"},"canonical":"https:\/\/cvinoticias.com\/v3\/obera-celebra-la-herencia-inmigrante-con-ocupacion-plena-y-fuerte-impacto-economico\/","og_locale":"es_ES","og_type":"article","og_title":"Ober\u00e1 celebra la Fiesta del Inmigrante con \u00e9xito total | CVI NOTICIAS","og_description":"Ober\u00e1 vive la Fiesta Nacional del Inmigrante con ocupaci\u00f3n hotelera plena y gran impacto econ\u00f3mico. Shows, ballets y Catupecu Machu en el Parque de las Naciones","og_url":"https:\/\/cvinoticias.com\/v3\/obera-celebra-la-herencia-inmigrante-con-ocupacion-plena-y-fuerte-impacto-economico\/","og_site_name":"CVI NOTICIAS","article_publisher":"https:\/\/www.facebook.com\/cvinoticias","article_published_time":"2025-09-08T11:59:25+00:00","article_modified_time":"2025-09-08T11:59:26+00:00","og_image":[{"width":1089,"height":730,"url":"https:\/\/cvinoticias.com\/wp-content\/uploads\/2025\/09\/Fiesta-Nacional-del-Inmigrante-II.jpg","type":"image\/jpeg"}],"author":"f1000024","twitter_card":"summary_large_image","twitter_misc":{"Escrito por":"f1000024","Tiempo de lectura":"3 minutos"},"schema":{"@context":"https:\/\/schema.org","@graph":[{"@type":"Article","@id":"https:\/\/cvinoticias.com\/v3\/obera-celebra-la-herencia-inmigrante-con-ocupacion-plena-y-fuerte-impacto-economico\/#article","isPartOf":{"@id":"https:\/\/cvinoticias.com\/v3\/obera-celebra-la-herencia-inmigrante-con-ocupacion-plena-y-fuerte-impacto-economico\/"},"author":{"name":"f1000024","@id":"https:\/\/cvinoticias.com\/v3\/#\/schema\/person\/2db77e3c6bc03c538495d7b2b8be9b66"},"headline":"Ober\u00e1 celebra la herencia inmigrante con ocupaci\u00f3n plena y fuerte impacto econ\u00f3mico","datePublished":"2025-09-08T11:59:25+00:00","dateModified":"2025-09-08T11:59:26+00:00","mainEntityOfPage":{"@id":"https:\/\/cvinoticias.com\/v3\/obera-celebra-la-herencia-inmigrante-con-ocupacion-plena-y-fuerte-impacto-economico\/"},"wordCount":485,"commentCount":0,"publisher":{"@id":"https:\/\/cvinoticias.com\/v3\/#organization"},"image":{"@id":"https:\/\/cvinoticias.com\/v3\/obera-celebra-la-herencia-inmigrante-con-ocupacion-plena-y-fuerte-impacto-economico\/#primaryimage"},"thumbnailUrl":"https:\/\/cvinoticias.com\/wp-content\/uploads\/2025\/09\/Fiesta-Nacional-del-Inmigrante-II.jpg","keywords":["herencia","Inmigrante","Ober\u00e1"],"articleSection":["Misiones"],"inLanguage":"es","potentialAction":[{"@type":"CommentAction","name":"Comment","target":["https:\/\/cvinoticias.com\/v3\/obera-celebra-la-herencia-inmigrante-con-ocupacion-plena-y-fuerte-impacto-economico\/#respond"]}]},{"@type":"WebPage","@id":"https:\/\/cvinoticias.com\/v3\/obera-celebra-la-herencia-inmigrante-con-ocupacion-plena-y-fuerte-impacto-economico\/","url":"https:\/\/cvinoticias.com\/v3\/obera-celebra-la-herencia-inmigrante-con-ocupacion-plena-y-fuerte-impacto-economico\/","name":"Ober\u00e1 celebra la Fiesta del Inmigrante con \u00e9xito total | CVI NOTICIAS","isPartOf":{"@id":"https:\/\/cvinoticias.com\/v3\/#website"},"primaryImageOfPage":{"@id":"https:\/\/cvinoticias.com\/v3\/obera-celebra-la-herencia-inmigrante-con-ocupacion-plena-y-fuerte-impacto-economico\/#primaryimage"},"image":{"@id":"https:\/\/cvinoticias.com\/v3\/obera-celebra-la-herencia-inmigrante-con-ocupacion-plena-y-fuerte-impacto-economico\/#primaryimage"},"thumbnailUrl":"https:\/\/cvinoticias.com\/wp-content\/uploads\/2025\/09\/Fiesta-Nacional-del-Inmigrante-II.jpg","datePublished":"2025-09-08T11:59:25+00:00","dateModified":"2025-09-08T11:59:26+00:00","description":"Ober\u00e1 vive la Fiesta Nacional del Inmigrante con ocupaci\u00f3n hotelera plena y gran impacto econ\u00f3mico. Shows, ballets y Catupecu Machu en el Parque de las Naciones","breadcrumb":{"@id":"https:\/\/cvinoticias.com\/v3\/obera-celebra-la-herencia-inmigrante-con-ocupacion-plena-y-fuerte-impacto-economico\/#breadcrumb"},"inLanguage":"es","potentialAction":[{"@type":"ReadAction","target":["https:\/\/cvinoticias.com\/v3\/obera-celebra-la-herencia-inmigrante-con-ocupacion-plena-y-fuerte-impacto-economico\/"]}]},{"@type":"ImageObject","inLanguage":"es","@id":"https:\/\/cvinoticias.com\/v3\/obera-celebra-la-herencia-inmigrante-con-ocupacion-plena-y-fuerte-impacto-economico\/#primaryimage","url":"https:\/\/cvinoticias.com\/wp-content\/uploads\/2025\/09\/Fiesta-Nacional-del-Inmigrante-II.jpg","contentUrl":"https:\/\/cvinoticias.com\/wp-content\/uploads\/2025\/09\/Fiesta-Nacional-del-Inmigrante-II.jpg","width":1089,"height":730},{"@type":"BreadcrumbList","@id":"https:\/\/cvinoticias.com\/v3\/obera-celebra-la-herencia-inmigrante-con-ocupacion-plena-y-fuerte-impacto-economico\/#breadcrumb","itemListElement":[{"@type":"ListItem","position":1,"name":"Portada","item":"https:\/\/cvinoticias.com\/v3\/"},{"@type":"ListItem","position":2,"name":"Ober\u00e1 celebra la herencia inmigrante con ocupaci\u00f3n plena y fuerte impacto econ\u00f3mico"}]},{"@type":"WebSite","@id":"https:\/\/cvinoticias.com\/v3\/#website","url":"https:\/\/cvinoticias.com\/v3\/","name":"CVI NOTICIAS","description":"","publisher":{"@id":"https:\/\/cvinoticias.com\/v3\/#organization"},"alternateName":"CVI","potentialAction":[{"@type":"SearchAction","target":{"@type":"EntryPoint","urlTemplate":"https:\/\/cvinoticias.com\/v3\/?s={search_term_string}"},"query-input":{"@type":"PropertyValueSpecification","valueRequired":true,"valueName":"search_term_string"}}],"inLanguage":"es"},{"@type":"Organization","@id":"https:\/\/cvinoticias.com\/v3\/#organization","name":"CVI NOTICIAS","url":"https:\/\/cvinoticias.com\/v3\/","logo":{"@type":"ImageObject","inLanguage":"es","@id":"https:\/\/cvinoticias.com\/v3\/#\/schema\/logo\/image\/","url":"https:\/\/cvinoticias.com\/wp-content\/uploads\/2023\/04\/cropped-cropped-cropped-cropped-cropped-3-1.png","contentUrl":"https:\/\/cvinoticias.com\/wp-content\/uploads\/2023\/04\/cropped-cropped-cropped-cropped-cropped-3-1.png","width":95,"height":122,"caption":"CVI NOTICIAS"},"image":{"@id":"https:\/\/cvinoticias.com\/v3\/#\/schema\/logo\/image\/"},"sameAs":["https:\/\/www.facebook.com\/cvinoticias","https:\/\/www.instagram.com\/cvinoticias\/","https:\/\/www.youtube.com\/@CVINOTICIAS"]},{"@type":"Person","@id":"https:\/\/cvinoticias.com\/v3\/#\/schema\/person\/2db77e3c6bc03c538495d7b2b8be9b66","name":"f1000024","image":{"@type":"ImageObject","inLanguage":"es","@id":"https:\/\/secure.gravatar.com\/avatar\/d4fe7459cfc51ff5129ce1a732bbef5928568b8092d412ef95611616376bbeed?s=96&d=mm&r=g","url":"https:\/\/secure.gravatar.com\/avatar\/d4fe7459cfc51ff5129ce1a732bbef5928568b8092d412ef95611616376bbeed?s=96&d=mm&r=g","contentUrl":"https:\/\/secure.gravatar.com\/avatar\/d4fe7459cfc51ff5129ce1a732bbef5928568b8092d412ef95611616376bbeed?s=96&d=mm&r=g","caption":"f1000024"},"url":"https:\/\/cvinoticias.com\/v3\/author\/f1000024\/"}]}},"_links":{"self":[{"href":"https:\/\/cvinoticias.com\/v3\/wp-json\/wp\/v2\/posts\/48526","targetHints":{"allow":["GET"]}}],"collection":[{"href":"https:\/\/cvinoticias.com\/v3\/wp-json\/wp\/v2\/posts"}],"about":[{"href":"https:\/\/cvinoticias.com\/v3\/wp-json\/wp\/v2\/types\/post"}],"author":[{"embeddable":true,"href":"https:\/\/cvinoticias.com\/v3\/wp-json\/wp\/v2\/users\/2"}],"replies":[{"embeddable":true,"href":"https:\/\/cvinoticias.com\/v3\/wp-json\/wp\/v2\/comments?post=48526"}],"version-history":[{"count":1,"href":"https:\/\/cvinoticias.com\/v3\/wp-json\/wp\/v2\/posts\/48526\/revisions"}],"predecessor-version":[{"id":48527,"href":"https:\/\/cvinoticias.com\/v3\/wp-json\/wp\/v2\/posts\/48526\/revisions\/48527"}],"wp:featuredmedia":[{"embeddable":true,"href":"https:\/\/cvinoticias.com\/v3\/wp-json\/wp\/v2\/media\/48524"}],"wp:attachment":[{"href":"https:\/\/cvinoticias.com\/v3\/wp-json\/wp\/v2\/media?parent=48526"}],"wp:term":[{"taxonomy":"category","embeddable":true,"href":"https:\/\/cvinoticias.com\/v3\/wp-json\/wp\/v2\/categories?post=48526"},{"taxonomy":"post_tag","embeddable":true,"href":"https:\/\/cvinoticias.com\/v3\/wp-json\/wp\/v2\/tags?post=48526"}],"curies":[{"name":"wp","href":"https:\/\/api.w.org\/{rel}","templated":true}]}}