{"id":48444,"date":"2025-09-05T09:20:40","date_gmt":"2025-09-05T12:20:40","guid":{"rendered":"https:\/\/cvinoticias.com\/v3\/?p=48444"},"modified":"2025-09-05T09:23:55","modified_gmt":"2025-09-05T12:23:55","slug":"paraguay-clasifico-al-mundial-2026-y-el-presidente-santiago-pena-decreto-feriado-nacional","status":"publish","type":"post","link":"https:\/\/cvinoticias.com\/v3\/paraguay-clasifico-al-mundial-2026-y-el-presidente-santiago-pena-decreto-feriado-nacional\/","title":{"rendered":"Paraguay clasific\u00f3 al Mundial 2026 y el presidente Santiago Pe\u00f1a decret\u00f3 feriado nacional"},"content":{"rendered":"\n<p>El presidente de Paraguay, Santiago Pe\u00f1a, decret\u00f3 feriado nacional para este viernes tras la clasificaci\u00f3n de la selecci\u00f3n paraguaya al Mundial 2026. Ser\u00e1 la primera vez en 16 a\u00f1os que el pa\u00eds vuelve a participar de la cita mundialista, que se disputar\u00e1 en Canad\u00e1, Estados Unidos y M\u00e9xico.<\/p>\n\n\n\n<p>El equipo dirigido por el argentino Gustavo Alfaro logr\u00f3 el pasaje luego de empatar 0-0 con Ecuador en el estadio Defensores del Chaco, en Asunci\u00f3n, por la pen\u00faltima fecha de las Eliminatorias suramericanas.<\/p>\n\n\n\n<p>\u201cTuvieron que pasar 16 a\u00f1os desde nuestra \u00faltima clasificaci\u00f3n. Gracias Albirroja! Hoy la Albirroja volvi\u00f3 con alma, coraz\u00f3n y toda la garra guaran\u00ed\u201d, escribi\u00f3 Pe\u00f1a en su cuenta de X.<\/p>\n\n\n\n<p>El mandatario agreg\u00f3 que el feriado nacional permitir\u00e1 a todos los paraguayos celebrar juntos este logro hist\u00f3rico. En un video que comparti\u00f3, Pe\u00f1a, vestido con la camiseta de la selecci\u00f3n, destac\u00f3 la emoci\u00f3n de los j\u00f3venes que nunca vieron a Paraguay en un Mundial y de quienes esperaron toda la vida para este momento.<\/p>\n\n\n\n<p>\u201cEsto es mucho m\u00e1s que f\u00fatbol. Es un pa\u00eds entero unido. Gracias a los jugadores, verdaderos guerreros, y al cuerpo t\u00e9cnico por su trabajo. Por todo esto, tom\u00e9 la decisi\u00f3n de decretar un feriado nacional para celebrar juntos\u201d, afirm\u00f3.<\/p>\n\n\n\n<p>La ley permite al presidente declarar hasta tres feriados especiales al a\u00f1o. Pe\u00f1a destin\u00f3 uno de ellos para festejar la novena participaci\u00f3n de Paraguay en una Copa del Mundo, tras sus participaciones en 1930, 1950, 1958, 1986, 1998, 2002, 2006 y 2010.<\/p>\n\n\n\n<p>Minutos despu\u00e9s, Pe\u00f1a volvi\u00f3 a publicar: \u201cCon la garra guaran\u00ed que nos define, este equipo dej\u00f3 el alma en la cancha. Hoy sentimos orgullo, emoci\u00f3n y esperanza\u2026 \u00a1Gracias, Albirroja, porque volvimos y volvimos m\u00e1s fuertes que nunca\u201d.<\/p>\n\n\n\n<p>Fuente: Clar\u00edn <\/p>\n","protected":false},"excerpt":{"rendered":"<p>El presidente de Paraguay, Santiago Pe\u00f1a, decret\u00f3 feriado nacional para este viernes tras la clasificaci\u00f3n de la selecci\u00f3n paraguaya al Mundial 2026. Ser\u00e1 la primera vez en 16 a\u00f1os que el pa\u00eds vuelve a participar de la cita mundialista, que se disputar\u00e1 en Canad\u00e1, Estados Unidos y M\u00e9xico. El equipo dirigido por el argentino Gustavo [&hellip;]<\/p>\n","protected":false},"author":2,"featured_media":48445,"comment_status":"open","ping_status":"open","sticky":false,"template":"","format":"standard","meta":{"footnotes":""},"categories":[24],"tags":[3790,3206,595],"class_list":["post-48444","post","type-post","status-publish","format-standard","has-post-thumbnail","hentry","category-deportes","tag-clasifico","tag-mundial","tag-paraguay"],"yoast_head":"<!-- This site is optimized with the Yoast SEO plugin v27.5 - https:\/\/yoast.com\/product\/yoast-seo-wordpress\/ -->\n<title>Paraguay clasifica al Mundial 2026 y presidente decreta feriado | CVI NOTICIAS<\/title>\n<meta name=\"description\" content=\"Paraguay asegur\u00f3 su lugar en el Mundial 2026 y el presidente decret\u00f3 feriado nacional por la hist\u00f3rica clasificaci\u00f3n.\" \/>\n<meta name=\"robots\" content=\"index, follow, max-snippet:-1, max-image-preview:large, max-video-preview:-1\" \/>\n<link rel=\"canonical\" href=\"https:\/\/cvinoticias.com\/v3\/paraguay-clasifico-al-mundial-2026-y-el-presidente-santiago-pena-decreto-feriado-nacional\/\" \/>\n<meta property=\"og:locale\" content=\"es_ES\" \/>\n<meta property=\"og:type\" content=\"article\" \/>\n<meta property=\"og:title\" content=\"Paraguay clasifica al Mundial 2026 y presidente decreta feriado | CVI NOTICIAS\" \/>\n<meta property=\"og:description\" content=\"Paraguay asegur\u00f3 su lugar en el Mundial 2026 y el presidente decret\u00f3 feriado nacional por la hist\u00f3rica clasificaci\u00f3n.\" \/>\n<meta property=\"og:url\" content=\"https:\/\/cvinoticias.com\/v3\/paraguay-clasifico-al-mundial-2026-y-el-presidente-santiago-pena-decreto-feriado-nacional\/\" \/>\n<meta property=\"og:site_name\" content=\"CVI NOTICIAS\" \/>\n<meta property=\"article:publisher\" content=\"https:\/\/www.facebook.com\/cvinoticias\" \/>\n<meta property=\"article:published_time\" content=\"2025-09-05T12:20:40+00:00\" \/>\n<meta property=\"article:modified_time\" content=\"2025-09-05T12:23:55+00:00\" \/>\n<meta property=\"og:image\" content=\"https:\/\/cvinoticias.com\/wp-content\/uploads\/2025\/09\/uuN6yLqNv_360x240__1.jpg\" \/>\n\t<meta property=\"og:image:width\" content=\"360\" \/>\n\t<meta property=\"og:image:height\" content=\"240\" \/>\n\t<meta property=\"og:image:type\" content=\"image\/jpeg\" \/>\n<meta name=\"author\" content=\"f1000024\" \/>\n<meta name=\"twitter:card\" content=\"summary_large_image\" \/>\n<meta name=\"twitter:label1\" content=\"Escrito por\" \/>\n\t<meta name=\"twitter:data1\" content=\"f1000024\" \/>\n\t<meta name=\"twitter:label2\" content=\"Tiempo de lectura\" \/>\n\t<meta name=\"twitter:data2\" content=\"2 minutos\" \/>\n<script type=\"application\/ld+json\" class=\"yoast-schema-graph\">{\"@context\":\"https:\\\/\\\/schema.org\",\"@graph\":[{\"@type\":\"Article\",\"@id\":\"https:\\\/\\\/cvinoticias.com\\\/v3\\\/paraguay-clasifico-al-mundial-2026-y-el-presidente-santiago-pena-decreto-feriado-nacional\\\/#article\",\"isPartOf\":{\"@id\":\"https:\\\/\\\/cvinoticias.com\\\/v3\\\/paraguay-clasifico-al-mundial-2026-y-el-presidente-santiago-pena-decreto-feriado-nacional\\\/\"},\"author\":{\"name\":\"f1000024\",\"@id\":\"https:\\\/\\\/cvinoticias.com\\\/v3\\\/#\\\/schema\\\/person\\\/2db77e3c6bc03c538495d7b2b8be9b66\"},\"headline\":\"Paraguay clasific\u00f3 al Mundial 2026 y el presidente Santiago Pe\u00f1a decret\u00f3 feriado nacional\",\"datePublished\":\"2025-09-05T12:20:40+00:00\",\"dateModified\":\"2025-09-05T12:23:55+00:00\",\"mainEntityOfPage\":{\"@id\":\"https:\\\/\\\/cvinoticias.com\\\/v3\\\/paraguay-clasifico-al-mundial-2026-y-el-presidente-santiago-pena-decreto-feriado-nacional\\\/\"},\"wordCount\":317,\"commentCount\":0,\"publisher\":{\"@id\":\"https:\\\/\\\/cvinoticias.com\\\/v3\\\/#organization\"},\"image\":{\"@id\":\"https:\\\/\\\/cvinoticias.com\\\/v3\\\/paraguay-clasifico-al-mundial-2026-y-el-presidente-santiago-pena-decreto-feriado-nacional\\\/#primaryimage\"},\"thumbnailUrl\":\"https:\\\/\\\/cvinoticias.com\\\/wp-content\\\/uploads\\\/2025\\\/09\\\/uuN6yLqNv_360x240__1.jpg\",\"keywords\":[\"clasific\u00f3\",\"Mundial\",\"Paraguay\"],\"articleSection\":[\"Deportes\"],\"inLanguage\":\"es\",\"potentialAction\":[{\"@type\":\"CommentAction\",\"name\":\"Comment\",\"target\":[\"https:\\\/\\\/cvinoticias.com\\\/v3\\\/paraguay-clasifico-al-mundial-2026-y-el-presidente-santiago-pena-decreto-feriado-nacional\\\/#respond\"]}]},{\"@type\":\"WebPage\",\"@id\":\"https:\\\/\\\/cvinoticias.com\\\/v3\\\/paraguay-clasifico-al-mundial-2026-y-el-presidente-santiago-pena-decreto-feriado-nacional\\\/\",\"url\":\"https:\\\/\\\/cvinoticias.com\\\/v3\\\/paraguay-clasifico-al-mundial-2026-y-el-presidente-santiago-pena-decreto-feriado-nacional\\\/\",\"name\":\"Paraguay clasifica al Mundial 2026 y presidente decreta feriado | CVI NOTICIAS\",\"isPartOf\":{\"@id\":\"https:\\\/\\\/cvinoticias.com\\\/v3\\\/#website\"},\"primaryImageOfPage\":{\"@id\":\"https:\\\/\\\/cvinoticias.com\\\/v3\\\/paraguay-clasifico-al-mundial-2026-y-el-presidente-santiago-pena-decreto-feriado-nacional\\\/#primaryimage\"},\"image\":{\"@id\":\"https:\\\/\\\/cvinoticias.com\\\/v3\\\/paraguay-clasifico-al-mundial-2026-y-el-presidente-santiago-pena-decreto-feriado-nacional\\\/#primaryimage\"},\"thumbnailUrl\":\"https:\\\/\\\/cvinoticias.com\\\/wp-content\\\/uploads\\\/2025\\\/09\\\/uuN6yLqNv_360x240__1.jpg\",\"datePublished\":\"2025-09-05T12:20:40+00:00\",\"dateModified\":\"2025-09-05T12:23:55+00:00\",\"description\":\"Paraguay asegur\u00f3 su lugar en el Mundial 2026 y el presidente decret\u00f3 feriado nacional por la hist\u00f3rica clasificaci\u00f3n.\",\"breadcrumb\":{\"@id\":\"https:\\\/\\\/cvinoticias.com\\\/v3\\\/paraguay-clasifico-al-mundial-2026-y-el-presidente-santiago-pena-decreto-feriado-nacional\\\/#breadcrumb\"},\"inLanguage\":\"es\",\"potentialAction\":[{\"@type\":\"ReadAction\",\"target\":[\"https:\\\/\\\/cvinoticias.com\\\/v3\\\/paraguay-clasifico-al-mundial-2026-y-el-presidente-santiago-pena-decreto-feriado-nacional\\\/\"]}]},{\"@type\":\"ImageObject\",\"inLanguage\":\"es\",\"@id\":\"https:\\\/\\\/cvinoticias.com\\\/v3\\\/paraguay-clasifico-al-mundial-2026-y-el-presidente-santiago-pena-decreto-feriado-nacional\\\/#primaryimage\",\"url\":\"https:\\\/\\\/cvinoticias.com\\\/wp-content\\\/uploads\\\/2025\\\/09\\\/uuN6yLqNv_360x240__1.jpg\",\"contentUrl\":\"https:\\\/\\\/cvinoticias.com\\\/wp-content\\\/uploads\\\/2025\\\/09\\\/uuN6yLqNv_360x240__1.jpg\",\"width\":360,\"height\":240},{\"@type\":\"BreadcrumbList\",\"@id\":\"https:\\\/\\\/cvinoticias.com\\\/v3\\\/paraguay-clasifico-al-mundial-2026-y-el-presidente-santiago-pena-decreto-feriado-nacional\\\/#breadcrumb\",\"itemListElement\":[{\"@type\":\"ListItem\",\"position\":1,\"name\":\"Portada\",\"item\":\"https:\\\/\\\/cvinoticias.com\\\/v3\\\/\"},{\"@type\":\"ListItem\",\"position\":2,\"name\":\"Paraguay clasific\u00f3 al Mundial 2026 y el presidente Santiago Pe\u00f1a decret\u00f3 feriado nacional\"}]},{\"@type\":\"WebSite\",\"@id\":\"https:\\\/\\\/cvinoticias.com\\\/v3\\\/#website\",\"url\":\"https:\\\/\\\/cvinoticias.com\\\/v3\\\/\",\"name\":\"CVI NOTICIAS\",\"description\":\"\",\"publisher\":{\"@id\":\"https:\\\/\\\/cvinoticias.com\\\/v3\\\/#organization\"},\"alternateName\":\"CVI\",\"potentialAction\":[{\"@type\":\"SearchAction\",\"target\":{\"@type\":\"EntryPoint\",\"urlTemplate\":\"https:\\\/\\\/cvinoticias.com\\\/v3\\\/?s={search_term_string}\"},\"query-input\":{\"@type\":\"PropertyValueSpecification\",\"valueRequired\":true,\"valueName\":\"search_term_string\"}}],\"inLanguage\":\"es\"},{\"@type\":\"Organization\",\"@id\":\"https:\\\/\\\/cvinoticias.com\\\/v3\\\/#organization\",\"name\":\"CVI NOTICIAS\",\"url\":\"https:\\\/\\\/cvinoticias.com\\\/v3\\\/\",\"logo\":{\"@type\":\"ImageObject\",\"inLanguage\":\"es\",\"@id\":\"https:\\\/\\\/cvinoticias.com\\\/v3\\\/#\\\/schema\\\/logo\\\/image\\\/\",\"url\":\"https:\\\/\\\/cvinoticias.com\\\/wp-content\\\/uploads\\\/2023\\\/04\\\/cropped-cropped-cropped-cropped-cropped-3-1.png\",\"contentUrl\":\"https:\\\/\\\/cvinoticias.com\\\/wp-content\\\/uploads\\\/2023\\\/04\\\/cropped-cropped-cropped-cropped-cropped-3-1.png\",\"width\":95,\"height\":122,\"caption\":\"CVI NOTICIAS\"},\"image\":{\"@id\":\"https:\\\/\\\/cvinoticias.com\\\/v3\\\/#\\\/schema\\\/logo\\\/image\\\/\"},\"sameAs\":[\"https:\\\/\\\/www.facebook.com\\\/cvinoticias\",\"https:\\\/\\\/www.instagram.com\\\/cvinoticias\\\/\",\"https:\\\/\\\/www.youtube.com\\\/@CVINOTICIAS\"]},{\"@type\":\"Person\",\"@id\":\"https:\\\/\\\/cvinoticias.com\\\/v3\\\/#\\\/schema\\\/person\\\/2db77e3c6bc03c538495d7b2b8be9b66\",\"name\":\"f1000024\",\"image\":{\"@type\":\"ImageObject\",\"inLanguage\":\"es\",\"@id\":\"https:\\\/\\\/secure.gravatar.com\\\/avatar\\\/d4fe7459cfc51ff5129ce1a732bbef5928568b8092d412ef95611616376bbeed?s=96&d=mm&r=g\",\"url\":\"https:\\\/\\\/secure.gravatar.com\\\/avatar\\\/d4fe7459cfc51ff5129ce1a732bbef5928568b8092d412ef95611616376bbeed?s=96&d=mm&r=g\",\"contentUrl\":\"https:\\\/\\\/secure.gravatar.com\\\/avatar\\\/d4fe7459cfc51ff5129ce1a732bbef5928568b8092d412ef95611616376bbeed?s=96&d=mm&r=g\",\"caption\":\"f1000024\"},\"url\":\"https:\\\/\\\/cvinoticias.com\\\/v3\\\/author\\\/f1000024\\\/\"}]}<\/script>\n<!-- \/ Yoast SEO plugin. -->","yoast_head_json":{"title":"Paraguay clasifica al Mundial 2026 y presidente decreta feriado | CVI NOTICIAS","description":"Paraguay asegur\u00f3 su lugar en el Mundial 2026 y el presidente decret\u00f3 feriado nacional por la hist\u00f3rica clasificaci\u00f3n.","robots":{"index":"index","follow":"follow","max-snippet":"max-snippet:-1","max-image-preview":"max-image-preview:large","max-video-preview":"max-video-preview:-1"},"canonical":"https:\/\/cvinoticias.com\/v3\/paraguay-clasifico-al-mundial-2026-y-el-presidente-santiago-pena-decreto-feriado-nacional\/","og_locale":"es_ES","og_type":"article","og_title":"Paraguay clasifica al Mundial 2026 y presidente decreta feriado | CVI NOTICIAS","og_description":"Paraguay asegur\u00f3 su lugar en el Mundial 2026 y el presidente decret\u00f3 feriado nacional por la hist\u00f3rica clasificaci\u00f3n.","og_url":"https:\/\/cvinoticias.com\/v3\/paraguay-clasifico-al-mundial-2026-y-el-presidente-santiago-pena-decreto-feriado-nacional\/","og_site_name":"CVI NOTICIAS","article_publisher":"https:\/\/www.facebook.com\/cvinoticias","article_published_time":"2025-09-05T12:20:40+00:00","article_modified_time":"2025-09-05T12:23:55+00:00","og_image":[{"width":360,"height":240,"url":"https:\/\/cvinoticias.com\/wp-content\/uploads\/2025\/09\/uuN6yLqNv_360x240__1.jpg","type":"image\/jpeg"}],"author":"f1000024","twitter_card":"summary_large_image","twitter_misc":{"Escrito por":"f1000024","Tiempo de lectura":"2 minutos"},"schema":{"@context":"https:\/\/schema.org","@graph":[{"@type":"Article","@id":"https:\/\/cvinoticias.com\/v3\/paraguay-clasifico-al-mundial-2026-y-el-presidente-santiago-pena-decreto-feriado-nacional\/#article","isPartOf":{"@id":"https:\/\/cvinoticias.com\/v3\/paraguay-clasifico-al-mundial-2026-y-el-presidente-santiago-pena-decreto-feriado-nacional\/"},"author":{"name":"f1000024","@id":"https:\/\/cvinoticias.com\/v3\/#\/schema\/person\/2db77e3c6bc03c538495d7b2b8be9b66"},"headline":"Paraguay clasific\u00f3 al Mundial 2026 y el presidente Santiago Pe\u00f1a decret\u00f3 feriado nacional","datePublished":"2025-09-05T12:20:40+00:00","dateModified":"2025-09-05T12:23:55+00:00","mainEntityOfPage":{"@id":"https:\/\/cvinoticias.com\/v3\/paraguay-clasifico-al-mundial-2026-y-el-presidente-santiago-pena-decreto-feriado-nacional\/"},"wordCount":317,"commentCount":0,"publisher":{"@id":"https:\/\/cvinoticias.com\/v3\/#organization"},"image":{"@id":"https:\/\/cvinoticias.com\/v3\/paraguay-clasifico-al-mundial-2026-y-el-presidente-santiago-pena-decreto-feriado-nacional\/#primaryimage"},"thumbnailUrl":"https:\/\/cvinoticias.com\/wp-content\/uploads\/2025\/09\/uuN6yLqNv_360x240__1.jpg","keywords":["clasific\u00f3","Mundial","Paraguay"],"articleSection":["Deportes"],"inLanguage":"es","potentialAction":[{"@type":"CommentAction","name":"Comment","target":["https:\/\/cvinoticias.com\/v3\/paraguay-clasifico-al-mundial-2026-y-el-presidente-santiago-pena-decreto-feriado-nacional\/#respond"]}]},{"@type":"WebPage","@id":"https:\/\/cvinoticias.com\/v3\/paraguay-clasifico-al-mundial-2026-y-el-presidente-santiago-pena-decreto-feriado-nacional\/","url":"https:\/\/cvinoticias.com\/v3\/paraguay-clasifico-al-mundial-2026-y-el-presidente-santiago-pena-decreto-feriado-nacional\/","name":"Paraguay clasifica al Mundial 2026 y presidente decreta feriado | CVI NOTICIAS","isPartOf":{"@id":"https:\/\/cvinoticias.com\/v3\/#website"},"primaryImageOfPage":{"@id":"https:\/\/cvinoticias.com\/v3\/paraguay-clasifico-al-mundial-2026-y-el-presidente-santiago-pena-decreto-feriado-nacional\/#primaryimage"},"image":{"@id":"https:\/\/cvinoticias.com\/v3\/paraguay-clasifico-al-mundial-2026-y-el-presidente-santiago-pena-decreto-feriado-nacional\/#primaryimage"},"thumbnailUrl":"https:\/\/cvinoticias.com\/wp-content\/uploads\/2025\/09\/uuN6yLqNv_360x240__1.jpg","datePublished":"2025-09-05T12:20:40+00:00","dateModified":"2025-09-05T12:23:55+00:00","description":"Paraguay asegur\u00f3 su lugar en el Mundial 2026 y el presidente decret\u00f3 feriado nacional por la hist\u00f3rica clasificaci\u00f3n.","breadcrumb":{"@id":"https:\/\/cvinoticias.com\/v3\/paraguay-clasifico-al-mundial-2026-y-el-presidente-santiago-pena-decreto-feriado-nacional\/#breadcrumb"},"inLanguage":"es","potentialAction":[{"@type":"ReadAction","target":["https:\/\/cvinoticias.com\/v3\/paraguay-clasifico-al-mundial-2026-y-el-presidente-santiago-pena-decreto-feriado-nacional\/"]}]},{"@type":"ImageObject","inLanguage":"es","@id":"https:\/\/cvinoticias.com\/v3\/paraguay-clasifico-al-mundial-2026-y-el-presidente-santiago-pena-decreto-feriado-nacional\/#primaryimage","url":"https:\/\/cvinoticias.com\/wp-content\/uploads\/2025\/09\/uuN6yLqNv_360x240__1.jpg","contentUrl":"https:\/\/cvinoticias.com\/wp-content\/uploads\/2025\/09\/uuN6yLqNv_360x240__1.jpg","width":360,"height":240},{"@type":"BreadcrumbList","@id":"https:\/\/cvinoticias.com\/v3\/paraguay-clasifico-al-mundial-2026-y-el-presidente-santiago-pena-decreto-feriado-nacional\/#breadcrumb","itemListElement":[{"@type":"ListItem","position":1,"name":"Portada","item":"https:\/\/cvinoticias.com\/v3\/"},{"@type":"ListItem","position":2,"name":"Paraguay clasific\u00f3 al Mundial 2026 y el presidente Santiago Pe\u00f1a decret\u00f3 feriado nacional"}]},{"@type":"WebSite","@id":"https:\/\/cvinoticias.com\/v3\/#website","url":"https:\/\/cvinoticias.com\/v3\/","name":"CVI NOTICIAS","description":"","publisher":{"@id":"https:\/\/cvinoticias.com\/v3\/#organization"},"alternateName":"CVI","potentialAction":[{"@type":"SearchAction","target":{"@type":"EntryPoint","urlTemplate":"https:\/\/cvinoticias.com\/v3\/?s={search_term_string}"},"query-input":{"@type":"PropertyValueSpecification","valueRequired":true,"valueName":"search_term_string"}}],"inLanguage":"es"},{"@type":"Organization","@id":"https:\/\/cvinoticias.com\/v3\/#organization","name":"CVI NOTICIAS","url":"https:\/\/cvinoticias.com\/v3\/","logo":{"@type":"ImageObject","inLanguage":"es","@id":"https:\/\/cvinoticias.com\/v3\/#\/schema\/logo\/image\/","url":"https:\/\/cvinoticias.com\/wp-content\/uploads\/2023\/04\/cropped-cropped-cropped-cropped-cropped-3-1.png","contentUrl":"https:\/\/cvinoticias.com\/wp-content\/uploads\/2023\/04\/cropped-cropped-cropped-cropped-cropped-3-1.png","width":95,"height":122,"caption":"CVI NOTICIAS"},"image":{"@id":"https:\/\/cvinoticias.com\/v3\/#\/schema\/logo\/image\/"},"sameAs":["https:\/\/www.facebook.com\/cvinoticias","https:\/\/www.instagram.com\/cvinoticias\/","https:\/\/www.youtube.com\/@CVINOTICIAS"]},{"@type":"Person","@id":"https:\/\/cvinoticias.com\/v3\/#\/schema\/person\/2db77e3c6bc03c538495d7b2b8be9b66","name":"f1000024","image":{"@type":"ImageObject","inLanguage":"es","@id":"https:\/\/secure.gravatar.com\/avatar\/d4fe7459cfc51ff5129ce1a732bbef5928568b8092d412ef95611616376bbeed?s=96&d=mm&r=g","url":"https:\/\/secure.gravatar.com\/avatar\/d4fe7459cfc51ff5129ce1a732bbef5928568b8092d412ef95611616376bbeed?s=96&d=mm&r=g","contentUrl":"https:\/\/secure.gravatar.com\/avatar\/d4fe7459cfc51ff5129ce1a732bbef5928568b8092d412ef95611616376bbeed?s=96&d=mm&r=g","caption":"f1000024"},"url":"https:\/\/cvinoticias.com\/v3\/author\/f1000024\/"}]}},"_links":{"self":[{"href":"https:\/\/cvinoticias.com\/v3\/wp-json\/wp\/v2\/posts\/48444","targetHints":{"allow":["GET"]}}],"collection":[{"href":"https:\/\/cvinoticias.com\/v3\/wp-json\/wp\/v2\/posts"}],"about":[{"href":"https:\/\/cvinoticias.com\/v3\/wp-json\/wp\/v2\/types\/post"}],"author":[{"embeddable":true,"href":"https:\/\/cvinoticias.com\/v3\/wp-json\/wp\/v2\/users\/2"}],"replies":[{"embeddable":true,"href":"https:\/\/cvinoticias.com\/v3\/wp-json\/wp\/v2\/comments?post=48444"}],"version-history":[{"count":2,"href":"https:\/\/cvinoticias.com\/v3\/wp-json\/wp\/v2\/posts\/48444\/revisions"}],"predecessor-version":[{"id":48448,"href":"https:\/\/cvinoticias.com\/v3\/wp-json\/wp\/v2\/posts\/48444\/revisions\/48448"}],"wp:featuredmedia":[{"embeddable":true,"href":"https:\/\/cvinoticias.com\/v3\/wp-json\/wp\/v2\/media\/48445"}],"wp:attachment":[{"href":"https:\/\/cvinoticias.com\/v3\/wp-json\/wp\/v2\/media?parent=48444"}],"wp:term":[{"taxonomy":"category","embeddable":true,"href":"https:\/\/cvinoticias.com\/v3\/wp-json\/wp\/v2\/categories?post=48444"},{"taxonomy":"post_tag","embeddable":true,"href":"https:\/\/cvinoticias.com\/v3\/wp-json\/wp\/v2\/tags?post=48444"}],"curies":[{"name":"wp","href":"https:\/\/api.w.org\/{rel}","templated":true}]}}