{"id":48432,"date":"2025-09-05T08:58:49","date_gmt":"2025-09-05T11:58:49","guid":{"rendered":"https:\/\/cvinoticias.com\/v3\/?p=48432"},"modified":"2025-09-05T08:58:50","modified_gmt":"2025-09-05T11:58:50","slug":"mi-sueno-era-tener-carino-en-mi-pais","status":"publish","type":"post","link":"https:\/\/cvinoticias.com\/v3\/mi-sueno-era-tener-carino-en-mi-pais\/","title":{"rendered":"\u00abMi sue\u00f1o era tener cari\u00f1o en mi pa\u00eds\u00bb"},"content":{"rendered":"\n<p>Lionel Messi vivi\u00f3 una noche m\u00e1s que especial en el Monumental: brind\u00f3 un show en su \u00faltimo partido oficial en el pa\u00eds, en el triunfazo por 3-0 de la Selecci\u00f3n Argentina frente a Venezuela, en la fecha 10 de las Eliminatorias rumbo al Mundial 2026. La Pulga sali\u00f3 con sus hijos a la cancha, fue ovacionado en varios momentos y \u00a1marc\u00f3 dos goles!&nbsp;<\/p>\n\n\n\n<p>\u00abPoder terminar de esta manera ac\u00e1 es lo que siempre so\u00f1\u00e9. Poder estar con mi gente&#8230; Por muchos a\u00f1os tuve cari\u00f1o en Barcelona, lo tengo&#8230; Mi sue\u00f1o era tenerlo ac\u00e1 en mi pa\u00eds, con mi gente\u00bb, afirm\u00f3 la Pulga, en una jornada emotiva.<\/p>\n\n\n\n<p>A los 39 minutos del primer tiempo, Leandro Paredes envi\u00f3 una espectacular y precisa habilitaci\u00f3n para Juli\u00e1n \u00c1lvarez. La Ara\u00f1a control\u00f3, pis\u00f3 el \u00e1rea y enga\u00f1\u00f3 a los defensores venezolanos. Podr\u00eda haber rematado y finalizar la jugada, pero eligi\u00f3 asistir al capit\u00e1n: se la cedi\u00f3 a Messi, quien la pic\u00f3 y puso el 1-0 para la Albiceleste.&nbsp;<\/p>\n\n\n\n<figure class=\"wp-block-image\"><img decoding=\"async\" data-src=\"https:\/\/elterritorio-s3.cdn.net.ar\/s3i233\/2025\/09\/elterritorio\/images\/02\/26\/24\/2262444_e144152d8fb83cf2a181d07906c422443fe78a8acf5fda99de95303940a2420c\/sm.webp\" alt=\"\" src=\"data:image\/svg+xml;base64,PHN2ZyB3aWR0aD0iMSIgaGVpZ2h0PSIxIiB4bWxucz0iaHR0cDovL3d3dy53My5vcmcvMjAwMC9zdmciPjwvc3ZnPg==\" class=\"lazyload\" \/><\/figure>\n\n\n\n<p>\u00abQue de la mano de Leo Messi, toda la vuelta vamos a dar\u00bb, cant\u00f3 con euforia la hinchada, en una de las tantas ovaciones que recibi\u00f3 la Pulga en toda la noche. &nbsp;<\/p>\n\n\n\n<p>En la segunda mitad, a los 31 minutos, particip\u00f3 en el segundo gol de la Albiceleste. Sac\u00f3 r\u00e1pido en un tiro libre, Nico Gonz\u00e1lez envi\u00f3 un centro preciso al \u00e1rea y Lautaro Mart\u00ednez conect\u00f3 de cabeza para el 2-0. Y, poco despu\u00e9s, tras una conexi\u00f3n con Thiago Almada, la empuj\u00f3 abajo del arco para el 3-0. De esta manera, sell\u00f3 su doblete, lleg\u00f3 a ocho goles en el torneo, super\u00f3 a Luis D\u00edaz y es el m\u00e1ximo goleador de estas Eliminatorias. Y estuvo cerca del hat-trick: despu\u00e9s la pic\u00f3 por encima del arquero y marc\u00f3 otro golazo, pero se lo anularon por off side.<\/p>\n\n\n\n<p>A su vez, reflexion\u00f3 sobre sus momentos complicados con el conjunto nacional en otras etapas y remarc\u00f3 que siempre luch\u00f3 por sentir el amor de los argentinos: \u00abPoder terminar de esta manera ac\u00e1 es lo que siempre so\u00f1\u00e9. Poder estar con mi gente&#8230; Por muchos a\u00f1os tuve cari\u00f1o en Barcelona, lo tengo&#8230; Mi sue\u00f1o era tenerlo ac\u00e1 en mi pa\u00eds, con mi gente. Durante muchos a\u00f1os se hablaron muchas cosas, pero me quedo con todo lo bueno, con el grupo que lo intent\u00f3 y no consigui\u00f3 consagrarse. Se me dio a m\u00ed y a algunos de esa camada\u00bb.<\/p>\n\n\n\n<p><br>Por \u00faltimo, cuando fue consultado sobre si ya decidi\u00f3 que participar\u00e1 del pr\u00f3ximo Mundial, reconoci\u00f3 que \u00abnueve meses pasan muy r\u00e1pido\u00bb y dej\u00f3 en claro que su intenci\u00f3n es llegar en \u00f3ptimas condiciones a esa \u00e9poca en 2026: \u00abLo mismo que dije en su momento. Lo m\u00e1s l\u00f3gico era que no llegue. Pero bueno, ya estamos ah\u00ed, estoy ilusionado, con ganas, pero como dije siempre, voy d\u00eda a d\u00eda, partido tras partido. Este a\u00f1o tuvimos much\u00edsimos partidos\u00bb.<\/p>\n\n\n\n<p>\u00abLo que s\u00ed est\u00e1 claro es que hoy era el \u00faltimo por los puntos ac\u00e1. De ahora en m\u00e1s, d\u00eda a d\u00eda, tratando de sentirme bien y ser sincero conmigo mismo. Cuando me siento bien, disfruto. Si no estoy, la verdad la paso mal, prefiero no estar\u00bb, sentenci\u00f3.<\/p>\n\n\n\n<p>Luego de la goleada por 3-0 al equipo de Fernando Batista en el Monumental este jueves, la Albiceleste -que se asegur\u00f3 el primer puesto y ya est\u00e1 clasificada a la Copa del Mundo- cerrar\u00e1 las Eliminatorias frente a Ecuador, en condici\u00f3n de visitante, el martes 9 de septiembre.<\/p>\n\n\n\n<p>Fuente: El Territorio <\/p>\n","protected":false},"excerpt":{"rendered":"<p>Lionel Messi vivi\u00f3 una noche m\u00e1s que especial en el Monumental: brind\u00f3 un show en su \u00faltimo partido oficial en el pa\u00eds, en el triunfazo por 3-0 de la Selecci\u00f3n Argentina frente a Venezuela, en la fecha 10 de las Eliminatorias rumbo al Mundial 2026. La Pulga sali\u00f3 con sus hijos a la cancha, fue [&hellip;]<\/p>\n","protected":false},"author":2,"featured_media":48433,"comment_status":"open","ping_status":"open","sticky":false,"template":"","format":"standard","meta":{"footnotes":""},"categories":[24],"tags":[276,2724,2684,3788],"class_list":["post-48432","post","type-post","status-publish","format-standard","has-post-thumbnail","hentry","category-deportes","tag-argentina","tag-messi","tag-partido","tag-ultimo"],"yoast_head":"<!-- This site is optimized with the Yoast SEO plugin v27.5 - https:\/\/yoast.com\/product\/yoast-seo-wordpress\/ -->\n<title>Messi brill\u00f3 en su \u00faltimo partido oficial en Argentina | CVI NOTICIAS<\/title>\n<meta name=\"description\" content=\"Messi marc\u00f3 dos goles y se despidi\u00f3 en el Monumental en su \u00faltimo partido oficial en Argentina.\" \/>\n<meta name=\"robots\" content=\"index, follow, max-snippet:-1, max-image-preview:large, max-video-preview:-1\" \/>\n<link rel=\"canonical\" href=\"https:\/\/cvinoticias.com\/v3\/mi-sueno-era-tener-carino-en-mi-pais\/\" \/>\n<meta property=\"og:locale\" content=\"es_ES\" \/>\n<meta property=\"og:type\" content=\"article\" \/>\n<meta property=\"og:title\" content=\"Messi brill\u00f3 en su \u00faltimo partido oficial en Argentina | CVI NOTICIAS\" \/>\n<meta property=\"og:description\" content=\"Messi marc\u00f3 dos goles y se despidi\u00f3 en el Monumental en su \u00faltimo partido oficial en Argentina.\" \/>\n<meta property=\"og:url\" content=\"https:\/\/cvinoticias.com\/v3\/mi-sueno-era-tener-carino-en-mi-pais\/\" \/>\n<meta property=\"og:site_name\" content=\"CVI NOTICIAS\" \/>\n<meta property=\"article:publisher\" content=\"https:\/\/www.facebook.com\/cvinoticias\" \/>\n<meta property=\"article:published_time\" content=\"2025-09-05T11:58:49+00:00\" \/>\n<meta property=\"article:modified_time\" content=\"2025-09-05T11:58:50+00:00\" \/>\n<meta property=\"og:image\" content=\"https:\/\/cvinoticias.com\/wp-content\/uploads\/2025\/09\/md-83.webp\" \/>\n\t<meta property=\"og:image:width\" content=\"793\" \/>\n\t<meta property=\"og:image:height\" content=\"992\" \/>\n\t<meta property=\"og:image:type\" content=\"image\/webp\" \/>\n<meta name=\"author\" content=\"f1000024\" \/>\n<meta name=\"twitter:card\" content=\"summary_large_image\" \/>\n<meta name=\"twitter:label1\" content=\"Escrito por\" \/>\n\t<meta name=\"twitter:data1\" content=\"f1000024\" \/>\n\t<meta name=\"twitter:label2\" content=\"Tiempo de lectura\" \/>\n\t<meta name=\"twitter:data2\" content=\"4 minutos\" \/>\n<script type=\"application\/ld+json\" class=\"yoast-schema-graph\">{\"@context\":\"https:\\\/\\\/schema.org\",\"@graph\":[{\"@type\":\"Article\",\"@id\":\"https:\\\/\\\/cvinoticias.com\\\/v3\\\/mi-sueno-era-tener-carino-en-mi-pais\\\/#article\",\"isPartOf\":{\"@id\":\"https:\\\/\\\/cvinoticias.com\\\/v3\\\/mi-sueno-era-tener-carino-en-mi-pais\\\/\"},\"author\":{\"name\":\"f1000024\",\"@id\":\"https:\\\/\\\/cvinoticias.com\\\/v3\\\/#\\\/schema\\\/person\\\/2db77e3c6bc03c538495d7b2b8be9b66\"},\"headline\":\"\u00abMi sue\u00f1o era tener cari\u00f1o en mi pa\u00eds\u00bb\",\"datePublished\":\"2025-09-05T11:58:49+00:00\",\"dateModified\":\"2025-09-05T11:58:50+00:00\",\"mainEntityOfPage\":{\"@id\":\"https:\\\/\\\/cvinoticias.com\\\/v3\\\/mi-sueno-era-tener-carino-en-mi-pais\\\/\"},\"wordCount\":619,\"commentCount\":0,\"publisher\":{\"@id\":\"https:\\\/\\\/cvinoticias.com\\\/v3\\\/#organization\"},\"image\":{\"@id\":\"https:\\\/\\\/cvinoticias.com\\\/v3\\\/mi-sueno-era-tener-carino-en-mi-pais\\\/#primaryimage\"},\"thumbnailUrl\":\"https:\\\/\\\/cvinoticias.com\\\/wp-content\\\/uploads\\\/2025\\\/09\\\/md-83.webp\",\"keywords\":[\"Argentina\",\"Messi\",\"Partido\",\"\u00faltimo\"],\"articleSection\":[\"Deportes\"],\"inLanguage\":\"es\",\"potentialAction\":[{\"@type\":\"CommentAction\",\"name\":\"Comment\",\"target\":[\"https:\\\/\\\/cvinoticias.com\\\/v3\\\/mi-sueno-era-tener-carino-en-mi-pais\\\/#respond\"]}]},{\"@type\":\"WebPage\",\"@id\":\"https:\\\/\\\/cvinoticias.com\\\/v3\\\/mi-sueno-era-tener-carino-en-mi-pais\\\/\",\"url\":\"https:\\\/\\\/cvinoticias.com\\\/v3\\\/mi-sueno-era-tener-carino-en-mi-pais\\\/\",\"name\":\"Messi brill\u00f3 en su \u00faltimo partido oficial en Argentina | CVI NOTICIAS\",\"isPartOf\":{\"@id\":\"https:\\\/\\\/cvinoticias.com\\\/v3\\\/#website\"},\"primaryImageOfPage\":{\"@id\":\"https:\\\/\\\/cvinoticias.com\\\/v3\\\/mi-sueno-era-tener-carino-en-mi-pais\\\/#primaryimage\"},\"image\":{\"@id\":\"https:\\\/\\\/cvinoticias.com\\\/v3\\\/mi-sueno-era-tener-carino-en-mi-pais\\\/#primaryimage\"},\"thumbnailUrl\":\"https:\\\/\\\/cvinoticias.com\\\/wp-content\\\/uploads\\\/2025\\\/09\\\/md-83.webp\",\"datePublished\":\"2025-09-05T11:58:49+00:00\",\"dateModified\":\"2025-09-05T11:58:50+00:00\",\"description\":\"Messi marc\u00f3 dos goles y se despidi\u00f3 en el Monumental en su \u00faltimo partido oficial en Argentina.\",\"breadcrumb\":{\"@id\":\"https:\\\/\\\/cvinoticias.com\\\/v3\\\/mi-sueno-era-tener-carino-en-mi-pais\\\/#breadcrumb\"},\"inLanguage\":\"es\",\"potentialAction\":[{\"@type\":\"ReadAction\",\"target\":[\"https:\\\/\\\/cvinoticias.com\\\/v3\\\/mi-sueno-era-tener-carino-en-mi-pais\\\/\"]}]},{\"@type\":\"ImageObject\",\"inLanguage\":\"es\",\"@id\":\"https:\\\/\\\/cvinoticias.com\\\/v3\\\/mi-sueno-era-tener-carino-en-mi-pais\\\/#primaryimage\",\"url\":\"https:\\\/\\\/cvinoticias.com\\\/wp-content\\\/uploads\\\/2025\\\/09\\\/md-83.webp\",\"contentUrl\":\"https:\\\/\\\/cvinoticias.com\\\/wp-content\\\/uploads\\\/2025\\\/09\\\/md-83.webp\",\"width\":793,\"height\":992},{\"@type\":\"BreadcrumbList\",\"@id\":\"https:\\\/\\\/cvinoticias.com\\\/v3\\\/mi-sueno-era-tener-carino-en-mi-pais\\\/#breadcrumb\",\"itemListElement\":[{\"@type\":\"ListItem\",\"position\":1,\"name\":\"Portada\",\"item\":\"https:\\\/\\\/cvinoticias.com\\\/v3\\\/\"},{\"@type\":\"ListItem\",\"position\":2,\"name\":\"\u00abMi sue\u00f1o era tener cari\u00f1o en mi pa\u00eds\u00bb\"}]},{\"@type\":\"WebSite\",\"@id\":\"https:\\\/\\\/cvinoticias.com\\\/v3\\\/#website\",\"url\":\"https:\\\/\\\/cvinoticias.com\\\/v3\\\/\",\"name\":\"CVI NOTICIAS\",\"description\":\"\",\"publisher\":{\"@id\":\"https:\\\/\\\/cvinoticias.com\\\/v3\\\/#organization\"},\"alternateName\":\"CVI\",\"potentialAction\":[{\"@type\":\"SearchAction\",\"target\":{\"@type\":\"EntryPoint\",\"urlTemplate\":\"https:\\\/\\\/cvinoticias.com\\\/v3\\\/?s={search_term_string}\"},\"query-input\":{\"@type\":\"PropertyValueSpecification\",\"valueRequired\":true,\"valueName\":\"search_term_string\"}}],\"inLanguage\":\"es\"},{\"@type\":\"Organization\",\"@id\":\"https:\\\/\\\/cvinoticias.com\\\/v3\\\/#organization\",\"name\":\"CVI NOTICIAS\",\"url\":\"https:\\\/\\\/cvinoticias.com\\\/v3\\\/\",\"logo\":{\"@type\":\"ImageObject\",\"inLanguage\":\"es\",\"@id\":\"https:\\\/\\\/cvinoticias.com\\\/v3\\\/#\\\/schema\\\/logo\\\/image\\\/\",\"url\":\"https:\\\/\\\/cvinoticias.com\\\/wp-content\\\/uploads\\\/2023\\\/04\\\/cropped-cropped-cropped-cropped-cropped-3-1.png\",\"contentUrl\":\"https:\\\/\\\/cvinoticias.com\\\/wp-content\\\/uploads\\\/2023\\\/04\\\/cropped-cropped-cropped-cropped-cropped-3-1.png\",\"width\":95,\"height\":122,\"caption\":\"CVI NOTICIAS\"},\"image\":{\"@id\":\"https:\\\/\\\/cvinoticias.com\\\/v3\\\/#\\\/schema\\\/logo\\\/image\\\/\"},\"sameAs\":[\"https:\\\/\\\/www.facebook.com\\\/cvinoticias\",\"https:\\\/\\\/www.instagram.com\\\/cvinoticias\\\/\",\"https:\\\/\\\/www.youtube.com\\\/@CVINOTICIAS\"]},{\"@type\":\"Person\",\"@id\":\"https:\\\/\\\/cvinoticias.com\\\/v3\\\/#\\\/schema\\\/person\\\/2db77e3c6bc03c538495d7b2b8be9b66\",\"name\":\"f1000024\",\"image\":{\"@type\":\"ImageObject\",\"inLanguage\":\"es\",\"@id\":\"https:\\\/\\\/secure.gravatar.com\\\/avatar\\\/d4fe7459cfc51ff5129ce1a732bbef5928568b8092d412ef95611616376bbeed?s=96&d=mm&r=g\",\"url\":\"https:\\\/\\\/secure.gravatar.com\\\/avatar\\\/d4fe7459cfc51ff5129ce1a732bbef5928568b8092d412ef95611616376bbeed?s=96&d=mm&r=g\",\"contentUrl\":\"https:\\\/\\\/secure.gravatar.com\\\/avatar\\\/d4fe7459cfc51ff5129ce1a732bbef5928568b8092d412ef95611616376bbeed?s=96&d=mm&r=g\",\"caption\":\"f1000024\"},\"url\":\"https:\\\/\\\/cvinoticias.com\\\/v3\\\/author\\\/f1000024\\\/\"}]}<\/script>\n<!-- \/ Yoast SEO plugin. -->","yoast_head_json":{"title":"Messi brill\u00f3 en su \u00faltimo partido oficial en Argentina | CVI NOTICIAS","description":"Messi marc\u00f3 dos goles y se despidi\u00f3 en el Monumental en su \u00faltimo partido oficial en Argentina.","robots":{"index":"index","follow":"follow","max-snippet":"max-snippet:-1","max-image-preview":"max-image-preview:large","max-video-preview":"max-video-preview:-1"},"canonical":"https:\/\/cvinoticias.com\/v3\/mi-sueno-era-tener-carino-en-mi-pais\/","og_locale":"es_ES","og_type":"article","og_title":"Messi brill\u00f3 en su \u00faltimo partido oficial en Argentina | CVI NOTICIAS","og_description":"Messi marc\u00f3 dos goles y se despidi\u00f3 en el Monumental en su \u00faltimo partido oficial en Argentina.","og_url":"https:\/\/cvinoticias.com\/v3\/mi-sueno-era-tener-carino-en-mi-pais\/","og_site_name":"CVI NOTICIAS","article_publisher":"https:\/\/www.facebook.com\/cvinoticias","article_published_time":"2025-09-05T11:58:49+00:00","article_modified_time":"2025-09-05T11:58:50+00:00","og_image":[{"width":793,"height":992,"url":"https:\/\/cvinoticias.com\/wp-content\/uploads\/2025\/09\/md-83.webp","type":"image\/webp"}],"author":"f1000024","twitter_card":"summary_large_image","twitter_misc":{"Escrito por":"f1000024","Tiempo de lectura":"4 minutos"},"schema":{"@context":"https:\/\/schema.org","@graph":[{"@type":"Article","@id":"https:\/\/cvinoticias.com\/v3\/mi-sueno-era-tener-carino-en-mi-pais\/#article","isPartOf":{"@id":"https:\/\/cvinoticias.com\/v3\/mi-sueno-era-tener-carino-en-mi-pais\/"},"author":{"name":"f1000024","@id":"https:\/\/cvinoticias.com\/v3\/#\/schema\/person\/2db77e3c6bc03c538495d7b2b8be9b66"},"headline":"\u00abMi sue\u00f1o era tener cari\u00f1o en mi pa\u00eds\u00bb","datePublished":"2025-09-05T11:58:49+00:00","dateModified":"2025-09-05T11:58:50+00:00","mainEntityOfPage":{"@id":"https:\/\/cvinoticias.com\/v3\/mi-sueno-era-tener-carino-en-mi-pais\/"},"wordCount":619,"commentCount":0,"publisher":{"@id":"https:\/\/cvinoticias.com\/v3\/#organization"},"image":{"@id":"https:\/\/cvinoticias.com\/v3\/mi-sueno-era-tener-carino-en-mi-pais\/#primaryimage"},"thumbnailUrl":"https:\/\/cvinoticias.com\/wp-content\/uploads\/2025\/09\/md-83.webp","keywords":["Argentina","Messi","Partido","\u00faltimo"],"articleSection":["Deportes"],"inLanguage":"es","potentialAction":[{"@type":"CommentAction","name":"Comment","target":["https:\/\/cvinoticias.com\/v3\/mi-sueno-era-tener-carino-en-mi-pais\/#respond"]}]},{"@type":"WebPage","@id":"https:\/\/cvinoticias.com\/v3\/mi-sueno-era-tener-carino-en-mi-pais\/","url":"https:\/\/cvinoticias.com\/v3\/mi-sueno-era-tener-carino-en-mi-pais\/","name":"Messi brill\u00f3 en su \u00faltimo partido oficial en Argentina | CVI NOTICIAS","isPartOf":{"@id":"https:\/\/cvinoticias.com\/v3\/#website"},"primaryImageOfPage":{"@id":"https:\/\/cvinoticias.com\/v3\/mi-sueno-era-tener-carino-en-mi-pais\/#primaryimage"},"image":{"@id":"https:\/\/cvinoticias.com\/v3\/mi-sueno-era-tener-carino-en-mi-pais\/#primaryimage"},"thumbnailUrl":"https:\/\/cvinoticias.com\/wp-content\/uploads\/2025\/09\/md-83.webp","datePublished":"2025-09-05T11:58:49+00:00","dateModified":"2025-09-05T11:58:50+00:00","description":"Messi marc\u00f3 dos goles y se despidi\u00f3 en el Monumental en su \u00faltimo partido oficial en Argentina.","breadcrumb":{"@id":"https:\/\/cvinoticias.com\/v3\/mi-sueno-era-tener-carino-en-mi-pais\/#breadcrumb"},"inLanguage":"es","potentialAction":[{"@type":"ReadAction","target":["https:\/\/cvinoticias.com\/v3\/mi-sueno-era-tener-carino-en-mi-pais\/"]}]},{"@type":"ImageObject","inLanguage":"es","@id":"https:\/\/cvinoticias.com\/v3\/mi-sueno-era-tener-carino-en-mi-pais\/#primaryimage","url":"https:\/\/cvinoticias.com\/wp-content\/uploads\/2025\/09\/md-83.webp","contentUrl":"https:\/\/cvinoticias.com\/wp-content\/uploads\/2025\/09\/md-83.webp","width":793,"height":992},{"@type":"BreadcrumbList","@id":"https:\/\/cvinoticias.com\/v3\/mi-sueno-era-tener-carino-en-mi-pais\/#breadcrumb","itemListElement":[{"@type":"ListItem","position":1,"name":"Portada","item":"https:\/\/cvinoticias.com\/v3\/"},{"@type":"ListItem","position":2,"name":"\u00abMi sue\u00f1o era tener cari\u00f1o en mi pa\u00eds\u00bb"}]},{"@type":"WebSite","@id":"https:\/\/cvinoticias.com\/v3\/#website","url":"https:\/\/cvinoticias.com\/v3\/","name":"CVI NOTICIAS","description":"","publisher":{"@id":"https:\/\/cvinoticias.com\/v3\/#organization"},"alternateName":"CVI","potentialAction":[{"@type":"SearchAction","target":{"@type":"EntryPoint","urlTemplate":"https:\/\/cvinoticias.com\/v3\/?s={search_term_string}"},"query-input":{"@type":"PropertyValueSpecification","valueRequired":true,"valueName":"search_term_string"}}],"inLanguage":"es"},{"@type":"Organization","@id":"https:\/\/cvinoticias.com\/v3\/#organization","name":"CVI NOTICIAS","url":"https:\/\/cvinoticias.com\/v3\/","logo":{"@type":"ImageObject","inLanguage":"es","@id":"https:\/\/cvinoticias.com\/v3\/#\/schema\/logo\/image\/","url":"https:\/\/cvinoticias.com\/wp-content\/uploads\/2023\/04\/cropped-cropped-cropped-cropped-cropped-3-1.png","contentUrl":"https:\/\/cvinoticias.com\/wp-content\/uploads\/2023\/04\/cropped-cropped-cropped-cropped-cropped-3-1.png","width":95,"height":122,"caption":"CVI NOTICIAS"},"image":{"@id":"https:\/\/cvinoticias.com\/v3\/#\/schema\/logo\/image\/"},"sameAs":["https:\/\/www.facebook.com\/cvinoticias","https:\/\/www.instagram.com\/cvinoticias\/","https:\/\/www.youtube.com\/@CVINOTICIAS"]},{"@type":"Person","@id":"https:\/\/cvinoticias.com\/v3\/#\/schema\/person\/2db77e3c6bc03c538495d7b2b8be9b66","name":"f1000024","image":{"@type":"ImageObject","inLanguage":"es","@id":"https:\/\/secure.gravatar.com\/avatar\/d4fe7459cfc51ff5129ce1a732bbef5928568b8092d412ef95611616376bbeed?s=96&d=mm&r=g","url":"https:\/\/secure.gravatar.com\/avatar\/d4fe7459cfc51ff5129ce1a732bbef5928568b8092d412ef95611616376bbeed?s=96&d=mm&r=g","contentUrl":"https:\/\/secure.gravatar.com\/avatar\/d4fe7459cfc51ff5129ce1a732bbef5928568b8092d412ef95611616376bbeed?s=96&d=mm&r=g","caption":"f1000024"},"url":"https:\/\/cvinoticias.com\/v3\/author\/f1000024\/"}]}},"_links":{"self":[{"href":"https:\/\/cvinoticias.com\/v3\/wp-json\/wp\/v2\/posts\/48432","targetHints":{"allow":["GET"]}}],"collection":[{"href":"https:\/\/cvinoticias.com\/v3\/wp-json\/wp\/v2\/posts"}],"about":[{"href":"https:\/\/cvinoticias.com\/v3\/wp-json\/wp\/v2\/types\/post"}],"author":[{"embeddable":true,"href":"https:\/\/cvinoticias.com\/v3\/wp-json\/wp\/v2\/users\/2"}],"replies":[{"embeddable":true,"href":"https:\/\/cvinoticias.com\/v3\/wp-json\/wp\/v2\/comments?post=48432"}],"version-history":[{"count":1,"href":"https:\/\/cvinoticias.com\/v3\/wp-json\/wp\/v2\/posts\/48432\/revisions"}],"predecessor-version":[{"id":48434,"href":"https:\/\/cvinoticias.com\/v3\/wp-json\/wp\/v2\/posts\/48432\/revisions\/48434"}],"wp:featuredmedia":[{"embeddable":true,"href":"https:\/\/cvinoticias.com\/v3\/wp-json\/wp\/v2\/media\/48433"}],"wp:attachment":[{"href":"https:\/\/cvinoticias.com\/v3\/wp-json\/wp\/v2\/media?parent=48432"}],"wp:term":[{"taxonomy":"category","embeddable":true,"href":"https:\/\/cvinoticias.com\/v3\/wp-json\/wp\/v2\/categories?post=48432"},{"taxonomy":"post_tag","embeddable":true,"href":"https:\/\/cvinoticias.com\/v3\/wp-json\/wp\/v2\/tags?post=48432"}],"curies":[{"name":"wp","href":"https:\/\/api.w.org\/{rel}","templated":true}]}}