{"id":48389,"date":"2025-09-04T09:09:24","date_gmt":"2025-09-04T12:09:24","guid":{"rendered":"https:\/\/cvinoticias.com\/v3\/?p=48389"},"modified":"2025-09-04T09:09:26","modified_gmt":"2025-09-04T12:09:26","slug":"volar-2025-turismo-de-naturaleza-y-conservacion-se-reunen-este-fin-de-semana-en-puerto-iguazu","status":"publish","type":"post","link":"https:\/\/cvinoticias.com\/v3\/volar-2025-turismo-de-naturaleza-y-conservacion-se-reunen-este-fin-de-semana-en-puerto-iguazu\/","title":{"rendered":"Volar 2025: turismo de naturaleza y conservaci\u00f3n se re\u00fanen este fin de semana en Puerto Iguaz\u00fa"},"content":{"rendered":"\n<p>\u00a0La Ciudad de las Cataratas se prepara para recibir a visitantes de todo el pa\u00eds y del extranjero con motivo de Volar 2025. La iniciativa busca posicionar a la ciudad y la provincia como un destino de referencia en turismo de naturaleza. Durante tres jornadas, el evento ofrecer\u00e1 experiencias de aventura, conservaci\u00f3n y cultura, con la biodiversidad misionera como protagonista.\u00a0<\/p>\n\n\n\n<p>Entre los invitados internacionales se encuentra Jos\u00e9 Augusto \u201cGuto\u201d Carvalho, observador de aves, productor cultural y creador de Avistar Brasil, el encuentro de observaci\u00f3n de aves m\u00e1s relevante de Am\u00e9rica Latina. Carvalho adelant\u00f3 que su participaci\u00f3n en el Volar 2025 \u201cconsistir\u00e1 en compartir experiencias y conocimientos a trav\u00e9s de charlas y, espero, tambi\u00e9n hacer observaci\u00f3n de aves. Planeo hablar sobre la poderosa conexi\u00f3n entre el avistamiento de aves y la conservaci\u00f3n, usando como ejemplo el enorme \u00e9xito y el impacto que ha tenido el Avistar Brasil en la sensibilizaci\u00f3n del p\u00fablico brasile\u00f1o\u201d.<\/p>\n\n\n\n<figure class=\"wp-block-image\"><img decoding=\"async\" data-src=\"https:\/\/misiones.gob.ar\/wp-content\/uploads\/2025\/09\/VOLAR-2025-4-682x1024.jpeg\" alt=\"\" class=\"wp-image-55682 lazyload\" src=\"data:image\/svg+xml;base64,PHN2ZyB3aWR0aD0iMSIgaGVpZ2h0PSIxIiB4bWxucz0iaHR0cDovL3d3dy53My5vcmcvMjAwMC9zdmciPjwvc3ZnPg==\" style=\"--smush-placeholder-width: 682px; --smush-placeholder-aspect-ratio: 682\/1024;\" \/><\/figure>\n\n\n\n<p>El especialista espera \u201cpoder intercambiar ideas con los observadores locales, aprender sobre las aves de Misiones y contar sobre las de la avifauna brasile\u00f1a. Las redes personales que se establecen en eventos y ferias como Volar 2025 son las bases del desarrollo tur\u00edstico y del birdwatching\u201d.<\/p>\n\n\n\n<p><strong>MISIONES VALORA SU PATRIMONIO NATURAL \u00daNICO<\/strong><\/p>\n\n\n\n<p>Consultado sobre el apoyo institucional de Misiones a este tipo de iniciativas, Carvalho sostuvo que \u201cno es algo com\u00fan en la regi\u00f3n; es algo que se destaca much\u00edsimo en Sudam\u00e9rica. Ya que no es solo dar un permiso o una peque\u00f1a acci\u00f3n, es entender que el avistamiento de aves es una herramienta poderosa de conservaci\u00f3n, educaci\u00f3n y desarrollo econ\u00f3mico sostenible. As\u00ed Misiones env\u00eda un mensaje claro: que valora su patrimonio natural \u00fanico y est\u00e1 comprometida con promover un turismo de calidad, que beneficia a las comunidades locales\u201d.&nbsp;<\/p>\n\n\n\n<p>En cuanto a la pol\u00edtica de conservaci\u00f3n, el referente brasile\u00f1o compar\u00f3 la experiencia local con la de su pa\u00eds. Justamente, puntualiz\u00f3 que \u201cMisiones se ha destacado por tener una pol\u00edtica de estado clara y consistente. La creaci\u00f3n de un&nbsp;<em>\u2018Corredor Verde\u2019&nbsp;<\/em>que conecta \u00e1reas protegidas es una idea magistral que va m\u00e1s all\u00e1 de los l\u00edmites de un parque. Adem\u00e1s, el marketing territorial posicionando a Misiones como \u2018<em>la capital de la biodiversidad\u2019<\/em>&nbsp;es algo potente y que pocos estados brasile\u00f1os \u2013 tal vez las provincias del Pantanal \u2013 han logrado hacer con tanta efectividad\u201d.<\/p>\n\n\n\n<p>No obstante, el impulsor de Avistar reconoci\u00f3 que tanto Misiones como Brasil enfrentan desaf\u00edos comunes. Ya que \u201cla presi\u00f3n del agro, la ganader\u00eda y los desarrollos inmobiliarios es constante. El gran desaf\u00edo para Misiones ser\u00e1 mantener esta pol\u00edtica en el tiempo, como una pol\u00edtica de Estado, independientemente de los cambios de gobierno, y seguir invirtiendo en conservaci\u00f3n y vigilancia. Otro desaf\u00edo crucial es asegurar que la renta del turismo de naturaleza llegue efectivamente a las comunidades locales, generando as\u00ed m\u00e1s aliados para la conservaci\u00f3n\u201d,&nbsp;<\/p>\n\n\n\n<p>Para inscripciones o m\u00e1s informaci\u00f3n del evento, las personas interesadas pueden visitar el siguiente link:<a href=\"https:\/\/linktr.ee\/volar.2025\" target=\"_blank\" rel=\"noreferrer noopener\">&nbsp;https:\/\/linktr.ee\/volar.2025<\/a><\/p>\n","protected":false},"excerpt":{"rendered":"<p>\u00a0La Ciudad de las Cataratas se prepara para recibir a visitantes de todo el pa\u00eds y del extranjero con motivo de Volar 2025. La iniciativa busca posicionar a la ciudad y la provincia como un destino de referencia en turismo de naturaleza. Durante tres jornadas, el evento ofrecer\u00e1 experiencias de aventura, conservaci\u00f3n y cultura, con [&hellip;]<\/p>\n","protected":false},"author":2,"featured_media":48390,"comment_status":"open","ping_status":"open","sticky":false,"template":"","format":"standard","meta":{"footnotes":""},"categories":[50],"tags":[1027,313,1128,3777],"class_list":["post-48389","post","type-post","status-publish","format-standard","has-post-thumbnail","hentry","category-turismo","tag-1027","tag-iguazu","tag-naturaleza","tag-volar"],"yoast_head":"<!-- This site is optimized with the Yoast SEO plugin v27.5 - https:\/\/yoast.com\/product\/yoast-seo-wordpress\/ -->\n<title>Volar 2025: turismo de naturaleza en Puerto Iguaz\u00fa | CVI NOTICIAS<\/title>\n<meta name=\"description\" content=\"Volar 2025 en Puerto Iguaz\u00fa re\u00fane turismo de naturaleza, conservaci\u00f3n y experiencias de aventura en Misiones.\" \/>\n<meta name=\"robots\" content=\"index, follow, max-snippet:-1, max-image-preview:large, max-video-preview:-1\" \/>\n<link rel=\"canonical\" href=\"https:\/\/cvinoticias.com\/v3\/volar-2025-turismo-de-naturaleza-y-conservacion-se-reunen-este-fin-de-semana-en-puerto-iguazu\/\" \/>\n<meta property=\"og:locale\" content=\"es_ES\" \/>\n<meta property=\"og:type\" content=\"article\" \/>\n<meta property=\"og:title\" content=\"Volar 2025: turismo de naturaleza en Puerto Iguaz\u00fa | CVI NOTICIAS\" \/>\n<meta property=\"og:description\" content=\"Volar 2025 en Puerto Iguaz\u00fa re\u00fane turismo de naturaleza, conservaci\u00f3n y experiencias de aventura en Misiones.\" \/>\n<meta property=\"og:url\" content=\"https:\/\/cvinoticias.com\/v3\/volar-2025-turismo-de-naturaleza-y-conservacion-se-reunen-este-fin-de-semana-en-puerto-iguazu\/\" \/>\n<meta property=\"og:site_name\" content=\"CVI NOTICIAS\" \/>\n<meta property=\"article:publisher\" content=\"https:\/\/www.facebook.com\/cvinoticias\" \/>\n<meta property=\"article:published_time\" content=\"2025-09-04T12:09:24+00:00\" \/>\n<meta property=\"article:modified_time\" content=\"2025-09-04T12:09:26+00:00\" \/>\n<meta property=\"og:image\" content=\"https:\/\/cvinoticias.com\/wp-content\/uploads\/2025\/09\/VOLAR-2025-1.jpeg\" \/>\n\t<meta property=\"og:image:width\" content=\"1281\" \/>\n\t<meta property=\"og:image:height\" content=\"1600\" \/>\n\t<meta property=\"og:image:type\" content=\"image\/jpeg\" \/>\n<meta name=\"author\" content=\"f1000024\" \/>\n<meta name=\"twitter:card\" content=\"summary_large_image\" \/>\n<meta name=\"twitter:label1\" content=\"Escrito por\" \/>\n\t<meta name=\"twitter:data1\" content=\"f1000024\" \/>\n\t<meta name=\"twitter:label2\" content=\"Tiempo de lectura\" \/>\n\t<meta name=\"twitter:data2\" content=\"3 minutos\" \/>\n<script type=\"application\/ld+json\" class=\"yoast-schema-graph\">{\"@context\":\"https:\\\/\\\/schema.org\",\"@graph\":[{\"@type\":\"Article\",\"@id\":\"https:\\\/\\\/cvinoticias.com\\\/v3\\\/volar-2025-turismo-de-naturaleza-y-conservacion-se-reunen-este-fin-de-semana-en-puerto-iguazu\\\/#article\",\"isPartOf\":{\"@id\":\"https:\\\/\\\/cvinoticias.com\\\/v3\\\/volar-2025-turismo-de-naturaleza-y-conservacion-se-reunen-este-fin-de-semana-en-puerto-iguazu\\\/\"},\"author\":{\"name\":\"f1000024\",\"@id\":\"https:\\\/\\\/cvinoticias.com\\\/v3\\\/#\\\/schema\\\/person\\\/2db77e3c6bc03c538495d7b2b8be9b66\"},\"headline\":\"Volar 2025: turismo de naturaleza y conservaci\u00f3n se re\u00fanen este fin de semana en Puerto Iguaz\u00fa\",\"datePublished\":\"2025-09-04T12:09:24+00:00\",\"dateModified\":\"2025-09-04T12:09:26+00:00\",\"mainEntityOfPage\":{\"@id\":\"https:\\\/\\\/cvinoticias.com\\\/v3\\\/volar-2025-turismo-de-naturaleza-y-conservacion-se-reunen-este-fin-de-semana-en-puerto-iguazu\\\/\"},\"wordCount\":554,\"commentCount\":0,\"publisher\":{\"@id\":\"https:\\\/\\\/cvinoticias.com\\\/v3\\\/#organization\"},\"image\":{\"@id\":\"https:\\\/\\\/cvinoticias.com\\\/v3\\\/volar-2025-turismo-de-naturaleza-y-conservacion-se-reunen-este-fin-de-semana-en-puerto-iguazu\\\/#primaryimage\"},\"thumbnailUrl\":\"https:\\\/\\\/cvinoticias.com\\\/wp-content\\\/uploads\\\/2025\\\/09\\\/VOLAR-2025-1.jpeg\",\"keywords\":[\"2025\",\"Iguaz\u00fa\",\"Naturaleza\",\"Volar\"],\"articleSection\":[\"Turismo\"],\"inLanguage\":\"es\",\"potentialAction\":[{\"@type\":\"CommentAction\",\"name\":\"Comment\",\"target\":[\"https:\\\/\\\/cvinoticias.com\\\/v3\\\/volar-2025-turismo-de-naturaleza-y-conservacion-se-reunen-este-fin-de-semana-en-puerto-iguazu\\\/#respond\"]}]},{\"@type\":\"WebPage\",\"@id\":\"https:\\\/\\\/cvinoticias.com\\\/v3\\\/volar-2025-turismo-de-naturaleza-y-conservacion-se-reunen-este-fin-de-semana-en-puerto-iguazu\\\/\",\"url\":\"https:\\\/\\\/cvinoticias.com\\\/v3\\\/volar-2025-turismo-de-naturaleza-y-conservacion-se-reunen-este-fin-de-semana-en-puerto-iguazu\\\/\",\"name\":\"Volar 2025: turismo de naturaleza en Puerto Iguaz\u00fa | CVI NOTICIAS\",\"isPartOf\":{\"@id\":\"https:\\\/\\\/cvinoticias.com\\\/v3\\\/#website\"},\"primaryImageOfPage\":{\"@id\":\"https:\\\/\\\/cvinoticias.com\\\/v3\\\/volar-2025-turismo-de-naturaleza-y-conservacion-se-reunen-este-fin-de-semana-en-puerto-iguazu\\\/#primaryimage\"},\"image\":{\"@id\":\"https:\\\/\\\/cvinoticias.com\\\/v3\\\/volar-2025-turismo-de-naturaleza-y-conservacion-se-reunen-este-fin-de-semana-en-puerto-iguazu\\\/#primaryimage\"},\"thumbnailUrl\":\"https:\\\/\\\/cvinoticias.com\\\/wp-content\\\/uploads\\\/2025\\\/09\\\/VOLAR-2025-1.jpeg\",\"datePublished\":\"2025-09-04T12:09:24+00:00\",\"dateModified\":\"2025-09-04T12:09:26+00:00\",\"description\":\"Volar 2025 en Puerto Iguaz\u00fa re\u00fane turismo de naturaleza, conservaci\u00f3n y experiencias de aventura en Misiones.\",\"breadcrumb\":{\"@id\":\"https:\\\/\\\/cvinoticias.com\\\/v3\\\/volar-2025-turismo-de-naturaleza-y-conservacion-se-reunen-este-fin-de-semana-en-puerto-iguazu\\\/#breadcrumb\"},\"inLanguage\":\"es\",\"potentialAction\":[{\"@type\":\"ReadAction\",\"target\":[\"https:\\\/\\\/cvinoticias.com\\\/v3\\\/volar-2025-turismo-de-naturaleza-y-conservacion-se-reunen-este-fin-de-semana-en-puerto-iguazu\\\/\"]}]},{\"@type\":\"ImageObject\",\"inLanguage\":\"es\",\"@id\":\"https:\\\/\\\/cvinoticias.com\\\/v3\\\/volar-2025-turismo-de-naturaleza-y-conservacion-se-reunen-este-fin-de-semana-en-puerto-iguazu\\\/#primaryimage\",\"url\":\"https:\\\/\\\/cvinoticias.com\\\/wp-content\\\/uploads\\\/2025\\\/09\\\/VOLAR-2025-1.jpeg\",\"contentUrl\":\"https:\\\/\\\/cvinoticias.com\\\/wp-content\\\/uploads\\\/2025\\\/09\\\/VOLAR-2025-1.jpeg\",\"width\":1281,\"height\":1600},{\"@type\":\"BreadcrumbList\",\"@id\":\"https:\\\/\\\/cvinoticias.com\\\/v3\\\/volar-2025-turismo-de-naturaleza-y-conservacion-se-reunen-este-fin-de-semana-en-puerto-iguazu\\\/#breadcrumb\",\"itemListElement\":[{\"@type\":\"ListItem\",\"position\":1,\"name\":\"Portada\",\"item\":\"https:\\\/\\\/cvinoticias.com\\\/v3\\\/\"},{\"@type\":\"ListItem\",\"position\":2,\"name\":\"Volar 2025: turismo de naturaleza y conservaci\u00f3n se re\u00fanen este fin de semana en Puerto Iguaz\u00fa\"}]},{\"@type\":\"WebSite\",\"@id\":\"https:\\\/\\\/cvinoticias.com\\\/v3\\\/#website\",\"url\":\"https:\\\/\\\/cvinoticias.com\\\/v3\\\/\",\"name\":\"CVI NOTICIAS\",\"description\":\"\",\"publisher\":{\"@id\":\"https:\\\/\\\/cvinoticias.com\\\/v3\\\/#organization\"},\"alternateName\":\"CVI\",\"potentialAction\":[{\"@type\":\"SearchAction\",\"target\":{\"@type\":\"EntryPoint\",\"urlTemplate\":\"https:\\\/\\\/cvinoticias.com\\\/v3\\\/?s={search_term_string}\"},\"query-input\":{\"@type\":\"PropertyValueSpecification\",\"valueRequired\":true,\"valueName\":\"search_term_string\"}}],\"inLanguage\":\"es\"},{\"@type\":\"Organization\",\"@id\":\"https:\\\/\\\/cvinoticias.com\\\/v3\\\/#organization\",\"name\":\"CVI NOTICIAS\",\"url\":\"https:\\\/\\\/cvinoticias.com\\\/v3\\\/\",\"logo\":{\"@type\":\"ImageObject\",\"inLanguage\":\"es\",\"@id\":\"https:\\\/\\\/cvinoticias.com\\\/v3\\\/#\\\/schema\\\/logo\\\/image\\\/\",\"url\":\"https:\\\/\\\/cvinoticias.com\\\/wp-content\\\/uploads\\\/2023\\\/04\\\/cropped-cropped-cropped-cropped-cropped-3-1.png\",\"contentUrl\":\"https:\\\/\\\/cvinoticias.com\\\/wp-content\\\/uploads\\\/2023\\\/04\\\/cropped-cropped-cropped-cropped-cropped-3-1.png\",\"width\":95,\"height\":122,\"caption\":\"CVI NOTICIAS\"},\"image\":{\"@id\":\"https:\\\/\\\/cvinoticias.com\\\/v3\\\/#\\\/schema\\\/logo\\\/image\\\/\"},\"sameAs\":[\"https:\\\/\\\/www.facebook.com\\\/cvinoticias\",\"https:\\\/\\\/www.instagram.com\\\/cvinoticias\\\/\",\"https:\\\/\\\/www.youtube.com\\\/@CVINOTICIAS\"]},{\"@type\":\"Person\",\"@id\":\"https:\\\/\\\/cvinoticias.com\\\/v3\\\/#\\\/schema\\\/person\\\/2db77e3c6bc03c538495d7b2b8be9b66\",\"name\":\"f1000024\",\"image\":{\"@type\":\"ImageObject\",\"inLanguage\":\"es\",\"@id\":\"https:\\\/\\\/secure.gravatar.com\\\/avatar\\\/d4fe7459cfc51ff5129ce1a732bbef5928568b8092d412ef95611616376bbeed?s=96&d=mm&r=g\",\"url\":\"https:\\\/\\\/secure.gravatar.com\\\/avatar\\\/d4fe7459cfc51ff5129ce1a732bbef5928568b8092d412ef95611616376bbeed?s=96&d=mm&r=g\",\"contentUrl\":\"https:\\\/\\\/secure.gravatar.com\\\/avatar\\\/d4fe7459cfc51ff5129ce1a732bbef5928568b8092d412ef95611616376bbeed?s=96&d=mm&r=g\",\"caption\":\"f1000024\"},\"url\":\"https:\\\/\\\/cvinoticias.com\\\/v3\\\/author\\\/f1000024\\\/\"}]}<\/script>\n<!-- \/ Yoast SEO plugin. -->","yoast_head_json":{"title":"Volar 2025: turismo de naturaleza en Puerto Iguaz\u00fa | CVI NOTICIAS","description":"Volar 2025 en Puerto Iguaz\u00fa re\u00fane turismo de naturaleza, conservaci\u00f3n y experiencias de aventura en Misiones.","robots":{"index":"index","follow":"follow","max-snippet":"max-snippet:-1","max-image-preview":"max-image-preview:large","max-video-preview":"max-video-preview:-1"},"canonical":"https:\/\/cvinoticias.com\/v3\/volar-2025-turismo-de-naturaleza-y-conservacion-se-reunen-este-fin-de-semana-en-puerto-iguazu\/","og_locale":"es_ES","og_type":"article","og_title":"Volar 2025: turismo de naturaleza en Puerto Iguaz\u00fa | CVI NOTICIAS","og_description":"Volar 2025 en Puerto Iguaz\u00fa re\u00fane turismo de naturaleza, conservaci\u00f3n y experiencias de aventura en Misiones.","og_url":"https:\/\/cvinoticias.com\/v3\/volar-2025-turismo-de-naturaleza-y-conservacion-se-reunen-este-fin-de-semana-en-puerto-iguazu\/","og_site_name":"CVI NOTICIAS","article_publisher":"https:\/\/www.facebook.com\/cvinoticias","article_published_time":"2025-09-04T12:09:24+00:00","article_modified_time":"2025-09-04T12:09:26+00:00","og_image":[{"width":1281,"height":1600,"url":"https:\/\/cvinoticias.com\/wp-content\/uploads\/2025\/09\/VOLAR-2025-1.jpeg","type":"image\/jpeg"}],"author":"f1000024","twitter_card":"summary_large_image","twitter_misc":{"Escrito por":"f1000024","Tiempo de lectura":"3 minutos"},"schema":{"@context":"https:\/\/schema.org","@graph":[{"@type":"Article","@id":"https:\/\/cvinoticias.com\/v3\/volar-2025-turismo-de-naturaleza-y-conservacion-se-reunen-este-fin-de-semana-en-puerto-iguazu\/#article","isPartOf":{"@id":"https:\/\/cvinoticias.com\/v3\/volar-2025-turismo-de-naturaleza-y-conservacion-se-reunen-este-fin-de-semana-en-puerto-iguazu\/"},"author":{"name":"f1000024","@id":"https:\/\/cvinoticias.com\/v3\/#\/schema\/person\/2db77e3c6bc03c538495d7b2b8be9b66"},"headline":"Volar 2025: turismo de naturaleza y conservaci\u00f3n se re\u00fanen este fin de semana en Puerto Iguaz\u00fa","datePublished":"2025-09-04T12:09:24+00:00","dateModified":"2025-09-04T12:09:26+00:00","mainEntityOfPage":{"@id":"https:\/\/cvinoticias.com\/v3\/volar-2025-turismo-de-naturaleza-y-conservacion-se-reunen-este-fin-de-semana-en-puerto-iguazu\/"},"wordCount":554,"commentCount":0,"publisher":{"@id":"https:\/\/cvinoticias.com\/v3\/#organization"},"image":{"@id":"https:\/\/cvinoticias.com\/v3\/volar-2025-turismo-de-naturaleza-y-conservacion-se-reunen-este-fin-de-semana-en-puerto-iguazu\/#primaryimage"},"thumbnailUrl":"https:\/\/cvinoticias.com\/wp-content\/uploads\/2025\/09\/VOLAR-2025-1.jpeg","keywords":["2025","Iguaz\u00fa","Naturaleza","Volar"],"articleSection":["Turismo"],"inLanguage":"es","potentialAction":[{"@type":"CommentAction","name":"Comment","target":["https:\/\/cvinoticias.com\/v3\/volar-2025-turismo-de-naturaleza-y-conservacion-se-reunen-este-fin-de-semana-en-puerto-iguazu\/#respond"]}]},{"@type":"WebPage","@id":"https:\/\/cvinoticias.com\/v3\/volar-2025-turismo-de-naturaleza-y-conservacion-se-reunen-este-fin-de-semana-en-puerto-iguazu\/","url":"https:\/\/cvinoticias.com\/v3\/volar-2025-turismo-de-naturaleza-y-conservacion-se-reunen-este-fin-de-semana-en-puerto-iguazu\/","name":"Volar 2025: turismo de naturaleza en Puerto Iguaz\u00fa | CVI NOTICIAS","isPartOf":{"@id":"https:\/\/cvinoticias.com\/v3\/#website"},"primaryImageOfPage":{"@id":"https:\/\/cvinoticias.com\/v3\/volar-2025-turismo-de-naturaleza-y-conservacion-se-reunen-este-fin-de-semana-en-puerto-iguazu\/#primaryimage"},"image":{"@id":"https:\/\/cvinoticias.com\/v3\/volar-2025-turismo-de-naturaleza-y-conservacion-se-reunen-este-fin-de-semana-en-puerto-iguazu\/#primaryimage"},"thumbnailUrl":"https:\/\/cvinoticias.com\/wp-content\/uploads\/2025\/09\/VOLAR-2025-1.jpeg","datePublished":"2025-09-04T12:09:24+00:00","dateModified":"2025-09-04T12:09:26+00:00","description":"Volar 2025 en Puerto Iguaz\u00fa re\u00fane turismo de naturaleza, conservaci\u00f3n y experiencias de aventura en Misiones.","breadcrumb":{"@id":"https:\/\/cvinoticias.com\/v3\/volar-2025-turismo-de-naturaleza-y-conservacion-se-reunen-este-fin-de-semana-en-puerto-iguazu\/#breadcrumb"},"inLanguage":"es","potentialAction":[{"@type":"ReadAction","target":["https:\/\/cvinoticias.com\/v3\/volar-2025-turismo-de-naturaleza-y-conservacion-se-reunen-este-fin-de-semana-en-puerto-iguazu\/"]}]},{"@type":"ImageObject","inLanguage":"es","@id":"https:\/\/cvinoticias.com\/v3\/volar-2025-turismo-de-naturaleza-y-conservacion-se-reunen-este-fin-de-semana-en-puerto-iguazu\/#primaryimage","url":"https:\/\/cvinoticias.com\/wp-content\/uploads\/2025\/09\/VOLAR-2025-1.jpeg","contentUrl":"https:\/\/cvinoticias.com\/wp-content\/uploads\/2025\/09\/VOLAR-2025-1.jpeg","width":1281,"height":1600},{"@type":"BreadcrumbList","@id":"https:\/\/cvinoticias.com\/v3\/volar-2025-turismo-de-naturaleza-y-conservacion-se-reunen-este-fin-de-semana-en-puerto-iguazu\/#breadcrumb","itemListElement":[{"@type":"ListItem","position":1,"name":"Portada","item":"https:\/\/cvinoticias.com\/v3\/"},{"@type":"ListItem","position":2,"name":"Volar 2025: turismo de naturaleza y conservaci\u00f3n se re\u00fanen este fin de semana en Puerto Iguaz\u00fa"}]},{"@type":"WebSite","@id":"https:\/\/cvinoticias.com\/v3\/#website","url":"https:\/\/cvinoticias.com\/v3\/","name":"CVI NOTICIAS","description":"","publisher":{"@id":"https:\/\/cvinoticias.com\/v3\/#organization"},"alternateName":"CVI","potentialAction":[{"@type":"SearchAction","target":{"@type":"EntryPoint","urlTemplate":"https:\/\/cvinoticias.com\/v3\/?s={search_term_string}"},"query-input":{"@type":"PropertyValueSpecification","valueRequired":true,"valueName":"search_term_string"}}],"inLanguage":"es"},{"@type":"Organization","@id":"https:\/\/cvinoticias.com\/v3\/#organization","name":"CVI NOTICIAS","url":"https:\/\/cvinoticias.com\/v3\/","logo":{"@type":"ImageObject","inLanguage":"es","@id":"https:\/\/cvinoticias.com\/v3\/#\/schema\/logo\/image\/","url":"https:\/\/cvinoticias.com\/wp-content\/uploads\/2023\/04\/cropped-cropped-cropped-cropped-cropped-3-1.png","contentUrl":"https:\/\/cvinoticias.com\/wp-content\/uploads\/2023\/04\/cropped-cropped-cropped-cropped-cropped-3-1.png","width":95,"height":122,"caption":"CVI NOTICIAS"},"image":{"@id":"https:\/\/cvinoticias.com\/v3\/#\/schema\/logo\/image\/"},"sameAs":["https:\/\/www.facebook.com\/cvinoticias","https:\/\/www.instagram.com\/cvinoticias\/","https:\/\/www.youtube.com\/@CVINOTICIAS"]},{"@type":"Person","@id":"https:\/\/cvinoticias.com\/v3\/#\/schema\/person\/2db77e3c6bc03c538495d7b2b8be9b66","name":"f1000024","image":{"@type":"ImageObject","inLanguage":"es","@id":"https:\/\/secure.gravatar.com\/avatar\/d4fe7459cfc51ff5129ce1a732bbef5928568b8092d412ef95611616376bbeed?s=96&d=mm&r=g","url":"https:\/\/secure.gravatar.com\/avatar\/d4fe7459cfc51ff5129ce1a732bbef5928568b8092d412ef95611616376bbeed?s=96&d=mm&r=g","contentUrl":"https:\/\/secure.gravatar.com\/avatar\/d4fe7459cfc51ff5129ce1a732bbef5928568b8092d412ef95611616376bbeed?s=96&d=mm&r=g","caption":"f1000024"},"url":"https:\/\/cvinoticias.com\/v3\/author\/f1000024\/"}]}},"_links":{"self":[{"href":"https:\/\/cvinoticias.com\/v3\/wp-json\/wp\/v2\/posts\/48389","targetHints":{"allow":["GET"]}}],"collection":[{"href":"https:\/\/cvinoticias.com\/v3\/wp-json\/wp\/v2\/posts"}],"about":[{"href":"https:\/\/cvinoticias.com\/v3\/wp-json\/wp\/v2\/types\/post"}],"author":[{"embeddable":true,"href":"https:\/\/cvinoticias.com\/v3\/wp-json\/wp\/v2\/users\/2"}],"replies":[{"embeddable":true,"href":"https:\/\/cvinoticias.com\/v3\/wp-json\/wp\/v2\/comments?post=48389"}],"version-history":[{"count":1,"href":"https:\/\/cvinoticias.com\/v3\/wp-json\/wp\/v2\/posts\/48389\/revisions"}],"predecessor-version":[{"id":48391,"href":"https:\/\/cvinoticias.com\/v3\/wp-json\/wp\/v2\/posts\/48389\/revisions\/48391"}],"wp:featuredmedia":[{"embeddable":true,"href":"https:\/\/cvinoticias.com\/v3\/wp-json\/wp\/v2\/media\/48390"}],"wp:attachment":[{"href":"https:\/\/cvinoticias.com\/v3\/wp-json\/wp\/v2\/media?parent=48389"}],"wp:term":[{"taxonomy":"category","embeddable":true,"href":"https:\/\/cvinoticias.com\/v3\/wp-json\/wp\/v2\/categories?post=48389"},{"taxonomy":"post_tag","embeddable":true,"href":"https:\/\/cvinoticias.com\/v3\/wp-json\/wp\/v2\/tags?post=48389"}],"curies":[{"name":"wp","href":"https:\/\/api.w.org\/{rel}","templated":true}]}}