{"id":48371,"date":"2025-09-04T08:34:14","date_gmt":"2025-09-04T11:34:14","guid":{"rendered":"https:\/\/cvinoticias.com\/v3\/?p=48371"},"modified":"2025-09-04T08:34:15","modified_gmt":"2025-09-04T11:34:15","slug":"arranca-la-45-fiesta-nacional-del-inmigrante-en-obera-todo-lo-que-hay-que-saber","status":"publish","type":"post","link":"https:\/\/cvinoticias.com\/v3\/arranca-la-45-fiesta-nacional-del-inmigrante-en-obera-todo-lo-que-hay-que-saber\/","title":{"rendered":"Arranca la 45\u00b0 Fiesta Nacional del Inmigrante en Ober\u00e1: todo lo que hay que saber"},"content":{"rendered":"\n<p>La ciudad de&nbsp;<strong>Ober\u00e1 inicia este jueves 4 de septiembre la 45\u00b0 Fiesta Nacional del Inmigrante<\/strong>. El evento se extender\u00e1 hasta el domingo 14 en el Parque de las Naciones, con actividades culturales, art\u00edsticas y deportivas. La programaci\u00f3n incluye&nbsp;<strong>m\u00e1s de 4.500 artistas&nbsp;<\/strong>en escena y una propuesta que une m\u00fasica, gastronom\u00eda y tradiciones de distintas colectividades.<\/p>\n\n\n\n<p>La edici\u00f3n coincide con los 40 a\u00f1os de la colocaci\u00f3n de la piedra fundamental del parque. Desde su creaci\u00f3n, la fiesta rinde homenaje a los inmigrantes y re\u00fane a&nbsp;<strong>m\u00e1s de 15 nacionalidades junto al Pabell\u00f3n Argentino<\/strong>.<\/p>\n\n\n\n<figure class=\"wp-block-image\"><img decoding=\"async\" data-src=\"https:\/\/www.canal12misiones.com\/wp-content\/uploads\/2024\/09\/PSX_20240905_162556-1-1024x683.jpg\" alt=\"\" class=\"wp-image-389278 lazyload\" src=\"data:image\/svg+xml;base64,PHN2ZyB3aWR0aD0iMSIgaGVpZ2h0PSIxIiB4bWxucz0iaHR0cDovL3d3dy53My5vcmcvMjAwMC9zdmciPjwvc3ZnPg==\" style=\"--smush-placeholder-width: 1024px; --smush-placeholder-aspect-ratio: 1024\/683;\" \/><\/figure>\n\n\n\n<p>Las entradas tienen un costo a partir de los $8.000 y se pueden adquirir de forma online en el sitio oficial. La organizaci\u00f3n detall\u00f3 que la programaci\u00f3n completa con horarios est\u00e1 disponible en el&nbsp;<a href=\"https:\/\/fiestadelinmigrante.com.ar\/programa-oficial-de-la-45-edicion-de-la-fiesta-nacional-del-inmigrante-2\/\">sitio oficial del evento<\/a>.<\/p>\n\n\n\n<h3 class=\"wp-block-heading\">Grilla art\u00edstica de la Fiesta Nacional del Inmigrante<\/h3>\n\n\n\n<p>La edici\u00f3n del 2025 contar\u00e1 con&nbsp;<strong>figuras destacadas de la m\u00fasica nacional e internacional<\/strong>. Para este<strong>&nbsp;jueves<\/strong>&nbsp;la actividad iniciar\u00e1 a las&nbsp;<strong>14.30 horas con el Desfile Inaugural por la ciudad<\/strong>, y cerrar\u00e1 la jornada con el show de&nbsp;<strong>Tche Gaitero<\/strong>.<\/p>\n\n\n\n<p>El<strong>&nbsp;viernes 5<\/strong>, en la Noche del Mercosur, se presentar\u00e1 el<strong>&nbsp;Grupo San Marino&nbsp;<\/strong>de Brasil. El&nbsp;<strong>s\u00e1bado 6<\/strong>&nbsp;ser\u00e1 el turno de la Noche del Rock con<strong>&nbsp;Catupecu Machu<\/strong>. El&nbsp;<strong>domingo 7<\/strong>&nbsp;actuar\u00e1&nbsp;<strong>Bater\u00eda Legal<\/strong>&nbsp;y habr\u00e1 una segunda presentaci\u00f3n de las candidatas.<\/p>\n\n\n\n<p>El&nbsp;<strong>lunes 8,&nbsp;<\/strong>ser\u00e1 el turno de la Noche Bailable con el show de&nbsp;<strong>Carlos Tachilez.&nbsp;<\/strong>El&nbsp;<strong>martes 9<\/strong>, la jornada estar\u00e1 dedicada al folclore con&nbsp;<strong>Fabi\u00e1n Meza<\/strong>. El&nbsp;<strong>mi\u00e9rcoles 10<\/strong>&nbsp;se realizar\u00e1 la&nbsp;<strong>Noche de las Colectividades<\/strong>, con el desfile de soberanas, el rey mayor y el principito, y finalmente la coronaci\u00f3n de la nueva Reina Nacional de los Inmigrantes. El&nbsp;<strong>jueves 11<\/strong>,&nbsp;<strong>Patricia Sosa<\/strong>&nbsp;ser\u00e1 la figura central de la Noche de los Cl\u00e1sicos.<\/p>\n\n\n\n<p>El&nbsp;<strong>viernes 12<\/strong>&nbsp;se desarrollar\u00e1 la&nbsp;<strong>Noche de la Juventud<\/strong>&nbsp;con DJs y artistas emergentes. El&nbsp;<strong>s\u00e1bado 13<\/strong>, la Noche de Oro cerrar\u00e1 la programaci\u00f3n con la actuaci\u00f3n de&nbsp;<strong>Alejandro Lerner<\/strong>. Por \u00faltimo el&nbsp;<strong>domingo 14<\/strong>&nbsp;ser\u00e1 la Noche de Cierre junto al&nbsp;<strong>D\u00fao Lira Ver\u00e1<\/strong>, completando as\u00ed los once d\u00edas de fiesta.<\/p>\n\n\n\n<p>Fuente: Canal 12 Misiones <\/p>\n","protected":false},"excerpt":{"rendered":"<p>La ciudad de&nbsp;Ober\u00e1 inicia este jueves 4 de septiembre la 45\u00b0 Fiesta Nacional del Inmigrante. El evento se extender\u00e1 hasta el domingo 14 en el Parque de las Naciones, con actividades culturales, art\u00edsticas y deportivas. La programaci\u00f3n incluye&nbsp;m\u00e1s de 4.500 artistas&nbsp;en escena y una propuesta que une m\u00fasica, gastronom\u00eda y tradiciones de distintas colectividades. La [&hellip;]<\/p>\n","protected":false},"author":2,"featured_media":48372,"comment_status":"open","ping_status":"open","sticky":false,"template":"","format":"standard","meta":{"footnotes":""},"categories":[50],"tags":[1027,3772,3542,1427],"class_list":["post-48371","post","type-post","status-publish","format-standard","has-post-thumbnail","hentry","category-turismo","tag-1027","tag-fiesta-naciona","tag-inmigrante","tag-obera"],"yoast_head":"<!-- This site is optimized with the Yoast SEO plugin v27.5 - https:\/\/yoast.com\/product\/yoast-seo-wordpress\/ -->\n<title>Fiesta Nacional del Inmigrante 2025: programaci\u00f3n y detalles | CVI NOTICIAS<\/title>\n<meta name=\"description\" content=\"Todo sobre la Fiesta Nacional del Inmigrante 2025 en Ober\u00e1: fechas, artistas, grilla y entradas\" \/>\n<meta name=\"robots\" content=\"index, follow, max-snippet:-1, max-image-preview:large, max-video-preview:-1\" \/>\n<link rel=\"canonical\" href=\"https:\/\/cvinoticias.com\/v3\/arranca-la-45-fiesta-nacional-del-inmigrante-en-obera-todo-lo-que-hay-que-saber\/\" \/>\n<meta property=\"og:locale\" content=\"es_ES\" \/>\n<meta property=\"og:type\" content=\"article\" \/>\n<meta property=\"og:title\" content=\"Fiesta Nacional del Inmigrante 2025: programaci\u00f3n y detalles | CVI NOTICIAS\" \/>\n<meta property=\"og:description\" content=\"Todo sobre la Fiesta Nacional del Inmigrante 2025 en Ober\u00e1: fechas, artistas, grilla y entradas\" \/>\n<meta property=\"og:url\" content=\"https:\/\/cvinoticias.com\/v3\/arranca-la-45-fiesta-nacional-del-inmigrante-en-obera-todo-lo-que-hay-que-saber\/\" \/>\n<meta property=\"og:site_name\" content=\"CVI NOTICIAS\" \/>\n<meta property=\"article:publisher\" content=\"https:\/\/www.facebook.com\/cvinoticias\" \/>\n<meta property=\"article:published_time\" content=\"2025-09-04T11:34:14+00:00\" \/>\n<meta property=\"article:modified_time\" content=\"2025-09-04T11:34:15+00:00\" \/>\n<meta property=\"og:image\" content=\"https:\/\/cvinoticias.com\/wp-content\/uploads\/2025\/09\/baile-acto-inaugural-fiesta-del-inmigrante.jpg\" \/>\n\t<meta property=\"og:image:width\" content=\"768\" \/>\n\t<meta property=\"og:image:height\" content=\"515\" \/>\n\t<meta property=\"og:image:type\" content=\"image\/jpeg\" \/>\n<meta name=\"author\" content=\"f1000024\" \/>\n<meta name=\"twitter:card\" content=\"summary_large_image\" \/>\n<meta name=\"twitter:label1\" content=\"Escrito por\" \/>\n\t<meta name=\"twitter:data1\" content=\"f1000024\" \/>\n\t<meta name=\"twitter:label2\" content=\"Tiempo de lectura\" \/>\n\t<meta name=\"twitter:data2\" content=\"3 minutos\" \/>\n<script type=\"application\/ld+json\" class=\"yoast-schema-graph\">{\"@context\":\"https:\\\/\\\/schema.org\",\"@graph\":[{\"@type\":\"Article\",\"@id\":\"https:\\\/\\\/cvinoticias.com\\\/v3\\\/arranca-la-45-fiesta-nacional-del-inmigrante-en-obera-todo-lo-que-hay-que-saber\\\/#article\",\"isPartOf\":{\"@id\":\"https:\\\/\\\/cvinoticias.com\\\/v3\\\/arranca-la-45-fiesta-nacional-del-inmigrante-en-obera-todo-lo-que-hay-que-saber\\\/\"},\"author\":{\"name\":\"f1000024\",\"@id\":\"https:\\\/\\\/cvinoticias.com\\\/v3\\\/#\\\/schema\\\/person\\\/2db77e3c6bc03c538495d7b2b8be9b66\"},\"headline\":\"Arranca la 45\u00b0 Fiesta Nacional del Inmigrante en Ober\u00e1: todo lo que hay que saber\",\"datePublished\":\"2025-09-04T11:34:14+00:00\",\"dateModified\":\"2025-09-04T11:34:15+00:00\",\"mainEntityOfPage\":{\"@id\":\"https:\\\/\\\/cvinoticias.com\\\/v3\\\/arranca-la-45-fiesta-nacional-del-inmigrante-en-obera-todo-lo-que-hay-que-saber\\\/\"},\"wordCount\":422,\"commentCount\":0,\"publisher\":{\"@id\":\"https:\\\/\\\/cvinoticias.com\\\/v3\\\/#organization\"},\"image\":{\"@id\":\"https:\\\/\\\/cvinoticias.com\\\/v3\\\/arranca-la-45-fiesta-nacional-del-inmigrante-en-obera-todo-lo-que-hay-que-saber\\\/#primaryimage\"},\"thumbnailUrl\":\"https:\\\/\\\/cvinoticias.com\\\/wp-content\\\/uploads\\\/2025\\\/09\\\/baile-acto-inaugural-fiesta-del-inmigrante.jpg\",\"keywords\":[\"2025\",\"Fiesta Naciona\",\"Inmigrante\",\"Ober\u00e1\"],\"articleSection\":[\"Turismo\"],\"inLanguage\":\"es\",\"potentialAction\":[{\"@type\":\"CommentAction\",\"name\":\"Comment\",\"target\":[\"https:\\\/\\\/cvinoticias.com\\\/v3\\\/arranca-la-45-fiesta-nacional-del-inmigrante-en-obera-todo-lo-que-hay-que-saber\\\/#respond\"]}]},{\"@type\":\"WebPage\",\"@id\":\"https:\\\/\\\/cvinoticias.com\\\/v3\\\/arranca-la-45-fiesta-nacional-del-inmigrante-en-obera-todo-lo-que-hay-que-saber\\\/\",\"url\":\"https:\\\/\\\/cvinoticias.com\\\/v3\\\/arranca-la-45-fiesta-nacional-del-inmigrante-en-obera-todo-lo-que-hay-que-saber\\\/\",\"name\":\"Fiesta Nacional del Inmigrante 2025: programaci\u00f3n y detalles | CVI NOTICIAS\",\"isPartOf\":{\"@id\":\"https:\\\/\\\/cvinoticias.com\\\/v3\\\/#website\"},\"primaryImageOfPage\":{\"@id\":\"https:\\\/\\\/cvinoticias.com\\\/v3\\\/arranca-la-45-fiesta-nacional-del-inmigrante-en-obera-todo-lo-que-hay-que-saber\\\/#primaryimage\"},\"image\":{\"@id\":\"https:\\\/\\\/cvinoticias.com\\\/v3\\\/arranca-la-45-fiesta-nacional-del-inmigrante-en-obera-todo-lo-que-hay-que-saber\\\/#primaryimage\"},\"thumbnailUrl\":\"https:\\\/\\\/cvinoticias.com\\\/wp-content\\\/uploads\\\/2025\\\/09\\\/baile-acto-inaugural-fiesta-del-inmigrante.jpg\",\"datePublished\":\"2025-09-04T11:34:14+00:00\",\"dateModified\":\"2025-09-04T11:34:15+00:00\",\"description\":\"Todo sobre la Fiesta Nacional del Inmigrante 2025 en Ober\u00e1: fechas, artistas, grilla y entradas\",\"breadcrumb\":{\"@id\":\"https:\\\/\\\/cvinoticias.com\\\/v3\\\/arranca-la-45-fiesta-nacional-del-inmigrante-en-obera-todo-lo-que-hay-que-saber\\\/#breadcrumb\"},\"inLanguage\":\"es\",\"potentialAction\":[{\"@type\":\"ReadAction\",\"target\":[\"https:\\\/\\\/cvinoticias.com\\\/v3\\\/arranca-la-45-fiesta-nacional-del-inmigrante-en-obera-todo-lo-que-hay-que-saber\\\/\"]}]},{\"@type\":\"ImageObject\",\"inLanguage\":\"es\",\"@id\":\"https:\\\/\\\/cvinoticias.com\\\/v3\\\/arranca-la-45-fiesta-nacional-del-inmigrante-en-obera-todo-lo-que-hay-que-saber\\\/#primaryimage\",\"url\":\"https:\\\/\\\/cvinoticias.com\\\/wp-content\\\/uploads\\\/2025\\\/09\\\/baile-acto-inaugural-fiesta-del-inmigrante.jpg\",\"contentUrl\":\"https:\\\/\\\/cvinoticias.com\\\/wp-content\\\/uploads\\\/2025\\\/09\\\/baile-acto-inaugural-fiesta-del-inmigrante.jpg\",\"width\":768,\"height\":515},{\"@type\":\"BreadcrumbList\",\"@id\":\"https:\\\/\\\/cvinoticias.com\\\/v3\\\/arranca-la-45-fiesta-nacional-del-inmigrante-en-obera-todo-lo-que-hay-que-saber\\\/#breadcrumb\",\"itemListElement\":[{\"@type\":\"ListItem\",\"position\":1,\"name\":\"Portada\",\"item\":\"https:\\\/\\\/cvinoticias.com\\\/v3\\\/\"},{\"@type\":\"ListItem\",\"position\":2,\"name\":\"Arranca la 45\u00b0 Fiesta Nacional del Inmigrante en Ober\u00e1: todo lo que hay que saber\"}]},{\"@type\":\"WebSite\",\"@id\":\"https:\\\/\\\/cvinoticias.com\\\/v3\\\/#website\",\"url\":\"https:\\\/\\\/cvinoticias.com\\\/v3\\\/\",\"name\":\"CVI NOTICIAS\",\"description\":\"\",\"publisher\":{\"@id\":\"https:\\\/\\\/cvinoticias.com\\\/v3\\\/#organization\"},\"alternateName\":\"CVI\",\"potentialAction\":[{\"@type\":\"SearchAction\",\"target\":{\"@type\":\"EntryPoint\",\"urlTemplate\":\"https:\\\/\\\/cvinoticias.com\\\/v3\\\/?s={search_term_string}\"},\"query-input\":{\"@type\":\"PropertyValueSpecification\",\"valueRequired\":true,\"valueName\":\"search_term_string\"}}],\"inLanguage\":\"es\"},{\"@type\":\"Organization\",\"@id\":\"https:\\\/\\\/cvinoticias.com\\\/v3\\\/#organization\",\"name\":\"CVI NOTICIAS\",\"url\":\"https:\\\/\\\/cvinoticias.com\\\/v3\\\/\",\"logo\":{\"@type\":\"ImageObject\",\"inLanguage\":\"es\",\"@id\":\"https:\\\/\\\/cvinoticias.com\\\/v3\\\/#\\\/schema\\\/logo\\\/image\\\/\",\"url\":\"https:\\\/\\\/cvinoticias.com\\\/wp-content\\\/uploads\\\/2023\\\/04\\\/cropped-cropped-cropped-cropped-cropped-3-1.png\",\"contentUrl\":\"https:\\\/\\\/cvinoticias.com\\\/wp-content\\\/uploads\\\/2023\\\/04\\\/cropped-cropped-cropped-cropped-cropped-3-1.png\",\"width\":95,\"height\":122,\"caption\":\"CVI NOTICIAS\"},\"image\":{\"@id\":\"https:\\\/\\\/cvinoticias.com\\\/v3\\\/#\\\/schema\\\/logo\\\/image\\\/\"},\"sameAs\":[\"https:\\\/\\\/www.facebook.com\\\/cvinoticias\",\"https:\\\/\\\/www.instagram.com\\\/cvinoticias\\\/\",\"https:\\\/\\\/www.youtube.com\\\/@CVINOTICIAS\"]},{\"@type\":\"Person\",\"@id\":\"https:\\\/\\\/cvinoticias.com\\\/v3\\\/#\\\/schema\\\/person\\\/2db77e3c6bc03c538495d7b2b8be9b66\",\"name\":\"f1000024\",\"image\":{\"@type\":\"ImageObject\",\"inLanguage\":\"es\",\"@id\":\"https:\\\/\\\/secure.gravatar.com\\\/avatar\\\/d4fe7459cfc51ff5129ce1a732bbef5928568b8092d412ef95611616376bbeed?s=96&d=mm&r=g\",\"url\":\"https:\\\/\\\/secure.gravatar.com\\\/avatar\\\/d4fe7459cfc51ff5129ce1a732bbef5928568b8092d412ef95611616376bbeed?s=96&d=mm&r=g\",\"contentUrl\":\"https:\\\/\\\/secure.gravatar.com\\\/avatar\\\/d4fe7459cfc51ff5129ce1a732bbef5928568b8092d412ef95611616376bbeed?s=96&d=mm&r=g\",\"caption\":\"f1000024\"},\"url\":\"https:\\\/\\\/cvinoticias.com\\\/v3\\\/author\\\/f1000024\\\/\"}]}<\/script>\n<!-- \/ Yoast SEO plugin. -->","yoast_head_json":{"title":"Fiesta Nacional del Inmigrante 2025: programaci\u00f3n y detalles | CVI NOTICIAS","description":"Todo sobre la Fiesta Nacional del Inmigrante 2025 en Ober\u00e1: fechas, artistas, grilla y entradas","robots":{"index":"index","follow":"follow","max-snippet":"max-snippet:-1","max-image-preview":"max-image-preview:large","max-video-preview":"max-video-preview:-1"},"canonical":"https:\/\/cvinoticias.com\/v3\/arranca-la-45-fiesta-nacional-del-inmigrante-en-obera-todo-lo-que-hay-que-saber\/","og_locale":"es_ES","og_type":"article","og_title":"Fiesta Nacional del Inmigrante 2025: programaci\u00f3n y detalles | CVI NOTICIAS","og_description":"Todo sobre la Fiesta Nacional del Inmigrante 2025 en Ober\u00e1: fechas, artistas, grilla y entradas","og_url":"https:\/\/cvinoticias.com\/v3\/arranca-la-45-fiesta-nacional-del-inmigrante-en-obera-todo-lo-que-hay-que-saber\/","og_site_name":"CVI NOTICIAS","article_publisher":"https:\/\/www.facebook.com\/cvinoticias","article_published_time":"2025-09-04T11:34:14+00:00","article_modified_time":"2025-09-04T11:34:15+00:00","og_image":[{"width":768,"height":515,"url":"https:\/\/cvinoticias.com\/wp-content\/uploads\/2025\/09\/baile-acto-inaugural-fiesta-del-inmigrante.jpg","type":"image\/jpeg"}],"author":"f1000024","twitter_card":"summary_large_image","twitter_misc":{"Escrito por":"f1000024","Tiempo de lectura":"3 minutos"},"schema":{"@context":"https:\/\/schema.org","@graph":[{"@type":"Article","@id":"https:\/\/cvinoticias.com\/v3\/arranca-la-45-fiesta-nacional-del-inmigrante-en-obera-todo-lo-que-hay-que-saber\/#article","isPartOf":{"@id":"https:\/\/cvinoticias.com\/v3\/arranca-la-45-fiesta-nacional-del-inmigrante-en-obera-todo-lo-que-hay-que-saber\/"},"author":{"name":"f1000024","@id":"https:\/\/cvinoticias.com\/v3\/#\/schema\/person\/2db77e3c6bc03c538495d7b2b8be9b66"},"headline":"Arranca la 45\u00b0 Fiesta Nacional del Inmigrante en Ober\u00e1: todo lo que hay que saber","datePublished":"2025-09-04T11:34:14+00:00","dateModified":"2025-09-04T11:34:15+00:00","mainEntityOfPage":{"@id":"https:\/\/cvinoticias.com\/v3\/arranca-la-45-fiesta-nacional-del-inmigrante-en-obera-todo-lo-que-hay-que-saber\/"},"wordCount":422,"commentCount":0,"publisher":{"@id":"https:\/\/cvinoticias.com\/v3\/#organization"},"image":{"@id":"https:\/\/cvinoticias.com\/v3\/arranca-la-45-fiesta-nacional-del-inmigrante-en-obera-todo-lo-que-hay-que-saber\/#primaryimage"},"thumbnailUrl":"https:\/\/cvinoticias.com\/wp-content\/uploads\/2025\/09\/baile-acto-inaugural-fiesta-del-inmigrante.jpg","keywords":["2025","Fiesta Naciona","Inmigrante","Ober\u00e1"],"articleSection":["Turismo"],"inLanguage":"es","potentialAction":[{"@type":"CommentAction","name":"Comment","target":["https:\/\/cvinoticias.com\/v3\/arranca-la-45-fiesta-nacional-del-inmigrante-en-obera-todo-lo-que-hay-que-saber\/#respond"]}]},{"@type":"WebPage","@id":"https:\/\/cvinoticias.com\/v3\/arranca-la-45-fiesta-nacional-del-inmigrante-en-obera-todo-lo-que-hay-que-saber\/","url":"https:\/\/cvinoticias.com\/v3\/arranca-la-45-fiesta-nacional-del-inmigrante-en-obera-todo-lo-que-hay-que-saber\/","name":"Fiesta Nacional del Inmigrante 2025: programaci\u00f3n y detalles | CVI NOTICIAS","isPartOf":{"@id":"https:\/\/cvinoticias.com\/v3\/#website"},"primaryImageOfPage":{"@id":"https:\/\/cvinoticias.com\/v3\/arranca-la-45-fiesta-nacional-del-inmigrante-en-obera-todo-lo-que-hay-que-saber\/#primaryimage"},"image":{"@id":"https:\/\/cvinoticias.com\/v3\/arranca-la-45-fiesta-nacional-del-inmigrante-en-obera-todo-lo-que-hay-que-saber\/#primaryimage"},"thumbnailUrl":"https:\/\/cvinoticias.com\/wp-content\/uploads\/2025\/09\/baile-acto-inaugural-fiesta-del-inmigrante.jpg","datePublished":"2025-09-04T11:34:14+00:00","dateModified":"2025-09-04T11:34:15+00:00","description":"Todo sobre la Fiesta Nacional del Inmigrante 2025 en Ober\u00e1: fechas, artistas, grilla y entradas","breadcrumb":{"@id":"https:\/\/cvinoticias.com\/v3\/arranca-la-45-fiesta-nacional-del-inmigrante-en-obera-todo-lo-que-hay-que-saber\/#breadcrumb"},"inLanguage":"es","potentialAction":[{"@type":"ReadAction","target":["https:\/\/cvinoticias.com\/v3\/arranca-la-45-fiesta-nacional-del-inmigrante-en-obera-todo-lo-que-hay-que-saber\/"]}]},{"@type":"ImageObject","inLanguage":"es","@id":"https:\/\/cvinoticias.com\/v3\/arranca-la-45-fiesta-nacional-del-inmigrante-en-obera-todo-lo-que-hay-que-saber\/#primaryimage","url":"https:\/\/cvinoticias.com\/wp-content\/uploads\/2025\/09\/baile-acto-inaugural-fiesta-del-inmigrante.jpg","contentUrl":"https:\/\/cvinoticias.com\/wp-content\/uploads\/2025\/09\/baile-acto-inaugural-fiesta-del-inmigrante.jpg","width":768,"height":515},{"@type":"BreadcrumbList","@id":"https:\/\/cvinoticias.com\/v3\/arranca-la-45-fiesta-nacional-del-inmigrante-en-obera-todo-lo-que-hay-que-saber\/#breadcrumb","itemListElement":[{"@type":"ListItem","position":1,"name":"Portada","item":"https:\/\/cvinoticias.com\/v3\/"},{"@type":"ListItem","position":2,"name":"Arranca la 45\u00b0 Fiesta Nacional del Inmigrante en Ober\u00e1: todo lo que hay que saber"}]},{"@type":"WebSite","@id":"https:\/\/cvinoticias.com\/v3\/#website","url":"https:\/\/cvinoticias.com\/v3\/","name":"CVI NOTICIAS","description":"","publisher":{"@id":"https:\/\/cvinoticias.com\/v3\/#organization"},"alternateName":"CVI","potentialAction":[{"@type":"SearchAction","target":{"@type":"EntryPoint","urlTemplate":"https:\/\/cvinoticias.com\/v3\/?s={search_term_string}"},"query-input":{"@type":"PropertyValueSpecification","valueRequired":true,"valueName":"search_term_string"}}],"inLanguage":"es"},{"@type":"Organization","@id":"https:\/\/cvinoticias.com\/v3\/#organization","name":"CVI NOTICIAS","url":"https:\/\/cvinoticias.com\/v3\/","logo":{"@type":"ImageObject","inLanguage":"es","@id":"https:\/\/cvinoticias.com\/v3\/#\/schema\/logo\/image\/","url":"https:\/\/cvinoticias.com\/wp-content\/uploads\/2023\/04\/cropped-cropped-cropped-cropped-cropped-3-1.png","contentUrl":"https:\/\/cvinoticias.com\/wp-content\/uploads\/2023\/04\/cropped-cropped-cropped-cropped-cropped-3-1.png","width":95,"height":122,"caption":"CVI NOTICIAS"},"image":{"@id":"https:\/\/cvinoticias.com\/v3\/#\/schema\/logo\/image\/"},"sameAs":["https:\/\/www.facebook.com\/cvinoticias","https:\/\/www.instagram.com\/cvinoticias\/","https:\/\/www.youtube.com\/@CVINOTICIAS"]},{"@type":"Person","@id":"https:\/\/cvinoticias.com\/v3\/#\/schema\/person\/2db77e3c6bc03c538495d7b2b8be9b66","name":"f1000024","image":{"@type":"ImageObject","inLanguage":"es","@id":"https:\/\/secure.gravatar.com\/avatar\/d4fe7459cfc51ff5129ce1a732bbef5928568b8092d412ef95611616376bbeed?s=96&d=mm&r=g","url":"https:\/\/secure.gravatar.com\/avatar\/d4fe7459cfc51ff5129ce1a732bbef5928568b8092d412ef95611616376bbeed?s=96&d=mm&r=g","contentUrl":"https:\/\/secure.gravatar.com\/avatar\/d4fe7459cfc51ff5129ce1a732bbef5928568b8092d412ef95611616376bbeed?s=96&d=mm&r=g","caption":"f1000024"},"url":"https:\/\/cvinoticias.com\/v3\/author\/f1000024\/"}]}},"_links":{"self":[{"href":"https:\/\/cvinoticias.com\/v3\/wp-json\/wp\/v2\/posts\/48371","targetHints":{"allow":["GET"]}}],"collection":[{"href":"https:\/\/cvinoticias.com\/v3\/wp-json\/wp\/v2\/posts"}],"about":[{"href":"https:\/\/cvinoticias.com\/v3\/wp-json\/wp\/v2\/types\/post"}],"author":[{"embeddable":true,"href":"https:\/\/cvinoticias.com\/v3\/wp-json\/wp\/v2\/users\/2"}],"replies":[{"embeddable":true,"href":"https:\/\/cvinoticias.com\/v3\/wp-json\/wp\/v2\/comments?post=48371"}],"version-history":[{"count":1,"href":"https:\/\/cvinoticias.com\/v3\/wp-json\/wp\/v2\/posts\/48371\/revisions"}],"predecessor-version":[{"id":48373,"href":"https:\/\/cvinoticias.com\/v3\/wp-json\/wp\/v2\/posts\/48371\/revisions\/48373"}],"wp:featuredmedia":[{"embeddable":true,"href":"https:\/\/cvinoticias.com\/v3\/wp-json\/wp\/v2\/media\/48372"}],"wp:attachment":[{"href":"https:\/\/cvinoticias.com\/v3\/wp-json\/wp\/v2\/media?parent=48371"}],"wp:term":[{"taxonomy":"category","embeddable":true,"href":"https:\/\/cvinoticias.com\/v3\/wp-json\/wp\/v2\/categories?post=48371"},{"taxonomy":"post_tag","embeddable":true,"href":"https:\/\/cvinoticias.com\/v3\/wp-json\/wp\/v2\/tags?post=48371"}],"curies":[{"name":"wp","href":"https:\/\/api.w.org\/{rel}","templated":true}]}}