{"id":48225,"date":"2025-08-29T15:22:30","date_gmt":"2025-08-29T18:22:30","guid":{"rendered":"https:\/\/cvinoticias.com\/v3\/?p=48225"},"modified":"2025-09-01T07:22:59","modified_gmt":"2025-09-01T10:22:59","slug":"con-la-incorporacion-del-dr-jorge-avila-el-centro-oftalmologico-cataratas-potencia-su-equipo-medico","status":"publish","type":"post","link":"https:\/\/cvinoticias.com\/v3\/con-la-incorporacion-del-dr-jorge-avila-el-centro-oftalmologico-cataratas-potencia-su-equipo-medico\/","title":{"rendered":"Con la incorporaci\u00f3n del Dr. Jorge \u00c1vila, el Centro Oftalmol\u00f3gico Cataratas potencia su equipo m\u00e9dico"},"content":{"rendered":"\n<p>El Centro Oftalmol\u00f3gico Cataratas anunci\u00f3 la incorporaci\u00f3n del Dr. Jorge \u00c1vila, especialista en \u00f3rbita, p\u00e1rpados y v\u00edas lagrimales. Se trata de un profesional que aborda tanto la parte funcional como est\u00e9tica de estas \u00e1reas, ampliando as\u00ed la cobertura de servicios m\u00e9dicos en la regi\u00f3n.<\/p>\n\n\n\n<p>En di\u00e1logo con CVI Noticias, \u00c1vila explic\u00f3: \u201cEste trabajo tiene la parte funcional y est\u00e9tica, y el objetivo es avanzar con cirug\u00edas programadas\u201d, sostuvo.<\/p>\n\n\n\n<figure class=\"wp-block-gallery has-nested-images columns-default is-cropped wp-block-gallery-1 is-layout-flex wp-block-gallery-is-layout-flex\">\n<figure class=\"wp-block-image size-large\"><a href=\"https:\/\/cvinoticias.com\/wp-content\/uploads\/2025\/09\/1000238431.jpg\"><img decoding=\"async\" width=\"768\" height=\"1024\" data-id=\"48229\" data-src=\"https:\/\/cvinoticias.com\/wp-content\/uploads\/2025\/09\/1000238431-768x1024.jpg\" alt=\"\" class=\"wp-image-48229 lazyload\" data-srcset=\"https:\/\/cvinoticias.com\/wp-content\/uploads\/2025\/09\/1000238431-768x1024.jpg 768w, https:\/\/cvinoticias.com\/wp-content\/uploads\/2025\/09\/1000238431-225x300.jpg 225w, https:\/\/cvinoticias.com\/wp-content\/uploads\/2025\/09\/1000238431-1152x1536.jpg 1152w, https:\/\/cvinoticias.com\/wp-content\/uploads\/2025\/09\/1000238431.jpg 1200w\" data-sizes=\"(max-width: 768px) 100vw, 768px\" src=\"data:image\/svg+xml;base64,PHN2ZyB3aWR0aD0iMSIgaGVpZ2h0PSIxIiB4bWxucz0iaHR0cDovL3d3dy53My5vcmcvMjAwMC9zdmciPjwvc3ZnPg==\" style=\"--smush-placeholder-width: 768px; --smush-placeholder-aspect-ratio: 768\/1024;\" \/><\/a><\/figure>\n\n\n\n<figure class=\"wp-block-image size-large\"><a href=\"https:\/\/cvinoticias.com\/wp-content\/uploads\/2025\/09\/1000238430.jpg\"><img decoding=\"async\" width=\"768\" height=\"1024\" data-id=\"48228\" data-src=\"https:\/\/cvinoticias.com\/wp-content\/uploads\/2025\/09\/1000238430-768x1024.jpg\" alt=\"\" class=\"wp-image-48228 lazyload\" data-srcset=\"https:\/\/cvinoticias.com\/wp-content\/uploads\/2025\/09\/1000238430-768x1024.jpg 768w, https:\/\/cvinoticias.com\/wp-content\/uploads\/2025\/09\/1000238430-225x300.jpg 225w, https:\/\/cvinoticias.com\/wp-content\/uploads\/2025\/09\/1000238430-1152x1536.jpg 1152w, https:\/\/cvinoticias.com\/wp-content\/uploads\/2025\/09\/1000238430.jpg 1200w\" data-sizes=\"(max-width: 768px) 100vw, 768px\" src=\"data:image\/svg+xml;base64,PHN2ZyB3aWR0aD0iMSIgaGVpZ2h0PSIxIiB4bWxucz0iaHR0cDovL3d3dy53My5vcmcvMjAwMC9zdmciPjwvc3ZnPg==\" style=\"--smush-placeholder-width: 768px; --smush-placeholder-aspect-ratio: 768\/1024;\" \/><\/a><\/figure>\n<\/figure>\n\n\n\n<p>El centro cuenta con un quir\u00f3fano de alta complejidad, actualmente en funcionamiento, lo que permite brindar una atenci\u00f3n integral a los pacientes. \u201cEmpezamos ayer, donde atendimos a 25 pacientes, y hoy ya tenemos cirug\u00edas programadas\u201d, agreg\u00f3 el especialista.<\/p>\n","protected":false},"excerpt":{"rendered":"<p>El Centro Oftalmol\u00f3gico Cataratas anunci\u00f3 la incorporaci\u00f3n del Dr. Jorge \u00c1vila, especialista en \u00f3rbita, p\u00e1rpados y v\u00edas lagrimales. Se trata de un profesional que aborda tanto la parte funcional como est\u00e9tica de estas \u00e1reas, ampliando as\u00ed la cobertura de servicios m\u00e9dicos en la regi\u00f3n. En di\u00e1logo con CVI Noticias, \u00c1vila explic\u00f3: \u201cEste trabajo tiene la [&hellip;]<\/p>\n","protected":false},"author":2,"featured_media":48226,"comment_status":"open","ping_status":"open","sticky":false,"template":"","format":"standard","meta":{"footnotes":""},"categories":[22],"tags":[74,3736,3735],"class_list":["post-48225","post","type-post","status-publish","format-standard","has-post-thumbnail","hentry","category-salud","tag-cataratas","tag-dr-jorge-avila","tag-oftalmologico"],"yoast_head":"<!-- This site is optimized with the Yoast SEO plugin v27.5 - https:\/\/yoast.com\/product\/yoast-seo-wordpress\/ -->\n<title>El Dr. Jorge \u00c1vila se suma al Centro Oftalmol\u00f3gico Cataratas | CVI NOTICIAS<\/title>\n<meta name=\"description\" content=\"El Dr. Jorge \u00c1vila potencia al Centro Oftalmol\u00f3gico Cataratas con especialidad en \u00f3rbita, p\u00e1rpados y v\u00edas lagrimales.\" \/>\n<meta name=\"robots\" content=\"index, follow, max-snippet:-1, max-image-preview:large, max-video-preview:-1\" \/>\n<link rel=\"canonical\" href=\"https:\/\/cvinoticias.com\/v3\/con-la-incorporacion-del-dr-jorge-avila-el-centro-oftalmologico-cataratas-potencia-su-equipo-medico\/\" \/>\n<meta property=\"og:locale\" content=\"es_ES\" \/>\n<meta property=\"og:type\" content=\"article\" \/>\n<meta property=\"og:title\" content=\"El Dr. Jorge \u00c1vila se suma al Centro Oftalmol\u00f3gico Cataratas | CVI NOTICIAS\" \/>\n<meta property=\"og:description\" content=\"El Dr. Jorge \u00c1vila potencia al Centro Oftalmol\u00f3gico Cataratas con especialidad en \u00f3rbita, p\u00e1rpados y v\u00edas lagrimales.\" \/>\n<meta property=\"og:url\" content=\"https:\/\/cvinoticias.com\/v3\/con-la-incorporacion-del-dr-jorge-avila-el-centro-oftalmologico-cataratas-potencia-su-equipo-medico\/\" \/>\n<meta property=\"og:site_name\" content=\"CVI NOTICIAS\" \/>\n<meta property=\"article:publisher\" content=\"https:\/\/www.facebook.com\/cvinoticias\" \/>\n<meta property=\"article:published_time\" content=\"2025-08-29T18:22:30+00:00\" \/>\n<meta property=\"article:modified_time\" content=\"2025-09-01T10:22:59+00:00\" \/>\n<meta property=\"og:image\" content=\"https:\/\/cvinoticias.com\/wp-content\/uploads\/2025\/09\/IMG-20250829-WA0044.jpg\" \/>\n\t<meta property=\"og:image:width\" content=\"1080\" \/>\n\t<meta property=\"og:image:height\" content=\"1350\" \/>\n\t<meta property=\"og:image:type\" content=\"image\/jpeg\" \/>\n<meta name=\"author\" content=\"f1000024\" \/>\n<meta name=\"twitter:card\" content=\"summary_large_image\" \/>\n<meta name=\"twitter:label1\" content=\"Escrito por\" \/>\n\t<meta name=\"twitter:data1\" content=\"f1000024\" \/>\n\t<meta name=\"twitter:label2\" content=\"Tiempo de lectura\" \/>\n\t<meta name=\"twitter:data2\" content=\"2 minutos\" \/>\n<script type=\"application\/ld+json\" class=\"yoast-schema-graph\">{\"@context\":\"https:\\\/\\\/schema.org\",\"@graph\":[{\"@type\":\"Article\",\"@id\":\"https:\\\/\\\/cvinoticias.com\\\/v3\\\/con-la-incorporacion-del-dr-jorge-avila-el-centro-oftalmologico-cataratas-potencia-su-equipo-medico\\\/#article\",\"isPartOf\":{\"@id\":\"https:\\\/\\\/cvinoticias.com\\\/v3\\\/con-la-incorporacion-del-dr-jorge-avila-el-centro-oftalmologico-cataratas-potencia-su-equipo-medico\\\/\"},\"author\":{\"name\":\"f1000024\",\"@id\":\"https:\\\/\\\/cvinoticias.com\\\/v3\\\/#\\\/schema\\\/person\\\/2db77e3c6bc03c538495d7b2b8be9b66\"},\"headline\":\"Con la incorporaci\u00f3n del Dr. Jorge \u00c1vila, el Centro Oftalmol\u00f3gico Cataratas potencia su equipo m\u00e9dico\",\"datePublished\":\"2025-08-29T18:22:30+00:00\",\"dateModified\":\"2025-09-01T10:22:59+00:00\",\"mainEntityOfPage\":{\"@id\":\"https:\\\/\\\/cvinoticias.com\\\/v3\\\/con-la-incorporacion-del-dr-jorge-avila-el-centro-oftalmologico-cataratas-potencia-su-equipo-medico\\\/\"},\"wordCount\":136,\"commentCount\":0,\"publisher\":{\"@id\":\"https:\\\/\\\/cvinoticias.com\\\/v3\\\/#organization\"},\"image\":{\"@id\":\"https:\\\/\\\/cvinoticias.com\\\/v3\\\/con-la-incorporacion-del-dr-jorge-avila-el-centro-oftalmologico-cataratas-potencia-su-equipo-medico\\\/#primaryimage\"},\"thumbnailUrl\":\"https:\\\/\\\/cvinoticias.com\\\/wp-content\\\/uploads\\\/2025\\\/09\\\/IMG-20250829-WA0044.jpg\",\"keywords\":[\"cataratas\",\"Dr. Jorge \u00c1vila\",\"Oftalmol\u00f3gico\"],\"articleSection\":[\"Salud\"],\"inLanguage\":\"es\",\"potentialAction\":[{\"@type\":\"CommentAction\",\"name\":\"Comment\",\"target\":[\"https:\\\/\\\/cvinoticias.com\\\/v3\\\/con-la-incorporacion-del-dr-jorge-avila-el-centro-oftalmologico-cataratas-potencia-su-equipo-medico\\\/#respond\"]}]},{\"@type\":\"WebPage\",\"@id\":\"https:\\\/\\\/cvinoticias.com\\\/v3\\\/con-la-incorporacion-del-dr-jorge-avila-el-centro-oftalmologico-cataratas-potencia-su-equipo-medico\\\/\",\"url\":\"https:\\\/\\\/cvinoticias.com\\\/v3\\\/con-la-incorporacion-del-dr-jorge-avila-el-centro-oftalmologico-cataratas-potencia-su-equipo-medico\\\/\",\"name\":\"El Dr. Jorge \u00c1vila se suma al Centro Oftalmol\u00f3gico Cataratas | CVI NOTICIAS\",\"isPartOf\":{\"@id\":\"https:\\\/\\\/cvinoticias.com\\\/v3\\\/#website\"},\"primaryImageOfPage\":{\"@id\":\"https:\\\/\\\/cvinoticias.com\\\/v3\\\/con-la-incorporacion-del-dr-jorge-avila-el-centro-oftalmologico-cataratas-potencia-su-equipo-medico\\\/#primaryimage\"},\"image\":{\"@id\":\"https:\\\/\\\/cvinoticias.com\\\/v3\\\/con-la-incorporacion-del-dr-jorge-avila-el-centro-oftalmologico-cataratas-potencia-su-equipo-medico\\\/#primaryimage\"},\"thumbnailUrl\":\"https:\\\/\\\/cvinoticias.com\\\/wp-content\\\/uploads\\\/2025\\\/09\\\/IMG-20250829-WA0044.jpg\",\"datePublished\":\"2025-08-29T18:22:30+00:00\",\"dateModified\":\"2025-09-01T10:22:59+00:00\",\"description\":\"El Dr. Jorge \u00c1vila potencia al Centro Oftalmol\u00f3gico Cataratas con especialidad en \u00f3rbita, p\u00e1rpados y v\u00edas lagrimales.\",\"breadcrumb\":{\"@id\":\"https:\\\/\\\/cvinoticias.com\\\/v3\\\/con-la-incorporacion-del-dr-jorge-avila-el-centro-oftalmologico-cataratas-potencia-su-equipo-medico\\\/#breadcrumb\"},\"inLanguage\":\"es\",\"potentialAction\":[{\"@type\":\"ReadAction\",\"target\":[\"https:\\\/\\\/cvinoticias.com\\\/v3\\\/con-la-incorporacion-del-dr-jorge-avila-el-centro-oftalmologico-cataratas-potencia-su-equipo-medico\\\/\"]}]},{\"@type\":\"ImageObject\",\"inLanguage\":\"es\",\"@id\":\"https:\\\/\\\/cvinoticias.com\\\/v3\\\/con-la-incorporacion-del-dr-jorge-avila-el-centro-oftalmologico-cataratas-potencia-su-equipo-medico\\\/#primaryimage\",\"url\":\"https:\\\/\\\/cvinoticias.com\\\/wp-content\\\/uploads\\\/2025\\\/09\\\/IMG-20250829-WA0044.jpg\",\"contentUrl\":\"https:\\\/\\\/cvinoticias.com\\\/wp-content\\\/uploads\\\/2025\\\/09\\\/IMG-20250829-WA0044.jpg\",\"width\":1080,\"height\":1350},{\"@type\":\"BreadcrumbList\",\"@id\":\"https:\\\/\\\/cvinoticias.com\\\/v3\\\/con-la-incorporacion-del-dr-jorge-avila-el-centro-oftalmologico-cataratas-potencia-su-equipo-medico\\\/#breadcrumb\",\"itemListElement\":[{\"@type\":\"ListItem\",\"position\":1,\"name\":\"Portada\",\"item\":\"https:\\\/\\\/cvinoticias.com\\\/v3\\\/\"},{\"@type\":\"ListItem\",\"position\":2,\"name\":\"Con la incorporaci\u00f3n del Dr. Jorge \u00c1vila, el Centro Oftalmol\u00f3gico Cataratas potencia su equipo m\u00e9dico\"}]},{\"@type\":\"WebSite\",\"@id\":\"https:\\\/\\\/cvinoticias.com\\\/v3\\\/#website\",\"url\":\"https:\\\/\\\/cvinoticias.com\\\/v3\\\/\",\"name\":\"CVI NOTICIAS\",\"description\":\"\",\"publisher\":{\"@id\":\"https:\\\/\\\/cvinoticias.com\\\/v3\\\/#organization\"},\"alternateName\":\"CVI\",\"potentialAction\":[{\"@type\":\"SearchAction\",\"target\":{\"@type\":\"EntryPoint\",\"urlTemplate\":\"https:\\\/\\\/cvinoticias.com\\\/v3\\\/?s={search_term_string}\"},\"query-input\":{\"@type\":\"PropertyValueSpecification\",\"valueRequired\":true,\"valueName\":\"search_term_string\"}}],\"inLanguage\":\"es\"},{\"@type\":\"Organization\",\"@id\":\"https:\\\/\\\/cvinoticias.com\\\/v3\\\/#organization\",\"name\":\"CVI NOTICIAS\",\"url\":\"https:\\\/\\\/cvinoticias.com\\\/v3\\\/\",\"logo\":{\"@type\":\"ImageObject\",\"inLanguage\":\"es\",\"@id\":\"https:\\\/\\\/cvinoticias.com\\\/v3\\\/#\\\/schema\\\/logo\\\/image\\\/\",\"url\":\"https:\\\/\\\/cvinoticias.com\\\/wp-content\\\/uploads\\\/2023\\\/04\\\/cropped-cropped-cropped-cropped-cropped-3-1.png\",\"contentUrl\":\"https:\\\/\\\/cvinoticias.com\\\/wp-content\\\/uploads\\\/2023\\\/04\\\/cropped-cropped-cropped-cropped-cropped-3-1.png\",\"width\":95,\"height\":122,\"caption\":\"CVI NOTICIAS\"},\"image\":{\"@id\":\"https:\\\/\\\/cvinoticias.com\\\/v3\\\/#\\\/schema\\\/logo\\\/image\\\/\"},\"sameAs\":[\"https:\\\/\\\/www.facebook.com\\\/cvinoticias\",\"https:\\\/\\\/www.instagram.com\\\/cvinoticias\\\/\",\"https:\\\/\\\/www.youtube.com\\\/@CVINOTICIAS\"]},{\"@type\":\"Person\",\"@id\":\"https:\\\/\\\/cvinoticias.com\\\/v3\\\/#\\\/schema\\\/person\\\/2db77e3c6bc03c538495d7b2b8be9b66\",\"name\":\"f1000024\",\"image\":{\"@type\":\"ImageObject\",\"inLanguage\":\"es\",\"@id\":\"https:\\\/\\\/secure.gravatar.com\\\/avatar\\\/d4fe7459cfc51ff5129ce1a732bbef5928568b8092d412ef95611616376bbeed?s=96&d=mm&r=g\",\"url\":\"https:\\\/\\\/secure.gravatar.com\\\/avatar\\\/d4fe7459cfc51ff5129ce1a732bbef5928568b8092d412ef95611616376bbeed?s=96&d=mm&r=g\",\"contentUrl\":\"https:\\\/\\\/secure.gravatar.com\\\/avatar\\\/d4fe7459cfc51ff5129ce1a732bbef5928568b8092d412ef95611616376bbeed?s=96&d=mm&r=g\",\"caption\":\"f1000024\"},\"url\":\"https:\\\/\\\/cvinoticias.com\\\/v3\\\/author\\\/f1000024\\\/\"}]}<\/script>\n<!-- \/ Yoast SEO plugin. -->","yoast_head_json":{"title":"El Dr. Jorge \u00c1vila se suma al Centro Oftalmol\u00f3gico Cataratas | CVI NOTICIAS","description":"El Dr. Jorge \u00c1vila potencia al Centro Oftalmol\u00f3gico Cataratas con especialidad en \u00f3rbita, p\u00e1rpados y v\u00edas lagrimales.","robots":{"index":"index","follow":"follow","max-snippet":"max-snippet:-1","max-image-preview":"max-image-preview:large","max-video-preview":"max-video-preview:-1"},"canonical":"https:\/\/cvinoticias.com\/v3\/con-la-incorporacion-del-dr-jorge-avila-el-centro-oftalmologico-cataratas-potencia-su-equipo-medico\/","og_locale":"es_ES","og_type":"article","og_title":"El Dr. Jorge \u00c1vila se suma al Centro Oftalmol\u00f3gico Cataratas | CVI NOTICIAS","og_description":"El Dr. Jorge \u00c1vila potencia al Centro Oftalmol\u00f3gico Cataratas con especialidad en \u00f3rbita, p\u00e1rpados y v\u00edas lagrimales.","og_url":"https:\/\/cvinoticias.com\/v3\/con-la-incorporacion-del-dr-jorge-avila-el-centro-oftalmologico-cataratas-potencia-su-equipo-medico\/","og_site_name":"CVI NOTICIAS","article_publisher":"https:\/\/www.facebook.com\/cvinoticias","article_published_time":"2025-08-29T18:22:30+00:00","article_modified_time":"2025-09-01T10:22:59+00:00","og_image":[{"width":1080,"height":1350,"url":"https:\/\/cvinoticias.com\/wp-content\/uploads\/2025\/09\/IMG-20250829-WA0044.jpg","type":"image\/jpeg"}],"author":"f1000024","twitter_card":"summary_large_image","twitter_misc":{"Escrito por":"f1000024","Tiempo de lectura":"2 minutos"},"schema":{"@context":"https:\/\/schema.org","@graph":[{"@type":"Article","@id":"https:\/\/cvinoticias.com\/v3\/con-la-incorporacion-del-dr-jorge-avila-el-centro-oftalmologico-cataratas-potencia-su-equipo-medico\/#article","isPartOf":{"@id":"https:\/\/cvinoticias.com\/v3\/con-la-incorporacion-del-dr-jorge-avila-el-centro-oftalmologico-cataratas-potencia-su-equipo-medico\/"},"author":{"name":"f1000024","@id":"https:\/\/cvinoticias.com\/v3\/#\/schema\/person\/2db77e3c6bc03c538495d7b2b8be9b66"},"headline":"Con la incorporaci\u00f3n del Dr. Jorge \u00c1vila, el Centro Oftalmol\u00f3gico Cataratas potencia su equipo m\u00e9dico","datePublished":"2025-08-29T18:22:30+00:00","dateModified":"2025-09-01T10:22:59+00:00","mainEntityOfPage":{"@id":"https:\/\/cvinoticias.com\/v3\/con-la-incorporacion-del-dr-jorge-avila-el-centro-oftalmologico-cataratas-potencia-su-equipo-medico\/"},"wordCount":136,"commentCount":0,"publisher":{"@id":"https:\/\/cvinoticias.com\/v3\/#organization"},"image":{"@id":"https:\/\/cvinoticias.com\/v3\/con-la-incorporacion-del-dr-jorge-avila-el-centro-oftalmologico-cataratas-potencia-su-equipo-medico\/#primaryimage"},"thumbnailUrl":"https:\/\/cvinoticias.com\/wp-content\/uploads\/2025\/09\/IMG-20250829-WA0044.jpg","keywords":["cataratas","Dr. Jorge \u00c1vila","Oftalmol\u00f3gico"],"articleSection":["Salud"],"inLanguage":"es","potentialAction":[{"@type":"CommentAction","name":"Comment","target":["https:\/\/cvinoticias.com\/v3\/con-la-incorporacion-del-dr-jorge-avila-el-centro-oftalmologico-cataratas-potencia-su-equipo-medico\/#respond"]}]},{"@type":"WebPage","@id":"https:\/\/cvinoticias.com\/v3\/con-la-incorporacion-del-dr-jorge-avila-el-centro-oftalmologico-cataratas-potencia-su-equipo-medico\/","url":"https:\/\/cvinoticias.com\/v3\/con-la-incorporacion-del-dr-jorge-avila-el-centro-oftalmologico-cataratas-potencia-su-equipo-medico\/","name":"El Dr. Jorge \u00c1vila se suma al Centro Oftalmol\u00f3gico Cataratas | CVI NOTICIAS","isPartOf":{"@id":"https:\/\/cvinoticias.com\/v3\/#website"},"primaryImageOfPage":{"@id":"https:\/\/cvinoticias.com\/v3\/con-la-incorporacion-del-dr-jorge-avila-el-centro-oftalmologico-cataratas-potencia-su-equipo-medico\/#primaryimage"},"image":{"@id":"https:\/\/cvinoticias.com\/v3\/con-la-incorporacion-del-dr-jorge-avila-el-centro-oftalmologico-cataratas-potencia-su-equipo-medico\/#primaryimage"},"thumbnailUrl":"https:\/\/cvinoticias.com\/wp-content\/uploads\/2025\/09\/IMG-20250829-WA0044.jpg","datePublished":"2025-08-29T18:22:30+00:00","dateModified":"2025-09-01T10:22:59+00:00","description":"El Dr. Jorge \u00c1vila potencia al Centro Oftalmol\u00f3gico Cataratas con especialidad en \u00f3rbita, p\u00e1rpados y v\u00edas lagrimales.","breadcrumb":{"@id":"https:\/\/cvinoticias.com\/v3\/con-la-incorporacion-del-dr-jorge-avila-el-centro-oftalmologico-cataratas-potencia-su-equipo-medico\/#breadcrumb"},"inLanguage":"es","potentialAction":[{"@type":"ReadAction","target":["https:\/\/cvinoticias.com\/v3\/con-la-incorporacion-del-dr-jorge-avila-el-centro-oftalmologico-cataratas-potencia-su-equipo-medico\/"]}]},{"@type":"ImageObject","inLanguage":"es","@id":"https:\/\/cvinoticias.com\/v3\/con-la-incorporacion-del-dr-jorge-avila-el-centro-oftalmologico-cataratas-potencia-su-equipo-medico\/#primaryimage","url":"https:\/\/cvinoticias.com\/wp-content\/uploads\/2025\/09\/IMG-20250829-WA0044.jpg","contentUrl":"https:\/\/cvinoticias.com\/wp-content\/uploads\/2025\/09\/IMG-20250829-WA0044.jpg","width":1080,"height":1350},{"@type":"BreadcrumbList","@id":"https:\/\/cvinoticias.com\/v3\/con-la-incorporacion-del-dr-jorge-avila-el-centro-oftalmologico-cataratas-potencia-su-equipo-medico\/#breadcrumb","itemListElement":[{"@type":"ListItem","position":1,"name":"Portada","item":"https:\/\/cvinoticias.com\/v3\/"},{"@type":"ListItem","position":2,"name":"Con la incorporaci\u00f3n del Dr. Jorge \u00c1vila, el Centro Oftalmol\u00f3gico Cataratas potencia su equipo m\u00e9dico"}]},{"@type":"WebSite","@id":"https:\/\/cvinoticias.com\/v3\/#website","url":"https:\/\/cvinoticias.com\/v3\/","name":"CVI NOTICIAS","description":"","publisher":{"@id":"https:\/\/cvinoticias.com\/v3\/#organization"},"alternateName":"CVI","potentialAction":[{"@type":"SearchAction","target":{"@type":"EntryPoint","urlTemplate":"https:\/\/cvinoticias.com\/v3\/?s={search_term_string}"},"query-input":{"@type":"PropertyValueSpecification","valueRequired":true,"valueName":"search_term_string"}}],"inLanguage":"es"},{"@type":"Organization","@id":"https:\/\/cvinoticias.com\/v3\/#organization","name":"CVI NOTICIAS","url":"https:\/\/cvinoticias.com\/v3\/","logo":{"@type":"ImageObject","inLanguage":"es","@id":"https:\/\/cvinoticias.com\/v3\/#\/schema\/logo\/image\/","url":"https:\/\/cvinoticias.com\/wp-content\/uploads\/2023\/04\/cropped-cropped-cropped-cropped-cropped-3-1.png","contentUrl":"https:\/\/cvinoticias.com\/wp-content\/uploads\/2023\/04\/cropped-cropped-cropped-cropped-cropped-3-1.png","width":95,"height":122,"caption":"CVI NOTICIAS"},"image":{"@id":"https:\/\/cvinoticias.com\/v3\/#\/schema\/logo\/image\/"},"sameAs":["https:\/\/www.facebook.com\/cvinoticias","https:\/\/www.instagram.com\/cvinoticias\/","https:\/\/www.youtube.com\/@CVINOTICIAS"]},{"@type":"Person","@id":"https:\/\/cvinoticias.com\/v3\/#\/schema\/person\/2db77e3c6bc03c538495d7b2b8be9b66","name":"f1000024","image":{"@type":"ImageObject","inLanguage":"es","@id":"https:\/\/secure.gravatar.com\/avatar\/d4fe7459cfc51ff5129ce1a732bbef5928568b8092d412ef95611616376bbeed?s=96&d=mm&r=g","url":"https:\/\/secure.gravatar.com\/avatar\/d4fe7459cfc51ff5129ce1a732bbef5928568b8092d412ef95611616376bbeed?s=96&d=mm&r=g","contentUrl":"https:\/\/secure.gravatar.com\/avatar\/d4fe7459cfc51ff5129ce1a732bbef5928568b8092d412ef95611616376bbeed?s=96&d=mm&r=g","caption":"f1000024"},"url":"https:\/\/cvinoticias.com\/v3\/author\/f1000024\/"}]}},"_links":{"self":[{"href":"https:\/\/cvinoticias.com\/v3\/wp-json\/wp\/v2\/posts\/48225","targetHints":{"allow":["GET"]}}],"collection":[{"href":"https:\/\/cvinoticias.com\/v3\/wp-json\/wp\/v2\/posts"}],"about":[{"href":"https:\/\/cvinoticias.com\/v3\/wp-json\/wp\/v2\/types\/post"}],"author":[{"embeddable":true,"href":"https:\/\/cvinoticias.com\/v3\/wp-json\/wp\/v2\/users\/2"}],"replies":[{"embeddable":true,"href":"https:\/\/cvinoticias.com\/v3\/wp-json\/wp\/v2\/comments?post=48225"}],"version-history":[{"count":2,"href":"https:\/\/cvinoticias.com\/v3\/wp-json\/wp\/v2\/posts\/48225\/revisions"}],"predecessor-version":[{"id":48230,"href":"https:\/\/cvinoticias.com\/v3\/wp-json\/wp\/v2\/posts\/48225\/revisions\/48230"}],"wp:featuredmedia":[{"embeddable":true,"href":"https:\/\/cvinoticias.com\/v3\/wp-json\/wp\/v2\/media\/48226"}],"wp:attachment":[{"href":"https:\/\/cvinoticias.com\/v3\/wp-json\/wp\/v2\/media?parent=48225"}],"wp:term":[{"taxonomy":"category","embeddable":true,"href":"https:\/\/cvinoticias.com\/v3\/wp-json\/wp\/v2\/categories?post=48225"},{"taxonomy":"post_tag","embeddable":true,"href":"https:\/\/cvinoticias.com\/v3\/wp-json\/wp\/v2\/tags?post=48225"}],"curies":[{"name":"wp","href":"https:\/\/api.w.org\/{rel}","templated":true}]}}