{"id":48046,"date":"2025-08-26T16:35:35","date_gmt":"2025-08-26T19:35:35","guid":{"rendered":"https:\/\/cvinoticias.com\/v3\/?p=48046"},"modified":"2025-08-27T08:19:19","modified_gmt":"2025-08-27T11:19:19","slug":"llega-una-nueva-edicion-del-abuelazo-solidario-a-iguazu","status":"publish","type":"post","link":"https:\/\/cvinoticias.com\/v3\/llega-una-nueva-edicion-del-abuelazo-solidario-a-iguazu\/","title":{"rendered":"Llega una nueva edici\u00f3n del Abuelazo Solidario a Iguaz\u00fa"},"content":{"rendered":"\n<p>El pr\u00f3ximo 19 de septiembre, Iguaz\u00fa ser\u00e1 sede de una nueva edici\u00f3n del Abuelazo Solidario, organizado por el Instituto de Previsi\u00f3n Social (IPS) junto a la Municipalidad de Puerto Iguaz\u00fa.<\/p>\n\n\n\n<p>El encuentro tendr\u00e1 lugar en el Polideportivo Municipal \u201cDanielito Pinoff\u201d desde las 14:00 hs, y contar\u00e1 con un programa de actividades pensado para los adultos mayores: carnaval, concursos de disfraces, elecci\u00f3n de rey y reina, show en vivo, entre otras sorpresas.<\/p>\n\n\n\n<p>Las tarjetas gratuitas para participar ya pueden retirarse en la delegaci\u00f3n del IPS, en la Municipalidad de Iguaz\u00fa o en la Secretar\u00eda de Acci\u00f3n Social, ubicada en el CIC.<\/p>\n\n\n\n<p>Entrevista con: Rossana Lozina (Delegada)<\/p>\n","protected":false},"excerpt":{"rendered":"<p>El pr\u00f3ximo 19 de septiembre, Iguaz\u00fa ser\u00e1 sede de una nueva edici\u00f3n del Abuelazo Solidario, organizado por el Instituto de Previsi\u00f3n Social (IPS) junto a la Municipalidad de Puerto Iguaz\u00fa. El encuentro tendr\u00e1 lugar en el Polideportivo Municipal \u201cDanielito Pinoff\u201d desde las 14:00 hs, y contar\u00e1 con un programa de actividades pensado para los adultos [&hellip;]<\/p>\n","protected":false},"author":2,"featured_media":48047,"comment_status":"open","ping_status":"open","sticky":false,"template":"","format":"standard","meta":{"footnotes":""},"categories":[47],"tags":[3697,313,873],"class_list":["post-48046","post","type-post","status-publish","format-standard","has-post-thumbnail","hentry","category-sociedad","tag-abuelazo","tag-iguazu","tag-solidario"],"yoast_head":"<!-- This site is optimized with the Yoast SEO plugin v27.4 - https:\/\/yoast.com\/product\/yoast-seo-wordpress\/ -->\n<title>Nueva edici\u00f3n del Abuelazo Solidario en Iguaz\u00fa | CVI NOTICIAS<\/title>\n<meta name=\"description\" content=\"El Abuelazo Solidario se realizar\u00e1 en Iguaz\u00fa el 19 de septiembre con shows, concursos y actividades para adultos mayores.\" \/>\n<meta name=\"robots\" content=\"index, follow, max-snippet:-1, max-image-preview:large, max-video-preview:-1\" \/>\n<link rel=\"canonical\" href=\"https:\/\/cvinoticias.com\/v3\/llega-una-nueva-edicion-del-abuelazo-solidario-a-iguazu\/\" \/>\n<meta property=\"og:locale\" content=\"es_ES\" \/>\n<meta property=\"og:type\" content=\"article\" \/>\n<meta property=\"og:title\" content=\"Nueva edici\u00f3n del Abuelazo Solidario en Iguaz\u00fa | CVI NOTICIAS\" \/>\n<meta property=\"og:description\" content=\"El Abuelazo Solidario se realizar\u00e1 en Iguaz\u00fa el 19 de septiembre con shows, concursos y actividades para adultos mayores.\" \/>\n<meta property=\"og:url\" content=\"https:\/\/cvinoticias.com\/v3\/llega-una-nueva-edicion-del-abuelazo-solidario-a-iguazu\/\" \/>\n<meta property=\"og:site_name\" content=\"CVI NOTICIAS\" \/>\n<meta property=\"article:publisher\" content=\"https:\/\/www.facebook.com\/cvinoticias\" \/>\n<meta property=\"article:published_time\" content=\"2025-08-26T19:35:35+00:00\" \/>\n<meta property=\"article:modified_time\" content=\"2025-08-27T11:19:19+00:00\" \/>\n<meta property=\"og:image\" content=\"https:\/\/cvinoticias.com\/wp-content\/uploads\/2025\/08\/IMG-20250826-WA0020.jpg\" \/>\n\t<meta property=\"og:image:width\" content=\"626\" \/>\n\t<meta property=\"og:image:height\" content=\"368\" \/>\n\t<meta property=\"og:image:type\" content=\"image\/jpeg\" \/>\n<meta name=\"author\" content=\"f1000024\" \/>\n<meta name=\"twitter:card\" content=\"summary_large_image\" \/>\n<meta name=\"twitter:label1\" content=\"Escrito por\" \/>\n\t<meta name=\"twitter:data1\" content=\"f1000024\" \/>\n\t<meta name=\"twitter:label2\" content=\"Tiempo de lectura\" \/>\n\t<meta name=\"twitter:data2\" content=\"1 minuto\" \/>\n<script type=\"application\/ld+json\" class=\"yoast-schema-graph\">{\"@context\":\"https:\\\/\\\/schema.org\",\"@graph\":[{\"@type\":\"Article\",\"@id\":\"https:\\\/\\\/cvinoticias.com\\\/v3\\\/llega-una-nueva-edicion-del-abuelazo-solidario-a-iguazu\\\/#article\",\"isPartOf\":{\"@id\":\"https:\\\/\\\/cvinoticias.com\\\/v3\\\/llega-una-nueva-edicion-del-abuelazo-solidario-a-iguazu\\\/\"},\"author\":{\"name\":\"f1000024\",\"@id\":\"https:\\\/\\\/cvinoticias.com\\\/v3\\\/#\\\/schema\\\/person\\\/2db77e3c6bc03c538495d7b2b8be9b66\"},\"headline\":\"Llega una nueva edici\u00f3n del Abuelazo Solidario a Iguaz\u00fa\",\"datePublished\":\"2025-08-26T19:35:35+00:00\",\"dateModified\":\"2025-08-27T11:19:19+00:00\",\"mainEntityOfPage\":{\"@id\":\"https:\\\/\\\/cvinoticias.com\\\/v3\\\/llega-una-nueva-edicion-del-abuelazo-solidario-a-iguazu\\\/\"},\"wordCount\":120,\"commentCount\":0,\"publisher\":{\"@id\":\"https:\\\/\\\/cvinoticias.com\\\/v3\\\/#organization\"},\"image\":{\"@id\":\"https:\\\/\\\/cvinoticias.com\\\/v3\\\/llega-una-nueva-edicion-del-abuelazo-solidario-a-iguazu\\\/#primaryimage\"},\"thumbnailUrl\":\"https:\\\/\\\/cvinoticias.com\\\/wp-content\\\/uploads\\\/2025\\\/08\\\/IMG-20250826-WA0020.jpg\",\"keywords\":[\"Abuelazo\",\"Iguaz\u00fa\",\"Solidario\"],\"articleSection\":[\"Sociedad\"],\"inLanguage\":\"es\",\"potentialAction\":[{\"@type\":\"CommentAction\",\"name\":\"Comment\",\"target\":[\"https:\\\/\\\/cvinoticias.com\\\/v3\\\/llega-una-nueva-edicion-del-abuelazo-solidario-a-iguazu\\\/#respond\"]}]},{\"@type\":\"WebPage\",\"@id\":\"https:\\\/\\\/cvinoticias.com\\\/v3\\\/llega-una-nueva-edicion-del-abuelazo-solidario-a-iguazu\\\/\",\"url\":\"https:\\\/\\\/cvinoticias.com\\\/v3\\\/llega-una-nueva-edicion-del-abuelazo-solidario-a-iguazu\\\/\",\"name\":\"Nueva edici\u00f3n del Abuelazo Solidario en Iguaz\u00fa | CVI NOTICIAS\",\"isPartOf\":{\"@id\":\"https:\\\/\\\/cvinoticias.com\\\/v3\\\/#website\"},\"primaryImageOfPage\":{\"@id\":\"https:\\\/\\\/cvinoticias.com\\\/v3\\\/llega-una-nueva-edicion-del-abuelazo-solidario-a-iguazu\\\/#primaryimage\"},\"image\":{\"@id\":\"https:\\\/\\\/cvinoticias.com\\\/v3\\\/llega-una-nueva-edicion-del-abuelazo-solidario-a-iguazu\\\/#primaryimage\"},\"thumbnailUrl\":\"https:\\\/\\\/cvinoticias.com\\\/wp-content\\\/uploads\\\/2025\\\/08\\\/IMG-20250826-WA0020.jpg\",\"datePublished\":\"2025-08-26T19:35:35+00:00\",\"dateModified\":\"2025-08-27T11:19:19+00:00\",\"description\":\"El Abuelazo Solidario se realizar\u00e1 en Iguaz\u00fa el 19 de septiembre con shows, concursos y actividades para adultos mayores.\",\"breadcrumb\":{\"@id\":\"https:\\\/\\\/cvinoticias.com\\\/v3\\\/llega-una-nueva-edicion-del-abuelazo-solidario-a-iguazu\\\/#breadcrumb\"},\"inLanguage\":\"es\",\"potentialAction\":[{\"@type\":\"ReadAction\",\"target\":[\"https:\\\/\\\/cvinoticias.com\\\/v3\\\/llega-una-nueva-edicion-del-abuelazo-solidario-a-iguazu\\\/\"]}]},{\"@type\":\"ImageObject\",\"inLanguage\":\"es\",\"@id\":\"https:\\\/\\\/cvinoticias.com\\\/v3\\\/llega-una-nueva-edicion-del-abuelazo-solidario-a-iguazu\\\/#primaryimage\",\"url\":\"https:\\\/\\\/cvinoticias.com\\\/wp-content\\\/uploads\\\/2025\\\/08\\\/IMG-20250826-WA0020.jpg\",\"contentUrl\":\"https:\\\/\\\/cvinoticias.com\\\/wp-content\\\/uploads\\\/2025\\\/08\\\/IMG-20250826-WA0020.jpg\",\"width\":626,\"height\":368},{\"@type\":\"BreadcrumbList\",\"@id\":\"https:\\\/\\\/cvinoticias.com\\\/v3\\\/llega-una-nueva-edicion-del-abuelazo-solidario-a-iguazu\\\/#breadcrumb\",\"itemListElement\":[{\"@type\":\"ListItem\",\"position\":1,\"name\":\"Portada\",\"item\":\"https:\\\/\\\/cvinoticias.com\\\/v3\\\/\"},{\"@type\":\"ListItem\",\"position\":2,\"name\":\"Llega una nueva edici\u00f3n del Abuelazo Solidario a Iguaz\u00fa\"}]},{\"@type\":\"WebSite\",\"@id\":\"https:\\\/\\\/cvinoticias.com\\\/v3\\\/#website\",\"url\":\"https:\\\/\\\/cvinoticias.com\\\/v3\\\/\",\"name\":\"CVI NOTICIAS\",\"description\":\"\",\"publisher\":{\"@id\":\"https:\\\/\\\/cvinoticias.com\\\/v3\\\/#organization\"},\"alternateName\":\"CVI\",\"potentialAction\":[{\"@type\":\"SearchAction\",\"target\":{\"@type\":\"EntryPoint\",\"urlTemplate\":\"https:\\\/\\\/cvinoticias.com\\\/v3\\\/?s={search_term_string}\"},\"query-input\":{\"@type\":\"PropertyValueSpecification\",\"valueRequired\":true,\"valueName\":\"search_term_string\"}}],\"inLanguage\":\"es\"},{\"@type\":\"Organization\",\"@id\":\"https:\\\/\\\/cvinoticias.com\\\/v3\\\/#organization\",\"name\":\"CVI NOTICIAS\",\"url\":\"https:\\\/\\\/cvinoticias.com\\\/v3\\\/\",\"logo\":{\"@type\":\"ImageObject\",\"inLanguage\":\"es\",\"@id\":\"https:\\\/\\\/cvinoticias.com\\\/v3\\\/#\\\/schema\\\/logo\\\/image\\\/\",\"url\":\"https:\\\/\\\/cvinoticias.com\\\/wp-content\\\/uploads\\\/2023\\\/04\\\/cropped-cropped-cropped-cropped-cropped-3-1.png\",\"contentUrl\":\"https:\\\/\\\/cvinoticias.com\\\/wp-content\\\/uploads\\\/2023\\\/04\\\/cropped-cropped-cropped-cropped-cropped-3-1.png\",\"width\":95,\"height\":122,\"caption\":\"CVI NOTICIAS\"},\"image\":{\"@id\":\"https:\\\/\\\/cvinoticias.com\\\/v3\\\/#\\\/schema\\\/logo\\\/image\\\/\"},\"sameAs\":[\"https:\\\/\\\/www.facebook.com\\\/cvinoticias\",\"https:\\\/\\\/www.instagram.com\\\/cvinoticias\\\/\",\"https:\\\/\\\/www.youtube.com\\\/@CVINOTICIAS\"]},{\"@type\":\"Person\",\"@id\":\"https:\\\/\\\/cvinoticias.com\\\/v3\\\/#\\\/schema\\\/person\\\/2db77e3c6bc03c538495d7b2b8be9b66\",\"name\":\"f1000024\",\"image\":{\"@type\":\"ImageObject\",\"inLanguage\":\"es\",\"@id\":\"https:\\\/\\\/secure.gravatar.com\\\/avatar\\\/d4fe7459cfc51ff5129ce1a732bbef5928568b8092d412ef95611616376bbeed?s=96&d=mm&r=g\",\"url\":\"https:\\\/\\\/secure.gravatar.com\\\/avatar\\\/d4fe7459cfc51ff5129ce1a732bbef5928568b8092d412ef95611616376bbeed?s=96&d=mm&r=g\",\"contentUrl\":\"https:\\\/\\\/secure.gravatar.com\\\/avatar\\\/d4fe7459cfc51ff5129ce1a732bbef5928568b8092d412ef95611616376bbeed?s=96&d=mm&r=g\",\"caption\":\"f1000024\"},\"url\":\"https:\\\/\\\/cvinoticias.com\\\/v3\\\/author\\\/f1000024\\\/\"}]}<\/script>\n<!-- \/ Yoast SEO plugin. -->","yoast_head_json":{"title":"Nueva edici\u00f3n del Abuelazo Solidario en Iguaz\u00fa | CVI NOTICIAS","description":"El Abuelazo Solidario se realizar\u00e1 en Iguaz\u00fa el 19 de septiembre con shows, concursos y actividades para adultos mayores.","robots":{"index":"index","follow":"follow","max-snippet":"max-snippet:-1","max-image-preview":"max-image-preview:large","max-video-preview":"max-video-preview:-1"},"canonical":"https:\/\/cvinoticias.com\/v3\/llega-una-nueva-edicion-del-abuelazo-solidario-a-iguazu\/","og_locale":"es_ES","og_type":"article","og_title":"Nueva edici\u00f3n del Abuelazo Solidario en Iguaz\u00fa | CVI NOTICIAS","og_description":"El Abuelazo Solidario se realizar\u00e1 en Iguaz\u00fa el 19 de septiembre con shows, concursos y actividades para adultos mayores.","og_url":"https:\/\/cvinoticias.com\/v3\/llega-una-nueva-edicion-del-abuelazo-solidario-a-iguazu\/","og_site_name":"CVI NOTICIAS","article_publisher":"https:\/\/www.facebook.com\/cvinoticias","article_published_time":"2025-08-26T19:35:35+00:00","article_modified_time":"2025-08-27T11:19:19+00:00","og_image":[{"width":626,"height":368,"url":"https:\/\/cvinoticias.com\/wp-content\/uploads\/2025\/08\/IMG-20250826-WA0020.jpg","type":"image\/jpeg"}],"author":"f1000024","twitter_card":"summary_large_image","twitter_misc":{"Escrito por":"f1000024","Tiempo de lectura":"1 minuto"},"schema":{"@context":"https:\/\/schema.org","@graph":[{"@type":"Article","@id":"https:\/\/cvinoticias.com\/v3\/llega-una-nueva-edicion-del-abuelazo-solidario-a-iguazu\/#article","isPartOf":{"@id":"https:\/\/cvinoticias.com\/v3\/llega-una-nueva-edicion-del-abuelazo-solidario-a-iguazu\/"},"author":{"name":"f1000024","@id":"https:\/\/cvinoticias.com\/v3\/#\/schema\/person\/2db77e3c6bc03c538495d7b2b8be9b66"},"headline":"Llega una nueva edici\u00f3n del Abuelazo Solidario a Iguaz\u00fa","datePublished":"2025-08-26T19:35:35+00:00","dateModified":"2025-08-27T11:19:19+00:00","mainEntityOfPage":{"@id":"https:\/\/cvinoticias.com\/v3\/llega-una-nueva-edicion-del-abuelazo-solidario-a-iguazu\/"},"wordCount":120,"commentCount":0,"publisher":{"@id":"https:\/\/cvinoticias.com\/v3\/#organization"},"image":{"@id":"https:\/\/cvinoticias.com\/v3\/llega-una-nueva-edicion-del-abuelazo-solidario-a-iguazu\/#primaryimage"},"thumbnailUrl":"https:\/\/cvinoticias.com\/wp-content\/uploads\/2025\/08\/IMG-20250826-WA0020.jpg","keywords":["Abuelazo","Iguaz\u00fa","Solidario"],"articleSection":["Sociedad"],"inLanguage":"es","potentialAction":[{"@type":"CommentAction","name":"Comment","target":["https:\/\/cvinoticias.com\/v3\/llega-una-nueva-edicion-del-abuelazo-solidario-a-iguazu\/#respond"]}]},{"@type":"WebPage","@id":"https:\/\/cvinoticias.com\/v3\/llega-una-nueva-edicion-del-abuelazo-solidario-a-iguazu\/","url":"https:\/\/cvinoticias.com\/v3\/llega-una-nueva-edicion-del-abuelazo-solidario-a-iguazu\/","name":"Nueva edici\u00f3n del Abuelazo Solidario en Iguaz\u00fa | CVI NOTICIAS","isPartOf":{"@id":"https:\/\/cvinoticias.com\/v3\/#website"},"primaryImageOfPage":{"@id":"https:\/\/cvinoticias.com\/v3\/llega-una-nueva-edicion-del-abuelazo-solidario-a-iguazu\/#primaryimage"},"image":{"@id":"https:\/\/cvinoticias.com\/v3\/llega-una-nueva-edicion-del-abuelazo-solidario-a-iguazu\/#primaryimage"},"thumbnailUrl":"https:\/\/cvinoticias.com\/wp-content\/uploads\/2025\/08\/IMG-20250826-WA0020.jpg","datePublished":"2025-08-26T19:35:35+00:00","dateModified":"2025-08-27T11:19:19+00:00","description":"El Abuelazo Solidario se realizar\u00e1 en Iguaz\u00fa el 19 de septiembre con shows, concursos y actividades para adultos mayores.","breadcrumb":{"@id":"https:\/\/cvinoticias.com\/v3\/llega-una-nueva-edicion-del-abuelazo-solidario-a-iguazu\/#breadcrumb"},"inLanguage":"es","potentialAction":[{"@type":"ReadAction","target":["https:\/\/cvinoticias.com\/v3\/llega-una-nueva-edicion-del-abuelazo-solidario-a-iguazu\/"]}]},{"@type":"ImageObject","inLanguage":"es","@id":"https:\/\/cvinoticias.com\/v3\/llega-una-nueva-edicion-del-abuelazo-solidario-a-iguazu\/#primaryimage","url":"https:\/\/cvinoticias.com\/wp-content\/uploads\/2025\/08\/IMG-20250826-WA0020.jpg","contentUrl":"https:\/\/cvinoticias.com\/wp-content\/uploads\/2025\/08\/IMG-20250826-WA0020.jpg","width":626,"height":368},{"@type":"BreadcrumbList","@id":"https:\/\/cvinoticias.com\/v3\/llega-una-nueva-edicion-del-abuelazo-solidario-a-iguazu\/#breadcrumb","itemListElement":[{"@type":"ListItem","position":1,"name":"Portada","item":"https:\/\/cvinoticias.com\/v3\/"},{"@type":"ListItem","position":2,"name":"Llega una nueva edici\u00f3n del Abuelazo Solidario a Iguaz\u00fa"}]},{"@type":"WebSite","@id":"https:\/\/cvinoticias.com\/v3\/#website","url":"https:\/\/cvinoticias.com\/v3\/","name":"CVI NOTICIAS","description":"","publisher":{"@id":"https:\/\/cvinoticias.com\/v3\/#organization"},"alternateName":"CVI","potentialAction":[{"@type":"SearchAction","target":{"@type":"EntryPoint","urlTemplate":"https:\/\/cvinoticias.com\/v3\/?s={search_term_string}"},"query-input":{"@type":"PropertyValueSpecification","valueRequired":true,"valueName":"search_term_string"}}],"inLanguage":"es"},{"@type":"Organization","@id":"https:\/\/cvinoticias.com\/v3\/#organization","name":"CVI NOTICIAS","url":"https:\/\/cvinoticias.com\/v3\/","logo":{"@type":"ImageObject","inLanguage":"es","@id":"https:\/\/cvinoticias.com\/v3\/#\/schema\/logo\/image\/","url":"https:\/\/cvinoticias.com\/wp-content\/uploads\/2023\/04\/cropped-cropped-cropped-cropped-cropped-3-1.png","contentUrl":"https:\/\/cvinoticias.com\/wp-content\/uploads\/2023\/04\/cropped-cropped-cropped-cropped-cropped-3-1.png","width":95,"height":122,"caption":"CVI NOTICIAS"},"image":{"@id":"https:\/\/cvinoticias.com\/v3\/#\/schema\/logo\/image\/"},"sameAs":["https:\/\/www.facebook.com\/cvinoticias","https:\/\/www.instagram.com\/cvinoticias\/","https:\/\/www.youtube.com\/@CVINOTICIAS"]},{"@type":"Person","@id":"https:\/\/cvinoticias.com\/v3\/#\/schema\/person\/2db77e3c6bc03c538495d7b2b8be9b66","name":"f1000024","image":{"@type":"ImageObject","inLanguage":"es","@id":"https:\/\/secure.gravatar.com\/avatar\/d4fe7459cfc51ff5129ce1a732bbef5928568b8092d412ef95611616376bbeed?s=96&d=mm&r=g","url":"https:\/\/secure.gravatar.com\/avatar\/d4fe7459cfc51ff5129ce1a732bbef5928568b8092d412ef95611616376bbeed?s=96&d=mm&r=g","contentUrl":"https:\/\/secure.gravatar.com\/avatar\/d4fe7459cfc51ff5129ce1a732bbef5928568b8092d412ef95611616376bbeed?s=96&d=mm&r=g","caption":"f1000024"},"url":"https:\/\/cvinoticias.com\/v3\/author\/f1000024\/"}]}},"_links":{"self":[{"href":"https:\/\/cvinoticias.com\/v3\/wp-json\/wp\/v2\/posts\/48046","targetHints":{"allow":["GET"]}}],"collection":[{"href":"https:\/\/cvinoticias.com\/v3\/wp-json\/wp\/v2\/posts"}],"about":[{"href":"https:\/\/cvinoticias.com\/v3\/wp-json\/wp\/v2\/types\/post"}],"author":[{"embeddable":true,"href":"https:\/\/cvinoticias.com\/v3\/wp-json\/wp\/v2\/users\/2"}],"replies":[{"embeddable":true,"href":"https:\/\/cvinoticias.com\/v3\/wp-json\/wp\/v2\/comments?post=48046"}],"version-history":[{"count":1,"href":"https:\/\/cvinoticias.com\/v3\/wp-json\/wp\/v2\/posts\/48046\/revisions"}],"predecessor-version":[{"id":48048,"href":"https:\/\/cvinoticias.com\/v3\/wp-json\/wp\/v2\/posts\/48046\/revisions\/48048"}],"wp:featuredmedia":[{"embeddable":true,"href":"https:\/\/cvinoticias.com\/v3\/wp-json\/wp\/v2\/media\/48047"}],"wp:attachment":[{"href":"https:\/\/cvinoticias.com\/v3\/wp-json\/wp\/v2\/media?parent=48046"}],"wp:term":[{"taxonomy":"category","embeddable":true,"href":"https:\/\/cvinoticias.com\/v3\/wp-json\/wp\/v2\/categories?post=48046"},{"taxonomy":"post_tag","embeddable":true,"href":"https:\/\/cvinoticias.com\/v3\/wp-json\/wp\/v2\/tags?post=48046"}],"curies":[{"name":"wp","href":"https:\/\/api.w.org\/{rel}","templated":true}]}}