{"id":4798,"date":"2021-05-03T11:55:34","date_gmt":"2021-05-03T11:55:34","guid":{"rendered":"https:\/\/cvinoticias.com\/v3\/?p=4798"},"modified":"2021-05-03T11:55:34","modified_gmt":"2021-05-03T11:55:34","slug":"como-debe-ser-el-orden-de-vacunacion-contra-enfermedades-respiratorias-primero-gripe-o-coronavirus","status":"publish","type":"post","link":"https:\/\/cvinoticias.com\/v3\/como-debe-ser-el-orden-de-vacunacion-contra-enfermedades-respiratorias-primero-gripe-o-coronavirus\/","title":{"rendered":"C\u00f3mo debe ser el orden de vacunaci\u00f3n contra enfermedades respiratorias: \u00bfPrimero gripe o coronavirus?"},"content":{"rendered":"\n<p><strong><em>La vacunaci\u00f3n antigripal de este a\u00f1o se est\u00e1 llevando a cabo al mismo tiempo que la campa\u00f1a de inoculaci\u00f3n contra el coronavirus pero \u00aben todos los casos, sugerimos a los pacientes que es prioritario vacunarse contra Covid-19\u00bb, afirm\u00f3 Alejandro Chirino, coordinador de la Secci\u00f3n Infecciones Pulmonares de la Asociaci\u00f3n Argentina de Medicina Respiratoria (AAMR).<\/em><\/strong><\/p>\n\n\n\n<p>Chirino sugiri\u00f3 que \u00absi reciben notificaci\u00f3n de fecha de vacunaci\u00f3n de Covid, difieran la vacunaci\u00f3n antineumoc\u00f3cica y\/o antigripal y prioricen la anti Covid-19\u00bb, insisti\u00f3.<\/p>\n\n\n\n<p>Sobre este punto insisti\u00f3 en que \u00abhay que vacunar lo m\u00e1s que se pueda, a la mayor cantidad de personas posible\u00bb.<\/p>\n\n\n\n<p>\u00abIdentificar r\u00e1pidamente los casos\u00bb, a las personas con s\u00edntomas respiratorios, aconsej\u00f3 el especialista, quien pidi\u00f3 \u00abhacer los test de PCR para confirmar el diagn\u00f3stico y de esta forma aislarse y escudar a los contactos estrechos para poder mitigar lo m\u00e1s que se pueda el impacto de esta segunda ola\u00bb.<\/p>\n\n\n\n<p>La mejor forma de protegerse contra la gripe es vacunarse todos los a\u00f1os<\/p>\n\n\n\n<p>Es evidente que durante el invierno ocurre un incremento significativo de las infecciones del tracto respiratorio. El motivo es el aumento de la circulaci\u00f3n viral, donde diminutos microorganismos encuentran en esta \u00e9poca del a\u00f1o condiciones excepcionales para su persistencia en suspensi\u00f3n en el aire y la transmisi\u00f3n por esa v\u00eda o por contacto a la v\u00eda respiratoria de otras personas.<\/p>\n\n\n\n<p>Por este motivo, es importante vacunarse contra la gripe o contra el neumococo, que, si bien es una bacteria, tambi\u00e9n se vuelve m\u00e1s frecuente en el invierno y causa neumon\u00eda.<\/p>\n\n\n\n<p>Las vacunas contra la gripe generan la formaci\u00f3n de anticuerpos en el organismo alrededor de dos semanas despu\u00e9s de su aplicaci\u00f3n. Estos anticuerpos brindan protecci\u00f3n contra las infecciones causadas por los virus contenidos en la vacuna.<\/p>\n\n\n\n<p>Hay dos tipos de vacunas antigripales disponibles, las trivalentes, contra dos cepas de los virus de gripe A y un linaje de Influenza B, y las vacunas tetravalentes o que cubren contra dos subtipos de los virus de gripe A y dos virus B, por lo que brindan una protecci\u00f3n m\u00e1s amplia seg\u00fan la cepa circulante.<\/p>\n\n\n\n<p>La mejor forma de protegerse contra la gripe es vacunarse todos los a\u00f1os, y ello se debe por dos motivos.<\/p>\n\n\n\n<p>En primer lugar, porque la protecci\u00f3n inmunitaria que genera la vacuna disminuye con el tiempo.<\/p>\n\n\n\n<p>En segundo lugar, debido a que los virus de la influenza cambian constantemente y las vacunas se actualizan cada temporada para brindar protecci\u00f3n contra los virus que, seg\u00fan las investigaciones y an\u00e1lisis de las muestras, podr\u00edan ser los m\u00e1s comunes.<\/p>\n\n\n\n<p>En este a\u00f1o tan particular, en momentos en que la segunda ola de la pandemia \u00abest\u00e1 pegando fuerte\u00bb, y \u00abla pandemia est\u00e1 lejos de retroceder\u00bb, seg\u00fan consider\u00f3 Chirino, es prioritario que las personas con enfermedades respiratorias reciban la vacunaci\u00f3n contra Covid-19 sin descuidar las vacunaciones tradicionales de invierno.<\/p>\n\n\n\n<p>Desde la Asociaci\u00f3n Argentina de Medicina Respiratoria consideran \u00fatil unificar los criterios que pueden ser divergentes e intentar acortar los tiempos entre vacunaciones<\/p>\n\n\n\n<p>En todos los casos sugirieron transmitir a los pacientes que es prioritario vacunarse contra el Covid.<\/p>\n\n\n\n<p>En el caso de haber recibido esquema completo para Covid esperar 14 d\u00edas para vacunaci\u00f3n antigripal y\/o antineumoc\u00f3cica (que pueden darse juntas).<\/p>\n\n\n\n<p>Adem\u00e1s, sugiere la AAMR que los pacientes que est\u00e1n en lista de espera sin fecha definida para vacuna contra Covid reciban la vacunaci\u00f3n antineumoc\u00f3cica y\/o antigripal mientras esperan.<\/p>\n\n\n\n<p>Si recibieron la vacuna antigripal y reciben la notificaci\u00f3n para vacunarse para Covid-19 diferir esta vacunaci\u00f3n para dejar un espacio de 14 d\u00edas entre vacunaciones siempre que sea posible. En caso contrario, proceder con ambas vacunaciones.<\/p>\n","protected":false},"excerpt":{"rendered":"<p>La vacunaci\u00f3n antigripal de este a\u00f1o se est\u00e1 llevando a cabo al mismo tiempo que la campa\u00f1a de inoculaci\u00f3n contra el coronavirus pero \u00aben todos los casos, sugerimos a los pacientes que es prioritario vacunarse contra Covid-19\u00bb, afirm\u00f3 Alejandro Chirino, coordinador de la Secci\u00f3n Infecciones Pulmonares de la Asociaci\u00f3n Argentina de Medicina Respiratoria (AAMR). Chirino [&hellip;]<\/p>\n","protected":false},"author":2,"featured_media":4101,"comment_status":"open","ping_status":"open","sticky":false,"template":"","format":"standard","meta":{"footnotes":""},"categories":[22],"tags":[],"class_list":["post-4798","post","type-post","status-publish","format-standard","has-post-thumbnail","hentry","category-salud"],"yoast_head":"<!-- This site is optimized with the Yoast SEO plugin v27.5 - https:\/\/yoast.com\/product\/yoast-seo-wordpress\/ -->\n<title>C\u00f3mo debe ser el orden de vacunaci\u00f3n contra enfermedades respiratorias: \u00bfPrimero gripe o coronavirus? | CVI NOTICIAS<\/title>\n<meta name=\"robots\" content=\"index, follow, max-snippet:-1, max-image-preview:large, max-video-preview:-1\" \/>\n<link rel=\"canonical\" href=\"https:\/\/cvinoticias.com\/v3\/como-debe-ser-el-orden-de-vacunacion-contra-enfermedades-respiratorias-primero-gripe-o-coronavirus\/\" \/>\n<meta property=\"og:locale\" content=\"es_ES\" \/>\n<meta property=\"og:type\" content=\"article\" \/>\n<meta property=\"og:title\" content=\"C\u00f3mo debe ser el orden de vacunaci\u00f3n contra enfermedades respiratorias: \u00bfPrimero gripe o coronavirus? | CVI NOTICIAS\" \/>\n<meta property=\"og:description\" content=\"La vacunaci\u00f3n antigripal de este a\u00f1o se est\u00e1 llevando a cabo al mismo tiempo que la campa\u00f1a de inoculaci\u00f3n contra el coronavirus pero \u00aben todos los casos, sugerimos a los pacientes que es prioritario vacunarse contra Covid-19\u00bb, afirm\u00f3 Alejandro Chirino, coordinador de la Secci\u00f3n Infecciones Pulmonares de la Asociaci\u00f3n Argentina de Medicina Respiratoria (AAMR). Chirino [&hellip;]\" \/>\n<meta property=\"og:url\" content=\"https:\/\/cvinoticias.com\/v3\/como-debe-ser-el-orden-de-vacunacion-contra-enfermedades-respiratorias-primero-gripe-o-coronavirus\/\" \/>\n<meta property=\"og:site_name\" content=\"CVI NOTICIAS\" \/>\n<meta property=\"article:publisher\" content=\"https:\/\/www.facebook.com\/cvinoticias\" \/>\n<meta property=\"article:published_time\" content=\"2021-05-03T11:55:34+00:00\" \/>\n<meta property=\"og:image\" content=\"https:\/\/cvinoticias.com\/wp-content\/uploads\/2021\/04\/IMG-20210412-WA0025.jpg\" \/>\n\t<meta property=\"og:image:width\" content=\"774\" \/>\n\t<meta property=\"og:image:height\" content=\"1032\" \/>\n\t<meta property=\"og:image:type\" content=\"image\/jpeg\" \/>\n<meta name=\"author\" content=\"f1000024\" \/>\n<meta name=\"twitter:card\" content=\"summary_large_image\" \/>\n<meta name=\"twitter:label1\" content=\"Escrito por\" \/>\n\t<meta name=\"twitter:data1\" content=\"f1000024\" \/>\n\t<meta name=\"twitter:label2\" content=\"Tiempo de lectura\" \/>\n\t<meta name=\"twitter:data2\" content=\"3 minutos\" \/>\n<script type=\"application\/ld+json\" class=\"yoast-schema-graph\">{\"@context\":\"https:\\\/\\\/schema.org\",\"@graph\":[{\"@type\":\"Article\",\"@id\":\"https:\\\/\\\/cvinoticias.com\\\/v3\\\/como-debe-ser-el-orden-de-vacunacion-contra-enfermedades-respiratorias-primero-gripe-o-coronavirus\\\/#article\",\"isPartOf\":{\"@id\":\"https:\\\/\\\/cvinoticias.com\\\/v3\\\/como-debe-ser-el-orden-de-vacunacion-contra-enfermedades-respiratorias-primero-gripe-o-coronavirus\\\/\"},\"author\":{\"name\":\"f1000024\",\"@id\":\"https:\\\/\\\/cvinoticias.com\\\/v3\\\/#\\\/schema\\\/person\\\/2db77e3c6bc03c538495d7b2b8be9b66\"},\"headline\":\"C\u00f3mo debe ser el orden de vacunaci\u00f3n contra enfermedades respiratorias: \u00bfPrimero gripe o coronavirus?\",\"datePublished\":\"2021-05-03T11:55:34+00:00\",\"mainEntityOfPage\":{\"@id\":\"https:\\\/\\\/cvinoticias.com\\\/v3\\\/como-debe-ser-el-orden-de-vacunacion-contra-enfermedades-respiratorias-primero-gripe-o-coronavirus\\\/\"},\"wordCount\":661,\"commentCount\":0,\"publisher\":{\"@id\":\"https:\\\/\\\/cvinoticias.com\\\/v3\\\/#organization\"},\"image\":{\"@id\":\"https:\\\/\\\/cvinoticias.com\\\/v3\\\/como-debe-ser-el-orden-de-vacunacion-contra-enfermedades-respiratorias-primero-gripe-o-coronavirus\\\/#primaryimage\"},\"thumbnailUrl\":\"https:\\\/\\\/cvinoticias.com\\\/wp-content\\\/uploads\\\/2021\\\/04\\\/IMG-20210412-WA0025.jpg\",\"articleSection\":[\"Salud\"],\"inLanguage\":\"es\",\"potentialAction\":[{\"@type\":\"CommentAction\",\"name\":\"Comment\",\"target\":[\"https:\\\/\\\/cvinoticias.com\\\/v3\\\/como-debe-ser-el-orden-de-vacunacion-contra-enfermedades-respiratorias-primero-gripe-o-coronavirus\\\/#respond\"]}]},{\"@type\":\"WebPage\",\"@id\":\"https:\\\/\\\/cvinoticias.com\\\/v3\\\/como-debe-ser-el-orden-de-vacunacion-contra-enfermedades-respiratorias-primero-gripe-o-coronavirus\\\/\",\"url\":\"https:\\\/\\\/cvinoticias.com\\\/v3\\\/como-debe-ser-el-orden-de-vacunacion-contra-enfermedades-respiratorias-primero-gripe-o-coronavirus\\\/\",\"name\":\"C\u00f3mo debe ser el orden de vacunaci\u00f3n contra enfermedades respiratorias: \u00bfPrimero gripe o coronavirus? | CVI NOTICIAS\",\"isPartOf\":{\"@id\":\"https:\\\/\\\/cvinoticias.com\\\/v3\\\/#website\"},\"primaryImageOfPage\":{\"@id\":\"https:\\\/\\\/cvinoticias.com\\\/v3\\\/como-debe-ser-el-orden-de-vacunacion-contra-enfermedades-respiratorias-primero-gripe-o-coronavirus\\\/#primaryimage\"},\"image\":{\"@id\":\"https:\\\/\\\/cvinoticias.com\\\/v3\\\/como-debe-ser-el-orden-de-vacunacion-contra-enfermedades-respiratorias-primero-gripe-o-coronavirus\\\/#primaryimage\"},\"thumbnailUrl\":\"https:\\\/\\\/cvinoticias.com\\\/wp-content\\\/uploads\\\/2021\\\/04\\\/IMG-20210412-WA0025.jpg\",\"datePublished\":\"2021-05-03T11:55:34+00:00\",\"breadcrumb\":{\"@id\":\"https:\\\/\\\/cvinoticias.com\\\/v3\\\/como-debe-ser-el-orden-de-vacunacion-contra-enfermedades-respiratorias-primero-gripe-o-coronavirus\\\/#breadcrumb\"},\"inLanguage\":\"es\",\"potentialAction\":[{\"@type\":\"ReadAction\",\"target\":[\"https:\\\/\\\/cvinoticias.com\\\/v3\\\/como-debe-ser-el-orden-de-vacunacion-contra-enfermedades-respiratorias-primero-gripe-o-coronavirus\\\/\"]}]},{\"@type\":\"ImageObject\",\"inLanguage\":\"es\",\"@id\":\"https:\\\/\\\/cvinoticias.com\\\/v3\\\/como-debe-ser-el-orden-de-vacunacion-contra-enfermedades-respiratorias-primero-gripe-o-coronavirus\\\/#primaryimage\",\"url\":\"https:\\\/\\\/cvinoticias.com\\\/wp-content\\\/uploads\\\/2021\\\/04\\\/IMG-20210412-WA0025.jpg\",\"contentUrl\":\"https:\\\/\\\/cvinoticias.com\\\/wp-content\\\/uploads\\\/2021\\\/04\\\/IMG-20210412-WA0025.jpg\",\"width\":774,\"height\":1032},{\"@type\":\"BreadcrumbList\",\"@id\":\"https:\\\/\\\/cvinoticias.com\\\/v3\\\/como-debe-ser-el-orden-de-vacunacion-contra-enfermedades-respiratorias-primero-gripe-o-coronavirus\\\/#breadcrumb\",\"itemListElement\":[{\"@type\":\"ListItem\",\"position\":1,\"name\":\"Portada\",\"item\":\"https:\\\/\\\/cvinoticias.com\\\/v3\\\/\"},{\"@type\":\"ListItem\",\"position\":2,\"name\":\"C\u00f3mo debe ser el orden de vacunaci\u00f3n contra enfermedades respiratorias: \u00bfPrimero gripe o coronavirus?\"}]},{\"@type\":\"WebSite\",\"@id\":\"https:\\\/\\\/cvinoticias.com\\\/v3\\\/#website\",\"url\":\"https:\\\/\\\/cvinoticias.com\\\/v3\\\/\",\"name\":\"CVI NOTICIAS\",\"description\":\"\",\"publisher\":{\"@id\":\"https:\\\/\\\/cvinoticias.com\\\/v3\\\/#organization\"},\"alternateName\":\"CVI\",\"potentialAction\":[{\"@type\":\"SearchAction\",\"target\":{\"@type\":\"EntryPoint\",\"urlTemplate\":\"https:\\\/\\\/cvinoticias.com\\\/v3\\\/?s={search_term_string}\"},\"query-input\":{\"@type\":\"PropertyValueSpecification\",\"valueRequired\":true,\"valueName\":\"search_term_string\"}}],\"inLanguage\":\"es\"},{\"@type\":\"Organization\",\"@id\":\"https:\\\/\\\/cvinoticias.com\\\/v3\\\/#organization\",\"name\":\"CVI NOTICIAS\",\"url\":\"https:\\\/\\\/cvinoticias.com\\\/v3\\\/\",\"logo\":{\"@type\":\"ImageObject\",\"inLanguage\":\"es\",\"@id\":\"https:\\\/\\\/cvinoticias.com\\\/v3\\\/#\\\/schema\\\/logo\\\/image\\\/\",\"url\":\"https:\\\/\\\/cvinoticias.com\\\/wp-content\\\/uploads\\\/2023\\\/04\\\/cropped-cropped-cropped-cropped-cropped-3-1.png\",\"contentUrl\":\"https:\\\/\\\/cvinoticias.com\\\/wp-content\\\/uploads\\\/2023\\\/04\\\/cropped-cropped-cropped-cropped-cropped-3-1.png\",\"width\":95,\"height\":122,\"caption\":\"CVI NOTICIAS\"},\"image\":{\"@id\":\"https:\\\/\\\/cvinoticias.com\\\/v3\\\/#\\\/schema\\\/logo\\\/image\\\/\"},\"sameAs\":[\"https:\\\/\\\/www.facebook.com\\\/cvinoticias\",\"https:\\\/\\\/www.instagram.com\\\/cvinoticias\\\/\",\"https:\\\/\\\/www.youtube.com\\\/@CVINOTICIAS\"]},{\"@type\":\"Person\",\"@id\":\"https:\\\/\\\/cvinoticias.com\\\/v3\\\/#\\\/schema\\\/person\\\/2db77e3c6bc03c538495d7b2b8be9b66\",\"name\":\"f1000024\",\"image\":{\"@type\":\"ImageObject\",\"inLanguage\":\"es\",\"@id\":\"https:\\\/\\\/secure.gravatar.com\\\/avatar\\\/d4fe7459cfc51ff5129ce1a732bbef5928568b8092d412ef95611616376bbeed?s=96&d=mm&r=g\",\"url\":\"https:\\\/\\\/secure.gravatar.com\\\/avatar\\\/d4fe7459cfc51ff5129ce1a732bbef5928568b8092d412ef95611616376bbeed?s=96&d=mm&r=g\",\"contentUrl\":\"https:\\\/\\\/secure.gravatar.com\\\/avatar\\\/d4fe7459cfc51ff5129ce1a732bbef5928568b8092d412ef95611616376bbeed?s=96&d=mm&r=g\",\"caption\":\"f1000024\"},\"url\":\"https:\\\/\\\/cvinoticias.com\\\/v3\\\/author\\\/f1000024\\\/\"}]}<\/script>\n<!-- \/ Yoast SEO plugin. -->","yoast_head_json":{"title":"C\u00f3mo debe ser el orden de vacunaci\u00f3n contra enfermedades respiratorias: \u00bfPrimero gripe o coronavirus? | CVI NOTICIAS","robots":{"index":"index","follow":"follow","max-snippet":"max-snippet:-1","max-image-preview":"max-image-preview:large","max-video-preview":"max-video-preview:-1"},"canonical":"https:\/\/cvinoticias.com\/v3\/como-debe-ser-el-orden-de-vacunacion-contra-enfermedades-respiratorias-primero-gripe-o-coronavirus\/","og_locale":"es_ES","og_type":"article","og_title":"C\u00f3mo debe ser el orden de vacunaci\u00f3n contra enfermedades respiratorias: \u00bfPrimero gripe o coronavirus? | CVI NOTICIAS","og_description":"La vacunaci\u00f3n antigripal de este a\u00f1o se est\u00e1 llevando a cabo al mismo tiempo que la campa\u00f1a de inoculaci\u00f3n contra el coronavirus pero \u00aben todos los casos, sugerimos a los pacientes que es prioritario vacunarse contra Covid-19\u00bb, afirm\u00f3 Alejandro Chirino, coordinador de la Secci\u00f3n Infecciones Pulmonares de la Asociaci\u00f3n Argentina de Medicina Respiratoria (AAMR). Chirino [&hellip;]","og_url":"https:\/\/cvinoticias.com\/v3\/como-debe-ser-el-orden-de-vacunacion-contra-enfermedades-respiratorias-primero-gripe-o-coronavirus\/","og_site_name":"CVI NOTICIAS","article_publisher":"https:\/\/www.facebook.com\/cvinoticias","article_published_time":"2021-05-03T11:55:34+00:00","og_image":[{"width":774,"height":1032,"url":"https:\/\/cvinoticias.com\/wp-content\/uploads\/2021\/04\/IMG-20210412-WA0025.jpg","type":"image\/jpeg"}],"author":"f1000024","twitter_card":"summary_large_image","twitter_misc":{"Escrito por":"f1000024","Tiempo de lectura":"3 minutos"},"schema":{"@context":"https:\/\/schema.org","@graph":[{"@type":"Article","@id":"https:\/\/cvinoticias.com\/v3\/como-debe-ser-el-orden-de-vacunacion-contra-enfermedades-respiratorias-primero-gripe-o-coronavirus\/#article","isPartOf":{"@id":"https:\/\/cvinoticias.com\/v3\/como-debe-ser-el-orden-de-vacunacion-contra-enfermedades-respiratorias-primero-gripe-o-coronavirus\/"},"author":{"name":"f1000024","@id":"https:\/\/cvinoticias.com\/v3\/#\/schema\/person\/2db77e3c6bc03c538495d7b2b8be9b66"},"headline":"C\u00f3mo debe ser el orden de vacunaci\u00f3n contra enfermedades respiratorias: \u00bfPrimero gripe o coronavirus?","datePublished":"2021-05-03T11:55:34+00:00","mainEntityOfPage":{"@id":"https:\/\/cvinoticias.com\/v3\/como-debe-ser-el-orden-de-vacunacion-contra-enfermedades-respiratorias-primero-gripe-o-coronavirus\/"},"wordCount":661,"commentCount":0,"publisher":{"@id":"https:\/\/cvinoticias.com\/v3\/#organization"},"image":{"@id":"https:\/\/cvinoticias.com\/v3\/como-debe-ser-el-orden-de-vacunacion-contra-enfermedades-respiratorias-primero-gripe-o-coronavirus\/#primaryimage"},"thumbnailUrl":"https:\/\/cvinoticias.com\/wp-content\/uploads\/2021\/04\/IMG-20210412-WA0025.jpg","articleSection":["Salud"],"inLanguage":"es","potentialAction":[{"@type":"CommentAction","name":"Comment","target":["https:\/\/cvinoticias.com\/v3\/como-debe-ser-el-orden-de-vacunacion-contra-enfermedades-respiratorias-primero-gripe-o-coronavirus\/#respond"]}]},{"@type":"WebPage","@id":"https:\/\/cvinoticias.com\/v3\/como-debe-ser-el-orden-de-vacunacion-contra-enfermedades-respiratorias-primero-gripe-o-coronavirus\/","url":"https:\/\/cvinoticias.com\/v3\/como-debe-ser-el-orden-de-vacunacion-contra-enfermedades-respiratorias-primero-gripe-o-coronavirus\/","name":"C\u00f3mo debe ser el orden de vacunaci\u00f3n contra enfermedades respiratorias: \u00bfPrimero gripe o coronavirus? | CVI NOTICIAS","isPartOf":{"@id":"https:\/\/cvinoticias.com\/v3\/#website"},"primaryImageOfPage":{"@id":"https:\/\/cvinoticias.com\/v3\/como-debe-ser-el-orden-de-vacunacion-contra-enfermedades-respiratorias-primero-gripe-o-coronavirus\/#primaryimage"},"image":{"@id":"https:\/\/cvinoticias.com\/v3\/como-debe-ser-el-orden-de-vacunacion-contra-enfermedades-respiratorias-primero-gripe-o-coronavirus\/#primaryimage"},"thumbnailUrl":"https:\/\/cvinoticias.com\/wp-content\/uploads\/2021\/04\/IMG-20210412-WA0025.jpg","datePublished":"2021-05-03T11:55:34+00:00","breadcrumb":{"@id":"https:\/\/cvinoticias.com\/v3\/como-debe-ser-el-orden-de-vacunacion-contra-enfermedades-respiratorias-primero-gripe-o-coronavirus\/#breadcrumb"},"inLanguage":"es","potentialAction":[{"@type":"ReadAction","target":["https:\/\/cvinoticias.com\/v3\/como-debe-ser-el-orden-de-vacunacion-contra-enfermedades-respiratorias-primero-gripe-o-coronavirus\/"]}]},{"@type":"ImageObject","inLanguage":"es","@id":"https:\/\/cvinoticias.com\/v3\/como-debe-ser-el-orden-de-vacunacion-contra-enfermedades-respiratorias-primero-gripe-o-coronavirus\/#primaryimage","url":"https:\/\/cvinoticias.com\/wp-content\/uploads\/2021\/04\/IMG-20210412-WA0025.jpg","contentUrl":"https:\/\/cvinoticias.com\/wp-content\/uploads\/2021\/04\/IMG-20210412-WA0025.jpg","width":774,"height":1032},{"@type":"BreadcrumbList","@id":"https:\/\/cvinoticias.com\/v3\/como-debe-ser-el-orden-de-vacunacion-contra-enfermedades-respiratorias-primero-gripe-o-coronavirus\/#breadcrumb","itemListElement":[{"@type":"ListItem","position":1,"name":"Portada","item":"https:\/\/cvinoticias.com\/v3\/"},{"@type":"ListItem","position":2,"name":"C\u00f3mo debe ser el orden de vacunaci\u00f3n contra enfermedades respiratorias: \u00bfPrimero gripe o coronavirus?"}]},{"@type":"WebSite","@id":"https:\/\/cvinoticias.com\/v3\/#website","url":"https:\/\/cvinoticias.com\/v3\/","name":"CVI NOTICIAS","description":"","publisher":{"@id":"https:\/\/cvinoticias.com\/v3\/#organization"},"alternateName":"CVI","potentialAction":[{"@type":"SearchAction","target":{"@type":"EntryPoint","urlTemplate":"https:\/\/cvinoticias.com\/v3\/?s={search_term_string}"},"query-input":{"@type":"PropertyValueSpecification","valueRequired":true,"valueName":"search_term_string"}}],"inLanguage":"es"},{"@type":"Organization","@id":"https:\/\/cvinoticias.com\/v3\/#organization","name":"CVI NOTICIAS","url":"https:\/\/cvinoticias.com\/v3\/","logo":{"@type":"ImageObject","inLanguage":"es","@id":"https:\/\/cvinoticias.com\/v3\/#\/schema\/logo\/image\/","url":"https:\/\/cvinoticias.com\/wp-content\/uploads\/2023\/04\/cropped-cropped-cropped-cropped-cropped-3-1.png","contentUrl":"https:\/\/cvinoticias.com\/wp-content\/uploads\/2023\/04\/cropped-cropped-cropped-cropped-cropped-3-1.png","width":95,"height":122,"caption":"CVI NOTICIAS"},"image":{"@id":"https:\/\/cvinoticias.com\/v3\/#\/schema\/logo\/image\/"},"sameAs":["https:\/\/www.facebook.com\/cvinoticias","https:\/\/www.instagram.com\/cvinoticias\/","https:\/\/www.youtube.com\/@CVINOTICIAS"]},{"@type":"Person","@id":"https:\/\/cvinoticias.com\/v3\/#\/schema\/person\/2db77e3c6bc03c538495d7b2b8be9b66","name":"f1000024","image":{"@type":"ImageObject","inLanguage":"es","@id":"https:\/\/secure.gravatar.com\/avatar\/d4fe7459cfc51ff5129ce1a732bbef5928568b8092d412ef95611616376bbeed?s=96&d=mm&r=g","url":"https:\/\/secure.gravatar.com\/avatar\/d4fe7459cfc51ff5129ce1a732bbef5928568b8092d412ef95611616376bbeed?s=96&d=mm&r=g","contentUrl":"https:\/\/secure.gravatar.com\/avatar\/d4fe7459cfc51ff5129ce1a732bbef5928568b8092d412ef95611616376bbeed?s=96&d=mm&r=g","caption":"f1000024"},"url":"https:\/\/cvinoticias.com\/v3\/author\/f1000024\/"}]}},"_links":{"self":[{"href":"https:\/\/cvinoticias.com\/v3\/wp-json\/wp\/v2\/posts\/4798","targetHints":{"allow":["GET"]}}],"collection":[{"href":"https:\/\/cvinoticias.com\/v3\/wp-json\/wp\/v2\/posts"}],"about":[{"href":"https:\/\/cvinoticias.com\/v3\/wp-json\/wp\/v2\/types\/post"}],"author":[{"embeddable":true,"href":"https:\/\/cvinoticias.com\/v3\/wp-json\/wp\/v2\/users\/2"}],"replies":[{"embeddable":true,"href":"https:\/\/cvinoticias.com\/v3\/wp-json\/wp\/v2\/comments?post=4798"}],"version-history":[{"count":1,"href":"https:\/\/cvinoticias.com\/v3\/wp-json\/wp\/v2\/posts\/4798\/revisions"}],"predecessor-version":[{"id":4799,"href":"https:\/\/cvinoticias.com\/v3\/wp-json\/wp\/v2\/posts\/4798\/revisions\/4799"}],"wp:featuredmedia":[{"embeddable":true,"href":"https:\/\/cvinoticias.com\/v3\/wp-json\/wp\/v2\/media\/4101"}],"wp:attachment":[{"href":"https:\/\/cvinoticias.com\/v3\/wp-json\/wp\/v2\/media?parent=4798"}],"wp:term":[{"taxonomy":"category","embeddable":true,"href":"https:\/\/cvinoticias.com\/v3\/wp-json\/wp\/v2\/categories?post=4798"},{"taxonomy":"post_tag","embeddable":true,"href":"https:\/\/cvinoticias.com\/v3\/wp-json\/wp\/v2\/tags?post=4798"}],"curies":[{"name":"wp","href":"https:\/\/api.w.org\/{rel}","templated":true}]}}