{"id":47933,"date":"2025-08-25T08:59:19","date_gmt":"2025-08-25T11:59:19","guid":{"rendered":"https:\/\/cvinoticias.com\/v3\/?p=47933"},"modified":"2025-08-25T08:59:20","modified_gmt":"2025-08-25T11:59:20","slug":"la-policia-logro-la-mayor-incautacion-de-cocaina-en-misiones-dos-detenidos-y-casi-11-kilos-secuestrados-en-un-vehiculo","status":"publish","type":"post","link":"https:\/\/cvinoticias.com\/v3\/la-policia-logro-la-mayor-incautacion-de-cocaina-en-misiones-dos-detenidos-y-casi-11-kilos-secuestrados-en-un-vehiculo\/","title":{"rendered":"La Polic\u00eda logr\u00f3 la mayor incautaci\u00f3n de coca\u00edna en Misiones: dos detenidos y casi 11 kilos secuestrados en un veh\u00edculo"},"content":{"rendered":"\n<p>En un procedimiento sin precedentes en la provincia, la Polic\u00eda de Misiones logr\u00f3 la incautaci\u00f3n de casi once kilos de coca\u00edna y la detenci\u00f3n de dos personas. El operativo, que tuvo lugar en la Ruta 12 a la altura de Montecarlo, representa un contundente golpe al narcotr\u00e1fico en la provincia. La investigaci\u00f3n y el posterior secuestro se realiz\u00f3 este s\u00e1bado por la noche.<\/p>\n\n\n\n<p>Los hechos se desencadenaron pasadas las 23:00, cuando investigadores encubiertos de la Polic\u00eda de Misiones detectaron la salida de un autom\u00f3vil desde la localidad de Eldorado. Para evitar una posible fuga del veh\u00edculo, se mont\u00f3 un dispositivo de bloqueo a la altura del kil\u00f3metro 1520 de la Ruta 12, en Montecarlo.<\/p>\n\n\n\n<h3 class=\"wp-block-heading\"><strong>Operativo con tecnolog\u00eda y canes entrenados<\/strong><\/h3>\n\n\n\n<p>Al interceptar el veh\u00edculo Volkswagen Vento familiar, los efectivos de la Direcci\u00f3n de Seguridad Vial y Turismo notaron anomal\u00edas en su estructura. Esta observaci\u00f3n motiv\u00f3 una requisa minuciosa del rodado. Con la ayuda del Grupo de Operaciones Especiales del NEA (GOCNEA) y de un can adiestrado en la detecci\u00f3n de narc\u00f3ticos, los agentes confirmaron sus sospechas.<\/p>\n\n\n\n<p>La revisi\u00f3n minuciosa revel\u00f3 un compartimento oculto en el guardabarros del lado del acompa\u00f1ante. En su interior, estaban acondicionados diez paquetes de coca\u00edna. El Juzgado y la Fiscal\u00eda Federal de Eldorado dispusieron la incautaci\u00f3n inmediata de la sustancia.<\/p>\n\n\n\n<h3 class=\"wp-block-heading\"><strong>Impacto econ\u00f3mico y estrat\u00e9gico<\/strong><\/h3>\n\n\n\n<p>De acuerdo con estimaciones oficiales, el cargamento tiene un valor de mercado cercano a los $201.750.000, considerando el precio de la sustancia una vez que es fraccionada para su venta ilegal. La cantidad de droga secuestrada ser\u00eda suficiente para elaborar aproximadamente 11 mil dosis para narcomenudeo.<\/p>\n\n\n\n<p>Los dos ocupantes del autom\u00f3vil quedaron detenidos y a disposici\u00f3n del Juzgado Federal. Adem\u00e1s de la droga, se secuestraron el veh\u00edculo y tres tel\u00e9fonos celulares. Estos elementos ser\u00e1n cruciales para profundizar la investigaci\u00f3n, establecer la red de vinculaci\u00f3n detr\u00e1s del il\u00edcito, y determinar el origen y destino final del estupefaciente<\/p>\n\n\n\n<p>La Polic\u00eda de Misiones subray\u00f3 que este operativo se suma a incautaciones recientes y constituye un fuerte golpe al crimen organizado. En lo que va de 2025, la fuerza ya ha incautado cerca de 20 kilos de coca\u00edna y desbaratado m\u00e1s de un centenar de \u201cnarcokioscos\u201d, reflejando una pol\u00edtica de seguridad firme y continua.<\/p>\n\n\n\n<p>Fuente: Canal 12 Misiones <\/p>\n","protected":false},"excerpt":{"rendered":"<p>En un procedimiento sin precedentes en la provincia, la Polic\u00eda de Misiones logr\u00f3 la incautaci\u00f3n de casi once kilos de coca\u00edna y la detenci\u00f3n de dos personas. El operativo, que tuvo lugar en la Ruta 12 a la altura de Montecarlo, representa un contundente golpe al narcotr\u00e1fico en la provincia. La investigaci\u00f3n y el posterior [&hellip;]<\/p>\n","protected":false},"author":2,"featured_media":47935,"comment_status":"open","ping_status":"open","sticky":false,"template":"","format":"standard","meta":{"footnotes":""},"categories":[41],"tags":[3664,504,2195],"class_list":["post-47933","post","type-post","status-publish","format-standard","has-post-thumbnail","hentry","category-policiales","tag-11-kilos","tag-cocaina","tag-montecarlo"],"yoast_head":"<!-- This site is optimized with the Yoast SEO plugin v27.5 - https:\/\/yoast.com\/product\/yoast-seo-wordpress\/ -->\n<title>Hist\u00f3rica incautaci\u00f3n de coca\u00edna en Misiones: 11 kilos | CVI NOTICIAS<\/title>\n<meta name=\"description\" content=\"La Polic\u00eda secuestr\u00f3 casi 11 kilos de coca\u00edna en Montecarlo y detuvo a dos personas en un operativo sin precedentes.\" \/>\n<meta name=\"robots\" content=\"index, follow, max-snippet:-1, max-image-preview:large, max-video-preview:-1\" \/>\n<link rel=\"canonical\" href=\"https:\/\/cvinoticias.com\/v3\/la-policia-logro-la-mayor-incautacion-de-cocaina-en-misiones-dos-detenidos-y-casi-11-kilos-secuestrados-en-un-vehiculo\/\" \/>\n<meta property=\"og:locale\" content=\"es_ES\" \/>\n<meta property=\"og:type\" content=\"article\" \/>\n<meta property=\"og:title\" content=\"Hist\u00f3rica incautaci\u00f3n de coca\u00edna en Misiones: 11 kilos | CVI NOTICIAS\" \/>\n<meta property=\"og:description\" content=\"La Polic\u00eda secuestr\u00f3 casi 11 kilos de coca\u00edna en Montecarlo y detuvo a dos personas en un operativo sin precedentes.\" \/>\n<meta property=\"og:url\" content=\"https:\/\/cvinoticias.com\/v3\/la-policia-logro-la-mayor-incautacion-de-cocaina-en-misiones-dos-detenidos-y-casi-11-kilos-secuestrados-en-un-vehiculo\/\" \/>\n<meta property=\"og:site_name\" content=\"CVI NOTICIAS\" \/>\n<meta property=\"article:publisher\" content=\"https:\/\/www.facebook.com\/cvinoticias\" \/>\n<meta property=\"article:published_time\" content=\"2025-08-25T11:59:19+00:00\" \/>\n<meta property=\"article:modified_time\" content=\"2025-08-25T11:59:20+00:00\" \/>\n<meta property=\"og:image\" content=\"https:\/\/cvinoticias.com\/wp-content\/uploads\/2025\/08\/WhatsApp-Image-2025-08-24-at-11.49.31.jpeg\" \/>\n\t<meta property=\"og:image:width\" content=\"768\" \/>\n\t<meta property=\"og:image:height\" content=\"576\" \/>\n\t<meta property=\"og:image:type\" content=\"image\/jpeg\" \/>\n<meta name=\"author\" content=\"f1000024\" \/>\n<meta name=\"twitter:card\" content=\"summary_large_image\" \/>\n<meta name=\"twitter:label1\" content=\"Escrito por\" \/>\n\t<meta name=\"twitter:data1\" content=\"f1000024\" \/>\n\t<meta name=\"twitter:label2\" content=\"Tiempo de lectura\" \/>\n\t<meta name=\"twitter:data2\" content=\"2 minutos\" \/>\n<script type=\"application\/ld+json\" class=\"yoast-schema-graph\">{\"@context\":\"https:\\\/\\\/schema.org\",\"@graph\":[{\"@type\":\"Article\",\"@id\":\"https:\\\/\\\/cvinoticias.com\\\/v3\\\/la-policia-logro-la-mayor-incautacion-de-cocaina-en-misiones-dos-detenidos-y-casi-11-kilos-secuestrados-en-un-vehiculo\\\/#article\",\"isPartOf\":{\"@id\":\"https:\\\/\\\/cvinoticias.com\\\/v3\\\/la-policia-logro-la-mayor-incautacion-de-cocaina-en-misiones-dos-detenidos-y-casi-11-kilos-secuestrados-en-un-vehiculo\\\/\"},\"author\":{\"name\":\"f1000024\",\"@id\":\"https:\\\/\\\/cvinoticias.com\\\/v3\\\/#\\\/schema\\\/person\\\/2db77e3c6bc03c538495d7b2b8be9b66\"},\"headline\":\"La Polic\u00eda logr\u00f3 la mayor incautaci\u00f3n de coca\u00edna en Misiones: dos detenidos y casi 11 kilos secuestrados en un veh\u00edculo\",\"datePublished\":\"2025-08-25T11:59:19+00:00\",\"dateModified\":\"2025-08-25T11:59:20+00:00\",\"mainEntityOfPage\":{\"@id\":\"https:\\\/\\\/cvinoticias.com\\\/v3\\\/la-policia-logro-la-mayor-incautacion-de-cocaina-en-misiones-dos-detenidos-y-casi-11-kilos-secuestrados-en-un-vehiculo\\\/\"},\"wordCount\":426,\"commentCount\":0,\"publisher\":{\"@id\":\"https:\\\/\\\/cvinoticias.com\\\/v3\\\/#organization\"},\"image\":{\"@id\":\"https:\\\/\\\/cvinoticias.com\\\/v3\\\/la-policia-logro-la-mayor-incautacion-de-cocaina-en-misiones-dos-detenidos-y-casi-11-kilos-secuestrados-en-un-vehiculo\\\/#primaryimage\"},\"thumbnailUrl\":\"https:\\\/\\\/cvinoticias.com\\\/wp-content\\\/uploads\\\/2025\\\/08\\\/WhatsApp-Image-2025-08-24-at-11.49.31.jpeg\",\"keywords\":[\"11 kilos\",\"Coca\u00edna\",\"Montecarlo\"],\"articleSection\":[\"Policiales\"],\"inLanguage\":\"es\",\"potentialAction\":[{\"@type\":\"CommentAction\",\"name\":\"Comment\",\"target\":[\"https:\\\/\\\/cvinoticias.com\\\/v3\\\/la-policia-logro-la-mayor-incautacion-de-cocaina-en-misiones-dos-detenidos-y-casi-11-kilos-secuestrados-en-un-vehiculo\\\/#respond\"]}]},{\"@type\":\"WebPage\",\"@id\":\"https:\\\/\\\/cvinoticias.com\\\/v3\\\/la-policia-logro-la-mayor-incautacion-de-cocaina-en-misiones-dos-detenidos-y-casi-11-kilos-secuestrados-en-un-vehiculo\\\/\",\"url\":\"https:\\\/\\\/cvinoticias.com\\\/v3\\\/la-policia-logro-la-mayor-incautacion-de-cocaina-en-misiones-dos-detenidos-y-casi-11-kilos-secuestrados-en-un-vehiculo\\\/\",\"name\":\"Hist\u00f3rica incautaci\u00f3n de coca\u00edna en Misiones: 11 kilos | CVI NOTICIAS\",\"isPartOf\":{\"@id\":\"https:\\\/\\\/cvinoticias.com\\\/v3\\\/#website\"},\"primaryImageOfPage\":{\"@id\":\"https:\\\/\\\/cvinoticias.com\\\/v3\\\/la-policia-logro-la-mayor-incautacion-de-cocaina-en-misiones-dos-detenidos-y-casi-11-kilos-secuestrados-en-un-vehiculo\\\/#primaryimage\"},\"image\":{\"@id\":\"https:\\\/\\\/cvinoticias.com\\\/v3\\\/la-policia-logro-la-mayor-incautacion-de-cocaina-en-misiones-dos-detenidos-y-casi-11-kilos-secuestrados-en-un-vehiculo\\\/#primaryimage\"},\"thumbnailUrl\":\"https:\\\/\\\/cvinoticias.com\\\/wp-content\\\/uploads\\\/2025\\\/08\\\/WhatsApp-Image-2025-08-24-at-11.49.31.jpeg\",\"datePublished\":\"2025-08-25T11:59:19+00:00\",\"dateModified\":\"2025-08-25T11:59:20+00:00\",\"description\":\"La Polic\u00eda secuestr\u00f3 casi 11 kilos de coca\u00edna en Montecarlo y detuvo a dos personas en un operativo sin precedentes.\",\"breadcrumb\":{\"@id\":\"https:\\\/\\\/cvinoticias.com\\\/v3\\\/la-policia-logro-la-mayor-incautacion-de-cocaina-en-misiones-dos-detenidos-y-casi-11-kilos-secuestrados-en-un-vehiculo\\\/#breadcrumb\"},\"inLanguage\":\"es\",\"potentialAction\":[{\"@type\":\"ReadAction\",\"target\":[\"https:\\\/\\\/cvinoticias.com\\\/v3\\\/la-policia-logro-la-mayor-incautacion-de-cocaina-en-misiones-dos-detenidos-y-casi-11-kilos-secuestrados-en-un-vehiculo\\\/\"]}]},{\"@type\":\"ImageObject\",\"inLanguage\":\"es\",\"@id\":\"https:\\\/\\\/cvinoticias.com\\\/v3\\\/la-policia-logro-la-mayor-incautacion-de-cocaina-en-misiones-dos-detenidos-y-casi-11-kilos-secuestrados-en-un-vehiculo\\\/#primaryimage\",\"url\":\"https:\\\/\\\/cvinoticias.com\\\/wp-content\\\/uploads\\\/2025\\\/08\\\/WhatsApp-Image-2025-08-24-at-11.49.31.jpeg\",\"contentUrl\":\"https:\\\/\\\/cvinoticias.com\\\/wp-content\\\/uploads\\\/2025\\\/08\\\/WhatsApp-Image-2025-08-24-at-11.49.31.jpeg\",\"width\":768,\"height\":576},{\"@type\":\"BreadcrumbList\",\"@id\":\"https:\\\/\\\/cvinoticias.com\\\/v3\\\/la-policia-logro-la-mayor-incautacion-de-cocaina-en-misiones-dos-detenidos-y-casi-11-kilos-secuestrados-en-un-vehiculo\\\/#breadcrumb\",\"itemListElement\":[{\"@type\":\"ListItem\",\"position\":1,\"name\":\"Portada\",\"item\":\"https:\\\/\\\/cvinoticias.com\\\/v3\\\/\"},{\"@type\":\"ListItem\",\"position\":2,\"name\":\"La Polic\u00eda logr\u00f3 la mayor incautaci\u00f3n de coca\u00edna en Misiones: dos detenidos y casi 11 kilos secuestrados en un veh\u00edculo\"}]},{\"@type\":\"WebSite\",\"@id\":\"https:\\\/\\\/cvinoticias.com\\\/v3\\\/#website\",\"url\":\"https:\\\/\\\/cvinoticias.com\\\/v3\\\/\",\"name\":\"CVI NOTICIAS\",\"description\":\"\",\"publisher\":{\"@id\":\"https:\\\/\\\/cvinoticias.com\\\/v3\\\/#organization\"},\"alternateName\":\"CVI\",\"potentialAction\":[{\"@type\":\"SearchAction\",\"target\":{\"@type\":\"EntryPoint\",\"urlTemplate\":\"https:\\\/\\\/cvinoticias.com\\\/v3\\\/?s={search_term_string}\"},\"query-input\":{\"@type\":\"PropertyValueSpecification\",\"valueRequired\":true,\"valueName\":\"search_term_string\"}}],\"inLanguage\":\"es\"},{\"@type\":\"Organization\",\"@id\":\"https:\\\/\\\/cvinoticias.com\\\/v3\\\/#organization\",\"name\":\"CVI NOTICIAS\",\"url\":\"https:\\\/\\\/cvinoticias.com\\\/v3\\\/\",\"logo\":{\"@type\":\"ImageObject\",\"inLanguage\":\"es\",\"@id\":\"https:\\\/\\\/cvinoticias.com\\\/v3\\\/#\\\/schema\\\/logo\\\/image\\\/\",\"url\":\"https:\\\/\\\/cvinoticias.com\\\/wp-content\\\/uploads\\\/2023\\\/04\\\/cropped-cropped-cropped-cropped-cropped-3-1.png\",\"contentUrl\":\"https:\\\/\\\/cvinoticias.com\\\/wp-content\\\/uploads\\\/2023\\\/04\\\/cropped-cropped-cropped-cropped-cropped-3-1.png\",\"width\":95,\"height\":122,\"caption\":\"CVI NOTICIAS\"},\"image\":{\"@id\":\"https:\\\/\\\/cvinoticias.com\\\/v3\\\/#\\\/schema\\\/logo\\\/image\\\/\"},\"sameAs\":[\"https:\\\/\\\/www.facebook.com\\\/cvinoticias\",\"https:\\\/\\\/www.instagram.com\\\/cvinoticias\\\/\",\"https:\\\/\\\/www.youtube.com\\\/@CVINOTICIAS\"]},{\"@type\":\"Person\",\"@id\":\"https:\\\/\\\/cvinoticias.com\\\/v3\\\/#\\\/schema\\\/person\\\/2db77e3c6bc03c538495d7b2b8be9b66\",\"name\":\"f1000024\",\"image\":{\"@type\":\"ImageObject\",\"inLanguage\":\"es\",\"@id\":\"https:\\\/\\\/secure.gravatar.com\\\/avatar\\\/d4fe7459cfc51ff5129ce1a732bbef5928568b8092d412ef95611616376bbeed?s=96&d=mm&r=g\",\"url\":\"https:\\\/\\\/secure.gravatar.com\\\/avatar\\\/d4fe7459cfc51ff5129ce1a732bbef5928568b8092d412ef95611616376bbeed?s=96&d=mm&r=g\",\"contentUrl\":\"https:\\\/\\\/secure.gravatar.com\\\/avatar\\\/d4fe7459cfc51ff5129ce1a732bbef5928568b8092d412ef95611616376bbeed?s=96&d=mm&r=g\",\"caption\":\"f1000024\"},\"url\":\"https:\\\/\\\/cvinoticias.com\\\/v3\\\/author\\\/f1000024\\\/\"}]}<\/script>\n<!-- \/ Yoast SEO plugin. -->","yoast_head_json":{"title":"Hist\u00f3rica incautaci\u00f3n de coca\u00edna en Misiones: 11 kilos | CVI NOTICIAS","description":"La Polic\u00eda secuestr\u00f3 casi 11 kilos de coca\u00edna en Montecarlo y detuvo a dos personas en un operativo sin precedentes.","robots":{"index":"index","follow":"follow","max-snippet":"max-snippet:-1","max-image-preview":"max-image-preview:large","max-video-preview":"max-video-preview:-1"},"canonical":"https:\/\/cvinoticias.com\/v3\/la-policia-logro-la-mayor-incautacion-de-cocaina-en-misiones-dos-detenidos-y-casi-11-kilos-secuestrados-en-un-vehiculo\/","og_locale":"es_ES","og_type":"article","og_title":"Hist\u00f3rica incautaci\u00f3n de coca\u00edna en Misiones: 11 kilos | CVI NOTICIAS","og_description":"La Polic\u00eda secuestr\u00f3 casi 11 kilos de coca\u00edna en Montecarlo y detuvo a dos personas en un operativo sin precedentes.","og_url":"https:\/\/cvinoticias.com\/v3\/la-policia-logro-la-mayor-incautacion-de-cocaina-en-misiones-dos-detenidos-y-casi-11-kilos-secuestrados-en-un-vehiculo\/","og_site_name":"CVI NOTICIAS","article_publisher":"https:\/\/www.facebook.com\/cvinoticias","article_published_time":"2025-08-25T11:59:19+00:00","article_modified_time":"2025-08-25T11:59:20+00:00","og_image":[{"width":768,"height":576,"url":"https:\/\/cvinoticias.com\/wp-content\/uploads\/2025\/08\/WhatsApp-Image-2025-08-24-at-11.49.31.jpeg","type":"image\/jpeg"}],"author":"f1000024","twitter_card":"summary_large_image","twitter_misc":{"Escrito por":"f1000024","Tiempo de lectura":"2 minutos"},"schema":{"@context":"https:\/\/schema.org","@graph":[{"@type":"Article","@id":"https:\/\/cvinoticias.com\/v3\/la-policia-logro-la-mayor-incautacion-de-cocaina-en-misiones-dos-detenidos-y-casi-11-kilos-secuestrados-en-un-vehiculo\/#article","isPartOf":{"@id":"https:\/\/cvinoticias.com\/v3\/la-policia-logro-la-mayor-incautacion-de-cocaina-en-misiones-dos-detenidos-y-casi-11-kilos-secuestrados-en-un-vehiculo\/"},"author":{"name":"f1000024","@id":"https:\/\/cvinoticias.com\/v3\/#\/schema\/person\/2db77e3c6bc03c538495d7b2b8be9b66"},"headline":"La Polic\u00eda logr\u00f3 la mayor incautaci\u00f3n de coca\u00edna en Misiones: dos detenidos y casi 11 kilos secuestrados en un veh\u00edculo","datePublished":"2025-08-25T11:59:19+00:00","dateModified":"2025-08-25T11:59:20+00:00","mainEntityOfPage":{"@id":"https:\/\/cvinoticias.com\/v3\/la-policia-logro-la-mayor-incautacion-de-cocaina-en-misiones-dos-detenidos-y-casi-11-kilos-secuestrados-en-un-vehiculo\/"},"wordCount":426,"commentCount":0,"publisher":{"@id":"https:\/\/cvinoticias.com\/v3\/#organization"},"image":{"@id":"https:\/\/cvinoticias.com\/v3\/la-policia-logro-la-mayor-incautacion-de-cocaina-en-misiones-dos-detenidos-y-casi-11-kilos-secuestrados-en-un-vehiculo\/#primaryimage"},"thumbnailUrl":"https:\/\/cvinoticias.com\/wp-content\/uploads\/2025\/08\/WhatsApp-Image-2025-08-24-at-11.49.31.jpeg","keywords":["11 kilos","Coca\u00edna","Montecarlo"],"articleSection":["Policiales"],"inLanguage":"es","potentialAction":[{"@type":"CommentAction","name":"Comment","target":["https:\/\/cvinoticias.com\/v3\/la-policia-logro-la-mayor-incautacion-de-cocaina-en-misiones-dos-detenidos-y-casi-11-kilos-secuestrados-en-un-vehiculo\/#respond"]}]},{"@type":"WebPage","@id":"https:\/\/cvinoticias.com\/v3\/la-policia-logro-la-mayor-incautacion-de-cocaina-en-misiones-dos-detenidos-y-casi-11-kilos-secuestrados-en-un-vehiculo\/","url":"https:\/\/cvinoticias.com\/v3\/la-policia-logro-la-mayor-incautacion-de-cocaina-en-misiones-dos-detenidos-y-casi-11-kilos-secuestrados-en-un-vehiculo\/","name":"Hist\u00f3rica incautaci\u00f3n de coca\u00edna en Misiones: 11 kilos | CVI NOTICIAS","isPartOf":{"@id":"https:\/\/cvinoticias.com\/v3\/#website"},"primaryImageOfPage":{"@id":"https:\/\/cvinoticias.com\/v3\/la-policia-logro-la-mayor-incautacion-de-cocaina-en-misiones-dos-detenidos-y-casi-11-kilos-secuestrados-en-un-vehiculo\/#primaryimage"},"image":{"@id":"https:\/\/cvinoticias.com\/v3\/la-policia-logro-la-mayor-incautacion-de-cocaina-en-misiones-dos-detenidos-y-casi-11-kilos-secuestrados-en-un-vehiculo\/#primaryimage"},"thumbnailUrl":"https:\/\/cvinoticias.com\/wp-content\/uploads\/2025\/08\/WhatsApp-Image-2025-08-24-at-11.49.31.jpeg","datePublished":"2025-08-25T11:59:19+00:00","dateModified":"2025-08-25T11:59:20+00:00","description":"La Polic\u00eda secuestr\u00f3 casi 11 kilos de coca\u00edna en Montecarlo y detuvo a dos personas en un operativo sin precedentes.","breadcrumb":{"@id":"https:\/\/cvinoticias.com\/v3\/la-policia-logro-la-mayor-incautacion-de-cocaina-en-misiones-dos-detenidos-y-casi-11-kilos-secuestrados-en-un-vehiculo\/#breadcrumb"},"inLanguage":"es","potentialAction":[{"@type":"ReadAction","target":["https:\/\/cvinoticias.com\/v3\/la-policia-logro-la-mayor-incautacion-de-cocaina-en-misiones-dos-detenidos-y-casi-11-kilos-secuestrados-en-un-vehiculo\/"]}]},{"@type":"ImageObject","inLanguage":"es","@id":"https:\/\/cvinoticias.com\/v3\/la-policia-logro-la-mayor-incautacion-de-cocaina-en-misiones-dos-detenidos-y-casi-11-kilos-secuestrados-en-un-vehiculo\/#primaryimage","url":"https:\/\/cvinoticias.com\/wp-content\/uploads\/2025\/08\/WhatsApp-Image-2025-08-24-at-11.49.31.jpeg","contentUrl":"https:\/\/cvinoticias.com\/wp-content\/uploads\/2025\/08\/WhatsApp-Image-2025-08-24-at-11.49.31.jpeg","width":768,"height":576},{"@type":"BreadcrumbList","@id":"https:\/\/cvinoticias.com\/v3\/la-policia-logro-la-mayor-incautacion-de-cocaina-en-misiones-dos-detenidos-y-casi-11-kilos-secuestrados-en-un-vehiculo\/#breadcrumb","itemListElement":[{"@type":"ListItem","position":1,"name":"Portada","item":"https:\/\/cvinoticias.com\/v3\/"},{"@type":"ListItem","position":2,"name":"La Polic\u00eda logr\u00f3 la mayor incautaci\u00f3n de coca\u00edna en Misiones: dos detenidos y casi 11 kilos secuestrados en un veh\u00edculo"}]},{"@type":"WebSite","@id":"https:\/\/cvinoticias.com\/v3\/#website","url":"https:\/\/cvinoticias.com\/v3\/","name":"CVI NOTICIAS","description":"","publisher":{"@id":"https:\/\/cvinoticias.com\/v3\/#organization"},"alternateName":"CVI","potentialAction":[{"@type":"SearchAction","target":{"@type":"EntryPoint","urlTemplate":"https:\/\/cvinoticias.com\/v3\/?s={search_term_string}"},"query-input":{"@type":"PropertyValueSpecification","valueRequired":true,"valueName":"search_term_string"}}],"inLanguage":"es"},{"@type":"Organization","@id":"https:\/\/cvinoticias.com\/v3\/#organization","name":"CVI NOTICIAS","url":"https:\/\/cvinoticias.com\/v3\/","logo":{"@type":"ImageObject","inLanguage":"es","@id":"https:\/\/cvinoticias.com\/v3\/#\/schema\/logo\/image\/","url":"https:\/\/cvinoticias.com\/wp-content\/uploads\/2023\/04\/cropped-cropped-cropped-cropped-cropped-3-1.png","contentUrl":"https:\/\/cvinoticias.com\/wp-content\/uploads\/2023\/04\/cropped-cropped-cropped-cropped-cropped-3-1.png","width":95,"height":122,"caption":"CVI NOTICIAS"},"image":{"@id":"https:\/\/cvinoticias.com\/v3\/#\/schema\/logo\/image\/"},"sameAs":["https:\/\/www.facebook.com\/cvinoticias","https:\/\/www.instagram.com\/cvinoticias\/","https:\/\/www.youtube.com\/@CVINOTICIAS"]},{"@type":"Person","@id":"https:\/\/cvinoticias.com\/v3\/#\/schema\/person\/2db77e3c6bc03c538495d7b2b8be9b66","name":"f1000024","image":{"@type":"ImageObject","inLanguage":"es","@id":"https:\/\/secure.gravatar.com\/avatar\/d4fe7459cfc51ff5129ce1a732bbef5928568b8092d412ef95611616376bbeed?s=96&d=mm&r=g","url":"https:\/\/secure.gravatar.com\/avatar\/d4fe7459cfc51ff5129ce1a732bbef5928568b8092d412ef95611616376bbeed?s=96&d=mm&r=g","contentUrl":"https:\/\/secure.gravatar.com\/avatar\/d4fe7459cfc51ff5129ce1a732bbef5928568b8092d412ef95611616376bbeed?s=96&d=mm&r=g","caption":"f1000024"},"url":"https:\/\/cvinoticias.com\/v3\/author\/f1000024\/"}]}},"_links":{"self":[{"href":"https:\/\/cvinoticias.com\/v3\/wp-json\/wp\/v2\/posts\/47933","targetHints":{"allow":["GET"]}}],"collection":[{"href":"https:\/\/cvinoticias.com\/v3\/wp-json\/wp\/v2\/posts"}],"about":[{"href":"https:\/\/cvinoticias.com\/v3\/wp-json\/wp\/v2\/types\/post"}],"author":[{"embeddable":true,"href":"https:\/\/cvinoticias.com\/v3\/wp-json\/wp\/v2\/users\/2"}],"replies":[{"embeddable":true,"href":"https:\/\/cvinoticias.com\/v3\/wp-json\/wp\/v2\/comments?post=47933"}],"version-history":[{"count":2,"href":"https:\/\/cvinoticias.com\/v3\/wp-json\/wp\/v2\/posts\/47933\/revisions"}],"predecessor-version":[{"id":47936,"href":"https:\/\/cvinoticias.com\/v3\/wp-json\/wp\/v2\/posts\/47933\/revisions\/47936"}],"wp:featuredmedia":[{"embeddable":true,"href":"https:\/\/cvinoticias.com\/v3\/wp-json\/wp\/v2\/media\/47935"}],"wp:attachment":[{"href":"https:\/\/cvinoticias.com\/v3\/wp-json\/wp\/v2\/media?parent=47933"}],"wp:term":[{"taxonomy":"category","embeddable":true,"href":"https:\/\/cvinoticias.com\/v3\/wp-json\/wp\/v2\/categories?post=47933"},{"taxonomy":"post_tag","embeddable":true,"href":"https:\/\/cvinoticias.com\/v3\/wp-json\/wp\/v2\/tags?post=47933"}],"curies":[{"name":"wp","href":"https:\/\/api.w.org\/{rel}","templated":true}]}}