{"id":47840,"date":"2025-08-21T08:36:12","date_gmt":"2025-08-21T11:36:12","guid":{"rendered":"https:\/\/cvinoticias.com\/v3\/?p=47840"},"modified":"2025-08-21T08:36:13","modified_gmt":"2025-08-21T11:36:13","slug":"echaron-al-titular-de-la-agencia-de-discapacidad-por-la-difusion-de-audios-en-los-que-se-habla-de-coimas","status":"publish","type":"post","link":"https:\/\/cvinoticias.com\/v3\/echaron-al-titular-de-la-agencia-de-discapacidad-por-la-difusion-de-audios-en-los-que-se-habla-de-coimas\/","title":{"rendered":"Echaron al titular de la Agencia de Discapacidad por la difusi\u00f3n de audios en los que se habla de coimas"},"content":{"rendered":"\n<p>En medio del esc\u00e1ndalo por los audios que denuncian una presunta red de coimas en la compra de medicamentos, el presidente Javier Milei despidi\u00f3 en la madrugada de este jueves a Diego Spagnuolo, el titular de la Agencia Nacional de Discapacidad (ANDIS) y uno de los principales funcionarios implicados en las grabaciones.<\/p>\n\n\n\n<p>El comunicado de la Vocer\u00eda Presidencial calific\u00f3 la remoci\u00f3n como una medida \u201cpreventiva\u201d y la justific\u00f3 \u201cfrente a los hechos de p\u00fablico conocimiento y ante la evidente utilizaci\u00f3n pol\u00edtica de la oposici\u00f3n en a\u00f1o electoral\u201d.<\/p>\n\n\n\n<h3 class=\"wp-block-heading\"><strong>Intervenci\u00f3n del Ministerio de Salud<\/strong><\/h3>\n\n\n\n<p>Tras la destituci\u00f3n de Spagnuolo, el Gobierno nacional anunci\u00f3 que el organismo quedar\u00e1 bajo la \u00f3rbita de la cartera sanitaria mientras se designa un nuevo responsable para garantizar la continuidad de su funcionamiento.<\/p>\n\n\n\n<ul class=\"wp-block-list\">\n<li>Nuevo interventor: El Ministro de Salud, Mario Lugones, intervendr\u00e1 la Agencia Nacional de Discapacidad.<\/li>\n\n\n\n<li>Anuncio inminente: Se informar\u00e1 \u201cen las pr\u00f3ximas horas\u201d el nombre de la persona que quedar\u00e1 a cargo del organismo como interventor.<\/li>\n\n\n\n<li>Objetivo declarado: El fin de la intervenci\u00f3n, seg\u00fan el comunicado oficial, es \u201cgarantizar su normal y correcto funcionamiento\u201d.<\/li>\n<\/ul>\n\n\n\n<p>La decisi\u00f3n de despedir a Spagnuolo se tom\u00f3 horas despu\u00e9s de que la oposici\u00f3n en la C\u00e1mara de Diputados, con Esteban Paul\u00f3n y Leandro Santoro a la cabeza, presentara pedidos de interpelaci\u00f3n y cuestiones de privilegio en su contra por el contenido de los audios difundidos.<\/p>\n","protected":false},"excerpt":{"rendered":"<p>En medio del esc\u00e1ndalo por los audios que denuncian una presunta red de coimas en la compra de medicamentos, el presidente Javier Milei despidi\u00f3 en la madrugada de este jueves a Diego Spagnuolo, el titular de la Agencia Nacional de Discapacidad (ANDIS) y uno de los principales funcionarios implicados en las grabaciones. El comunicado de [&hellip;]<\/p>\n","protected":false},"author":2,"featured_media":47841,"comment_status":"open","ping_status":"open","sticky":false,"template":"","format":"standard","meta":{"footnotes":""},"categories":[39],"tags":[3647,691,3645,3646],"class_list":["post-47840","post","type-post","status-publish","format-standard","has-post-thumbnail","hentry","category-nacionales","tag-agencia","tag-discapacidad","tag-echaron","tag-titular"],"yoast_head":"<!-- This site is optimized with the Yoast SEO plugin v27.4 - https:\/\/yoast.com\/product\/yoast-seo-wordpress\/ -->\n<title>Echaron al titular de la Agencia de Discapacidad por coimas | CVI NOTICIAS<\/title>\n<meta name=\"description\" content=\"Echaron al titular de la Agencia de Discapacidad tras audios que lo vinculan a una red de coimas.\" \/>\n<meta name=\"robots\" content=\"index, follow, max-snippet:-1, max-image-preview:large, max-video-preview:-1\" \/>\n<link rel=\"canonical\" href=\"https:\/\/cvinoticias.com\/v3\/echaron-al-titular-de-la-agencia-de-discapacidad-por-la-difusion-de-audios-en-los-que-se-habla-de-coimas\/\" \/>\n<meta property=\"og:locale\" content=\"es_ES\" \/>\n<meta property=\"og:type\" content=\"article\" \/>\n<meta property=\"og:title\" content=\"Echaron al titular de la Agencia de Discapacidad por coimas | CVI NOTICIAS\" \/>\n<meta property=\"og:description\" content=\"Echaron al titular de la Agencia de Discapacidad tras audios que lo vinculan a una red de coimas.\" \/>\n<meta property=\"og:url\" content=\"https:\/\/cvinoticias.com\/v3\/echaron-al-titular-de-la-agencia-de-discapacidad-por-la-difusion-de-audios-en-los-que-se-habla-de-coimas\/\" \/>\n<meta property=\"og:site_name\" content=\"CVI NOTICIAS\" \/>\n<meta property=\"article:publisher\" content=\"https:\/\/www.facebook.com\/cvinoticias\" \/>\n<meta property=\"article:published_time\" content=\"2025-08-21T11:36:12+00:00\" \/>\n<meta property=\"article:modified_time\" content=\"2025-08-21T11:36:13+00:00\" \/>\n<meta property=\"og:image\" content=\"https:\/\/cvinoticias.com\/wp-content\/uploads\/2025\/08\/0.jpg\" \/>\n\t<meta property=\"og:image:width\" content=\"1366\" \/>\n\t<meta property=\"og:image:height\" content=\"909\" \/>\n\t<meta property=\"og:image:type\" content=\"image\/jpeg\" \/>\n<meta name=\"author\" content=\"f1000024\" \/>\n<meta name=\"twitter:card\" content=\"summary_large_image\" \/>\n<meta name=\"twitter:label1\" content=\"Escrito por\" \/>\n\t<meta name=\"twitter:data1\" content=\"f1000024\" \/>\n\t<meta name=\"twitter:label2\" content=\"Tiempo de lectura\" \/>\n\t<meta name=\"twitter:data2\" content=\"2 minutos\" \/>\n<script type=\"application\/ld+json\" class=\"yoast-schema-graph\">{\"@context\":\"https:\\\/\\\/schema.org\",\"@graph\":[{\"@type\":\"Article\",\"@id\":\"https:\\\/\\\/cvinoticias.com\\\/v3\\\/echaron-al-titular-de-la-agencia-de-discapacidad-por-la-difusion-de-audios-en-los-que-se-habla-de-coimas\\\/#article\",\"isPartOf\":{\"@id\":\"https:\\\/\\\/cvinoticias.com\\\/v3\\\/echaron-al-titular-de-la-agencia-de-discapacidad-por-la-difusion-de-audios-en-los-que-se-habla-de-coimas\\\/\"},\"author\":{\"name\":\"f1000024\",\"@id\":\"https:\\\/\\\/cvinoticias.com\\\/v3\\\/#\\\/schema\\\/person\\\/2db77e3c6bc03c538495d7b2b8be9b66\"},\"headline\":\"Echaron al titular de la Agencia de Discapacidad por la difusi\u00f3n de audios en los que se habla de coimas\",\"datePublished\":\"2025-08-21T11:36:12+00:00\",\"dateModified\":\"2025-08-21T11:36:13+00:00\",\"mainEntityOfPage\":{\"@id\":\"https:\\\/\\\/cvinoticias.com\\\/v3\\\/echaron-al-titular-de-la-agencia-de-discapacidad-por-la-difusion-de-audios-en-los-que-se-habla-de-coimas\\\/\"},\"wordCount\":264,\"commentCount\":0,\"publisher\":{\"@id\":\"https:\\\/\\\/cvinoticias.com\\\/v3\\\/#organization\"},\"image\":{\"@id\":\"https:\\\/\\\/cvinoticias.com\\\/v3\\\/echaron-al-titular-de-la-agencia-de-discapacidad-por-la-difusion-de-audios-en-los-que-se-habla-de-coimas\\\/#primaryimage\"},\"thumbnailUrl\":\"https:\\\/\\\/cvinoticias.com\\\/wp-content\\\/uploads\\\/2025\\\/08\\\/0.jpg\",\"keywords\":[\"Agencia\",\"Discapacidad\",\"Echaron\",\"titular\"],\"articleSection\":[\"Nacionales\"],\"inLanguage\":\"es\",\"potentialAction\":[{\"@type\":\"CommentAction\",\"name\":\"Comment\",\"target\":[\"https:\\\/\\\/cvinoticias.com\\\/v3\\\/echaron-al-titular-de-la-agencia-de-discapacidad-por-la-difusion-de-audios-en-los-que-se-habla-de-coimas\\\/#respond\"]}]},{\"@type\":\"WebPage\",\"@id\":\"https:\\\/\\\/cvinoticias.com\\\/v3\\\/echaron-al-titular-de-la-agencia-de-discapacidad-por-la-difusion-de-audios-en-los-que-se-habla-de-coimas\\\/\",\"url\":\"https:\\\/\\\/cvinoticias.com\\\/v3\\\/echaron-al-titular-de-la-agencia-de-discapacidad-por-la-difusion-de-audios-en-los-que-se-habla-de-coimas\\\/\",\"name\":\"Echaron al titular de la Agencia de Discapacidad por coimas | CVI NOTICIAS\",\"isPartOf\":{\"@id\":\"https:\\\/\\\/cvinoticias.com\\\/v3\\\/#website\"},\"primaryImageOfPage\":{\"@id\":\"https:\\\/\\\/cvinoticias.com\\\/v3\\\/echaron-al-titular-de-la-agencia-de-discapacidad-por-la-difusion-de-audios-en-los-que-se-habla-de-coimas\\\/#primaryimage\"},\"image\":{\"@id\":\"https:\\\/\\\/cvinoticias.com\\\/v3\\\/echaron-al-titular-de-la-agencia-de-discapacidad-por-la-difusion-de-audios-en-los-que-se-habla-de-coimas\\\/#primaryimage\"},\"thumbnailUrl\":\"https:\\\/\\\/cvinoticias.com\\\/wp-content\\\/uploads\\\/2025\\\/08\\\/0.jpg\",\"datePublished\":\"2025-08-21T11:36:12+00:00\",\"dateModified\":\"2025-08-21T11:36:13+00:00\",\"description\":\"Echaron al titular de la Agencia de Discapacidad tras audios que lo vinculan a una red de coimas.\",\"breadcrumb\":{\"@id\":\"https:\\\/\\\/cvinoticias.com\\\/v3\\\/echaron-al-titular-de-la-agencia-de-discapacidad-por-la-difusion-de-audios-en-los-que-se-habla-de-coimas\\\/#breadcrumb\"},\"inLanguage\":\"es\",\"potentialAction\":[{\"@type\":\"ReadAction\",\"target\":[\"https:\\\/\\\/cvinoticias.com\\\/v3\\\/echaron-al-titular-de-la-agencia-de-discapacidad-por-la-difusion-de-audios-en-los-que-se-habla-de-coimas\\\/\"]}]},{\"@type\":\"ImageObject\",\"inLanguage\":\"es\",\"@id\":\"https:\\\/\\\/cvinoticias.com\\\/v3\\\/echaron-al-titular-de-la-agencia-de-discapacidad-por-la-difusion-de-audios-en-los-que-se-habla-de-coimas\\\/#primaryimage\",\"url\":\"https:\\\/\\\/cvinoticias.com\\\/wp-content\\\/uploads\\\/2025\\\/08\\\/0.jpg\",\"contentUrl\":\"https:\\\/\\\/cvinoticias.com\\\/wp-content\\\/uploads\\\/2025\\\/08\\\/0.jpg\",\"width\":1366,\"height\":909},{\"@type\":\"BreadcrumbList\",\"@id\":\"https:\\\/\\\/cvinoticias.com\\\/v3\\\/echaron-al-titular-de-la-agencia-de-discapacidad-por-la-difusion-de-audios-en-los-que-se-habla-de-coimas\\\/#breadcrumb\",\"itemListElement\":[{\"@type\":\"ListItem\",\"position\":1,\"name\":\"Portada\",\"item\":\"https:\\\/\\\/cvinoticias.com\\\/v3\\\/\"},{\"@type\":\"ListItem\",\"position\":2,\"name\":\"Echaron al titular de la Agencia de Discapacidad por la difusi\u00f3n de audios en los que se habla de coimas\"}]},{\"@type\":\"WebSite\",\"@id\":\"https:\\\/\\\/cvinoticias.com\\\/v3\\\/#website\",\"url\":\"https:\\\/\\\/cvinoticias.com\\\/v3\\\/\",\"name\":\"CVI NOTICIAS\",\"description\":\"\",\"publisher\":{\"@id\":\"https:\\\/\\\/cvinoticias.com\\\/v3\\\/#organization\"},\"alternateName\":\"CVI\",\"potentialAction\":[{\"@type\":\"SearchAction\",\"target\":{\"@type\":\"EntryPoint\",\"urlTemplate\":\"https:\\\/\\\/cvinoticias.com\\\/v3\\\/?s={search_term_string}\"},\"query-input\":{\"@type\":\"PropertyValueSpecification\",\"valueRequired\":true,\"valueName\":\"search_term_string\"}}],\"inLanguage\":\"es\"},{\"@type\":\"Organization\",\"@id\":\"https:\\\/\\\/cvinoticias.com\\\/v3\\\/#organization\",\"name\":\"CVI NOTICIAS\",\"url\":\"https:\\\/\\\/cvinoticias.com\\\/v3\\\/\",\"logo\":{\"@type\":\"ImageObject\",\"inLanguage\":\"es\",\"@id\":\"https:\\\/\\\/cvinoticias.com\\\/v3\\\/#\\\/schema\\\/logo\\\/image\\\/\",\"url\":\"https:\\\/\\\/cvinoticias.com\\\/wp-content\\\/uploads\\\/2023\\\/04\\\/cropped-cropped-cropped-cropped-cropped-3-1.png\",\"contentUrl\":\"https:\\\/\\\/cvinoticias.com\\\/wp-content\\\/uploads\\\/2023\\\/04\\\/cropped-cropped-cropped-cropped-cropped-3-1.png\",\"width\":95,\"height\":122,\"caption\":\"CVI NOTICIAS\"},\"image\":{\"@id\":\"https:\\\/\\\/cvinoticias.com\\\/v3\\\/#\\\/schema\\\/logo\\\/image\\\/\"},\"sameAs\":[\"https:\\\/\\\/www.facebook.com\\\/cvinoticias\",\"https:\\\/\\\/www.instagram.com\\\/cvinoticias\\\/\",\"https:\\\/\\\/www.youtube.com\\\/@CVINOTICIAS\"]},{\"@type\":\"Person\",\"@id\":\"https:\\\/\\\/cvinoticias.com\\\/v3\\\/#\\\/schema\\\/person\\\/2db77e3c6bc03c538495d7b2b8be9b66\",\"name\":\"f1000024\",\"image\":{\"@type\":\"ImageObject\",\"inLanguage\":\"es\",\"@id\":\"https:\\\/\\\/secure.gravatar.com\\\/avatar\\\/d4fe7459cfc51ff5129ce1a732bbef5928568b8092d412ef95611616376bbeed?s=96&d=mm&r=g\",\"url\":\"https:\\\/\\\/secure.gravatar.com\\\/avatar\\\/d4fe7459cfc51ff5129ce1a732bbef5928568b8092d412ef95611616376bbeed?s=96&d=mm&r=g\",\"contentUrl\":\"https:\\\/\\\/secure.gravatar.com\\\/avatar\\\/d4fe7459cfc51ff5129ce1a732bbef5928568b8092d412ef95611616376bbeed?s=96&d=mm&r=g\",\"caption\":\"f1000024\"},\"url\":\"https:\\\/\\\/cvinoticias.com\\\/v3\\\/author\\\/f1000024\\\/\"}]}<\/script>\n<!-- \/ Yoast SEO plugin. -->","yoast_head_json":{"title":"Echaron al titular de la Agencia de Discapacidad por coimas | CVI NOTICIAS","description":"Echaron al titular de la Agencia de Discapacidad tras audios que lo vinculan a una red de coimas.","robots":{"index":"index","follow":"follow","max-snippet":"max-snippet:-1","max-image-preview":"max-image-preview:large","max-video-preview":"max-video-preview:-1"},"canonical":"https:\/\/cvinoticias.com\/v3\/echaron-al-titular-de-la-agencia-de-discapacidad-por-la-difusion-de-audios-en-los-que-se-habla-de-coimas\/","og_locale":"es_ES","og_type":"article","og_title":"Echaron al titular de la Agencia de Discapacidad por coimas | CVI NOTICIAS","og_description":"Echaron al titular de la Agencia de Discapacidad tras audios que lo vinculan a una red de coimas.","og_url":"https:\/\/cvinoticias.com\/v3\/echaron-al-titular-de-la-agencia-de-discapacidad-por-la-difusion-de-audios-en-los-que-se-habla-de-coimas\/","og_site_name":"CVI NOTICIAS","article_publisher":"https:\/\/www.facebook.com\/cvinoticias","article_published_time":"2025-08-21T11:36:12+00:00","article_modified_time":"2025-08-21T11:36:13+00:00","og_image":[{"width":1366,"height":909,"url":"https:\/\/cvinoticias.com\/wp-content\/uploads\/2025\/08\/0.jpg","type":"image\/jpeg"}],"author":"f1000024","twitter_card":"summary_large_image","twitter_misc":{"Escrito por":"f1000024","Tiempo de lectura":"2 minutos"},"schema":{"@context":"https:\/\/schema.org","@graph":[{"@type":"Article","@id":"https:\/\/cvinoticias.com\/v3\/echaron-al-titular-de-la-agencia-de-discapacidad-por-la-difusion-de-audios-en-los-que-se-habla-de-coimas\/#article","isPartOf":{"@id":"https:\/\/cvinoticias.com\/v3\/echaron-al-titular-de-la-agencia-de-discapacidad-por-la-difusion-de-audios-en-los-que-se-habla-de-coimas\/"},"author":{"name":"f1000024","@id":"https:\/\/cvinoticias.com\/v3\/#\/schema\/person\/2db77e3c6bc03c538495d7b2b8be9b66"},"headline":"Echaron al titular de la Agencia de Discapacidad por la difusi\u00f3n de audios en los que se habla de coimas","datePublished":"2025-08-21T11:36:12+00:00","dateModified":"2025-08-21T11:36:13+00:00","mainEntityOfPage":{"@id":"https:\/\/cvinoticias.com\/v3\/echaron-al-titular-de-la-agencia-de-discapacidad-por-la-difusion-de-audios-en-los-que-se-habla-de-coimas\/"},"wordCount":264,"commentCount":0,"publisher":{"@id":"https:\/\/cvinoticias.com\/v3\/#organization"},"image":{"@id":"https:\/\/cvinoticias.com\/v3\/echaron-al-titular-de-la-agencia-de-discapacidad-por-la-difusion-de-audios-en-los-que-se-habla-de-coimas\/#primaryimage"},"thumbnailUrl":"https:\/\/cvinoticias.com\/wp-content\/uploads\/2025\/08\/0.jpg","keywords":["Agencia","Discapacidad","Echaron","titular"],"articleSection":["Nacionales"],"inLanguage":"es","potentialAction":[{"@type":"CommentAction","name":"Comment","target":["https:\/\/cvinoticias.com\/v3\/echaron-al-titular-de-la-agencia-de-discapacidad-por-la-difusion-de-audios-en-los-que-se-habla-de-coimas\/#respond"]}]},{"@type":"WebPage","@id":"https:\/\/cvinoticias.com\/v3\/echaron-al-titular-de-la-agencia-de-discapacidad-por-la-difusion-de-audios-en-los-que-se-habla-de-coimas\/","url":"https:\/\/cvinoticias.com\/v3\/echaron-al-titular-de-la-agencia-de-discapacidad-por-la-difusion-de-audios-en-los-que-se-habla-de-coimas\/","name":"Echaron al titular de la Agencia de Discapacidad por coimas | CVI NOTICIAS","isPartOf":{"@id":"https:\/\/cvinoticias.com\/v3\/#website"},"primaryImageOfPage":{"@id":"https:\/\/cvinoticias.com\/v3\/echaron-al-titular-de-la-agencia-de-discapacidad-por-la-difusion-de-audios-en-los-que-se-habla-de-coimas\/#primaryimage"},"image":{"@id":"https:\/\/cvinoticias.com\/v3\/echaron-al-titular-de-la-agencia-de-discapacidad-por-la-difusion-de-audios-en-los-que-se-habla-de-coimas\/#primaryimage"},"thumbnailUrl":"https:\/\/cvinoticias.com\/wp-content\/uploads\/2025\/08\/0.jpg","datePublished":"2025-08-21T11:36:12+00:00","dateModified":"2025-08-21T11:36:13+00:00","description":"Echaron al titular de la Agencia de Discapacidad tras audios que lo vinculan a una red de coimas.","breadcrumb":{"@id":"https:\/\/cvinoticias.com\/v3\/echaron-al-titular-de-la-agencia-de-discapacidad-por-la-difusion-de-audios-en-los-que-se-habla-de-coimas\/#breadcrumb"},"inLanguage":"es","potentialAction":[{"@type":"ReadAction","target":["https:\/\/cvinoticias.com\/v3\/echaron-al-titular-de-la-agencia-de-discapacidad-por-la-difusion-de-audios-en-los-que-se-habla-de-coimas\/"]}]},{"@type":"ImageObject","inLanguage":"es","@id":"https:\/\/cvinoticias.com\/v3\/echaron-al-titular-de-la-agencia-de-discapacidad-por-la-difusion-de-audios-en-los-que-se-habla-de-coimas\/#primaryimage","url":"https:\/\/cvinoticias.com\/wp-content\/uploads\/2025\/08\/0.jpg","contentUrl":"https:\/\/cvinoticias.com\/wp-content\/uploads\/2025\/08\/0.jpg","width":1366,"height":909},{"@type":"BreadcrumbList","@id":"https:\/\/cvinoticias.com\/v3\/echaron-al-titular-de-la-agencia-de-discapacidad-por-la-difusion-de-audios-en-los-que-se-habla-de-coimas\/#breadcrumb","itemListElement":[{"@type":"ListItem","position":1,"name":"Portada","item":"https:\/\/cvinoticias.com\/v3\/"},{"@type":"ListItem","position":2,"name":"Echaron al titular de la Agencia de Discapacidad por la difusi\u00f3n de audios en los que se habla de coimas"}]},{"@type":"WebSite","@id":"https:\/\/cvinoticias.com\/v3\/#website","url":"https:\/\/cvinoticias.com\/v3\/","name":"CVI NOTICIAS","description":"","publisher":{"@id":"https:\/\/cvinoticias.com\/v3\/#organization"},"alternateName":"CVI","potentialAction":[{"@type":"SearchAction","target":{"@type":"EntryPoint","urlTemplate":"https:\/\/cvinoticias.com\/v3\/?s={search_term_string}"},"query-input":{"@type":"PropertyValueSpecification","valueRequired":true,"valueName":"search_term_string"}}],"inLanguage":"es"},{"@type":"Organization","@id":"https:\/\/cvinoticias.com\/v3\/#organization","name":"CVI NOTICIAS","url":"https:\/\/cvinoticias.com\/v3\/","logo":{"@type":"ImageObject","inLanguage":"es","@id":"https:\/\/cvinoticias.com\/v3\/#\/schema\/logo\/image\/","url":"https:\/\/cvinoticias.com\/wp-content\/uploads\/2023\/04\/cropped-cropped-cropped-cropped-cropped-3-1.png","contentUrl":"https:\/\/cvinoticias.com\/wp-content\/uploads\/2023\/04\/cropped-cropped-cropped-cropped-cropped-3-1.png","width":95,"height":122,"caption":"CVI NOTICIAS"},"image":{"@id":"https:\/\/cvinoticias.com\/v3\/#\/schema\/logo\/image\/"},"sameAs":["https:\/\/www.facebook.com\/cvinoticias","https:\/\/www.instagram.com\/cvinoticias\/","https:\/\/www.youtube.com\/@CVINOTICIAS"]},{"@type":"Person","@id":"https:\/\/cvinoticias.com\/v3\/#\/schema\/person\/2db77e3c6bc03c538495d7b2b8be9b66","name":"f1000024","image":{"@type":"ImageObject","inLanguage":"es","@id":"https:\/\/secure.gravatar.com\/avatar\/d4fe7459cfc51ff5129ce1a732bbef5928568b8092d412ef95611616376bbeed?s=96&d=mm&r=g","url":"https:\/\/secure.gravatar.com\/avatar\/d4fe7459cfc51ff5129ce1a732bbef5928568b8092d412ef95611616376bbeed?s=96&d=mm&r=g","contentUrl":"https:\/\/secure.gravatar.com\/avatar\/d4fe7459cfc51ff5129ce1a732bbef5928568b8092d412ef95611616376bbeed?s=96&d=mm&r=g","caption":"f1000024"},"url":"https:\/\/cvinoticias.com\/v3\/author\/f1000024\/"}]}},"_links":{"self":[{"href":"https:\/\/cvinoticias.com\/v3\/wp-json\/wp\/v2\/posts\/47840","targetHints":{"allow":["GET"]}}],"collection":[{"href":"https:\/\/cvinoticias.com\/v3\/wp-json\/wp\/v2\/posts"}],"about":[{"href":"https:\/\/cvinoticias.com\/v3\/wp-json\/wp\/v2\/types\/post"}],"author":[{"embeddable":true,"href":"https:\/\/cvinoticias.com\/v3\/wp-json\/wp\/v2\/users\/2"}],"replies":[{"embeddable":true,"href":"https:\/\/cvinoticias.com\/v3\/wp-json\/wp\/v2\/comments?post=47840"}],"version-history":[{"count":1,"href":"https:\/\/cvinoticias.com\/v3\/wp-json\/wp\/v2\/posts\/47840\/revisions"}],"predecessor-version":[{"id":47842,"href":"https:\/\/cvinoticias.com\/v3\/wp-json\/wp\/v2\/posts\/47840\/revisions\/47842"}],"wp:featuredmedia":[{"embeddable":true,"href":"https:\/\/cvinoticias.com\/v3\/wp-json\/wp\/v2\/media\/47841"}],"wp:attachment":[{"href":"https:\/\/cvinoticias.com\/v3\/wp-json\/wp\/v2\/media?parent=47840"}],"wp:term":[{"taxonomy":"category","embeddable":true,"href":"https:\/\/cvinoticias.com\/v3\/wp-json\/wp\/v2\/categories?post=47840"},{"taxonomy":"post_tag","embeddable":true,"href":"https:\/\/cvinoticias.com\/v3\/wp-json\/wp\/v2\/tags?post=47840"}],"curies":[{"name":"wp","href":"https:\/\/api.w.org\/{rel}","templated":true}]}}