{"id":47769,"date":"2025-08-19T08:50:47","date_gmt":"2025-08-19T11:50:47","guid":{"rendered":"https:\/\/cvinoticias.com\/v3\/?p=47769"},"modified":"2025-08-19T08:50:48","modified_gmt":"2025-08-19T11:50:48","slug":"fallecio-piloto-de-motocross-tras-accidente-en-candelaria","status":"publish","type":"post","link":"https:\/\/cvinoticias.com\/v3\/fallecio-piloto-de-motocross-tras-accidente-en-candelaria\/","title":{"rendered":"Falleci\u00f3 piloto de motocross tras accidente en Candelaria"},"content":{"rendered":"\n<p>El piloto de Puerto Iguaz\u00fa, Denis Insaurralde (29), falleci\u00f3 ayer en Posadas. Sufri\u00f3 golpes graves en una ca\u00edda durante los entrenamientos del domingo, en la 6ta fecha del Campeonato Misionero de Motocross (CAMiM).<\/p>\n\n\n\n<p>Desde la organizaci\u00f3n del campeonato informaron que el accidente ocurri\u00f3 en el Circuito MX Franco de Candelaria. Al momento de la ca\u00edda se activ\u00f3 el protocolo de sanidad de la Asociaci\u00f3n Argentina de Volantes (AAV), que cubre a todos los pilotos participantes.<\/p>\n\n\n\n<p>Insaurralde fue trasladado en ambulancia al Hospital Escuela Dr. Ram\u00f3n Madariaga de Posadas. All\u00ed pas\u00f3 la noche internado y, al mediod\u00eda del lunes, los m\u00e9dicos confirmaron su fallecimiento a la familia.<\/p>\n\n\n\n<p>El piloto compet\u00eda en la categor\u00eda Principiantes con una moto 450cc. Durante un salto triple cay\u00f3 mal y fue llevado r\u00e1pidamente al hospital. Ante el fallecimiento, se activ\u00f3 el seguro de vida de la AAV, seg\u00fan indic\u00f3 el delegado regional Eduardo Alvarez.<\/p>\n\n\n\n<p>Los restos de Denis ser\u00e1n trasladados a Puerto Iguaz\u00fa para su velatorio.<\/p>\n\n\n\n<p>Es el segundo piloto de motociclismo que muere en Misiones. El primero ocurri\u00f3 en enero de 2022, durante el Enduro Misionero en el circuito de Ca\u00e1 Yar\u00ed. En ese caso falleci\u00f3 Rub\u00e9n Oscar Fern\u00e1ndez (34), de Candelaria.<\/p>\n\n\n\n<p>El CAMiM expres\u00f3 su profundo dolor y acompa\u00f1amiento a la familia y amigos de Denis. Toda la comunidad del motocross en Misiones est\u00e1 de luto<\/p>\n","protected":false},"excerpt":{"rendered":"<p>El piloto de Puerto Iguaz\u00fa, Denis Insaurralde (29), falleci\u00f3 ayer en Posadas. Sufri\u00f3 golpes graves en una ca\u00edda durante los entrenamientos del domingo, en la 6ta fecha del Campeonato Misionero de Motocross (CAMiM). Desde la organizaci\u00f3n del campeonato informaron que el accidente ocurri\u00f3 en el Circuito MX Franco de Candelaria. Al momento de la ca\u00edda [&hellip;]<\/p>\n","protected":false},"author":2,"featured_media":47770,"comment_status":"open","ping_status":"open","sticky":false,"template":"","format":"standard","meta":{"footnotes":""},"categories":[47],"tags":[170,3627,3236,3230,1388],"class_list":["post-47769","post","type-post","status-publish","format-standard","has-post-thumbnail","hentry","category-sociedad","tag-accidente","tag-denis-insaurralde","tag-motocross","tag-murio-2","tag-piloto"],"yoast_head":"<!-- This site is optimized with the Yoast SEO plugin v27.4 - https:\/\/yoast.com\/product\/yoast-seo-wordpress\/ -->\n<title>Falleci\u00f3 un piloto de motocross tras accidente en Candelaria | CVI NOTICIAS<\/title>\n<meta name=\"description\" content=\"El piloto Denis Insaurralde, de Puerto Iguaz\u00fa, muri\u00f3 tras un accidente en los entrenamientos del Motocross en Candelaria.\" \/>\n<meta name=\"robots\" content=\"index, follow, max-snippet:-1, max-image-preview:large, max-video-preview:-1\" \/>\n<link rel=\"canonical\" href=\"https:\/\/cvinoticias.com\/v3\/fallecio-piloto-de-motocross-tras-accidente-en-candelaria\/\" \/>\n<meta property=\"og:locale\" content=\"es_ES\" \/>\n<meta property=\"og:type\" content=\"article\" \/>\n<meta property=\"og:title\" content=\"Falleci\u00f3 un piloto de motocross tras accidente en Candelaria | CVI NOTICIAS\" \/>\n<meta property=\"og:description\" content=\"El piloto Denis Insaurralde, de Puerto Iguaz\u00fa, muri\u00f3 tras un accidente en los entrenamientos del Motocross en Candelaria.\" \/>\n<meta property=\"og:url\" content=\"https:\/\/cvinoticias.com\/v3\/fallecio-piloto-de-motocross-tras-accidente-en-candelaria\/\" \/>\n<meta property=\"og:site_name\" content=\"CVI NOTICIAS\" \/>\n<meta property=\"article:publisher\" content=\"https:\/\/www.facebook.com\/cvinoticias\" \/>\n<meta property=\"article:published_time\" content=\"2025-08-19T11:50:47+00:00\" \/>\n<meta property=\"article:modified_time\" content=\"2025-08-19T11:50:48+00:00\" \/>\n<meta property=\"og:image\" content=\"https:\/\/cvinoticias.com\/wp-content\/uploads\/2025\/08\/md-4-e1755595312818.jpeg\" \/>\n\t<meta property=\"og:image:width\" content=\"708\" \/>\n\t<meta property=\"og:image:height\" content=\"585\" \/>\n\t<meta property=\"og:image:type\" content=\"image\/jpeg\" \/>\n<meta name=\"author\" content=\"f1000024\" \/>\n<meta name=\"twitter:card\" content=\"summary_large_image\" \/>\n<meta name=\"twitter:label1\" content=\"Escrito por\" \/>\n\t<meta name=\"twitter:data1\" content=\"f1000024\" \/>\n\t<meta name=\"twitter:label2\" content=\"Tiempo de lectura\" \/>\n\t<meta name=\"twitter:data2\" content=\"2 minutos\" \/>\n<script type=\"application\/ld+json\" class=\"yoast-schema-graph\">{\"@context\":\"https:\\\/\\\/schema.org\",\"@graph\":[{\"@type\":\"Article\",\"@id\":\"https:\\\/\\\/cvinoticias.com\\\/v3\\\/fallecio-piloto-de-motocross-tras-accidente-en-candelaria\\\/#article\",\"isPartOf\":{\"@id\":\"https:\\\/\\\/cvinoticias.com\\\/v3\\\/fallecio-piloto-de-motocross-tras-accidente-en-candelaria\\\/\"},\"author\":{\"name\":\"f1000024\",\"@id\":\"https:\\\/\\\/cvinoticias.com\\\/v3\\\/#\\\/schema\\\/person\\\/2db77e3c6bc03c538495d7b2b8be9b66\"},\"headline\":\"Falleci\u00f3 piloto de motocross tras accidente en Candelaria\",\"datePublished\":\"2025-08-19T11:50:47+00:00\",\"dateModified\":\"2025-08-19T11:50:48+00:00\",\"mainEntityOfPage\":{\"@id\":\"https:\\\/\\\/cvinoticias.com\\\/v3\\\/fallecio-piloto-de-motocross-tras-accidente-en-candelaria\\\/\"},\"wordCount\":242,\"commentCount\":0,\"publisher\":{\"@id\":\"https:\\\/\\\/cvinoticias.com\\\/v3\\\/#organization\"},\"image\":{\"@id\":\"https:\\\/\\\/cvinoticias.com\\\/v3\\\/fallecio-piloto-de-motocross-tras-accidente-en-candelaria\\\/#primaryimage\"},\"thumbnailUrl\":\"https:\\\/\\\/cvinoticias.com\\\/wp-content\\\/uploads\\\/2025\\\/08\\\/md-4-e1755595312818.jpeg\",\"keywords\":[\"accidente\",\"Denis Insaurralde\",\"Motocross\",\"Muri\u00f3\",\"Piloto\"],\"articleSection\":[\"Sociedad\"],\"inLanguage\":\"es\",\"potentialAction\":[{\"@type\":\"CommentAction\",\"name\":\"Comment\",\"target\":[\"https:\\\/\\\/cvinoticias.com\\\/v3\\\/fallecio-piloto-de-motocross-tras-accidente-en-candelaria\\\/#respond\"]}]},{\"@type\":\"WebPage\",\"@id\":\"https:\\\/\\\/cvinoticias.com\\\/v3\\\/fallecio-piloto-de-motocross-tras-accidente-en-candelaria\\\/\",\"url\":\"https:\\\/\\\/cvinoticias.com\\\/v3\\\/fallecio-piloto-de-motocross-tras-accidente-en-candelaria\\\/\",\"name\":\"Falleci\u00f3 un piloto de motocross tras accidente en Candelaria | CVI NOTICIAS\",\"isPartOf\":{\"@id\":\"https:\\\/\\\/cvinoticias.com\\\/v3\\\/#website\"},\"primaryImageOfPage\":{\"@id\":\"https:\\\/\\\/cvinoticias.com\\\/v3\\\/fallecio-piloto-de-motocross-tras-accidente-en-candelaria\\\/#primaryimage\"},\"image\":{\"@id\":\"https:\\\/\\\/cvinoticias.com\\\/v3\\\/fallecio-piloto-de-motocross-tras-accidente-en-candelaria\\\/#primaryimage\"},\"thumbnailUrl\":\"https:\\\/\\\/cvinoticias.com\\\/wp-content\\\/uploads\\\/2025\\\/08\\\/md-4-e1755595312818.jpeg\",\"datePublished\":\"2025-08-19T11:50:47+00:00\",\"dateModified\":\"2025-08-19T11:50:48+00:00\",\"description\":\"El piloto Denis Insaurralde, de Puerto Iguaz\u00fa, muri\u00f3 tras un accidente en los entrenamientos del Motocross en Candelaria.\",\"breadcrumb\":{\"@id\":\"https:\\\/\\\/cvinoticias.com\\\/v3\\\/fallecio-piloto-de-motocross-tras-accidente-en-candelaria\\\/#breadcrumb\"},\"inLanguage\":\"es\",\"potentialAction\":[{\"@type\":\"ReadAction\",\"target\":[\"https:\\\/\\\/cvinoticias.com\\\/v3\\\/fallecio-piloto-de-motocross-tras-accidente-en-candelaria\\\/\"]}]},{\"@type\":\"ImageObject\",\"inLanguage\":\"es\",\"@id\":\"https:\\\/\\\/cvinoticias.com\\\/v3\\\/fallecio-piloto-de-motocross-tras-accidente-en-candelaria\\\/#primaryimage\",\"url\":\"https:\\\/\\\/cvinoticias.com\\\/wp-content\\\/uploads\\\/2025\\\/08\\\/md-4-e1755595312818.jpeg\",\"contentUrl\":\"https:\\\/\\\/cvinoticias.com\\\/wp-content\\\/uploads\\\/2025\\\/08\\\/md-4-e1755595312818.jpeg\",\"width\":708,\"height\":585},{\"@type\":\"BreadcrumbList\",\"@id\":\"https:\\\/\\\/cvinoticias.com\\\/v3\\\/fallecio-piloto-de-motocross-tras-accidente-en-candelaria\\\/#breadcrumb\",\"itemListElement\":[{\"@type\":\"ListItem\",\"position\":1,\"name\":\"Portada\",\"item\":\"https:\\\/\\\/cvinoticias.com\\\/v3\\\/\"},{\"@type\":\"ListItem\",\"position\":2,\"name\":\"Falleci\u00f3 piloto de motocross tras accidente en Candelaria\"}]},{\"@type\":\"WebSite\",\"@id\":\"https:\\\/\\\/cvinoticias.com\\\/v3\\\/#website\",\"url\":\"https:\\\/\\\/cvinoticias.com\\\/v3\\\/\",\"name\":\"CVI NOTICIAS\",\"description\":\"\",\"publisher\":{\"@id\":\"https:\\\/\\\/cvinoticias.com\\\/v3\\\/#organization\"},\"alternateName\":\"CVI\",\"potentialAction\":[{\"@type\":\"SearchAction\",\"target\":{\"@type\":\"EntryPoint\",\"urlTemplate\":\"https:\\\/\\\/cvinoticias.com\\\/v3\\\/?s={search_term_string}\"},\"query-input\":{\"@type\":\"PropertyValueSpecification\",\"valueRequired\":true,\"valueName\":\"search_term_string\"}}],\"inLanguage\":\"es\"},{\"@type\":\"Organization\",\"@id\":\"https:\\\/\\\/cvinoticias.com\\\/v3\\\/#organization\",\"name\":\"CVI NOTICIAS\",\"url\":\"https:\\\/\\\/cvinoticias.com\\\/v3\\\/\",\"logo\":{\"@type\":\"ImageObject\",\"inLanguage\":\"es\",\"@id\":\"https:\\\/\\\/cvinoticias.com\\\/v3\\\/#\\\/schema\\\/logo\\\/image\\\/\",\"url\":\"https:\\\/\\\/cvinoticias.com\\\/wp-content\\\/uploads\\\/2023\\\/04\\\/cropped-cropped-cropped-cropped-cropped-3-1.png\",\"contentUrl\":\"https:\\\/\\\/cvinoticias.com\\\/wp-content\\\/uploads\\\/2023\\\/04\\\/cropped-cropped-cropped-cropped-cropped-3-1.png\",\"width\":95,\"height\":122,\"caption\":\"CVI NOTICIAS\"},\"image\":{\"@id\":\"https:\\\/\\\/cvinoticias.com\\\/v3\\\/#\\\/schema\\\/logo\\\/image\\\/\"},\"sameAs\":[\"https:\\\/\\\/www.facebook.com\\\/cvinoticias\",\"https:\\\/\\\/www.instagram.com\\\/cvinoticias\\\/\",\"https:\\\/\\\/www.youtube.com\\\/@CVINOTICIAS\"]},{\"@type\":\"Person\",\"@id\":\"https:\\\/\\\/cvinoticias.com\\\/v3\\\/#\\\/schema\\\/person\\\/2db77e3c6bc03c538495d7b2b8be9b66\",\"name\":\"f1000024\",\"image\":{\"@type\":\"ImageObject\",\"inLanguage\":\"es\",\"@id\":\"https:\\\/\\\/secure.gravatar.com\\\/avatar\\\/d4fe7459cfc51ff5129ce1a732bbef5928568b8092d412ef95611616376bbeed?s=96&d=mm&r=g\",\"url\":\"https:\\\/\\\/secure.gravatar.com\\\/avatar\\\/d4fe7459cfc51ff5129ce1a732bbef5928568b8092d412ef95611616376bbeed?s=96&d=mm&r=g\",\"contentUrl\":\"https:\\\/\\\/secure.gravatar.com\\\/avatar\\\/d4fe7459cfc51ff5129ce1a732bbef5928568b8092d412ef95611616376bbeed?s=96&d=mm&r=g\",\"caption\":\"f1000024\"},\"url\":\"https:\\\/\\\/cvinoticias.com\\\/v3\\\/author\\\/f1000024\\\/\"}]}<\/script>\n<!-- \/ Yoast SEO plugin. -->","yoast_head_json":{"title":"Falleci\u00f3 un piloto de motocross tras accidente en Candelaria | CVI NOTICIAS","description":"El piloto Denis Insaurralde, de Puerto Iguaz\u00fa, muri\u00f3 tras un accidente en los entrenamientos del Motocross en Candelaria.","robots":{"index":"index","follow":"follow","max-snippet":"max-snippet:-1","max-image-preview":"max-image-preview:large","max-video-preview":"max-video-preview:-1"},"canonical":"https:\/\/cvinoticias.com\/v3\/fallecio-piloto-de-motocross-tras-accidente-en-candelaria\/","og_locale":"es_ES","og_type":"article","og_title":"Falleci\u00f3 un piloto de motocross tras accidente en Candelaria | CVI NOTICIAS","og_description":"El piloto Denis Insaurralde, de Puerto Iguaz\u00fa, muri\u00f3 tras un accidente en los entrenamientos del Motocross en Candelaria.","og_url":"https:\/\/cvinoticias.com\/v3\/fallecio-piloto-de-motocross-tras-accidente-en-candelaria\/","og_site_name":"CVI NOTICIAS","article_publisher":"https:\/\/www.facebook.com\/cvinoticias","article_published_time":"2025-08-19T11:50:47+00:00","article_modified_time":"2025-08-19T11:50:48+00:00","og_image":[{"width":708,"height":585,"url":"https:\/\/cvinoticias.com\/wp-content\/uploads\/2025\/08\/md-4-e1755595312818.jpeg","type":"image\/jpeg"}],"author":"f1000024","twitter_card":"summary_large_image","twitter_misc":{"Escrito por":"f1000024","Tiempo de lectura":"2 minutos"},"schema":{"@context":"https:\/\/schema.org","@graph":[{"@type":"Article","@id":"https:\/\/cvinoticias.com\/v3\/fallecio-piloto-de-motocross-tras-accidente-en-candelaria\/#article","isPartOf":{"@id":"https:\/\/cvinoticias.com\/v3\/fallecio-piloto-de-motocross-tras-accidente-en-candelaria\/"},"author":{"name":"f1000024","@id":"https:\/\/cvinoticias.com\/v3\/#\/schema\/person\/2db77e3c6bc03c538495d7b2b8be9b66"},"headline":"Falleci\u00f3 piloto de motocross tras accidente en Candelaria","datePublished":"2025-08-19T11:50:47+00:00","dateModified":"2025-08-19T11:50:48+00:00","mainEntityOfPage":{"@id":"https:\/\/cvinoticias.com\/v3\/fallecio-piloto-de-motocross-tras-accidente-en-candelaria\/"},"wordCount":242,"commentCount":0,"publisher":{"@id":"https:\/\/cvinoticias.com\/v3\/#organization"},"image":{"@id":"https:\/\/cvinoticias.com\/v3\/fallecio-piloto-de-motocross-tras-accidente-en-candelaria\/#primaryimage"},"thumbnailUrl":"https:\/\/cvinoticias.com\/wp-content\/uploads\/2025\/08\/md-4-e1755595312818.jpeg","keywords":["accidente","Denis Insaurralde","Motocross","Muri\u00f3","Piloto"],"articleSection":["Sociedad"],"inLanguage":"es","potentialAction":[{"@type":"CommentAction","name":"Comment","target":["https:\/\/cvinoticias.com\/v3\/fallecio-piloto-de-motocross-tras-accidente-en-candelaria\/#respond"]}]},{"@type":"WebPage","@id":"https:\/\/cvinoticias.com\/v3\/fallecio-piloto-de-motocross-tras-accidente-en-candelaria\/","url":"https:\/\/cvinoticias.com\/v3\/fallecio-piloto-de-motocross-tras-accidente-en-candelaria\/","name":"Falleci\u00f3 un piloto de motocross tras accidente en Candelaria | CVI NOTICIAS","isPartOf":{"@id":"https:\/\/cvinoticias.com\/v3\/#website"},"primaryImageOfPage":{"@id":"https:\/\/cvinoticias.com\/v3\/fallecio-piloto-de-motocross-tras-accidente-en-candelaria\/#primaryimage"},"image":{"@id":"https:\/\/cvinoticias.com\/v3\/fallecio-piloto-de-motocross-tras-accidente-en-candelaria\/#primaryimage"},"thumbnailUrl":"https:\/\/cvinoticias.com\/wp-content\/uploads\/2025\/08\/md-4-e1755595312818.jpeg","datePublished":"2025-08-19T11:50:47+00:00","dateModified":"2025-08-19T11:50:48+00:00","description":"El piloto Denis Insaurralde, de Puerto Iguaz\u00fa, muri\u00f3 tras un accidente en los entrenamientos del Motocross en Candelaria.","breadcrumb":{"@id":"https:\/\/cvinoticias.com\/v3\/fallecio-piloto-de-motocross-tras-accidente-en-candelaria\/#breadcrumb"},"inLanguage":"es","potentialAction":[{"@type":"ReadAction","target":["https:\/\/cvinoticias.com\/v3\/fallecio-piloto-de-motocross-tras-accidente-en-candelaria\/"]}]},{"@type":"ImageObject","inLanguage":"es","@id":"https:\/\/cvinoticias.com\/v3\/fallecio-piloto-de-motocross-tras-accidente-en-candelaria\/#primaryimage","url":"https:\/\/cvinoticias.com\/wp-content\/uploads\/2025\/08\/md-4-e1755595312818.jpeg","contentUrl":"https:\/\/cvinoticias.com\/wp-content\/uploads\/2025\/08\/md-4-e1755595312818.jpeg","width":708,"height":585},{"@type":"BreadcrumbList","@id":"https:\/\/cvinoticias.com\/v3\/fallecio-piloto-de-motocross-tras-accidente-en-candelaria\/#breadcrumb","itemListElement":[{"@type":"ListItem","position":1,"name":"Portada","item":"https:\/\/cvinoticias.com\/v3\/"},{"@type":"ListItem","position":2,"name":"Falleci\u00f3 piloto de motocross tras accidente en Candelaria"}]},{"@type":"WebSite","@id":"https:\/\/cvinoticias.com\/v3\/#website","url":"https:\/\/cvinoticias.com\/v3\/","name":"CVI NOTICIAS","description":"","publisher":{"@id":"https:\/\/cvinoticias.com\/v3\/#organization"},"alternateName":"CVI","potentialAction":[{"@type":"SearchAction","target":{"@type":"EntryPoint","urlTemplate":"https:\/\/cvinoticias.com\/v3\/?s={search_term_string}"},"query-input":{"@type":"PropertyValueSpecification","valueRequired":true,"valueName":"search_term_string"}}],"inLanguage":"es"},{"@type":"Organization","@id":"https:\/\/cvinoticias.com\/v3\/#organization","name":"CVI NOTICIAS","url":"https:\/\/cvinoticias.com\/v3\/","logo":{"@type":"ImageObject","inLanguage":"es","@id":"https:\/\/cvinoticias.com\/v3\/#\/schema\/logo\/image\/","url":"https:\/\/cvinoticias.com\/wp-content\/uploads\/2023\/04\/cropped-cropped-cropped-cropped-cropped-3-1.png","contentUrl":"https:\/\/cvinoticias.com\/wp-content\/uploads\/2023\/04\/cropped-cropped-cropped-cropped-cropped-3-1.png","width":95,"height":122,"caption":"CVI NOTICIAS"},"image":{"@id":"https:\/\/cvinoticias.com\/v3\/#\/schema\/logo\/image\/"},"sameAs":["https:\/\/www.facebook.com\/cvinoticias","https:\/\/www.instagram.com\/cvinoticias\/","https:\/\/www.youtube.com\/@CVINOTICIAS"]},{"@type":"Person","@id":"https:\/\/cvinoticias.com\/v3\/#\/schema\/person\/2db77e3c6bc03c538495d7b2b8be9b66","name":"f1000024","image":{"@type":"ImageObject","inLanguage":"es","@id":"https:\/\/secure.gravatar.com\/avatar\/d4fe7459cfc51ff5129ce1a732bbef5928568b8092d412ef95611616376bbeed?s=96&d=mm&r=g","url":"https:\/\/secure.gravatar.com\/avatar\/d4fe7459cfc51ff5129ce1a732bbef5928568b8092d412ef95611616376bbeed?s=96&d=mm&r=g","contentUrl":"https:\/\/secure.gravatar.com\/avatar\/d4fe7459cfc51ff5129ce1a732bbef5928568b8092d412ef95611616376bbeed?s=96&d=mm&r=g","caption":"f1000024"},"url":"https:\/\/cvinoticias.com\/v3\/author\/f1000024\/"}]}},"_links":{"self":[{"href":"https:\/\/cvinoticias.com\/v3\/wp-json\/wp\/v2\/posts\/47769","targetHints":{"allow":["GET"]}}],"collection":[{"href":"https:\/\/cvinoticias.com\/v3\/wp-json\/wp\/v2\/posts"}],"about":[{"href":"https:\/\/cvinoticias.com\/v3\/wp-json\/wp\/v2\/types\/post"}],"author":[{"embeddable":true,"href":"https:\/\/cvinoticias.com\/v3\/wp-json\/wp\/v2\/users\/2"}],"replies":[{"embeddable":true,"href":"https:\/\/cvinoticias.com\/v3\/wp-json\/wp\/v2\/comments?post=47769"}],"version-history":[{"count":1,"href":"https:\/\/cvinoticias.com\/v3\/wp-json\/wp\/v2\/posts\/47769\/revisions"}],"predecessor-version":[{"id":47771,"href":"https:\/\/cvinoticias.com\/v3\/wp-json\/wp\/v2\/posts\/47769\/revisions\/47771"}],"wp:featuredmedia":[{"embeddable":true,"href":"https:\/\/cvinoticias.com\/v3\/wp-json\/wp\/v2\/media\/47770"}],"wp:attachment":[{"href":"https:\/\/cvinoticias.com\/v3\/wp-json\/wp\/v2\/media?parent=47769"}],"wp:term":[{"taxonomy":"category","embeddable":true,"href":"https:\/\/cvinoticias.com\/v3\/wp-json\/wp\/v2\/categories?post=47769"},{"taxonomy":"post_tag","embeddable":true,"href":"https:\/\/cvinoticias.com\/v3\/wp-json\/wp\/v2\/tags?post=47769"}],"curies":[{"name":"wp","href":"https:\/\/api.w.org\/{rel}","templated":true}]}}