{"id":4766,"date":"2021-05-02T16:32:03","date_gmt":"2021-05-02T16:32:03","guid":{"rendered":"https:\/\/cvinoticias.com\/v3\/?p=4766"},"modified":"2021-05-02T16:32:03","modified_gmt":"2021-05-02T16:32:03","slug":"oficializan-la-suba-del-9-en-las-tarifas-de-luz","status":"publish","type":"post","link":"https:\/\/cvinoticias.com\/v3\/oficializan-la-suba-del-9-en-las-tarifas-de-luz\/","title":{"rendered":"Oficializan la suba del 9% en las tarifas de luz"},"content":{"rendered":"\n<p><em><strong>De este modo, el Gobierno comienza a transitar el sendero del descongelamiento tarifario, a partir de un esquema de ajustes graduales.<\/strong><\/em><\/p>\n\n\n\n<p>El Gobierno oficializ\u00f3 en el Bolet\u00edn Oficial el incremento de tarifas energ\u00e9ticas de un 9 por ciento promedio para usuarios residenciales en el AMBA a partir de este mes. Se trata de las tarifas de transici\u00f3n fijadas por el Ente Nacional Regulador de la Electricidad (ENRE) luego de las audiencias p\u00fablicas realizadas en marzo.<br><br>\u00abEn el marco de este esquema tarifario de Transici\u00f3n del servicio de Distribuci\u00f3n de energ\u00eda, la Secretar\u00eda de Energ\u00eda entendi\u00f3 oportuno y conveniente que el ENRE, en el marco del proceso de negociaci\u00f3n del acta acuerdo de transici\u00f3n, realice una adecuaci\u00f3n del 9 por ciento a aplicar sobre la tarifa final a los usuarios\u00bb, indic\u00f3 en la publicaci\u00f3n.<br><br>La Resoluci\u00f3n 107\/2021 aclar\u00f3 que \u00abla prioridad es acompa\u00f1ar a los sectores populares y a la clase media propiciando la reactivaci\u00f3n de la actividad econ\u00f3mica y la recuperaci\u00f3n del poder adquisitivo de los trabajadores y las trabajadoras\u00bb.<br><br>\u00abEn ese contexto, el servicio el\u00e9ctrico es un pilar indispensable para el crecimiento econ\u00f3mico y el desarrollo productivo\u00bb, consider\u00f3.<br><br>Puntualiz\u00f3 que de haberse mantenido la pol\u00edtica tarifaria del Gobierno anterior, sumado a la quita total de los subsidios, \u00aba febrero de 2021 los usuarios residenciales habr\u00edan tenido que afrontar un 168% de aumento en sus facturas\u00bb.<br><br>La medida -que alcanza a los usuarios de las distribuidoras Edenor y Edesur- se tom\u00f3 luego de una reuni\u00f3n entre el presidente Alberto Fern\u00e1ndez; el ministro de Econom\u00eda, Mart\u00edn Guzm\u00e1n; y el jefe de Gabinete, Santiago Cafiero, seg\u00fan se inform\u00f3 el viernes.<br><br>El encuentro entre el jefe de Estado y sus ministros, seg\u00fan trascendi\u00f3, termin\u00f3 con el pedido de renuncia al subsecretario de Energ\u00eda, Federico Basualdo, en el marco de una interna entre quienes quer\u00edan que las tarifas continuaran sin modificaciones y los que consideraban que deb\u00eda procederse al descongelamiento.<br><br>De este modo, el Gobierno comienza a transitar el sendero del descongelamiento tarifario, a partir de un esquema de ajustes graduales.<br><br>Las tarifas de electricidad no aumentaban desde diciembre de 2019, cuando se sancion\u00f3 la Ley de Solidaridad Social y Reactivaci\u00f3n Productiva, una de las primeras medidas que aplic\u00f3 la administraci\u00f3n de Fern\u00e1ndez. La \u00faltima pr\u00f3rroga del congelamiento se dispuso en diciembre de 2020, momento en el cual el Poder Ejecutivo habilit\u00f3 la renegociaci\u00f3n de las tarifas de luz y el gas.<br><br>Con el congelamiento, en apenas el primer trimestre de 2021 el Estado nacional destin\u00f3 $185.000 millones en subsidios para mantenerlas congeladas. Esa cifra implica un incremento de 73% medido en forma nominal con relaci\u00f3n a los $107.000 millones del mismo per\u00edodo de 2020, de acuerdo con cifras oficiales.<br><br>La reducci\u00f3n de subsidios a las tarifas de servicios p\u00fablicos es uno de los puntos centrales para que el Poder Ejecutivo logre cerrar el a\u00f1o con un d\u00e9ficit primario en torno al 4,5%. Las audiencias p\u00fablicas para las \u00abtarifas de transici\u00f3n\u00bb de la energ\u00eda el\u00e9ctrica se realizaron entre el 29 y el 30 de marzo, a cargo de la interventora del ENRE, Mar\u00eda Soledad Man\u00edn.<br><br>En esa oportunidad, las distribuidoras el\u00e9ctricas Edenor y Edesur hab\u00edan reclamado subas de entre 28% y 34% para clientes residenciales, y de hasta 45% para el resto de los usuarios, en el marco de la audiencia p\u00fablica en la que se debati\u00f3 el ajuste que en forma transitoria regir\u00e1 hasta 2023.<\/p>\n","protected":false},"excerpt":{"rendered":"<p>De este modo, el Gobierno comienza a transitar el sendero del descongelamiento tarifario, a partir de un esquema de ajustes graduales. El Gobierno oficializ\u00f3 en el Bolet\u00edn Oficial el incremento de tarifas energ\u00e9ticas de un 9 por ciento promedio para usuarios residenciales en el AMBA a partir de este mes. Se trata de las tarifas [&hellip;]<\/p>\n","protected":false},"author":2,"featured_media":4123,"comment_status":"open","ping_status":"open","sticky":false,"template":"","format":"standard","meta":{"footnotes":""},"categories":[33],"tags":[],"class_list":["post-4766","post","type-post","status-publish","format-standard","has-post-thumbnail","hentry","category-energia"],"yoast_head":"<!-- This site is optimized with the Yoast SEO plugin v27.5 - https:\/\/yoast.com\/product\/yoast-seo-wordpress\/ -->\n<title>Oficializan la suba del 9% en las tarifas de luz | CVI NOTICIAS<\/title>\n<meta name=\"robots\" content=\"index, follow, max-snippet:-1, max-image-preview:large, max-video-preview:-1\" \/>\n<link rel=\"canonical\" href=\"https:\/\/cvinoticias.com\/v3\/oficializan-la-suba-del-9-en-las-tarifas-de-luz\/\" \/>\n<meta property=\"og:locale\" content=\"es_ES\" \/>\n<meta property=\"og:type\" content=\"article\" \/>\n<meta property=\"og:title\" content=\"Oficializan la suba del 9% en las tarifas de luz | CVI NOTICIAS\" \/>\n<meta property=\"og:description\" content=\"De este modo, el Gobierno comienza a transitar el sendero del descongelamiento tarifario, a partir de un esquema de ajustes graduales. El Gobierno oficializ\u00f3 en el Bolet\u00edn Oficial el incremento de tarifas energ\u00e9ticas de un 9 por ciento promedio para usuarios residenciales en el AMBA a partir de este mes. Se trata de las tarifas [&hellip;]\" \/>\n<meta property=\"og:url\" content=\"https:\/\/cvinoticias.com\/v3\/oficializan-la-suba-del-9-en-las-tarifas-de-luz\/\" \/>\n<meta property=\"og:site_name\" content=\"CVI NOTICIAS\" \/>\n<meta property=\"article:publisher\" content=\"https:\/\/www.facebook.com\/cvinoticias\" \/>\n<meta property=\"article:published_time\" content=\"2021-05-02T16:32:03+00:00\" \/>\n<meta property=\"og:image\" content=\"https:\/\/cvinoticias.com\/wp-content\/uploads\/2021\/04\/1578860880121-2.jpg\" \/>\n\t<meta property=\"og:image:width\" content=\"600\" \/>\n\t<meta property=\"og:image:height\" content=\"365\" \/>\n\t<meta property=\"og:image:type\" content=\"image\/jpeg\" \/>\n<meta name=\"author\" content=\"f1000024\" \/>\n<meta name=\"twitter:card\" content=\"summary_large_image\" \/>\n<meta name=\"twitter:label1\" content=\"Escrito por\" \/>\n\t<meta name=\"twitter:data1\" content=\"f1000024\" \/>\n\t<meta name=\"twitter:label2\" content=\"Tiempo de lectura\" \/>\n\t<meta name=\"twitter:data2\" content=\"3 minutos\" \/>\n<script type=\"application\/ld+json\" class=\"yoast-schema-graph\">{\"@context\":\"https:\\\/\\\/schema.org\",\"@graph\":[{\"@type\":\"Article\",\"@id\":\"https:\\\/\\\/cvinoticias.com\\\/v3\\\/oficializan-la-suba-del-9-en-las-tarifas-de-luz\\\/#article\",\"isPartOf\":{\"@id\":\"https:\\\/\\\/cvinoticias.com\\\/v3\\\/oficializan-la-suba-del-9-en-las-tarifas-de-luz\\\/\"},\"author\":{\"name\":\"f1000024\",\"@id\":\"https:\\\/\\\/cvinoticias.com\\\/v3\\\/#\\\/schema\\\/person\\\/2db77e3c6bc03c538495d7b2b8be9b66\"},\"headline\":\"Oficializan la suba del 9% en las tarifas de luz\",\"datePublished\":\"2021-05-02T16:32:03+00:00\",\"mainEntityOfPage\":{\"@id\":\"https:\\\/\\\/cvinoticias.com\\\/v3\\\/oficializan-la-suba-del-9-en-las-tarifas-de-luz\\\/\"},\"wordCount\":604,\"commentCount\":0,\"publisher\":{\"@id\":\"https:\\\/\\\/cvinoticias.com\\\/v3\\\/#organization\"},\"image\":{\"@id\":\"https:\\\/\\\/cvinoticias.com\\\/v3\\\/oficializan-la-suba-del-9-en-las-tarifas-de-luz\\\/#primaryimage\"},\"thumbnailUrl\":\"https:\\\/\\\/cvinoticias.com\\\/wp-content\\\/uploads\\\/2021\\\/04\\\/1578860880121-2.jpg\",\"articleSection\":[\"Energ\u00eda\"],\"inLanguage\":\"es\",\"potentialAction\":[{\"@type\":\"CommentAction\",\"name\":\"Comment\",\"target\":[\"https:\\\/\\\/cvinoticias.com\\\/v3\\\/oficializan-la-suba-del-9-en-las-tarifas-de-luz\\\/#respond\"]}]},{\"@type\":\"WebPage\",\"@id\":\"https:\\\/\\\/cvinoticias.com\\\/v3\\\/oficializan-la-suba-del-9-en-las-tarifas-de-luz\\\/\",\"url\":\"https:\\\/\\\/cvinoticias.com\\\/v3\\\/oficializan-la-suba-del-9-en-las-tarifas-de-luz\\\/\",\"name\":\"Oficializan la suba del 9% en las tarifas de luz | CVI NOTICIAS\",\"isPartOf\":{\"@id\":\"https:\\\/\\\/cvinoticias.com\\\/v3\\\/#website\"},\"primaryImageOfPage\":{\"@id\":\"https:\\\/\\\/cvinoticias.com\\\/v3\\\/oficializan-la-suba-del-9-en-las-tarifas-de-luz\\\/#primaryimage\"},\"image\":{\"@id\":\"https:\\\/\\\/cvinoticias.com\\\/v3\\\/oficializan-la-suba-del-9-en-las-tarifas-de-luz\\\/#primaryimage\"},\"thumbnailUrl\":\"https:\\\/\\\/cvinoticias.com\\\/wp-content\\\/uploads\\\/2021\\\/04\\\/1578860880121-2.jpg\",\"datePublished\":\"2021-05-02T16:32:03+00:00\",\"breadcrumb\":{\"@id\":\"https:\\\/\\\/cvinoticias.com\\\/v3\\\/oficializan-la-suba-del-9-en-las-tarifas-de-luz\\\/#breadcrumb\"},\"inLanguage\":\"es\",\"potentialAction\":[{\"@type\":\"ReadAction\",\"target\":[\"https:\\\/\\\/cvinoticias.com\\\/v3\\\/oficializan-la-suba-del-9-en-las-tarifas-de-luz\\\/\"]}]},{\"@type\":\"ImageObject\",\"inLanguage\":\"es\",\"@id\":\"https:\\\/\\\/cvinoticias.com\\\/v3\\\/oficializan-la-suba-del-9-en-las-tarifas-de-luz\\\/#primaryimage\",\"url\":\"https:\\\/\\\/cvinoticias.com\\\/wp-content\\\/uploads\\\/2021\\\/04\\\/1578860880121-2.jpg\",\"contentUrl\":\"https:\\\/\\\/cvinoticias.com\\\/wp-content\\\/uploads\\\/2021\\\/04\\\/1578860880121-2.jpg\",\"width\":600,\"height\":365},{\"@type\":\"BreadcrumbList\",\"@id\":\"https:\\\/\\\/cvinoticias.com\\\/v3\\\/oficializan-la-suba-del-9-en-las-tarifas-de-luz\\\/#breadcrumb\",\"itemListElement\":[{\"@type\":\"ListItem\",\"position\":1,\"name\":\"Portada\",\"item\":\"https:\\\/\\\/cvinoticias.com\\\/v3\\\/\"},{\"@type\":\"ListItem\",\"position\":2,\"name\":\"Oficializan la suba del 9% en las tarifas de luz\"}]},{\"@type\":\"WebSite\",\"@id\":\"https:\\\/\\\/cvinoticias.com\\\/v3\\\/#website\",\"url\":\"https:\\\/\\\/cvinoticias.com\\\/v3\\\/\",\"name\":\"CVI NOTICIAS\",\"description\":\"\",\"publisher\":{\"@id\":\"https:\\\/\\\/cvinoticias.com\\\/v3\\\/#organization\"},\"alternateName\":\"CVI\",\"potentialAction\":[{\"@type\":\"SearchAction\",\"target\":{\"@type\":\"EntryPoint\",\"urlTemplate\":\"https:\\\/\\\/cvinoticias.com\\\/v3\\\/?s={search_term_string}\"},\"query-input\":{\"@type\":\"PropertyValueSpecification\",\"valueRequired\":true,\"valueName\":\"search_term_string\"}}],\"inLanguage\":\"es\"},{\"@type\":\"Organization\",\"@id\":\"https:\\\/\\\/cvinoticias.com\\\/v3\\\/#organization\",\"name\":\"CVI NOTICIAS\",\"url\":\"https:\\\/\\\/cvinoticias.com\\\/v3\\\/\",\"logo\":{\"@type\":\"ImageObject\",\"inLanguage\":\"es\",\"@id\":\"https:\\\/\\\/cvinoticias.com\\\/v3\\\/#\\\/schema\\\/logo\\\/image\\\/\",\"url\":\"https:\\\/\\\/cvinoticias.com\\\/wp-content\\\/uploads\\\/2023\\\/04\\\/cropped-cropped-cropped-cropped-cropped-3-1.png\",\"contentUrl\":\"https:\\\/\\\/cvinoticias.com\\\/wp-content\\\/uploads\\\/2023\\\/04\\\/cropped-cropped-cropped-cropped-cropped-3-1.png\",\"width\":95,\"height\":122,\"caption\":\"CVI NOTICIAS\"},\"image\":{\"@id\":\"https:\\\/\\\/cvinoticias.com\\\/v3\\\/#\\\/schema\\\/logo\\\/image\\\/\"},\"sameAs\":[\"https:\\\/\\\/www.facebook.com\\\/cvinoticias\",\"https:\\\/\\\/www.instagram.com\\\/cvinoticias\\\/\",\"https:\\\/\\\/www.youtube.com\\\/@CVINOTICIAS\"]},{\"@type\":\"Person\",\"@id\":\"https:\\\/\\\/cvinoticias.com\\\/v3\\\/#\\\/schema\\\/person\\\/2db77e3c6bc03c538495d7b2b8be9b66\",\"name\":\"f1000024\",\"image\":{\"@type\":\"ImageObject\",\"inLanguage\":\"es\",\"@id\":\"https:\\\/\\\/secure.gravatar.com\\\/avatar\\\/d4fe7459cfc51ff5129ce1a732bbef5928568b8092d412ef95611616376bbeed?s=96&d=mm&r=g\",\"url\":\"https:\\\/\\\/secure.gravatar.com\\\/avatar\\\/d4fe7459cfc51ff5129ce1a732bbef5928568b8092d412ef95611616376bbeed?s=96&d=mm&r=g\",\"contentUrl\":\"https:\\\/\\\/secure.gravatar.com\\\/avatar\\\/d4fe7459cfc51ff5129ce1a732bbef5928568b8092d412ef95611616376bbeed?s=96&d=mm&r=g\",\"caption\":\"f1000024\"},\"url\":\"https:\\\/\\\/cvinoticias.com\\\/v3\\\/author\\\/f1000024\\\/\"}]}<\/script>\n<!-- \/ Yoast SEO plugin. -->","yoast_head_json":{"title":"Oficializan la suba del 9% en las tarifas de luz | CVI NOTICIAS","robots":{"index":"index","follow":"follow","max-snippet":"max-snippet:-1","max-image-preview":"max-image-preview:large","max-video-preview":"max-video-preview:-1"},"canonical":"https:\/\/cvinoticias.com\/v3\/oficializan-la-suba-del-9-en-las-tarifas-de-luz\/","og_locale":"es_ES","og_type":"article","og_title":"Oficializan la suba del 9% en las tarifas de luz | CVI NOTICIAS","og_description":"De este modo, el Gobierno comienza a transitar el sendero del descongelamiento tarifario, a partir de un esquema de ajustes graduales. El Gobierno oficializ\u00f3 en el Bolet\u00edn Oficial el incremento de tarifas energ\u00e9ticas de un 9 por ciento promedio para usuarios residenciales en el AMBA a partir de este mes. Se trata de las tarifas [&hellip;]","og_url":"https:\/\/cvinoticias.com\/v3\/oficializan-la-suba-del-9-en-las-tarifas-de-luz\/","og_site_name":"CVI NOTICIAS","article_publisher":"https:\/\/www.facebook.com\/cvinoticias","article_published_time":"2021-05-02T16:32:03+00:00","og_image":[{"width":600,"height":365,"url":"https:\/\/cvinoticias.com\/wp-content\/uploads\/2021\/04\/1578860880121-2.jpg","type":"image\/jpeg"}],"author":"f1000024","twitter_card":"summary_large_image","twitter_misc":{"Escrito por":"f1000024","Tiempo de lectura":"3 minutos"},"schema":{"@context":"https:\/\/schema.org","@graph":[{"@type":"Article","@id":"https:\/\/cvinoticias.com\/v3\/oficializan-la-suba-del-9-en-las-tarifas-de-luz\/#article","isPartOf":{"@id":"https:\/\/cvinoticias.com\/v3\/oficializan-la-suba-del-9-en-las-tarifas-de-luz\/"},"author":{"name":"f1000024","@id":"https:\/\/cvinoticias.com\/v3\/#\/schema\/person\/2db77e3c6bc03c538495d7b2b8be9b66"},"headline":"Oficializan la suba del 9% en las tarifas de luz","datePublished":"2021-05-02T16:32:03+00:00","mainEntityOfPage":{"@id":"https:\/\/cvinoticias.com\/v3\/oficializan-la-suba-del-9-en-las-tarifas-de-luz\/"},"wordCount":604,"commentCount":0,"publisher":{"@id":"https:\/\/cvinoticias.com\/v3\/#organization"},"image":{"@id":"https:\/\/cvinoticias.com\/v3\/oficializan-la-suba-del-9-en-las-tarifas-de-luz\/#primaryimage"},"thumbnailUrl":"https:\/\/cvinoticias.com\/wp-content\/uploads\/2021\/04\/1578860880121-2.jpg","articleSection":["Energ\u00eda"],"inLanguage":"es","potentialAction":[{"@type":"CommentAction","name":"Comment","target":["https:\/\/cvinoticias.com\/v3\/oficializan-la-suba-del-9-en-las-tarifas-de-luz\/#respond"]}]},{"@type":"WebPage","@id":"https:\/\/cvinoticias.com\/v3\/oficializan-la-suba-del-9-en-las-tarifas-de-luz\/","url":"https:\/\/cvinoticias.com\/v3\/oficializan-la-suba-del-9-en-las-tarifas-de-luz\/","name":"Oficializan la suba del 9% en las tarifas de luz | CVI NOTICIAS","isPartOf":{"@id":"https:\/\/cvinoticias.com\/v3\/#website"},"primaryImageOfPage":{"@id":"https:\/\/cvinoticias.com\/v3\/oficializan-la-suba-del-9-en-las-tarifas-de-luz\/#primaryimage"},"image":{"@id":"https:\/\/cvinoticias.com\/v3\/oficializan-la-suba-del-9-en-las-tarifas-de-luz\/#primaryimage"},"thumbnailUrl":"https:\/\/cvinoticias.com\/wp-content\/uploads\/2021\/04\/1578860880121-2.jpg","datePublished":"2021-05-02T16:32:03+00:00","breadcrumb":{"@id":"https:\/\/cvinoticias.com\/v3\/oficializan-la-suba-del-9-en-las-tarifas-de-luz\/#breadcrumb"},"inLanguage":"es","potentialAction":[{"@type":"ReadAction","target":["https:\/\/cvinoticias.com\/v3\/oficializan-la-suba-del-9-en-las-tarifas-de-luz\/"]}]},{"@type":"ImageObject","inLanguage":"es","@id":"https:\/\/cvinoticias.com\/v3\/oficializan-la-suba-del-9-en-las-tarifas-de-luz\/#primaryimage","url":"https:\/\/cvinoticias.com\/wp-content\/uploads\/2021\/04\/1578860880121-2.jpg","contentUrl":"https:\/\/cvinoticias.com\/wp-content\/uploads\/2021\/04\/1578860880121-2.jpg","width":600,"height":365},{"@type":"BreadcrumbList","@id":"https:\/\/cvinoticias.com\/v3\/oficializan-la-suba-del-9-en-las-tarifas-de-luz\/#breadcrumb","itemListElement":[{"@type":"ListItem","position":1,"name":"Portada","item":"https:\/\/cvinoticias.com\/v3\/"},{"@type":"ListItem","position":2,"name":"Oficializan la suba del 9% en las tarifas de luz"}]},{"@type":"WebSite","@id":"https:\/\/cvinoticias.com\/v3\/#website","url":"https:\/\/cvinoticias.com\/v3\/","name":"CVI NOTICIAS","description":"","publisher":{"@id":"https:\/\/cvinoticias.com\/v3\/#organization"},"alternateName":"CVI","potentialAction":[{"@type":"SearchAction","target":{"@type":"EntryPoint","urlTemplate":"https:\/\/cvinoticias.com\/v3\/?s={search_term_string}"},"query-input":{"@type":"PropertyValueSpecification","valueRequired":true,"valueName":"search_term_string"}}],"inLanguage":"es"},{"@type":"Organization","@id":"https:\/\/cvinoticias.com\/v3\/#organization","name":"CVI NOTICIAS","url":"https:\/\/cvinoticias.com\/v3\/","logo":{"@type":"ImageObject","inLanguage":"es","@id":"https:\/\/cvinoticias.com\/v3\/#\/schema\/logo\/image\/","url":"https:\/\/cvinoticias.com\/wp-content\/uploads\/2023\/04\/cropped-cropped-cropped-cropped-cropped-3-1.png","contentUrl":"https:\/\/cvinoticias.com\/wp-content\/uploads\/2023\/04\/cropped-cropped-cropped-cropped-cropped-3-1.png","width":95,"height":122,"caption":"CVI NOTICIAS"},"image":{"@id":"https:\/\/cvinoticias.com\/v3\/#\/schema\/logo\/image\/"},"sameAs":["https:\/\/www.facebook.com\/cvinoticias","https:\/\/www.instagram.com\/cvinoticias\/","https:\/\/www.youtube.com\/@CVINOTICIAS"]},{"@type":"Person","@id":"https:\/\/cvinoticias.com\/v3\/#\/schema\/person\/2db77e3c6bc03c538495d7b2b8be9b66","name":"f1000024","image":{"@type":"ImageObject","inLanguage":"es","@id":"https:\/\/secure.gravatar.com\/avatar\/d4fe7459cfc51ff5129ce1a732bbef5928568b8092d412ef95611616376bbeed?s=96&d=mm&r=g","url":"https:\/\/secure.gravatar.com\/avatar\/d4fe7459cfc51ff5129ce1a732bbef5928568b8092d412ef95611616376bbeed?s=96&d=mm&r=g","contentUrl":"https:\/\/secure.gravatar.com\/avatar\/d4fe7459cfc51ff5129ce1a732bbef5928568b8092d412ef95611616376bbeed?s=96&d=mm&r=g","caption":"f1000024"},"url":"https:\/\/cvinoticias.com\/v3\/author\/f1000024\/"}]}},"_links":{"self":[{"href":"https:\/\/cvinoticias.com\/v3\/wp-json\/wp\/v2\/posts\/4766","targetHints":{"allow":["GET"]}}],"collection":[{"href":"https:\/\/cvinoticias.com\/v3\/wp-json\/wp\/v2\/posts"}],"about":[{"href":"https:\/\/cvinoticias.com\/v3\/wp-json\/wp\/v2\/types\/post"}],"author":[{"embeddable":true,"href":"https:\/\/cvinoticias.com\/v3\/wp-json\/wp\/v2\/users\/2"}],"replies":[{"embeddable":true,"href":"https:\/\/cvinoticias.com\/v3\/wp-json\/wp\/v2\/comments?post=4766"}],"version-history":[{"count":1,"href":"https:\/\/cvinoticias.com\/v3\/wp-json\/wp\/v2\/posts\/4766\/revisions"}],"predecessor-version":[{"id":4767,"href":"https:\/\/cvinoticias.com\/v3\/wp-json\/wp\/v2\/posts\/4766\/revisions\/4767"}],"wp:featuredmedia":[{"embeddable":true,"href":"https:\/\/cvinoticias.com\/v3\/wp-json\/wp\/v2\/media\/4123"}],"wp:attachment":[{"href":"https:\/\/cvinoticias.com\/v3\/wp-json\/wp\/v2\/media?parent=4766"}],"wp:term":[{"taxonomy":"category","embeddable":true,"href":"https:\/\/cvinoticias.com\/v3\/wp-json\/wp\/v2\/categories?post=4766"},{"taxonomy":"post_tag","embeddable":true,"href":"https:\/\/cvinoticias.com\/v3\/wp-json\/wp\/v2\/tags?post=4766"}],"curies":[{"name":"wp","href":"https:\/\/api.w.org\/{rel}","templated":true}]}}