{"id":47644,"date":"2025-08-17T08:45:57","date_gmt":"2025-08-17T11:45:57","guid":{"rendered":"https:\/\/cvinoticias.com\/v3\/?p=47644"},"modified":"2025-08-17T12:46:22","modified_gmt":"2025-08-17T15:46:22","slug":"dia-del-nino-2025-por-que-se-celebra-el-17-de-agosto","status":"publish","type":"post","link":"https:\/\/cvinoticias.com\/v3\/dia-del-nino-2025-por-que-se-celebra-el-17-de-agosto\/","title":{"rendered":"D\u00eda del Ni\u00f1o 2025: por qu\u00e9 se celebra el 17 de agosto"},"content":{"rendered":"\n<p>El D\u00eda del Ni\u00f1o, que en los \u00faltimos a\u00f1os se hab\u00eda denominado \u201cD\u00eda de las Infancias\u201d, volvi\u00f3 a tener su nombre original por decisi\u00f3n del Gobierno argentino. Esta celebraci\u00f3n se realiza cada tercer domingo de agosto. Su origen est\u00e1 vinculado a una disposici\u00f3n de la Organizaci\u00f3n de las Naciones Unidas (ONU).<\/p>\n\n\n\n<p>El cambio de nombre a \u201cD\u00eda de las Infancias\u201d fue impulsado en 2020 por el Ministerio de Desarrollo Social. El objetivo era promover pr\u00e1cticas inclusivas y reflejar la diversidad de la ni\u00f1ez.<\/p>\n\n\n\n<p>Sin embargo, la ONU hab\u00eda establecido en 1956 el 20 de noviembre como D\u00eda Universal del Ni\u00f1o. Al mismo tiempo, recomend\u00f3 que cada pa\u00eds pudiera elegir una fecha particular. En Argentina, la jornada qued\u00f3 asociada al mes de agosto, aunque con modificaciones a lo largo de los a\u00f1os.<\/p>\n\n\n\n<p>En 2025 la fecha caer\u00e1 el domingo 17 de agosto. Ese d\u00eda tambi\u00e9n se recordar\u00e1 el Paso a la Inmortalidad del General Jos\u00e9 de San Mart\u00edn.<\/p>\n\n\n\n<h2 class=\"wp-block-heading\">Origen del D\u00eda del Ni\u00f1o en Argentina<\/h2>\n\n\n\n<p>La C\u00e1mara Argentina del Juguete impuls\u00f3 la primera celebraci\u00f3n a comienzos de la d\u00e9cada del 60. Eligi\u00f3 el primer domingo de agosto para promover un homenaje a la infancia y destacar el derecho al juego y a la fraternidad.<\/p>\n\n\n\n<p>En 2003 la fecha pas\u00f3 al segundo domingo del mes. El cambio busc\u00f3 acompa\u00f1ar la din\u00e1mica de consumo, ya que para ese momento la mayor\u00eda de los trabajadores ya hab\u00eda cobrado sus sueldos.<\/p>\n\n\n\n<p>Una d\u00e9cada m\u00e1s tarde, en 2013, se movi\u00f3 al tercer domingo de agosto. La decisi\u00f3n se tom\u00f3 para evitar que coincidiera con las elecciones Primarias Abiertas, Simult\u00e1neas y Obligatorias (PASO).<\/p>\n\n\n\n<p>Desde entonces, se mantiene esa fecha.<\/p>\n\n\n\n<h2 class=\"wp-block-heading\">El valor de la celebraci\u00f3n<\/h2>\n\n\n\n<p>\u201cEl D\u00eda del Ni\u00f1o es una celebraci\u00f3n con un profundo valor emocional y cultural para muchas generaciones de argentinos\u201d, se\u00f1alaron desde la C\u00e1mara del Juguete.<\/p>\n\n\n\n<p>Adem\u00e1s, recordaron que la Convenci\u00f3n sobre los Derechos del Ni\u00f1o \u2014ratificada por Argentina\u2014 respalda esta jornada. El tratado reconoce, entre otros aspectos, el acceso al juego, la imaginaci\u00f3n y la alegr\u00eda como pilares del desarrollo infantil.<\/p>\n","protected":false},"excerpt":{"rendered":"<p>El D\u00eda del Ni\u00f1o, que en los \u00faltimos a\u00f1os se hab\u00eda denominado \u201cD\u00eda de las Infancias\u201d, volvi\u00f3 a tener su nombre original por decisi\u00f3n del Gobierno argentino. Esta celebraci\u00f3n se realiza cada tercer domingo de agosto. Su origen est\u00e1 vinculado a una disposici\u00f3n de la Organizaci\u00f3n de las Naciones Unidas (ONU). El cambio de nombre [&hellip;]<\/p>\n","protected":false},"author":2,"featured_media":47642,"comment_status":"open","ping_status":"open","sticky":false,"template":"","format":"standard","meta":{"footnotes":""},"categories":[442],"tags":[1027,554,1464],"class_list":["post-47644","post","type-post","status-publish","format-standard","has-post-thumbnail","hentry","category-efemerides-2","tag-1027","tag-dia","tag-nino"],"yoast_head":"<!-- This site is optimized with the Yoast SEO plugin v27.4 - https:\/\/yoast.com\/product\/yoast-seo-wordpress\/ -->\n<title>D\u00eda del Ni\u00f1o 2025: por qu\u00e9 se celebra el 17 de agosto | CVI NOTICIAS<\/title>\n<meta name=\"description\" content=\"El D\u00eda del Ni\u00f1o 2025 en Argentina se celebra el 17 de agosto. Conoc\u00e9 el origen de la fecha y su historia.\" \/>\n<meta name=\"robots\" content=\"index, follow, max-snippet:-1, max-image-preview:large, max-video-preview:-1\" \/>\n<link rel=\"canonical\" href=\"https:\/\/cvinoticias.com\/v3\/dia-del-nino-2025-por-que-se-celebra-el-17-de-agosto\/\" \/>\n<meta property=\"og:locale\" content=\"es_ES\" \/>\n<meta property=\"og:type\" content=\"article\" \/>\n<meta property=\"og:title\" content=\"D\u00eda del Ni\u00f1o 2025: por qu\u00e9 se celebra el 17 de agosto | CVI NOTICIAS\" \/>\n<meta property=\"og:description\" content=\"El D\u00eda del Ni\u00f1o 2025 en Argentina se celebra el 17 de agosto. Conoc\u00e9 el origen de la fecha y su historia.\" \/>\n<meta property=\"og:url\" content=\"https:\/\/cvinoticias.com\/v3\/dia-del-nino-2025-por-que-se-celebra-el-17-de-agosto\/\" \/>\n<meta property=\"og:site_name\" content=\"CVI NOTICIAS\" \/>\n<meta property=\"article:publisher\" content=\"https:\/\/www.facebook.com\/cvinoticias\" \/>\n<meta property=\"article:published_time\" content=\"2025-08-17T11:45:57+00:00\" \/>\n<meta property=\"article:modified_time\" content=\"2025-08-17T15:46:22+00:00\" \/>\n<meta property=\"og:image\" content=\"https:\/\/cvinoticias.com\/wp-content\/uploads\/2025\/08\/cuando-es-el-dia-del-nino-2024-argentina.png\" \/>\n\t<meta property=\"og:image:width\" content=\"1200\" \/>\n\t<meta property=\"og:image:height\" content=\"675\" \/>\n\t<meta property=\"og:image:type\" content=\"image\/png\" \/>\n<meta name=\"author\" content=\"f1000024\" \/>\n<meta name=\"twitter:card\" content=\"summary_large_image\" \/>\n<meta name=\"twitter:label1\" content=\"Escrito por\" \/>\n\t<meta name=\"twitter:data1\" content=\"f1000024\" \/>\n\t<meta name=\"twitter:label2\" content=\"Tiempo de lectura\" \/>\n\t<meta name=\"twitter:data2\" content=\"2 minutos\" \/>\n<script type=\"application\/ld+json\" class=\"yoast-schema-graph\">{\"@context\":\"https:\\\/\\\/schema.org\",\"@graph\":[{\"@type\":\"Article\",\"@id\":\"https:\\\/\\\/cvinoticias.com\\\/v3\\\/dia-del-nino-2025-por-que-se-celebra-el-17-de-agosto\\\/#article\",\"isPartOf\":{\"@id\":\"https:\\\/\\\/cvinoticias.com\\\/v3\\\/dia-del-nino-2025-por-que-se-celebra-el-17-de-agosto\\\/\"},\"author\":{\"name\":\"f1000024\",\"@id\":\"https:\\\/\\\/cvinoticias.com\\\/v3\\\/#\\\/schema\\\/person\\\/2db77e3c6bc03c538495d7b2b8be9b66\"},\"headline\":\"D\u00eda del Ni\u00f1o 2025: por qu\u00e9 se celebra el 17 de agosto\",\"datePublished\":\"2025-08-17T11:45:57+00:00\",\"dateModified\":\"2025-08-17T15:46:22+00:00\",\"mainEntityOfPage\":{\"@id\":\"https:\\\/\\\/cvinoticias.com\\\/v3\\\/dia-del-nino-2025-por-que-se-celebra-el-17-de-agosto\\\/\"},\"wordCount\":386,\"commentCount\":0,\"publisher\":{\"@id\":\"https:\\\/\\\/cvinoticias.com\\\/v3\\\/#organization\"},\"image\":{\"@id\":\"https:\\\/\\\/cvinoticias.com\\\/v3\\\/dia-del-nino-2025-por-que-se-celebra-el-17-de-agosto\\\/#primaryimage\"},\"thumbnailUrl\":\"https:\\\/\\\/cvinoticias.com\\\/wp-content\\\/uploads\\\/2025\\\/08\\\/cuando-es-el-dia-del-nino-2024-argentina.png\",\"keywords\":[\"2025\",\"D\u00eda\",\"Ni\u00f1o\"],\"articleSection\":[\"EFEMERIDES\"],\"inLanguage\":\"es\",\"potentialAction\":[{\"@type\":\"CommentAction\",\"name\":\"Comment\",\"target\":[\"https:\\\/\\\/cvinoticias.com\\\/v3\\\/dia-del-nino-2025-por-que-se-celebra-el-17-de-agosto\\\/#respond\"]}]},{\"@type\":\"WebPage\",\"@id\":\"https:\\\/\\\/cvinoticias.com\\\/v3\\\/dia-del-nino-2025-por-que-se-celebra-el-17-de-agosto\\\/\",\"url\":\"https:\\\/\\\/cvinoticias.com\\\/v3\\\/dia-del-nino-2025-por-que-se-celebra-el-17-de-agosto\\\/\",\"name\":\"D\u00eda del Ni\u00f1o 2025: por qu\u00e9 se celebra el 17 de agosto | CVI NOTICIAS\",\"isPartOf\":{\"@id\":\"https:\\\/\\\/cvinoticias.com\\\/v3\\\/#website\"},\"primaryImageOfPage\":{\"@id\":\"https:\\\/\\\/cvinoticias.com\\\/v3\\\/dia-del-nino-2025-por-que-se-celebra-el-17-de-agosto\\\/#primaryimage\"},\"image\":{\"@id\":\"https:\\\/\\\/cvinoticias.com\\\/v3\\\/dia-del-nino-2025-por-que-se-celebra-el-17-de-agosto\\\/#primaryimage\"},\"thumbnailUrl\":\"https:\\\/\\\/cvinoticias.com\\\/wp-content\\\/uploads\\\/2025\\\/08\\\/cuando-es-el-dia-del-nino-2024-argentina.png\",\"datePublished\":\"2025-08-17T11:45:57+00:00\",\"dateModified\":\"2025-08-17T15:46:22+00:00\",\"description\":\"El D\u00eda del Ni\u00f1o 2025 en Argentina se celebra el 17 de agosto. Conoc\u00e9 el origen de la fecha y su historia.\",\"breadcrumb\":{\"@id\":\"https:\\\/\\\/cvinoticias.com\\\/v3\\\/dia-del-nino-2025-por-que-se-celebra-el-17-de-agosto\\\/#breadcrumb\"},\"inLanguage\":\"es\",\"potentialAction\":[{\"@type\":\"ReadAction\",\"target\":[\"https:\\\/\\\/cvinoticias.com\\\/v3\\\/dia-del-nino-2025-por-que-se-celebra-el-17-de-agosto\\\/\"]}]},{\"@type\":\"ImageObject\",\"inLanguage\":\"es\",\"@id\":\"https:\\\/\\\/cvinoticias.com\\\/v3\\\/dia-del-nino-2025-por-que-se-celebra-el-17-de-agosto\\\/#primaryimage\",\"url\":\"https:\\\/\\\/cvinoticias.com\\\/wp-content\\\/uploads\\\/2025\\\/08\\\/cuando-es-el-dia-del-nino-2024-argentina.png\",\"contentUrl\":\"https:\\\/\\\/cvinoticias.com\\\/wp-content\\\/uploads\\\/2025\\\/08\\\/cuando-es-el-dia-del-nino-2024-argentina.png\",\"width\":1200,\"height\":675},{\"@type\":\"BreadcrumbList\",\"@id\":\"https:\\\/\\\/cvinoticias.com\\\/v3\\\/dia-del-nino-2025-por-que-se-celebra-el-17-de-agosto\\\/#breadcrumb\",\"itemListElement\":[{\"@type\":\"ListItem\",\"position\":1,\"name\":\"Portada\",\"item\":\"https:\\\/\\\/cvinoticias.com\\\/v3\\\/\"},{\"@type\":\"ListItem\",\"position\":2,\"name\":\"D\u00eda del Ni\u00f1o 2025: por qu\u00e9 se celebra el 17 de agosto\"}]},{\"@type\":\"WebSite\",\"@id\":\"https:\\\/\\\/cvinoticias.com\\\/v3\\\/#website\",\"url\":\"https:\\\/\\\/cvinoticias.com\\\/v3\\\/\",\"name\":\"CVI NOTICIAS\",\"description\":\"\",\"publisher\":{\"@id\":\"https:\\\/\\\/cvinoticias.com\\\/v3\\\/#organization\"},\"alternateName\":\"CVI\",\"potentialAction\":[{\"@type\":\"SearchAction\",\"target\":{\"@type\":\"EntryPoint\",\"urlTemplate\":\"https:\\\/\\\/cvinoticias.com\\\/v3\\\/?s={search_term_string}\"},\"query-input\":{\"@type\":\"PropertyValueSpecification\",\"valueRequired\":true,\"valueName\":\"search_term_string\"}}],\"inLanguage\":\"es\"},{\"@type\":\"Organization\",\"@id\":\"https:\\\/\\\/cvinoticias.com\\\/v3\\\/#organization\",\"name\":\"CVI NOTICIAS\",\"url\":\"https:\\\/\\\/cvinoticias.com\\\/v3\\\/\",\"logo\":{\"@type\":\"ImageObject\",\"inLanguage\":\"es\",\"@id\":\"https:\\\/\\\/cvinoticias.com\\\/v3\\\/#\\\/schema\\\/logo\\\/image\\\/\",\"url\":\"https:\\\/\\\/cvinoticias.com\\\/wp-content\\\/uploads\\\/2023\\\/04\\\/cropped-cropped-cropped-cropped-cropped-3-1.png\",\"contentUrl\":\"https:\\\/\\\/cvinoticias.com\\\/wp-content\\\/uploads\\\/2023\\\/04\\\/cropped-cropped-cropped-cropped-cropped-3-1.png\",\"width\":95,\"height\":122,\"caption\":\"CVI NOTICIAS\"},\"image\":{\"@id\":\"https:\\\/\\\/cvinoticias.com\\\/v3\\\/#\\\/schema\\\/logo\\\/image\\\/\"},\"sameAs\":[\"https:\\\/\\\/www.facebook.com\\\/cvinoticias\",\"https:\\\/\\\/www.instagram.com\\\/cvinoticias\\\/\",\"https:\\\/\\\/www.youtube.com\\\/@CVINOTICIAS\"]},{\"@type\":\"Person\",\"@id\":\"https:\\\/\\\/cvinoticias.com\\\/v3\\\/#\\\/schema\\\/person\\\/2db77e3c6bc03c538495d7b2b8be9b66\",\"name\":\"f1000024\",\"image\":{\"@type\":\"ImageObject\",\"inLanguage\":\"es\",\"@id\":\"https:\\\/\\\/secure.gravatar.com\\\/avatar\\\/d4fe7459cfc51ff5129ce1a732bbef5928568b8092d412ef95611616376bbeed?s=96&d=mm&r=g\",\"url\":\"https:\\\/\\\/secure.gravatar.com\\\/avatar\\\/d4fe7459cfc51ff5129ce1a732bbef5928568b8092d412ef95611616376bbeed?s=96&d=mm&r=g\",\"contentUrl\":\"https:\\\/\\\/secure.gravatar.com\\\/avatar\\\/d4fe7459cfc51ff5129ce1a732bbef5928568b8092d412ef95611616376bbeed?s=96&d=mm&r=g\",\"caption\":\"f1000024\"},\"url\":\"https:\\\/\\\/cvinoticias.com\\\/v3\\\/author\\\/f1000024\\\/\"}]}<\/script>\n<!-- \/ Yoast SEO plugin. -->","yoast_head_json":{"title":"D\u00eda del Ni\u00f1o 2025: por qu\u00e9 se celebra el 17 de agosto | CVI NOTICIAS","description":"El D\u00eda del Ni\u00f1o 2025 en Argentina se celebra el 17 de agosto. Conoc\u00e9 el origen de la fecha y su historia.","robots":{"index":"index","follow":"follow","max-snippet":"max-snippet:-1","max-image-preview":"max-image-preview:large","max-video-preview":"max-video-preview:-1"},"canonical":"https:\/\/cvinoticias.com\/v3\/dia-del-nino-2025-por-que-se-celebra-el-17-de-agosto\/","og_locale":"es_ES","og_type":"article","og_title":"D\u00eda del Ni\u00f1o 2025: por qu\u00e9 se celebra el 17 de agosto | CVI NOTICIAS","og_description":"El D\u00eda del Ni\u00f1o 2025 en Argentina se celebra el 17 de agosto. Conoc\u00e9 el origen de la fecha y su historia.","og_url":"https:\/\/cvinoticias.com\/v3\/dia-del-nino-2025-por-que-se-celebra-el-17-de-agosto\/","og_site_name":"CVI NOTICIAS","article_publisher":"https:\/\/www.facebook.com\/cvinoticias","article_published_time":"2025-08-17T11:45:57+00:00","article_modified_time":"2025-08-17T15:46:22+00:00","og_image":[{"width":1200,"height":675,"url":"https:\/\/cvinoticias.com\/wp-content\/uploads\/2025\/08\/cuando-es-el-dia-del-nino-2024-argentina.png","type":"image\/png"}],"author":"f1000024","twitter_card":"summary_large_image","twitter_misc":{"Escrito por":"f1000024","Tiempo de lectura":"2 minutos"},"schema":{"@context":"https:\/\/schema.org","@graph":[{"@type":"Article","@id":"https:\/\/cvinoticias.com\/v3\/dia-del-nino-2025-por-que-se-celebra-el-17-de-agosto\/#article","isPartOf":{"@id":"https:\/\/cvinoticias.com\/v3\/dia-del-nino-2025-por-que-se-celebra-el-17-de-agosto\/"},"author":{"name":"f1000024","@id":"https:\/\/cvinoticias.com\/v3\/#\/schema\/person\/2db77e3c6bc03c538495d7b2b8be9b66"},"headline":"D\u00eda del Ni\u00f1o 2025: por qu\u00e9 se celebra el 17 de agosto","datePublished":"2025-08-17T11:45:57+00:00","dateModified":"2025-08-17T15:46:22+00:00","mainEntityOfPage":{"@id":"https:\/\/cvinoticias.com\/v3\/dia-del-nino-2025-por-que-se-celebra-el-17-de-agosto\/"},"wordCount":386,"commentCount":0,"publisher":{"@id":"https:\/\/cvinoticias.com\/v3\/#organization"},"image":{"@id":"https:\/\/cvinoticias.com\/v3\/dia-del-nino-2025-por-que-se-celebra-el-17-de-agosto\/#primaryimage"},"thumbnailUrl":"https:\/\/cvinoticias.com\/wp-content\/uploads\/2025\/08\/cuando-es-el-dia-del-nino-2024-argentina.png","keywords":["2025","D\u00eda","Ni\u00f1o"],"articleSection":["EFEMERIDES"],"inLanguage":"es","potentialAction":[{"@type":"CommentAction","name":"Comment","target":["https:\/\/cvinoticias.com\/v3\/dia-del-nino-2025-por-que-se-celebra-el-17-de-agosto\/#respond"]}]},{"@type":"WebPage","@id":"https:\/\/cvinoticias.com\/v3\/dia-del-nino-2025-por-que-se-celebra-el-17-de-agosto\/","url":"https:\/\/cvinoticias.com\/v3\/dia-del-nino-2025-por-que-se-celebra-el-17-de-agosto\/","name":"D\u00eda del Ni\u00f1o 2025: por qu\u00e9 se celebra el 17 de agosto | CVI NOTICIAS","isPartOf":{"@id":"https:\/\/cvinoticias.com\/v3\/#website"},"primaryImageOfPage":{"@id":"https:\/\/cvinoticias.com\/v3\/dia-del-nino-2025-por-que-se-celebra-el-17-de-agosto\/#primaryimage"},"image":{"@id":"https:\/\/cvinoticias.com\/v3\/dia-del-nino-2025-por-que-se-celebra-el-17-de-agosto\/#primaryimage"},"thumbnailUrl":"https:\/\/cvinoticias.com\/wp-content\/uploads\/2025\/08\/cuando-es-el-dia-del-nino-2024-argentina.png","datePublished":"2025-08-17T11:45:57+00:00","dateModified":"2025-08-17T15:46:22+00:00","description":"El D\u00eda del Ni\u00f1o 2025 en Argentina se celebra el 17 de agosto. Conoc\u00e9 el origen de la fecha y su historia.","breadcrumb":{"@id":"https:\/\/cvinoticias.com\/v3\/dia-del-nino-2025-por-que-se-celebra-el-17-de-agosto\/#breadcrumb"},"inLanguage":"es","potentialAction":[{"@type":"ReadAction","target":["https:\/\/cvinoticias.com\/v3\/dia-del-nino-2025-por-que-se-celebra-el-17-de-agosto\/"]}]},{"@type":"ImageObject","inLanguage":"es","@id":"https:\/\/cvinoticias.com\/v3\/dia-del-nino-2025-por-que-se-celebra-el-17-de-agosto\/#primaryimage","url":"https:\/\/cvinoticias.com\/wp-content\/uploads\/2025\/08\/cuando-es-el-dia-del-nino-2024-argentina.png","contentUrl":"https:\/\/cvinoticias.com\/wp-content\/uploads\/2025\/08\/cuando-es-el-dia-del-nino-2024-argentina.png","width":1200,"height":675},{"@type":"BreadcrumbList","@id":"https:\/\/cvinoticias.com\/v3\/dia-del-nino-2025-por-que-se-celebra-el-17-de-agosto\/#breadcrumb","itemListElement":[{"@type":"ListItem","position":1,"name":"Portada","item":"https:\/\/cvinoticias.com\/v3\/"},{"@type":"ListItem","position":2,"name":"D\u00eda del Ni\u00f1o 2025: por qu\u00e9 se celebra el 17 de agosto"}]},{"@type":"WebSite","@id":"https:\/\/cvinoticias.com\/v3\/#website","url":"https:\/\/cvinoticias.com\/v3\/","name":"CVI NOTICIAS","description":"","publisher":{"@id":"https:\/\/cvinoticias.com\/v3\/#organization"},"alternateName":"CVI","potentialAction":[{"@type":"SearchAction","target":{"@type":"EntryPoint","urlTemplate":"https:\/\/cvinoticias.com\/v3\/?s={search_term_string}"},"query-input":{"@type":"PropertyValueSpecification","valueRequired":true,"valueName":"search_term_string"}}],"inLanguage":"es"},{"@type":"Organization","@id":"https:\/\/cvinoticias.com\/v3\/#organization","name":"CVI NOTICIAS","url":"https:\/\/cvinoticias.com\/v3\/","logo":{"@type":"ImageObject","inLanguage":"es","@id":"https:\/\/cvinoticias.com\/v3\/#\/schema\/logo\/image\/","url":"https:\/\/cvinoticias.com\/wp-content\/uploads\/2023\/04\/cropped-cropped-cropped-cropped-cropped-3-1.png","contentUrl":"https:\/\/cvinoticias.com\/wp-content\/uploads\/2023\/04\/cropped-cropped-cropped-cropped-cropped-3-1.png","width":95,"height":122,"caption":"CVI NOTICIAS"},"image":{"@id":"https:\/\/cvinoticias.com\/v3\/#\/schema\/logo\/image\/"},"sameAs":["https:\/\/www.facebook.com\/cvinoticias","https:\/\/www.instagram.com\/cvinoticias\/","https:\/\/www.youtube.com\/@CVINOTICIAS"]},{"@type":"Person","@id":"https:\/\/cvinoticias.com\/v3\/#\/schema\/person\/2db77e3c6bc03c538495d7b2b8be9b66","name":"f1000024","image":{"@type":"ImageObject","inLanguage":"es","@id":"https:\/\/secure.gravatar.com\/avatar\/d4fe7459cfc51ff5129ce1a732bbef5928568b8092d412ef95611616376bbeed?s=96&d=mm&r=g","url":"https:\/\/secure.gravatar.com\/avatar\/d4fe7459cfc51ff5129ce1a732bbef5928568b8092d412ef95611616376bbeed?s=96&d=mm&r=g","contentUrl":"https:\/\/secure.gravatar.com\/avatar\/d4fe7459cfc51ff5129ce1a732bbef5928568b8092d412ef95611616376bbeed?s=96&d=mm&r=g","caption":"f1000024"},"url":"https:\/\/cvinoticias.com\/v3\/author\/f1000024\/"}]}},"_links":{"self":[{"href":"https:\/\/cvinoticias.com\/v3\/wp-json\/wp\/v2\/posts\/47644","targetHints":{"allow":["GET"]}}],"collection":[{"href":"https:\/\/cvinoticias.com\/v3\/wp-json\/wp\/v2\/posts"}],"about":[{"href":"https:\/\/cvinoticias.com\/v3\/wp-json\/wp\/v2\/types\/post"}],"author":[{"embeddable":true,"href":"https:\/\/cvinoticias.com\/v3\/wp-json\/wp\/v2\/users\/2"}],"replies":[{"embeddable":true,"href":"https:\/\/cvinoticias.com\/v3\/wp-json\/wp\/v2\/comments?post=47644"}],"version-history":[{"count":1,"href":"https:\/\/cvinoticias.com\/v3\/wp-json\/wp\/v2\/posts\/47644\/revisions"}],"predecessor-version":[{"id":47645,"href":"https:\/\/cvinoticias.com\/v3\/wp-json\/wp\/v2\/posts\/47644\/revisions\/47645"}],"wp:featuredmedia":[{"embeddable":true,"href":"https:\/\/cvinoticias.com\/v3\/wp-json\/wp\/v2\/media\/47642"}],"wp:attachment":[{"href":"https:\/\/cvinoticias.com\/v3\/wp-json\/wp\/v2\/media?parent=47644"}],"wp:term":[{"taxonomy":"category","embeddable":true,"href":"https:\/\/cvinoticias.com\/v3\/wp-json\/wp\/v2\/categories?post=47644"},{"taxonomy":"post_tag","embeddable":true,"href":"https:\/\/cvinoticias.com\/v3\/wp-json\/wp\/v2\/tags?post=47644"}],"curies":[{"name":"wp","href":"https:\/\/api.w.org\/{rel}","templated":true}]}}