{"id":47624,"date":"2025-08-17T11:35:40","date_gmt":"2025-08-17T14:35:40","guid":{"rendered":"https:\/\/cvinoticias.com\/v3\/?p=47624"},"modified":"2025-08-17T12:24:10","modified_gmt":"2025-08-17T15:24:10","slug":"puerto-iguazu-rindio-homenaje-al-general-jose-de-san-martin","status":"publish","type":"post","link":"https:\/\/cvinoticias.com\/v3\/puerto-iguazu-rindio-homenaje-al-general-jose-de-san-martin\/","title":{"rendered":"Puerto Iguaz\u00fa rindi\u00f3 homenaje al General Jos\u00e9 de San Mart\u00edn"},"content":{"rendered":"\n<p>En la Plaza San Mart\u00edn de nuestra ciudad se llev\u00f3 a cabo el acto en conmemoraci\u00f3n del Paso a la Inmortalidad del General Jos\u00e9 de San Mart\u00edn, Padre de la Patria. La ceremonia reuni\u00f3 al intendente Dr. Claudio Filippa, funcionarios municipales, fuerzas de seguridad, alumnos abanderados y numerosas familias de la comunidad que se acercaron a rendir tributo.<\/p>\n\n\n\n<p>Como parte del homenaje, se procedi\u00f3 a depositar una ofrenda floral en el monumento, gesto cargado de simbolismo para recordar el legado de valent\u00eda, libertad y unidad que dej\u00f3 San Mart\u00edn a los argentinos.<\/p>\n\n\n\n<figure class=\"wp-block-gallery has-nested-images columns-default is-cropped wp-block-gallery-1 is-layout-flex wp-block-gallery-is-layout-flex\">\n<figure class=\"wp-block-image size-large\"><a href=\"https:\/\/cvinoticias.com\/wp-content\/uploads\/2025\/08\/1000222213.jpg\"><img decoding=\"async\" width=\"1024\" height=\"768\" data-id=\"47629\" data-src=\"https:\/\/cvinoticias.com\/wp-content\/uploads\/2025\/08\/1000222213-1024x768.jpg\" alt=\"\" class=\"wp-image-47629 lazyload\" data-srcset=\"https:\/\/cvinoticias.com\/wp-content\/uploads\/2025\/08\/1000222213-1024x768.jpg 1024w, https:\/\/cvinoticias.com\/wp-content\/uploads\/2025\/08\/1000222213-300x225.jpg 300w, https:\/\/cvinoticias.com\/wp-content\/uploads\/2025\/08\/1000222213-768x576.jpg 768w, https:\/\/cvinoticias.com\/wp-content\/uploads\/2025\/08\/1000222213-1536x1152.jpg 1536w, https:\/\/cvinoticias.com\/wp-content\/uploads\/2025\/08\/1000222213.jpg 1600w\" data-sizes=\"(max-width: 1024px) 100vw, 1024px\" src=\"data:image\/svg+xml;base64,PHN2ZyB3aWR0aD0iMSIgaGVpZ2h0PSIxIiB4bWxucz0iaHR0cDovL3d3dy53My5vcmcvMjAwMC9zdmciPjwvc3ZnPg==\" style=\"--smush-placeholder-width: 1024px; --smush-placeholder-aspect-ratio: 1024\/768;\" \/><\/a><\/figure>\n\n\n\n<figure class=\"wp-block-image size-large\"><a href=\"https:\/\/cvinoticias.com\/wp-content\/uploads\/2025\/08\/1000222216.jpg\"><img decoding=\"async\" width=\"1024\" height=\"768\" data-id=\"47630\" data-src=\"https:\/\/cvinoticias.com\/wp-content\/uploads\/2025\/08\/1000222216-1024x768.jpg\" alt=\"\" class=\"wp-image-47630 lazyload\" data-srcset=\"https:\/\/cvinoticias.com\/wp-content\/uploads\/2025\/08\/1000222216-1024x768.jpg 1024w, https:\/\/cvinoticias.com\/wp-content\/uploads\/2025\/08\/1000222216-300x225.jpg 300w, https:\/\/cvinoticias.com\/wp-content\/uploads\/2025\/08\/1000222216-768x576.jpg 768w, https:\/\/cvinoticias.com\/wp-content\/uploads\/2025\/08\/1000222216-1536x1152.jpg 1536w, https:\/\/cvinoticias.com\/wp-content\/uploads\/2025\/08\/1000222216.jpg 1600w\" data-sizes=\"(max-width: 1024px) 100vw, 1024px\" src=\"data:image\/svg+xml;base64,PHN2ZyB3aWR0aD0iMSIgaGVpZ2h0PSIxIiB4bWxucz0iaHR0cDovL3d3dy53My5vcmcvMjAwMC9zdmciPjwvc3ZnPg==\" style=\"--smush-placeholder-width: 1024px; --smush-placeholder-aspect-ratio: 1024\/768;\" \/><\/a><\/figure>\n\n\n\n<figure class=\"wp-block-image size-large\"><a href=\"https:\/\/cvinoticias.com\/wp-content\/uploads\/2025\/08\/1000222215.jpg\"><img decoding=\"async\" width=\"1024\" height=\"768\" data-id=\"47631\" data-src=\"https:\/\/cvinoticias.com\/wp-content\/uploads\/2025\/08\/1000222215-1024x768.jpg\" alt=\"\" class=\"wp-image-47631 lazyload\" data-srcset=\"https:\/\/cvinoticias.com\/wp-content\/uploads\/2025\/08\/1000222215-1024x768.jpg 1024w, https:\/\/cvinoticias.com\/wp-content\/uploads\/2025\/08\/1000222215-300x225.jpg 300w, https:\/\/cvinoticias.com\/wp-content\/uploads\/2025\/08\/1000222215-768x576.jpg 768w, https:\/\/cvinoticias.com\/wp-content\/uploads\/2025\/08\/1000222215-1536x1152.jpg 1536w, https:\/\/cvinoticias.com\/wp-content\/uploads\/2025\/08\/1000222215.jpg 1600w\" data-sizes=\"(max-width: 1024px) 100vw, 1024px\" src=\"data:image\/svg+xml;base64,PHN2ZyB3aWR0aD0iMSIgaGVpZ2h0PSIxIiB4bWxucz0iaHR0cDovL3d3dy53My5vcmcvMjAwMC9zdmciPjwvc3ZnPg==\" style=\"--smush-placeholder-width: 1024px; --smush-placeholder-aspect-ratio: 1024\/768;\" \/><\/a><\/figure>\n<\/figure>\n\n\n\n<p>El intendente Claudio Filippa destac\u00f3 la vigencia del pensamiento sanmartiniano:<br>\u201cEn un nuevo aniversario del paso a la inmortalidad del General Jos\u00e9 Francisco San Mart\u00edn, una persona con tanta sabidur\u00eda, con tanta moral, que sigue d\u00e1ndonos el ejemplo de lo que debemos ser los argentinos, el mejor de los homenajes a \u00e9l es invitarlos a toda la comunidad de Puerto Iguaz\u00fa a seguir trabajando juntos\u201d.<\/p>\n\n\n\n<p>En sus palabras, Filippa tambi\u00e9n remarc\u00f3 la importancia de comprender la libertad no solo como independencia nacional, sino como igualdad de oportunidades y derechos individuales para cada ciudadano.<\/p>\n\n\n\n<figure class=\"wp-block-gallery has-nested-images columns-default is-cropped wp-block-gallery-2 is-layout-flex wp-block-gallery-is-layout-flex\">\n<figure class=\"wp-block-image size-large\"><a href=\"https:\/\/cvinoticias.com\/wp-content\/uploads\/2025\/08\/1000222219.jpg\"><img decoding=\"async\" width=\"1024\" height=\"768\" data-id=\"47633\" data-src=\"https:\/\/cvinoticias.com\/wp-content\/uploads\/2025\/08\/1000222219-1024x768.jpg\" alt=\"\" class=\"wp-image-47633 lazyload\" data-srcset=\"https:\/\/cvinoticias.com\/wp-content\/uploads\/2025\/08\/1000222219-1024x768.jpg 1024w, https:\/\/cvinoticias.com\/wp-content\/uploads\/2025\/08\/1000222219-300x225.jpg 300w, https:\/\/cvinoticias.com\/wp-content\/uploads\/2025\/08\/1000222219-768x576.jpg 768w, https:\/\/cvinoticias.com\/wp-content\/uploads\/2025\/08\/1000222219-1536x1152.jpg 1536w, https:\/\/cvinoticias.com\/wp-content\/uploads\/2025\/08\/1000222219.jpg 1600w\" data-sizes=\"(max-width: 1024px) 100vw, 1024px\" src=\"data:image\/svg+xml;base64,PHN2ZyB3aWR0aD0iMSIgaGVpZ2h0PSIxIiB4bWxucz0iaHR0cDovL3d3dy53My5vcmcvMjAwMC9zdmciPjwvc3ZnPg==\" style=\"--smush-placeholder-width: 1024px; --smush-placeholder-aspect-ratio: 1024\/768;\" \/><\/a><\/figure>\n\n\n\n<figure class=\"wp-block-image size-large\"><a href=\"https:\/\/cvinoticias.com\/wp-content\/uploads\/2025\/08\/1000222211.jpg\"><img decoding=\"async\" width=\"1024\" height=\"768\" data-id=\"47632\" data-src=\"https:\/\/cvinoticias.com\/wp-content\/uploads\/2025\/08\/1000222211-1024x768.jpg\" alt=\"\" class=\"wp-image-47632 lazyload\" data-srcset=\"https:\/\/cvinoticias.com\/wp-content\/uploads\/2025\/08\/1000222211-1024x768.jpg 1024w, https:\/\/cvinoticias.com\/wp-content\/uploads\/2025\/08\/1000222211-300x225.jpg 300w, https:\/\/cvinoticias.com\/wp-content\/uploads\/2025\/08\/1000222211-768x576.jpg 768w, https:\/\/cvinoticias.com\/wp-content\/uploads\/2025\/08\/1000222211-1536x1152.jpg 1536w, https:\/\/cvinoticias.com\/wp-content\/uploads\/2025\/08\/1000222211.jpg 1600w\" data-sizes=\"(max-width: 1024px) 100vw, 1024px\" src=\"data:image\/svg+xml;base64,PHN2ZyB3aWR0aD0iMSIgaGVpZ2h0PSIxIiB4bWxucz0iaHR0cDovL3d3dy53My5vcmcvMjAwMC9zdmciPjwvc3ZnPg==\" style=\"--smush-placeholder-width: 1024px; --smush-placeholder-aspect-ratio: 1024\/768;\" \/><\/a><\/figure>\n\n\n\n<figure class=\"wp-block-image size-large\"><a href=\"https:\/\/cvinoticias.com\/wp-content\/uploads\/2025\/08\/1000222209.jpg\"><img decoding=\"async\" width=\"1024\" height=\"768\" data-id=\"47634\" data-src=\"https:\/\/cvinoticias.com\/wp-content\/uploads\/2025\/08\/1000222209-1024x768.jpg\" alt=\"\" class=\"wp-image-47634 lazyload\" data-srcset=\"https:\/\/cvinoticias.com\/wp-content\/uploads\/2025\/08\/1000222209-1024x768.jpg 1024w, https:\/\/cvinoticias.com\/wp-content\/uploads\/2025\/08\/1000222209-300x225.jpg 300w, https:\/\/cvinoticias.com\/wp-content\/uploads\/2025\/08\/1000222209-768x576.jpg 768w, https:\/\/cvinoticias.com\/wp-content\/uploads\/2025\/08\/1000222209-1536x1152.jpg 1536w, https:\/\/cvinoticias.com\/wp-content\/uploads\/2025\/08\/1000222209.jpg 1600w\" data-sizes=\"(max-width: 1024px) 100vw, 1024px\" src=\"data:image\/svg+xml;base64,PHN2ZyB3aWR0aD0iMSIgaGVpZ2h0PSIxIiB4bWxucz0iaHR0cDovL3d3dy53My5vcmcvMjAwMC9zdmciPjwvc3ZnPg==\" style=\"--smush-placeholder-width: 1024px; --smush-placeholder-aspect-ratio: 1024\/768;\" \/><\/a><\/figure>\n<\/figure>\n\n\n\n<p><br>\u201cTenemos que sacrificarnos, poner el hombro, trabajar en este d\u00eda, y recordarlo sinceramente me llena de emoci\u00f3n. El General Jos\u00e9 Francisco San Mart\u00edn siempre va a estar presente en el coraz\u00f3n de todos los argentinos\u201d, expres\u00f3 con profunda emoci\u00f3n.<\/p>\n\n\n\n<p>El acto cerr\u00f3 con un fuerte sentido de unidad y compromiso, reflejando que la memoria del Libertador contin\u00faa inspirando a las nuevas generaciones a construir un futuro mejor para Puerto Iguaz\u00fa y para todo el pa\u00eds.<\/p>\n\n\n\n<figure class=\"wp-block-gallery has-nested-images columns-default is-cropped wp-block-gallery-3 is-layout-flex wp-block-gallery-is-layout-flex\">\n<figure class=\"wp-block-image size-large\"><a href=\"https:\/\/cvinoticias.com\/wp-content\/uploads\/2025\/08\/1000222208.jpg\"><img decoding=\"async\" width=\"1024\" height=\"768\" data-id=\"47638\" data-src=\"https:\/\/cvinoticias.com\/wp-content\/uploads\/2025\/08\/1000222208-1024x768.jpg\" alt=\"\" class=\"wp-image-47638 lazyload\" data-srcset=\"https:\/\/cvinoticias.com\/wp-content\/uploads\/2025\/08\/1000222208-1024x768.jpg 1024w, https:\/\/cvinoticias.com\/wp-content\/uploads\/2025\/08\/1000222208-300x225.jpg 300w, https:\/\/cvinoticias.com\/wp-content\/uploads\/2025\/08\/1000222208-768x576.jpg 768w, https:\/\/cvinoticias.com\/wp-content\/uploads\/2025\/08\/1000222208-1536x1152.jpg 1536w, https:\/\/cvinoticias.com\/wp-content\/uploads\/2025\/08\/1000222208.jpg 1600w\" data-sizes=\"(max-width: 1024px) 100vw, 1024px\" src=\"data:image\/svg+xml;base64,PHN2ZyB3aWR0aD0iMSIgaGVpZ2h0PSIxIiB4bWxucz0iaHR0cDovL3d3dy53My5vcmcvMjAwMC9zdmciPjwvc3ZnPg==\" style=\"--smush-placeholder-width: 1024px; --smush-placeholder-aspect-ratio: 1024\/768;\" \/><\/a><\/figure>\n\n\n\n<figure class=\"wp-block-image size-large\"><a href=\"https:\/\/cvinoticias.com\/wp-content\/uploads\/2025\/08\/1000222211-1.jpg\"><img decoding=\"async\" width=\"1024\" height=\"768\" data-id=\"47635\" data-src=\"https:\/\/cvinoticias.com\/wp-content\/uploads\/2025\/08\/1000222211-1-1024x768.jpg\" alt=\"\" class=\"wp-image-47635 lazyload\" data-srcset=\"https:\/\/cvinoticias.com\/wp-content\/uploads\/2025\/08\/1000222211-1-1024x768.jpg 1024w, https:\/\/cvinoticias.com\/wp-content\/uploads\/2025\/08\/1000222211-1-300x225.jpg 300w, https:\/\/cvinoticias.com\/wp-content\/uploads\/2025\/08\/1000222211-1-768x576.jpg 768w, https:\/\/cvinoticias.com\/wp-content\/uploads\/2025\/08\/1000222211-1-1536x1152.jpg 1536w, https:\/\/cvinoticias.com\/wp-content\/uploads\/2025\/08\/1000222211-1.jpg 1600w\" data-sizes=\"(max-width: 1024px) 100vw, 1024px\" src=\"data:image\/svg+xml;base64,PHN2ZyB3aWR0aD0iMSIgaGVpZ2h0PSIxIiB4bWxucz0iaHR0cDovL3d3dy53My5vcmcvMjAwMC9zdmciPjwvc3ZnPg==\" style=\"--smush-placeholder-width: 1024px; --smush-placeholder-aspect-ratio: 1024\/768;\" \/><\/a><\/figure>\n\n\n\n<figure class=\"wp-block-image size-large\"><a href=\"https:\/\/cvinoticias.com\/wp-content\/uploads\/2025\/08\/1000222206.jpg\"><img decoding=\"async\" width=\"1024\" height=\"768\" data-id=\"47636\" data-src=\"https:\/\/cvinoticias.com\/wp-content\/uploads\/2025\/08\/1000222206-1024x768.jpg\" alt=\"\" class=\"wp-image-47636 lazyload\" data-srcset=\"https:\/\/cvinoticias.com\/wp-content\/uploads\/2025\/08\/1000222206-1024x768.jpg 1024w, https:\/\/cvinoticias.com\/wp-content\/uploads\/2025\/08\/1000222206-300x225.jpg 300w, https:\/\/cvinoticias.com\/wp-content\/uploads\/2025\/08\/1000222206-768x576.jpg 768w, https:\/\/cvinoticias.com\/wp-content\/uploads\/2025\/08\/1000222206-1536x1152.jpg 1536w, https:\/\/cvinoticias.com\/wp-content\/uploads\/2025\/08\/1000222206.jpg 1600w\" data-sizes=\"(max-width: 1024px) 100vw, 1024px\" src=\"data:image\/svg+xml;base64,PHN2ZyB3aWR0aD0iMSIgaGVpZ2h0PSIxIiB4bWxucz0iaHR0cDovL3d3dy53My5vcmcvMjAwMC9zdmciPjwvc3ZnPg==\" style=\"--smush-placeholder-width: 1024px; --smush-placeholder-aspect-ratio: 1024\/768;\" \/><\/a><\/figure>\n\n\n\n<figure class=\"wp-block-image size-large\"><a href=\"https:\/\/cvinoticias.com\/wp-content\/uploads\/2025\/08\/1000222210.jpg\"><img decoding=\"async\" width=\"1024\" height=\"768\" data-id=\"47637\" data-src=\"https:\/\/cvinoticias.com\/wp-content\/uploads\/2025\/08\/1000222210-1024x768.jpg\" alt=\"\" class=\"wp-image-47637 lazyload\" data-srcset=\"https:\/\/cvinoticias.com\/wp-content\/uploads\/2025\/08\/1000222210-1024x768.jpg 1024w, https:\/\/cvinoticias.com\/wp-content\/uploads\/2025\/08\/1000222210-300x225.jpg 300w, https:\/\/cvinoticias.com\/wp-content\/uploads\/2025\/08\/1000222210-768x576.jpg 768w, https:\/\/cvinoticias.com\/wp-content\/uploads\/2025\/08\/1000222210-1536x1152.jpg 1536w, https:\/\/cvinoticias.com\/wp-content\/uploads\/2025\/08\/1000222210.jpg 1600w\" data-sizes=\"(max-width: 1024px) 100vw, 1024px\" src=\"data:image\/svg+xml;base64,PHN2ZyB3aWR0aD0iMSIgaGVpZ2h0PSIxIiB4bWxucz0iaHR0cDovL3d3dy53My5vcmcvMjAwMC9zdmciPjwvc3ZnPg==\" style=\"--smush-placeholder-width: 1024px; --smush-placeholder-aspect-ratio: 1024\/768;\" \/><\/a><\/figure>\n\n\n\n<figure class=\"wp-block-image size-large\"><a href=\"https:\/\/cvinoticias.com\/wp-content\/uploads\/2025\/08\/1000222217.jpg\"><img decoding=\"async\" width=\"1024\" height=\"768\" data-id=\"47639\" data-src=\"https:\/\/cvinoticias.com\/wp-content\/uploads\/2025\/08\/1000222217-1024x768.jpg\" alt=\"\" class=\"wp-image-47639 lazyload\" data-srcset=\"https:\/\/cvinoticias.com\/wp-content\/uploads\/2025\/08\/1000222217-1024x768.jpg 1024w, https:\/\/cvinoticias.com\/wp-content\/uploads\/2025\/08\/1000222217-300x225.jpg 300w, https:\/\/cvinoticias.com\/wp-content\/uploads\/2025\/08\/1000222217-768x576.jpg 768w, https:\/\/cvinoticias.com\/wp-content\/uploads\/2025\/08\/1000222217-1536x1152.jpg 1536w, https:\/\/cvinoticias.com\/wp-content\/uploads\/2025\/08\/1000222217.jpg 1600w\" data-sizes=\"(max-width: 1024px) 100vw, 1024px\" src=\"data:image\/svg+xml;base64,PHN2ZyB3aWR0aD0iMSIgaGVpZ2h0PSIxIiB4bWxucz0iaHR0cDovL3d3dy53My5vcmcvMjAwMC9zdmciPjwvc3ZnPg==\" style=\"--smush-placeholder-width: 1024px; --smush-placeholder-aspect-ratio: 1024\/768;\" \/><\/a><\/figure>\n<\/figure>\n","protected":false},"excerpt":{"rendered":"<p>En la Plaza San Mart\u00edn de nuestra ciudad se llev\u00f3 a cabo el acto en conmemoraci\u00f3n del Paso a la Inmortalidad del General Jos\u00e9 de San Mart\u00edn, Padre de la Patria. La ceremonia reuni\u00f3 al intendente Dr. Claudio Filippa, funcionarios municipales, fuerzas de seguridad, alumnos abanderados y numerosas familias de la comunidad que se acercaron [&hellip;]<\/p>\n","protected":false},"author":2,"featured_media":47628,"comment_status":"open","ping_status":"open","sticky":false,"template":"","format":"standard","meta":{"footnotes":""},"categories":[47],"tags":[3598,195,313,2555],"class_list":["post-47624","post","type-post","status-publish","format-standard","has-post-thumbnail","hentry","category-sociedad","tag-general","tag-homenaje","tag-iguazu","tag-san-martin"],"yoast_head":"<!-- This site is optimized with the Yoast SEO plugin v27.5 - https:\/\/yoast.com\/product\/yoast-seo-wordpress\/ -->\n<title>Puerto Iguaz\u00fa homenaje\u00f3 al General San Mart\u00edn | CVI NOTICIAS<\/title>\n<meta name=\"description\" content=\"Puerto Iguaz\u00fa rindi\u00f3 homenaje a San Mart\u00edn con un acto en la plaza central que reuni\u00f3 a autoridades y vecinos.\" \/>\n<meta name=\"robots\" content=\"index, follow, max-snippet:-1, max-image-preview:large, max-video-preview:-1\" \/>\n<link rel=\"canonical\" href=\"https:\/\/cvinoticias.com\/v3\/puerto-iguazu-rindio-homenaje-al-general-jose-de-san-martin\/\" \/>\n<meta property=\"og:locale\" content=\"es_ES\" \/>\n<meta property=\"og:type\" content=\"article\" \/>\n<meta property=\"og:title\" content=\"Puerto Iguaz\u00fa homenaje\u00f3 al General San Mart\u00edn | CVI NOTICIAS\" \/>\n<meta property=\"og:description\" content=\"Puerto Iguaz\u00fa rindi\u00f3 homenaje a San Mart\u00edn con un acto en la plaza central que reuni\u00f3 a autoridades y vecinos.\" \/>\n<meta property=\"og:url\" content=\"https:\/\/cvinoticias.com\/v3\/puerto-iguazu-rindio-homenaje-al-general-jose-de-san-martin\/\" \/>\n<meta property=\"og:site_name\" content=\"CVI NOTICIAS\" \/>\n<meta property=\"article:publisher\" content=\"https:\/\/www.facebook.com\/cvinoticias\" \/>\n<meta property=\"article:published_time\" content=\"2025-08-17T14:35:40+00:00\" \/>\n<meta property=\"article:modified_time\" content=\"2025-08-17T15:24:10+00:00\" \/>\n<meta property=\"og:image\" content=\"https:\/\/cvinoticias.com\/wp-content\/uploads\/2025\/08\/IMG-20250817-WA0008.jpg\" \/>\n\t<meta property=\"og:image:width\" content=\"1600\" \/>\n\t<meta property=\"og:image:height\" content=\"1200\" \/>\n\t<meta property=\"og:image:type\" content=\"image\/jpeg\" \/>\n<meta name=\"author\" content=\"f1000024\" \/>\n<meta name=\"twitter:card\" content=\"summary_large_image\" \/>\n<meta name=\"twitter:label1\" content=\"Escrito por\" \/>\n\t<meta name=\"twitter:data1\" content=\"f1000024\" \/>\n\t<meta name=\"twitter:label2\" content=\"Tiempo de lectura\" \/>\n\t<meta name=\"twitter:data2\" content=\"4 minutos\" \/>\n<script type=\"application\/ld+json\" class=\"yoast-schema-graph\">{\"@context\":\"https:\\\/\\\/schema.org\",\"@graph\":[{\"@type\":\"Article\",\"@id\":\"https:\\\/\\\/cvinoticias.com\\\/v3\\\/puerto-iguazu-rindio-homenaje-al-general-jose-de-san-martin\\\/#article\",\"isPartOf\":{\"@id\":\"https:\\\/\\\/cvinoticias.com\\\/v3\\\/puerto-iguazu-rindio-homenaje-al-general-jose-de-san-martin\\\/\"},\"author\":{\"name\":\"f1000024\",\"@id\":\"https:\\\/\\\/cvinoticias.com\\\/v3\\\/#\\\/schema\\\/person\\\/2db77e3c6bc03c538495d7b2b8be9b66\"},\"headline\":\"Puerto Iguaz\u00fa rindi\u00f3 homenaje al General Jos\u00e9 de San Mart\u00edn\",\"datePublished\":\"2025-08-17T14:35:40+00:00\",\"dateModified\":\"2025-08-17T15:24:10+00:00\",\"mainEntityOfPage\":{\"@id\":\"https:\\\/\\\/cvinoticias.com\\\/v3\\\/puerto-iguazu-rindio-homenaje-al-general-jose-de-san-martin\\\/\"},\"wordCount\":287,\"commentCount\":0,\"publisher\":{\"@id\":\"https:\\\/\\\/cvinoticias.com\\\/v3\\\/#organization\"},\"image\":{\"@id\":\"https:\\\/\\\/cvinoticias.com\\\/v3\\\/puerto-iguazu-rindio-homenaje-al-general-jose-de-san-martin\\\/#primaryimage\"},\"thumbnailUrl\":\"https:\\\/\\\/cvinoticias.com\\\/wp-content\\\/uploads\\\/2025\\\/08\\\/IMG-20250817-WA0008.jpg\",\"keywords\":[\"General\",\"homenaje\",\"Iguaz\u00fa\",\"San Mart\u00edn\"],\"articleSection\":[\"Sociedad\"],\"inLanguage\":\"es\",\"potentialAction\":[{\"@type\":\"CommentAction\",\"name\":\"Comment\",\"target\":[\"https:\\\/\\\/cvinoticias.com\\\/v3\\\/puerto-iguazu-rindio-homenaje-al-general-jose-de-san-martin\\\/#respond\"]}]},{\"@type\":\"WebPage\",\"@id\":\"https:\\\/\\\/cvinoticias.com\\\/v3\\\/puerto-iguazu-rindio-homenaje-al-general-jose-de-san-martin\\\/\",\"url\":\"https:\\\/\\\/cvinoticias.com\\\/v3\\\/puerto-iguazu-rindio-homenaje-al-general-jose-de-san-martin\\\/\",\"name\":\"Puerto Iguaz\u00fa homenaje\u00f3 al General San Mart\u00edn | CVI NOTICIAS\",\"isPartOf\":{\"@id\":\"https:\\\/\\\/cvinoticias.com\\\/v3\\\/#website\"},\"primaryImageOfPage\":{\"@id\":\"https:\\\/\\\/cvinoticias.com\\\/v3\\\/puerto-iguazu-rindio-homenaje-al-general-jose-de-san-martin\\\/#primaryimage\"},\"image\":{\"@id\":\"https:\\\/\\\/cvinoticias.com\\\/v3\\\/puerto-iguazu-rindio-homenaje-al-general-jose-de-san-martin\\\/#primaryimage\"},\"thumbnailUrl\":\"https:\\\/\\\/cvinoticias.com\\\/wp-content\\\/uploads\\\/2025\\\/08\\\/IMG-20250817-WA0008.jpg\",\"datePublished\":\"2025-08-17T14:35:40+00:00\",\"dateModified\":\"2025-08-17T15:24:10+00:00\",\"description\":\"Puerto Iguaz\u00fa rindi\u00f3 homenaje a San Mart\u00edn con un acto en la plaza central que reuni\u00f3 a autoridades y vecinos.\",\"breadcrumb\":{\"@id\":\"https:\\\/\\\/cvinoticias.com\\\/v3\\\/puerto-iguazu-rindio-homenaje-al-general-jose-de-san-martin\\\/#breadcrumb\"},\"inLanguage\":\"es\",\"potentialAction\":[{\"@type\":\"ReadAction\",\"target\":[\"https:\\\/\\\/cvinoticias.com\\\/v3\\\/puerto-iguazu-rindio-homenaje-al-general-jose-de-san-martin\\\/\"]}]},{\"@type\":\"ImageObject\",\"inLanguage\":\"es\",\"@id\":\"https:\\\/\\\/cvinoticias.com\\\/v3\\\/puerto-iguazu-rindio-homenaje-al-general-jose-de-san-martin\\\/#primaryimage\",\"url\":\"https:\\\/\\\/cvinoticias.com\\\/wp-content\\\/uploads\\\/2025\\\/08\\\/IMG-20250817-WA0008.jpg\",\"contentUrl\":\"https:\\\/\\\/cvinoticias.com\\\/wp-content\\\/uploads\\\/2025\\\/08\\\/IMG-20250817-WA0008.jpg\",\"width\":1600,\"height\":1200},{\"@type\":\"BreadcrumbList\",\"@id\":\"https:\\\/\\\/cvinoticias.com\\\/v3\\\/puerto-iguazu-rindio-homenaje-al-general-jose-de-san-martin\\\/#breadcrumb\",\"itemListElement\":[{\"@type\":\"ListItem\",\"position\":1,\"name\":\"Portada\",\"item\":\"https:\\\/\\\/cvinoticias.com\\\/v3\\\/\"},{\"@type\":\"ListItem\",\"position\":2,\"name\":\"Puerto Iguaz\u00fa rindi\u00f3 homenaje al General Jos\u00e9 de San Mart\u00edn\"}]},{\"@type\":\"WebSite\",\"@id\":\"https:\\\/\\\/cvinoticias.com\\\/v3\\\/#website\",\"url\":\"https:\\\/\\\/cvinoticias.com\\\/v3\\\/\",\"name\":\"CVI NOTICIAS\",\"description\":\"\",\"publisher\":{\"@id\":\"https:\\\/\\\/cvinoticias.com\\\/v3\\\/#organization\"},\"alternateName\":\"CVI\",\"potentialAction\":[{\"@type\":\"SearchAction\",\"target\":{\"@type\":\"EntryPoint\",\"urlTemplate\":\"https:\\\/\\\/cvinoticias.com\\\/v3\\\/?s={search_term_string}\"},\"query-input\":{\"@type\":\"PropertyValueSpecification\",\"valueRequired\":true,\"valueName\":\"search_term_string\"}}],\"inLanguage\":\"es\"},{\"@type\":\"Organization\",\"@id\":\"https:\\\/\\\/cvinoticias.com\\\/v3\\\/#organization\",\"name\":\"CVI NOTICIAS\",\"url\":\"https:\\\/\\\/cvinoticias.com\\\/v3\\\/\",\"logo\":{\"@type\":\"ImageObject\",\"inLanguage\":\"es\",\"@id\":\"https:\\\/\\\/cvinoticias.com\\\/v3\\\/#\\\/schema\\\/logo\\\/image\\\/\",\"url\":\"https:\\\/\\\/cvinoticias.com\\\/wp-content\\\/uploads\\\/2023\\\/04\\\/cropped-cropped-cropped-cropped-cropped-3-1.png\",\"contentUrl\":\"https:\\\/\\\/cvinoticias.com\\\/wp-content\\\/uploads\\\/2023\\\/04\\\/cropped-cropped-cropped-cropped-cropped-3-1.png\",\"width\":95,\"height\":122,\"caption\":\"CVI NOTICIAS\"},\"image\":{\"@id\":\"https:\\\/\\\/cvinoticias.com\\\/v3\\\/#\\\/schema\\\/logo\\\/image\\\/\"},\"sameAs\":[\"https:\\\/\\\/www.facebook.com\\\/cvinoticias\",\"https:\\\/\\\/www.instagram.com\\\/cvinoticias\\\/\",\"https:\\\/\\\/www.youtube.com\\\/@CVINOTICIAS\"]},{\"@type\":\"Person\",\"@id\":\"https:\\\/\\\/cvinoticias.com\\\/v3\\\/#\\\/schema\\\/person\\\/2db77e3c6bc03c538495d7b2b8be9b66\",\"name\":\"f1000024\",\"image\":{\"@type\":\"ImageObject\",\"inLanguage\":\"es\",\"@id\":\"https:\\\/\\\/secure.gravatar.com\\\/avatar\\\/d4fe7459cfc51ff5129ce1a732bbef5928568b8092d412ef95611616376bbeed?s=96&d=mm&r=g\",\"url\":\"https:\\\/\\\/secure.gravatar.com\\\/avatar\\\/d4fe7459cfc51ff5129ce1a732bbef5928568b8092d412ef95611616376bbeed?s=96&d=mm&r=g\",\"contentUrl\":\"https:\\\/\\\/secure.gravatar.com\\\/avatar\\\/d4fe7459cfc51ff5129ce1a732bbef5928568b8092d412ef95611616376bbeed?s=96&d=mm&r=g\",\"caption\":\"f1000024\"},\"url\":\"https:\\\/\\\/cvinoticias.com\\\/v3\\\/author\\\/f1000024\\\/\"}]}<\/script>\n<!-- \/ Yoast SEO plugin. -->","yoast_head_json":{"title":"Puerto Iguaz\u00fa homenaje\u00f3 al General San Mart\u00edn | CVI NOTICIAS","description":"Puerto Iguaz\u00fa rindi\u00f3 homenaje a San Mart\u00edn con un acto en la plaza central que reuni\u00f3 a autoridades y vecinos.","robots":{"index":"index","follow":"follow","max-snippet":"max-snippet:-1","max-image-preview":"max-image-preview:large","max-video-preview":"max-video-preview:-1"},"canonical":"https:\/\/cvinoticias.com\/v3\/puerto-iguazu-rindio-homenaje-al-general-jose-de-san-martin\/","og_locale":"es_ES","og_type":"article","og_title":"Puerto Iguaz\u00fa homenaje\u00f3 al General San Mart\u00edn | CVI NOTICIAS","og_description":"Puerto Iguaz\u00fa rindi\u00f3 homenaje a San Mart\u00edn con un acto en la plaza central que reuni\u00f3 a autoridades y vecinos.","og_url":"https:\/\/cvinoticias.com\/v3\/puerto-iguazu-rindio-homenaje-al-general-jose-de-san-martin\/","og_site_name":"CVI NOTICIAS","article_publisher":"https:\/\/www.facebook.com\/cvinoticias","article_published_time":"2025-08-17T14:35:40+00:00","article_modified_time":"2025-08-17T15:24:10+00:00","og_image":[{"width":1600,"height":1200,"url":"https:\/\/cvinoticias.com\/wp-content\/uploads\/2025\/08\/IMG-20250817-WA0008.jpg","type":"image\/jpeg"}],"author":"f1000024","twitter_card":"summary_large_image","twitter_misc":{"Escrito por":"f1000024","Tiempo de lectura":"4 minutos"},"schema":{"@context":"https:\/\/schema.org","@graph":[{"@type":"Article","@id":"https:\/\/cvinoticias.com\/v3\/puerto-iguazu-rindio-homenaje-al-general-jose-de-san-martin\/#article","isPartOf":{"@id":"https:\/\/cvinoticias.com\/v3\/puerto-iguazu-rindio-homenaje-al-general-jose-de-san-martin\/"},"author":{"name":"f1000024","@id":"https:\/\/cvinoticias.com\/v3\/#\/schema\/person\/2db77e3c6bc03c538495d7b2b8be9b66"},"headline":"Puerto Iguaz\u00fa rindi\u00f3 homenaje al General Jos\u00e9 de San Mart\u00edn","datePublished":"2025-08-17T14:35:40+00:00","dateModified":"2025-08-17T15:24:10+00:00","mainEntityOfPage":{"@id":"https:\/\/cvinoticias.com\/v3\/puerto-iguazu-rindio-homenaje-al-general-jose-de-san-martin\/"},"wordCount":287,"commentCount":0,"publisher":{"@id":"https:\/\/cvinoticias.com\/v3\/#organization"},"image":{"@id":"https:\/\/cvinoticias.com\/v3\/puerto-iguazu-rindio-homenaje-al-general-jose-de-san-martin\/#primaryimage"},"thumbnailUrl":"https:\/\/cvinoticias.com\/wp-content\/uploads\/2025\/08\/IMG-20250817-WA0008.jpg","keywords":["General","homenaje","Iguaz\u00fa","San Mart\u00edn"],"articleSection":["Sociedad"],"inLanguage":"es","potentialAction":[{"@type":"CommentAction","name":"Comment","target":["https:\/\/cvinoticias.com\/v3\/puerto-iguazu-rindio-homenaje-al-general-jose-de-san-martin\/#respond"]}]},{"@type":"WebPage","@id":"https:\/\/cvinoticias.com\/v3\/puerto-iguazu-rindio-homenaje-al-general-jose-de-san-martin\/","url":"https:\/\/cvinoticias.com\/v3\/puerto-iguazu-rindio-homenaje-al-general-jose-de-san-martin\/","name":"Puerto Iguaz\u00fa homenaje\u00f3 al General San Mart\u00edn | CVI NOTICIAS","isPartOf":{"@id":"https:\/\/cvinoticias.com\/v3\/#website"},"primaryImageOfPage":{"@id":"https:\/\/cvinoticias.com\/v3\/puerto-iguazu-rindio-homenaje-al-general-jose-de-san-martin\/#primaryimage"},"image":{"@id":"https:\/\/cvinoticias.com\/v3\/puerto-iguazu-rindio-homenaje-al-general-jose-de-san-martin\/#primaryimage"},"thumbnailUrl":"https:\/\/cvinoticias.com\/wp-content\/uploads\/2025\/08\/IMG-20250817-WA0008.jpg","datePublished":"2025-08-17T14:35:40+00:00","dateModified":"2025-08-17T15:24:10+00:00","description":"Puerto Iguaz\u00fa rindi\u00f3 homenaje a San Mart\u00edn con un acto en la plaza central que reuni\u00f3 a autoridades y vecinos.","breadcrumb":{"@id":"https:\/\/cvinoticias.com\/v3\/puerto-iguazu-rindio-homenaje-al-general-jose-de-san-martin\/#breadcrumb"},"inLanguage":"es","potentialAction":[{"@type":"ReadAction","target":["https:\/\/cvinoticias.com\/v3\/puerto-iguazu-rindio-homenaje-al-general-jose-de-san-martin\/"]}]},{"@type":"ImageObject","inLanguage":"es","@id":"https:\/\/cvinoticias.com\/v3\/puerto-iguazu-rindio-homenaje-al-general-jose-de-san-martin\/#primaryimage","url":"https:\/\/cvinoticias.com\/wp-content\/uploads\/2025\/08\/IMG-20250817-WA0008.jpg","contentUrl":"https:\/\/cvinoticias.com\/wp-content\/uploads\/2025\/08\/IMG-20250817-WA0008.jpg","width":1600,"height":1200},{"@type":"BreadcrumbList","@id":"https:\/\/cvinoticias.com\/v3\/puerto-iguazu-rindio-homenaje-al-general-jose-de-san-martin\/#breadcrumb","itemListElement":[{"@type":"ListItem","position":1,"name":"Portada","item":"https:\/\/cvinoticias.com\/v3\/"},{"@type":"ListItem","position":2,"name":"Puerto Iguaz\u00fa rindi\u00f3 homenaje al General Jos\u00e9 de San Mart\u00edn"}]},{"@type":"WebSite","@id":"https:\/\/cvinoticias.com\/v3\/#website","url":"https:\/\/cvinoticias.com\/v3\/","name":"CVI NOTICIAS","description":"","publisher":{"@id":"https:\/\/cvinoticias.com\/v3\/#organization"},"alternateName":"CVI","potentialAction":[{"@type":"SearchAction","target":{"@type":"EntryPoint","urlTemplate":"https:\/\/cvinoticias.com\/v3\/?s={search_term_string}"},"query-input":{"@type":"PropertyValueSpecification","valueRequired":true,"valueName":"search_term_string"}}],"inLanguage":"es"},{"@type":"Organization","@id":"https:\/\/cvinoticias.com\/v3\/#organization","name":"CVI NOTICIAS","url":"https:\/\/cvinoticias.com\/v3\/","logo":{"@type":"ImageObject","inLanguage":"es","@id":"https:\/\/cvinoticias.com\/v3\/#\/schema\/logo\/image\/","url":"https:\/\/cvinoticias.com\/wp-content\/uploads\/2023\/04\/cropped-cropped-cropped-cropped-cropped-3-1.png","contentUrl":"https:\/\/cvinoticias.com\/wp-content\/uploads\/2023\/04\/cropped-cropped-cropped-cropped-cropped-3-1.png","width":95,"height":122,"caption":"CVI NOTICIAS"},"image":{"@id":"https:\/\/cvinoticias.com\/v3\/#\/schema\/logo\/image\/"},"sameAs":["https:\/\/www.facebook.com\/cvinoticias","https:\/\/www.instagram.com\/cvinoticias\/","https:\/\/www.youtube.com\/@CVINOTICIAS"]},{"@type":"Person","@id":"https:\/\/cvinoticias.com\/v3\/#\/schema\/person\/2db77e3c6bc03c538495d7b2b8be9b66","name":"f1000024","image":{"@type":"ImageObject","inLanguage":"es","@id":"https:\/\/secure.gravatar.com\/avatar\/d4fe7459cfc51ff5129ce1a732bbef5928568b8092d412ef95611616376bbeed?s=96&d=mm&r=g","url":"https:\/\/secure.gravatar.com\/avatar\/d4fe7459cfc51ff5129ce1a732bbef5928568b8092d412ef95611616376bbeed?s=96&d=mm&r=g","contentUrl":"https:\/\/secure.gravatar.com\/avatar\/d4fe7459cfc51ff5129ce1a732bbef5928568b8092d412ef95611616376bbeed?s=96&d=mm&r=g","caption":"f1000024"},"url":"https:\/\/cvinoticias.com\/v3\/author\/f1000024\/"}]}},"_links":{"self":[{"href":"https:\/\/cvinoticias.com\/v3\/wp-json\/wp\/v2\/posts\/47624","targetHints":{"allow":["GET"]}}],"collection":[{"href":"https:\/\/cvinoticias.com\/v3\/wp-json\/wp\/v2\/posts"}],"about":[{"href":"https:\/\/cvinoticias.com\/v3\/wp-json\/wp\/v2\/types\/post"}],"author":[{"embeddable":true,"href":"https:\/\/cvinoticias.com\/v3\/wp-json\/wp\/v2\/users\/2"}],"replies":[{"embeddable":true,"href":"https:\/\/cvinoticias.com\/v3\/wp-json\/wp\/v2\/comments?post=47624"}],"version-history":[{"count":1,"href":"https:\/\/cvinoticias.com\/v3\/wp-json\/wp\/v2\/posts\/47624\/revisions"}],"predecessor-version":[{"id":47640,"href":"https:\/\/cvinoticias.com\/v3\/wp-json\/wp\/v2\/posts\/47624\/revisions\/47640"}],"wp:featuredmedia":[{"embeddable":true,"href":"https:\/\/cvinoticias.com\/v3\/wp-json\/wp\/v2\/media\/47628"}],"wp:attachment":[{"href":"https:\/\/cvinoticias.com\/v3\/wp-json\/wp\/v2\/media?parent=47624"}],"wp:term":[{"taxonomy":"category","embeddable":true,"href":"https:\/\/cvinoticias.com\/v3\/wp-json\/wp\/v2\/categories?post=47624"},{"taxonomy":"post_tag","embeddable":true,"href":"https:\/\/cvinoticias.com\/v3\/wp-json\/wp\/v2\/tags?post=47624"}],"curies":[{"name":"wp","href":"https:\/\/api.w.org\/{rel}","templated":true}]}}