{"id":4758,"date":"2021-05-02T01:45:16","date_gmt":"2021-05-02T01:45:16","guid":{"rendered":"https:\/\/cvinoticias.com\/v3\/?p=4758"},"modified":"2021-05-02T01:45:16","modified_gmt":"2021-05-02T01:45:16","slug":"iguazu-se-informa-a-la-comunidad-que-la-toma-de-agua-esta-fuera-de-servicio","status":"publish","type":"post","link":"https:\/\/cvinoticias.com\/v3\/iguazu-se-informa-a-la-comunidad-que-la-toma-de-agua-esta-fuera-de-servicio\/","title":{"rendered":"Iguaz\u00fa: Se informa a la comunidad que la toma de agua est\u00e1 fuera de servicio"},"content":{"rendered":"\n<p><strong><em>Ulises Espinoza, director de servicios de IMAS, informa a la comunidad de Iguaz\u00fa que debido a la inestabilidad del r\u00edo, durante la jornada del s\u00e1bado se redujo en un 60 por ciento la operatividad de la plata potabilizadora.<\/em><\/strong><\/p>\n\n\n\n<p>La cuadrilla de operarios trabaj\u00f3 durante toda la jornada en la toma de agua del r\u00edo Iguaz\u00fa buscando estabilizar los equipos de la balsa, sin embargo el r\u00edo contin\u00fao bajando haciendo imposible el trabajo.<\/p>\n\n\n\n<p>Por la ma\u00f1ana, la producci\u00f3n de agua potable alcanz\u00f3 el 60 por ciento de su capacidad, pero por la tarde se redujo la producci\u00f3n al 40 por ciento y en horas de la noche la bajante se acentu\u00f3 provocando que la toma de agua del Iguaz\u00fa est\u00e9 fuera de servicio.<\/p>\n\n\n\n<p>Cabe destacar que por la tarde noche la planta potabilizadora pas\u00f3 a funcionar solamente con el agua cruda que se toma del arroyo Mboca-\u00ed.<\/p>\n\n\n\n<p>Se ruega a la poblaci\u00f3n se extreme los cuidados en el uso del servicio hasta una pronta recuperaci\u00f3n del nivel normal del R\u00edo Iguaz\u00fa.<\/p>\n","protected":false},"excerpt":{"rendered":"<p>Ulises Espinoza, director de servicios de IMAS, informa a la comunidad de Iguaz\u00fa que debido a la inestabilidad del r\u00edo, durante la jornada del s\u00e1bado se redujo en un 60 por ciento la operatividad de la plata potabilizadora. La cuadrilla de operarios trabaj\u00f3 durante toda la jornada en la toma de agua del r\u00edo Iguaz\u00fa [&hellip;]<\/p>\n","protected":false},"author":2,"featured_media":4111,"comment_status":"open","ping_status":"open","sticky":false,"template":"","format":"standard","meta":{"footnotes":""},"categories":[29],"tags":[],"class_list":["post-4758","post","type-post","status-publish","format-standard","has-post-thumbnail","hentry","category-locales"],"yoast_head":"<!-- This site is optimized with the Yoast SEO plugin v27.4 - https:\/\/yoast.com\/product\/yoast-seo-wordpress\/ -->\n<title>Iguaz\u00fa: Se informa a la comunidad que la toma de agua est\u00e1 fuera de servicio | CVI NOTICIAS<\/title>\n<meta name=\"robots\" content=\"index, follow, max-snippet:-1, max-image-preview:large, max-video-preview:-1\" \/>\n<link rel=\"canonical\" href=\"https:\/\/cvinoticias.com\/v3\/iguazu-se-informa-a-la-comunidad-que-la-toma-de-agua-esta-fuera-de-servicio\/\" \/>\n<meta property=\"og:locale\" content=\"es_ES\" \/>\n<meta property=\"og:type\" content=\"article\" \/>\n<meta property=\"og:title\" content=\"Iguaz\u00fa: Se informa a la comunidad que la toma de agua est\u00e1 fuera de servicio | CVI NOTICIAS\" \/>\n<meta property=\"og:description\" content=\"Ulises Espinoza, director de servicios de IMAS, informa a la comunidad de Iguaz\u00fa que debido a la inestabilidad del r\u00edo, durante la jornada del s\u00e1bado se redujo en un 60 por ciento la operatividad de la plata potabilizadora. La cuadrilla de operarios trabaj\u00f3 durante toda la jornada en la toma de agua del r\u00edo Iguaz\u00fa [&hellip;]\" \/>\n<meta property=\"og:url\" content=\"https:\/\/cvinoticias.com\/v3\/iguazu-se-informa-a-la-comunidad-que-la-toma-de-agua-esta-fuera-de-servicio\/\" \/>\n<meta property=\"og:site_name\" content=\"CVI NOTICIAS\" \/>\n<meta property=\"article:publisher\" content=\"https:\/\/www.facebook.com\/cvinoticias\" \/>\n<meta property=\"article:published_time\" content=\"2021-05-02T01:45:16+00:00\" \/>\n<meta property=\"og:image\" content=\"https:\/\/cvinoticias.com\/wp-content\/uploads\/2021\/04\/toma-de-agua-en-rios-de-Misiones-11-04-2021.jpg\" \/>\n\t<meta property=\"og:image:width\" content=\"1000\" \/>\n\t<meta property=\"og:image:height\" content=\"747\" \/>\n\t<meta property=\"og:image:type\" content=\"image\/jpeg\" \/>\n<meta name=\"author\" content=\"f1000024\" \/>\n<meta name=\"twitter:card\" content=\"summary_large_image\" \/>\n<meta name=\"twitter:label1\" content=\"Escrito por\" \/>\n\t<meta name=\"twitter:data1\" content=\"f1000024\" \/>\n\t<meta name=\"twitter:label2\" content=\"Tiempo de lectura\" \/>\n\t<meta name=\"twitter:data2\" content=\"1 minuto\" \/>\n<script type=\"application\/ld+json\" class=\"yoast-schema-graph\">{\"@context\":\"https:\\\/\\\/schema.org\",\"@graph\":[{\"@type\":\"Article\",\"@id\":\"https:\\\/\\\/cvinoticias.com\\\/v3\\\/iguazu-se-informa-a-la-comunidad-que-la-toma-de-agua-esta-fuera-de-servicio\\\/#article\",\"isPartOf\":{\"@id\":\"https:\\\/\\\/cvinoticias.com\\\/v3\\\/iguazu-se-informa-a-la-comunidad-que-la-toma-de-agua-esta-fuera-de-servicio\\\/\"},\"author\":{\"name\":\"f1000024\",\"@id\":\"https:\\\/\\\/cvinoticias.com\\\/v3\\\/#\\\/schema\\\/person\\\/2db77e3c6bc03c538495d7b2b8be9b66\"},\"headline\":\"Iguaz\u00fa: Se informa a la comunidad que la toma de agua est\u00e1 fuera de servicio\",\"datePublished\":\"2021-05-02T01:45:16+00:00\",\"mainEntityOfPage\":{\"@id\":\"https:\\\/\\\/cvinoticias.com\\\/v3\\\/iguazu-se-informa-a-la-comunidad-que-la-toma-de-agua-esta-fuera-de-servicio\\\/\"},\"wordCount\":193,\"commentCount\":0,\"publisher\":{\"@id\":\"https:\\\/\\\/cvinoticias.com\\\/v3\\\/#organization\"},\"image\":{\"@id\":\"https:\\\/\\\/cvinoticias.com\\\/v3\\\/iguazu-se-informa-a-la-comunidad-que-la-toma-de-agua-esta-fuera-de-servicio\\\/#primaryimage\"},\"thumbnailUrl\":\"https:\\\/\\\/cvinoticias.com\\\/wp-content\\\/uploads\\\/2021\\\/04\\\/toma-de-agua-en-rios-de-Misiones-11-04-2021.jpg\",\"articleSection\":[\"Locales\"],\"inLanguage\":\"es\",\"potentialAction\":[{\"@type\":\"CommentAction\",\"name\":\"Comment\",\"target\":[\"https:\\\/\\\/cvinoticias.com\\\/v3\\\/iguazu-se-informa-a-la-comunidad-que-la-toma-de-agua-esta-fuera-de-servicio\\\/#respond\"]}]},{\"@type\":\"WebPage\",\"@id\":\"https:\\\/\\\/cvinoticias.com\\\/v3\\\/iguazu-se-informa-a-la-comunidad-que-la-toma-de-agua-esta-fuera-de-servicio\\\/\",\"url\":\"https:\\\/\\\/cvinoticias.com\\\/v3\\\/iguazu-se-informa-a-la-comunidad-que-la-toma-de-agua-esta-fuera-de-servicio\\\/\",\"name\":\"Iguaz\u00fa: Se informa a la comunidad que la toma de agua est\u00e1 fuera de servicio | CVI NOTICIAS\",\"isPartOf\":{\"@id\":\"https:\\\/\\\/cvinoticias.com\\\/v3\\\/#website\"},\"primaryImageOfPage\":{\"@id\":\"https:\\\/\\\/cvinoticias.com\\\/v3\\\/iguazu-se-informa-a-la-comunidad-que-la-toma-de-agua-esta-fuera-de-servicio\\\/#primaryimage\"},\"image\":{\"@id\":\"https:\\\/\\\/cvinoticias.com\\\/v3\\\/iguazu-se-informa-a-la-comunidad-que-la-toma-de-agua-esta-fuera-de-servicio\\\/#primaryimage\"},\"thumbnailUrl\":\"https:\\\/\\\/cvinoticias.com\\\/wp-content\\\/uploads\\\/2021\\\/04\\\/toma-de-agua-en-rios-de-Misiones-11-04-2021.jpg\",\"datePublished\":\"2021-05-02T01:45:16+00:00\",\"breadcrumb\":{\"@id\":\"https:\\\/\\\/cvinoticias.com\\\/v3\\\/iguazu-se-informa-a-la-comunidad-que-la-toma-de-agua-esta-fuera-de-servicio\\\/#breadcrumb\"},\"inLanguage\":\"es\",\"potentialAction\":[{\"@type\":\"ReadAction\",\"target\":[\"https:\\\/\\\/cvinoticias.com\\\/v3\\\/iguazu-se-informa-a-la-comunidad-que-la-toma-de-agua-esta-fuera-de-servicio\\\/\"]}]},{\"@type\":\"ImageObject\",\"inLanguage\":\"es\",\"@id\":\"https:\\\/\\\/cvinoticias.com\\\/v3\\\/iguazu-se-informa-a-la-comunidad-que-la-toma-de-agua-esta-fuera-de-servicio\\\/#primaryimage\",\"url\":\"https:\\\/\\\/cvinoticias.com\\\/wp-content\\\/uploads\\\/2021\\\/04\\\/toma-de-agua-en-rios-de-Misiones-11-04-2021.jpg\",\"contentUrl\":\"https:\\\/\\\/cvinoticias.com\\\/wp-content\\\/uploads\\\/2021\\\/04\\\/toma-de-agua-en-rios-de-Misiones-11-04-2021.jpg\",\"width\":1000,\"height\":747},{\"@type\":\"BreadcrumbList\",\"@id\":\"https:\\\/\\\/cvinoticias.com\\\/v3\\\/iguazu-se-informa-a-la-comunidad-que-la-toma-de-agua-esta-fuera-de-servicio\\\/#breadcrumb\",\"itemListElement\":[{\"@type\":\"ListItem\",\"position\":1,\"name\":\"Portada\",\"item\":\"https:\\\/\\\/cvinoticias.com\\\/v3\\\/\"},{\"@type\":\"ListItem\",\"position\":2,\"name\":\"Iguaz\u00fa: Se informa a la comunidad que la toma de agua est\u00e1 fuera de servicio\"}]},{\"@type\":\"WebSite\",\"@id\":\"https:\\\/\\\/cvinoticias.com\\\/v3\\\/#website\",\"url\":\"https:\\\/\\\/cvinoticias.com\\\/v3\\\/\",\"name\":\"CVI NOTICIAS\",\"description\":\"\",\"publisher\":{\"@id\":\"https:\\\/\\\/cvinoticias.com\\\/v3\\\/#organization\"},\"alternateName\":\"CVI\",\"potentialAction\":[{\"@type\":\"SearchAction\",\"target\":{\"@type\":\"EntryPoint\",\"urlTemplate\":\"https:\\\/\\\/cvinoticias.com\\\/v3\\\/?s={search_term_string}\"},\"query-input\":{\"@type\":\"PropertyValueSpecification\",\"valueRequired\":true,\"valueName\":\"search_term_string\"}}],\"inLanguage\":\"es\"},{\"@type\":\"Organization\",\"@id\":\"https:\\\/\\\/cvinoticias.com\\\/v3\\\/#organization\",\"name\":\"CVI NOTICIAS\",\"url\":\"https:\\\/\\\/cvinoticias.com\\\/v3\\\/\",\"logo\":{\"@type\":\"ImageObject\",\"inLanguage\":\"es\",\"@id\":\"https:\\\/\\\/cvinoticias.com\\\/v3\\\/#\\\/schema\\\/logo\\\/image\\\/\",\"url\":\"https:\\\/\\\/cvinoticias.com\\\/wp-content\\\/uploads\\\/2023\\\/04\\\/cropped-cropped-cropped-cropped-cropped-3-1.png\",\"contentUrl\":\"https:\\\/\\\/cvinoticias.com\\\/wp-content\\\/uploads\\\/2023\\\/04\\\/cropped-cropped-cropped-cropped-cropped-3-1.png\",\"width\":95,\"height\":122,\"caption\":\"CVI NOTICIAS\"},\"image\":{\"@id\":\"https:\\\/\\\/cvinoticias.com\\\/v3\\\/#\\\/schema\\\/logo\\\/image\\\/\"},\"sameAs\":[\"https:\\\/\\\/www.facebook.com\\\/cvinoticias\",\"https:\\\/\\\/www.instagram.com\\\/cvinoticias\\\/\",\"https:\\\/\\\/www.youtube.com\\\/@CVINOTICIAS\"]},{\"@type\":\"Person\",\"@id\":\"https:\\\/\\\/cvinoticias.com\\\/v3\\\/#\\\/schema\\\/person\\\/2db77e3c6bc03c538495d7b2b8be9b66\",\"name\":\"f1000024\",\"image\":{\"@type\":\"ImageObject\",\"inLanguage\":\"es\",\"@id\":\"https:\\\/\\\/secure.gravatar.com\\\/avatar\\\/d4fe7459cfc51ff5129ce1a732bbef5928568b8092d412ef95611616376bbeed?s=96&d=mm&r=g\",\"url\":\"https:\\\/\\\/secure.gravatar.com\\\/avatar\\\/d4fe7459cfc51ff5129ce1a732bbef5928568b8092d412ef95611616376bbeed?s=96&d=mm&r=g\",\"contentUrl\":\"https:\\\/\\\/secure.gravatar.com\\\/avatar\\\/d4fe7459cfc51ff5129ce1a732bbef5928568b8092d412ef95611616376bbeed?s=96&d=mm&r=g\",\"caption\":\"f1000024\"},\"url\":\"https:\\\/\\\/cvinoticias.com\\\/v3\\\/author\\\/f1000024\\\/\"}]}<\/script>\n<!-- \/ Yoast SEO plugin. -->","yoast_head_json":{"title":"Iguaz\u00fa: Se informa a la comunidad que la toma de agua est\u00e1 fuera de servicio | CVI NOTICIAS","robots":{"index":"index","follow":"follow","max-snippet":"max-snippet:-1","max-image-preview":"max-image-preview:large","max-video-preview":"max-video-preview:-1"},"canonical":"https:\/\/cvinoticias.com\/v3\/iguazu-se-informa-a-la-comunidad-que-la-toma-de-agua-esta-fuera-de-servicio\/","og_locale":"es_ES","og_type":"article","og_title":"Iguaz\u00fa: Se informa a la comunidad que la toma de agua est\u00e1 fuera de servicio | CVI NOTICIAS","og_description":"Ulises Espinoza, director de servicios de IMAS, informa a la comunidad de Iguaz\u00fa que debido a la inestabilidad del r\u00edo, durante la jornada del s\u00e1bado se redujo en un 60 por ciento la operatividad de la plata potabilizadora. La cuadrilla de operarios trabaj\u00f3 durante toda la jornada en la toma de agua del r\u00edo Iguaz\u00fa [&hellip;]","og_url":"https:\/\/cvinoticias.com\/v3\/iguazu-se-informa-a-la-comunidad-que-la-toma-de-agua-esta-fuera-de-servicio\/","og_site_name":"CVI NOTICIAS","article_publisher":"https:\/\/www.facebook.com\/cvinoticias","article_published_time":"2021-05-02T01:45:16+00:00","og_image":[{"width":1000,"height":747,"url":"https:\/\/cvinoticias.com\/wp-content\/uploads\/2021\/04\/toma-de-agua-en-rios-de-Misiones-11-04-2021.jpg","type":"image\/jpeg"}],"author":"f1000024","twitter_card":"summary_large_image","twitter_misc":{"Escrito por":"f1000024","Tiempo de lectura":"1 minuto"},"schema":{"@context":"https:\/\/schema.org","@graph":[{"@type":"Article","@id":"https:\/\/cvinoticias.com\/v3\/iguazu-se-informa-a-la-comunidad-que-la-toma-de-agua-esta-fuera-de-servicio\/#article","isPartOf":{"@id":"https:\/\/cvinoticias.com\/v3\/iguazu-se-informa-a-la-comunidad-que-la-toma-de-agua-esta-fuera-de-servicio\/"},"author":{"name":"f1000024","@id":"https:\/\/cvinoticias.com\/v3\/#\/schema\/person\/2db77e3c6bc03c538495d7b2b8be9b66"},"headline":"Iguaz\u00fa: Se informa a la comunidad que la toma de agua est\u00e1 fuera de servicio","datePublished":"2021-05-02T01:45:16+00:00","mainEntityOfPage":{"@id":"https:\/\/cvinoticias.com\/v3\/iguazu-se-informa-a-la-comunidad-que-la-toma-de-agua-esta-fuera-de-servicio\/"},"wordCount":193,"commentCount":0,"publisher":{"@id":"https:\/\/cvinoticias.com\/v3\/#organization"},"image":{"@id":"https:\/\/cvinoticias.com\/v3\/iguazu-se-informa-a-la-comunidad-que-la-toma-de-agua-esta-fuera-de-servicio\/#primaryimage"},"thumbnailUrl":"https:\/\/cvinoticias.com\/wp-content\/uploads\/2021\/04\/toma-de-agua-en-rios-de-Misiones-11-04-2021.jpg","articleSection":["Locales"],"inLanguage":"es","potentialAction":[{"@type":"CommentAction","name":"Comment","target":["https:\/\/cvinoticias.com\/v3\/iguazu-se-informa-a-la-comunidad-que-la-toma-de-agua-esta-fuera-de-servicio\/#respond"]}]},{"@type":"WebPage","@id":"https:\/\/cvinoticias.com\/v3\/iguazu-se-informa-a-la-comunidad-que-la-toma-de-agua-esta-fuera-de-servicio\/","url":"https:\/\/cvinoticias.com\/v3\/iguazu-se-informa-a-la-comunidad-que-la-toma-de-agua-esta-fuera-de-servicio\/","name":"Iguaz\u00fa: Se informa a la comunidad que la toma de agua est\u00e1 fuera de servicio | CVI NOTICIAS","isPartOf":{"@id":"https:\/\/cvinoticias.com\/v3\/#website"},"primaryImageOfPage":{"@id":"https:\/\/cvinoticias.com\/v3\/iguazu-se-informa-a-la-comunidad-que-la-toma-de-agua-esta-fuera-de-servicio\/#primaryimage"},"image":{"@id":"https:\/\/cvinoticias.com\/v3\/iguazu-se-informa-a-la-comunidad-que-la-toma-de-agua-esta-fuera-de-servicio\/#primaryimage"},"thumbnailUrl":"https:\/\/cvinoticias.com\/wp-content\/uploads\/2021\/04\/toma-de-agua-en-rios-de-Misiones-11-04-2021.jpg","datePublished":"2021-05-02T01:45:16+00:00","breadcrumb":{"@id":"https:\/\/cvinoticias.com\/v3\/iguazu-se-informa-a-la-comunidad-que-la-toma-de-agua-esta-fuera-de-servicio\/#breadcrumb"},"inLanguage":"es","potentialAction":[{"@type":"ReadAction","target":["https:\/\/cvinoticias.com\/v3\/iguazu-se-informa-a-la-comunidad-que-la-toma-de-agua-esta-fuera-de-servicio\/"]}]},{"@type":"ImageObject","inLanguage":"es","@id":"https:\/\/cvinoticias.com\/v3\/iguazu-se-informa-a-la-comunidad-que-la-toma-de-agua-esta-fuera-de-servicio\/#primaryimage","url":"https:\/\/cvinoticias.com\/wp-content\/uploads\/2021\/04\/toma-de-agua-en-rios-de-Misiones-11-04-2021.jpg","contentUrl":"https:\/\/cvinoticias.com\/wp-content\/uploads\/2021\/04\/toma-de-agua-en-rios-de-Misiones-11-04-2021.jpg","width":1000,"height":747},{"@type":"BreadcrumbList","@id":"https:\/\/cvinoticias.com\/v3\/iguazu-se-informa-a-la-comunidad-que-la-toma-de-agua-esta-fuera-de-servicio\/#breadcrumb","itemListElement":[{"@type":"ListItem","position":1,"name":"Portada","item":"https:\/\/cvinoticias.com\/v3\/"},{"@type":"ListItem","position":2,"name":"Iguaz\u00fa: Se informa a la comunidad que la toma de agua est\u00e1 fuera de servicio"}]},{"@type":"WebSite","@id":"https:\/\/cvinoticias.com\/v3\/#website","url":"https:\/\/cvinoticias.com\/v3\/","name":"CVI NOTICIAS","description":"","publisher":{"@id":"https:\/\/cvinoticias.com\/v3\/#organization"},"alternateName":"CVI","potentialAction":[{"@type":"SearchAction","target":{"@type":"EntryPoint","urlTemplate":"https:\/\/cvinoticias.com\/v3\/?s={search_term_string}"},"query-input":{"@type":"PropertyValueSpecification","valueRequired":true,"valueName":"search_term_string"}}],"inLanguage":"es"},{"@type":"Organization","@id":"https:\/\/cvinoticias.com\/v3\/#organization","name":"CVI NOTICIAS","url":"https:\/\/cvinoticias.com\/v3\/","logo":{"@type":"ImageObject","inLanguage":"es","@id":"https:\/\/cvinoticias.com\/v3\/#\/schema\/logo\/image\/","url":"https:\/\/cvinoticias.com\/wp-content\/uploads\/2023\/04\/cropped-cropped-cropped-cropped-cropped-3-1.png","contentUrl":"https:\/\/cvinoticias.com\/wp-content\/uploads\/2023\/04\/cropped-cropped-cropped-cropped-cropped-3-1.png","width":95,"height":122,"caption":"CVI NOTICIAS"},"image":{"@id":"https:\/\/cvinoticias.com\/v3\/#\/schema\/logo\/image\/"},"sameAs":["https:\/\/www.facebook.com\/cvinoticias","https:\/\/www.instagram.com\/cvinoticias\/","https:\/\/www.youtube.com\/@CVINOTICIAS"]},{"@type":"Person","@id":"https:\/\/cvinoticias.com\/v3\/#\/schema\/person\/2db77e3c6bc03c538495d7b2b8be9b66","name":"f1000024","image":{"@type":"ImageObject","inLanguage":"es","@id":"https:\/\/secure.gravatar.com\/avatar\/d4fe7459cfc51ff5129ce1a732bbef5928568b8092d412ef95611616376bbeed?s=96&d=mm&r=g","url":"https:\/\/secure.gravatar.com\/avatar\/d4fe7459cfc51ff5129ce1a732bbef5928568b8092d412ef95611616376bbeed?s=96&d=mm&r=g","contentUrl":"https:\/\/secure.gravatar.com\/avatar\/d4fe7459cfc51ff5129ce1a732bbef5928568b8092d412ef95611616376bbeed?s=96&d=mm&r=g","caption":"f1000024"},"url":"https:\/\/cvinoticias.com\/v3\/author\/f1000024\/"}]}},"_links":{"self":[{"href":"https:\/\/cvinoticias.com\/v3\/wp-json\/wp\/v2\/posts\/4758","targetHints":{"allow":["GET"]}}],"collection":[{"href":"https:\/\/cvinoticias.com\/v3\/wp-json\/wp\/v2\/posts"}],"about":[{"href":"https:\/\/cvinoticias.com\/v3\/wp-json\/wp\/v2\/types\/post"}],"author":[{"embeddable":true,"href":"https:\/\/cvinoticias.com\/v3\/wp-json\/wp\/v2\/users\/2"}],"replies":[{"embeddable":true,"href":"https:\/\/cvinoticias.com\/v3\/wp-json\/wp\/v2\/comments?post=4758"}],"version-history":[{"count":1,"href":"https:\/\/cvinoticias.com\/v3\/wp-json\/wp\/v2\/posts\/4758\/revisions"}],"predecessor-version":[{"id":4759,"href":"https:\/\/cvinoticias.com\/v3\/wp-json\/wp\/v2\/posts\/4758\/revisions\/4759"}],"wp:featuredmedia":[{"embeddable":true,"href":"https:\/\/cvinoticias.com\/v3\/wp-json\/wp\/v2\/media\/4111"}],"wp:attachment":[{"href":"https:\/\/cvinoticias.com\/v3\/wp-json\/wp\/v2\/media?parent=4758"}],"wp:term":[{"taxonomy":"category","embeddable":true,"href":"https:\/\/cvinoticias.com\/v3\/wp-json\/wp\/v2\/categories?post=4758"},{"taxonomy":"post_tag","embeddable":true,"href":"https:\/\/cvinoticias.com\/v3\/wp-json\/wp\/v2\/tags?post=4758"}],"curies":[{"name":"wp","href":"https:\/\/api.w.org\/{rel}","templated":true}]}}