{"id":47560,"date":"2025-08-14T10:27:51","date_gmt":"2025-08-14T13:27:51","guid":{"rendered":"https:\/\/cvinoticias.com\/v3\/?p=47560"},"modified":"2025-08-14T10:27:51","modified_gmt":"2025-08-14T13:27:51","slug":"se-cumplen-cinco-anos-de-la-ley-que-creo-silicon-misiones-el-polo-tecnologico-de-la-region","status":"publish","type":"post","link":"https:\/\/cvinoticias.com\/v3\/se-cumplen-cinco-anos-de-la-ley-que-creo-silicon-misiones-el-polo-tecnologico-de-la-region\/","title":{"rendered":"Se cumplen cinco a\u00f1os de la ley que cre\u00f3 Silicon Misiones, el polo tecnol\u00f3gico de la regi\u00f3n"},"content":{"rendered":"\n<p>Este 14 de agosto se cumple el quinto aniversario de la sanci\u00f3n de la ley de creaci\u00f3n de&nbsp;<strong>Silicon Misiones<\/strong>, la iniciativa que sent\u00f3 las bases para el polo tecnol\u00f3gico provincial. La norma, identificada como Ley VIII \u2013 N.\u00ba 78 y aprobada por la C\u00e1mara de Representantes en agosto de 2020, fue el punto de partida para establecer un ecosistema destinado a la promoci\u00f3n y desarrollo de la econom\u00eda del conocimiento.<\/p>\n\n\n\n<p>El objetivo principal de la ley fue crear un entorno que conectara a&nbsp;<strong>empresas emergentes y l\u00edderes en tecnolog\u00eda con el potencial acad\u00e9mico, cient\u00edfico y gubernamental de la provincia<\/strong>. Entre sus metas, la legislaci\u00f3n busc\u00f3 estimular la innovaci\u00f3n de alto impacto para desarrollar nuevas tecnolog\u00edas, generar oportunidades de trabajo y potenciar la capacidad emprendedora para atraer y retener talentos.<\/p>\n\n\n\n<p>La ley tambi\u00e9n facult\u00f3 al Poder Ejecutivo a otorgar&nbsp;<strong>tratamientos fiscales diferenciales<\/strong>&nbsp;a las empresas que se radiquen en el polo tecnol\u00f3gico y a dotar de infraestructura edilicia y de servicios a los emprendedores. Adem\u00e1s, la normativa contempl\u00f3 desde su origen la creaci\u00f3n de una \u201cAcademia Gamer\u201d para impulsar la profesionalizaci\u00f3n en la industria de los deportes electr\u00f3nicos.<\/p>\n\n\n\n<p>La sanci\u00f3n de esta ley fue el pilar fundamental que, a\u00f1os m\u00e1s tarde, permiti\u00f3 la inauguraci\u00f3n de la sede de Silicon Misiones en el Acceso Oeste de Posadas, consolidando a la provincia como un centro de desarrollo tecnol\u00f3gico en la regi\u00f3n.<\/p>\n\n\n\n<p>Fuente: Canal 12 Misiones<\/p>\n\n\n\n<p><\/p>\n","protected":false},"excerpt":{"rendered":"<p>Este 14 de agosto se cumple el quinto aniversario de la sanci\u00f3n de la ley de creaci\u00f3n de&nbsp;Silicon Misiones, la iniciativa que sent\u00f3 las bases para el polo tecnol\u00f3gico provincial. La norma, identificada como Ley VIII \u2013 N.\u00ba 78 y aprobada por la C\u00e1mara de Representantes en agosto de 2020, fue el punto de partida [&hellip;]<\/p>\n","protected":false},"author":2,"featured_media":47561,"comment_status":"open","ping_status":"open","sticky":false,"template":"","format":"standard","meta":{"footnotes":""},"categories":[455],"tags":[3576,108,3578,3580,3577,3579],"class_list":["post-47560","post","type-post","status-publish","format-standard","has-post-thumbnail","hentry","category-misiones","tag-cinco-anos","tag-ley","tag-polo","tag-region","tag-silicon","tag-tecnologico"],"yoast_head":"<!-- This site is optimized with the Yoast SEO plugin v27.5 - https:\/\/yoast.com\/product\/yoast-seo-wordpress\/ -->\n<title>Silicon Misiones cumple cinco a\u00f1os de su creaci\u00f3n | CVI NOTICIAS<\/title>\n<meta name=\"description\" content=\"Se cumplen cinco a\u00f1os de la ley que dio origen a Silicon Misiones, el polo tecnol\u00f3gico de la regi\u00f3n.\" \/>\n<meta name=\"robots\" content=\"index, follow, max-snippet:-1, max-image-preview:large, max-video-preview:-1\" \/>\n<link rel=\"canonical\" href=\"https:\/\/cvinoticias.com\/v3\/se-cumplen-cinco-anos-de-la-ley-que-creo-silicon-misiones-el-polo-tecnologico-de-la-region\/\" \/>\n<meta property=\"og:locale\" content=\"es_ES\" \/>\n<meta property=\"og:type\" content=\"article\" \/>\n<meta property=\"og:title\" content=\"Silicon Misiones cumple cinco a\u00f1os de su creaci\u00f3n | CVI NOTICIAS\" \/>\n<meta property=\"og:description\" content=\"Se cumplen cinco a\u00f1os de la ley que dio origen a Silicon Misiones, el polo tecnol\u00f3gico de la regi\u00f3n.\" \/>\n<meta property=\"og:url\" content=\"https:\/\/cvinoticias.com\/v3\/se-cumplen-cinco-anos-de-la-ley-que-creo-silicon-misiones-el-polo-tecnologico-de-la-region\/\" \/>\n<meta property=\"og:site_name\" content=\"CVI NOTICIAS\" \/>\n<meta property=\"article:publisher\" content=\"https:\/\/www.facebook.com\/cvinoticias\" \/>\n<meta property=\"article:published_time\" content=\"2025-08-14T13:27:51+00:00\" \/>\n<meta property=\"og:image\" content=\"https:\/\/cvinoticias.com\/wp-content\/uploads\/2025\/08\/image-216.webp\" \/>\n\t<meta property=\"og:image:width\" content=\"1024\" \/>\n\t<meta property=\"og:image:height\" content=\"684\" \/>\n\t<meta property=\"og:image:type\" content=\"image\/webp\" \/>\n<meta name=\"author\" content=\"f1000024\" \/>\n<meta name=\"twitter:card\" content=\"summary_large_image\" \/>\n<meta name=\"twitter:label1\" content=\"Escrito por\" \/>\n\t<meta name=\"twitter:data1\" content=\"f1000024\" \/>\n\t<meta name=\"twitter:label2\" content=\"Tiempo de lectura\" \/>\n\t<meta name=\"twitter:data2\" content=\"2 minutos\" \/>\n<script type=\"application\/ld+json\" class=\"yoast-schema-graph\">{\"@context\":\"https:\\\/\\\/schema.org\",\"@graph\":[{\"@type\":\"Article\",\"@id\":\"https:\\\/\\\/cvinoticias.com\\\/v3\\\/se-cumplen-cinco-anos-de-la-ley-que-creo-silicon-misiones-el-polo-tecnologico-de-la-region\\\/#article\",\"isPartOf\":{\"@id\":\"https:\\\/\\\/cvinoticias.com\\\/v3\\\/se-cumplen-cinco-anos-de-la-ley-que-creo-silicon-misiones-el-polo-tecnologico-de-la-region\\\/\"},\"author\":{\"name\":\"f1000024\",\"@id\":\"https:\\\/\\\/cvinoticias.com\\\/v3\\\/#\\\/schema\\\/person\\\/2db77e3c6bc03c538495d7b2b8be9b66\"},\"headline\":\"Se cumplen cinco a\u00f1os de la ley que cre\u00f3 Silicon Misiones, el polo tecnol\u00f3gico de la regi\u00f3n\",\"datePublished\":\"2025-08-14T13:27:51+00:00\",\"mainEntityOfPage\":{\"@id\":\"https:\\\/\\\/cvinoticias.com\\\/v3\\\/se-cumplen-cinco-anos-de-la-ley-que-creo-silicon-misiones-el-polo-tecnologico-de-la-region\\\/\"},\"wordCount\":277,\"commentCount\":0,\"publisher\":{\"@id\":\"https:\\\/\\\/cvinoticias.com\\\/v3\\\/#organization\"},\"image\":{\"@id\":\"https:\\\/\\\/cvinoticias.com\\\/v3\\\/se-cumplen-cinco-anos-de-la-ley-que-creo-silicon-misiones-el-polo-tecnologico-de-la-region\\\/#primaryimage\"},\"thumbnailUrl\":\"https:\\\/\\\/cvinoticias.com\\\/wp-content\\\/uploads\\\/2025\\\/08\\\/image-216.webp\",\"keywords\":[\"cinco a\u00f1os\",\"ley\",\"polo\",\"regi\u00f3n\",\"Silicon\",\"tecnol\u00f3gico\"],\"articleSection\":[\"Misiones\"],\"inLanguage\":\"es\",\"potentialAction\":[{\"@type\":\"CommentAction\",\"name\":\"Comment\",\"target\":[\"https:\\\/\\\/cvinoticias.com\\\/v3\\\/se-cumplen-cinco-anos-de-la-ley-que-creo-silicon-misiones-el-polo-tecnologico-de-la-region\\\/#respond\"]}]},{\"@type\":\"WebPage\",\"@id\":\"https:\\\/\\\/cvinoticias.com\\\/v3\\\/se-cumplen-cinco-anos-de-la-ley-que-creo-silicon-misiones-el-polo-tecnologico-de-la-region\\\/\",\"url\":\"https:\\\/\\\/cvinoticias.com\\\/v3\\\/se-cumplen-cinco-anos-de-la-ley-que-creo-silicon-misiones-el-polo-tecnologico-de-la-region\\\/\",\"name\":\"Silicon Misiones cumple cinco a\u00f1os de su creaci\u00f3n | CVI NOTICIAS\",\"isPartOf\":{\"@id\":\"https:\\\/\\\/cvinoticias.com\\\/v3\\\/#website\"},\"primaryImageOfPage\":{\"@id\":\"https:\\\/\\\/cvinoticias.com\\\/v3\\\/se-cumplen-cinco-anos-de-la-ley-que-creo-silicon-misiones-el-polo-tecnologico-de-la-region\\\/#primaryimage\"},\"image\":{\"@id\":\"https:\\\/\\\/cvinoticias.com\\\/v3\\\/se-cumplen-cinco-anos-de-la-ley-que-creo-silicon-misiones-el-polo-tecnologico-de-la-region\\\/#primaryimage\"},\"thumbnailUrl\":\"https:\\\/\\\/cvinoticias.com\\\/wp-content\\\/uploads\\\/2025\\\/08\\\/image-216.webp\",\"datePublished\":\"2025-08-14T13:27:51+00:00\",\"description\":\"Se cumplen cinco a\u00f1os de la ley que dio origen a Silicon Misiones, el polo tecnol\u00f3gico de la regi\u00f3n.\",\"breadcrumb\":{\"@id\":\"https:\\\/\\\/cvinoticias.com\\\/v3\\\/se-cumplen-cinco-anos-de-la-ley-que-creo-silicon-misiones-el-polo-tecnologico-de-la-region\\\/#breadcrumb\"},\"inLanguage\":\"es\",\"potentialAction\":[{\"@type\":\"ReadAction\",\"target\":[\"https:\\\/\\\/cvinoticias.com\\\/v3\\\/se-cumplen-cinco-anos-de-la-ley-que-creo-silicon-misiones-el-polo-tecnologico-de-la-region\\\/\"]}]},{\"@type\":\"ImageObject\",\"inLanguage\":\"es\",\"@id\":\"https:\\\/\\\/cvinoticias.com\\\/v3\\\/se-cumplen-cinco-anos-de-la-ley-que-creo-silicon-misiones-el-polo-tecnologico-de-la-region\\\/#primaryimage\",\"url\":\"https:\\\/\\\/cvinoticias.com\\\/wp-content\\\/uploads\\\/2025\\\/08\\\/image-216.webp\",\"contentUrl\":\"https:\\\/\\\/cvinoticias.com\\\/wp-content\\\/uploads\\\/2025\\\/08\\\/image-216.webp\",\"width\":1024,\"height\":684},{\"@type\":\"BreadcrumbList\",\"@id\":\"https:\\\/\\\/cvinoticias.com\\\/v3\\\/se-cumplen-cinco-anos-de-la-ley-que-creo-silicon-misiones-el-polo-tecnologico-de-la-region\\\/#breadcrumb\",\"itemListElement\":[{\"@type\":\"ListItem\",\"position\":1,\"name\":\"Portada\",\"item\":\"https:\\\/\\\/cvinoticias.com\\\/v3\\\/\"},{\"@type\":\"ListItem\",\"position\":2,\"name\":\"Se cumplen cinco a\u00f1os de la ley que cre\u00f3 Silicon Misiones, el polo tecnol\u00f3gico de la regi\u00f3n\"}]},{\"@type\":\"WebSite\",\"@id\":\"https:\\\/\\\/cvinoticias.com\\\/v3\\\/#website\",\"url\":\"https:\\\/\\\/cvinoticias.com\\\/v3\\\/\",\"name\":\"CVI NOTICIAS\",\"description\":\"\",\"publisher\":{\"@id\":\"https:\\\/\\\/cvinoticias.com\\\/v3\\\/#organization\"},\"alternateName\":\"CVI\",\"potentialAction\":[{\"@type\":\"SearchAction\",\"target\":{\"@type\":\"EntryPoint\",\"urlTemplate\":\"https:\\\/\\\/cvinoticias.com\\\/v3\\\/?s={search_term_string}\"},\"query-input\":{\"@type\":\"PropertyValueSpecification\",\"valueRequired\":true,\"valueName\":\"search_term_string\"}}],\"inLanguage\":\"es\"},{\"@type\":\"Organization\",\"@id\":\"https:\\\/\\\/cvinoticias.com\\\/v3\\\/#organization\",\"name\":\"CVI NOTICIAS\",\"url\":\"https:\\\/\\\/cvinoticias.com\\\/v3\\\/\",\"logo\":{\"@type\":\"ImageObject\",\"inLanguage\":\"es\",\"@id\":\"https:\\\/\\\/cvinoticias.com\\\/v3\\\/#\\\/schema\\\/logo\\\/image\\\/\",\"url\":\"https:\\\/\\\/cvinoticias.com\\\/wp-content\\\/uploads\\\/2023\\\/04\\\/cropped-cropped-cropped-cropped-cropped-3-1.png\",\"contentUrl\":\"https:\\\/\\\/cvinoticias.com\\\/wp-content\\\/uploads\\\/2023\\\/04\\\/cropped-cropped-cropped-cropped-cropped-3-1.png\",\"width\":95,\"height\":122,\"caption\":\"CVI NOTICIAS\"},\"image\":{\"@id\":\"https:\\\/\\\/cvinoticias.com\\\/v3\\\/#\\\/schema\\\/logo\\\/image\\\/\"},\"sameAs\":[\"https:\\\/\\\/www.facebook.com\\\/cvinoticias\",\"https:\\\/\\\/www.instagram.com\\\/cvinoticias\\\/\",\"https:\\\/\\\/www.youtube.com\\\/@CVINOTICIAS\"]},{\"@type\":\"Person\",\"@id\":\"https:\\\/\\\/cvinoticias.com\\\/v3\\\/#\\\/schema\\\/person\\\/2db77e3c6bc03c538495d7b2b8be9b66\",\"name\":\"f1000024\",\"image\":{\"@type\":\"ImageObject\",\"inLanguage\":\"es\",\"@id\":\"https:\\\/\\\/secure.gravatar.com\\\/avatar\\\/d4fe7459cfc51ff5129ce1a732bbef5928568b8092d412ef95611616376bbeed?s=96&d=mm&r=g\",\"url\":\"https:\\\/\\\/secure.gravatar.com\\\/avatar\\\/d4fe7459cfc51ff5129ce1a732bbef5928568b8092d412ef95611616376bbeed?s=96&d=mm&r=g\",\"contentUrl\":\"https:\\\/\\\/secure.gravatar.com\\\/avatar\\\/d4fe7459cfc51ff5129ce1a732bbef5928568b8092d412ef95611616376bbeed?s=96&d=mm&r=g\",\"caption\":\"f1000024\"},\"url\":\"https:\\\/\\\/cvinoticias.com\\\/v3\\\/author\\\/f1000024\\\/\"}]}<\/script>\n<!-- \/ Yoast SEO plugin. -->","yoast_head_json":{"title":"Silicon Misiones cumple cinco a\u00f1os de su creaci\u00f3n | CVI NOTICIAS","description":"Se cumplen cinco a\u00f1os de la ley que dio origen a Silicon Misiones, el polo tecnol\u00f3gico de la regi\u00f3n.","robots":{"index":"index","follow":"follow","max-snippet":"max-snippet:-1","max-image-preview":"max-image-preview:large","max-video-preview":"max-video-preview:-1"},"canonical":"https:\/\/cvinoticias.com\/v3\/se-cumplen-cinco-anos-de-la-ley-que-creo-silicon-misiones-el-polo-tecnologico-de-la-region\/","og_locale":"es_ES","og_type":"article","og_title":"Silicon Misiones cumple cinco a\u00f1os de su creaci\u00f3n | CVI NOTICIAS","og_description":"Se cumplen cinco a\u00f1os de la ley que dio origen a Silicon Misiones, el polo tecnol\u00f3gico de la regi\u00f3n.","og_url":"https:\/\/cvinoticias.com\/v3\/se-cumplen-cinco-anos-de-la-ley-que-creo-silicon-misiones-el-polo-tecnologico-de-la-region\/","og_site_name":"CVI NOTICIAS","article_publisher":"https:\/\/www.facebook.com\/cvinoticias","article_published_time":"2025-08-14T13:27:51+00:00","og_image":[{"width":1024,"height":684,"url":"https:\/\/cvinoticias.com\/wp-content\/uploads\/2025\/08\/image-216.webp","type":"image\/webp"}],"author":"f1000024","twitter_card":"summary_large_image","twitter_misc":{"Escrito por":"f1000024","Tiempo de lectura":"2 minutos"},"schema":{"@context":"https:\/\/schema.org","@graph":[{"@type":"Article","@id":"https:\/\/cvinoticias.com\/v3\/se-cumplen-cinco-anos-de-la-ley-que-creo-silicon-misiones-el-polo-tecnologico-de-la-region\/#article","isPartOf":{"@id":"https:\/\/cvinoticias.com\/v3\/se-cumplen-cinco-anos-de-la-ley-que-creo-silicon-misiones-el-polo-tecnologico-de-la-region\/"},"author":{"name":"f1000024","@id":"https:\/\/cvinoticias.com\/v3\/#\/schema\/person\/2db77e3c6bc03c538495d7b2b8be9b66"},"headline":"Se cumplen cinco a\u00f1os de la ley que cre\u00f3 Silicon Misiones, el polo tecnol\u00f3gico de la regi\u00f3n","datePublished":"2025-08-14T13:27:51+00:00","mainEntityOfPage":{"@id":"https:\/\/cvinoticias.com\/v3\/se-cumplen-cinco-anos-de-la-ley-que-creo-silicon-misiones-el-polo-tecnologico-de-la-region\/"},"wordCount":277,"commentCount":0,"publisher":{"@id":"https:\/\/cvinoticias.com\/v3\/#organization"},"image":{"@id":"https:\/\/cvinoticias.com\/v3\/se-cumplen-cinco-anos-de-la-ley-que-creo-silicon-misiones-el-polo-tecnologico-de-la-region\/#primaryimage"},"thumbnailUrl":"https:\/\/cvinoticias.com\/wp-content\/uploads\/2025\/08\/image-216.webp","keywords":["cinco a\u00f1os","ley","polo","regi\u00f3n","Silicon","tecnol\u00f3gico"],"articleSection":["Misiones"],"inLanguage":"es","potentialAction":[{"@type":"CommentAction","name":"Comment","target":["https:\/\/cvinoticias.com\/v3\/se-cumplen-cinco-anos-de-la-ley-que-creo-silicon-misiones-el-polo-tecnologico-de-la-region\/#respond"]}]},{"@type":"WebPage","@id":"https:\/\/cvinoticias.com\/v3\/se-cumplen-cinco-anos-de-la-ley-que-creo-silicon-misiones-el-polo-tecnologico-de-la-region\/","url":"https:\/\/cvinoticias.com\/v3\/se-cumplen-cinco-anos-de-la-ley-que-creo-silicon-misiones-el-polo-tecnologico-de-la-region\/","name":"Silicon Misiones cumple cinco a\u00f1os de su creaci\u00f3n | CVI NOTICIAS","isPartOf":{"@id":"https:\/\/cvinoticias.com\/v3\/#website"},"primaryImageOfPage":{"@id":"https:\/\/cvinoticias.com\/v3\/se-cumplen-cinco-anos-de-la-ley-que-creo-silicon-misiones-el-polo-tecnologico-de-la-region\/#primaryimage"},"image":{"@id":"https:\/\/cvinoticias.com\/v3\/se-cumplen-cinco-anos-de-la-ley-que-creo-silicon-misiones-el-polo-tecnologico-de-la-region\/#primaryimage"},"thumbnailUrl":"https:\/\/cvinoticias.com\/wp-content\/uploads\/2025\/08\/image-216.webp","datePublished":"2025-08-14T13:27:51+00:00","description":"Se cumplen cinco a\u00f1os de la ley que dio origen a Silicon Misiones, el polo tecnol\u00f3gico de la regi\u00f3n.","breadcrumb":{"@id":"https:\/\/cvinoticias.com\/v3\/se-cumplen-cinco-anos-de-la-ley-que-creo-silicon-misiones-el-polo-tecnologico-de-la-region\/#breadcrumb"},"inLanguage":"es","potentialAction":[{"@type":"ReadAction","target":["https:\/\/cvinoticias.com\/v3\/se-cumplen-cinco-anos-de-la-ley-que-creo-silicon-misiones-el-polo-tecnologico-de-la-region\/"]}]},{"@type":"ImageObject","inLanguage":"es","@id":"https:\/\/cvinoticias.com\/v3\/se-cumplen-cinco-anos-de-la-ley-que-creo-silicon-misiones-el-polo-tecnologico-de-la-region\/#primaryimage","url":"https:\/\/cvinoticias.com\/wp-content\/uploads\/2025\/08\/image-216.webp","contentUrl":"https:\/\/cvinoticias.com\/wp-content\/uploads\/2025\/08\/image-216.webp","width":1024,"height":684},{"@type":"BreadcrumbList","@id":"https:\/\/cvinoticias.com\/v3\/se-cumplen-cinco-anos-de-la-ley-que-creo-silicon-misiones-el-polo-tecnologico-de-la-region\/#breadcrumb","itemListElement":[{"@type":"ListItem","position":1,"name":"Portada","item":"https:\/\/cvinoticias.com\/v3\/"},{"@type":"ListItem","position":2,"name":"Se cumplen cinco a\u00f1os de la ley que cre\u00f3 Silicon Misiones, el polo tecnol\u00f3gico de la regi\u00f3n"}]},{"@type":"WebSite","@id":"https:\/\/cvinoticias.com\/v3\/#website","url":"https:\/\/cvinoticias.com\/v3\/","name":"CVI NOTICIAS","description":"","publisher":{"@id":"https:\/\/cvinoticias.com\/v3\/#organization"},"alternateName":"CVI","potentialAction":[{"@type":"SearchAction","target":{"@type":"EntryPoint","urlTemplate":"https:\/\/cvinoticias.com\/v3\/?s={search_term_string}"},"query-input":{"@type":"PropertyValueSpecification","valueRequired":true,"valueName":"search_term_string"}}],"inLanguage":"es"},{"@type":"Organization","@id":"https:\/\/cvinoticias.com\/v3\/#organization","name":"CVI NOTICIAS","url":"https:\/\/cvinoticias.com\/v3\/","logo":{"@type":"ImageObject","inLanguage":"es","@id":"https:\/\/cvinoticias.com\/v3\/#\/schema\/logo\/image\/","url":"https:\/\/cvinoticias.com\/wp-content\/uploads\/2023\/04\/cropped-cropped-cropped-cropped-cropped-3-1.png","contentUrl":"https:\/\/cvinoticias.com\/wp-content\/uploads\/2023\/04\/cropped-cropped-cropped-cropped-cropped-3-1.png","width":95,"height":122,"caption":"CVI NOTICIAS"},"image":{"@id":"https:\/\/cvinoticias.com\/v3\/#\/schema\/logo\/image\/"},"sameAs":["https:\/\/www.facebook.com\/cvinoticias","https:\/\/www.instagram.com\/cvinoticias\/","https:\/\/www.youtube.com\/@CVINOTICIAS"]},{"@type":"Person","@id":"https:\/\/cvinoticias.com\/v3\/#\/schema\/person\/2db77e3c6bc03c538495d7b2b8be9b66","name":"f1000024","image":{"@type":"ImageObject","inLanguage":"es","@id":"https:\/\/secure.gravatar.com\/avatar\/d4fe7459cfc51ff5129ce1a732bbef5928568b8092d412ef95611616376bbeed?s=96&d=mm&r=g","url":"https:\/\/secure.gravatar.com\/avatar\/d4fe7459cfc51ff5129ce1a732bbef5928568b8092d412ef95611616376bbeed?s=96&d=mm&r=g","contentUrl":"https:\/\/secure.gravatar.com\/avatar\/d4fe7459cfc51ff5129ce1a732bbef5928568b8092d412ef95611616376bbeed?s=96&d=mm&r=g","caption":"f1000024"},"url":"https:\/\/cvinoticias.com\/v3\/author\/f1000024\/"}]}},"_links":{"self":[{"href":"https:\/\/cvinoticias.com\/v3\/wp-json\/wp\/v2\/posts\/47560","targetHints":{"allow":["GET"]}}],"collection":[{"href":"https:\/\/cvinoticias.com\/v3\/wp-json\/wp\/v2\/posts"}],"about":[{"href":"https:\/\/cvinoticias.com\/v3\/wp-json\/wp\/v2\/types\/post"}],"author":[{"embeddable":true,"href":"https:\/\/cvinoticias.com\/v3\/wp-json\/wp\/v2\/users\/2"}],"replies":[{"embeddable":true,"href":"https:\/\/cvinoticias.com\/v3\/wp-json\/wp\/v2\/comments?post=47560"}],"version-history":[{"count":1,"href":"https:\/\/cvinoticias.com\/v3\/wp-json\/wp\/v2\/posts\/47560\/revisions"}],"predecessor-version":[{"id":47562,"href":"https:\/\/cvinoticias.com\/v3\/wp-json\/wp\/v2\/posts\/47560\/revisions\/47562"}],"wp:featuredmedia":[{"embeddable":true,"href":"https:\/\/cvinoticias.com\/v3\/wp-json\/wp\/v2\/media\/47561"}],"wp:attachment":[{"href":"https:\/\/cvinoticias.com\/v3\/wp-json\/wp\/v2\/media?parent=47560"}],"wp:term":[{"taxonomy":"category","embeddable":true,"href":"https:\/\/cvinoticias.com\/v3\/wp-json\/wp\/v2\/categories?post=47560"},{"taxonomy":"post_tag","embeddable":true,"href":"https:\/\/cvinoticias.com\/v3\/wp-json\/wp\/v2\/tags?post=47560"}],"curies":[{"name":"wp","href":"https:\/\/api.w.org\/{rel}","templated":true}]}}