{"id":47438,"date":"2025-08-12T09:15:51","date_gmt":"2025-08-12T12:15:51","guid":{"rendered":"https:\/\/cvinoticias.com\/v3\/?p=47438"},"modified":"2025-08-12T09:15:52","modified_gmt":"2025-08-12T12:15:52","slug":"adios-al-dia-de-las-infancias-el-gobierno-de-javier-milei-oficializo-el-regreso-del-dia-del-nino-y-fijo-la-fecha-para-celebrarlo","status":"publish","type":"post","link":"https:\/\/cvinoticias.com\/v3\/adios-al-dia-de-las-infancias-el-gobierno-de-javier-milei-oficializo-el-regreso-del-dia-del-nino-y-fijo-la-fecha-para-celebrarlo\/","title":{"rendered":"Adi\u00f3s al \u00abD\u00eda de las Infancias\u00bb: el gobierno de Javier Milei oficializ\u00f3 el regreso del \u00abD\u00eda del Ni\u00f1o\u00bb y fij\u00f3 la fecha para celebrarlo"},"content":{"rendered":"\n<p>En menos de dos semanas, las familias argentinas volver\u00e1n a celebrar el<strong>\u00a0\u00abD\u00eda del Ni\u00f1o\u00bb<\/strong>, una de las fechas m\u00e1s esperadas por los m\u00e1s chicos. El Gobierno nacional decidi\u00f3 restablecer oficialmente ese nombre, dejando atr\u00e1s la denominaci\u00f3n\u00a0<strong>\u00abD\u00eda de las Infancias\u00bb\u00a0<\/strong>que reg\u00eda desde 2020, y fij\u00f3 su conmemoraci\u00f3n para el\u00a0<strong>tercer domingo de agosto<\/strong>\u00a0de cada a\u00f1o.<\/p>\n\n\n\n<p>A trav\u00e9s del decreto 562\/2025, publicado este jueves en el Bolet\u00edn Oficial con las firmas del presidente\u00a0<strong>Javier Milei<\/strong>\u00a0y la ministra de Capital Humano\u00a0<strong>Sandra Pettovello<\/strong>, la administraci\u00f3n libertaria oficializ\u00f3 la fecha en su t\u00edpico lugar en el calendario, pero con un cambio que va en concordancia con su postura pol\u00edtica \u00abanti-woke\u00bb, establecer \u00abD\u00eda del Ni\u00f1o\u00bb como el\u00a0<strong>\u00fanico nombre oficial<\/strong>.<\/p>\n\n\n\n<p>Seg\u00fan el Ejecutivo, la decisi\u00f3n busca unificar criterios y poner en valor una tradici\u00f3n \u00abarraigada en nuestro pa\u00eds\u00bb, aunque desde distintos sectores sociales advierten que el cambio implica una marcha atr\u00e1s en<strong>\u00a0t\u00e9rminos de inclusi\u00f3n y diversidad<\/strong>. La\u00a0<strong>C\u00e1mara Argentina de la Industria del Juguete (CAIJ)<\/strong>, en cambio, celebr\u00f3 la medida como una forma de evitar confusiones institucionales y \u00abbrindar claridad\u00bb para familias y comercios.<\/p>\n\n\n\n<h2 class=\"wp-block-heading\">\u00bfPor qu\u00e9 el Gobierno de Javier Milei unific\u00f3 el nombre a D\u00eda del Ni\u00f1o?<\/h2>\n\n\n\n<p>Con el decreto 562\/2025, el Gobierno nacional elimin\u00f3 la denominaci\u00f3n \u00abD\u00eda de las Infancias\u00bb y restableci\u00f3 el t\u00e9rmino \u00abD\u00eda del Ni\u00f1o\u00bb, que hab\u00eda sido desplazado por razones de inclusi\u00f3n durante la gesti\u00f3n anterior. El texto sostiene que \u00ablos ni\u00f1os son un pilar fundamental de nuestra Naci\u00f3n\u00bb y considera que la celebraci\u00f3n \u00abconstituye una&nbsp;<strong>tradici\u00f3n arraigada en nuestro pa\u00eds<\/strong>\u00ab.<\/p>\n\n\n\n<p>Esta medida tuvo lugar tras un pedido de la CAIJ, quienes aseguran que la denominaci\u00f3n busca dar coherencia institucional y claridad a nivel nacional, para que la ciudadan\u00eda, los comercios y los gobiernos locales compartan una misma nomenclatura. \u00abEl objetivo es\u00a0<strong>unificar criterios en torno a la denominaci\u00f3n\u00a0<\/strong>de esta fecha tan significativa, que cuenta con un fuerte arraigo cultural en nuestra sociedad\u00bb, afirm\u00f3 el presidente de la CAIJ,\u00a0<strong>Mat\u00edas Furi\u00f3<\/strong>.<\/p>\n\n\n\n<p>El decreto tambi\u00e9n remite a otros marcos normativos, como la\u00a0<strong>Ley 26.061<\/strong>\u00a0de protecci\u00f3n integral de los derechos de ni\u00f1as, ni\u00f1os y adolescentes y la\u00a0<strong>Convenci\u00f3n sobre los Derechos del Ni\u00f1o<\/strong>, que tiene jerarqu\u00eda constitucional en la Argentina. En ese marco, el Ejecutivo resalta que la comunidad tiene el deber de participar en la garant\u00eda de esos derechos.<\/p>\n\n\n\n<p>Sin embargo, la decisi\u00f3n fue le\u00edda por sectores cr\u00edticos como un retroceso en materia de inclusi\u00f3n. El t\u00e9rmino \u00abD\u00eda de las Infancias\u00bb hab\u00eda sido promovido en 2020 por la&nbsp;<strong>Secretar\u00eda Nacional de Ni\u00f1ez, Adolescencia y Familia (SENAF)&nbsp;<\/strong>con la intenci\u00f3n de \u00abvisibilizar la&nbsp;<strong>pluralidad de identidades<\/strong>&nbsp;que integran la ni\u00f1ez, como ni\u00f1os y ni\u00f1as trans, no binaries, con discapacidad o de pueblos originarios\u00bb.<\/p>\n\n\n\n<h2 class=\"wp-block-heading\">\u00bfPor qu\u00e9 se celebra el D\u00eda del Ni\u00f1o?<\/h2>\n\n\n\n<p>La celebraci\u00f3n del D\u00eda del Ni\u00f1o tiene una ra\u00edz internacional. En 1954, la&nbsp;<strong>Asamblea General de las Naciones Unidas<\/strong>&nbsp;recomend\u00f3 establecer una jornada especial para fomentar la fraternidad entre ni\u00f1os y ni\u00f1as del mundo, y promover su bienestar mediante actividades recreativas, culturales y sociales.<\/p>\n\n\n\n<p>El objetivo central es recordar que la infancia es la&nbsp;<strong>etapa m\u00e1s vulnerable de la vida<\/strong>&nbsp;y que los ni\u00f1os merecen&nbsp;<strong>derechos fundamentales<\/strong>&nbsp;como el acceso a la salud, la educaci\u00f3n, la protecci\u00f3n y un entorno seguro para desarrollarse, independientemente del pa\u00eds en el que vivan.<\/p>\n\n\n\n<p>En la Argentina, esos principios est\u00e1n garantizados por la Convenci\u00f3n sobre los Derechos del Ni\u00f1o, aprobada por la ONU en 1989 y ratificada por el Congreso nacional en 1990, a trav\u00e9s de la Ley 23.849. La Convenci\u00f3n tiene jerarqu\u00eda constitucional, lo que obliga a todos los poderes del Estado a&nbsp;<strong>promover y proteger los derechos de la ni\u00f1ez<\/strong>.<\/p>\n\n\n\n<p>En esa l\u00ednea, el decreto firmado por Milei argumenta que la celebraci\u00f3n \u00abpromueve la&nbsp;<strong>concientizaci\u00f3n sobre los derechos de los ni\u00f1os<\/strong>, incentiva su entretenimiento y pone el foco en la importancia de su rol en la sociedad argentina\u00bb.<\/p>\n\n\n\n<p>Aunque cada pa\u00eds fija su propia fecha para celebrar esta jornada, la ONU estableci\u00f3 el 20 de noviembre como el&nbsp;<strong>D\u00eda Universal del Ni\u00f1o<\/strong>, en conmemoraci\u00f3n de la aprobaci\u00f3n de la Declaraci\u00f3n de los Derechos del Ni\u00f1o (1959) y de la Convenci\u00f3n sobre los Derechos del Ni\u00f1o (1989).<\/p>\n\n\n\n<figure class=\"wp-block-image\"><img decoding=\"async\" data-src=\"https:\/\/fotos.perfil.com\/\/2025\/08\/07\/900\/0\/dia-del-nino-07082025-2076373.jpg?webp\" alt=\"Dia del ni\u00f1o 07082025\" src=\"data:image\/svg+xml;base64,PHN2ZyB3aWR0aD0iMSIgaGVpZ2h0PSIxIiB4bWxucz0iaHR0cDovL3d3dy53My5vcmcvMjAwMC9zdmciPjwvc3ZnPg==\" class=\"lazyload\" \/><\/figure>\n\n\n\n<h2 class=\"wp-block-heading\">\u00bfCu\u00e1ndo es el D\u00eda del Ni\u00f1o?<\/h2>\n\n\n\n<p>El Gobierno nacional decret\u00f3 que el D\u00eda del Ni\u00f1o se celebrar\u00e1 todos los a\u00f1os el tercer domingo del mes de agosto. Este 2025, la fecha caer\u00e1 el\u00a0<strong>domingo 17 de agosto<\/strong>, coincidiendo con el feriado nacional en homenaje a la muerte del<strong>\u00a0General Jos\u00e9 de San Mart\u00edn<\/strong>.<\/p>\n\n\n\n<p>Adem\u00e1s, el&nbsp;<strong>viernes 15 de agosto&nbsp;<\/strong>fue declarado d\u00eda no laborable con fines tur\u00edsticos, lo que generar\u00e1 un fin de semana largo para muchas familias. Esta coincidencia se presenta como una oportunidad para organizar festejos, escapadas familiares y salidas al aire libre.<\/p>\n\n\n\n<p>Fuente: Perfil.com<\/p>\n\n\n\n<p><\/p>\n","protected":false},"excerpt":{"rendered":"<p>En menos de dos semanas, las familias argentinas volver\u00e1n a celebrar el\u00a0\u00abD\u00eda del Ni\u00f1o\u00bb, una de las fechas m\u00e1s esperadas por los m\u00e1s chicos. El Gobierno nacional decidi\u00f3 restablecer oficialmente ese nombre, dejando atr\u00e1s la denominaci\u00f3n\u00a0\u00abD\u00eda de las Infancias\u00bb\u00a0que reg\u00eda desde 2020, y fij\u00f3 su conmemoraci\u00f3n para el\u00a0tercer domingo de agosto\u00a0de cada a\u00f1o. A trav\u00e9s [&hellip;]<\/p>\n","protected":false},"author":2,"featured_media":47439,"comment_status":"open","ping_status":"open","sticky":false,"template":"","format":"standard","meta":{"footnotes":""},"categories":[39],"tags":[554,331,3549,564,1464],"class_list":["post-47438","post","type-post","status-publish","format-standard","has-post-thumbnail","hentry","category-nacionales","tag-dia","tag-gobierno","tag-infancia","tag-milei","tag-nino"],"yoast_head":"<!-- This site is optimized with the Yoast SEO plugin v27.4 - https:\/\/yoast.com\/product\/yoast-seo-wordpress\/ -->\n<title>Gobierno restablece el D\u00eda del Ni\u00f1o en Argentina desde 2025 | CVI NOTICIAS<\/title>\n<meta name=\"description\" content=\"El Gobierno vuelve a llamar \u201cD\u00eda del Ni\u00f1o\u201d a la fecha que se celebra el tercer domingo de agosto en Argentina.Preguntar a ChatGPT\" \/>\n<meta name=\"robots\" content=\"index, follow, max-snippet:-1, max-image-preview:large, max-video-preview:-1\" \/>\n<link rel=\"canonical\" href=\"https:\/\/cvinoticias.com\/v3\/adios-al-dia-de-las-infancias-el-gobierno-de-javier-milei-oficializo-el-regreso-del-dia-del-nino-y-fijo-la-fecha-para-celebrarlo\/\" \/>\n<meta property=\"og:locale\" content=\"es_ES\" \/>\n<meta property=\"og:type\" content=\"article\" \/>\n<meta property=\"og:title\" content=\"Gobierno restablece el D\u00eda del Ni\u00f1o en Argentina desde 2025 | CVI NOTICIAS\" \/>\n<meta property=\"og:description\" content=\"El Gobierno vuelve a llamar \u201cD\u00eda del Ni\u00f1o\u201d a la fecha que se celebra el tercer domingo de agosto en Argentina.Preguntar a ChatGPT\" \/>\n<meta property=\"og:url\" content=\"https:\/\/cvinoticias.com\/v3\/adios-al-dia-de-las-infancias-el-gobierno-de-javier-milei-oficializo-el-regreso-del-dia-del-nino-y-fijo-la-fecha-para-celebrarlo\/\" \/>\n<meta property=\"og:site_name\" content=\"CVI NOTICIAS\" \/>\n<meta property=\"article:publisher\" content=\"https:\/\/www.facebook.com\/cvinoticias\" \/>\n<meta property=\"article:published_time\" content=\"2025-08-12T12:15:51+00:00\" \/>\n<meta property=\"article:modified_time\" content=\"2025-08-12T12:15:52+00:00\" \/>\n<meta property=\"og:image\" content=\"https:\/\/cvinoticias.com\/wp-content\/uploads\/2025\/08\/818x460_250808111854_36360.jpg\" \/>\n\t<meta property=\"og:image:width\" content=\"818\" \/>\n\t<meta property=\"og:image:height\" content=\"460\" \/>\n\t<meta property=\"og:image:type\" content=\"image\/jpeg\" \/>\n<meta name=\"author\" content=\"f1000024\" \/>\n<meta name=\"twitter:card\" content=\"summary_large_image\" \/>\n<meta name=\"twitter:label1\" content=\"Escrito por\" \/>\n\t<meta name=\"twitter:data1\" content=\"f1000024\" \/>\n\t<meta name=\"twitter:label2\" content=\"Tiempo de lectura\" \/>\n\t<meta name=\"twitter:data2\" content=\"5 minutos\" \/>\n<script type=\"application\/ld+json\" class=\"yoast-schema-graph\">{\"@context\":\"https:\\\/\\\/schema.org\",\"@graph\":[{\"@type\":\"Article\",\"@id\":\"https:\\\/\\\/cvinoticias.com\\\/v3\\\/adios-al-dia-de-las-infancias-el-gobierno-de-javier-milei-oficializo-el-regreso-del-dia-del-nino-y-fijo-la-fecha-para-celebrarlo\\\/#article\",\"isPartOf\":{\"@id\":\"https:\\\/\\\/cvinoticias.com\\\/v3\\\/adios-al-dia-de-las-infancias-el-gobierno-de-javier-milei-oficializo-el-regreso-del-dia-del-nino-y-fijo-la-fecha-para-celebrarlo\\\/\"},\"author\":{\"name\":\"f1000024\",\"@id\":\"https:\\\/\\\/cvinoticias.com\\\/v3\\\/#\\\/schema\\\/person\\\/2db77e3c6bc03c538495d7b2b8be9b66\"},\"headline\":\"Adi\u00f3s al \u00abD\u00eda de las Infancias\u00bb: el gobierno de Javier Milei oficializ\u00f3 el regreso del \u00abD\u00eda del Ni\u00f1o\u00bb y fij\u00f3 la fecha para celebrarlo\",\"datePublished\":\"2025-08-12T12:15:51+00:00\",\"dateModified\":\"2025-08-12T12:15:52+00:00\",\"mainEntityOfPage\":{\"@id\":\"https:\\\/\\\/cvinoticias.com\\\/v3\\\/adios-al-dia-de-las-infancias-el-gobierno-de-javier-milei-oficializo-el-regreso-del-dia-del-nino-y-fijo-la-fecha-para-celebrarlo\\\/\"},\"wordCount\":927,\"commentCount\":0,\"publisher\":{\"@id\":\"https:\\\/\\\/cvinoticias.com\\\/v3\\\/#organization\"},\"image\":{\"@id\":\"https:\\\/\\\/cvinoticias.com\\\/v3\\\/adios-al-dia-de-las-infancias-el-gobierno-de-javier-milei-oficializo-el-regreso-del-dia-del-nino-y-fijo-la-fecha-para-celebrarlo\\\/#primaryimage\"},\"thumbnailUrl\":\"https:\\\/\\\/cvinoticias.com\\\/wp-content\\\/uploads\\\/2025\\\/08\\\/818x460_250808111854_36360.jpg\",\"keywords\":[\"D\u00eda\",\"Gobierno\",\"infancia\",\"Milei\",\"Ni\u00f1o\"],\"articleSection\":[\"Nacionales\"],\"inLanguage\":\"es\",\"potentialAction\":[{\"@type\":\"CommentAction\",\"name\":\"Comment\",\"target\":[\"https:\\\/\\\/cvinoticias.com\\\/v3\\\/adios-al-dia-de-las-infancias-el-gobierno-de-javier-milei-oficializo-el-regreso-del-dia-del-nino-y-fijo-la-fecha-para-celebrarlo\\\/#respond\"]}]},{\"@type\":\"WebPage\",\"@id\":\"https:\\\/\\\/cvinoticias.com\\\/v3\\\/adios-al-dia-de-las-infancias-el-gobierno-de-javier-milei-oficializo-el-regreso-del-dia-del-nino-y-fijo-la-fecha-para-celebrarlo\\\/\",\"url\":\"https:\\\/\\\/cvinoticias.com\\\/v3\\\/adios-al-dia-de-las-infancias-el-gobierno-de-javier-milei-oficializo-el-regreso-del-dia-del-nino-y-fijo-la-fecha-para-celebrarlo\\\/\",\"name\":\"Gobierno restablece el D\u00eda del Ni\u00f1o en Argentina desde 2025 | CVI NOTICIAS\",\"isPartOf\":{\"@id\":\"https:\\\/\\\/cvinoticias.com\\\/v3\\\/#website\"},\"primaryImageOfPage\":{\"@id\":\"https:\\\/\\\/cvinoticias.com\\\/v3\\\/adios-al-dia-de-las-infancias-el-gobierno-de-javier-milei-oficializo-el-regreso-del-dia-del-nino-y-fijo-la-fecha-para-celebrarlo\\\/#primaryimage\"},\"image\":{\"@id\":\"https:\\\/\\\/cvinoticias.com\\\/v3\\\/adios-al-dia-de-las-infancias-el-gobierno-de-javier-milei-oficializo-el-regreso-del-dia-del-nino-y-fijo-la-fecha-para-celebrarlo\\\/#primaryimage\"},\"thumbnailUrl\":\"https:\\\/\\\/cvinoticias.com\\\/wp-content\\\/uploads\\\/2025\\\/08\\\/818x460_250808111854_36360.jpg\",\"datePublished\":\"2025-08-12T12:15:51+00:00\",\"dateModified\":\"2025-08-12T12:15:52+00:00\",\"description\":\"El Gobierno vuelve a llamar \u201cD\u00eda del Ni\u00f1o\u201d a la fecha que se celebra el tercer domingo de agosto en Argentina.Preguntar a ChatGPT\",\"breadcrumb\":{\"@id\":\"https:\\\/\\\/cvinoticias.com\\\/v3\\\/adios-al-dia-de-las-infancias-el-gobierno-de-javier-milei-oficializo-el-regreso-del-dia-del-nino-y-fijo-la-fecha-para-celebrarlo\\\/#breadcrumb\"},\"inLanguage\":\"es\",\"potentialAction\":[{\"@type\":\"ReadAction\",\"target\":[\"https:\\\/\\\/cvinoticias.com\\\/v3\\\/adios-al-dia-de-las-infancias-el-gobierno-de-javier-milei-oficializo-el-regreso-del-dia-del-nino-y-fijo-la-fecha-para-celebrarlo\\\/\"]}]},{\"@type\":\"ImageObject\",\"inLanguage\":\"es\",\"@id\":\"https:\\\/\\\/cvinoticias.com\\\/v3\\\/adios-al-dia-de-las-infancias-el-gobierno-de-javier-milei-oficializo-el-regreso-del-dia-del-nino-y-fijo-la-fecha-para-celebrarlo\\\/#primaryimage\",\"url\":\"https:\\\/\\\/cvinoticias.com\\\/wp-content\\\/uploads\\\/2025\\\/08\\\/818x460_250808111854_36360.jpg\",\"contentUrl\":\"https:\\\/\\\/cvinoticias.com\\\/wp-content\\\/uploads\\\/2025\\\/08\\\/818x460_250808111854_36360.jpg\",\"width\":818,\"height\":460},{\"@type\":\"BreadcrumbList\",\"@id\":\"https:\\\/\\\/cvinoticias.com\\\/v3\\\/adios-al-dia-de-las-infancias-el-gobierno-de-javier-milei-oficializo-el-regreso-del-dia-del-nino-y-fijo-la-fecha-para-celebrarlo\\\/#breadcrumb\",\"itemListElement\":[{\"@type\":\"ListItem\",\"position\":1,\"name\":\"Portada\",\"item\":\"https:\\\/\\\/cvinoticias.com\\\/v3\\\/\"},{\"@type\":\"ListItem\",\"position\":2,\"name\":\"Adi\u00f3s al \u00abD\u00eda de las Infancias\u00bb: el gobierno de Javier Milei oficializ\u00f3 el regreso del \u00abD\u00eda del Ni\u00f1o\u00bb y fij\u00f3 la fecha para celebrarlo\"}]},{\"@type\":\"WebSite\",\"@id\":\"https:\\\/\\\/cvinoticias.com\\\/v3\\\/#website\",\"url\":\"https:\\\/\\\/cvinoticias.com\\\/v3\\\/\",\"name\":\"CVI NOTICIAS\",\"description\":\"\",\"publisher\":{\"@id\":\"https:\\\/\\\/cvinoticias.com\\\/v3\\\/#organization\"},\"alternateName\":\"CVI\",\"potentialAction\":[{\"@type\":\"SearchAction\",\"target\":{\"@type\":\"EntryPoint\",\"urlTemplate\":\"https:\\\/\\\/cvinoticias.com\\\/v3\\\/?s={search_term_string}\"},\"query-input\":{\"@type\":\"PropertyValueSpecification\",\"valueRequired\":true,\"valueName\":\"search_term_string\"}}],\"inLanguage\":\"es\"},{\"@type\":\"Organization\",\"@id\":\"https:\\\/\\\/cvinoticias.com\\\/v3\\\/#organization\",\"name\":\"CVI NOTICIAS\",\"url\":\"https:\\\/\\\/cvinoticias.com\\\/v3\\\/\",\"logo\":{\"@type\":\"ImageObject\",\"inLanguage\":\"es\",\"@id\":\"https:\\\/\\\/cvinoticias.com\\\/v3\\\/#\\\/schema\\\/logo\\\/image\\\/\",\"url\":\"https:\\\/\\\/cvinoticias.com\\\/wp-content\\\/uploads\\\/2023\\\/04\\\/cropped-cropped-cropped-cropped-cropped-3-1.png\",\"contentUrl\":\"https:\\\/\\\/cvinoticias.com\\\/wp-content\\\/uploads\\\/2023\\\/04\\\/cropped-cropped-cropped-cropped-cropped-3-1.png\",\"width\":95,\"height\":122,\"caption\":\"CVI NOTICIAS\"},\"image\":{\"@id\":\"https:\\\/\\\/cvinoticias.com\\\/v3\\\/#\\\/schema\\\/logo\\\/image\\\/\"},\"sameAs\":[\"https:\\\/\\\/www.facebook.com\\\/cvinoticias\",\"https:\\\/\\\/www.instagram.com\\\/cvinoticias\\\/\",\"https:\\\/\\\/www.youtube.com\\\/@CVINOTICIAS\"]},{\"@type\":\"Person\",\"@id\":\"https:\\\/\\\/cvinoticias.com\\\/v3\\\/#\\\/schema\\\/person\\\/2db77e3c6bc03c538495d7b2b8be9b66\",\"name\":\"f1000024\",\"image\":{\"@type\":\"ImageObject\",\"inLanguage\":\"es\",\"@id\":\"https:\\\/\\\/secure.gravatar.com\\\/avatar\\\/d4fe7459cfc51ff5129ce1a732bbef5928568b8092d412ef95611616376bbeed?s=96&d=mm&r=g\",\"url\":\"https:\\\/\\\/secure.gravatar.com\\\/avatar\\\/d4fe7459cfc51ff5129ce1a732bbef5928568b8092d412ef95611616376bbeed?s=96&d=mm&r=g\",\"contentUrl\":\"https:\\\/\\\/secure.gravatar.com\\\/avatar\\\/d4fe7459cfc51ff5129ce1a732bbef5928568b8092d412ef95611616376bbeed?s=96&d=mm&r=g\",\"caption\":\"f1000024\"},\"url\":\"https:\\\/\\\/cvinoticias.com\\\/v3\\\/author\\\/f1000024\\\/\"}]}<\/script>\n<!-- \/ Yoast SEO plugin. -->","yoast_head_json":{"title":"Gobierno restablece el D\u00eda del Ni\u00f1o en Argentina desde 2025 | CVI NOTICIAS","description":"El Gobierno vuelve a llamar \u201cD\u00eda del Ni\u00f1o\u201d a la fecha que se celebra el tercer domingo de agosto en Argentina.Preguntar a ChatGPT","robots":{"index":"index","follow":"follow","max-snippet":"max-snippet:-1","max-image-preview":"max-image-preview:large","max-video-preview":"max-video-preview:-1"},"canonical":"https:\/\/cvinoticias.com\/v3\/adios-al-dia-de-las-infancias-el-gobierno-de-javier-milei-oficializo-el-regreso-del-dia-del-nino-y-fijo-la-fecha-para-celebrarlo\/","og_locale":"es_ES","og_type":"article","og_title":"Gobierno restablece el D\u00eda del Ni\u00f1o en Argentina desde 2025 | CVI NOTICIAS","og_description":"El Gobierno vuelve a llamar \u201cD\u00eda del Ni\u00f1o\u201d a la fecha que se celebra el tercer domingo de agosto en Argentina.Preguntar a ChatGPT","og_url":"https:\/\/cvinoticias.com\/v3\/adios-al-dia-de-las-infancias-el-gobierno-de-javier-milei-oficializo-el-regreso-del-dia-del-nino-y-fijo-la-fecha-para-celebrarlo\/","og_site_name":"CVI NOTICIAS","article_publisher":"https:\/\/www.facebook.com\/cvinoticias","article_published_time":"2025-08-12T12:15:51+00:00","article_modified_time":"2025-08-12T12:15:52+00:00","og_image":[{"width":818,"height":460,"url":"https:\/\/cvinoticias.com\/wp-content\/uploads\/2025\/08\/818x460_250808111854_36360.jpg","type":"image\/jpeg"}],"author":"f1000024","twitter_card":"summary_large_image","twitter_misc":{"Escrito por":"f1000024","Tiempo de lectura":"5 minutos"},"schema":{"@context":"https:\/\/schema.org","@graph":[{"@type":"Article","@id":"https:\/\/cvinoticias.com\/v3\/adios-al-dia-de-las-infancias-el-gobierno-de-javier-milei-oficializo-el-regreso-del-dia-del-nino-y-fijo-la-fecha-para-celebrarlo\/#article","isPartOf":{"@id":"https:\/\/cvinoticias.com\/v3\/adios-al-dia-de-las-infancias-el-gobierno-de-javier-milei-oficializo-el-regreso-del-dia-del-nino-y-fijo-la-fecha-para-celebrarlo\/"},"author":{"name":"f1000024","@id":"https:\/\/cvinoticias.com\/v3\/#\/schema\/person\/2db77e3c6bc03c538495d7b2b8be9b66"},"headline":"Adi\u00f3s al \u00abD\u00eda de las Infancias\u00bb: el gobierno de Javier Milei oficializ\u00f3 el regreso del \u00abD\u00eda del Ni\u00f1o\u00bb y fij\u00f3 la fecha para celebrarlo","datePublished":"2025-08-12T12:15:51+00:00","dateModified":"2025-08-12T12:15:52+00:00","mainEntityOfPage":{"@id":"https:\/\/cvinoticias.com\/v3\/adios-al-dia-de-las-infancias-el-gobierno-de-javier-milei-oficializo-el-regreso-del-dia-del-nino-y-fijo-la-fecha-para-celebrarlo\/"},"wordCount":927,"commentCount":0,"publisher":{"@id":"https:\/\/cvinoticias.com\/v3\/#organization"},"image":{"@id":"https:\/\/cvinoticias.com\/v3\/adios-al-dia-de-las-infancias-el-gobierno-de-javier-milei-oficializo-el-regreso-del-dia-del-nino-y-fijo-la-fecha-para-celebrarlo\/#primaryimage"},"thumbnailUrl":"https:\/\/cvinoticias.com\/wp-content\/uploads\/2025\/08\/818x460_250808111854_36360.jpg","keywords":["D\u00eda","Gobierno","infancia","Milei","Ni\u00f1o"],"articleSection":["Nacionales"],"inLanguage":"es","potentialAction":[{"@type":"CommentAction","name":"Comment","target":["https:\/\/cvinoticias.com\/v3\/adios-al-dia-de-las-infancias-el-gobierno-de-javier-milei-oficializo-el-regreso-del-dia-del-nino-y-fijo-la-fecha-para-celebrarlo\/#respond"]}]},{"@type":"WebPage","@id":"https:\/\/cvinoticias.com\/v3\/adios-al-dia-de-las-infancias-el-gobierno-de-javier-milei-oficializo-el-regreso-del-dia-del-nino-y-fijo-la-fecha-para-celebrarlo\/","url":"https:\/\/cvinoticias.com\/v3\/adios-al-dia-de-las-infancias-el-gobierno-de-javier-milei-oficializo-el-regreso-del-dia-del-nino-y-fijo-la-fecha-para-celebrarlo\/","name":"Gobierno restablece el D\u00eda del Ni\u00f1o en Argentina desde 2025 | CVI NOTICIAS","isPartOf":{"@id":"https:\/\/cvinoticias.com\/v3\/#website"},"primaryImageOfPage":{"@id":"https:\/\/cvinoticias.com\/v3\/adios-al-dia-de-las-infancias-el-gobierno-de-javier-milei-oficializo-el-regreso-del-dia-del-nino-y-fijo-la-fecha-para-celebrarlo\/#primaryimage"},"image":{"@id":"https:\/\/cvinoticias.com\/v3\/adios-al-dia-de-las-infancias-el-gobierno-de-javier-milei-oficializo-el-regreso-del-dia-del-nino-y-fijo-la-fecha-para-celebrarlo\/#primaryimage"},"thumbnailUrl":"https:\/\/cvinoticias.com\/wp-content\/uploads\/2025\/08\/818x460_250808111854_36360.jpg","datePublished":"2025-08-12T12:15:51+00:00","dateModified":"2025-08-12T12:15:52+00:00","description":"El Gobierno vuelve a llamar \u201cD\u00eda del Ni\u00f1o\u201d a la fecha que se celebra el tercer domingo de agosto en Argentina.Preguntar a ChatGPT","breadcrumb":{"@id":"https:\/\/cvinoticias.com\/v3\/adios-al-dia-de-las-infancias-el-gobierno-de-javier-milei-oficializo-el-regreso-del-dia-del-nino-y-fijo-la-fecha-para-celebrarlo\/#breadcrumb"},"inLanguage":"es","potentialAction":[{"@type":"ReadAction","target":["https:\/\/cvinoticias.com\/v3\/adios-al-dia-de-las-infancias-el-gobierno-de-javier-milei-oficializo-el-regreso-del-dia-del-nino-y-fijo-la-fecha-para-celebrarlo\/"]}]},{"@type":"ImageObject","inLanguage":"es","@id":"https:\/\/cvinoticias.com\/v3\/adios-al-dia-de-las-infancias-el-gobierno-de-javier-milei-oficializo-el-regreso-del-dia-del-nino-y-fijo-la-fecha-para-celebrarlo\/#primaryimage","url":"https:\/\/cvinoticias.com\/wp-content\/uploads\/2025\/08\/818x460_250808111854_36360.jpg","contentUrl":"https:\/\/cvinoticias.com\/wp-content\/uploads\/2025\/08\/818x460_250808111854_36360.jpg","width":818,"height":460},{"@type":"BreadcrumbList","@id":"https:\/\/cvinoticias.com\/v3\/adios-al-dia-de-las-infancias-el-gobierno-de-javier-milei-oficializo-el-regreso-del-dia-del-nino-y-fijo-la-fecha-para-celebrarlo\/#breadcrumb","itemListElement":[{"@type":"ListItem","position":1,"name":"Portada","item":"https:\/\/cvinoticias.com\/v3\/"},{"@type":"ListItem","position":2,"name":"Adi\u00f3s al \u00abD\u00eda de las Infancias\u00bb: el gobierno de Javier Milei oficializ\u00f3 el regreso del \u00abD\u00eda del Ni\u00f1o\u00bb y fij\u00f3 la fecha para celebrarlo"}]},{"@type":"WebSite","@id":"https:\/\/cvinoticias.com\/v3\/#website","url":"https:\/\/cvinoticias.com\/v3\/","name":"CVI NOTICIAS","description":"","publisher":{"@id":"https:\/\/cvinoticias.com\/v3\/#organization"},"alternateName":"CVI","potentialAction":[{"@type":"SearchAction","target":{"@type":"EntryPoint","urlTemplate":"https:\/\/cvinoticias.com\/v3\/?s={search_term_string}"},"query-input":{"@type":"PropertyValueSpecification","valueRequired":true,"valueName":"search_term_string"}}],"inLanguage":"es"},{"@type":"Organization","@id":"https:\/\/cvinoticias.com\/v3\/#organization","name":"CVI NOTICIAS","url":"https:\/\/cvinoticias.com\/v3\/","logo":{"@type":"ImageObject","inLanguage":"es","@id":"https:\/\/cvinoticias.com\/v3\/#\/schema\/logo\/image\/","url":"https:\/\/cvinoticias.com\/wp-content\/uploads\/2023\/04\/cropped-cropped-cropped-cropped-cropped-3-1.png","contentUrl":"https:\/\/cvinoticias.com\/wp-content\/uploads\/2023\/04\/cropped-cropped-cropped-cropped-cropped-3-1.png","width":95,"height":122,"caption":"CVI NOTICIAS"},"image":{"@id":"https:\/\/cvinoticias.com\/v3\/#\/schema\/logo\/image\/"},"sameAs":["https:\/\/www.facebook.com\/cvinoticias","https:\/\/www.instagram.com\/cvinoticias\/","https:\/\/www.youtube.com\/@CVINOTICIAS"]},{"@type":"Person","@id":"https:\/\/cvinoticias.com\/v3\/#\/schema\/person\/2db77e3c6bc03c538495d7b2b8be9b66","name":"f1000024","image":{"@type":"ImageObject","inLanguage":"es","@id":"https:\/\/secure.gravatar.com\/avatar\/d4fe7459cfc51ff5129ce1a732bbef5928568b8092d412ef95611616376bbeed?s=96&d=mm&r=g","url":"https:\/\/secure.gravatar.com\/avatar\/d4fe7459cfc51ff5129ce1a732bbef5928568b8092d412ef95611616376bbeed?s=96&d=mm&r=g","contentUrl":"https:\/\/secure.gravatar.com\/avatar\/d4fe7459cfc51ff5129ce1a732bbef5928568b8092d412ef95611616376bbeed?s=96&d=mm&r=g","caption":"f1000024"},"url":"https:\/\/cvinoticias.com\/v3\/author\/f1000024\/"}]}},"_links":{"self":[{"href":"https:\/\/cvinoticias.com\/v3\/wp-json\/wp\/v2\/posts\/47438","targetHints":{"allow":["GET"]}}],"collection":[{"href":"https:\/\/cvinoticias.com\/v3\/wp-json\/wp\/v2\/posts"}],"about":[{"href":"https:\/\/cvinoticias.com\/v3\/wp-json\/wp\/v2\/types\/post"}],"author":[{"embeddable":true,"href":"https:\/\/cvinoticias.com\/v3\/wp-json\/wp\/v2\/users\/2"}],"replies":[{"embeddable":true,"href":"https:\/\/cvinoticias.com\/v3\/wp-json\/wp\/v2\/comments?post=47438"}],"version-history":[{"count":1,"href":"https:\/\/cvinoticias.com\/v3\/wp-json\/wp\/v2\/posts\/47438\/revisions"}],"predecessor-version":[{"id":47440,"href":"https:\/\/cvinoticias.com\/v3\/wp-json\/wp\/v2\/posts\/47438\/revisions\/47440"}],"wp:featuredmedia":[{"embeddable":true,"href":"https:\/\/cvinoticias.com\/v3\/wp-json\/wp\/v2\/media\/47439"}],"wp:attachment":[{"href":"https:\/\/cvinoticias.com\/v3\/wp-json\/wp\/v2\/media?parent=47438"}],"wp:term":[{"taxonomy":"category","embeddable":true,"href":"https:\/\/cvinoticias.com\/v3\/wp-json\/wp\/v2\/categories?post=47438"},{"taxonomy":"post_tag","embeddable":true,"href":"https:\/\/cvinoticias.com\/v3\/wp-json\/wp\/v2\/tags?post=47438"}],"curies":[{"name":"wp","href":"https:\/\/api.w.org\/{rel}","templated":true}]}}