{"id":47356,"date":"2025-08-11T07:55:59","date_gmt":"2025-08-11T10:55:59","guid":{"rendered":"https:\/\/cvinoticias.com\/v3\/?p=47356"},"modified":"2025-08-11T07:56:00","modified_gmt":"2025-08-11T10:56:00","slug":"semana-de-buen-tiempo-y-temperaturas-en-ascenso-en-misiones","status":"publish","type":"post","link":"https:\/\/cvinoticias.com\/v3\/semana-de-buen-tiempo-y-temperaturas-en-ascenso-en-misiones\/","title":{"rendered":"Semana de buen tiempo y temperaturas en ascenso en Misiones"},"content":{"rendered":"\n<p>La Direcci\u00f3n General de Alerta Temprana anticip\u00f3 que esta semana estar\u00e1 marcada por jornadas soleadas y sin lluvias en la provincia.<\/p>\n\n\n\n<p><strong>Lunes 11<\/strong><br>El inicio de la semana presenta cielo despejado en la ma\u00f1ana y algo de nubosidad por la tarde en el sur y centro. El amanecer se sinti\u00f3 fr\u00edo, con m\u00ednimas de entre 4 \u00b0C y 6 \u00b0C, y m\u00e1ximas previstas entre 18 \u00b0C y 21 \u00b0C. Los vientos del sur predominar\u00e1n a velocidades de 1 a 9 km\/h, con r\u00e1fagas de hasta 30 km\/h. No se esperan precipitaciones, aunque s\u00ed alta probabilidad de nieblas y neblinas. La temperatura m\u00e1s baja se registrar\u00eda en San Pedro con 4 \u00b0C y sensaci\u00f3n t\u00e9rmica de 2 \u00b0C, mientras que la m\u00e1xima llegar\u00eda a 21 \u00b0C en Puerto Iguaz\u00fa.<\/p>\n\n\n\n<p><strong>Martes 12<\/strong><br>Las condiciones de estabilidad continuar\u00e1n, impulsadas por un sistema de alta presi\u00f3n que favorecer\u00e1 vientos del norte y un ambiente m\u00e1s templado por la tarde. Se prev\u00e9n m\u00ednimas de 6 \u00b0C a 8 \u00b0C y m\u00e1ximas entre 20 \u00b0C y 24 \u00b0C. La probabilidad de lluvias ser\u00e1 nula y la calidad del aire se mantendr\u00e1 buena. La m\u00ednima se dar\u00eda en San Vicente con 6 \u00b0C y la m\u00e1xima en Puerto Iguaz\u00fa con 24 \u00b0C.<\/p>\n\n\n\n<p><strong>Mi\u00e9rcoles 13<\/strong><br>Se espera un d\u00eda mayormente soleado, con algunas nubes en el sur y centro por la tarde. Las m\u00ednimas oscilar\u00e1n entre 8 \u00b0C y 10 \u00b0C, con chances de neblinas en localidades ribere\u00f1as, mientras que las m\u00e1ximas alcanzar\u00edan entre 22 \u00b0C y 25 \u00b0C. El viento soplar\u00e1 del este y noreste, con velocidades de 2 a 9 km\/h y r\u00e1fagas de hasta 30 km\/h. No se prev\u00e9n lluvias y la calidad del aire ser\u00e1 buena. La m\u00ednima se registrar\u00eda en Eldorado con 8 \u00b0C y la m\u00e1xima en Montecarlo con 25 \u00b0C.<\/p>\n\n\n\n<p><em>Fuente: Direcci\u00f3n General de Alerta Temprana \u2013 Subsecretar\u00eda de Ordenamiento Territorial \u2013 Ministerio de Ecolog\u00eda y RNR de Misiones.<\/em><\/p>\n","protected":false},"excerpt":{"rendered":"<p>La Direcci\u00f3n General de Alerta Temprana anticip\u00f3 que esta semana estar\u00e1 marcada por jornadas soleadas y sin lluvias en la provincia. Lunes 11El inicio de la semana presenta cielo despejado en la ma\u00f1ana y algo de nubosidad por la tarde en el sur y centro. El amanecer se sinti\u00f3 fr\u00edo, con m\u00ednimas de entre 4 [&hellip;]<\/p>\n","protected":false},"author":2,"featured_media":47357,"comment_status":"open","ping_status":"open","sticky":false,"template":"","format":"standard","meta":{"footnotes":""},"categories":[1146],"tags":[1148,278,2090],"class_list":["post-47356","post","type-post","status-publish","format-standard","has-post-thumbnail","hentry","category-tiempo","tag-clima","tag-misiones","tag-pronostico"],"yoast_head":"<!-- This site is optimized with the Yoast SEO plugin v27.5 - https:\/\/yoast.com\/product\/yoast-seo-wordpress\/ -->\n<title>Previsi\u00f3n del tiempo en Misiones: semana soleada y sin lluvias | CVI NOTICIAS<\/title>\n<meta name=\"description\" content=\"Previsi\u00f3n del tiempo en Misiones: semana de sol, sin lluvias y con m\u00e1ximas de hasta 25 \u00b0C.\" \/>\n<meta name=\"robots\" content=\"index, follow, max-snippet:-1, max-image-preview:large, max-video-preview:-1\" \/>\n<link rel=\"canonical\" href=\"https:\/\/cvinoticias.com\/v3\/semana-de-buen-tiempo-y-temperaturas-en-ascenso-en-misiones\/\" \/>\n<meta property=\"og:locale\" content=\"es_ES\" \/>\n<meta property=\"og:type\" content=\"article\" \/>\n<meta property=\"og:title\" content=\"Previsi\u00f3n del tiempo en Misiones: semana soleada y sin lluvias | CVI NOTICIAS\" \/>\n<meta property=\"og:description\" content=\"Previsi\u00f3n del tiempo en Misiones: semana de sol, sin lluvias y con m\u00e1ximas de hasta 25 \u00b0C.\" \/>\n<meta property=\"og:url\" content=\"https:\/\/cvinoticias.com\/v3\/semana-de-buen-tiempo-y-temperaturas-en-ascenso-en-misiones\/\" \/>\n<meta property=\"og:site_name\" content=\"CVI NOTICIAS\" \/>\n<meta property=\"article:publisher\" content=\"https:\/\/www.facebook.com\/cvinoticias\" \/>\n<meta property=\"article:published_time\" content=\"2025-08-11T10:55:59+00:00\" \/>\n<meta property=\"article:modified_time\" content=\"2025-08-11T10:56:00+00:00\" \/>\n<meta property=\"og:image\" content=\"https:\/\/cvinoticias.com\/wp-content\/uploads\/2025\/08\/FB_IMG_1754909420949.jpg\" \/>\n\t<meta property=\"og:image:width\" content=\"880\" \/>\n\t<meta property=\"og:image:height\" content=\"880\" \/>\n\t<meta property=\"og:image:type\" content=\"image\/jpeg\" \/>\n<meta name=\"author\" content=\"f1000024\" \/>\n<meta name=\"twitter:card\" content=\"summary_large_image\" \/>\n<meta name=\"twitter:label1\" content=\"Escrito por\" \/>\n\t<meta name=\"twitter:data1\" content=\"f1000024\" \/>\n\t<meta name=\"twitter:label2\" content=\"Tiempo de lectura\" \/>\n\t<meta name=\"twitter:data2\" content=\"2 minutos\" \/>\n<script type=\"application\/ld+json\" class=\"yoast-schema-graph\">{\"@context\":\"https:\\\/\\\/schema.org\",\"@graph\":[{\"@type\":\"Article\",\"@id\":\"https:\\\/\\\/cvinoticias.com\\\/v3\\\/semana-de-buen-tiempo-y-temperaturas-en-ascenso-en-misiones\\\/#article\",\"isPartOf\":{\"@id\":\"https:\\\/\\\/cvinoticias.com\\\/v3\\\/semana-de-buen-tiempo-y-temperaturas-en-ascenso-en-misiones\\\/\"},\"author\":{\"name\":\"f1000024\",\"@id\":\"https:\\\/\\\/cvinoticias.com\\\/v3\\\/#\\\/schema\\\/person\\\/2db77e3c6bc03c538495d7b2b8be9b66\"},\"headline\":\"Semana de buen tiempo y temperaturas en ascenso en Misiones\",\"datePublished\":\"2025-08-11T10:55:59+00:00\",\"dateModified\":\"2025-08-11T10:56:00+00:00\",\"mainEntityOfPage\":{\"@id\":\"https:\\\/\\\/cvinoticias.com\\\/v3\\\/semana-de-buen-tiempo-y-temperaturas-en-ascenso-en-misiones\\\/\"},\"wordCount\":339,\"commentCount\":0,\"publisher\":{\"@id\":\"https:\\\/\\\/cvinoticias.com\\\/v3\\\/#organization\"},\"image\":{\"@id\":\"https:\\\/\\\/cvinoticias.com\\\/v3\\\/semana-de-buen-tiempo-y-temperaturas-en-ascenso-en-misiones\\\/#primaryimage\"},\"thumbnailUrl\":\"https:\\\/\\\/cvinoticias.com\\\/wp-content\\\/uploads\\\/2025\\\/08\\\/FB_IMG_1754909420949.jpg\",\"keywords\":[\"Clima\",\"Misiones\",\"Pronostico\"],\"articleSection\":[\"Tiempo\"],\"inLanguage\":\"es\",\"potentialAction\":[{\"@type\":\"CommentAction\",\"name\":\"Comment\",\"target\":[\"https:\\\/\\\/cvinoticias.com\\\/v3\\\/semana-de-buen-tiempo-y-temperaturas-en-ascenso-en-misiones\\\/#respond\"]}]},{\"@type\":\"WebPage\",\"@id\":\"https:\\\/\\\/cvinoticias.com\\\/v3\\\/semana-de-buen-tiempo-y-temperaturas-en-ascenso-en-misiones\\\/\",\"url\":\"https:\\\/\\\/cvinoticias.com\\\/v3\\\/semana-de-buen-tiempo-y-temperaturas-en-ascenso-en-misiones\\\/\",\"name\":\"Previsi\u00f3n del tiempo en Misiones: semana soleada y sin lluvias | CVI NOTICIAS\",\"isPartOf\":{\"@id\":\"https:\\\/\\\/cvinoticias.com\\\/v3\\\/#website\"},\"primaryImageOfPage\":{\"@id\":\"https:\\\/\\\/cvinoticias.com\\\/v3\\\/semana-de-buen-tiempo-y-temperaturas-en-ascenso-en-misiones\\\/#primaryimage\"},\"image\":{\"@id\":\"https:\\\/\\\/cvinoticias.com\\\/v3\\\/semana-de-buen-tiempo-y-temperaturas-en-ascenso-en-misiones\\\/#primaryimage\"},\"thumbnailUrl\":\"https:\\\/\\\/cvinoticias.com\\\/wp-content\\\/uploads\\\/2025\\\/08\\\/FB_IMG_1754909420949.jpg\",\"datePublished\":\"2025-08-11T10:55:59+00:00\",\"dateModified\":\"2025-08-11T10:56:00+00:00\",\"description\":\"Previsi\u00f3n del tiempo en Misiones: semana de sol, sin lluvias y con m\u00e1ximas de hasta 25 \u00b0C.\",\"breadcrumb\":{\"@id\":\"https:\\\/\\\/cvinoticias.com\\\/v3\\\/semana-de-buen-tiempo-y-temperaturas-en-ascenso-en-misiones\\\/#breadcrumb\"},\"inLanguage\":\"es\",\"potentialAction\":[{\"@type\":\"ReadAction\",\"target\":[\"https:\\\/\\\/cvinoticias.com\\\/v3\\\/semana-de-buen-tiempo-y-temperaturas-en-ascenso-en-misiones\\\/\"]}]},{\"@type\":\"ImageObject\",\"inLanguage\":\"es\",\"@id\":\"https:\\\/\\\/cvinoticias.com\\\/v3\\\/semana-de-buen-tiempo-y-temperaturas-en-ascenso-en-misiones\\\/#primaryimage\",\"url\":\"https:\\\/\\\/cvinoticias.com\\\/wp-content\\\/uploads\\\/2025\\\/08\\\/FB_IMG_1754909420949.jpg\",\"contentUrl\":\"https:\\\/\\\/cvinoticias.com\\\/wp-content\\\/uploads\\\/2025\\\/08\\\/FB_IMG_1754909420949.jpg\",\"width\":880,\"height\":880},{\"@type\":\"BreadcrumbList\",\"@id\":\"https:\\\/\\\/cvinoticias.com\\\/v3\\\/semana-de-buen-tiempo-y-temperaturas-en-ascenso-en-misiones\\\/#breadcrumb\",\"itemListElement\":[{\"@type\":\"ListItem\",\"position\":1,\"name\":\"Portada\",\"item\":\"https:\\\/\\\/cvinoticias.com\\\/v3\\\/\"},{\"@type\":\"ListItem\",\"position\":2,\"name\":\"Semana de buen tiempo y temperaturas en ascenso en Misiones\"}]},{\"@type\":\"WebSite\",\"@id\":\"https:\\\/\\\/cvinoticias.com\\\/v3\\\/#website\",\"url\":\"https:\\\/\\\/cvinoticias.com\\\/v3\\\/\",\"name\":\"CVI NOTICIAS\",\"description\":\"\",\"publisher\":{\"@id\":\"https:\\\/\\\/cvinoticias.com\\\/v3\\\/#organization\"},\"alternateName\":\"CVI\",\"potentialAction\":[{\"@type\":\"SearchAction\",\"target\":{\"@type\":\"EntryPoint\",\"urlTemplate\":\"https:\\\/\\\/cvinoticias.com\\\/v3\\\/?s={search_term_string}\"},\"query-input\":{\"@type\":\"PropertyValueSpecification\",\"valueRequired\":true,\"valueName\":\"search_term_string\"}}],\"inLanguage\":\"es\"},{\"@type\":\"Organization\",\"@id\":\"https:\\\/\\\/cvinoticias.com\\\/v3\\\/#organization\",\"name\":\"CVI NOTICIAS\",\"url\":\"https:\\\/\\\/cvinoticias.com\\\/v3\\\/\",\"logo\":{\"@type\":\"ImageObject\",\"inLanguage\":\"es\",\"@id\":\"https:\\\/\\\/cvinoticias.com\\\/v3\\\/#\\\/schema\\\/logo\\\/image\\\/\",\"url\":\"https:\\\/\\\/cvinoticias.com\\\/wp-content\\\/uploads\\\/2023\\\/04\\\/cropped-cropped-cropped-cropped-cropped-3-1.png\",\"contentUrl\":\"https:\\\/\\\/cvinoticias.com\\\/wp-content\\\/uploads\\\/2023\\\/04\\\/cropped-cropped-cropped-cropped-cropped-3-1.png\",\"width\":95,\"height\":122,\"caption\":\"CVI NOTICIAS\"},\"image\":{\"@id\":\"https:\\\/\\\/cvinoticias.com\\\/v3\\\/#\\\/schema\\\/logo\\\/image\\\/\"},\"sameAs\":[\"https:\\\/\\\/www.facebook.com\\\/cvinoticias\",\"https:\\\/\\\/www.instagram.com\\\/cvinoticias\\\/\",\"https:\\\/\\\/www.youtube.com\\\/@CVINOTICIAS\"]},{\"@type\":\"Person\",\"@id\":\"https:\\\/\\\/cvinoticias.com\\\/v3\\\/#\\\/schema\\\/person\\\/2db77e3c6bc03c538495d7b2b8be9b66\",\"name\":\"f1000024\",\"image\":{\"@type\":\"ImageObject\",\"inLanguage\":\"es\",\"@id\":\"https:\\\/\\\/secure.gravatar.com\\\/avatar\\\/d4fe7459cfc51ff5129ce1a732bbef5928568b8092d412ef95611616376bbeed?s=96&d=mm&r=g\",\"url\":\"https:\\\/\\\/secure.gravatar.com\\\/avatar\\\/d4fe7459cfc51ff5129ce1a732bbef5928568b8092d412ef95611616376bbeed?s=96&d=mm&r=g\",\"contentUrl\":\"https:\\\/\\\/secure.gravatar.com\\\/avatar\\\/d4fe7459cfc51ff5129ce1a732bbef5928568b8092d412ef95611616376bbeed?s=96&d=mm&r=g\",\"caption\":\"f1000024\"},\"url\":\"https:\\\/\\\/cvinoticias.com\\\/v3\\\/author\\\/f1000024\\\/\"}]}<\/script>\n<!-- \/ Yoast SEO plugin. -->","yoast_head_json":{"title":"Previsi\u00f3n del tiempo en Misiones: semana soleada y sin lluvias | CVI NOTICIAS","description":"Previsi\u00f3n del tiempo en Misiones: semana de sol, sin lluvias y con m\u00e1ximas de hasta 25 \u00b0C.","robots":{"index":"index","follow":"follow","max-snippet":"max-snippet:-1","max-image-preview":"max-image-preview:large","max-video-preview":"max-video-preview:-1"},"canonical":"https:\/\/cvinoticias.com\/v3\/semana-de-buen-tiempo-y-temperaturas-en-ascenso-en-misiones\/","og_locale":"es_ES","og_type":"article","og_title":"Previsi\u00f3n del tiempo en Misiones: semana soleada y sin lluvias | CVI NOTICIAS","og_description":"Previsi\u00f3n del tiempo en Misiones: semana de sol, sin lluvias y con m\u00e1ximas de hasta 25 \u00b0C.","og_url":"https:\/\/cvinoticias.com\/v3\/semana-de-buen-tiempo-y-temperaturas-en-ascenso-en-misiones\/","og_site_name":"CVI NOTICIAS","article_publisher":"https:\/\/www.facebook.com\/cvinoticias","article_published_time":"2025-08-11T10:55:59+00:00","article_modified_time":"2025-08-11T10:56:00+00:00","og_image":[{"width":880,"height":880,"url":"https:\/\/cvinoticias.com\/wp-content\/uploads\/2025\/08\/FB_IMG_1754909420949.jpg","type":"image\/jpeg"}],"author":"f1000024","twitter_card":"summary_large_image","twitter_misc":{"Escrito por":"f1000024","Tiempo de lectura":"2 minutos"},"schema":{"@context":"https:\/\/schema.org","@graph":[{"@type":"Article","@id":"https:\/\/cvinoticias.com\/v3\/semana-de-buen-tiempo-y-temperaturas-en-ascenso-en-misiones\/#article","isPartOf":{"@id":"https:\/\/cvinoticias.com\/v3\/semana-de-buen-tiempo-y-temperaturas-en-ascenso-en-misiones\/"},"author":{"name":"f1000024","@id":"https:\/\/cvinoticias.com\/v3\/#\/schema\/person\/2db77e3c6bc03c538495d7b2b8be9b66"},"headline":"Semana de buen tiempo y temperaturas en ascenso en Misiones","datePublished":"2025-08-11T10:55:59+00:00","dateModified":"2025-08-11T10:56:00+00:00","mainEntityOfPage":{"@id":"https:\/\/cvinoticias.com\/v3\/semana-de-buen-tiempo-y-temperaturas-en-ascenso-en-misiones\/"},"wordCount":339,"commentCount":0,"publisher":{"@id":"https:\/\/cvinoticias.com\/v3\/#organization"},"image":{"@id":"https:\/\/cvinoticias.com\/v3\/semana-de-buen-tiempo-y-temperaturas-en-ascenso-en-misiones\/#primaryimage"},"thumbnailUrl":"https:\/\/cvinoticias.com\/wp-content\/uploads\/2025\/08\/FB_IMG_1754909420949.jpg","keywords":["Clima","Misiones","Pronostico"],"articleSection":["Tiempo"],"inLanguage":"es","potentialAction":[{"@type":"CommentAction","name":"Comment","target":["https:\/\/cvinoticias.com\/v3\/semana-de-buen-tiempo-y-temperaturas-en-ascenso-en-misiones\/#respond"]}]},{"@type":"WebPage","@id":"https:\/\/cvinoticias.com\/v3\/semana-de-buen-tiempo-y-temperaturas-en-ascenso-en-misiones\/","url":"https:\/\/cvinoticias.com\/v3\/semana-de-buen-tiempo-y-temperaturas-en-ascenso-en-misiones\/","name":"Previsi\u00f3n del tiempo en Misiones: semana soleada y sin lluvias | CVI NOTICIAS","isPartOf":{"@id":"https:\/\/cvinoticias.com\/v3\/#website"},"primaryImageOfPage":{"@id":"https:\/\/cvinoticias.com\/v3\/semana-de-buen-tiempo-y-temperaturas-en-ascenso-en-misiones\/#primaryimage"},"image":{"@id":"https:\/\/cvinoticias.com\/v3\/semana-de-buen-tiempo-y-temperaturas-en-ascenso-en-misiones\/#primaryimage"},"thumbnailUrl":"https:\/\/cvinoticias.com\/wp-content\/uploads\/2025\/08\/FB_IMG_1754909420949.jpg","datePublished":"2025-08-11T10:55:59+00:00","dateModified":"2025-08-11T10:56:00+00:00","description":"Previsi\u00f3n del tiempo en Misiones: semana de sol, sin lluvias y con m\u00e1ximas de hasta 25 \u00b0C.","breadcrumb":{"@id":"https:\/\/cvinoticias.com\/v3\/semana-de-buen-tiempo-y-temperaturas-en-ascenso-en-misiones\/#breadcrumb"},"inLanguage":"es","potentialAction":[{"@type":"ReadAction","target":["https:\/\/cvinoticias.com\/v3\/semana-de-buen-tiempo-y-temperaturas-en-ascenso-en-misiones\/"]}]},{"@type":"ImageObject","inLanguage":"es","@id":"https:\/\/cvinoticias.com\/v3\/semana-de-buen-tiempo-y-temperaturas-en-ascenso-en-misiones\/#primaryimage","url":"https:\/\/cvinoticias.com\/wp-content\/uploads\/2025\/08\/FB_IMG_1754909420949.jpg","contentUrl":"https:\/\/cvinoticias.com\/wp-content\/uploads\/2025\/08\/FB_IMG_1754909420949.jpg","width":880,"height":880},{"@type":"BreadcrumbList","@id":"https:\/\/cvinoticias.com\/v3\/semana-de-buen-tiempo-y-temperaturas-en-ascenso-en-misiones\/#breadcrumb","itemListElement":[{"@type":"ListItem","position":1,"name":"Portada","item":"https:\/\/cvinoticias.com\/v3\/"},{"@type":"ListItem","position":2,"name":"Semana de buen tiempo y temperaturas en ascenso en Misiones"}]},{"@type":"WebSite","@id":"https:\/\/cvinoticias.com\/v3\/#website","url":"https:\/\/cvinoticias.com\/v3\/","name":"CVI NOTICIAS","description":"","publisher":{"@id":"https:\/\/cvinoticias.com\/v3\/#organization"},"alternateName":"CVI","potentialAction":[{"@type":"SearchAction","target":{"@type":"EntryPoint","urlTemplate":"https:\/\/cvinoticias.com\/v3\/?s={search_term_string}"},"query-input":{"@type":"PropertyValueSpecification","valueRequired":true,"valueName":"search_term_string"}}],"inLanguage":"es"},{"@type":"Organization","@id":"https:\/\/cvinoticias.com\/v3\/#organization","name":"CVI NOTICIAS","url":"https:\/\/cvinoticias.com\/v3\/","logo":{"@type":"ImageObject","inLanguage":"es","@id":"https:\/\/cvinoticias.com\/v3\/#\/schema\/logo\/image\/","url":"https:\/\/cvinoticias.com\/wp-content\/uploads\/2023\/04\/cropped-cropped-cropped-cropped-cropped-3-1.png","contentUrl":"https:\/\/cvinoticias.com\/wp-content\/uploads\/2023\/04\/cropped-cropped-cropped-cropped-cropped-3-1.png","width":95,"height":122,"caption":"CVI NOTICIAS"},"image":{"@id":"https:\/\/cvinoticias.com\/v3\/#\/schema\/logo\/image\/"},"sameAs":["https:\/\/www.facebook.com\/cvinoticias","https:\/\/www.instagram.com\/cvinoticias\/","https:\/\/www.youtube.com\/@CVINOTICIAS"]},{"@type":"Person","@id":"https:\/\/cvinoticias.com\/v3\/#\/schema\/person\/2db77e3c6bc03c538495d7b2b8be9b66","name":"f1000024","image":{"@type":"ImageObject","inLanguage":"es","@id":"https:\/\/secure.gravatar.com\/avatar\/d4fe7459cfc51ff5129ce1a732bbef5928568b8092d412ef95611616376bbeed?s=96&d=mm&r=g","url":"https:\/\/secure.gravatar.com\/avatar\/d4fe7459cfc51ff5129ce1a732bbef5928568b8092d412ef95611616376bbeed?s=96&d=mm&r=g","contentUrl":"https:\/\/secure.gravatar.com\/avatar\/d4fe7459cfc51ff5129ce1a732bbef5928568b8092d412ef95611616376bbeed?s=96&d=mm&r=g","caption":"f1000024"},"url":"https:\/\/cvinoticias.com\/v3\/author\/f1000024\/"}]}},"_links":{"self":[{"href":"https:\/\/cvinoticias.com\/v3\/wp-json\/wp\/v2\/posts\/47356","targetHints":{"allow":["GET"]}}],"collection":[{"href":"https:\/\/cvinoticias.com\/v3\/wp-json\/wp\/v2\/posts"}],"about":[{"href":"https:\/\/cvinoticias.com\/v3\/wp-json\/wp\/v2\/types\/post"}],"author":[{"embeddable":true,"href":"https:\/\/cvinoticias.com\/v3\/wp-json\/wp\/v2\/users\/2"}],"replies":[{"embeddable":true,"href":"https:\/\/cvinoticias.com\/v3\/wp-json\/wp\/v2\/comments?post=47356"}],"version-history":[{"count":1,"href":"https:\/\/cvinoticias.com\/v3\/wp-json\/wp\/v2\/posts\/47356\/revisions"}],"predecessor-version":[{"id":47358,"href":"https:\/\/cvinoticias.com\/v3\/wp-json\/wp\/v2\/posts\/47356\/revisions\/47358"}],"wp:featuredmedia":[{"embeddable":true,"href":"https:\/\/cvinoticias.com\/v3\/wp-json\/wp\/v2\/media\/47357"}],"wp:attachment":[{"href":"https:\/\/cvinoticias.com\/v3\/wp-json\/wp\/v2\/media?parent=47356"}],"wp:term":[{"taxonomy":"category","embeddable":true,"href":"https:\/\/cvinoticias.com\/v3\/wp-json\/wp\/v2\/categories?post=47356"},{"taxonomy":"post_tag","embeddable":true,"href":"https:\/\/cvinoticias.com\/v3\/wp-json\/wp\/v2\/tags?post=47356"}],"curies":[{"name":"wp","href":"https:\/\/api.w.org\/{rel}","templated":true}]}}