{"id":4731,"date":"2021-04-30T13:32:38","date_gmt":"2021-04-30T13:32:38","guid":{"rendered":"https:\/\/cvinoticias.com\/v3\/?p=4731"},"modified":"2021-04-30T13:32:38","modified_gmt":"2021-04-30T13:32:38","slug":"iguazu-comenzaron-las-obras-en-el-bachitur","status":"publish","type":"post","link":"https:\/\/cvinoticias.com\/v3\/iguazu-comenzaron-las-obras-en-el-bachitur\/","title":{"rendered":"Iguaz\u00fa: Comenzaron las obras en el Bachitur."},"content":{"rendered":"\n<p><strong><em>C\u00f3mo era de p\u00fablico conocimiento hab\u00eda una gran preocupaci\u00f3n por la cantidad de robos ocurridos en el establecimiento educativo Bachitur los cuales provocaron graves problemas en las instalaciones el\u00e9ctricas.<\/em><\/strong><\/p>\n\n\n\n<p>En la \u00faltima visita del gobernador Herrera Ahuad a Iguaz\u00fa se entreg\u00f3 una carpeta m\u00e1s para el pedido de los arreglos de las fallas edilicias.<\/p>\n\n\n\n<p>Para gran alegr\u00eda de la comunidad BoP 23 y Comercio de Adulto Nro 16, en \u00e9sta semana ya se encuentran los profesionales trabajando en el establecimiento educativo tal c\u00f3mo lo hab\u00edan prometido y no s\u00f3lo se har\u00e1n los arreglos sino que tambi\u00e9n por orden del Gobernador de Misiones, en el dia de hoy comunicaron que se pintar\u00e1 todo el edificio.<\/p>\n\n\n\n<p>Asi lo inform\u00f3, hace instante, la directora del establecimiento, Ana Holovesky a Cvi Canal 5 y Cvi Noticias.<\/p>\n\n\n\n<figure class=\"wp-block-image size-large is-resized\"><a href=\"https:\/\/cvinoticias.com\/wp-content\/uploads\/2021\/04\/FB_IMG_1619789264209.jpg\"><img decoding=\"async\" data-src=\"https:\/\/cvinoticias.com\/wp-content\/uploads\/2021\/04\/FB_IMG_1619789264209-498x1024.jpg\" alt=\"\" class=\"wp-image-4733 lazyload\" width=\"443\" height=\"911\" data-srcset=\"https:\/\/cvinoticias.com\/wp-content\/uploads\/2021\/04\/FB_IMG_1619789264209-498x1024.jpg 498w, https:\/\/cvinoticias.com\/wp-content\/uploads\/2021\/04\/FB_IMG_1619789264209-146x300.jpg 146w, https:\/\/cvinoticias.com\/wp-content\/uploads\/2021\/04\/FB_IMG_1619789264209.jpg 622w\" data-sizes=\"(max-width: 443px) 100vw, 443px\" src=\"data:image\/svg+xml;base64,PHN2ZyB3aWR0aD0iMSIgaGVpZ2h0PSIxIiB4bWxucz0iaHR0cDovL3d3dy53My5vcmcvMjAwMC9zdmciPjwvc3ZnPg==\" style=\"--smush-placeholder-width: 443px; --smush-placeholder-aspect-ratio: 443\/911;\" \/><\/a><\/figure>\n\n\n\n<figure class=\"wp-block-image size-large\"><a href=\"https:\/\/cvinoticias.com\/wp-content\/uploads\/2021\/04\/FB_IMG_1619789272810.jpg\"><img decoding=\"async\" width=\"498\" height=\"1024\" data-src=\"https:\/\/cvinoticias.com\/wp-content\/uploads\/2021\/04\/FB_IMG_1619789272810-498x1024.jpg\" alt=\"\" class=\"wp-image-4734 lazyload\" data-srcset=\"https:\/\/cvinoticias.com\/wp-content\/uploads\/2021\/04\/FB_IMG_1619789272810-498x1024.jpg 498w, https:\/\/cvinoticias.com\/wp-content\/uploads\/2021\/04\/FB_IMG_1619789272810-146x300.jpg 146w, https:\/\/cvinoticias.com\/wp-content\/uploads\/2021\/04\/FB_IMG_1619789272810.jpg 622w\" data-sizes=\"(max-width: 498px) 100vw, 498px\" src=\"data:image\/svg+xml;base64,PHN2ZyB3aWR0aD0iMSIgaGVpZ2h0PSIxIiB4bWxucz0iaHR0cDovL3d3dy53My5vcmcvMjAwMC9zdmciPjwvc3ZnPg==\" style=\"--smush-placeholder-width: 498px; --smush-placeholder-aspect-ratio: 498\/1024;\" \/><\/a><\/figure>\n","protected":false},"excerpt":{"rendered":"<p>C\u00f3mo era de p\u00fablico conocimiento hab\u00eda una gran preocupaci\u00f3n por la cantidad de robos ocurridos en el establecimiento educativo Bachitur los cuales provocaron graves problemas en las instalaciones el\u00e9ctricas. En la \u00faltima visita del gobernador Herrera Ahuad a Iguaz\u00fa se entreg\u00f3 una carpeta m\u00e1s para el pedido de los arreglos de las fallas edilicias. Para [&hellip;]<\/p>\n","protected":false},"author":2,"featured_media":4732,"comment_status":"open","ping_status":"open","sticky":false,"template":"","format":"standard","meta":{"footnotes":""},"categories":[26,29],"tags":[],"class_list":["post-4731","post","type-post","status-publish","format-standard","has-post-thumbnail","hentry","category-educacion","category-locales"],"yoast_head":"<!-- This site is optimized with the Yoast SEO plugin v27.5 - https:\/\/yoast.com\/product\/yoast-seo-wordpress\/ -->\n<title>Iguaz\u00fa: Comenzaron las obras en el Bachitur. | CVI NOTICIAS<\/title>\n<meta name=\"robots\" content=\"index, follow, max-snippet:-1, max-image-preview:large, max-video-preview:-1\" \/>\n<link rel=\"canonical\" href=\"https:\/\/cvinoticias.com\/v3\/iguazu-comenzaron-las-obras-en-el-bachitur\/\" \/>\n<meta property=\"og:locale\" content=\"es_ES\" \/>\n<meta property=\"og:type\" content=\"article\" \/>\n<meta property=\"og:title\" content=\"Iguaz\u00fa: Comenzaron las obras en el Bachitur. | CVI NOTICIAS\" \/>\n<meta property=\"og:description\" content=\"C\u00f3mo era de p\u00fablico conocimiento hab\u00eda una gran preocupaci\u00f3n por la cantidad de robos ocurridos en el establecimiento educativo Bachitur los cuales provocaron graves problemas en las instalaciones el\u00e9ctricas. En la \u00faltima visita del gobernador Herrera Ahuad a Iguaz\u00fa se entreg\u00f3 una carpeta m\u00e1s para el pedido de los arreglos de las fallas edilicias. Para [&hellip;]\" \/>\n<meta property=\"og:url\" content=\"https:\/\/cvinoticias.com\/v3\/iguazu-comenzaron-las-obras-en-el-bachitur\/\" \/>\n<meta property=\"og:site_name\" content=\"CVI NOTICIAS\" \/>\n<meta property=\"article:publisher\" content=\"https:\/\/www.facebook.com\/cvinoticias\" \/>\n<meta property=\"article:published_time\" content=\"2021-04-30T13:32:38+00:00\" \/>\n<meta property=\"og:image\" content=\"https:\/\/cvinoticias.com\/wp-content\/uploads\/2021\/04\/FB_IMG_1619789259700.jpg\" \/>\n\t<meta property=\"og:image:width\" content=\"622\" \/>\n\t<meta property=\"og:image:height\" content=\"1280\" \/>\n\t<meta property=\"og:image:type\" content=\"image\/jpeg\" \/>\n<meta name=\"author\" content=\"f1000024\" \/>\n<meta name=\"twitter:card\" content=\"summary_large_image\" \/>\n<meta name=\"twitter:label1\" content=\"Escrito por\" \/>\n\t<meta name=\"twitter:data1\" content=\"f1000024\" \/>\n\t<meta name=\"twitter:label2\" content=\"Tiempo de lectura\" \/>\n\t<meta name=\"twitter:data2\" content=\"1 minuto\" \/>\n<script type=\"application\/ld+json\" class=\"yoast-schema-graph\">{\"@context\":\"https:\\\/\\\/schema.org\",\"@graph\":[{\"@type\":\"Article\",\"@id\":\"https:\\\/\\\/cvinoticias.com\\\/v3\\\/iguazu-comenzaron-las-obras-en-el-bachitur\\\/#article\",\"isPartOf\":{\"@id\":\"https:\\\/\\\/cvinoticias.com\\\/v3\\\/iguazu-comenzaron-las-obras-en-el-bachitur\\\/\"},\"author\":{\"name\":\"f1000024\",\"@id\":\"https:\\\/\\\/cvinoticias.com\\\/v3\\\/#\\\/schema\\\/person\\\/2db77e3c6bc03c538495d7b2b8be9b66\"},\"headline\":\"Iguaz\u00fa: Comenzaron las obras en el Bachitur.\",\"datePublished\":\"2021-04-30T13:32:38+00:00\",\"mainEntityOfPage\":{\"@id\":\"https:\\\/\\\/cvinoticias.com\\\/v3\\\/iguazu-comenzaron-las-obras-en-el-bachitur\\\/\"},\"wordCount\":148,\"commentCount\":0,\"publisher\":{\"@id\":\"https:\\\/\\\/cvinoticias.com\\\/v3\\\/#organization\"},\"image\":{\"@id\":\"https:\\\/\\\/cvinoticias.com\\\/v3\\\/iguazu-comenzaron-las-obras-en-el-bachitur\\\/#primaryimage\"},\"thumbnailUrl\":\"https:\\\/\\\/cvinoticias.com\\\/wp-content\\\/uploads\\\/2021\\\/04\\\/FB_IMG_1619789259700.jpg\",\"articleSection\":[\"Educacion\",\"Locales\"],\"inLanguage\":\"es\",\"potentialAction\":[{\"@type\":\"CommentAction\",\"name\":\"Comment\",\"target\":[\"https:\\\/\\\/cvinoticias.com\\\/v3\\\/iguazu-comenzaron-las-obras-en-el-bachitur\\\/#respond\"]}]},{\"@type\":\"WebPage\",\"@id\":\"https:\\\/\\\/cvinoticias.com\\\/v3\\\/iguazu-comenzaron-las-obras-en-el-bachitur\\\/\",\"url\":\"https:\\\/\\\/cvinoticias.com\\\/v3\\\/iguazu-comenzaron-las-obras-en-el-bachitur\\\/\",\"name\":\"Iguaz\u00fa: Comenzaron las obras en el Bachitur. | CVI NOTICIAS\",\"isPartOf\":{\"@id\":\"https:\\\/\\\/cvinoticias.com\\\/v3\\\/#website\"},\"primaryImageOfPage\":{\"@id\":\"https:\\\/\\\/cvinoticias.com\\\/v3\\\/iguazu-comenzaron-las-obras-en-el-bachitur\\\/#primaryimage\"},\"image\":{\"@id\":\"https:\\\/\\\/cvinoticias.com\\\/v3\\\/iguazu-comenzaron-las-obras-en-el-bachitur\\\/#primaryimage\"},\"thumbnailUrl\":\"https:\\\/\\\/cvinoticias.com\\\/wp-content\\\/uploads\\\/2021\\\/04\\\/FB_IMG_1619789259700.jpg\",\"datePublished\":\"2021-04-30T13:32:38+00:00\",\"breadcrumb\":{\"@id\":\"https:\\\/\\\/cvinoticias.com\\\/v3\\\/iguazu-comenzaron-las-obras-en-el-bachitur\\\/#breadcrumb\"},\"inLanguage\":\"es\",\"potentialAction\":[{\"@type\":\"ReadAction\",\"target\":[\"https:\\\/\\\/cvinoticias.com\\\/v3\\\/iguazu-comenzaron-las-obras-en-el-bachitur\\\/\"]}]},{\"@type\":\"ImageObject\",\"inLanguage\":\"es\",\"@id\":\"https:\\\/\\\/cvinoticias.com\\\/v3\\\/iguazu-comenzaron-las-obras-en-el-bachitur\\\/#primaryimage\",\"url\":\"https:\\\/\\\/cvinoticias.com\\\/wp-content\\\/uploads\\\/2021\\\/04\\\/FB_IMG_1619789259700.jpg\",\"contentUrl\":\"https:\\\/\\\/cvinoticias.com\\\/wp-content\\\/uploads\\\/2021\\\/04\\\/FB_IMG_1619789259700.jpg\",\"width\":622,\"height\":1280},{\"@type\":\"BreadcrumbList\",\"@id\":\"https:\\\/\\\/cvinoticias.com\\\/v3\\\/iguazu-comenzaron-las-obras-en-el-bachitur\\\/#breadcrumb\",\"itemListElement\":[{\"@type\":\"ListItem\",\"position\":1,\"name\":\"Portada\",\"item\":\"https:\\\/\\\/cvinoticias.com\\\/v3\\\/\"},{\"@type\":\"ListItem\",\"position\":2,\"name\":\"Iguaz\u00fa: Comenzaron las obras en el Bachitur.\"}]},{\"@type\":\"WebSite\",\"@id\":\"https:\\\/\\\/cvinoticias.com\\\/v3\\\/#website\",\"url\":\"https:\\\/\\\/cvinoticias.com\\\/v3\\\/\",\"name\":\"CVI NOTICIAS\",\"description\":\"\",\"publisher\":{\"@id\":\"https:\\\/\\\/cvinoticias.com\\\/v3\\\/#organization\"},\"alternateName\":\"CVI\",\"potentialAction\":[{\"@type\":\"SearchAction\",\"target\":{\"@type\":\"EntryPoint\",\"urlTemplate\":\"https:\\\/\\\/cvinoticias.com\\\/v3\\\/?s={search_term_string}\"},\"query-input\":{\"@type\":\"PropertyValueSpecification\",\"valueRequired\":true,\"valueName\":\"search_term_string\"}}],\"inLanguage\":\"es\"},{\"@type\":\"Organization\",\"@id\":\"https:\\\/\\\/cvinoticias.com\\\/v3\\\/#organization\",\"name\":\"CVI NOTICIAS\",\"url\":\"https:\\\/\\\/cvinoticias.com\\\/v3\\\/\",\"logo\":{\"@type\":\"ImageObject\",\"inLanguage\":\"es\",\"@id\":\"https:\\\/\\\/cvinoticias.com\\\/v3\\\/#\\\/schema\\\/logo\\\/image\\\/\",\"url\":\"https:\\\/\\\/cvinoticias.com\\\/wp-content\\\/uploads\\\/2023\\\/04\\\/cropped-cropped-cropped-cropped-cropped-3-1.png\",\"contentUrl\":\"https:\\\/\\\/cvinoticias.com\\\/wp-content\\\/uploads\\\/2023\\\/04\\\/cropped-cropped-cropped-cropped-cropped-3-1.png\",\"width\":95,\"height\":122,\"caption\":\"CVI NOTICIAS\"},\"image\":{\"@id\":\"https:\\\/\\\/cvinoticias.com\\\/v3\\\/#\\\/schema\\\/logo\\\/image\\\/\"},\"sameAs\":[\"https:\\\/\\\/www.facebook.com\\\/cvinoticias\",\"https:\\\/\\\/www.instagram.com\\\/cvinoticias\\\/\",\"https:\\\/\\\/www.youtube.com\\\/@CVINOTICIAS\"]},{\"@type\":\"Person\",\"@id\":\"https:\\\/\\\/cvinoticias.com\\\/v3\\\/#\\\/schema\\\/person\\\/2db77e3c6bc03c538495d7b2b8be9b66\",\"name\":\"f1000024\",\"image\":{\"@type\":\"ImageObject\",\"inLanguage\":\"es\",\"@id\":\"https:\\\/\\\/secure.gravatar.com\\\/avatar\\\/d4fe7459cfc51ff5129ce1a732bbef5928568b8092d412ef95611616376bbeed?s=96&d=mm&r=g\",\"url\":\"https:\\\/\\\/secure.gravatar.com\\\/avatar\\\/d4fe7459cfc51ff5129ce1a732bbef5928568b8092d412ef95611616376bbeed?s=96&d=mm&r=g\",\"contentUrl\":\"https:\\\/\\\/secure.gravatar.com\\\/avatar\\\/d4fe7459cfc51ff5129ce1a732bbef5928568b8092d412ef95611616376bbeed?s=96&d=mm&r=g\",\"caption\":\"f1000024\"},\"url\":\"https:\\\/\\\/cvinoticias.com\\\/v3\\\/author\\\/f1000024\\\/\"}]}<\/script>\n<!-- \/ Yoast SEO plugin. -->","yoast_head_json":{"title":"Iguaz\u00fa: Comenzaron las obras en el Bachitur. | CVI NOTICIAS","robots":{"index":"index","follow":"follow","max-snippet":"max-snippet:-1","max-image-preview":"max-image-preview:large","max-video-preview":"max-video-preview:-1"},"canonical":"https:\/\/cvinoticias.com\/v3\/iguazu-comenzaron-las-obras-en-el-bachitur\/","og_locale":"es_ES","og_type":"article","og_title":"Iguaz\u00fa: Comenzaron las obras en el Bachitur. | CVI NOTICIAS","og_description":"C\u00f3mo era de p\u00fablico conocimiento hab\u00eda una gran preocupaci\u00f3n por la cantidad de robos ocurridos en el establecimiento educativo Bachitur los cuales provocaron graves problemas en las instalaciones el\u00e9ctricas. En la \u00faltima visita del gobernador Herrera Ahuad a Iguaz\u00fa se entreg\u00f3 una carpeta m\u00e1s para el pedido de los arreglos de las fallas edilicias. Para [&hellip;]","og_url":"https:\/\/cvinoticias.com\/v3\/iguazu-comenzaron-las-obras-en-el-bachitur\/","og_site_name":"CVI NOTICIAS","article_publisher":"https:\/\/www.facebook.com\/cvinoticias","article_published_time":"2021-04-30T13:32:38+00:00","og_image":[{"width":622,"height":1280,"url":"https:\/\/cvinoticias.com\/wp-content\/uploads\/2021\/04\/FB_IMG_1619789259700.jpg","type":"image\/jpeg"}],"author":"f1000024","twitter_card":"summary_large_image","twitter_misc":{"Escrito por":"f1000024","Tiempo de lectura":"1 minuto"},"schema":{"@context":"https:\/\/schema.org","@graph":[{"@type":"Article","@id":"https:\/\/cvinoticias.com\/v3\/iguazu-comenzaron-las-obras-en-el-bachitur\/#article","isPartOf":{"@id":"https:\/\/cvinoticias.com\/v3\/iguazu-comenzaron-las-obras-en-el-bachitur\/"},"author":{"name":"f1000024","@id":"https:\/\/cvinoticias.com\/v3\/#\/schema\/person\/2db77e3c6bc03c538495d7b2b8be9b66"},"headline":"Iguaz\u00fa: Comenzaron las obras en el Bachitur.","datePublished":"2021-04-30T13:32:38+00:00","mainEntityOfPage":{"@id":"https:\/\/cvinoticias.com\/v3\/iguazu-comenzaron-las-obras-en-el-bachitur\/"},"wordCount":148,"commentCount":0,"publisher":{"@id":"https:\/\/cvinoticias.com\/v3\/#organization"},"image":{"@id":"https:\/\/cvinoticias.com\/v3\/iguazu-comenzaron-las-obras-en-el-bachitur\/#primaryimage"},"thumbnailUrl":"https:\/\/cvinoticias.com\/wp-content\/uploads\/2021\/04\/FB_IMG_1619789259700.jpg","articleSection":["Educacion","Locales"],"inLanguage":"es","potentialAction":[{"@type":"CommentAction","name":"Comment","target":["https:\/\/cvinoticias.com\/v3\/iguazu-comenzaron-las-obras-en-el-bachitur\/#respond"]}]},{"@type":"WebPage","@id":"https:\/\/cvinoticias.com\/v3\/iguazu-comenzaron-las-obras-en-el-bachitur\/","url":"https:\/\/cvinoticias.com\/v3\/iguazu-comenzaron-las-obras-en-el-bachitur\/","name":"Iguaz\u00fa: Comenzaron las obras en el Bachitur. | CVI NOTICIAS","isPartOf":{"@id":"https:\/\/cvinoticias.com\/v3\/#website"},"primaryImageOfPage":{"@id":"https:\/\/cvinoticias.com\/v3\/iguazu-comenzaron-las-obras-en-el-bachitur\/#primaryimage"},"image":{"@id":"https:\/\/cvinoticias.com\/v3\/iguazu-comenzaron-las-obras-en-el-bachitur\/#primaryimage"},"thumbnailUrl":"https:\/\/cvinoticias.com\/wp-content\/uploads\/2021\/04\/FB_IMG_1619789259700.jpg","datePublished":"2021-04-30T13:32:38+00:00","breadcrumb":{"@id":"https:\/\/cvinoticias.com\/v3\/iguazu-comenzaron-las-obras-en-el-bachitur\/#breadcrumb"},"inLanguage":"es","potentialAction":[{"@type":"ReadAction","target":["https:\/\/cvinoticias.com\/v3\/iguazu-comenzaron-las-obras-en-el-bachitur\/"]}]},{"@type":"ImageObject","inLanguage":"es","@id":"https:\/\/cvinoticias.com\/v3\/iguazu-comenzaron-las-obras-en-el-bachitur\/#primaryimage","url":"https:\/\/cvinoticias.com\/wp-content\/uploads\/2021\/04\/FB_IMG_1619789259700.jpg","contentUrl":"https:\/\/cvinoticias.com\/wp-content\/uploads\/2021\/04\/FB_IMG_1619789259700.jpg","width":622,"height":1280},{"@type":"BreadcrumbList","@id":"https:\/\/cvinoticias.com\/v3\/iguazu-comenzaron-las-obras-en-el-bachitur\/#breadcrumb","itemListElement":[{"@type":"ListItem","position":1,"name":"Portada","item":"https:\/\/cvinoticias.com\/v3\/"},{"@type":"ListItem","position":2,"name":"Iguaz\u00fa: Comenzaron las obras en el Bachitur."}]},{"@type":"WebSite","@id":"https:\/\/cvinoticias.com\/v3\/#website","url":"https:\/\/cvinoticias.com\/v3\/","name":"CVI NOTICIAS","description":"","publisher":{"@id":"https:\/\/cvinoticias.com\/v3\/#organization"},"alternateName":"CVI","potentialAction":[{"@type":"SearchAction","target":{"@type":"EntryPoint","urlTemplate":"https:\/\/cvinoticias.com\/v3\/?s={search_term_string}"},"query-input":{"@type":"PropertyValueSpecification","valueRequired":true,"valueName":"search_term_string"}}],"inLanguage":"es"},{"@type":"Organization","@id":"https:\/\/cvinoticias.com\/v3\/#organization","name":"CVI NOTICIAS","url":"https:\/\/cvinoticias.com\/v3\/","logo":{"@type":"ImageObject","inLanguage":"es","@id":"https:\/\/cvinoticias.com\/v3\/#\/schema\/logo\/image\/","url":"https:\/\/cvinoticias.com\/wp-content\/uploads\/2023\/04\/cropped-cropped-cropped-cropped-cropped-3-1.png","contentUrl":"https:\/\/cvinoticias.com\/wp-content\/uploads\/2023\/04\/cropped-cropped-cropped-cropped-cropped-3-1.png","width":95,"height":122,"caption":"CVI NOTICIAS"},"image":{"@id":"https:\/\/cvinoticias.com\/v3\/#\/schema\/logo\/image\/"},"sameAs":["https:\/\/www.facebook.com\/cvinoticias","https:\/\/www.instagram.com\/cvinoticias\/","https:\/\/www.youtube.com\/@CVINOTICIAS"]},{"@type":"Person","@id":"https:\/\/cvinoticias.com\/v3\/#\/schema\/person\/2db77e3c6bc03c538495d7b2b8be9b66","name":"f1000024","image":{"@type":"ImageObject","inLanguage":"es","@id":"https:\/\/secure.gravatar.com\/avatar\/d4fe7459cfc51ff5129ce1a732bbef5928568b8092d412ef95611616376bbeed?s=96&d=mm&r=g","url":"https:\/\/secure.gravatar.com\/avatar\/d4fe7459cfc51ff5129ce1a732bbef5928568b8092d412ef95611616376bbeed?s=96&d=mm&r=g","contentUrl":"https:\/\/secure.gravatar.com\/avatar\/d4fe7459cfc51ff5129ce1a732bbef5928568b8092d412ef95611616376bbeed?s=96&d=mm&r=g","caption":"f1000024"},"url":"https:\/\/cvinoticias.com\/v3\/author\/f1000024\/"}]}},"_links":{"self":[{"href":"https:\/\/cvinoticias.com\/v3\/wp-json\/wp\/v2\/posts\/4731","targetHints":{"allow":["GET"]}}],"collection":[{"href":"https:\/\/cvinoticias.com\/v3\/wp-json\/wp\/v2\/posts"}],"about":[{"href":"https:\/\/cvinoticias.com\/v3\/wp-json\/wp\/v2\/types\/post"}],"author":[{"embeddable":true,"href":"https:\/\/cvinoticias.com\/v3\/wp-json\/wp\/v2\/users\/2"}],"replies":[{"embeddable":true,"href":"https:\/\/cvinoticias.com\/v3\/wp-json\/wp\/v2\/comments?post=4731"}],"version-history":[{"count":1,"href":"https:\/\/cvinoticias.com\/v3\/wp-json\/wp\/v2\/posts\/4731\/revisions"}],"predecessor-version":[{"id":4735,"href":"https:\/\/cvinoticias.com\/v3\/wp-json\/wp\/v2\/posts\/4731\/revisions\/4735"}],"wp:featuredmedia":[{"embeddable":true,"href":"https:\/\/cvinoticias.com\/v3\/wp-json\/wp\/v2\/media\/4732"}],"wp:attachment":[{"href":"https:\/\/cvinoticias.com\/v3\/wp-json\/wp\/v2\/media?parent=4731"}],"wp:term":[{"taxonomy":"category","embeddable":true,"href":"https:\/\/cvinoticias.com\/v3\/wp-json\/wp\/v2\/categories?post=4731"},{"taxonomy":"post_tag","embeddable":true,"href":"https:\/\/cvinoticias.com\/v3\/wp-json\/wp\/v2\/tags?post=4731"}],"curies":[{"name":"wp","href":"https:\/\/api.w.org\/{rel}","templated":true}]}}