{"id":47257,"date":"2025-08-07T08:40:09","date_gmt":"2025-08-07T11:40:09","guid":{"rendered":"https:\/\/cvinoticias.com\/v3\/?p=47257"},"modified":"2025-08-07T08:40:10","modified_gmt":"2025-08-07T11:40:10","slug":"el-gobierno-nacional-designo-a-un-vendedor-de-pollos-al-frente-del-pami-en-san-vicente","status":"publish","type":"post","link":"https:\/\/cvinoticias.com\/v3\/el-gobierno-nacional-designo-a-un-vendedor-de-pollos-al-frente-del-pami-en-san-vicente\/","title":{"rendered":"El Gobierno nacional design\u00f3 a un vendedor de pollos al frente del PAMI en San Vicente"},"content":{"rendered":"\n<p><strong>Despu\u00e9s de la cuestionada designaci\u00f3n de una manicura al frente del PAMI en Montecarlo, el Gobierno de nacional nombr\u00f3 a Marcelo G\u00f3mez, propietario de una conocida poller\u00eda al frente de la oficina de San Vicente. Ni la manicura ni el pollero tienen antecedentes o experiencia demostrable en gesti\u00f3n.<\/strong><\/p>\n\n\n\n<p>El Centro de Atenci\u00f3n del PAMI de Montecarlo tiene un nuevo titular, se trata de Marcelo G\u00f3mez, recientemente designado por el Gobierno nacional. Su desembarco no estuvo ajeno de cr\u00edticas, dado que se trata de un comerciante sin ning\u00fan antecedente que lo respalde para ocupar ese puesto. Profesionales de la salud, vecinos y actores vinculados a la gesti\u00f3n p\u00fablica pusieron el grito en el cielo.<\/p>\n\n\n\n<p>La pol\u00e9mica por el nombramiento de G\u00f3mez, propietario de una poller\u00eda, remite inmediatamente a otro caso similar, el de la esteticista Roc\u00edo Flores que a fines del a\u00f1o pasado fue nombrada al frente del Centro de Atenci\u00f3n de Montecarlo. Aquella designaci\u00f3n incluso fue cuestionada por la referente libertaria Ninfa Alvarenga quien se refiri\u00f3 al particular en su cuenta de Twitter: \u201cAh, y en el PAMI de Montecarlo, pusieron de jefa de la delegaci\u00f3n\u2026 \u00a1a una manicura!\u201d, public\u00f3.<\/p>\n\n\n\n<h3 class=\"wp-block-heading\">Antecedentes<\/h3>\n\n\n\n<p>G\u00f3mez fue incorporado en un cargo clave del PAMI, sin embargo, su perfil ligado exclusivamente al comercio minorista, genera fuertes dudas respecto a su capacidad t\u00e9cnica para desempe\u00f1arse al frente de una instituci\u00f3n que tiene un rol estrat\u00e9gico en la salud y el bienestar de adultos mayores. En San Vicente, el cargo implica la gesti\u00f3n de prestaciones m\u00e9dicas, entrega de medicamentos, traslados y asistencia primaria para una poblaci\u00f3n altamente vulnerable.<\/p>\n\n\n\n<figure class=\"wp-block-image\"><img decoding=\"async\" data-src=\"https:\/\/static.misionesonline.news\/wp-content\/uploads\/2025\/08\/WhatsApp-Image-2025-08-06-at-14.27.46.jpeg\" alt=\"\" class=\"wp-image-1000001578577 lazyload\" src=\"data:image\/svg+xml;base64,PHN2ZyB3aWR0aD0iMSIgaGVpZ2h0PSIxIiB4bWxucz0iaHR0cDovL3d3dy53My5vcmcvMjAwMC9zdmciPjwvc3ZnPg==\" \/><\/figure>\n\n\n\n<figure class=\"wp-block-image\"><img decoding=\"async\" data-src=\"https:\/\/static.misionesonline.news\/wp-content\/uploads\/2025\/08\/WhatsApp-Image-2025-08-06-at-14.27.46-1.jpeg\" alt=\"\" class=\"wp-image-1000001578578 lazyload\" src=\"data:image\/svg+xml;base64,PHN2ZyB3aWR0aD0iMSIgaGVpZ2h0PSIxIiB4bWxucz0iaHR0cDovL3d3dy53My5vcmcvMjAwMC9zdmciPjwvc3ZnPg==\" \/><\/figure>\n\n\n\n<p>Este nombramiento se suma a una serie de designaciones pol\u00e9micas impulsadas desde el inicio de la gesti\u00f3n de Javier Milei, en las que personas sin formaci\u00f3n espec\u00edfica ni antecedentes en pol\u00edticas p\u00fablicas han sido puestas al frente de dependencias estatales clave.<\/p>\n\n\n\n<p>Casos recientes incluyen una influencer sin experiencia en el Ministerio de Capital Humano en Chaco, el hijo de un referente libertario en Desarrollo Social en Corrientes, un exagente inmobiliario como director de un hospital modular en Buenos Aires y una militante libertaria ocupando un cargo t\u00e9cnico en el PAMI de Salta. Estos episodios reflejan una tendencia que contradice el discurso oficial de meritocracia y profesionalismo.<\/p>\n\n\n\n<p>El problema no es solo pol\u00edtico o simb\u00f3lico. En organismos como el PAMI, que articula servicios m\u00e9dicos y sociales a personas mayores con necesidades complejas, el impacto de una conducci\u00f3n sin preparaci\u00f3n puede ser devastador. Designar a alguien sin conocimientos en salud p\u00fablica, como un comerciante de pollo, no es simplemente un dato llamativo: es una decisi\u00f3n que puede afectar directamente la calidad del servicio, demorar prestaciones o generar fallas administrativas que perjudiquen a los afiliados.<\/p>\n\n\n\n<p>La falta de criterios t\u00e9cnicos para ocupar cargos en el Estado profundiza la desprofesionalizaci\u00f3n de \u00e1reas clave. A la vez, desalienta a profesionales formados y refuerza una l\u00f3gica donde el acomodo o la lealtad partidaria pesan m\u00e1s que la capacitaci\u00f3n. En organismos sensibles como el PAMI, esto no solo deteriora la gesti\u00f3n: pone en juego derechos fundamentales de las personas mayores.<\/p>\n\n\n\n<p>Fuente: Misiones Online<\/p>\n","protected":false},"excerpt":{"rendered":"<p>Despu\u00e9s de la cuestionada designaci\u00f3n de una manicura al frente del PAMI en Montecarlo, el Gobierno de nacional nombr\u00f3 a Marcelo G\u00f3mez, propietario de una conocida poller\u00eda al frente de la oficina de San Vicente. Ni la manicura ni el pollero tienen antecedentes o experiencia demostrable en gesti\u00f3n. El Centro de Atenci\u00f3n del PAMI de [&hellip;]<\/p>\n","protected":false},"author":2,"featured_media":47258,"comment_status":"open","ping_status":"open","sticky":false,"template":"","format":"standard","meta":{"footnotes":""},"categories":[455],"tags":[3209,3498,2570,3497],"class_list":["post-47257","post","type-post","status-publish","format-standard","has-post-thumbnail","hentry","category-misiones","tag-pami","tag-pollos","tag-san-vicente","tag-vendedor"],"yoast_head":"<!-- This site is optimized with the Yoast SEO plugin v27.4 - https:\/\/yoast.com\/product\/yoast-seo-wordpress\/ -->\n<title>Designan al due\u00f1o de una poller\u00eda al frente del PAMI | CVI NOTICIAS<\/title>\n<meta name=\"description\" content=\"Nombran al due\u00f1o de una poller\u00eda al frente del PAMI en San Vicente y crece la pol\u00e9mica por falta de experiencia.\" \/>\n<meta name=\"robots\" content=\"index, follow, max-snippet:-1, max-image-preview:large, max-video-preview:-1\" \/>\n<link rel=\"canonical\" href=\"https:\/\/cvinoticias.com\/v3\/el-gobierno-nacional-designo-a-un-vendedor-de-pollos-al-frente-del-pami-en-san-vicente\/\" \/>\n<meta property=\"og:locale\" content=\"es_ES\" \/>\n<meta property=\"og:type\" content=\"article\" \/>\n<meta property=\"og:title\" content=\"Designan al due\u00f1o de una poller\u00eda al frente del PAMI | CVI NOTICIAS\" \/>\n<meta property=\"og:description\" content=\"Nombran al due\u00f1o de una poller\u00eda al frente del PAMI en San Vicente y crece la pol\u00e9mica por falta de experiencia.\" \/>\n<meta property=\"og:url\" content=\"https:\/\/cvinoticias.com\/v3\/el-gobierno-nacional-designo-a-un-vendedor-de-pollos-al-frente-del-pami-en-san-vicente\/\" \/>\n<meta property=\"og:site_name\" content=\"CVI NOTICIAS\" \/>\n<meta property=\"article:publisher\" content=\"https:\/\/www.facebook.com\/cvinoticias\" \/>\n<meta property=\"article:published_time\" content=\"2025-08-07T11:40:09+00:00\" \/>\n<meta property=\"article:modified_time\" content=\"2025-08-07T11:40:10+00:00\" \/>\n<meta property=\"og:image\" content=\"https:\/\/cvinoticias.com\/wp-content\/uploads\/2025\/08\/pollero.jpeg\" \/>\n\t<meta property=\"og:image:width\" content=\"540\" \/>\n\t<meta property=\"og:image:height\" content=\"540\" \/>\n\t<meta property=\"og:image:type\" content=\"image\/jpeg\" \/>\n<meta name=\"author\" content=\"f1000024\" \/>\n<meta name=\"twitter:card\" content=\"summary_large_image\" \/>\n<meta name=\"twitter:label1\" content=\"Escrito por\" \/>\n\t<meta name=\"twitter:data1\" content=\"f1000024\" \/>\n\t<meta name=\"twitter:label2\" content=\"Tiempo de lectura\" \/>\n\t<meta name=\"twitter:data2\" content=\"3 minutos\" \/>\n<script type=\"application\/ld+json\" class=\"yoast-schema-graph\">{\"@context\":\"https:\\\/\\\/schema.org\",\"@graph\":[{\"@type\":\"Article\",\"@id\":\"https:\\\/\\\/cvinoticias.com\\\/v3\\\/el-gobierno-nacional-designo-a-un-vendedor-de-pollos-al-frente-del-pami-en-san-vicente\\\/#article\",\"isPartOf\":{\"@id\":\"https:\\\/\\\/cvinoticias.com\\\/v3\\\/el-gobierno-nacional-designo-a-un-vendedor-de-pollos-al-frente-del-pami-en-san-vicente\\\/\"},\"author\":{\"name\":\"f1000024\",\"@id\":\"https:\\\/\\\/cvinoticias.com\\\/v3\\\/#\\\/schema\\\/person\\\/2db77e3c6bc03c538495d7b2b8be9b66\"},\"headline\":\"El Gobierno nacional design\u00f3 a un vendedor de pollos al frente del PAMI en San Vicente\",\"datePublished\":\"2025-08-07T11:40:09+00:00\",\"dateModified\":\"2025-08-07T11:40:10+00:00\",\"mainEntityOfPage\":{\"@id\":\"https:\\\/\\\/cvinoticias.com\\\/v3\\\/el-gobierno-nacional-designo-a-un-vendedor-de-pollos-al-frente-del-pami-en-san-vicente\\\/\"},\"wordCount\":570,\"commentCount\":0,\"publisher\":{\"@id\":\"https:\\\/\\\/cvinoticias.com\\\/v3\\\/#organization\"},\"image\":{\"@id\":\"https:\\\/\\\/cvinoticias.com\\\/v3\\\/el-gobierno-nacional-designo-a-un-vendedor-de-pollos-al-frente-del-pami-en-san-vicente\\\/#primaryimage\"},\"thumbnailUrl\":\"https:\\\/\\\/cvinoticias.com\\\/wp-content\\\/uploads\\\/2025\\\/08\\\/pollero.jpeg\",\"keywords\":[\"PAMI\",\"pollos\",\"San Vicente\",\"vendedor\"],\"articleSection\":[\"Misiones\"],\"inLanguage\":\"es\",\"potentialAction\":[{\"@type\":\"CommentAction\",\"name\":\"Comment\",\"target\":[\"https:\\\/\\\/cvinoticias.com\\\/v3\\\/el-gobierno-nacional-designo-a-un-vendedor-de-pollos-al-frente-del-pami-en-san-vicente\\\/#respond\"]}]},{\"@type\":\"WebPage\",\"@id\":\"https:\\\/\\\/cvinoticias.com\\\/v3\\\/el-gobierno-nacional-designo-a-un-vendedor-de-pollos-al-frente-del-pami-en-san-vicente\\\/\",\"url\":\"https:\\\/\\\/cvinoticias.com\\\/v3\\\/el-gobierno-nacional-designo-a-un-vendedor-de-pollos-al-frente-del-pami-en-san-vicente\\\/\",\"name\":\"Designan al due\u00f1o de una poller\u00eda al frente del PAMI | CVI NOTICIAS\",\"isPartOf\":{\"@id\":\"https:\\\/\\\/cvinoticias.com\\\/v3\\\/#website\"},\"primaryImageOfPage\":{\"@id\":\"https:\\\/\\\/cvinoticias.com\\\/v3\\\/el-gobierno-nacional-designo-a-un-vendedor-de-pollos-al-frente-del-pami-en-san-vicente\\\/#primaryimage\"},\"image\":{\"@id\":\"https:\\\/\\\/cvinoticias.com\\\/v3\\\/el-gobierno-nacional-designo-a-un-vendedor-de-pollos-al-frente-del-pami-en-san-vicente\\\/#primaryimage\"},\"thumbnailUrl\":\"https:\\\/\\\/cvinoticias.com\\\/wp-content\\\/uploads\\\/2025\\\/08\\\/pollero.jpeg\",\"datePublished\":\"2025-08-07T11:40:09+00:00\",\"dateModified\":\"2025-08-07T11:40:10+00:00\",\"description\":\"Nombran al due\u00f1o de una poller\u00eda al frente del PAMI en San Vicente y crece la pol\u00e9mica por falta de experiencia.\",\"breadcrumb\":{\"@id\":\"https:\\\/\\\/cvinoticias.com\\\/v3\\\/el-gobierno-nacional-designo-a-un-vendedor-de-pollos-al-frente-del-pami-en-san-vicente\\\/#breadcrumb\"},\"inLanguage\":\"es\",\"potentialAction\":[{\"@type\":\"ReadAction\",\"target\":[\"https:\\\/\\\/cvinoticias.com\\\/v3\\\/el-gobierno-nacional-designo-a-un-vendedor-de-pollos-al-frente-del-pami-en-san-vicente\\\/\"]}]},{\"@type\":\"ImageObject\",\"inLanguage\":\"es\",\"@id\":\"https:\\\/\\\/cvinoticias.com\\\/v3\\\/el-gobierno-nacional-designo-a-un-vendedor-de-pollos-al-frente-del-pami-en-san-vicente\\\/#primaryimage\",\"url\":\"https:\\\/\\\/cvinoticias.com\\\/wp-content\\\/uploads\\\/2025\\\/08\\\/pollero.jpeg\",\"contentUrl\":\"https:\\\/\\\/cvinoticias.com\\\/wp-content\\\/uploads\\\/2025\\\/08\\\/pollero.jpeg\",\"width\":540,\"height\":540},{\"@type\":\"BreadcrumbList\",\"@id\":\"https:\\\/\\\/cvinoticias.com\\\/v3\\\/el-gobierno-nacional-designo-a-un-vendedor-de-pollos-al-frente-del-pami-en-san-vicente\\\/#breadcrumb\",\"itemListElement\":[{\"@type\":\"ListItem\",\"position\":1,\"name\":\"Portada\",\"item\":\"https:\\\/\\\/cvinoticias.com\\\/v3\\\/\"},{\"@type\":\"ListItem\",\"position\":2,\"name\":\"El Gobierno nacional design\u00f3 a un vendedor de pollos al frente del PAMI en San Vicente\"}]},{\"@type\":\"WebSite\",\"@id\":\"https:\\\/\\\/cvinoticias.com\\\/v3\\\/#website\",\"url\":\"https:\\\/\\\/cvinoticias.com\\\/v3\\\/\",\"name\":\"CVI NOTICIAS\",\"description\":\"\",\"publisher\":{\"@id\":\"https:\\\/\\\/cvinoticias.com\\\/v3\\\/#organization\"},\"alternateName\":\"CVI\",\"potentialAction\":[{\"@type\":\"SearchAction\",\"target\":{\"@type\":\"EntryPoint\",\"urlTemplate\":\"https:\\\/\\\/cvinoticias.com\\\/v3\\\/?s={search_term_string}\"},\"query-input\":{\"@type\":\"PropertyValueSpecification\",\"valueRequired\":true,\"valueName\":\"search_term_string\"}}],\"inLanguage\":\"es\"},{\"@type\":\"Organization\",\"@id\":\"https:\\\/\\\/cvinoticias.com\\\/v3\\\/#organization\",\"name\":\"CVI NOTICIAS\",\"url\":\"https:\\\/\\\/cvinoticias.com\\\/v3\\\/\",\"logo\":{\"@type\":\"ImageObject\",\"inLanguage\":\"es\",\"@id\":\"https:\\\/\\\/cvinoticias.com\\\/v3\\\/#\\\/schema\\\/logo\\\/image\\\/\",\"url\":\"https:\\\/\\\/cvinoticias.com\\\/wp-content\\\/uploads\\\/2023\\\/04\\\/cropped-cropped-cropped-cropped-cropped-3-1.png\",\"contentUrl\":\"https:\\\/\\\/cvinoticias.com\\\/wp-content\\\/uploads\\\/2023\\\/04\\\/cropped-cropped-cropped-cropped-cropped-3-1.png\",\"width\":95,\"height\":122,\"caption\":\"CVI NOTICIAS\"},\"image\":{\"@id\":\"https:\\\/\\\/cvinoticias.com\\\/v3\\\/#\\\/schema\\\/logo\\\/image\\\/\"},\"sameAs\":[\"https:\\\/\\\/www.facebook.com\\\/cvinoticias\",\"https:\\\/\\\/www.instagram.com\\\/cvinoticias\\\/\",\"https:\\\/\\\/www.youtube.com\\\/@CVINOTICIAS\"]},{\"@type\":\"Person\",\"@id\":\"https:\\\/\\\/cvinoticias.com\\\/v3\\\/#\\\/schema\\\/person\\\/2db77e3c6bc03c538495d7b2b8be9b66\",\"name\":\"f1000024\",\"image\":{\"@type\":\"ImageObject\",\"inLanguage\":\"es\",\"@id\":\"https:\\\/\\\/secure.gravatar.com\\\/avatar\\\/d4fe7459cfc51ff5129ce1a732bbef5928568b8092d412ef95611616376bbeed?s=96&d=mm&r=g\",\"url\":\"https:\\\/\\\/secure.gravatar.com\\\/avatar\\\/d4fe7459cfc51ff5129ce1a732bbef5928568b8092d412ef95611616376bbeed?s=96&d=mm&r=g\",\"contentUrl\":\"https:\\\/\\\/secure.gravatar.com\\\/avatar\\\/d4fe7459cfc51ff5129ce1a732bbef5928568b8092d412ef95611616376bbeed?s=96&d=mm&r=g\",\"caption\":\"f1000024\"},\"url\":\"https:\\\/\\\/cvinoticias.com\\\/v3\\\/author\\\/f1000024\\\/\"}]}<\/script>\n<!-- \/ Yoast SEO plugin. -->","yoast_head_json":{"title":"Designan al due\u00f1o de una poller\u00eda al frente del PAMI | CVI NOTICIAS","description":"Nombran al due\u00f1o de una poller\u00eda al frente del PAMI en San Vicente y crece la pol\u00e9mica por falta de experiencia.","robots":{"index":"index","follow":"follow","max-snippet":"max-snippet:-1","max-image-preview":"max-image-preview:large","max-video-preview":"max-video-preview:-1"},"canonical":"https:\/\/cvinoticias.com\/v3\/el-gobierno-nacional-designo-a-un-vendedor-de-pollos-al-frente-del-pami-en-san-vicente\/","og_locale":"es_ES","og_type":"article","og_title":"Designan al due\u00f1o de una poller\u00eda al frente del PAMI | CVI NOTICIAS","og_description":"Nombran al due\u00f1o de una poller\u00eda al frente del PAMI en San Vicente y crece la pol\u00e9mica por falta de experiencia.","og_url":"https:\/\/cvinoticias.com\/v3\/el-gobierno-nacional-designo-a-un-vendedor-de-pollos-al-frente-del-pami-en-san-vicente\/","og_site_name":"CVI NOTICIAS","article_publisher":"https:\/\/www.facebook.com\/cvinoticias","article_published_time":"2025-08-07T11:40:09+00:00","article_modified_time":"2025-08-07T11:40:10+00:00","og_image":[{"width":540,"height":540,"url":"https:\/\/cvinoticias.com\/wp-content\/uploads\/2025\/08\/pollero.jpeg","type":"image\/jpeg"}],"author":"f1000024","twitter_card":"summary_large_image","twitter_misc":{"Escrito por":"f1000024","Tiempo de lectura":"3 minutos"},"schema":{"@context":"https:\/\/schema.org","@graph":[{"@type":"Article","@id":"https:\/\/cvinoticias.com\/v3\/el-gobierno-nacional-designo-a-un-vendedor-de-pollos-al-frente-del-pami-en-san-vicente\/#article","isPartOf":{"@id":"https:\/\/cvinoticias.com\/v3\/el-gobierno-nacional-designo-a-un-vendedor-de-pollos-al-frente-del-pami-en-san-vicente\/"},"author":{"name":"f1000024","@id":"https:\/\/cvinoticias.com\/v3\/#\/schema\/person\/2db77e3c6bc03c538495d7b2b8be9b66"},"headline":"El Gobierno nacional design\u00f3 a un vendedor de pollos al frente del PAMI en San Vicente","datePublished":"2025-08-07T11:40:09+00:00","dateModified":"2025-08-07T11:40:10+00:00","mainEntityOfPage":{"@id":"https:\/\/cvinoticias.com\/v3\/el-gobierno-nacional-designo-a-un-vendedor-de-pollos-al-frente-del-pami-en-san-vicente\/"},"wordCount":570,"commentCount":0,"publisher":{"@id":"https:\/\/cvinoticias.com\/v3\/#organization"},"image":{"@id":"https:\/\/cvinoticias.com\/v3\/el-gobierno-nacional-designo-a-un-vendedor-de-pollos-al-frente-del-pami-en-san-vicente\/#primaryimage"},"thumbnailUrl":"https:\/\/cvinoticias.com\/wp-content\/uploads\/2025\/08\/pollero.jpeg","keywords":["PAMI","pollos","San Vicente","vendedor"],"articleSection":["Misiones"],"inLanguage":"es","potentialAction":[{"@type":"CommentAction","name":"Comment","target":["https:\/\/cvinoticias.com\/v3\/el-gobierno-nacional-designo-a-un-vendedor-de-pollos-al-frente-del-pami-en-san-vicente\/#respond"]}]},{"@type":"WebPage","@id":"https:\/\/cvinoticias.com\/v3\/el-gobierno-nacional-designo-a-un-vendedor-de-pollos-al-frente-del-pami-en-san-vicente\/","url":"https:\/\/cvinoticias.com\/v3\/el-gobierno-nacional-designo-a-un-vendedor-de-pollos-al-frente-del-pami-en-san-vicente\/","name":"Designan al due\u00f1o de una poller\u00eda al frente del PAMI | CVI NOTICIAS","isPartOf":{"@id":"https:\/\/cvinoticias.com\/v3\/#website"},"primaryImageOfPage":{"@id":"https:\/\/cvinoticias.com\/v3\/el-gobierno-nacional-designo-a-un-vendedor-de-pollos-al-frente-del-pami-en-san-vicente\/#primaryimage"},"image":{"@id":"https:\/\/cvinoticias.com\/v3\/el-gobierno-nacional-designo-a-un-vendedor-de-pollos-al-frente-del-pami-en-san-vicente\/#primaryimage"},"thumbnailUrl":"https:\/\/cvinoticias.com\/wp-content\/uploads\/2025\/08\/pollero.jpeg","datePublished":"2025-08-07T11:40:09+00:00","dateModified":"2025-08-07T11:40:10+00:00","description":"Nombran al due\u00f1o de una poller\u00eda al frente del PAMI en San Vicente y crece la pol\u00e9mica por falta de experiencia.","breadcrumb":{"@id":"https:\/\/cvinoticias.com\/v3\/el-gobierno-nacional-designo-a-un-vendedor-de-pollos-al-frente-del-pami-en-san-vicente\/#breadcrumb"},"inLanguage":"es","potentialAction":[{"@type":"ReadAction","target":["https:\/\/cvinoticias.com\/v3\/el-gobierno-nacional-designo-a-un-vendedor-de-pollos-al-frente-del-pami-en-san-vicente\/"]}]},{"@type":"ImageObject","inLanguage":"es","@id":"https:\/\/cvinoticias.com\/v3\/el-gobierno-nacional-designo-a-un-vendedor-de-pollos-al-frente-del-pami-en-san-vicente\/#primaryimage","url":"https:\/\/cvinoticias.com\/wp-content\/uploads\/2025\/08\/pollero.jpeg","contentUrl":"https:\/\/cvinoticias.com\/wp-content\/uploads\/2025\/08\/pollero.jpeg","width":540,"height":540},{"@type":"BreadcrumbList","@id":"https:\/\/cvinoticias.com\/v3\/el-gobierno-nacional-designo-a-un-vendedor-de-pollos-al-frente-del-pami-en-san-vicente\/#breadcrumb","itemListElement":[{"@type":"ListItem","position":1,"name":"Portada","item":"https:\/\/cvinoticias.com\/v3\/"},{"@type":"ListItem","position":2,"name":"El Gobierno nacional design\u00f3 a un vendedor de pollos al frente del PAMI en San Vicente"}]},{"@type":"WebSite","@id":"https:\/\/cvinoticias.com\/v3\/#website","url":"https:\/\/cvinoticias.com\/v3\/","name":"CVI NOTICIAS","description":"","publisher":{"@id":"https:\/\/cvinoticias.com\/v3\/#organization"},"alternateName":"CVI","potentialAction":[{"@type":"SearchAction","target":{"@type":"EntryPoint","urlTemplate":"https:\/\/cvinoticias.com\/v3\/?s={search_term_string}"},"query-input":{"@type":"PropertyValueSpecification","valueRequired":true,"valueName":"search_term_string"}}],"inLanguage":"es"},{"@type":"Organization","@id":"https:\/\/cvinoticias.com\/v3\/#organization","name":"CVI NOTICIAS","url":"https:\/\/cvinoticias.com\/v3\/","logo":{"@type":"ImageObject","inLanguage":"es","@id":"https:\/\/cvinoticias.com\/v3\/#\/schema\/logo\/image\/","url":"https:\/\/cvinoticias.com\/wp-content\/uploads\/2023\/04\/cropped-cropped-cropped-cropped-cropped-3-1.png","contentUrl":"https:\/\/cvinoticias.com\/wp-content\/uploads\/2023\/04\/cropped-cropped-cropped-cropped-cropped-3-1.png","width":95,"height":122,"caption":"CVI NOTICIAS"},"image":{"@id":"https:\/\/cvinoticias.com\/v3\/#\/schema\/logo\/image\/"},"sameAs":["https:\/\/www.facebook.com\/cvinoticias","https:\/\/www.instagram.com\/cvinoticias\/","https:\/\/www.youtube.com\/@CVINOTICIAS"]},{"@type":"Person","@id":"https:\/\/cvinoticias.com\/v3\/#\/schema\/person\/2db77e3c6bc03c538495d7b2b8be9b66","name":"f1000024","image":{"@type":"ImageObject","inLanguage":"es","@id":"https:\/\/secure.gravatar.com\/avatar\/d4fe7459cfc51ff5129ce1a732bbef5928568b8092d412ef95611616376bbeed?s=96&d=mm&r=g","url":"https:\/\/secure.gravatar.com\/avatar\/d4fe7459cfc51ff5129ce1a732bbef5928568b8092d412ef95611616376bbeed?s=96&d=mm&r=g","contentUrl":"https:\/\/secure.gravatar.com\/avatar\/d4fe7459cfc51ff5129ce1a732bbef5928568b8092d412ef95611616376bbeed?s=96&d=mm&r=g","caption":"f1000024"},"url":"https:\/\/cvinoticias.com\/v3\/author\/f1000024\/"}]}},"_links":{"self":[{"href":"https:\/\/cvinoticias.com\/v3\/wp-json\/wp\/v2\/posts\/47257","targetHints":{"allow":["GET"]}}],"collection":[{"href":"https:\/\/cvinoticias.com\/v3\/wp-json\/wp\/v2\/posts"}],"about":[{"href":"https:\/\/cvinoticias.com\/v3\/wp-json\/wp\/v2\/types\/post"}],"author":[{"embeddable":true,"href":"https:\/\/cvinoticias.com\/v3\/wp-json\/wp\/v2\/users\/2"}],"replies":[{"embeddable":true,"href":"https:\/\/cvinoticias.com\/v3\/wp-json\/wp\/v2\/comments?post=47257"}],"version-history":[{"count":1,"href":"https:\/\/cvinoticias.com\/v3\/wp-json\/wp\/v2\/posts\/47257\/revisions"}],"predecessor-version":[{"id":47259,"href":"https:\/\/cvinoticias.com\/v3\/wp-json\/wp\/v2\/posts\/47257\/revisions\/47259"}],"wp:featuredmedia":[{"embeddable":true,"href":"https:\/\/cvinoticias.com\/v3\/wp-json\/wp\/v2\/media\/47258"}],"wp:attachment":[{"href":"https:\/\/cvinoticias.com\/v3\/wp-json\/wp\/v2\/media?parent=47257"}],"wp:term":[{"taxonomy":"category","embeddable":true,"href":"https:\/\/cvinoticias.com\/v3\/wp-json\/wp\/v2\/categories?post=47257"},{"taxonomy":"post_tag","embeddable":true,"href":"https:\/\/cvinoticias.com\/v3\/wp-json\/wp\/v2\/tags?post=47257"}],"curies":[{"name":"wp","href":"https:\/\/api.w.org\/{rel}","templated":true}]}}