{"id":4709,"date":"2021-04-30T02:37:52","date_gmt":"2021-04-30T02:37:52","guid":{"rendered":"https:\/\/cvinoticias.com\/v3\/?p=4709"},"modified":"2021-04-30T02:44:12","modified_gmt":"2021-04-30T02:44:12","slug":"iguazu-la-municipalidad-recuerda-que-el-viernes-1-de-mayo-no-habra-recoleccion-de-residuos","status":"publish","type":"post","link":"https:\/\/cvinoticias.com\/v3\/iguazu-la-municipalidad-recuerda-que-el-viernes-1-de-mayo-no-habra-recoleccion-de-residuos\/","title":{"rendered":"Iguaz\u00fa: La Municipalidad recuerda que el s\u00e1bado 1 de Mayo no habr\u00e1 recolecci\u00f3n de residuos"},"content":{"rendered":"\n<p><strong><em>El \u00e1rea de Servicios P\u00fablicos de la Municipalidad de Puerto Iguaz\u00fa informa que este s\u00e1bado 1\u00b0 de mayo, debido al feriado nacional con motivo de conmemorarse el D\u00eda Internacional de los Trabajadores, el servicio de recolecci\u00f3n de residuos domiciliarios no se llevar\u00e1 a cabo como as\u00ed tampoco la limpieza en las calles.<\/em><\/strong><\/p>\n\n\n\n<p>Por lo que se solicita la colaboraci\u00f3n de los vecinos y comerciantes en no sacar la basura a la v\u00eda p\u00fablica durante ese d\u00eda, para as\u00ed mantener entre todos una ciudad limpia y evitar que los contenedores rebosen.<\/p>\n","protected":false},"excerpt":{"rendered":"<p>El \u00e1rea de Servicios P\u00fablicos de la Municipalidad de Puerto Iguaz\u00fa informa que este s\u00e1bado 1\u00b0 de mayo, debido al feriado nacional con motivo de conmemorarse el D\u00eda Internacional de los Trabajadores, el servicio de recolecci\u00f3n de residuos domiciliarios no se llevar\u00e1 a cabo como as\u00ed tampoco la limpieza en las calles. Por lo que [&hellip;]<\/p>\n","protected":false},"author":2,"featured_media":4710,"comment_status":"open","ping_status":"open","sticky":false,"template":"","format":"standard","meta":{"footnotes":""},"categories":[29],"tags":[],"class_list":["post-4709","post","type-post","status-publish","format-standard","has-post-thumbnail","hentry","category-locales"],"yoast_head":"<!-- This site is optimized with the Yoast SEO plugin v27.5 - https:\/\/yoast.com\/product\/yoast-seo-wordpress\/ -->\n<title>Iguaz\u00fa: La Municipalidad recuerda que el s\u00e1bado 1 de Mayo no habr\u00e1 recolecci\u00f3n de residuos | CVI NOTICIAS<\/title>\n<meta name=\"robots\" content=\"index, follow, max-snippet:-1, max-image-preview:large, max-video-preview:-1\" \/>\n<link rel=\"canonical\" href=\"https:\/\/cvinoticias.com\/v3\/iguazu-la-municipalidad-recuerda-que-el-viernes-1-de-mayo-no-habra-recoleccion-de-residuos\/\" \/>\n<meta property=\"og:locale\" content=\"es_ES\" \/>\n<meta property=\"og:type\" content=\"article\" \/>\n<meta property=\"og:title\" content=\"Iguaz\u00fa: La Municipalidad recuerda que el s\u00e1bado 1 de Mayo no habr\u00e1 recolecci\u00f3n de residuos | CVI NOTICIAS\" \/>\n<meta property=\"og:description\" content=\"El \u00e1rea de Servicios P\u00fablicos de la Municipalidad de Puerto Iguaz\u00fa informa que este s\u00e1bado 1\u00b0 de mayo, debido al feriado nacional con motivo de conmemorarse el D\u00eda Internacional de los Trabajadores, el servicio de recolecci\u00f3n de residuos domiciliarios no se llevar\u00e1 a cabo como as\u00ed tampoco la limpieza en las calles. Por lo que [&hellip;]\" \/>\n<meta property=\"og:url\" content=\"https:\/\/cvinoticias.com\/v3\/iguazu-la-municipalidad-recuerda-que-el-viernes-1-de-mayo-no-habra-recoleccion-de-residuos\/\" \/>\n<meta property=\"og:site_name\" content=\"CVI NOTICIAS\" \/>\n<meta property=\"article:publisher\" content=\"https:\/\/www.facebook.com\/cvinoticias\" \/>\n<meta property=\"article:published_time\" content=\"2021-04-30T02:37:52+00:00\" \/>\n<meta property=\"article:modified_time\" content=\"2021-04-30T02:44:12+00:00\" \/>\n<meta property=\"og:image\" content=\"https:\/\/cvinoticias.com\/wp-content\/uploads\/2021\/04\/o_1533116404-1024x683-1.jpg\" \/>\n\t<meta property=\"og:image:width\" content=\"1024\" \/>\n\t<meta property=\"og:image:height\" content=\"683\" \/>\n\t<meta property=\"og:image:type\" content=\"image\/jpeg\" \/>\n<meta name=\"author\" content=\"f1000024\" \/>\n<meta name=\"twitter:card\" content=\"summary_large_image\" \/>\n<meta name=\"twitter:label1\" content=\"Escrito por\" \/>\n\t<meta name=\"twitter:data1\" content=\"f1000024\" \/>\n<script type=\"application\/ld+json\" class=\"yoast-schema-graph\">{\"@context\":\"https:\\\/\\\/schema.org\",\"@graph\":[{\"@type\":\"Article\",\"@id\":\"https:\\\/\\\/cvinoticias.com\\\/v3\\\/iguazu-la-municipalidad-recuerda-que-el-viernes-1-de-mayo-no-habra-recoleccion-de-residuos\\\/#article\",\"isPartOf\":{\"@id\":\"https:\\\/\\\/cvinoticias.com\\\/v3\\\/iguazu-la-municipalidad-recuerda-que-el-viernes-1-de-mayo-no-habra-recoleccion-de-residuos\\\/\"},\"author\":{\"name\":\"f1000024\",\"@id\":\"https:\\\/\\\/cvinoticias.com\\\/v3\\\/#\\\/schema\\\/person\\\/2db77e3c6bc03c538495d7b2b8be9b66\"},\"headline\":\"Iguaz\u00fa: La Municipalidad recuerda que el s\u00e1bado 1 de Mayo no habr\u00e1 recolecci\u00f3n de residuos\",\"datePublished\":\"2021-04-30T02:37:52+00:00\",\"dateModified\":\"2021-04-30T02:44:12+00:00\",\"mainEntityOfPage\":{\"@id\":\"https:\\\/\\\/cvinoticias.com\\\/v3\\\/iguazu-la-municipalidad-recuerda-que-el-viernes-1-de-mayo-no-habra-recoleccion-de-residuos\\\/\"},\"wordCount\":113,\"commentCount\":0,\"publisher\":{\"@id\":\"https:\\\/\\\/cvinoticias.com\\\/v3\\\/#organization\"},\"image\":{\"@id\":\"https:\\\/\\\/cvinoticias.com\\\/v3\\\/iguazu-la-municipalidad-recuerda-que-el-viernes-1-de-mayo-no-habra-recoleccion-de-residuos\\\/#primaryimage\"},\"thumbnailUrl\":\"https:\\\/\\\/cvinoticias.com\\\/wp-content\\\/uploads\\\/2021\\\/04\\\/o_1533116404-1024x683-1.jpg\",\"articleSection\":[\"Locales\"],\"inLanguage\":\"es\",\"potentialAction\":[{\"@type\":\"CommentAction\",\"name\":\"Comment\",\"target\":[\"https:\\\/\\\/cvinoticias.com\\\/v3\\\/iguazu-la-municipalidad-recuerda-que-el-viernes-1-de-mayo-no-habra-recoleccion-de-residuos\\\/#respond\"]}]},{\"@type\":\"WebPage\",\"@id\":\"https:\\\/\\\/cvinoticias.com\\\/v3\\\/iguazu-la-municipalidad-recuerda-que-el-viernes-1-de-mayo-no-habra-recoleccion-de-residuos\\\/\",\"url\":\"https:\\\/\\\/cvinoticias.com\\\/v3\\\/iguazu-la-municipalidad-recuerda-que-el-viernes-1-de-mayo-no-habra-recoleccion-de-residuos\\\/\",\"name\":\"Iguaz\u00fa: La Municipalidad recuerda que el s\u00e1bado 1 de Mayo no habr\u00e1 recolecci\u00f3n de residuos | CVI NOTICIAS\",\"isPartOf\":{\"@id\":\"https:\\\/\\\/cvinoticias.com\\\/v3\\\/#website\"},\"primaryImageOfPage\":{\"@id\":\"https:\\\/\\\/cvinoticias.com\\\/v3\\\/iguazu-la-municipalidad-recuerda-que-el-viernes-1-de-mayo-no-habra-recoleccion-de-residuos\\\/#primaryimage\"},\"image\":{\"@id\":\"https:\\\/\\\/cvinoticias.com\\\/v3\\\/iguazu-la-municipalidad-recuerda-que-el-viernes-1-de-mayo-no-habra-recoleccion-de-residuos\\\/#primaryimage\"},\"thumbnailUrl\":\"https:\\\/\\\/cvinoticias.com\\\/wp-content\\\/uploads\\\/2021\\\/04\\\/o_1533116404-1024x683-1.jpg\",\"datePublished\":\"2021-04-30T02:37:52+00:00\",\"dateModified\":\"2021-04-30T02:44:12+00:00\",\"breadcrumb\":{\"@id\":\"https:\\\/\\\/cvinoticias.com\\\/v3\\\/iguazu-la-municipalidad-recuerda-que-el-viernes-1-de-mayo-no-habra-recoleccion-de-residuos\\\/#breadcrumb\"},\"inLanguage\":\"es\",\"potentialAction\":[{\"@type\":\"ReadAction\",\"target\":[\"https:\\\/\\\/cvinoticias.com\\\/v3\\\/iguazu-la-municipalidad-recuerda-que-el-viernes-1-de-mayo-no-habra-recoleccion-de-residuos\\\/\"]}]},{\"@type\":\"ImageObject\",\"inLanguage\":\"es\",\"@id\":\"https:\\\/\\\/cvinoticias.com\\\/v3\\\/iguazu-la-municipalidad-recuerda-que-el-viernes-1-de-mayo-no-habra-recoleccion-de-residuos\\\/#primaryimage\",\"url\":\"https:\\\/\\\/cvinoticias.com\\\/wp-content\\\/uploads\\\/2021\\\/04\\\/o_1533116404-1024x683-1.jpg\",\"contentUrl\":\"https:\\\/\\\/cvinoticias.com\\\/wp-content\\\/uploads\\\/2021\\\/04\\\/o_1533116404-1024x683-1.jpg\",\"width\":1024,\"height\":683},{\"@type\":\"BreadcrumbList\",\"@id\":\"https:\\\/\\\/cvinoticias.com\\\/v3\\\/iguazu-la-municipalidad-recuerda-que-el-viernes-1-de-mayo-no-habra-recoleccion-de-residuos\\\/#breadcrumb\",\"itemListElement\":[{\"@type\":\"ListItem\",\"position\":1,\"name\":\"Portada\",\"item\":\"https:\\\/\\\/cvinoticias.com\\\/v3\\\/\"},{\"@type\":\"ListItem\",\"position\":2,\"name\":\"Iguaz\u00fa: La Municipalidad recuerda que el s\u00e1bado 1 de Mayo no habr\u00e1 recolecci\u00f3n de residuos\"}]},{\"@type\":\"WebSite\",\"@id\":\"https:\\\/\\\/cvinoticias.com\\\/v3\\\/#website\",\"url\":\"https:\\\/\\\/cvinoticias.com\\\/v3\\\/\",\"name\":\"CVI NOTICIAS\",\"description\":\"\",\"publisher\":{\"@id\":\"https:\\\/\\\/cvinoticias.com\\\/v3\\\/#organization\"},\"alternateName\":\"CVI\",\"potentialAction\":[{\"@type\":\"SearchAction\",\"target\":{\"@type\":\"EntryPoint\",\"urlTemplate\":\"https:\\\/\\\/cvinoticias.com\\\/v3\\\/?s={search_term_string}\"},\"query-input\":{\"@type\":\"PropertyValueSpecification\",\"valueRequired\":true,\"valueName\":\"search_term_string\"}}],\"inLanguage\":\"es\"},{\"@type\":\"Organization\",\"@id\":\"https:\\\/\\\/cvinoticias.com\\\/v3\\\/#organization\",\"name\":\"CVI NOTICIAS\",\"url\":\"https:\\\/\\\/cvinoticias.com\\\/v3\\\/\",\"logo\":{\"@type\":\"ImageObject\",\"inLanguage\":\"es\",\"@id\":\"https:\\\/\\\/cvinoticias.com\\\/v3\\\/#\\\/schema\\\/logo\\\/image\\\/\",\"url\":\"https:\\\/\\\/cvinoticias.com\\\/wp-content\\\/uploads\\\/2023\\\/04\\\/cropped-cropped-cropped-cropped-cropped-3-1.png\",\"contentUrl\":\"https:\\\/\\\/cvinoticias.com\\\/wp-content\\\/uploads\\\/2023\\\/04\\\/cropped-cropped-cropped-cropped-cropped-3-1.png\",\"width\":95,\"height\":122,\"caption\":\"CVI NOTICIAS\"},\"image\":{\"@id\":\"https:\\\/\\\/cvinoticias.com\\\/v3\\\/#\\\/schema\\\/logo\\\/image\\\/\"},\"sameAs\":[\"https:\\\/\\\/www.facebook.com\\\/cvinoticias\",\"https:\\\/\\\/www.instagram.com\\\/cvinoticias\\\/\",\"https:\\\/\\\/www.youtube.com\\\/@CVINOTICIAS\"]},{\"@type\":\"Person\",\"@id\":\"https:\\\/\\\/cvinoticias.com\\\/v3\\\/#\\\/schema\\\/person\\\/2db77e3c6bc03c538495d7b2b8be9b66\",\"name\":\"f1000024\",\"image\":{\"@type\":\"ImageObject\",\"inLanguage\":\"es\",\"@id\":\"https:\\\/\\\/secure.gravatar.com\\\/avatar\\\/d4fe7459cfc51ff5129ce1a732bbef5928568b8092d412ef95611616376bbeed?s=96&d=mm&r=g\",\"url\":\"https:\\\/\\\/secure.gravatar.com\\\/avatar\\\/d4fe7459cfc51ff5129ce1a732bbef5928568b8092d412ef95611616376bbeed?s=96&d=mm&r=g\",\"contentUrl\":\"https:\\\/\\\/secure.gravatar.com\\\/avatar\\\/d4fe7459cfc51ff5129ce1a732bbef5928568b8092d412ef95611616376bbeed?s=96&d=mm&r=g\",\"caption\":\"f1000024\"},\"url\":\"https:\\\/\\\/cvinoticias.com\\\/v3\\\/author\\\/f1000024\\\/\"}]}<\/script>\n<!-- \/ Yoast SEO plugin. -->","yoast_head_json":{"title":"Iguaz\u00fa: La Municipalidad recuerda que el s\u00e1bado 1 de Mayo no habr\u00e1 recolecci\u00f3n de residuos | CVI NOTICIAS","robots":{"index":"index","follow":"follow","max-snippet":"max-snippet:-1","max-image-preview":"max-image-preview:large","max-video-preview":"max-video-preview:-1"},"canonical":"https:\/\/cvinoticias.com\/v3\/iguazu-la-municipalidad-recuerda-que-el-viernes-1-de-mayo-no-habra-recoleccion-de-residuos\/","og_locale":"es_ES","og_type":"article","og_title":"Iguaz\u00fa: La Municipalidad recuerda que el s\u00e1bado 1 de Mayo no habr\u00e1 recolecci\u00f3n de residuos | CVI NOTICIAS","og_description":"El \u00e1rea de Servicios P\u00fablicos de la Municipalidad de Puerto Iguaz\u00fa informa que este s\u00e1bado 1\u00b0 de mayo, debido al feriado nacional con motivo de conmemorarse el D\u00eda Internacional de los Trabajadores, el servicio de recolecci\u00f3n de residuos domiciliarios no se llevar\u00e1 a cabo como as\u00ed tampoco la limpieza en las calles. Por lo que [&hellip;]","og_url":"https:\/\/cvinoticias.com\/v3\/iguazu-la-municipalidad-recuerda-que-el-viernes-1-de-mayo-no-habra-recoleccion-de-residuos\/","og_site_name":"CVI NOTICIAS","article_publisher":"https:\/\/www.facebook.com\/cvinoticias","article_published_time":"2021-04-30T02:37:52+00:00","article_modified_time":"2021-04-30T02:44:12+00:00","og_image":[{"width":1024,"height":683,"url":"https:\/\/cvinoticias.com\/wp-content\/uploads\/2021\/04\/o_1533116404-1024x683-1.jpg","type":"image\/jpeg"}],"author":"f1000024","twitter_card":"summary_large_image","twitter_misc":{"Escrito por":"f1000024"},"schema":{"@context":"https:\/\/schema.org","@graph":[{"@type":"Article","@id":"https:\/\/cvinoticias.com\/v3\/iguazu-la-municipalidad-recuerda-que-el-viernes-1-de-mayo-no-habra-recoleccion-de-residuos\/#article","isPartOf":{"@id":"https:\/\/cvinoticias.com\/v3\/iguazu-la-municipalidad-recuerda-que-el-viernes-1-de-mayo-no-habra-recoleccion-de-residuos\/"},"author":{"name":"f1000024","@id":"https:\/\/cvinoticias.com\/v3\/#\/schema\/person\/2db77e3c6bc03c538495d7b2b8be9b66"},"headline":"Iguaz\u00fa: La Municipalidad recuerda que el s\u00e1bado 1 de Mayo no habr\u00e1 recolecci\u00f3n de residuos","datePublished":"2021-04-30T02:37:52+00:00","dateModified":"2021-04-30T02:44:12+00:00","mainEntityOfPage":{"@id":"https:\/\/cvinoticias.com\/v3\/iguazu-la-municipalidad-recuerda-que-el-viernes-1-de-mayo-no-habra-recoleccion-de-residuos\/"},"wordCount":113,"commentCount":0,"publisher":{"@id":"https:\/\/cvinoticias.com\/v3\/#organization"},"image":{"@id":"https:\/\/cvinoticias.com\/v3\/iguazu-la-municipalidad-recuerda-que-el-viernes-1-de-mayo-no-habra-recoleccion-de-residuos\/#primaryimage"},"thumbnailUrl":"https:\/\/cvinoticias.com\/wp-content\/uploads\/2021\/04\/o_1533116404-1024x683-1.jpg","articleSection":["Locales"],"inLanguage":"es","potentialAction":[{"@type":"CommentAction","name":"Comment","target":["https:\/\/cvinoticias.com\/v3\/iguazu-la-municipalidad-recuerda-que-el-viernes-1-de-mayo-no-habra-recoleccion-de-residuos\/#respond"]}]},{"@type":"WebPage","@id":"https:\/\/cvinoticias.com\/v3\/iguazu-la-municipalidad-recuerda-que-el-viernes-1-de-mayo-no-habra-recoleccion-de-residuos\/","url":"https:\/\/cvinoticias.com\/v3\/iguazu-la-municipalidad-recuerda-que-el-viernes-1-de-mayo-no-habra-recoleccion-de-residuos\/","name":"Iguaz\u00fa: La Municipalidad recuerda que el s\u00e1bado 1 de Mayo no habr\u00e1 recolecci\u00f3n de residuos | CVI NOTICIAS","isPartOf":{"@id":"https:\/\/cvinoticias.com\/v3\/#website"},"primaryImageOfPage":{"@id":"https:\/\/cvinoticias.com\/v3\/iguazu-la-municipalidad-recuerda-que-el-viernes-1-de-mayo-no-habra-recoleccion-de-residuos\/#primaryimage"},"image":{"@id":"https:\/\/cvinoticias.com\/v3\/iguazu-la-municipalidad-recuerda-que-el-viernes-1-de-mayo-no-habra-recoleccion-de-residuos\/#primaryimage"},"thumbnailUrl":"https:\/\/cvinoticias.com\/wp-content\/uploads\/2021\/04\/o_1533116404-1024x683-1.jpg","datePublished":"2021-04-30T02:37:52+00:00","dateModified":"2021-04-30T02:44:12+00:00","breadcrumb":{"@id":"https:\/\/cvinoticias.com\/v3\/iguazu-la-municipalidad-recuerda-que-el-viernes-1-de-mayo-no-habra-recoleccion-de-residuos\/#breadcrumb"},"inLanguage":"es","potentialAction":[{"@type":"ReadAction","target":["https:\/\/cvinoticias.com\/v3\/iguazu-la-municipalidad-recuerda-que-el-viernes-1-de-mayo-no-habra-recoleccion-de-residuos\/"]}]},{"@type":"ImageObject","inLanguage":"es","@id":"https:\/\/cvinoticias.com\/v3\/iguazu-la-municipalidad-recuerda-que-el-viernes-1-de-mayo-no-habra-recoleccion-de-residuos\/#primaryimage","url":"https:\/\/cvinoticias.com\/wp-content\/uploads\/2021\/04\/o_1533116404-1024x683-1.jpg","contentUrl":"https:\/\/cvinoticias.com\/wp-content\/uploads\/2021\/04\/o_1533116404-1024x683-1.jpg","width":1024,"height":683},{"@type":"BreadcrumbList","@id":"https:\/\/cvinoticias.com\/v3\/iguazu-la-municipalidad-recuerda-que-el-viernes-1-de-mayo-no-habra-recoleccion-de-residuos\/#breadcrumb","itemListElement":[{"@type":"ListItem","position":1,"name":"Portada","item":"https:\/\/cvinoticias.com\/v3\/"},{"@type":"ListItem","position":2,"name":"Iguaz\u00fa: La Municipalidad recuerda que el s\u00e1bado 1 de Mayo no habr\u00e1 recolecci\u00f3n de residuos"}]},{"@type":"WebSite","@id":"https:\/\/cvinoticias.com\/v3\/#website","url":"https:\/\/cvinoticias.com\/v3\/","name":"CVI NOTICIAS","description":"","publisher":{"@id":"https:\/\/cvinoticias.com\/v3\/#organization"},"alternateName":"CVI","potentialAction":[{"@type":"SearchAction","target":{"@type":"EntryPoint","urlTemplate":"https:\/\/cvinoticias.com\/v3\/?s={search_term_string}"},"query-input":{"@type":"PropertyValueSpecification","valueRequired":true,"valueName":"search_term_string"}}],"inLanguage":"es"},{"@type":"Organization","@id":"https:\/\/cvinoticias.com\/v3\/#organization","name":"CVI NOTICIAS","url":"https:\/\/cvinoticias.com\/v3\/","logo":{"@type":"ImageObject","inLanguage":"es","@id":"https:\/\/cvinoticias.com\/v3\/#\/schema\/logo\/image\/","url":"https:\/\/cvinoticias.com\/wp-content\/uploads\/2023\/04\/cropped-cropped-cropped-cropped-cropped-3-1.png","contentUrl":"https:\/\/cvinoticias.com\/wp-content\/uploads\/2023\/04\/cropped-cropped-cropped-cropped-cropped-3-1.png","width":95,"height":122,"caption":"CVI NOTICIAS"},"image":{"@id":"https:\/\/cvinoticias.com\/v3\/#\/schema\/logo\/image\/"},"sameAs":["https:\/\/www.facebook.com\/cvinoticias","https:\/\/www.instagram.com\/cvinoticias\/","https:\/\/www.youtube.com\/@CVINOTICIAS"]},{"@type":"Person","@id":"https:\/\/cvinoticias.com\/v3\/#\/schema\/person\/2db77e3c6bc03c538495d7b2b8be9b66","name":"f1000024","image":{"@type":"ImageObject","inLanguage":"es","@id":"https:\/\/secure.gravatar.com\/avatar\/d4fe7459cfc51ff5129ce1a732bbef5928568b8092d412ef95611616376bbeed?s=96&d=mm&r=g","url":"https:\/\/secure.gravatar.com\/avatar\/d4fe7459cfc51ff5129ce1a732bbef5928568b8092d412ef95611616376bbeed?s=96&d=mm&r=g","contentUrl":"https:\/\/secure.gravatar.com\/avatar\/d4fe7459cfc51ff5129ce1a732bbef5928568b8092d412ef95611616376bbeed?s=96&d=mm&r=g","caption":"f1000024"},"url":"https:\/\/cvinoticias.com\/v3\/author\/f1000024\/"}]}},"_links":{"self":[{"href":"https:\/\/cvinoticias.com\/v3\/wp-json\/wp\/v2\/posts\/4709","targetHints":{"allow":["GET"]}}],"collection":[{"href":"https:\/\/cvinoticias.com\/v3\/wp-json\/wp\/v2\/posts"}],"about":[{"href":"https:\/\/cvinoticias.com\/v3\/wp-json\/wp\/v2\/types\/post"}],"author":[{"embeddable":true,"href":"https:\/\/cvinoticias.com\/v3\/wp-json\/wp\/v2\/users\/2"}],"replies":[{"embeddable":true,"href":"https:\/\/cvinoticias.com\/v3\/wp-json\/wp\/v2\/comments?post=4709"}],"version-history":[{"count":3,"href":"https:\/\/cvinoticias.com\/v3\/wp-json\/wp\/v2\/posts\/4709\/revisions"}],"predecessor-version":[{"id":4713,"href":"https:\/\/cvinoticias.com\/v3\/wp-json\/wp\/v2\/posts\/4709\/revisions\/4713"}],"wp:featuredmedia":[{"embeddable":true,"href":"https:\/\/cvinoticias.com\/v3\/wp-json\/wp\/v2\/media\/4710"}],"wp:attachment":[{"href":"https:\/\/cvinoticias.com\/v3\/wp-json\/wp\/v2\/media?parent=4709"}],"wp:term":[{"taxonomy":"category","embeddable":true,"href":"https:\/\/cvinoticias.com\/v3\/wp-json\/wp\/v2\/categories?post=4709"},{"taxonomy":"post_tag","embeddable":true,"href":"https:\/\/cvinoticias.com\/v3\/wp-json\/wp\/v2\/tags?post=4709"}],"curies":[{"name":"wp","href":"https:\/\/api.w.org\/{rel}","templated":true}]}}