{"id":47002,"date":"2025-07-31T09:38:31","date_gmt":"2025-07-31T12:38:31","guid":{"rendered":"https:\/\/cvinoticias.com\/v3\/?p=47002"},"modified":"2025-07-31T09:38:36","modified_gmt":"2025-07-31T12:38:36","slug":"un-hombre-mayor-murio-en-un-incendio-en-un-inquilinato-de-posadas","status":"publish","type":"post","link":"https:\/\/cvinoticias.com\/v3\/un-hombre-mayor-murio-en-un-incendio-en-un-inquilinato-de-posadas\/","title":{"rendered":"Un hombre mayor muri\u00f3 en un incendio en un inquilinato de Posadas"},"content":{"rendered":"\n<p>Un voraz incendio cerca de las 6 de este viernes se cobr\u00f3 la vida de un hombre mayor en un inquilinato en Posadas.<\/p>\n\n\n\n<p>Todav\u00eda se investigan las circunstancias en las que se dispar\u00f3 el fuego, aunque una de las primeras hip\u00f3tesis apunta a que habr\u00eda ocurrido por una falla el\u00e9ctrica, seg\u00fan confiaron voceros de Bomberos de la Polic\u00eda a\u00a0un medio provincial.<\/p>\n\n\n\n<p>Se pudo saber que el fuego comenz\u00f3 en un inmueble sobre calle General Ram\u00edrez, hasta llegar a consumir por completo las habitaciones. Apenas pudieron extinguir las llamas e inspeccionar con seguridad el lugar, agentes confirmaron que en uno de los cuartos yac\u00eda la v\u00edctima ya sin vida. Fue identificado como Sergio Iba\u00f1ez, y se reconstruy\u00f3 que dorm\u00eda cuando el humo y las llamas consumieron el lugar.<\/p>\n\n\n\n<p>Todav\u00eda trabaja all\u00ed la Polic\u00eda Cient\u00edfica y cuarteles de Bomberos de zona Sur y Oeste. En el inquilinato tambi\u00e9n se advirti\u00f3 de grandes cantidades de metales y pl\u00e1sticos, lo que podr\u00eda dar indicio de que la v\u00edctima podr\u00eda dedicarse a la venta de materiales reciclados.<\/p>\n\n\n\n<p>A\u00fan no es precisa la cifra de cu\u00e1ntas personas resultaron heridas.<\/p>\n\n\n\n<p>Fuente: El Territorio<\/p>\n\n\n\n<p><\/p>\n","protected":false},"excerpt":{"rendered":"<p>Un voraz incendio cerca de las 6 de este viernes se cobr\u00f3 la vida de un hombre mayor en un inquilinato en Posadas. Todav\u00eda se investigan las circunstancias en las que se dispar\u00f3 el fuego, aunque una de las primeras hip\u00f3tesis apunta a que habr\u00eda ocurrido por una falla el\u00e9ctrica, seg\u00fan confiaron voceros de Bomberos [&hellip;]<\/p>\n","protected":false},"author":2,"featured_media":47003,"comment_status":"open","ping_status":"open","sticky":false,"template":"","format":"standard","meta":{"footnotes":""},"categories":[41],"tags":[118,3416,405],"class_list":["post-47002","post","type-post","status-publish","format-standard","has-post-thumbnail","hentry","category-policiales","tag-incendio","tag-inquilinato","tag-posadas"],"yoast_head":"<!-- This site is optimized with the Yoast SEO plugin v27.5 - https:\/\/yoast.com\/product\/yoast-seo-wordpress\/ -->\n<title>Muri\u00f3 un hombre en un incendio en un inquilinato de Posadas | CVI NOTICIAS<\/title>\n<meta name=\"description\" content=\"Un hombre mayor muri\u00f3 este viernes en un incendio en un inquilinato de Posadas. Investigan las causas; se sospecha una falla el\u00e9ctrica.\" \/>\n<meta name=\"robots\" content=\"index, follow, max-snippet:-1, max-image-preview:large, max-video-preview:-1\" \/>\n<link rel=\"canonical\" href=\"https:\/\/cvinoticias.com\/v3\/un-hombre-mayor-murio-en-un-incendio-en-un-inquilinato-de-posadas\/\" \/>\n<meta property=\"og:locale\" content=\"es_ES\" \/>\n<meta property=\"og:type\" content=\"article\" \/>\n<meta property=\"og:title\" content=\"Muri\u00f3 un hombre en un incendio en un inquilinato de Posadas | CVI NOTICIAS\" \/>\n<meta property=\"og:description\" content=\"Un hombre mayor muri\u00f3 este viernes en un incendio en un inquilinato de Posadas. Investigan las causas; se sospecha una falla el\u00e9ctrica.\" \/>\n<meta property=\"og:url\" content=\"https:\/\/cvinoticias.com\/v3\/un-hombre-mayor-murio-en-un-incendio-en-un-inquilinato-de-posadas\/\" \/>\n<meta property=\"og:site_name\" content=\"CVI NOTICIAS\" \/>\n<meta property=\"article:publisher\" content=\"https:\/\/www.facebook.com\/cvinoticias\" \/>\n<meta property=\"article:published_time\" content=\"2025-07-31T12:38:31+00:00\" \/>\n<meta property=\"article:modified_time\" content=\"2025-07-31T12:38:36+00:00\" \/>\n<meta property=\"og:image\" content=\"https:\/\/cvinoticias.com\/wp-content\/uploads\/2025\/07\/md-4.webp\" \/>\n\t<meta property=\"og:image:width\" content=\"992\" \/>\n\t<meta property=\"og:image:height\" content=\"728\" \/>\n\t<meta property=\"og:image:type\" content=\"image\/webp\" \/>\n<meta name=\"author\" content=\"f1000024\" \/>\n<meta name=\"twitter:card\" content=\"summary_large_image\" \/>\n<meta name=\"twitter:label1\" content=\"Escrito por\" \/>\n\t<meta name=\"twitter:data1\" content=\"f1000024\" \/>\n\t<meta name=\"twitter:label2\" content=\"Tiempo de lectura\" \/>\n\t<meta name=\"twitter:data2\" content=\"2 minutos\" \/>\n<script type=\"application\/ld+json\" class=\"yoast-schema-graph\">{\"@context\":\"https:\\\/\\\/schema.org\",\"@graph\":[{\"@type\":\"Article\",\"@id\":\"https:\\\/\\\/cvinoticias.com\\\/v3\\\/un-hombre-mayor-murio-en-un-incendio-en-un-inquilinato-de-posadas\\\/#article\",\"isPartOf\":{\"@id\":\"https:\\\/\\\/cvinoticias.com\\\/v3\\\/un-hombre-mayor-murio-en-un-incendio-en-un-inquilinato-de-posadas\\\/\"},\"author\":{\"name\":\"f1000024\",\"@id\":\"https:\\\/\\\/cvinoticias.com\\\/v3\\\/#\\\/schema\\\/person\\\/2db77e3c6bc03c538495d7b2b8be9b66\"},\"headline\":\"Un hombre mayor muri\u00f3 en un incendio en un inquilinato de Posadas\",\"datePublished\":\"2025-07-31T12:38:31+00:00\",\"dateModified\":\"2025-07-31T12:38:36+00:00\",\"mainEntityOfPage\":{\"@id\":\"https:\\\/\\\/cvinoticias.com\\\/v3\\\/un-hombre-mayor-murio-en-un-incendio-en-un-inquilinato-de-posadas\\\/\"},\"wordCount\":219,\"commentCount\":0,\"publisher\":{\"@id\":\"https:\\\/\\\/cvinoticias.com\\\/v3\\\/#organization\"},\"image\":{\"@id\":\"https:\\\/\\\/cvinoticias.com\\\/v3\\\/un-hombre-mayor-murio-en-un-incendio-en-un-inquilinato-de-posadas\\\/#primaryimage\"},\"thumbnailUrl\":\"https:\\\/\\\/cvinoticias.com\\\/wp-content\\\/uploads\\\/2025\\\/07\\\/md-4.webp\",\"keywords\":[\"incendio\",\"inquilinato\",\"Posadas\"],\"articleSection\":[\"Policiales\"],\"inLanguage\":\"es\",\"potentialAction\":[{\"@type\":\"CommentAction\",\"name\":\"Comment\",\"target\":[\"https:\\\/\\\/cvinoticias.com\\\/v3\\\/un-hombre-mayor-murio-en-un-incendio-en-un-inquilinato-de-posadas\\\/#respond\"]}]},{\"@type\":\"WebPage\",\"@id\":\"https:\\\/\\\/cvinoticias.com\\\/v3\\\/un-hombre-mayor-murio-en-un-incendio-en-un-inquilinato-de-posadas\\\/\",\"url\":\"https:\\\/\\\/cvinoticias.com\\\/v3\\\/un-hombre-mayor-murio-en-un-incendio-en-un-inquilinato-de-posadas\\\/\",\"name\":\"Muri\u00f3 un hombre en un incendio en un inquilinato de Posadas | CVI NOTICIAS\",\"isPartOf\":{\"@id\":\"https:\\\/\\\/cvinoticias.com\\\/v3\\\/#website\"},\"primaryImageOfPage\":{\"@id\":\"https:\\\/\\\/cvinoticias.com\\\/v3\\\/un-hombre-mayor-murio-en-un-incendio-en-un-inquilinato-de-posadas\\\/#primaryimage\"},\"image\":{\"@id\":\"https:\\\/\\\/cvinoticias.com\\\/v3\\\/un-hombre-mayor-murio-en-un-incendio-en-un-inquilinato-de-posadas\\\/#primaryimage\"},\"thumbnailUrl\":\"https:\\\/\\\/cvinoticias.com\\\/wp-content\\\/uploads\\\/2025\\\/07\\\/md-4.webp\",\"datePublished\":\"2025-07-31T12:38:31+00:00\",\"dateModified\":\"2025-07-31T12:38:36+00:00\",\"description\":\"Un hombre mayor muri\u00f3 este viernes en un incendio en un inquilinato de Posadas. Investigan las causas; se sospecha una falla el\u00e9ctrica.\",\"breadcrumb\":{\"@id\":\"https:\\\/\\\/cvinoticias.com\\\/v3\\\/un-hombre-mayor-murio-en-un-incendio-en-un-inquilinato-de-posadas\\\/#breadcrumb\"},\"inLanguage\":\"es\",\"potentialAction\":[{\"@type\":\"ReadAction\",\"target\":[\"https:\\\/\\\/cvinoticias.com\\\/v3\\\/un-hombre-mayor-murio-en-un-incendio-en-un-inquilinato-de-posadas\\\/\"]}]},{\"@type\":\"ImageObject\",\"inLanguage\":\"es\",\"@id\":\"https:\\\/\\\/cvinoticias.com\\\/v3\\\/un-hombre-mayor-murio-en-un-incendio-en-un-inquilinato-de-posadas\\\/#primaryimage\",\"url\":\"https:\\\/\\\/cvinoticias.com\\\/wp-content\\\/uploads\\\/2025\\\/07\\\/md-4.webp\",\"contentUrl\":\"https:\\\/\\\/cvinoticias.com\\\/wp-content\\\/uploads\\\/2025\\\/07\\\/md-4.webp\",\"width\":992,\"height\":728},{\"@type\":\"BreadcrumbList\",\"@id\":\"https:\\\/\\\/cvinoticias.com\\\/v3\\\/un-hombre-mayor-murio-en-un-incendio-en-un-inquilinato-de-posadas\\\/#breadcrumb\",\"itemListElement\":[{\"@type\":\"ListItem\",\"position\":1,\"name\":\"Portada\",\"item\":\"https:\\\/\\\/cvinoticias.com\\\/v3\\\/\"},{\"@type\":\"ListItem\",\"position\":2,\"name\":\"Un hombre mayor muri\u00f3 en un incendio en un inquilinato de Posadas\"}]},{\"@type\":\"WebSite\",\"@id\":\"https:\\\/\\\/cvinoticias.com\\\/v3\\\/#website\",\"url\":\"https:\\\/\\\/cvinoticias.com\\\/v3\\\/\",\"name\":\"CVI NOTICIAS\",\"description\":\"\",\"publisher\":{\"@id\":\"https:\\\/\\\/cvinoticias.com\\\/v3\\\/#organization\"},\"alternateName\":\"CVI\",\"potentialAction\":[{\"@type\":\"SearchAction\",\"target\":{\"@type\":\"EntryPoint\",\"urlTemplate\":\"https:\\\/\\\/cvinoticias.com\\\/v3\\\/?s={search_term_string}\"},\"query-input\":{\"@type\":\"PropertyValueSpecification\",\"valueRequired\":true,\"valueName\":\"search_term_string\"}}],\"inLanguage\":\"es\"},{\"@type\":\"Organization\",\"@id\":\"https:\\\/\\\/cvinoticias.com\\\/v3\\\/#organization\",\"name\":\"CVI NOTICIAS\",\"url\":\"https:\\\/\\\/cvinoticias.com\\\/v3\\\/\",\"logo\":{\"@type\":\"ImageObject\",\"inLanguage\":\"es\",\"@id\":\"https:\\\/\\\/cvinoticias.com\\\/v3\\\/#\\\/schema\\\/logo\\\/image\\\/\",\"url\":\"https:\\\/\\\/cvinoticias.com\\\/wp-content\\\/uploads\\\/2023\\\/04\\\/cropped-cropped-cropped-cropped-cropped-3-1.png\",\"contentUrl\":\"https:\\\/\\\/cvinoticias.com\\\/wp-content\\\/uploads\\\/2023\\\/04\\\/cropped-cropped-cropped-cropped-cropped-3-1.png\",\"width\":95,\"height\":122,\"caption\":\"CVI NOTICIAS\"},\"image\":{\"@id\":\"https:\\\/\\\/cvinoticias.com\\\/v3\\\/#\\\/schema\\\/logo\\\/image\\\/\"},\"sameAs\":[\"https:\\\/\\\/www.facebook.com\\\/cvinoticias\",\"https:\\\/\\\/www.instagram.com\\\/cvinoticias\\\/\",\"https:\\\/\\\/www.youtube.com\\\/@CVINOTICIAS\"]},{\"@type\":\"Person\",\"@id\":\"https:\\\/\\\/cvinoticias.com\\\/v3\\\/#\\\/schema\\\/person\\\/2db77e3c6bc03c538495d7b2b8be9b66\",\"name\":\"f1000024\",\"image\":{\"@type\":\"ImageObject\",\"inLanguage\":\"es\",\"@id\":\"https:\\\/\\\/secure.gravatar.com\\\/avatar\\\/d4fe7459cfc51ff5129ce1a732bbef5928568b8092d412ef95611616376bbeed?s=96&d=mm&r=g\",\"url\":\"https:\\\/\\\/secure.gravatar.com\\\/avatar\\\/d4fe7459cfc51ff5129ce1a732bbef5928568b8092d412ef95611616376bbeed?s=96&d=mm&r=g\",\"contentUrl\":\"https:\\\/\\\/secure.gravatar.com\\\/avatar\\\/d4fe7459cfc51ff5129ce1a732bbef5928568b8092d412ef95611616376bbeed?s=96&d=mm&r=g\",\"caption\":\"f1000024\"},\"url\":\"https:\\\/\\\/cvinoticias.com\\\/v3\\\/author\\\/f1000024\\\/\"}]}<\/script>\n<!-- \/ Yoast SEO plugin. -->","yoast_head_json":{"title":"Muri\u00f3 un hombre en un incendio en un inquilinato de Posadas | CVI NOTICIAS","description":"Un hombre mayor muri\u00f3 este viernes en un incendio en un inquilinato de Posadas. Investigan las causas; se sospecha una falla el\u00e9ctrica.","robots":{"index":"index","follow":"follow","max-snippet":"max-snippet:-1","max-image-preview":"max-image-preview:large","max-video-preview":"max-video-preview:-1"},"canonical":"https:\/\/cvinoticias.com\/v3\/un-hombre-mayor-murio-en-un-incendio-en-un-inquilinato-de-posadas\/","og_locale":"es_ES","og_type":"article","og_title":"Muri\u00f3 un hombre en un incendio en un inquilinato de Posadas | CVI NOTICIAS","og_description":"Un hombre mayor muri\u00f3 este viernes en un incendio en un inquilinato de Posadas. Investigan las causas; se sospecha una falla el\u00e9ctrica.","og_url":"https:\/\/cvinoticias.com\/v3\/un-hombre-mayor-murio-en-un-incendio-en-un-inquilinato-de-posadas\/","og_site_name":"CVI NOTICIAS","article_publisher":"https:\/\/www.facebook.com\/cvinoticias","article_published_time":"2025-07-31T12:38:31+00:00","article_modified_time":"2025-07-31T12:38:36+00:00","og_image":[{"width":992,"height":728,"url":"https:\/\/cvinoticias.com\/wp-content\/uploads\/2025\/07\/md-4.webp","type":"image\/webp"}],"author":"f1000024","twitter_card":"summary_large_image","twitter_misc":{"Escrito por":"f1000024","Tiempo de lectura":"2 minutos"},"schema":{"@context":"https:\/\/schema.org","@graph":[{"@type":"Article","@id":"https:\/\/cvinoticias.com\/v3\/un-hombre-mayor-murio-en-un-incendio-en-un-inquilinato-de-posadas\/#article","isPartOf":{"@id":"https:\/\/cvinoticias.com\/v3\/un-hombre-mayor-murio-en-un-incendio-en-un-inquilinato-de-posadas\/"},"author":{"name":"f1000024","@id":"https:\/\/cvinoticias.com\/v3\/#\/schema\/person\/2db77e3c6bc03c538495d7b2b8be9b66"},"headline":"Un hombre mayor muri\u00f3 en un incendio en un inquilinato de Posadas","datePublished":"2025-07-31T12:38:31+00:00","dateModified":"2025-07-31T12:38:36+00:00","mainEntityOfPage":{"@id":"https:\/\/cvinoticias.com\/v3\/un-hombre-mayor-murio-en-un-incendio-en-un-inquilinato-de-posadas\/"},"wordCount":219,"commentCount":0,"publisher":{"@id":"https:\/\/cvinoticias.com\/v3\/#organization"},"image":{"@id":"https:\/\/cvinoticias.com\/v3\/un-hombre-mayor-murio-en-un-incendio-en-un-inquilinato-de-posadas\/#primaryimage"},"thumbnailUrl":"https:\/\/cvinoticias.com\/wp-content\/uploads\/2025\/07\/md-4.webp","keywords":["incendio","inquilinato","Posadas"],"articleSection":["Policiales"],"inLanguage":"es","potentialAction":[{"@type":"CommentAction","name":"Comment","target":["https:\/\/cvinoticias.com\/v3\/un-hombre-mayor-murio-en-un-incendio-en-un-inquilinato-de-posadas\/#respond"]}]},{"@type":"WebPage","@id":"https:\/\/cvinoticias.com\/v3\/un-hombre-mayor-murio-en-un-incendio-en-un-inquilinato-de-posadas\/","url":"https:\/\/cvinoticias.com\/v3\/un-hombre-mayor-murio-en-un-incendio-en-un-inquilinato-de-posadas\/","name":"Muri\u00f3 un hombre en un incendio en un inquilinato de Posadas | CVI NOTICIAS","isPartOf":{"@id":"https:\/\/cvinoticias.com\/v3\/#website"},"primaryImageOfPage":{"@id":"https:\/\/cvinoticias.com\/v3\/un-hombre-mayor-murio-en-un-incendio-en-un-inquilinato-de-posadas\/#primaryimage"},"image":{"@id":"https:\/\/cvinoticias.com\/v3\/un-hombre-mayor-murio-en-un-incendio-en-un-inquilinato-de-posadas\/#primaryimage"},"thumbnailUrl":"https:\/\/cvinoticias.com\/wp-content\/uploads\/2025\/07\/md-4.webp","datePublished":"2025-07-31T12:38:31+00:00","dateModified":"2025-07-31T12:38:36+00:00","description":"Un hombre mayor muri\u00f3 este viernes en un incendio en un inquilinato de Posadas. Investigan las causas; se sospecha una falla el\u00e9ctrica.","breadcrumb":{"@id":"https:\/\/cvinoticias.com\/v3\/un-hombre-mayor-murio-en-un-incendio-en-un-inquilinato-de-posadas\/#breadcrumb"},"inLanguage":"es","potentialAction":[{"@type":"ReadAction","target":["https:\/\/cvinoticias.com\/v3\/un-hombre-mayor-murio-en-un-incendio-en-un-inquilinato-de-posadas\/"]}]},{"@type":"ImageObject","inLanguage":"es","@id":"https:\/\/cvinoticias.com\/v3\/un-hombre-mayor-murio-en-un-incendio-en-un-inquilinato-de-posadas\/#primaryimage","url":"https:\/\/cvinoticias.com\/wp-content\/uploads\/2025\/07\/md-4.webp","contentUrl":"https:\/\/cvinoticias.com\/wp-content\/uploads\/2025\/07\/md-4.webp","width":992,"height":728},{"@type":"BreadcrumbList","@id":"https:\/\/cvinoticias.com\/v3\/un-hombre-mayor-murio-en-un-incendio-en-un-inquilinato-de-posadas\/#breadcrumb","itemListElement":[{"@type":"ListItem","position":1,"name":"Portada","item":"https:\/\/cvinoticias.com\/v3\/"},{"@type":"ListItem","position":2,"name":"Un hombre mayor muri\u00f3 en un incendio en un inquilinato de Posadas"}]},{"@type":"WebSite","@id":"https:\/\/cvinoticias.com\/v3\/#website","url":"https:\/\/cvinoticias.com\/v3\/","name":"CVI NOTICIAS","description":"","publisher":{"@id":"https:\/\/cvinoticias.com\/v3\/#organization"},"alternateName":"CVI","potentialAction":[{"@type":"SearchAction","target":{"@type":"EntryPoint","urlTemplate":"https:\/\/cvinoticias.com\/v3\/?s={search_term_string}"},"query-input":{"@type":"PropertyValueSpecification","valueRequired":true,"valueName":"search_term_string"}}],"inLanguage":"es"},{"@type":"Organization","@id":"https:\/\/cvinoticias.com\/v3\/#organization","name":"CVI NOTICIAS","url":"https:\/\/cvinoticias.com\/v3\/","logo":{"@type":"ImageObject","inLanguage":"es","@id":"https:\/\/cvinoticias.com\/v3\/#\/schema\/logo\/image\/","url":"https:\/\/cvinoticias.com\/wp-content\/uploads\/2023\/04\/cropped-cropped-cropped-cropped-cropped-3-1.png","contentUrl":"https:\/\/cvinoticias.com\/wp-content\/uploads\/2023\/04\/cropped-cropped-cropped-cropped-cropped-3-1.png","width":95,"height":122,"caption":"CVI NOTICIAS"},"image":{"@id":"https:\/\/cvinoticias.com\/v3\/#\/schema\/logo\/image\/"},"sameAs":["https:\/\/www.facebook.com\/cvinoticias","https:\/\/www.instagram.com\/cvinoticias\/","https:\/\/www.youtube.com\/@CVINOTICIAS"]},{"@type":"Person","@id":"https:\/\/cvinoticias.com\/v3\/#\/schema\/person\/2db77e3c6bc03c538495d7b2b8be9b66","name":"f1000024","image":{"@type":"ImageObject","inLanguage":"es","@id":"https:\/\/secure.gravatar.com\/avatar\/d4fe7459cfc51ff5129ce1a732bbef5928568b8092d412ef95611616376bbeed?s=96&d=mm&r=g","url":"https:\/\/secure.gravatar.com\/avatar\/d4fe7459cfc51ff5129ce1a732bbef5928568b8092d412ef95611616376bbeed?s=96&d=mm&r=g","contentUrl":"https:\/\/secure.gravatar.com\/avatar\/d4fe7459cfc51ff5129ce1a732bbef5928568b8092d412ef95611616376bbeed?s=96&d=mm&r=g","caption":"f1000024"},"url":"https:\/\/cvinoticias.com\/v3\/author\/f1000024\/"}]}},"_links":{"self":[{"href":"https:\/\/cvinoticias.com\/v3\/wp-json\/wp\/v2\/posts\/47002","targetHints":{"allow":["GET"]}}],"collection":[{"href":"https:\/\/cvinoticias.com\/v3\/wp-json\/wp\/v2\/posts"}],"about":[{"href":"https:\/\/cvinoticias.com\/v3\/wp-json\/wp\/v2\/types\/post"}],"author":[{"embeddable":true,"href":"https:\/\/cvinoticias.com\/v3\/wp-json\/wp\/v2\/users\/2"}],"replies":[{"embeddable":true,"href":"https:\/\/cvinoticias.com\/v3\/wp-json\/wp\/v2\/comments?post=47002"}],"version-history":[{"count":1,"href":"https:\/\/cvinoticias.com\/v3\/wp-json\/wp\/v2\/posts\/47002\/revisions"}],"predecessor-version":[{"id":47004,"href":"https:\/\/cvinoticias.com\/v3\/wp-json\/wp\/v2\/posts\/47002\/revisions\/47004"}],"wp:featuredmedia":[{"embeddable":true,"href":"https:\/\/cvinoticias.com\/v3\/wp-json\/wp\/v2\/media\/47003"}],"wp:attachment":[{"href":"https:\/\/cvinoticias.com\/v3\/wp-json\/wp\/v2\/media?parent=47002"}],"wp:term":[{"taxonomy":"category","embeddable":true,"href":"https:\/\/cvinoticias.com\/v3\/wp-json\/wp\/v2\/categories?post=47002"},{"taxonomy":"post_tag","embeddable":true,"href":"https:\/\/cvinoticias.com\/v3\/wp-json\/wp\/v2\/tags?post=47002"}],"curies":[{"name":"wp","href":"https:\/\/api.w.org\/{rel}","templated":true}]}}