{"id":46810,"date":"2025-07-28T08:09:06","date_gmt":"2025-07-28T11:09:06","guid":{"rendered":"https:\/\/cvinoticias.com\/v3\/?p=46810"},"modified":"2025-07-28T08:10:19","modified_gmt":"2025-07-28T11:10:19","slug":"tres-dias-de-cambios-asi-estara-el-tiempo-en-misiones-entre-el-lunes-y-el-miercoles","status":"publish","type":"post","link":"https:\/\/cvinoticias.com\/v3\/tres-dias-de-cambios-asi-estara-el-tiempo-en-misiones-entre-el-lunes-y-el-miercoles\/","title":{"rendered":"Tres d\u00edas de cambios: as\u00ed estar\u00e1 el tiempo en Misiones entre el lunes y el mi\u00e9rcoles"},"content":{"rendered":"\n<p>Seg\u00fan el pron\u00f3stico emitido por la Direcci\u00f3n General de Alerta Temprana, se esperan jornadas con variaciones marcadas en las condiciones del tiempo en toda la provincia de Misiones.<\/p>\n\n\n\n<p><strong>Lunes inestable y fresco<\/strong><\/p>\n\n\n\n<p>El lunes 28 de julio comenzar\u00e1 con lluvias aisladas y un marcado descenso de temperaturas. Si bien el clima ir\u00e1 mejorando de sur a norte a lo largo del d\u00eda, el cielo se mantendr\u00e1 mayormente nublado. Esta situaci\u00f3n es consecuencia del paso de un frente fr\u00edo que dej\u00f3 una zona de baja presi\u00f3n, responsable de las precipitaciones y la abundante nubosidad. Los vientos soplar\u00e1n leves desde el oeste y el sur, pero har\u00e1n que la sensaci\u00f3n t\u00e9rmica sea a\u00fan m\u00e1s baja.<\/p>\n\n\n\n<p>Se esperan entre 1 y 8 mil\u00edmetros de lluvia, con probabilidad de precipitaci\u00f3n entre el 15 y el 65 por ciento, y una moderada chance de nieblas y neblinas. Las temperaturas oscilar\u00e1n entre una m\u00ednima de 7\u202f\u00b0C en San Pedro y una m\u00e1xima de 17\u202f\u00b0C en Puerto Iguaz\u00fa.<\/p>\n\n\n\n<p><strong>Martes con cielo despejado y ambiente fr\u00edo<\/strong><\/p>\n\n\n\n<p>Para el martes 29 de julio se prev\u00e9 una mejora en las condiciones meteorol\u00f3gicas. El cielo estar\u00e1 mayormente despejado, con temperaturas fr\u00edas a la ma\u00f1ana y un leve ascenso hacia la tarde. Una masa de aire fr\u00edo y seco que cubre gran parte del Litoral argentino, adem\u00e1s de zonas de Uruguay, Paraguay y el sur de Brasil, impedir\u00e1 la formaci\u00f3n de lluvias.<\/p>\n\n\n\n<p>No se esperan precipitaciones, aunque la probabilidad de nieblas y neblinas ser\u00e1 alta. El viento soplar\u00e1 suave desde el sur-sureste, con r\u00e1fagas que podr\u00edan alcanzar los 30 km\/h. La m\u00ednima se registrar\u00eda en Bernardo de Irigoyen con 6\u202f\u00b0C, mientras que la m\u00e1xima podr\u00eda llegar a los 19\u202f\u00b0C en Montecarlo.<\/p>\n\n\n\n<p><strong>Mi\u00e9rcoles con sol y posible formaci\u00f3n de heladas<\/strong><\/p>\n\n\n\n<p>El mi\u00e9rcoles 30 de julio se presentar\u00e1 como un d\u00eda a pleno sol, con condiciones estables gracias a la influencia de un sistema de alta presi\u00f3n. Se espera una ma\u00f1ana fr\u00eda, con vientos en calma y cielo despejado, lo que podr\u00eda generar heladas en zonas bajas y cercanas a cursos de agua. Por la tarde, el ambiente se tornar\u00e1 templado.<\/p>\n\n\n\n<p>La probabilidad de precipitaciones es pr\u00e1cticamente nula y la calidad del aire ser\u00e1 buena. Los vientos soplar\u00e1n desde el este y noreste, con r\u00e1fagas moderadas. Las temperaturas ir\u00e1n desde una m\u00ednima de 5\u202f\u00b0C en Bernardo de Irigoyen hasta una m\u00e1xima de 23\u202f\u00b0C en Posadas.<\/p>\n\n\n\n<p><strong>Fuente<\/strong>: Direcci\u00f3n General de Alerta Temprana \u2013 Subsecretar\u00eda de Ordenamiento Territorial \u2013 Ministerio de Ecolog\u00eda y RNR de la Provincia de Misiones.<\/p>\n","protected":false},"excerpt":{"rendered":"<p>Seg\u00fan el pron\u00f3stico emitido por la Direcci\u00f3n General de Alerta Temprana, se esperan jornadas con variaciones marcadas en las condiciones del tiempo en toda la provincia de Misiones. Lunes inestable y fresco El lunes 28 de julio comenzar\u00e1 con lluvias aisladas y un marcado descenso de temperaturas. Si bien el clima ir\u00e1 mejorando de sur [&hellip;]<\/p>\n","protected":false},"author":2,"featured_media":46813,"comment_status":"open","ping_status":"open","sticky":false,"template":"","format":"standard","meta":{"footnotes":""},"categories":[1146],"tags":[1148,278],"class_list":["post-46810","post","type-post","status-publish","format-standard","has-post-thumbnail","hentry","category-tiempo","tag-clima","tag-misiones"],"yoast_head":"<!-- This site is optimized with the Yoast SEO plugin v27.4 - https:\/\/yoast.com\/product\/yoast-seo-wordpress\/ -->\n<title>Pron\u00f3stico del tiempo en Misiones del 28 al 30 de julio | CVI NOTICIAS<\/title>\n<meta name=\"description\" content=\"Lluvias, fr\u00edo y sol: as\u00ed estar\u00e1 el tiempo en Misiones entre el lunes 28 y el mi\u00e9rcoles 30 de julio.\" \/>\n<meta name=\"robots\" content=\"index, follow, max-snippet:-1, max-image-preview:large, max-video-preview:-1\" \/>\n<link rel=\"canonical\" href=\"https:\/\/cvinoticias.com\/v3\/tres-dias-de-cambios-asi-estara-el-tiempo-en-misiones-entre-el-lunes-y-el-miercoles\/\" \/>\n<meta property=\"og:locale\" content=\"es_ES\" \/>\n<meta property=\"og:type\" content=\"article\" \/>\n<meta property=\"og:title\" content=\"Pron\u00f3stico del tiempo en Misiones del 28 al 30 de julio | CVI NOTICIAS\" \/>\n<meta property=\"og:description\" content=\"Lluvias, fr\u00edo y sol: as\u00ed estar\u00e1 el tiempo en Misiones entre el lunes 28 y el mi\u00e9rcoles 30 de julio.\" \/>\n<meta property=\"og:url\" content=\"https:\/\/cvinoticias.com\/v3\/tres-dias-de-cambios-asi-estara-el-tiempo-en-misiones-entre-el-lunes-y-el-miercoles\/\" \/>\n<meta property=\"og:site_name\" content=\"CVI NOTICIAS\" \/>\n<meta property=\"article:publisher\" content=\"https:\/\/www.facebook.com\/cvinoticias\" \/>\n<meta property=\"article:published_time\" content=\"2025-07-28T11:09:06+00:00\" \/>\n<meta property=\"article:modified_time\" content=\"2025-07-28T11:10:19+00:00\" \/>\n<meta property=\"og:image\" content=\"https:\/\/cvinoticias.com\/wp-content\/uploads\/2025\/07\/IMG-20250728-WA0007.jpg\" \/>\n\t<meta property=\"og:image:width\" content=\"2048\" \/>\n\t<meta property=\"og:image:height\" content=\"1152\" \/>\n\t<meta property=\"og:image:type\" content=\"image\/jpeg\" \/>\n<meta name=\"author\" content=\"f1000024\" \/>\n<meta name=\"twitter:card\" content=\"summary_large_image\" \/>\n<meta name=\"twitter:label1\" content=\"Escrito por\" \/>\n\t<meta name=\"twitter:data1\" content=\"f1000024\" \/>\n\t<meta name=\"twitter:label2\" content=\"Tiempo de lectura\" \/>\n\t<meta name=\"twitter:data2\" content=\"3 minutos\" \/>\n<script type=\"application\/ld+json\" class=\"yoast-schema-graph\">{\"@context\":\"https:\\\/\\\/schema.org\",\"@graph\":[{\"@type\":\"Article\",\"@id\":\"https:\\\/\\\/cvinoticias.com\\\/v3\\\/tres-dias-de-cambios-asi-estara-el-tiempo-en-misiones-entre-el-lunes-y-el-miercoles\\\/#article\",\"isPartOf\":{\"@id\":\"https:\\\/\\\/cvinoticias.com\\\/v3\\\/tres-dias-de-cambios-asi-estara-el-tiempo-en-misiones-entre-el-lunes-y-el-miercoles\\\/\"},\"author\":{\"name\":\"f1000024\",\"@id\":\"https:\\\/\\\/cvinoticias.com\\\/v3\\\/#\\\/schema\\\/person\\\/2db77e3c6bc03c538495d7b2b8be9b66\"},\"headline\":\"Tres d\u00edas de cambios: as\u00ed estar\u00e1 el tiempo en Misiones entre el lunes y el mi\u00e9rcoles\",\"datePublished\":\"2025-07-28T11:09:06+00:00\",\"dateModified\":\"2025-07-28T11:10:19+00:00\",\"mainEntityOfPage\":{\"@id\":\"https:\\\/\\\/cvinoticias.com\\\/v3\\\/tres-dias-de-cambios-asi-estara-el-tiempo-en-misiones-entre-el-lunes-y-el-miercoles\\\/\"},\"wordCount\":470,\"commentCount\":0,\"publisher\":{\"@id\":\"https:\\\/\\\/cvinoticias.com\\\/v3\\\/#organization\"},\"image\":{\"@id\":\"https:\\\/\\\/cvinoticias.com\\\/v3\\\/tres-dias-de-cambios-asi-estara-el-tiempo-en-misiones-entre-el-lunes-y-el-miercoles\\\/#primaryimage\"},\"thumbnailUrl\":\"https:\\\/\\\/cvinoticias.com\\\/wp-content\\\/uploads\\\/2025\\\/07\\\/IMG-20250728-WA0007.jpg\",\"keywords\":[\"Clima\",\"Misiones\"],\"articleSection\":[\"Tiempo\"],\"inLanguage\":\"es\",\"potentialAction\":[{\"@type\":\"CommentAction\",\"name\":\"Comment\",\"target\":[\"https:\\\/\\\/cvinoticias.com\\\/v3\\\/tres-dias-de-cambios-asi-estara-el-tiempo-en-misiones-entre-el-lunes-y-el-miercoles\\\/#respond\"]}]},{\"@type\":\"WebPage\",\"@id\":\"https:\\\/\\\/cvinoticias.com\\\/v3\\\/tres-dias-de-cambios-asi-estara-el-tiempo-en-misiones-entre-el-lunes-y-el-miercoles\\\/\",\"url\":\"https:\\\/\\\/cvinoticias.com\\\/v3\\\/tres-dias-de-cambios-asi-estara-el-tiempo-en-misiones-entre-el-lunes-y-el-miercoles\\\/\",\"name\":\"Pron\u00f3stico del tiempo en Misiones del 28 al 30 de julio | CVI NOTICIAS\",\"isPartOf\":{\"@id\":\"https:\\\/\\\/cvinoticias.com\\\/v3\\\/#website\"},\"primaryImageOfPage\":{\"@id\":\"https:\\\/\\\/cvinoticias.com\\\/v3\\\/tres-dias-de-cambios-asi-estara-el-tiempo-en-misiones-entre-el-lunes-y-el-miercoles\\\/#primaryimage\"},\"image\":{\"@id\":\"https:\\\/\\\/cvinoticias.com\\\/v3\\\/tres-dias-de-cambios-asi-estara-el-tiempo-en-misiones-entre-el-lunes-y-el-miercoles\\\/#primaryimage\"},\"thumbnailUrl\":\"https:\\\/\\\/cvinoticias.com\\\/wp-content\\\/uploads\\\/2025\\\/07\\\/IMG-20250728-WA0007.jpg\",\"datePublished\":\"2025-07-28T11:09:06+00:00\",\"dateModified\":\"2025-07-28T11:10:19+00:00\",\"description\":\"Lluvias, fr\u00edo y sol: as\u00ed estar\u00e1 el tiempo en Misiones entre el lunes 28 y el mi\u00e9rcoles 30 de julio.\",\"breadcrumb\":{\"@id\":\"https:\\\/\\\/cvinoticias.com\\\/v3\\\/tres-dias-de-cambios-asi-estara-el-tiempo-en-misiones-entre-el-lunes-y-el-miercoles\\\/#breadcrumb\"},\"inLanguage\":\"es\",\"potentialAction\":[{\"@type\":\"ReadAction\",\"target\":[\"https:\\\/\\\/cvinoticias.com\\\/v3\\\/tres-dias-de-cambios-asi-estara-el-tiempo-en-misiones-entre-el-lunes-y-el-miercoles\\\/\"]}]},{\"@type\":\"ImageObject\",\"inLanguage\":\"es\",\"@id\":\"https:\\\/\\\/cvinoticias.com\\\/v3\\\/tres-dias-de-cambios-asi-estara-el-tiempo-en-misiones-entre-el-lunes-y-el-miercoles\\\/#primaryimage\",\"url\":\"https:\\\/\\\/cvinoticias.com\\\/wp-content\\\/uploads\\\/2025\\\/07\\\/IMG-20250728-WA0007.jpg\",\"contentUrl\":\"https:\\\/\\\/cvinoticias.com\\\/wp-content\\\/uploads\\\/2025\\\/07\\\/IMG-20250728-WA0007.jpg\",\"width\":2048,\"height\":1152},{\"@type\":\"BreadcrumbList\",\"@id\":\"https:\\\/\\\/cvinoticias.com\\\/v3\\\/tres-dias-de-cambios-asi-estara-el-tiempo-en-misiones-entre-el-lunes-y-el-miercoles\\\/#breadcrumb\",\"itemListElement\":[{\"@type\":\"ListItem\",\"position\":1,\"name\":\"Portada\",\"item\":\"https:\\\/\\\/cvinoticias.com\\\/v3\\\/\"},{\"@type\":\"ListItem\",\"position\":2,\"name\":\"Tres d\u00edas de cambios: as\u00ed estar\u00e1 el tiempo en Misiones entre el lunes y el mi\u00e9rcoles\"}]},{\"@type\":\"WebSite\",\"@id\":\"https:\\\/\\\/cvinoticias.com\\\/v3\\\/#website\",\"url\":\"https:\\\/\\\/cvinoticias.com\\\/v3\\\/\",\"name\":\"CVI NOTICIAS\",\"description\":\"\",\"publisher\":{\"@id\":\"https:\\\/\\\/cvinoticias.com\\\/v3\\\/#organization\"},\"alternateName\":\"CVI\",\"potentialAction\":[{\"@type\":\"SearchAction\",\"target\":{\"@type\":\"EntryPoint\",\"urlTemplate\":\"https:\\\/\\\/cvinoticias.com\\\/v3\\\/?s={search_term_string}\"},\"query-input\":{\"@type\":\"PropertyValueSpecification\",\"valueRequired\":true,\"valueName\":\"search_term_string\"}}],\"inLanguage\":\"es\"},{\"@type\":\"Organization\",\"@id\":\"https:\\\/\\\/cvinoticias.com\\\/v3\\\/#organization\",\"name\":\"CVI NOTICIAS\",\"url\":\"https:\\\/\\\/cvinoticias.com\\\/v3\\\/\",\"logo\":{\"@type\":\"ImageObject\",\"inLanguage\":\"es\",\"@id\":\"https:\\\/\\\/cvinoticias.com\\\/v3\\\/#\\\/schema\\\/logo\\\/image\\\/\",\"url\":\"https:\\\/\\\/cvinoticias.com\\\/wp-content\\\/uploads\\\/2023\\\/04\\\/cropped-cropped-cropped-cropped-cropped-3-1.png\",\"contentUrl\":\"https:\\\/\\\/cvinoticias.com\\\/wp-content\\\/uploads\\\/2023\\\/04\\\/cropped-cropped-cropped-cropped-cropped-3-1.png\",\"width\":95,\"height\":122,\"caption\":\"CVI NOTICIAS\"},\"image\":{\"@id\":\"https:\\\/\\\/cvinoticias.com\\\/v3\\\/#\\\/schema\\\/logo\\\/image\\\/\"},\"sameAs\":[\"https:\\\/\\\/www.facebook.com\\\/cvinoticias\",\"https:\\\/\\\/www.instagram.com\\\/cvinoticias\\\/\",\"https:\\\/\\\/www.youtube.com\\\/@CVINOTICIAS\"]},{\"@type\":\"Person\",\"@id\":\"https:\\\/\\\/cvinoticias.com\\\/v3\\\/#\\\/schema\\\/person\\\/2db77e3c6bc03c538495d7b2b8be9b66\",\"name\":\"f1000024\",\"image\":{\"@type\":\"ImageObject\",\"inLanguage\":\"es\",\"@id\":\"https:\\\/\\\/secure.gravatar.com\\\/avatar\\\/d4fe7459cfc51ff5129ce1a732bbef5928568b8092d412ef95611616376bbeed?s=96&d=mm&r=g\",\"url\":\"https:\\\/\\\/secure.gravatar.com\\\/avatar\\\/d4fe7459cfc51ff5129ce1a732bbef5928568b8092d412ef95611616376bbeed?s=96&d=mm&r=g\",\"contentUrl\":\"https:\\\/\\\/secure.gravatar.com\\\/avatar\\\/d4fe7459cfc51ff5129ce1a732bbef5928568b8092d412ef95611616376bbeed?s=96&d=mm&r=g\",\"caption\":\"f1000024\"},\"url\":\"https:\\\/\\\/cvinoticias.com\\\/v3\\\/author\\\/f1000024\\\/\"}]}<\/script>\n<!-- \/ Yoast SEO plugin. -->","yoast_head_json":{"title":"Pron\u00f3stico del tiempo en Misiones del 28 al 30 de julio | CVI NOTICIAS","description":"Lluvias, fr\u00edo y sol: as\u00ed estar\u00e1 el tiempo en Misiones entre el lunes 28 y el mi\u00e9rcoles 30 de julio.","robots":{"index":"index","follow":"follow","max-snippet":"max-snippet:-1","max-image-preview":"max-image-preview:large","max-video-preview":"max-video-preview:-1"},"canonical":"https:\/\/cvinoticias.com\/v3\/tres-dias-de-cambios-asi-estara-el-tiempo-en-misiones-entre-el-lunes-y-el-miercoles\/","og_locale":"es_ES","og_type":"article","og_title":"Pron\u00f3stico del tiempo en Misiones del 28 al 30 de julio | CVI NOTICIAS","og_description":"Lluvias, fr\u00edo y sol: as\u00ed estar\u00e1 el tiempo en Misiones entre el lunes 28 y el mi\u00e9rcoles 30 de julio.","og_url":"https:\/\/cvinoticias.com\/v3\/tres-dias-de-cambios-asi-estara-el-tiempo-en-misiones-entre-el-lunes-y-el-miercoles\/","og_site_name":"CVI NOTICIAS","article_publisher":"https:\/\/www.facebook.com\/cvinoticias","article_published_time":"2025-07-28T11:09:06+00:00","article_modified_time":"2025-07-28T11:10:19+00:00","og_image":[{"width":2048,"height":1152,"url":"https:\/\/cvinoticias.com\/wp-content\/uploads\/2025\/07\/IMG-20250728-WA0007.jpg","type":"image\/jpeg"}],"author":"f1000024","twitter_card":"summary_large_image","twitter_misc":{"Escrito por":"f1000024","Tiempo de lectura":"3 minutos"},"schema":{"@context":"https:\/\/schema.org","@graph":[{"@type":"Article","@id":"https:\/\/cvinoticias.com\/v3\/tres-dias-de-cambios-asi-estara-el-tiempo-en-misiones-entre-el-lunes-y-el-miercoles\/#article","isPartOf":{"@id":"https:\/\/cvinoticias.com\/v3\/tres-dias-de-cambios-asi-estara-el-tiempo-en-misiones-entre-el-lunes-y-el-miercoles\/"},"author":{"name":"f1000024","@id":"https:\/\/cvinoticias.com\/v3\/#\/schema\/person\/2db77e3c6bc03c538495d7b2b8be9b66"},"headline":"Tres d\u00edas de cambios: as\u00ed estar\u00e1 el tiempo en Misiones entre el lunes y el mi\u00e9rcoles","datePublished":"2025-07-28T11:09:06+00:00","dateModified":"2025-07-28T11:10:19+00:00","mainEntityOfPage":{"@id":"https:\/\/cvinoticias.com\/v3\/tres-dias-de-cambios-asi-estara-el-tiempo-en-misiones-entre-el-lunes-y-el-miercoles\/"},"wordCount":470,"commentCount":0,"publisher":{"@id":"https:\/\/cvinoticias.com\/v3\/#organization"},"image":{"@id":"https:\/\/cvinoticias.com\/v3\/tres-dias-de-cambios-asi-estara-el-tiempo-en-misiones-entre-el-lunes-y-el-miercoles\/#primaryimage"},"thumbnailUrl":"https:\/\/cvinoticias.com\/wp-content\/uploads\/2025\/07\/IMG-20250728-WA0007.jpg","keywords":["Clima","Misiones"],"articleSection":["Tiempo"],"inLanguage":"es","potentialAction":[{"@type":"CommentAction","name":"Comment","target":["https:\/\/cvinoticias.com\/v3\/tres-dias-de-cambios-asi-estara-el-tiempo-en-misiones-entre-el-lunes-y-el-miercoles\/#respond"]}]},{"@type":"WebPage","@id":"https:\/\/cvinoticias.com\/v3\/tres-dias-de-cambios-asi-estara-el-tiempo-en-misiones-entre-el-lunes-y-el-miercoles\/","url":"https:\/\/cvinoticias.com\/v3\/tres-dias-de-cambios-asi-estara-el-tiempo-en-misiones-entre-el-lunes-y-el-miercoles\/","name":"Pron\u00f3stico del tiempo en Misiones del 28 al 30 de julio | CVI NOTICIAS","isPartOf":{"@id":"https:\/\/cvinoticias.com\/v3\/#website"},"primaryImageOfPage":{"@id":"https:\/\/cvinoticias.com\/v3\/tres-dias-de-cambios-asi-estara-el-tiempo-en-misiones-entre-el-lunes-y-el-miercoles\/#primaryimage"},"image":{"@id":"https:\/\/cvinoticias.com\/v3\/tres-dias-de-cambios-asi-estara-el-tiempo-en-misiones-entre-el-lunes-y-el-miercoles\/#primaryimage"},"thumbnailUrl":"https:\/\/cvinoticias.com\/wp-content\/uploads\/2025\/07\/IMG-20250728-WA0007.jpg","datePublished":"2025-07-28T11:09:06+00:00","dateModified":"2025-07-28T11:10:19+00:00","description":"Lluvias, fr\u00edo y sol: as\u00ed estar\u00e1 el tiempo en Misiones entre el lunes 28 y el mi\u00e9rcoles 30 de julio.","breadcrumb":{"@id":"https:\/\/cvinoticias.com\/v3\/tres-dias-de-cambios-asi-estara-el-tiempo-en-misiones-entre-el-lunes-y-el-miercoles\/#breadcrumb"},"inLanguage":"es","potentialAction":[{"@type":"ReadAction","target":["https:\/\/cvinoticias.com\/v3\/tres-dias-de-cambios-asi-estara-el-tiempo-en-misiones-entre-el-lunes-y-el-miercoles\/"]}]},{"@type":"ImageObject","inLanguage":"es","@id":"https:\/\/cvinoticias.com\/v3\/tres-dias-de-cambios-asi-estara-el-tiempo-en-misiones-entre-el-lunes-y-el-miercoles\/#primaryimage","url":"https:\/\/cvinoticias.com\/wp-content\/uploads\/2025\/07\/IMG-20250728-WA0007.jpg","contentUrl":"https:\/\/cvinoticias.com\/wp-content\/uploads\/2025\/07\/IMG-20250728-WA0007.jpg","width":2048,"height":1152},{"@type":"BreadcrumbList","@id":"https:\/\/cvinoticias.com\/v3\/tres-dias-de-cambios-asi-estara-el-tiempo-en-misiones-entre-el-lunes-y-el-miercoles\/#breadcrumb","itemListElement":[{"@type":"ListItem","position":1,"name":"Portada","item":"https:\/\/cvinoticias.com\/v3\/"},{"@type":"ListItem","position":2,"name":"Tres d\u00edas de cambios: as\u00ed estar\u00e1 el tiempo en Misiones entre el lunes y el mi\u00e9rcoles"}]},{"@type":"WebSite","@id":"https:\/\/cvinoticias.com\/v3\/#website","url":"https:\/\/cvinoticias.com\/v3\/","name":"CVI NOTICIAS","description":"","publisher":{"@id":"https:\/\/cvinoticias.com\/v3\/#organization"},"alternateName":"CVI","potentialAction":[{"@type":"SearchAction","target":{"@type":"EntryPoint","urlTemplate":"https:\/\/cvinoticias.com\/v3\/?s={search_term_string}"},"query-input":{"@type":"PropertyValueSpecification","valueRequired":true,"valueName":"search_term_string"}}],"inLanguage":"es"},{"@type":"Organization","@id":"https:\/\/cvinoticias.com\/v3\/#organization","name":"CVI NOTICIAS","url":"https:\/\/cvinoticias.com\/v3\/","logo":{"@type":"ImageObject","inLanguage":"es","@id":"https:\/\/cvinoticias.com\/v3\/#\/schema\/logo\/image\/","url":"https:\/\/cvinoticias.com\/wp-content\/uploads\/2023\/04\/cropped-cropped-cropped-cropped-cropped-3-1.png","contentUrl":"https:\/\/cvinoticias.com\/wp-content\/uploads\/2023\/04\/cropped-cropped-cropped-cropped-cropped-3-1.png","width":95,"height":122,"caption":"CVI NOTICIAS"},"image":{"@id":"https:\/\/cvinoticias.com\/v3\/#\/schema\/logo\/image\/"},"sameAs":["https:\/\/www.facebook.com\/cvinoticias","https:\/\/www.instagram.com\/cvinoticias\/","https:\/\/www.youtube.com\/@CVINOTICIAS"]},{"@type":"Person","@id":"https:\/\/cvinoticias.com\/v3\/#\/schema\/person\/2db77e3c6bc03c538495d7b2b8be9b66","name":"f1000024","image":{"@type":"ImageObject","inLanguage":"es","@id":"https:\/\/secure.gravatar.com\/avatar\/d4fe7459cfc51ff5129ce1a732bbef5928568b8092d412ef95611616376bbeed?s=96&d=mm&r=g","url":"https:\/\/secure.gravatar.com\/avatar\/d4fe7459cfc51ff5129ce1a732bbef5928568b8092d412ef95611616376bbeed?s=96&d=mm&r=g","contentUrl":"https:\/\/secure.gravatar.com\/avatar\/d4fe7459cfc51ff5129ce1a732bbef5928568b8092d412ef95611616376bbeed?s=96&d=mm&r=g","caption":"f1000024"},"url":"https:\/\/cvinoticias.com\/v3\/author\/f1000024\/"}]}},"_links":{"self":[{"href":"https:\/\/cvinoticias.com\/v3\/wp-json\/wp\/v2\/posts\/46810","targetHints":{"allow":["GET"]}}],"collection":[{"href":"https:\/\/cvinoticias.com\/v3\/wp-json\/wp\/v2\/posts"}],"about":[{"href":"https:\/\/cvinoticias.com\/v3\/wp-json\/wp\/v2\/types\/post"}],"author":[{"embeddable":true,"href":"https:\/\/cvinoticias.com\/v3\/wp-json\/wp\/v2\/users\/2"}],"replies":[{"embeddable":true,"href":"https:\/\/cvinoticias.com\/v3\/wp-json\/wp\/v2\/comments?post=46810"}],"version-history":[{"count":1,"href":"https:\/\/cvinoticias.com\/v3\/wp-json\/wp\/v2\/posts\/46810\/revisions"}],"predecessor-version":[{"id":46812,"href":"https:\/\/cvinoticias.com\/v3\/wp-json\/wp\/v2\/posts\/46810\/revisions\/46812"}],"wp:featuredmedia":[{"embeddable":true,"href":"https:\/\/cvinoticias.com\/v3\/wp-json\/wp\/v2\/media\/46813"}],"wp:attachment":[{"href":"https:\/\/cvinoticias.com\/v3\/wp-json\/wp\/v2\/media?parent=46810"}],"wp:term":[{"taxonomy":"category","embeddable":true,"href":"https:\/\/cvinoticias.com\/v3\/wp-json\/wp\/v2\/categories?post=46810"},{"taxonomy":"post_tag","embeddable":true,"href":"https:\/\/cvinoticias.com\/v3\/wp-json\/wp\/v2\/tags?post=46810"}],"curies":[{"name":"wp","href":"https:\/\/api.w.org\/{rel}","templated":true}]}}