{"id":46757,"date":"2025-07-25T09:11:10","date_gmt":"2025-07-25T12:11:10","guid":{"rendered":"https:\/\/cvinoticias.com\/v3\/?p=46757"},"modified":"2025-07-25T09:12:13","modified_gmt":"2025-07-25T12:12:13","slug":"passalacqua-presento-volar-2025-el-primer-encuentro-internacional-de-observacion-de-aves-en-misiones","status":"publish","type":"post","link":"https:\/\/cvinoticias.com\/v3\/passalacqua-presento-volar-2025-el-primer-encuentro-internacional-de-observacion-de-aves-en-misiones\/","title":{"rendered":"Passalacqua present\u00f3 \u201cVolar 2025\u201d, el primer encuentro internacional de observaci\u00f3n de aves en Misiones"},"content":{"rendered":"\n<p>El gobernador de Misiones,&nbsp;<strong>Hugo Passalacqua<\/strong>&nbsp;lanz\u00f3 \u201c<strong>Volar 2025<\/strong>\u201d,&nbsp;<strong>el primer encuentro internacional de observaci\u00f3n de aves de la provincia<\/strong>, que tendr\u00e1 como epicentro a la ciudad de Puerto Iguaz\u00fa del 5 al 7 de septiembre. Con actividades abiertas al p\u00fablico, salidas a campo, charlas t\u00e9cnicas y espacios de intercambio, el evento apunta a consolidar a Misiones como un destino internacional de avistaje de aves (tambi\u00e9n conocido como birdwatching) y fortalecer as\u00ed el ecoturismo como motor de desarrollo sostenible.<\/p>\n\n\n\n<p>Organizado por el Gobierno de Misiones, a trav\u00e9s del Ministerio de Turismo, en el marco del Programa Provincial de Ruta de las Aves (creado a trav\u00e9s del Decreto 95\/2025), y en articulaci\u00f3n con la Asociaci\u00f3n Aves Argentinas,<strong>&nbsp;la iniciativa convoca a observadores de aves, gu\u00edas de turismo, prestadores de servicios, cient\u00edficos, estudiantes y amantes de la naturaleza<\/strong>&nbsp;de todo el pa\u00eds y del exterior; a descubrir, aprender y compartir sobre este fascinante mundo.<\/p>\n\n\n\n<figure class=\"wp-block-embed is-type-rich is-provider-gestor-del-servicio wp-block-embed-gestor-del-servicio\"><div class=\"wp-block-embed__wrapper\">\nhttps:\/\/youtube.com\/watch?v=uhllk0SEw0E%3Ffeature%3Doembed\n<\/div><\/figure>\n\n\n\n<h3 class=\"wp-block-heading\">Volar 2025: la posibilidad de ver y observar m\u00e1s de 500 aves en su entorno natural<\/h3>\n\n\n\n<p>\u201c<strong>Ac\u00e1 en Misiones adem\u00e1s de ver por foto podemos o\u00edr y observar m\u00e1s de 500 especies de aves<\/strong>\u201d, record\u00f3 Passalacqua a trav\u00e9s de sus redes sociales. Por eso, anim\u00f3 a los misioneros y misioneras a prepararse para vivir este encuentro \u00fanico \u201c<strong>en nuestra querida provincia, la m\u00e1s biodiversa del pa\u00eds<\/strong>\u201d. \u201cVen\u00ed a verlas, ven\u00ed a Volar\u201d, finaliz\u00f3.<\/p>\n\n\n\n<p>El encuentro, que&nbsp;<strong>se desarrollar\u00e1 del 5 al 7 de septiembre de 2025<\/strong>&nbsp;y tendr\u00e1 como sede central a Puerto Iguaz\u00fa, propone que la naturaleza, la conservaci\u00f3n y el turismo se fusionen para posicionar a la provincia como un verdadero \u201chotspot\u201d de biodiversidad en la regi\u00f3n.<\/p>\n\n\n\n<figure class=\"wp-block-image\"><img decoding=\"async\" data-src=\"https:\/\/www.canal12misiones.com\/wp-content\/uploads\/2025\/07\/Volar-2025-1-1024x682.jpeg\" alt=\"\" class=\"wp-image-542035 lazyload\" src=\"data:image\/svg+xml;base64,PHN2ZyB3aWR0aD0iMSIgaGVpZ2h0PSIxIiB4bWxucz0iaHR0cDovL3d3dy53My5vcmcvMjAwMC9zdmciPjwvc3ZnPg==\" style=\"--smush-placeholder-width: 1024px; --smush-placeholder-aspect-ratio: 1024\/682;\" \/><\/figure>\n\n\n\n<p>Durante los tres d\u00edas se realizar\u00e1n charlas tem\u00e1ticas, paneles, experiencias locales, ferias de productos vinculados a la biodiversidad y salidas de observaci\u00f3n en sitios estrat\u00e9gicos como el Parque Nacional Iguaz\u00fa, el Parque Provincial Urugua-\u00ed, la Comunidad Mbya \u201cIt\u00e1 Poty Mir\u00ed\u201d y el observatorio sobre la RN 101.<\/p>\n\n\n\n<p>Adem\u00e1s, habr\u00e1 espacios de feria con expositores especializados, como la \u201cFeria Nido\u201d, el \u00e1rea \u201cPajareritos\u201d para los m\u00e1s peque\u00f1os, y un foro de prestadores tur\u00edsticos que permitir\u00e1 generar lazos, compartir herramientas y proyectar nuevos servicios vinculados a la oferta de observaci\u00f3n de aves.<\/p>\n\n\n\n<h2 class=\"wp-block-heading\">Una oportunidad para descubrir la biodiversidad misionera<\/h2>\n\n\n\n<p>Desde el Estado provincial manifestaron adem\u00e1s que \u201cVolar 2025\u201d es una invitaci\u00f3n gratuita y abierta a todo p\u00fablico, a<strong>&nbsp;mirar el cielo, caminar los senderos y a encontrar en cada ave una historia que une turismo, naturaleza, ciencia y cultura<\/strong>. En una provincia que alberga m\u00e1s del 50% de las especies de aves del pa\u00eds, este evento representa una oportunidad \u00fanica para que el destino despliegue su potencial ecotur\u00edstico a escala regional e internacional.<\/p>\n\n\n\n<p>La informaci\u00f3n para inscripciones y paquetes para poder asistir estar\u00e1 disponible pr\u00f3ximamente en las redes oficiales del evento (<a href=\"https:\/\/www.instagram.com\/volar.aves\/\">https:\/\/www.instagram.com\/volar.aves\/<\/a>) y en la web del Ministerio de Turismo:&nbsp;<a href=\"https:\/\/misiones.tur.ar\/\">https:\/\/misiones.tur.ar\/<\/a>.<\/p>\n\n\n\n<p>Fuente: Canal 12 Misiones <\/p>\n","protected":false},"excerpt":{"rendered":"<p>El gobernador de Misiones,&nbsp;Hugo Passalacqua&nbsp;lanz\u00f3 \u201cVolar 2025\u201d,&nbsp;el primer encuentro internacional de observaci\u00f3n de aves de la provincia, que tendr\u00e1 como epicentro a la ciudad de Puerto Iguaz\u00fa del 5 al 7 de septiembre. Con actividades abiertas al p\u00fablico, salidas a campo, charlas t\u00e9cnicas y espacios de intercambio, el evento apunta a consolidar a Misiones como [&hellip;]<\/p>\n","protected":false},"author":2,"featured_media":46759,"comment_status":"open","ping_status":"open","sticky":false,"template":"","format":"standard","meta":{"footnotes":""},"categories":[50],"tags":[3345,278,3346],"class_list":["post-46757","post","type-post","status-publish","format-standard","has-post-thumbnail","hentry","category-turismo","tag-aves","tag-misiones","tag-observacion"],"yoast_head":"<!-- This site is optimized with the Yoast SEO plugin v27.5 - https:\/\/yoast.com\/product\/yoast-seo-wordpress\/ -->\n<title>Volar 2025: Primer encuentro de observaci\u00f3n de aves en Misiones | CVI NOTICIAS<\/title>\n<meta name=\"description\" content=\"Volar 2025 reunir\u00e1 observadores de aves en Puerto Iguaz\u00fa del 5 al 7 de septiembre. Evento internacional gratuito.\" \/>\n<meta name=\"robots\" content=\"index, follow, max-snippet:-1, max-image-preview:large, max-video-preview:-1\" \/>\n<link rel=\"canonical\" href=\"https:\/\/cvinoticias.com\/v3\/passalacqua-presento-volar-2025-el-primer-encuentro-internacional-de-observacion-de-aves-en-misiones\/\" \/>\n<meta property=\"og:locale\" content=\"es_ES\" \/>\n<meta property=\"og:type\" content=\"article\" \/>\n<meta property=\"og:title\" content=\"Volar 2025: Primer encuentro de observaci\u00f3n de aves en Misiones | CVI NOTICIAS\" \/>\n<meta property=\"og:description\" content=\"Volar 2025 reunir\u00e1 observadores de aves en Puerto Iguaz\u00fa del 5 al 7 de septiembre. Evento internacional gratuito.\" \/>\n<meta property=\"og:url\" content=\"https:\/\/cvinoticias.com\/v3\/passalacqua-presento-volar-2025-el-primer-encuentro-internacional-de-observacion-de-aves-en-misiones\/\" \/>\n<meta property=\"og:site_name\" content=\"CVI NOTICIAS\" \/>\n<meta property=\"article:publisher\" content=\"https:\/\/www.facebook.com\/cvinoticias\" \/>\n<meta property=\"article:published_time\" content=\"2025-07-25T12:11:10+00:00\" \/>\n<meta property=\"article:modified_time\" content=\"2025-07-25T12:12:13+00:00\" \/>\n<meta property=\"og:image\" content=\"https:\/\/cvinoticias.com\/wp-content\/uploads\/2025\/07\/Volar-2025.jpeg\" \/>\n\t<meta property=\"og:image:width\" content=\"1089\" \/>\n\t<meta property=\"og:image:height\" content=\"730\" \/>\n\t<meta property=\"og:image:type\" content=\"image\/jpeg\" \/>\n<meta name=\"author\" content=\"f1000024\" \/>\n<meta name=\"twitter:card\" content=\"summary_large_image\" \/>\n<meta name=\"twitter:label1\" content=\"Escrito por\" \/>\n\t<meta name=\"twitter:data1\" content=\"f1000024\" \/>\n\t<meta name=\"twitter:label2\" content=\"Tiempo de lectura\" \/>\n\t<meta name=\"twitter:data2\" content=\"3 minutos\" \/>\n<script type=\"application\/ld+json\" class=\"yoast-schema-graph\">{\"@context\":\"https:\\\/\\\/schema.org\",\"@graph\":[{\"@type\":\"Article\",\"@id\":\"https:\\\/\\\/cvinoticias.com\\\/v3\\\/passalacqua-presento-volar-2025-el-primer-encuentro-internacional-de-observacion-de-aves-en-misiones\\\/#article\",\"isPartOf\":{\"@id\":\"https:\\\/\\\/cvinoticias.com\\\/v3\\\/passalacqua-presento-volar-2025-el-primer-encuentro-internacional-de-observacion-de-aves-en-misiones\\\/\"},\"author\":{\"name\":\"f1000024\",\"@id\":\"https:\\\/\\\/cvinoticias.com\\\/v3\\\/#\\\/schema\\\/person\\\/2db77e3c6bc03c538495d7b2b8be9b66\"},\"headline\":\"Passalacqua present\u00f3 \u201cVolar 2025\u201d, el primer encuentro internacional de observaci\u00f3n de aves en Misiones\",\"datePublished\":\"2025-07-25T12:11:10+00:00\",\"dateModified\":\"2025-07-25T12:12:13+00:00\",\"mainEntityOfPage\":{\"@id\":\"https:\\\/\\\/cvinoticias.com\\\/v3\\\/passalacqua-presento-volar-2025-el-primer-encuentro-internacional-de-observacion-de-aves-en-misiones\\\/\"},\"wordCount\":539,\"commentCount\":0,\"publisher\":{\"@id\":\"https:\\\/\\\/cvinoticias.com\\\/v3\\\/#organization\"},\"image\":{\"@id\":\"https:\\\/\\\/cvinoticias.com\\\/v3\\\/passalacqua-presento-volar-2025-el-primer-encuentro-internacional-de-observacion-de-aves-en-misiones\\\/#primaryimage\"},\"thumbnailUrl\":\"https:\\\/\\\/cvinoticias.com\\\/wp-content\\\/uploads\\\/2025\\\/07\\\/Volar-2025.jpeg\",\"keywords\":[\"Aves\",\"Misiones\",\"Observaci\u00f3n\"],\"articleSection\":[\"Turismo\"],\"inLanguage\":\"es\",\"potentialAction\":[{\"@type\":\"CommentAction\",\"name\":\"Comment\",\"target\":[\"https:\\\/\\\/cvinoticias.com\\\/v3\\\/passalacqua-presento-volar-2025-el-primer-encuentro-internacional-de-observacion-de-aves-en-misiones\\\/#respond\"]}]},{\"@type\":\"WebPage\",\"@id\":\"https:\\\/\\\/cvinoticias.com\\\/v3\\\/passalacqua-presento-volar-2025-el-primer-encuentro-internacional-de-observacion-de-aves-en-misiones\\\/\",\"url\":\"https:\\\/\\\/cvinoticias.com\\\/v3\\\/passalacqua-presento-volar-2025-el-primer-encuentro-internacional-de-observacion-de-aves-en-misiones\\\/\",\"name\":\"Volar 2025: Primer encuentro de observaci\u00f3n de aves en Misiones | CVI NOTICIAS\",\"isPartOf\":{\"@id\":\"https:\\\/\\\/cvinoticias.com\\\/v3\\\/#website\"},\"primaryImageOfPage\":{\"@id\":\"https:\\\/\\\/cvinoticias.com\\\/v3\\\/passalacqua-presento-volar-2025-el-primer-encuentro-internacional-de-observacion-de-aves-en-misiones\\\/#primaryimage\"},\"image\":{\"@id\":\"https:\\\/\\\/cvinoticias.com\\\/v3\\\/passalacqua-presento-volar-2025-el-primer-encuentro-internacional-de-observacion-de-aves-en-misiones\\\/#primaryimage\"},\"thumbnailUrl\":\"https:\\\/\\\/cvinoticias.com\\\/wp-content\\\/uploads\\\/2025\\\/07\\\/Volar-2025.jpeg\",\"datePublished\":\"2025-07-25T12:11:10+00:00\",\"dateModified\":\"2025-07-25T12:12:13+00:00\",\"description\":\"Volar 2025 reunir\u00e1 observadores de aves en Puerto Iguaz\u00fa del 5 al 7 de septiembre. Evento internacional gratuito.\",\"breadcrumb\":{\"@id\":\"https:\\\/\\\/cvinoticias.com\\\/v3\\\/passalacqua-presento-volar-2025-el-primer-encuentro-internacional-de-observacion-de-aves-en-misiones\\\/#breadcrumb\"},\"inLanguage\":\"es\",\"potentialAction\":[{\"@type\":\"ReadAction\",\"target\":[\"https:\\\/\\\/cvinoticias.com\\\/v3\\\/passalacqua-presento-volar-2025-el-primer-encuentro-internacional-de-observacion-de-aves-en-misiones\\\/\"]}]},{\"@type\":\"ImageObject\",\"inLanguage\":\"es\",\"@id\":\"https:\\\/\\\/cvinoticias.com\\\/v3\\\/passalacqua-presento-volar-2025-el-primer-encuentro-internacional-de-observacion-de-aves-en-misiones\\\/#primaryimage\",\"url\":\"https:\\\/\\\/cvinoticias.com\\\/wp-content\\\/uploads\\\/2025\\\/07\\\/Volar-2025.jpeg\",\"contentUrl\":\"https:\\\/\\\/cvinoticias.com\\\/wp-content\\\/uploads\\\/2025\\\/07\\\/Volar-2025.jpeg\",\"width\":1089,\"height\":730},{\"@type\":\"BreadcrumbList\",\"@id\":\"https:\\\/\\\/cvinoticias.com\\\/v3\\\/passalacqua-presento-volar-2025-el-primer-encuentro-internacional-de-observacion-de-aves-en-misiones\\\/#breadcrumb\",\"itemListElement\":[{\"@type\":\"ListItem\",\"position\":1,\"name\":\"Portada\",\"item\":\"https:\\\/\\\/cvinoticias.com\\\/v3\\\/\"},{\"@type\":\"ListItem\",\"position\":2,\"name\":\"Passalacqua present\u00f3 \u201cVolar 2025\u201d, el primer encuentro internacional de observaci\u00f3n de aves en Misiones\"}]},{\"@type\":\"WebSite\",\"@id\":\"https:\\\/\\\/cvinoticias.com\\\/v3\\\/#website\",\"url\":\"https:\\\/\\\/cvinoticias.com\\\/v3\\\/\",\"name\":\"CVI NOTICIAS\",\"description\":\"\",\"publisher\":{\"@id\":\"https:\\\/\\\/cvinoticias.com\\\/v3\\\/#organization\"},\"alternateName\":\"CVI\",\"potentialAction\":[{\"@type\":\"SearchAction\",\"target\":{\"@type\":\"EntryPoint\",\"urlTemplate\":\"https:\\\/\\\/cvinoticias.com\\\/v3\\\/?s={search_term_string}\"},\"query-input\":{\"@type\":\"PropertyValueSpecification\",\"valueRequired\":true,\"valueName\":\"search_term_string\"}}],\"inLanguage\":\"es\"},{\"@type\":\"Organization\",\"@id\":\"https:\\\/\\\/cvinoticias.com\\\/v3\\\/#organization\",\"name\":\"CVI NOTICIAS\",\"url\":\"https:\\\/\\\/cvinoticias.com\\\/v3\\\/\",\"logo\":{\"@type\":\"ImageObject\",\"inLanguage\":\"es\",\"@id\":\"https:\\\/\\\/cvinoticias.com\\\/v3\\\/#\\\/schema\\\/logo\\\/image\\\/\",\"url\":\"https:\\\/\\\/cvinoticias.com\\\/wp-content\\\/uploads\\\/2023\\\/04\\\/cropped-cropped-cropped-cropped-cropped-3-1.png\",\"contentUrl\":\"https:\\\/\\\/cvinoticias.com\\\/wp-content\\\/uploads\\\/2023\\\/04\\\/cropped-cropped-cropped-cropped-cropped-3-1.png\",\"width\":95,\"height\":122,\"caption\":\"CVI NOTICIAS\"},\"image\":{\"@id\":\"https:\\\/\\\/cvinoticias.com\\\/v3\\\/#\\\/schema\\\/logo\\\/image\\\/\"},\"sameAs\":[\"https:\\\/\\\/www.facebook.com\\\/cvinoticias\",\"https:\\\/\\\/www.instagram.com\\\/cvinoticias\\\/\",\"https:\\\/\\\/www.youtube.com\\\/@CVINOTICIAS\"]},{\"@type\":\"Person\",\"@id\":\"https:\\\/\\\/cvinoticias.com\\\/v3\\\/#\\\/schema\\\/person\\\/2db77e3c6bc03c538495d7b2b8be9b66\",\"name\":\"f1000024\",\"image\":{\"@type\":\"ImageObject\",\"inLanguage\":\"es\",\"@id\":\"https:\\\/\\\/secure.gravatar.com\\\/avatar\\\/d4fe7459cfc51ff5129ce1a732bbef5928568b8092d412ef95611616376bbeed?s=96&d=mm&r=g\",\"url\":\"https:\\\/\\\/secure.gravatar.com\\\/avatar\\\/d4fe7459cfc51ff5129ce1a732bbef5928568b8092d412ef95611616376bbeed?s=96&d=mm&r=g\",\"contentUrl\":\"https:\\\/\\\/secure.gravatar.com\\\/avatar\\\/d4fe7459cfc51ff5129ce1a732bbef5928568b8092d412ef95611616376bbeed?s=96&d=mm&r=g\",\"caption\":\"f1000024\"},\"url\":\"https:\\\/\\\/cvinoticias.com\\\/v3\\\/author\\\/f1000024\\\/\"}]}<\/script>\n<!-- \/ Yoast SEO plugin. -->","yoast_head_json":{"title":"Volar 2025: Primer encuentro de observaci\u00f3n de aves en Misiones | CVI NOTICIAS","description":"Volar 2025 reunir\u00e1 observadores de aves en Puerto Iguaz\u00fa del 5 al 7 de septiembre. Evento internacional gratuito.","robots":{"index":"index","follow":"follow","max-snippet":"max-snippet:-1","max-image-preview":"max-image-preview:large","max-video-preview":"max-video-preview:-1"},"canonical":"https:\/\/cvinoticias.com\/v3\/passalacqua-presento-volar-2025-el-primer-encuentro-internacional-de-observacion-de-aves-en-misiones\/","og_locale":"es_ES","og_type":"article","og_title":"Volar 2025: Primer encuentro de observaci\u00f3n de aves en Misiones | CVI NOTICIAS","og_description":"Volar 2025 reunir\u00e1 observadores de aves en Puerto Iguaz\u00fa del 5 al 7 de septiembre. Evento internacional gratuito.","og_url":"https:\/\/cvinoticias.com\/v3\/passalacqua-presento-volar-2025-el-primer-encuentro-internacional-de-observacion-de-aves-en-misiones\/","og_site_name":"CVI NOTICIAS","article_publisher":"https:\/\/www.facebook.com\/cvinoticias","article_published_time":"2025-07-25T12:11:10+00:00","article_modified_time":"2025-07-25T12:12:13+00:00","og_image":[{"width":1089,"height":730,"url":"https:\/\/cvinoticias.com\/wp-content\/uploads\/2025\/07\/Volar-2025.jpeg","type":"image\/jpeg"}],"author":"f1000024","twitter_card":"summary_large_image","twitter_misc":{"Escrito por":"f1000024","Tiempo de lectura":"3 minutos"},"schema":{"@context":"https:\/\/schema.org","@graph":[{"@type":"Article","@id":"https:\/\/cvinoticias.com\/v3\/passalacqua-presento-volar-2025-el-primer-encuentro-internacional-de-observacion-de-aves-en-misiones\/#article","isPartOf":{"@id":"https:\/\/cvinoticias.com\/v3\/passalacqua-presento-volar-2025-el-primer-encuentro-internacional-de-observacion-de-aves-en-misiones\/"},"author":{"name":"f1000024","@id":"https:\/\/cvinoticias.com\/v3\/#\/schema\/person\/2db77e3c6bc03c538495d7b2b8be9b66"},"headline":"Passalacqua present\u00f3 \u201cVolar 2025\u201d, el primer encuentro internacional de observaci\u00f3n de aves en Misiones","datePublished":"2025-07-25T12:11:10+00:00","dateModified":"2025-07-25T12:12:13+00:00","mainEntityOfPage":{"@id":"https:\/\/cvinoticias.com\/v3\/passalacqua-presento-volar-2025-el-primer-encuentro-internacional-de-observacion-de-aves-en-misiones\/"},"wordCount":539,"commentCount":0,"publisher":{"@id":"https:\/\/cvinoticias.com\/v3\/#organization"},"image":{"@id":"https:\/\/cvinoticias.com\/v3\/passalacqua-presento-volar-2025-el-primer-encuentro-internacional-de-observacion-de-aves-en-misiones\/#primaryimage"},"thumbnailUrl":"https:\/\/cvinoticias.com\/wp-content\/uploads\/2025\/07\/Volar-2025.jpeg","keywords":["Aves","Misiones","Observaci\u00f3n"],"articleSection":["Turismo"],"inLanguage":"es","potentialAction":[{"@type":"CommentAction","name":"Comment","target":["https:\/\/cvinoticias.com\/v3\/passalacqua-presento-volar-2025-el-primer-encuentro-internacional-de-observacion-de-aves-en-misiones\/#respond"]}]},{"@type":"WebPage","@id":"https:\/\/cvinoticias.com\/v3\/passalacqua-presento-volar-2025-el-primer-encuentro-internacional-de-observacion-de-aves-en-misiones\/","url":"https:\/\/cvinoticias.com\/v3\/passalacqua-presento-volar-2025-el-primer-encuentro-internacional-de-observacion-de-aves-en-misiones\/","name":"Volar 2025: Primer encuentro de observaci\u00f3n de aves en Misiones | CVI NOTICIAS","isPartOf":{"@id":"https:\/\/cvinoticias.com\/v3\/#website"},"primaryImageOfPage":{"@id":"https:\/\/cvinoticias.com\/v3\/passalacqua-presento-volar-2025-el-primer-encuentro-internacional-de-observacion-de-aves-en-misiones\/#primaryimage"},"image":{"@id":"https:\/\/cvinoticias.com\/v3\/passalacqua-presento-volar-2025-el-primer-encuentro-internacional-de-observacion-de-aves-en-misiones\/#primaryimage"},"thumbnailUrl":"https:\/\/cvinoticias.com\/wp-content\/uploads\/2025\/07\/Volar-2025.jpeg","datePublished":"2025-07-25T12:11:10+00:00","dateModified":"2025-07-25T12:12:13+00:00","description":"Volar 2025 reunir\u00e1 observadores de aves en Puerto Iguaz\u00fa del 5 al 7 de septiembre. Evento internacional gratuito.","breadcrumb":{"@id":"https:\/\/cvinoticias.com\/v3\/passalacqua-presento-volar-2025-el-primer-encuentro-internacional-de-observacion-de-aves-en-misiones\/#breadcrumb"},"inLanguage":"es","potentialAction":[{"@type":"ReadAction","target":["https:\/\/cvinoticias.com\/v3\/passalacqua-presento-volar-2025-el-primer-encuentro-internacional-de-observacion-de-aves-en-misiones\/"]}]},{"@type":"ImageObject","inLanguage":"es","@id":"https:\/\/cvinoticias.com\/v3\/passalacqua-presento-volar-2025-el-primer-encuentro-internacional-de-observacion-de-aves-en-misiones\/#primaryimage","url":"https:\/\/cvinoticias.com\/wp-content\/uploads\/2025\/07\/Volar-2025.jpeg","contentUrl":"https:\/\/cvinoticias.com\/wp-content\/uploads\/2025\/07\/Volar-2025.jpeg","width":1089,"height":730},{"@type":"BreadcrumbList","@id":"https:\/\/cvinoticias.com\/v3\/passalacqua-presento-volar-2025-el-primer-encuentro-internacional-de-observacion-de-aves-en-misiones\/#breadcrumb","itemListElement":[{"@type":"ListItem","position":1,"name":"Portada","item":"https:\/\/cvinoticias.com\/v3\/"},{"@type":"ListItem","position":2,"name":"Passalacqua present\u00f3 \u201cVolar 2025\u201d, el primer encuentro internacional de observaci\u00f3n de aves en Misiones"}]},{"@type":"WebSite","@id":"https:\/\/cvinoticias.com\/v3\/#website","url":"https:\/\/cvinoticias.com\/v3\/","name":"CVI NOTICIAS","description":"","publisher":{"@id":"https:\/\/cvinoticias.com\/v3\/#organization"},"alternateName":"CVI","potentialAction":[{"@type":"SearchAction","target":{"@type":"EntryPoint","urlTemplate":"https:\/\/cvinoticias.com\/v3\/?s={search_term_string}"},"query-input":{"@type":"PropertyValueSpecification","valueRequired":true,"valueName":"search_term_string"}}],"inLanguage":"es"},{"@type":"Organization","@id":"https:\/\/cvinoticias.com\/v3\/#organization","name":"CVI NOTICIAS","url":"https:\/\/cvinoticias.com\/v3\/","logo":{"@type":"ImageObject","inLanguage":"es","@id":"https:\/\/cvinoticias.com\/v3\/#\/schema\/logo\/image\/","url":"https:\/\/cvinoticias.com\/wp-content\/uploads\/2023\/04\/cropped-cropped-cropped-cropped-cropped-3-1.png","contentUrl":"https:\/\/cvinoticias.com\/wp-content\/uploads\/2023\/04\/cropped-cropped-cropped-cropped-cropped-3-1.png","width":95,"height":122,"caption":"CVI NOTICIAS"},"image":{"@id":"https:\/\/cvinoticias.com\/v3\/#\/schema\/logo\/image\/"},"sameAs":["https:\/\/www.facebook.com\/cvinoticias","https:\/\/www.instagram.com\/cvinoticias\/","https:\/\/www.youtube.com\/@CVINOTICIAS"]},{"@type":"Person","@id":"https:\/\/cvinoticias.com\/v3\/#\/schema\/person\/2db77e3c6bc03c538495d7b2b8be9b66","name":"f1000024","image":{"@type":"ImageObject","inLanguage":"es","@id":"https:\/\/secure.gravatar.com\/avatar\/d4fe7459cfc51ff5129ce1a732bbef5928568b8092d412ef95611616376bbeed?s=96&d=mm&r=g","url":"https:\/\/secure.gravatar.com\/avatar\/d4fe7459cfc51ff5129ce1a732bbef5928568b8092d412ef95611616376bbeed?s=96&d=mm&r=g","contentUrl":"https:\/\/secure.gravatar.com\/avatar\/d4fe7459cfc51ff5129ce1a732bbef5928568b8092d412ef95611616376bbeed?s=96&d=mm&r=g","caption":"f1000024"},"url":"https:\/\/cvinoticias.com\/v3\/author\/f1000024\/"}]}},"_links":{"self":[{"href":"https:\/\/cvinoticias.com\/v3\/wp-json\/wp\/v2\/posts\/46757","targetHints":{"allow":["GET"]}}],"collection":[{"href":"https:\/\/cvinoticias.com\/v3\/wp-json\/wp\/v2\/posts"}],"about":[{"href":"https:\/\/cvinoticias.com\/v3\/wp-json\/wp\/v2\/types\/post"}],"author":[{"embeddable":true,"href":"https:\/\/cvinoticias.com\/v3\/wp-json\/wp\/v2\/users\/2"}],"replies":[{"embeddable":true,"href":"https:\/\/cvinoticias.com\/v3\/wp-json\/wp\/v2\/comments?post=46757"}],"version-history":[{"count":2,"href":"https:\/\/cvinoticias.com\/v3\/wp-json\/wp\/v2\/posts\/46757\/revisions"}],"predecessor-version":[{"id":46762,"href":"https:\/\/cvinoticias.com\/v3\/wp-json\/wp\/v2\/posts\/46757\/revisions\/46762"}],"wp:featuredmedia":[{"embeddable":true,"href":"https:\/\/cvinoticias.com\/v3\/wp-json\/wp\/v2\/media\/46759"}],"wp:attachment":[{"href":"https:\/\/cvinoticias.com\/v3\/wp-json\/wp\/v2\/media?parent=46757"}],"wp:term":[{"taxonomy":"category","embeddable":true,"href":"https:\/\/cvinoticias.com\/v3\/wp-json\/wp\/v2\/categories?post=46757"},{"taxonomy":"post_tag","embeddable":true,"href":"https:\/\/cvinoticias.com\/v3\/wp-json\/wp\/v2\/tags?post=46757"}],"curies":[{"name":"wp","href":"https:\/\/api.w.org\/{rel}","templated":true}]}}