{"id":46701,"date":"2025-07-24T11:11:51","date_gmt":"2025-07-24T14:11:51","guid":{"rendered":"https:\/\/cvinoticias.com\/v3\/?p=46701"},"modified":"2025-07-24T11:11:52","modified_gmt":"2025-07-24T14:11:52","slug":"implementaran-el-control-migratorio-unificado-entre-posadas-y-encarnacion-para-agilizar-el-cruce-fronterizo","status":"publish","type":"post","link":"https:\/\/cvinoticias.com\/v3\/implementaran-el-control-migratorio-unificado-entre-posadas-y-encarnacion-para-agilizar-el-cruce-fronterizo\/","title":{"rendered":"Implementar\u00e1n el control migratorio unificado entre Posadas y Encarnaci\u00f3n para agilizar el cruce fronterizo"},"content":{"rendered":"\n<p>A partir del lunes 28 de julio, comenzar\u00e1 a funcionar un plan piloto de control migratorio unificado en el puente internacional San Roque Gonz\u00e1lez de Santa Cruz, que conecta las ciudades de Posadas (Argentina) y Encarnaci\u00f3n (Paraguay).<\/p>\n\n\n\n<p>Con esta nueva modalidad, todos los tr\u00e1mites migratorios de entrada y salida se realizar\u00e1n exclusivamente en el lado argentino, tal como confirmaron las autoridades de ambas naciones. Esta iniciativa tiene como principal objetivo reducir las demoras, las filas y los procedimientos duplicados que actualmente afectan la fluidez del tr\u00e1nsito fronterizo.<\/p>\n\n\n\n<p>La medida fue anunciada por Blas Arzamendia, director de Puestos de Control Migratorio de Itap\u00faa, quien explic\u00f3 que la propuesta consiste en \u201cun solo control, con cabecera \u00fanica en Posadas\u201d. El funcionario tambi\u00e9n aclar\u00f3 que, bajo esta modalidad, ya no se realizar\u00e1n controles migratorios en el lado paraguayo.<\/p>\n\n\n\n<p>Este esquema de control ya est\u00e1 siendo probado desde el pasado 14 de julio en el tren internacional Posadas\u2013Encarnaci\u00f3n, donde toda la gesti\u00f3n migratoria se efect\u00faa en la estaci\u00f3n ubicada del lado argentino. Seg\u00fan Arzamendia, la experiencia ha sido positiva: \u201cTodas las pruebas y trabajos vienen siendo satisfactorios. La experiencia hasta ahora es \u00f3ptima y sigue avanzando con pasos firmes\u201d, afirm\u00f3.<\/p>\n\n\n\n<p>En cuanto al tren, el control unificado se extender\u00e1 hasta el viernes o s\u00e1bado de esta semana, momento en el que se evaluar\u00e1n los resultados para decidir su continuidad o extensi\u00f3n.<\/p>\n\n\n\n<p>La propuesta apunta a mejorar la din\u00e1mica del cruce fronterizo, especialmente en horarios de alto tr\u00e1nsito, beneficiando tanto a trabajadores, turistas como comerciantes que utilizan a diario este corredor clave entre ambos pa\u00edses.<\/p>\n","protected":false},"excerpt":{"rendered":"<p>A partir del lunes 28 de julio, comenzar\u00e1 a funcionar un plan piloto de control migratorio unificado en el puente internacional San Roque Gonz\u00e1lez de Santa Cruz, que conecta las ciudades de Posadas (Argentina) y Encarnaci\u00f3n (Paraguay). Con esta nueva modalidad, todos los tr\u00e1mites migratorios de entrada y salida se realizar\u00e1n exclusivamente en el lado [&hellip;]<\/p>\n","protected":false},"author":2,"featured_media":46702,"comment_status":"open","ping_status":"open","sticky":false,"template":"","format":"standard","meta":{"footnotes":""},"categories":[427,455],"tags":[522,1798,2703,405,3328],"class_list":["post-46701","post","type-post","status-publish","format-standard","has-post-thumbnail","hentry","category-frontera","category-misiones","tag-control","tag-encarnacion","tag-migratorio","tag-posadas","tag-unificado"],"yoast_head":"<!-- This site is optimized with the Yoast SEO plugin v27.5 - https:\/\/yoast.com\/product\/yoast-seo-wordpress\/ -->\n<title>Control migratorio unificado entre Posadas y Encarnaci\u00f3n | CVI NOTICIAS<\/title>\n<meta name=\"description\" content=\"Desde el 28 de julio, aplicar\u00e1n control migratorio unificado en Posadas para agilizar el cruce con Encarnaci\u00f3n.\" \/>\n<meta name=\"robots\" content=\"index, follow, max-snippet:-1, max-image-preview:large, max-video-preview:-1\" \/>\n<link rel=\"canonical\" href=\"https:\/\/cvinoticias.com\/v3\/implementaran-el-control-migratorio-unificado-entre-posadas-y-encarnacion-para-agilizar-el-cruce-fronterizo\/\" \/>\n<meta property=\"og:locale\" content=\"es_ES\" \/>\n<meta property=\"og:type\" content=\"article\" \/>\n<meta property=\"og:title\" content=\"Control migratorio unificado entre Posadas y Encarnaci\u00f3n | CVI NOTICIAS\" \/>\n<meta property=\"og:description\" content=\"Desde el 28 de julio, aplicar\u00e1n control migratorio unificado en Posadas para agilizar el cruce con Encarnaci\u00f3n.\" \/>\n<meta property=\"og:url\" content=\"https:\/\/cvinoticias.com\/v3\/implementaran-el-control-migratorio-unificado-entre-posadas-y-encarnacion-para-agilizar-el-cruce-fronterizo\/\" \/>\n<meta property=\"og:site_name\" content=\"CVI NOTICIAS\" \/>\n<meta property=\"article:publisher\" content=\"https:\/\/www.facebook.com\/cvinoticias\" \/>\n<meta property=\"article:published_time\" content=\"2025-07-24T14:11:51+00:00\" \/>\n<meta property=\"article:modified_time\" content=\"2025-07-24T14:11:52+00:00\" \/>\n<meta property=\"og:image\" content=\"https:\/\/cvinoticias.com\/wp-content\/uploads\/2025\/07\/aduana.png\" \/>\n\t<meta property=\"og:image:width\" content=\"794\" \/>\n\t<meta property=\"og:image:height\" content=\"333\" \/>\n\t<meta property=\"og:image:type\" content=\"image\/png\" \/>\n<meta name=\"author\" content=\"f1000024\" \/>\n<meta name=\"twitter:card\" content=\"summary_large_image\" \/>\n<meta name=\"twitter:label1\" content=\"Escrito por\" \/>\n\t<meta name=\"twitter:data1\" content=\"f1000024\" \/>\n\t<meta name=\"twitter:label2\" content=\"Tiempo de lectura\" \/>\n\t<meta name=\"twitter:data2\" content=\"2 minutos\" \/>\n<script type=\"application\/ld+json\" class=\"yoast-schema-graph\">{\"@context\":\"https:\\\/\\\/schema.org\",\"@graph\":[{\"@type\":\"Article\",\"@id\":\"https:\\\/\\\/cvinoticias.com\\\/v3\\\/implementaran-el-control-migratorio-unificado-entre-posadas-y-encarnacion-para-agilizar-el-cruce-fronterizo\\\/#article\",\"isPartOf\":{\"@id\":\"https:\\\/\\\/cvinoticias.com\\\/v3\\\/implementaran-el-control-migratorio-unificado-entre-posadas-y-encarnacion-para-agilizar-el-cruce-fronterizo\\\/\"},\"author\":{\"name\":\"f1000024\",\"@id\":\"https:\\\/\\\/cvinoticias.com\\\/v3\\\/#\\\/schema\\\/person\\\/2db77e3c6bc03c538495d7b2b8be9b66\"},\"headline\":\"Implementar\u00e1n el control migratorio unificado entre Posadas y Encarnaci\u00f3n para agilizar el cruce fronterizo\",\"datePublished\":\"2025-07-24T14:11:51+00:00\",\"dateModified\":\"2025-07-24T14:11:52+00:00\",\"mainEntityOfPage\":{\"@id\":\"https:\\\/\\\/cvinoticias.com\\\/v3\\\/implementaran-el-control-migratorio-unificado-entre-posadas-y-encarnacion-para-agilizar-el-cruce-fronterizo\\\/\"},\"wordCount\":294,\"commentCount\":0,\"publisher\":{\"@id\":\"https:\\\/\\\/cvinoticias.com\\\/v3\\\/#organization\"},\"image\":{\"@id\":\"https:\\\/\\\/cvinoticias.com\\\/v3\\\/implementaran-el-control-migratorio-unificado-entre-posadas-y-encarnacion-para-agilizar-el-cruce-fronterizo\\\/#primaryimage\"},\"thumbnailUrl\":\"https:\\\/\\\/cvinoticias.com\\\/wp-content\\\/uploads\\\/2025\\\/07\\\/aduana.png\",\"keywords\":[\"Control\",\"Encarnaci\u00f3n\",\"migratorio\",\"Posadas\",\"unificado\"],\"articleSection\":[\"Frontera\",\"Misiones\"],\"inLanguage\":\"es\",\"potentialAction\":[{\"@type\":\"CommentAction\",\"name\":\"Comment\",\"target\":[\"https:\\\/\\\/cvinoticias.com\\\/v3\\\/implementaran-el-control-migratorio-unificado-entre-posadas-y-encarnacion-para-agilizar-el-cruce-fronterizo\\\/#respond\"]}]},{\"@type\":\"WebPage\",\"@id\":\"https:\\\/\\\/cvinoticias.com\\\/v3\\\/implementaran-el-control-migratorio-unificado-entre-posadas-y-encarnacion-para-agilizar-el-cruce-fronterizo\\\/\",\"url\":\"https:\\\/\\\/cvinoticias.com\\\/v3\\\/implementaran-el-control-migratorio-unificado-entre-posadas-y-encarnacion-para-agilizar-el-cruce-fronterizo\\\/\",\"name\":\"Control migratorio unificado entre Posadas y Encarnaci\u00f3n | CVI NOTICIAS\",\"isPartOf\":{\"@id\":\"https:\\\/\\\/cvinoticias.com\\\/v3\\\/#website\"},\"primaryImageOfPage\":{\"@id\":\"https:\\\/\\\/cvinoticias.com\\\/v3\\\/implementaran-el-control-migratorio-unificado-entre-posadas-y-encarnacion-para-agilizar-el-cruce-fronterizo\\\/#primaryimage\"},\"image\":{\"@id\":\"https:\\\/\\\/cvinoticias.com\\\/v3\\\/implementaran-el-control-migratorio-unificado-entre-posadas-y-encarnacion-para-agilizar-el-cruce-fronterizo\\\/#primaryimage\"},\"thumbnailUrl\":\"https:\\\/\\\/cvinoticias.com\\\/wp-content\\\/uploads\\\/2025\\\/07\\\/aduana.png\",\"datePublished\":\"2025-07-24T14:11:51+00:00\",\"dateModified\":\"2025-07-24T14:11:52+00:00\",\"description\":\"Desde el 28 de julio, aplicar\u00e1n control migratorio unificado en Posadas para agilizar el cruce con Encarnaci\u00f3n.\",\"breadcrumb\":{\"@id\":\"https:\\\/\\\/cvinoticias.com\\\/v3\\\/implementaran-el-control-migratorio-unificado-entre-posadas-y-encarnacion-para-agilizar-el-cruce-fronterizo\\\/#breadcrumb\"},\"inLanguage\":\"es\",\"potentialAction\":[{\"@type\":\"ReadAction\",\"target\":[\"https:\\\/\\\/cvinoticias.com\\\/v3\\\/implementaran-el-control-migratorio-unificado-entre-posadas-y-encarnacion-para-agilizar-el-cruce-fronterizo\\\/\"]}]},{\"@type\":\"ImageObject\",\"inLanguage\":\"es\",\"@id\":\"https:\\\/\\\/cvinoticias.com\\\/v3\\\/implementaran-el-control-migratorio-unificado-entre-posadas-y-encarnacion-para-agilizar-el-cruce-fronterizo\\\/#primaryimage\",\"url\":\"https:\\\/\\\/cvinoticias.com\\\/wp-content\\\/uploads\\\/2025\\\/07\\\/aduana.png\",\"contentUrl\":\"https:\\\/\\\/cvinoticias.com\\\/wp-content\\\/uploads\\\/2025\\\/07\\\/aduana.png\",\"width\":794,\"height\":333},{\"@type\":\"BreadcrumbList\",\"@id\":\"https:\\\/\\\/cvinoticias.com\\\/v3\\\/implementaran-el-control-migratorio-unificado-entre-posadas-y-encarnacion-para-agilizar-el-cruce-fronterizo\\\/#breadcrumb\",\"itemListElement\":[{\"@type\":\"ListItem\",\"position\":1,\"name\":\"Portada\",\"item\":\"https:\\\/\\\/cvinoticias.com\\\/v3\\\/\"},{\"@type\":\"ListItem\",\"position\":2,\"name\":\"Implementar\u00e1n el control migratorio unificado entre Posadas y Encarnaci\u00f3n para agilizar el cruce fronterizo\"}]},{\"@type\":\"WebSite\",\"@id\":\"https:\\\/\\\/cvinoticias.com\\\/v3\\\/#website\",\"url\":\"https:\\\/\\\/cvinoticias.com\\\/v3\\\/\",\"name\":\"CVI NOTICIAS\",\"description\":\"\",\"publisher\":{\"@id\":\"https:\\\/\\\/cvinoticias.com\\\/v3\\\/#organization\"},\"alternateName\":\"CVI\",\"potentialAction\":[{\"@type\":\"SearchAction\",\"target\":{\"@type\":\"EntryPoint\",\"urlTemplate\":\"https:\\\/\\\/cvinoticias.com\\\/v3\\\/?s={search_term_string}\"},\"query-input\":{\"@type\":\"PropertyValueSpecification\",\"valueRequired\":true,\"valueName\":\"search_term_string\"}}],\"inLanguage\":\"es\"},{\"@type\":\"Organization\",\"@id\":\"https:\\\/\\\/cvinoticias.com\\\/v3\\\/#organization\",\"name\":\"CVI NOTICIAS\",\"url\":\"https:\\\/\\\/cvinoticias.com\\\/v3\\\/\",\"logo\":{\"@type\":\"ImageObject\",\"inLanguage\":\"es\",\"@id\":\"https:\\\/\\\/cvinoticias.com\\\/v3\\\/#\\\/schema\\\/logo\\\/image\\\/\",\"url\":\"https:\\\/\\\/cvinoticias.com\\\/wp-content\\\/uploads\\\/2023\\\/04\\\/cropped-cropped-cropped-cropped-cropped-3-1.png\",\"contentUrl\":\"https:\\\/\\\/cvinoticias.com\\\/wp-content\\\/uploads\\\/2023\\\/04\\\/cropped-cropped-cropped-cropped-cropped-3-1.png\",\"width\":95,\"height\":122,\"caption\":\"CVI NOTICIAS\"},\"image\":{\"@id\":\"https:\\\/\\\/cvinoticias.com\\\/v3\\\/#\\\/schema\\\/logo\\\/image\\\/\"},\"sameAs\":[\"https:\\\/\\\/www.facebook.com\\\/cvinoticias\",\"https:\\\/\\\/www.instagram.com\\\/cvinoticias\\\/\",\"https:\\\/\\\/www.youtube.com\\\/@CVINOTICIAS\"]},{\"@type\":\"Person\",\"@id\":\"https:\\\/\\\/cvinoticias.com\\\/v3\\\/#\\\/schema\\\/person\\\/2db77e3c6bc03c538495d7b2b8be9b66\",\"name\":\"f1000024\",\"image\":{\"@type\":\"ImageObject\",\"inLanguage\":\"es\",\"@id\":\"https:\\\/\\\/secure.gravatar.com\\\/avatar\\\/d4fe7459cfc51ff5129ce1a732bbef5928568b8092d412ef95611616376bbeed?s=96&d=mm&r=g\",\"url\":\"https:\\\/\\\/secure.gravatar.com\\\/avatar\\\/d4fe7459cfc51ff5129ce1a732bbef5928568b8092d412ef95611616376bbeed?s=96&d=mm&r=g\",\"contentUrl\":\"https:\\\/\\\/secure.gravatar.com\\\/avatar\\\/d4fe7459cfc51ff5129ce1a732bbef5928568b8092d412ef95611616376bbeed?s=96&d=mm&r=g\",\"caption\":\"f1000024\"},\"url\":\"https:\\\/\\\/cvinoticias.com\\\/v3\\\/author\\\/f1000024\\\/\"}]}<\/script>\n<!-- \/ Yoast SEO plugin. -->","yoast_head_json":{"title":"Control migratorio unificado entre Posadas y Encarnaci\u00f3n | CVI NOTICIAS","description":"Desde el 28 de julio, aplicar\u00e1n control migratorio unificado en Posadas para agilizar el cruce con Encarnaci\u00f3n.","robots":{"index":"index","follow":"follow","max-snippet":"max-snippet:-1","max-image-preview":"max-image-preview:large","max-video-preview":"max-video-preview:-1"},"canonical":"https:\/\/cvinoticias.com\/v3\/implementaran-el-control-migratorio-unificado-entre-posadas-y-encarnacion-para-agilizar-el-cruce-fronterizo\/","og_locale":"es_ES","og_type":"article","og_title":"Control migratorio unificado entre Posadas y Encarnaci\u00f3n | CVI NOTICIAS","og_description":"Desde el 28 de julio, aplicar\u00e1n control migratorio unificado en Posadas para agilizar el cruce con Encarnaci\u00f3n.","og_url":"https:\/\/cvinoticias.com\/v3\/implementaran-el-control-migratorio-unificado-entre-posadas-y-encarnacion-para-agilizar-el-cruce-fronterizo\/","og_site_name":"CVI NOTICIAS","article_publisher":"https:\/\/www.facebook.com\/cvinoticias","article_published_time":"2025-07-24T14:11:51+00:00","article_modified_time":"2025-07-24T14:11:52+00:00","og_image":[{"width":794,"height":333,"url":"https:\/\/cvinoticias.com\/wp-content\/uploads\/2025\/07\/aduana.png","type":"image\/png"}],"author":"f1000024","twitter_card":"summary_large_image","twitter_misc":{"Escrito por":"f1000024","Tiempo de lectura":"2 minutos"},"schema":{"@context":"https:\/\/schema.org","@graph":[{"@type":"Article","@id":"https:\/\/cvinoticias.com\/v3\/implementaran-el-control-migratorio-unificado-entre-posadas-y-encarnacion-para-agilizar-el-cruce-fronterizo\/#article","isPartOf":{"@id":"https:\/\/cvinoticias.com\/v3\/implementaran-el-control-migratorio-unificado-entre-posadas-y-encarnacion-para-agilizar-el-cruce-fronterizo\/"},"author":{"name":"f1000024","@id":"https:\/\/cvinoticias.com\/v3\/#\/schema\/person\/2db77e3c6bc03c538495d7b2b8be9b66"},"headline":"Implementar\u00e1n el control migratorio unificado entre Posadas y Encarnaci\u00f3n para agilizar el cruce fronterizo","datePublished":"2025-07-24T14:11:51+00:00","dateModified":"2025-07-24T14:11:52+00:00","mainEntityOfPage":{"@id":"https:\/\/cvinoticias.com\/v3\/implementaran-el-control-migratorio-unificado-entre-posadas-y-encarnacion-para-agilizar-el-cruce-fronterizo\/"},"wordCount":294,"commentCount":0,"publisher":{"@id":"https:\/\/cvinoticias.com\/v3\/#organization"},"image":{"@id":"https:\/\/cvinoticias.com\/v3\/implementaran-el-control-migratorio-unificado-entre-posadas-y-encarnacion-para-agilizar-el-cruce-fronterizo\/#primaryimage"},"thumbnailUrl":"https:\/\/cvinoticias.com\/wp-content\/uploads\/2025\/07\/aduana.png","keywords":["Control","Encarnaci\u00f3n","migratorio","Posadas","unificado"],"articleSection":["Frontera","Misiones"],"inLanguage":"es","potentialAction":[{"@type":"CommentAction","name":"Comment","target":["https:\/\/cvinoticias.com\/v3\/implementaran-el-control-migratorio-unificado-entre-posadas-y-encarnacion-para-agilizar-el-cruce-fronterizo\/#respond"]}]},{"@type":"WebPage","@id":"https:\/\/cvinoticias.com\/v3\/implementaran-el-control-migratorio-unificado-entre-posadas-y-encarnacion-para-agilizar-el-cruce-fronterizo\/","url":"https:\/\/cvinoticias.com\/v3\/implementaran-el-control-migratorio-unificado-entre-posadas-y-encarnacion-para-agilizar-el-cruce-fronterizo\/","name":"Control migratorio unificado entre Posadas y Encarnaci\u00f3n | CVI NOTICIAS","isPartOf":{"@id":"https:\/\/cvinoticias.com\/v3\/#website"},"primaryImageOfPage":{"@id":"https:\/\/cvinoticias.com\/v3\/implementaran-el-control-migratorio-unificado-entre-posadas-y-encarnacion-para-agilizar-el-cruce-fronterizo\/#primaryimage"},"image":{"@id":"https:\/\/cvinoticias.com\/v3\/implementaran-el-control-migratorio-unificado-entre-posadas-y-encarnacion-para-agilizar-el-cruce-fronterizo\/#primaryimage"},"thumbnailUrl":"https:\/\/cvinoticias.com\/wp-content\/uploads\/2025\/07\/aduana.png","datePublished":"2025-07-24T14:11:51+00:00","dateModified":"2025-07-24T14:11:52+00:00","description":"Desde el 28 de julio, aplicar\u00e1n control migratorio unificado en Posadas para agilizar el cruce con Encarnaci\u00f3n.","breadcrumb":{"@id":"https:\/\/cvinoticias.com\/v3\/implementaran-el-control-migratorio-unificado-entre-posadas-y-encarnacion-para-agilizar-el-cruce-fronterizo\/#breadcrumb"},"inLanguage":"es","potentialAction":[{"@type":"ReadAction","target":["https:\/\/cvinoticias.com\/v3\/implementaran-el-control-migratorio-unificado-entre-posadas-y-encarnacion-para-agilizar-el-cruce-fronterizo\/"]}]},{"@type":"ImageObject","inLanguage":"es","@id":"https:\/\/cvinoticias.com\/v3\/implementaran-el-control-migratorio-unificado-entre-posadas-y-encarnacion-para-agilizar-el-cruce-fronterizo\/#primaryimage","url":"https:\/\/cvinoticias.com\/wp-content\/uploads\/2025\/07\/aduana.png","contentUrl":"https:\/\/cvinoticias.com\/wp-content\/uploads\/2025\/07\/aduana.png","width":794,"height":333},{"@type":"BreadcrumbList","@id":"https:\/\/cvinoticias.com\/v3\/implementaran-el-control-migratorio-unificado-entre-posadas-y-encarnacion-para-agilizar-el-cruce-fronterizo\/#breadcrumb","itemListElement":[{"@type":"ListItem","position":1,"name":"Portada","item":"https:\/\/cvinoticias.com\/v3\/"},{"@type":"ListItem","position":2,"name":"Implementar\u00e1n el control migratorio unificado entre Posadas y Encarnaci\u00f3n para agilizar el cruce fronterizo"}]},{"@type":"WebSite","@id":"https:\/\/cvinoticias.com\/v3\/#website","url":"https:\/\/cvinoticias.com\/v3\/","name":"CVI NOTICIAS","description":"","publisher":{"@id":"https:\/\/cvinoticias.com\/v3\/#organization"},"alternateName":"CVI","potentialAction":[{"@type":"SearchAction","target":{"@type":"EntryPoint","urlTemplate":"https:\/\/cvinoticias.com\/v3\/?s={search_term_string}"},"query-input":{"@type":"PropertyValueSpecification","valueRequired":true,"valueName":"search_term_string"}}],"inLanguage":"es"},{"@type":"Organization","@id":"https:\/\/cvinoticias.com\/v3\/#organization","name":"CVI NOTICIAS","url":"https:\/\/cvinoticias.com\/v3\/","logo":{"@type":"ImageObject","inLanguage":"es","@id":"https:\/\/cvinoticias.com\/v3\/#\/schema\/logo\/image\/","url":"https:\/\/cvinoticias.com\/wp-content\/uploads\/2023\/04\/cropped-cropped-cropped-cropped-cropped-3-1.png","contentUrl":"https:\/\/cvinoticias.com\/wp-content\/uploads\/2023\/04\/cropped-cropped-cropped-cropped-cropped-3-1.png","width":95,"height":122,"caption":"CVI NOTICIAS"},"image":{"@id":"https:\/\/cvinoticias.com\/v3\/#\/schema\/logo\/image\/"},"sameAs":["https:\/\/www.facebook.com\/cvinoticias","https:\/\/www.instagram.com\/cvinoticias\/","https:\/\/www.youtube.com\/@CVINOTICIAS"]},{"@type":"Person","@id":"https:\/\/cvinoticias.com\/v3\/#\/schema\/person\/2db77e3c6bc03c538495d7b2b8be9b66","name":"f1000024","image":{"@type":"ImageObject","inLanguage":"es","@id":"https:\/\/secure.gravatar.com\/avatar\/d4fe7459cfc51ff5129ce1a732bbef5928568b8092d412ef95611616376bbeed?s=96&d=mm&r=g","url":"https:\/\/secure.gravatar.com\/avatar\/d4fe7459cfc51ff5129ce1a732bbef5928568b8092d412ef95611616376bbeed?s=96&d=mm&r=g","contentUrl":"https:\/\/secure.gravatar.com\/avatar\/d4fe7459cfc51ff5129ce1a732bbef5928568b8092d412ef95611616376bbeed?s=96&d=mm&r=g","caption":"f1000024"},"url":"https:\/\/cvinoticias.com\/v3\/author\/f1000024\/"}]}},"_links":{"self":[{"href":"https:\/\/cvinoticias.com\/v3\/wp-json\/wp\/v2\/posts\/46701","targetHints":{"allow":["GET"]}}],"collection":[{"href":"https:\/\/cvinoticias.com\/v3\/wp-json\/wp\/v2\/posts"}],"about":[{"href":"https:\/\/cvinoticias.com\/v3\/wp-json\/wp\/v2\/types\/post"}],"author":[{"embeddable":true,"href":"https:\/\/cvinoticias.com\/v3\/wp-json\/wp\/v2\/users\/2"}],"replies":[{"embeddable":true,"href":"https:\/\/cvinoticias.com\/v3\/wp-json\/wp\/v2\/comments?post=46701"}],"version-history":[{"count":1,"href":"https:\/\/cvinoticias.com\/v3\/wp-json\/wp\/v2\/posts\/46701\/revisions"}],"predecessor-version":[{"id":46703,"href":"https:\/\/cvinoticias.com\/v3\/wp-json\/wp\/v2\/posts\/46701\/revisions\/46703"}],"wp:featuredmedia":[{"embeddable":true,"href":"https:\/\/cvinoticias.com\/v3\/wp-json\/wp\/v2\/media\/46702"}],"wp:attachment":[{"href":"https:\/\/cvinoticias.com\/v3\/wp-json\/wp\/v2\/media?parent=46701"}],"wp:term":[{"taxonomy":"category","embeddable":true,"href":"https:\/\/cvinoticias.com\/v3\/wp-json\/wp\/v2\/categories?post=46701"},{"taxonomy":"post_tag","embeddable":true,"href":"https:\/\/cvinoticias.com\/v3\/wp-json\/wp\/v2\/tags?post=46701"}],"curies":[{"name":"wp","href":"https:\/\/api.w.org\/{rel}","templated":true}]}}