{"id":4647,"date":"2021-04-28T07:48:19","date_gmt":"2021-04-28T07:48:19","guid":{"rendered":"https:\/\/cvinoticias.com\/v3\/?p=4647"},"modified":"2021-04-28T07:48:19","modified_gmt":"2021-04-28T07:48:19","slug":"repudiable-declaracion-de-bullrich-el-gobierno-podria-haberle-dado-las-islas-malvinas-a-pfizer","status":"publish","type":"post","link":"https:\/\/cvinoticias.com\/v3\/repudiable-declaracion-de-bullrich-el-gobierno-podria-haberle-dado-las-islas-malvinas-a-pfizer\/","title":{"rendered":"Repudiable declaraci\u00f3n de Bullrich: \u201cEl Gobierno podr\u00eda haberle dado las Islas Malvinas a Pfizer\u201d"},"content":{"rendered":"\n<p><strong><em>\u00abPfizer no pidi\u00f3 cambio a la ley, lo \u00fanico que pidi\u00f3 fue un seguro de cauci\u00f3n, como se lo pidi\u00f3 a todos los pa\u00edses del mundo, que es algo razonable\u00bb, evalu\u00f3 Bullrich sobre la falta de acuerdo del Estado nacional con el laboratorio norteamericano para la compra de vacunas contra el coronavirus.<\/em><\/strong><\/p>\n\n\n\n<p>La ex ministra de Seguridad y presidenta del PRO, Patricia Bullrich, consider\u00f3 este martes que el Gobierno nacional \u201cpodr\u00eda haberle dado\u201d las Islas Malvinas al laboratorio estadounidense Pfizer para acordar la provisi\u00f3n de vacunas contra el coronavirus, al se\u00f1alar que las demandas de esa empresa farmac\u00e9utica son \u201crazonables\u201d, y tales expresiones generaron fuertes repudios de altos funcionarios, como el canciller Felipe Sol\u00e1.<\/p>\n\n\n\n<p>\u201cPfizer no pidi\u00f3 cambio a la ley, lo \u00fanico que pidi\u00f3 fue un seguro de cauci\u00f3n, como se lo pidi\u00f3 a todos los pa\u00edses del mundo, que es algo razonable\u201d, evalu\u00f3 Bullrich sobre la falta de acuerdo del Estado nacional con el laboratorio norteamericano para la compra de vacunas contra el coronavirus.<\/p>\n\n\n\n<p>En declaraciones al canal La Naci\u00f3n+, la ex funcionaria plante\u00f3 que Pfizer \u201cno pidi\u00f3 los hielos continentales\u201d, aunque a\u00f1adi\u00f3 que \u201clas Islas Malvinas se la podr\u00edamos haber dado\u201d.<\/p>\n\n\n\n<p>Luego, en Twitter, intent\u00f3 aclarar sus palabras y dijo: \u201cFrente a las mentiras por la cual no se compraron vacunas, ejemplifiqu\u00e9 que el Gobierno dijo cualquier cosa: hasta que pod\u00edamos entregar las Malvinas o los glaciares. Si me expres\u00e9 mal, ratifico mi posici\u00f3n a favor de nuestra completa soberan\u00eda sobre las Islas Malvinas\u201d.<\/p>\n\n\n\n<p>El canciller Sol\u00e1 le sali\u00f3 al cruce con un tuit en el que sostuvo que \u201cla frase brutal de Bullrich sobre Malvinas es coherente con lo que hizo su gobierno. Pol\u00edtica de entrega y sumisi\u00f3n, desprecio por nuestras causas nacionales. Olvido imperdonable del sacrificio de los 649 h\u00e9roes argentinos que quedaron all\u00e1\u201d.<\/p>\n\n\n\n<p>Y se pregunt\u00f3: \u201c\u00bfBullrich no tiene Patria?\u201d.<\/p>\n\n\n\n<p>\u00abMalvinas\u00bb:<br>Por las declaraciones de Patricia Bullrich en #MasRealidad pic.twitter.com\/5Ijaiqnwpq<\/p>\n\n\n\n<p>\u2014 \u00bfPor qu\u00e9 es tendencia? (@porquetendencia) April 28, 2021<\/p>\n\n\n\n<p>El secretario de Malvinas, Ant\u00e1rtida y Atl\u00e1ntico Sur, Daniel Filmus, afirm\u00f3 que la dirigente macrista \u201cdesconoce nuestra Constituci\u00f3n Nacional y le falta el respeto a 45 millones de argentinos\/as, especialmente a quienes dieron su vida por defender las Islas\u201d.<\/p>\n\n\n\n<p>Tras sostener que fueron \u201cdeclaraciones de gravedad sin precedentes\u201d, Bullrich \u201cpropone entregar nuestros derechos de soberan\u00eda sobre las Islas Malvinas a cambio de las vacunas Pfizer. Es el mejor ejemplo de las pol\u00edticas de entrega de la soberan\u00eda nacional que aplicaron Mauricio Macri y Cambiemos\u201d.<\/p>\n\n\n\n<p>El gobernador de Tierra del Fuego, Ant\u00e1rtida e Islas del Atl\u00e1ntico Sur, Gustavo Melella, expres\u00f3 su \u201crechazo y total repudio a los dichos expresados por Bullrich, que nos vuelve a mostrar la peor cara del proceso desmalvinizador que debimos soportar en los cuatro a\u00f1os de Mauricio Macri\u201d.<\/p>\n\n\n\n<p>\u201cDecir que Argentina \u2018tranquilamente\u2019 podr\u00eda \u2018entregar\u2019 las islas Malvinas es de un grado de irresponsabilidad pocas veces visto y una falta de respeto a la memoria de los Ca\u00eddos en la Guerra de 1982\u201d, enfatiz\u00f3.<\/p>\n\n\n\n<p>Melella sostuvo que \u201cpersonalmente le exijo a Patricia Bullrich que pida disculpas al pueblo argentino, en especial al pueblo fueguino, a nuestros Veteranos de Guerra y a las familias de los h\u00e9roes que descansan en el Cementerio de Darwin\u201d.<\/p>\n\n\n\n<p>La agrupaci\u00f3n La C\u00e1mpora tambi\u00e9n se pronunci\u00f3 y asever\u00f3 que \u201cno hay palabras que sirvan para describir el repudio y el rechazo que generan las declaraciones de Bullrich\u201d.<\/p>\n\n\n\n<p>\u201cLa presidenta del PRO ofreciendo las Malvinas Argentinas a una farmac\u00e9utica. Muestra gratis de lo que hubiese sido esta pandemia si gobernaran ella, (el jefe de Gobierno porte\u00f1o Horacio Rodr\u00edguez) Larreta y Macri\u201d, dijo en Twitter.<\/p>\n\n\n\n<p>La ex ministra de Seguridad macrista viene llamando la atenci\u00f3n en el \u00faltimo tiempo con sus intervenciones contra la pol\u00edtica sanitaria del Gobierno nacional para contener la segunda ola de coronavirus.<\/p>\n\n\n\n<p>Una de sus acciones m\u00e1s recientes fue la presentaci\u00f3n de un amparo contra el DNU 241\/21 que estableci\u00f3 nuevas medidas de restricci\u00f3n en la circulaci\u00f3n y varias actividades para reducir los contagios.<\/p>\n\n\n\n<p>Por su parte, la asesora presidencial Cecilia Nicolini afirm\u00f3 este martes que se retomaron las negociaciones con Pfizer para \u201cavanzar en un posible contrato\u201d para la adquisici\u00f3n de vacunas, en tanto asegur\u00f3 que el Gobierno nacional espera comenzar a recibir en mayo las dosis de Oxford-AstraZeneca.<\/p>\n\n\n\n<p>Mientras tanto, el diario estadounidense The New York Times se refiri\u00f3 recientemente en un editorial a las demandas excesivas hechas por Pfizer a algunos pa\u00edses para venderles su vacuna y consider\u00f3 \u201ccomprensible\u201d que estos se hayan resistido a aceptarlas.<\/p>\n\n\n\n<p>Si bien la vacuna del gigante farmac\u00e9utico estadounidense es la segunda m\u00e1s aprobada en todo el mundo, por detr\u00e1s de la de AstraZeneca, varios pa\u00edses no pudieron adquirirla por desencuentros a la hora de cerrar los contratos.<\/p>\n\n\n\n<p>\u201cSeg\u00fan los informes, Pfizer no solo ha buscado protecci\u00f3n de responsabilidad contra todos los reclamos civiles, incluso aquellos que podr\u00edan resultar de la propia negligencia de la compa\u00f1\u00eda, sino que ha pedido a los gobiernos que aporten activos soberanos, incluidas sus reservas bancarias, edificios de embajadas y bases militares, como garant\u00eda contra juicios\u201d, se\u00f1al\u00f3 el diario estadounidense en un art\u00edculo de opini\u00f3n.<\/p>\n","protected":false},"excerpt":{"rendered":"<p>\u00abPfizer no pidi\u00f3 cambio a la ley, lo \u00fanico que pidi\u00f3 fue un seguro de cauci\u00f3n, como se lo pidi\u00f3 a todos los pa\u00edses del mundo, que es algo razonable\u00bb, evalu\u00f3 Bullrich sobre la falta de acuerdo del Estado nacional con el laboratorio norteamericano para la compra de vacunas contra el coronavirus. La ex ministra [&hellip;]<\/p>\n","protected":false},"author":2,"featured_media":4649,"comment_status":"open","ping_status":"open","sticky":false,"template":"","format":"standard","meta":{"footnotes":""},"categories":[39],"tags":[],"class_list":["post-4647","post","type-post","status-publish","format-standard","has-post-thumbnail","hentry","category-nacionales"],"yoast_head":"<!-- This site is optimized with the Yoast SEO plugin v27.5 - https:\/\/yoast.com\/product\/yoast-seo-wordpress\/ -->\n<title>Repudiable declaraci\u00f3n de Bullrich: \u201cEl Gobierno podr\u00eda haberle dado las Islas Malvinas a Pfizer\u201d | CVI NOTICIAS<\/title>\n<meta name=\"robots\" content=\"index, follow, max-snippet:-1, max-image-preview:large, max-video-preview:-1\" \/>\n<link rel=\"canonical\" href=\"https:\/\/cvinoticias.com\/v3\/repudiable-declaracion-de-bullrich-el-gobierno-podria-haberle-dado-las-islas-malvinas-a-pfizer\/\" \/>\n<meta property=\"og:locale\" content=\"es_ES\" \/>\n<meta property=\"og:type\" content=\"article\" \/>\n<meta property=\"og:title\" content=\"Repudiable declaraci\u00f3n de Bullrich: \u201cEl Gobierno podr\u00eda haberle dado las Islas Malvinas a Pfizer\u201d | CVI NOTICIAS\" \/>\n<meta property=\"og:description\" content=\"\u00abPfizer no pidi\u00f3 cambio a la ley, lo \u00fanico que pidi\u00f3 fue un seguro de cauci\u00f3n, como se lo pidi\u00f3 a todos los pa\u00edses del mundo, que es algo razonable\u00bb, evalu\u00f3 Bullrich sobre la falta de acuerdo del Estado nacional con el laboratorio norteamericano para la compra de vacunas contra el coronavirus. La ex ministra [&hellip;]\" \/>\n<meta property=\"og:url\" content=\"https:\/\/cvinoticias.com\/v3\/repudiable-declaracion-de-bullrich-el-gobierno-podria-haberle-dado-las-islas-malvinas-a-pfizer\/\" \/>\n<meta property=\"og:site_name\" content=\"CVI NOTICIAS\" \/>\n<meta property=\"article:publisher\" content=\"https:\/\/www.facebook.com\/cvinoticias\" \/>\n<meta property=\"article:published_time\" content=\"2021-04-28T07:48:19+00:00\" \/>\n<meta property=\"og:image\" content=\"https:\/\/cvinoticias.com\/wp-content\/uploads\/2021\/04\/images-7.jpeg\" \/>\n\t<meta property=\"og:image:width\" content=\"300\" \/>\n\t<meta property=\"og:image:height\" content=\"168\" \/>\n\t<meta property=\"og:image:type\" content=\"image\/jpeg\" \/>\n<meta name=\"author\" content=\"f1000024\" \/>\n<meta name=\"twitter:card\" content=\"summary_large_image\" \/>\n<meta name=\"twitter:label1\" content=\"Escrito por\" \/>\n\t<meta name=\"twitter:data1\" content=\"f1000024\" \/>\n\t<meta name=\"twitter:label2\" content=\"Tiempo de lectura\" \/>\n\t<meta name=\"twitter:data2\" content=\"4 minutos\" \/>\n<script type=\"application\/ld+json\" class=\"yoast-schema-graph\">{\"@context\":\"https:\\\/\\\/schema.org\",\"@graph\":[{\"@type\":\"Article\",\"@id\":\"https:\\\/\\\/cvinoticias.com\\\/v3\\\/repudiable-declaracion-de-bullrich-el-gobierno-podria-haberle-dado-las-islas-malvinas-a-pfizer\\\/#article\",\"isPartOf\":{\"@id\":\"https:\\\/\\\/cvinoticias.com\\\/v3\\\/repudiable-declaracion-de-bullrich-el-gobierno-podria-haberle-dado-las-islas-malvinas-a-pfizer\\\/\"},\"author\":{\"name\":\"f1000024\",\"@id\":\"https:\\\/\\\/cvinoticias.com\\\/v3\\\/#\\\/schema\\\/person\\\/2db77e3c6bc03c538495d7b2b8be9b66\"},\"headline\":\"Repudiable declaraci\u00f3n de Bullrich: \u201cEl Gobierno podr\u00eda haberle dado las Islas Malvinas a Pfizer\u201d\",\"datePublished\":\"2021-04-28T07:48:19+00:00\",\"mainEntityOfPage\":{\"@id\":\"https:\\\/\\\/cvinoticias.com\\\/v3\\\/repudiable-declaracion-de-bullrich-el-gobierno-podria-haberle-dado-las-islas-malvinas-a-pfizer\\\/\"},\"wordCount\":909,\"commentCount\":0,\"publisher\":{\"@id\":\"https:\\\/\\\/cvinoticias.com\\\/v3\\\/#organization\"},\"image\":{\"@id\":\"https:\\\/\\\/cvinoticias.com\\\/v3\\\/repudiable-declaracion-de-bullrich-el-gobierno-podria-haberle-dado-las-islas-malvinas-a-pfizer\\\/#primaryimage\"},\"thumbnailUrl\":\"https:\\\/\\\/cvinoticias.com\\\/wp-content\\\/uploads\\\/2021\\\/04\\\/images-7.jpeg\",\"articleSection\":[\"Nacionales\"],\"inLanguage\":\"es\",\"potentialAction\":[{\"@type\":\"CommentAction\",\"name\":\"Comment\",\"target\":[\"https:\\\/\\\/cvinoticias.com\\\/v3\\\/repudiable-declaracion-de-bullrich-el-gobierno-podria-haberle-dado-las-islas-malvinas-a-pfizer\\\/#respond\"]}]},{\"@type\":\"WebPage\",\"@id\":\"https:\\\/\\\/cvinoticias.com\\\/v3\\\/repudiable-declaracion-de-bullrich-el-gobierno-podria-haberle-dado-las-islas-malvinas-a-pfizer\\\/\",\"url\":\"https:\\\/\\\/cvinoticias.com\\\/v3\\\/repudiable-declaracion-de-bullrich-el-gobierno-podria-haberle-dado-las-islas-malvinas-a-pfizer\\\/\",\"name\":\"Repudiable declaraci\u00f3n de Bullrich: \u201cEl Gobierno podr\u00eda haberle dado las Islas Malvinas a Pfizer\u201d | CVI NOTICIAS\",\"isPartOf\":{\"@id\":\"https:\\\/\\\/cvinoticias.com\\\/v3\\\/#website\"},\"primaryImageOfPage\":{\"@id\":\"https:\\\/\\\/cvinoticias.com\\\/v3\\\/repudiable-declaracion-de-bullrich-el-gobierno-podria-haberle-dado-las-islas-malvinas-a-pfizer\\\/#primaryimage\"},\"image\":{\"@id\":\"https:\\\/\\\/cvinoticias.com\\\/v3\\\/repudiable-declaracion-de-bullrich-el-gobierno-podria-haberle-dado-las-islas-malvinas-a-pfizer\\\/#primaryimage\"},\"thumbnailUrl\":\"https:\\\/\\\/cvinoticias.com\\\/wp-content\\\/uploads\\\/2021\\\/04\\\/images-7.jpeg\",\"datePublished\":\"2021-04-28T07:48:19+00:00\",\"breadcrumb\":{\"@id\":\"https:\\\/\\\/cvinoticias.com\\\/v3\\\/repudiable-declaracion-de-bullrich-el-gobierno-podria-haberle-dado-las-islas-malvinas-a-pfizer\\\/#breadcrumb\"},\"inLanguage\":\"es\",\"potentialAction\":[{\"@type\":\"ReadAction\",\"target\":[\"https:\\\/\\\/cvinoticias.com\\\/v3\\\/repudiable-declaracion-de-bullrich-el-gobierno-podria-haberle-dado-las-islas-malvinas-a-pfizer\\\/\"]}]},{\"@type\":\"ImageObject\",\"inLanguage\":\"es\",\"@id\":\"https:\\\/\\\/cvinoticias.com\\\/v3\\\/repudiable-declaracion-de-bullrich-el-gobierno-podria-haberle-dado-las-islas-malvinas-a-pfizer\\\/#primaryimage\",\"url\":\"https:\\\/\\\/cvinoticias.com\\\/wp-content\\\/uploads\\\/2021\\\/04\\\/images-7.jpeg\",\"contentUrl\":\"https:\\\/\\\/cvinoticias.com\\\/wp-content\\\/uploads\\\/2021\\\/04\\\/images-7.jpeg\",\"width\":300,\"height\":168},{\"@type\":\"BreadcrumbList\",\"@id\":\"https:\\\/\\\/cvinoticias.com\\\/v3\\\/repudiable-declaracion-de-bullrich-el-gobierno-podria-haberle-dado-las-islas-malvinas-a-pfizer\\\/#breadcrumb\",\"itemListElement\":[{\"@type\":\"ListItem\",\"position\":1,\"name\":\"Portada\",\"item\":\"https:\\\/\\\/cvinoticias.com\\\/v3\\\/\"},{\"@type\":\"ListItem\",\"position\":2,\"name\":\"Repudiable declaraci\u00f3n de Bullrich: \u201cEl Gobierno podr\u00eda haberle dado las Islas Malvinas a Pfizer\u201d\"}]},{\"@type\":\"WebSite\",\"@id\":\"https:\\\/\\\/cvinoticias.com\\\/v3\\\/#website\",\"url\":\"https:\\\/\\\/cvinoticias.com\\\/v3\\\/\",\"name\":\"CVI NOTICIAS\",\"description\":\"\",\"publisher\":{\"@id\":\"https:\\\/\\\/cvinoticias.com\\\/v3\\\/#organization\"},\"alternateName\":\"CVI\",\"potentialAction\":[{\"@type\":\"SearchAction\",\"target\":{\"@type\":\"EntryPoint\",\"urlTemplate\":\"https:\\\/\\\/cvinoticias.com\\\/v3\\\/?s={search_term_string}\"},\"query-input\":{\"@type\":\"PropertyValueSpecification\",\"valueRequired\":true,\"valueName\":\"search_term_string\"}}],\"inLanguage\":\"es\"},{\"@type\":\"Organization\",\"@id\":\"https:\\\/\\\/cvinoticias.com\\\/v3\\\/#organization\",\"name\":\"CVI NOTICIAS\",\"url\":\"https:\\\/\\\/cvinoticias.com\\\/v3\\\/\",\"logo\":{\"@type\":\"ImageObject\",\"inLanguage\":\"es\",\"@id\":\"https:\\\/\\\/cvinoticias.com\\\/v3\\\/#\\\/schema\\\/logo\\\/image\\\/\",\"url\":\"https:\\\/\\\/cvinoticias.com\\\/wp-content\\\/uploads\\\/2023\\\/04\\\/cropped-cropped-cropped-cropped-cropped-3-1.png\",\"contentUrl\":\"https:\\\/\\\/cvinoticias.com\\\/wp-content\\\/uploads\\\/2023\\\/04\\\/cropped-cropped-cropped-cropped-cropped-3-1.png\",\"width\":95,\"height\":122,\"caption\":\"CVI NOTICIAS\"},\"image\":{\"@id\":\"https:\\\/\\\/cvinoticias.com\\\/v3\\\/#\\\/schema\\\/logo\\\/image\\\/\"},\"sameAs\":[\"https:\\\/\\\/www.facebook.com\\\/cvinoticias\",\"https:\\\/\\\/www.instagram.com\\\/cvinoticias\\\/\",\"https:\\\/\\\/www.youtube.com\\\/@CVINOTICIAS\"]},{\"@type\":\"Person\",\"@id\":\"https:\\\/\\\/cvinoticias.com\\\/v3\\\/#\\\/schema\\\/person\\\/2db77e3c6bc03c538495d7b2b8be9b66\",\"name\":\"f1000024\",\"image\":{\"@type\":\"ImageObject\",\"inLanguage\":\"es\",\"@id\":\"https:\\\/\\\/secure.gravatar.com\\\/avatar\\\/d4fe7459cfc51ff5129ce1a732bbef5928568b8092d412ef95611616376bbeed?s=96&d=mm&r=g\",\"url\":\"https:\\\/\\\/secure.gravatar.com\\\/avatar\\\/d4fe7459cfc51ff5129ce1a732bbef5928568b8092d412ef95611616376bbeed?s=96&d=mm&r=g\",\"contentUrl\":\"https:\\\/\\\/secure.gravatar.com\\\/avatar\\\/d4fe7459cfc51ff5129ce1a732bbef5928568b8092d412ef95611616376bbeed?s=96&d=mm&r=g\",\"caption\":\"f1000024\"},\"url\":\"https:\\\/\\\/cvinoticias.com\\\/v3\\\/author\\\/f1000024\\\/\"}]}<\/script>\n<!-- \/ Yoast SEO plugin. -->","yoast_head_json":{"title":"Repudiable declaraci\u00f3n de Bullrich: \u201cEl Gobierno podr\u00eda haberle dado las Islas Malvinas a Pfizer\u201d | CVI NOTICIAS","robots":{"index":"index","follow":"follow","max-snippet":"max-snippet:-1","max-image-preview":"max-image-preview:large","max-video-preview":"max-video-preview:-1"},"canonical":"https:\/\/cvinoticias.com\/v3\/repudiable-declaracion-de-bullrich-el-gobierno-podria-haberle-dado-las-islas-malvinas-a-pfizer\/","og_locale":"es_ES","og_type":"article","og_title":"Repudiable declaraci\u00f3n de Bullrich: \u201cEl Gobierno podr\u00eda haberle dado las Islas Malvinas a Pfizer\u201d | CVI NOTICIAS","og_description":"\u00abPfizer no pidi\u00f3 cambio a la ley, lo \u00fanico que pidi\u00f3 fue un seguro de cauci\u00f3n, como se lo pidi\u00f3 a todos los pa\u00edses del mundo, que es algo razonable\u00bb, evalu\u00f3 Bullrich sobre la falta de acuerdo del Estado nacional con el laboratorio norteamericano para la compra de vacunas contra el coronavirus. La ex ministra [&hellip;]","og_url":"https:\/\/cvinoticias.com\/v3\/repudiable-declaracion-de-bullrich-el-gobierno-podria-haberle-dado-las-islas-malvinas-a-pfizer\/","og_site_name":"CVI NOTICIAS","article_publisher":"https:\/\/www.facebook.com\/cvinoticias","article_published_time":"2021-04-28T07:48:19+00:00","og_image":[{"width":300,"height":168,"url":"https:\/\/cvinoticias.com\/wp-content\/uploads\/2021\/04\/images-7.jpeg","type":"image\/jpeg"}],"author":"f1000024","twitter_card":"summary_large_image","twitter_misc":{"Escrito por":"f1000024","Tiempo de lectura":"4 minutos"},"schema":{"@context":"https:\/\/schema.org","@graph":[{"@type":"Article","@id":"https:\/\/cvinoticias.com\/v3\/repudiable-declaracion-de-bullrich-el-gobierno-podria-haberle-dado-las-islas-malvinas-a-pfizer\/#article","isPartOf":{"@id":"https:\/\/cvinoticias.com\/v3\/repudiable-declaracion-de-bullrich-el-gobierno-podria-haberle-dado-las-islas-malvinas-a-pfizer\/"},"author":{"name":"f1000024","@id":"https:\/\/cvinoticias.com\/v3\/#\/schema\/person\/2db77e3c6bc03c538495d7b2b8be9b66"},"headline":"Repudiable declaraci\u00f3n de Bullrich: \u201cEl Gobierno podr\u00eda haberle dado las Islas Malvinas a Pfizer\u201d","datePublished":"2021-04-28T07:48:19+00:00","mainEntityOfPage":{"@id":"https:\/\/cvinoticias.com\/v3\/repudiable-declaracion-de-bullrich-el-gobierno-podria-haberle-dado-las-islas-malvinas-a-pfizer\/"},"wordCount":909,"commentCount":0,"publisher":{"@id":"https:\/\/cvinoticias.com\/v3\/#organization"},"image":{"@id":"https:\/\/cvinoticias.com\/v3\/repudiable-declaracion-de-bullrich-el-gobierno-podria-haberle-dado-las-islas-malvinas-a-pfizer\/#primaryimage"},"thumbnailUrl":"https:\/\/cvinoticias.com\/wp-content\/uploads\/2021\/04\/images-7.jpeg","articleSection":["Nacionales"],"inLanguage":"es","potentialAction":[{"@type":"CommentAction","name":"Comment","target":["https:\/\/cvinoticias.com\/v3\/repudiable-declaracion-de-bullrich-el-gobierno-podria-haberle-dado-las-islas-malvinas-a-pfizer\/#respond"]}]},{"@type":"WebPage","@id":"https:\/\/cvinoticias.com\/v3\/repudiable-declaracion-de-bullrich-el-gobierno-podria-haberle-dado-las-islas-malvinas-a-pfizer\/","url":"https:\/\/cvinoticias.com\/v3\/repudiable-declaracion-de-bullrich-el-gobierno-podria-haberle-dado-las-islas-malvinas-a-pfizer\/","name":"Repudiable declaraci\u00f3n de Bullrich: \u201cEl Gobierno podr\u00eda haberle dado las Islas Malvinas a Pfizer\u201d | CVI NOTICIAS","isPartOf":{"@id":"https:\/\/cvinoticias.com\/v3\/#website"},"primaryImageOfPage":{"@id":"https:\/\/cvinoticias.com\/v3\/repudiable-declaracion-de-bullrich-el-gobierno-podria-haberle-dado-las-islas-malvinas-a-pfizer\/#primaryimage"},"image":{"@id":"https:\/\/cvinoticias.com\/v3\/repudiable-declaracion-de-bullrich-el-gobierno-podria-haberle-dado-las-islas-malvinas-a-pfizer\/#primaryimage"},"thumbnailUrl":"https:\/\/cvinoticias.com\/wp-content\/uploads\/2021\/04\/images-7.jpeg","datePublished":"2021-04-28T07:48:19+00:00","breadcrumb":{"@id":"https:\/\/cvinoticias.com\/v3\/repudiable-declaracion-de-bullrich-el-gobierno-podria-haberle-dado-las-islas-malvinas-a-pfizer\/#breadcrumb"},"inLanguage":"es","potentialAction":[{"@type":"ReadAction","target":["https:\/\/cvinoticias.com\/v3\/repudiable-declaracion-de-bullrich-el-gobierno-podria-haberle-dado-las-islas-malvinas-a-pfizer\/"]}]},{"@type":"ImageObject","inLanguage":"es","@id":"https:\/\/cvinoticias.com\/v3\/repudiable-declaracion-de-bullrich-el-gobierno-podria-haberle-dado-las-islas-malvinas-a-pfizer\/#primaryimage","url":"https:\/\/cvinoticias.com\/wp-content\/uploads\/2021\/04\/images-7.jpeg","contentUrl":"https:\/\/cvinoticias.com\/wp-content\/uploads\/2021\/04\/images-7.jpeg","width":300,"height":168},{"@type":"BreadcrumbList","@id":"https:\/\/cvinoticias.com\/v3\/repudiable-declaracion-de-bullrich-el-gobierno-podria-haberle-dado-las-islas-malvinas-a-pfizer\/#breadcrumb","itemListElement":[{"@type":"ListItem","position":1,"name":"Portada","item":"https:\/\/cvinoticias.com\/v3\/"},{"@type":"ListItem","position":2,"name":"Repudiable declaraci\u00f3n de Bullrich: \u201cEl Gobierno podr\u00eda haberle dado las Islas Malvinas a Pfizer\u201d"}]},{"@type":"WebSite","@id":"https:\/\/cvinoticias.com\/v3\/#website","url":"https:\/\/cvinoticias.com\/v3\/","name":"CVI NOTICIAS","description":"","publisher":{"@id":"https:\/\/cvinoticias.com\/v3\/#organization"},"alternateName":"CVI","potentialAction":[{"@type":"SearchAction","target":{"@type":"EntryPoint","urlTemplate":"https:\/\/cvinoticias.com\/v3\/?s={search_term_string}"},"query-input":{"@type":"PropertyValueSpecification","valueRequired":true,"valueName":"search_term_string"}}],"inLanguage":"es"},{"@type":"Organization","@id":"https:\/\/cvinoticias.com\/v3\/#organization","name":"CVI NOTICIAS","url":"https:\/\/cvinoticias.com\/v3\/","logo":{"@type":"ImageObject","inLanguage":"es","@id":"https:\/\/cvinoticias.com\/v3\/#\/schema\/logo\/image\/","url":"https:\/\/cvinoticias.com\/wp-content\/uploads\/2023\/04\/cropped-cropped-cropped-cropped-cropped-3-1.png","contentUrl":"https:\/\/cvinoticias.com\/wp-content\/uploads\/2023\/04\/cropped-cropped-cropped-cropped-cropped-3-1.png","width":95,"height":122,"caption":"CVI NOTICIAS"},"image":{"@id":"https:\/\/cvinoticias.com\/v3\/#\/schema\/logo\/image\/"},"sameAs":["https:\/\/www.facebook.com\/cvinoticias","https:\/\/www.instagram.com\/cvinoticias\/","https:\/\/www.youtube.com\/@CVINOTICIAS"]},{"@type":"Person","@id":"https:\/\/cvinoticias.com\/v3\/#\/schema\/person\/2db77e3c6bc03c538495d7b2b8be9b66","name":"f1000024","image":{"@type":"ImageObject","inLanguage":"es","@id":"https:\/\/secure.gravatar.com\/avatar\/d4fe7459cfc51ff5129ce1a732bbef5928568b8092d412ef95611616376bbeed?s=96&d=mm&r=g","url":"https:\/\/secure.gravatar.com\/avatar\/d4fe7459cfc51ff5129ce1a732bbef5928568b8092d412ef95611616376bbeed?s=96&d=mm&r=g","contentUrl":"https:\/\/secure.gravatar.com\/avatar\/d4fe7459cfc51ff5129ce1a732bbef5928568b8092d412ef95611616376bbeed?s=96&d=mm&r=g","caption":"f1000024"},"url":"https:\/\/cvinoticias.com\/v3\/author\/f1000024\/"}]}},"_links":{"self":[{"href":"https:\/\/cvinoticias.com\/v3\/wp-json\/wp\/v2\/posts\/4647","targetHints":{"allow":["GET"]}}],"collection":[{"href":"https:\/\/cvinoticias.com\/v3\/wp-json\/wp\/v2\/posts"}],"about":[{"href":"https:\/\/cvinoticias.com\/v3\/wp-json\/wp\/v2\/types\/post"}],"author":[{"embeddable":true,"href":"https:\/\/cvinoticias.com\/v3\/wp-json\/wp\/v2\/users\/2"}],"replies":[{"embeddable":true,"href":"https:\/\/cvinoticias.com\/v3\/wp-json\/wp\/v2\/comments?post=4647"}],"version-history":[{"count":1,"href":"https:\/\/cvinoticias.com\/v3\/wp-json\/wp\/v2\/posts\/4647\/revisions"}],"predecessor-version":[{"id":4650,"href":"https:\/\/cvinoticias.com\/v3\/wp-json\/wp\/v2\/posts\/4647\/revisions\/4650"}],"wp:featuredmedia":[{"embeddable":true,"href":"https:\/\/cvinoticias.com\/v3\/wp-json\/wp\/v2\/media\/4649"}],"wp:attachment":[{"href":"https:\/\/cvinoticias.com\/v3\/wp-json\/wp\/v2\/media?parent=4647"}],"wp:term":[{"taxonomy":"category","embeddable":true,"href":"https:\/\/cvinoticias.com\/v3\/wp-json\/wp\/v2\/categories?post=4647"},{"taxonomy":"post_tag","embeddable":true,"href":"https:\/\/cvinoticias.com\/v3\/wp-json\/wp\/v2\/tags?post=4647"}],"curies":[{"name":"wp","href":"https:\/\/api.w.org\/{rel}","templated":true}]}}