{"id":46408,"date":"2025-07-16T17:01:42","date_gmt":"2025-07-16T20:01:42","guid":{"rendered":"https:\/\/cvinoticias.com\/v3\/?p=46408"},"modified":"2025-07-16T17:01:51","modified_gmt":"2025-07-16T20:01:51","slug":"se-realizara-un-taller-gratuito-de-cine-abierto-a-la-comunidad","status":"publish","type":"post","link":"https:\/\/cvinoticias.com\/v3\/se-realizara-un-taller-gratuito-de-cine-abierto-a-la-comunidad\/","title":{"rendered":"Se realizar\u00e1 un taller gratuito de cine abierto a la comunidad"},"content":{"rendered":"\n<p>Este jueves a partir de las 18 horas, se llevar\u00e1 a cabo un taller de cine gratuito y abierto a todo p\u00fablico en las instalaciones del Ente Municipal de Turismo (ITUREM).<\/p>\n\n\n\n<p>En di\u00e1logo con CVI Noticias, el actor y director Gonzalo Gim\u00e9nez explic\u00f3 que este primer encuentro ser\u00e1 una introducci\u00f3n al trabajo audiovisual desde distintos enfoques: \u201cEn este primer taller nos encontraremos en la escena, y desde ah\u00ed vamos a empezar a entender todo el complemento del cine\u201d, sostuvo.<\/p>\n\n\n\n<p>La propuesta est\u00e1 dirigida tanto a personas con experiencia como a quienes se acercan por primera vez al mundo del cine. Durante el encuentro se abrir\u00e1 un espacio de intercambio para conocer las expectativas de los participantes: \u201cAlgunos se enfocan m\u00e1s en la actuaci\u00f3n, otros en la producci\u00f3n, y la idea es que todos puedan entender c\u00f3mo se complementa una realizaci\u00f3n cinematogr\u00e1fica\u201d, enfatiz\u00f3.<\/p>\n\n\n\n<p>El taller busca incentivar la formaci\u00f3n local en el \u00e1mbito audiovisual y fomentar la creaci\u00f3n colectiva en la ciudad.<\/p>\n\n\n\n<p>Entrevista con: Gonzalo Gim\u00e9nez (Actor y Director)<\/p>\n","protected":false},"excerpt":{"rendered":"<p>Este jueves a partir de las 18 horas, se llevar\u00e1 a cabo un taller de cine gratuito y abierto a todo p\u00fablico en las instalaciones del Ente Municipal de Turismo (ITUREM). En di\u00e1logo con CVI Noticias, el actor y director Gonzalo Gim\u00e9nez explic\u00f3 que este primer encuentro ser\u00e1 una introducci\u00f3n al trabajo audiovisual desde distintos [&hellip;]<\/p>\n","protected":false},"author":2,"featured_media":46409,"comment_status":"open","ping_status":"open","sticky":false,"template":"","format":"standard","meta":{"footnotes":""},"categories":[47],"tags":[528,1946,569],"class_list":["post-46408","post","type-post","status-publish","format-standard","has-post-thumbnail","hentry","category-sociedad","tag-cine","tag-gratuito","tag-taller"],"yoast_head":"<!-- This site is optimized with the Yoast SEO plugin v27.5 - https:\/\/yoast.com\/product\/yoast-seo-wordpress\/ -->\n<title>Taller gratuito de cine en Iguaz\u00fa abierto a la comunidad | CVI NOTICIAS<\/title>\n<meta name=\"description\" content=\"Este jueves habr\u00e1 un taller gratuito de cine en Iguaz\u00fa. Ser\u00e1 abierto a todo p\u00fablico y dictado por Gonzalo Gim\u00e9nez.\" \/>\n<meta name=\"robots\" content=\"index, follow, max-snippet:-1, max-image-preview:large, max-video-preview:-1\" \/>\n<link rel=\"canonical\" href=\"https:\/\/cvinoticias.com\/v3\/se-realizara-un-taller-gratuito-de-cine-abierto-a-la-comunidad\/\" \/>\n<meta property=\"og:locale\" content=\"es_ES\" \/>\n<meta property=\"og:type\" content=\"article\" \/>\n<meta property=\"og:title\" content=\"Taller gratuito de cine en Iguaz\u00fa abierto a la comunidad | CVI NOTICIAS\" \/>\n<meta property=\"og:description\" content=\"Este jueves habr\u00e1 un taller gratuito de cine en Iguaz\u00fa. Ser\u00e1 abierto a todo p\u00fablico y dictado por Gonzalo Gim\u00e9nez.\" \/>\n<meta property=\"og:url\" content=\"https:\/\/cvinoticias.com\/v3\/se-realizara-un-taller-gratuito-de-cine-abierto-a-la-comunidad\/\" \/>\n<meta property=\"og:site_name\" content=\"CVI NOTICIAS\" \/>\n<meta property=\"article:publisher\" content=\"https:\/\/www.facebook.com\/cvinoticias\" \/>\n<meta property=\"article:published_time\" content=\"2025-07-16T20:01:42+00:00\" \/>\n<meta property=\"article:modified_time\" content=\"2025-07-16T20:01:51+00:00\" \/>\n<meta property=\"og:image\" content=\"https:\/\/cvinoticias.com\/wp-content\/uploads\/2025\/07\/taller-cine.png\" \/>\n\t<meta property=\"og:image:width\" content=\"321\" \/>\n\t<meta property=\"og:image:height\" content=\"402\" \/>\n\t<meta property=\"og:image:type\" content=\"image\/png\" \/>\n<meta name=\"author\" content=\"f1000024\" \/>\n<meta name=\"twitter:card\" content=\"summary_large_image\" \/>\n<meta name=\"twitter:label1\" content=\"Escrito por\" \/>\n\t<meta name=\"twitter:data1\" content=\"f1000024\" \/>\n\t<meta name=\"twitter:label2\" content=\"Tiempo de lectura\" \/>\n\t<meta name=\"twitter:data2\" content=\"1 minuto\" \/>\n<script type=\"application\/ld+json\" class=\"yoast-schema-graph\">{\"@context\":\"https:\\\/\\\/schema.org\",\"@graph\":[{\"@type\":\"Article\",\"@id\":\"https:\\\/\\\/cvinoticias.com\\\/v3\\\/se-realizara-un-taller-gratuito-de-cine-abierto-a-la-comunidad\\\/#article\",\"isPartOf\":{\"@id\":\"https:\\\/\\\/cvinoticias.com\\\/v3\\\/se-realizara-un-taller-gratuito-de-cine-abierto-a-la-comunidad\\\/\"},\"author\":{\"name\":\"f1000024\",\"@id\":\"https:\\\/\\\/cvinoticias.com\\\/v3\\\/#\\\/schema\\\/person\\\/2db77e3c6bc03c538495d7b2b8be9b66\"},\"headline\":\"Se realizar\u00e1 un taller gratuito de cine abierto a la comunidad\",\"datePublished\":\"2025-07-16T20:01:42+00:00\",\"dateModified\":\"2025-07-16T20:01:51+00:00\",\"mainEntityOfPage\":{\"@id\":\"https:\\\/\\\/cvinoticias.com\\\/v3\\\/se-realizara-un-taller-gratuito-de-cine-abierto-a-la-comunidad\\\/\"},\"wordCount\":191,\"commentCount\":0,\"publisher\":{\"@id\":\"https:\\\/\\\/cvinoticias.com\\\/v3\\\/#organization\"},\"image\":{\"@id\":\"https:\\\/\\\/cvinoticias.com\\\/v3\\\/se-realizara-un-taller-gratuito-de-cine-abierto-a-la-comunidad\\\/#primaryimage\"},\"thumbnailUrl\":\"https:\\\/\\\/cvinoticias.com\\\/wp-content\\\/uploads\\\/2025\\\/07\\\/taller-cine.png\",\"keywords\":[\"Cine\",\"gratuito\",\"Taller\"],\"articleSection\":[\"Sociedad\"],\"inLanguage\":\"es\",\"potentialAction\":[{\"@type\":\"CommentAction\",\"name\":\"Comment\",\"target\":[\"https:\\\/\\\/cvinoticias.com\\\/v3\\\/se-realizara-un-taller-gratuito-de-cine-abierto-a-la-comunidad\\\/#respond\"]}]},{\"@type\":\"WebPage\",\"@id\":\"https:\\\/\\\/cvinoticias.com\\\/v3\\\/se-realizara-un-taller-gratuito-de-cine-abierto-a-la-comunidad\\\/\",\"url\":\"https:\\\/\\\/cvinoticias.com\\\/v3\\\/se-realizara-un-taller-gratuito-de-cine-abierto-a-la-comunidad\\\/\",\"name\":\"Taller gratuito de cine en Iguaz\u00fa abierto a la comunidad | CVI NOTICIAS\",\"isPartOf\":{\"@id\":\"https:\\\/\\\/cvinoticias.com\\\/v3\\\/#website\"},\"primaryImageOfPage\":{\"@id\":\"https:\\\/\\\/cvinoticias.com\\\/v3\\\/se-realizara-un-taller-gratuito-de-cine-abierto-a-la-comunidad\\\/#primaryimage\"},\"image\":{\"@id\":\"https:\\\/\\\/cvinoticias.com\\\/v3\\\/se-realizara-un-taller-gratuito-de-cine-abierto-a-la-comunidad\\\/#primaryimage\"},\"thumbnailUrl\":\"https:\\\/\\\/cvinoticias.com\\\/wp-content\\\/uploads\\\/2025\\\/07\\\/taller-cine.png\",\"datePublished\":\"2025-07-16T20:01:42+00:00\",\"dateModified\":\"2025-07-16T20:01:51+00:00\",\"description\":\"Este jueves habr\u00e1 un taller gratuito de cine en Iguaz\u00fa. Ser\u00e1 abierto a todo p\u00fablico y dictado por Gonzalo Gim\u00e9nez.\",\"breadcrumb\":{\"@id\":\"https:\\\/\\\/cvinoticias.com\\\/v3\\\/se-realizara-un-taller-gratuito-de-cine-abierto-a-la-comunidad\\\/#breadcrumb\"},\"inLanguage\":\"es\",\"potentialAction\":[{\"@type\":\"ReadAction\",\"target\":[\"https:\\\/\\\/cvinoticias.com\\\/v3\\\/se-realizara-un-taller-gratuito-de-cine-abierto-a-la-comunidad\\\/\"]}]},{\"@type\":\"ImageObject\",\"inLanguage\":\"es\",\"@id\":\"https:\\\/\\\/cvinoticias.com\\\/v3\\\/se-realizara-un-taller-gratuito-de-cine-abierto-a-la-comunidad\\\/#primaryimage\",\"url\":\"https:\\\/\\\/cvinoticias.com\\\/wp-content\\\/uploads\\\/2025\\\/07\\\/taller-cine.png\",\"contentUrl\":\"https:\\\/\\\/cvinoticias.com\\\/wp-content\\\/uploads\\\/2025\\\/07\\\/taller-cine.png\",\"width\":321,\"height\":402},{\"@type\":\"BreadcrumbList\",\"@id\":\"https:\\\/\\\/cvinoticias.com\\\/v3\\\/se-realizara-un-taller-gratuito-de-cine-abierto-a-la-comunidad\\\/#breadcrumb\",\"itemListElement\":[{\"@type\":\"ListItem\",\"position\":1,\"name\":\"Portada\",\"item\":\"https:\\\/\\\/cvinoticias.com\\\/v3\\\/\"},{\"@type\":\"ListItem\",\"position\":2,\"name\":\"Se realizar\u00e1 un taller gratuito de cine abierto a la comunidad\"}]},{\"@type\":\"WebSite\",\"@id\":\"https:\\\/\\\/cvinoticias.com\\\/v3\\\/#website\",\"url\":\"https:\\\/\\\/cvinoticias.com\\\/v3\\\/\",\"name\":\"CVI NOTICIAS\",\"description\":\"\",\"publisher\":{\"@id\":\"https:\\\/\\\/cvinoticias.com\\\/v3\\\/#organization\"},\"alternateName\":\"CVI\",\"potentialAction\":[{\"@type\":\"SearchAction\",\"target\":{\"@type\":\"EntryPoint\",\"urlTemplate\":\"https:\\\/\\\/cvinoticias.com\\\/v3\\\/?s={search_term_string}\"},\"query-input\":{\"@type\":\"PropertyValueSpecification\",\"valueRequired\":true,\"valueName\":\"search_term_string\"}}],\"inLanguage\":\"es\"},{\"@type\":\"Organization\",\"@id\":\"https:\\\/\\\/cvinoticias.com\\\/v3\\\/#organization\",\"name\":\"CVI NOTICIAS\",\"url\":\"https:\\\/\\\/cvinoticias.com\\\/v3\\\/\",\"logo\":{\"@type\":\"ImageObject\",\"inLanguage\":\"es\",\"@id\":\"https:\\\/\\\/cvinoticias.com\\\/v3\\\/#\\\/schema\\\/logo\\\/image\\\/\",\"url\":\"https:\\\/\\\/cvinoticias.com\\\/wp-content\\\/uploads\\\/2023\\\/04\\\/cropped-cropped-cropped-cropped-cropped-3-1.png\",\"contentUrl\":\"https:\\\/\\\/cvinoticias.com\\\/wp-content\\\/uploads\\\/2023\\\/04\\\/cropped-cropped-cropped-cropped-cropped-3-1.png\",\"width\":95,\"height\":122,\"caption\":\"CVI NOTICIAS\"},\"image\":{\"@id\":\"https:\\\/\\\/cvinoticias.com\\\/v3\\\/#\\\/schema\\\/logo\\\/image\\\/\"},\"sameAs\":[\"https:\\\/\\\/www.facebook.com\\\/cvinoticias\",\"https:\\\/\\\/www.instagram.com\\\/cvinoticias\\\/\",\"https:\\\/\\\/www.youtube.com\\\/@CVINOTICIAS\"]},{\"@type\":\"Person\",\"@id\":\"https:\\\/\\\/cvinoticias.com\\\/v3\\\/#\\\/schema\\\/person\\\/2db77e3c6bc03c538495d7b2b8be9b66\",\"name\":\"f1000024\",\"image\":{\"@type\":\"ImageObject\",\"inLanguage\":\"es\",\"@id\":\"https:\\\/\\\/secure.gravatar.com\\\/avatar\\\/d4fe7459cfc51ff5129ce1a732bbef5928568b8092d412ef95611616376bbeed?s=96&d=mm&r=g\",\"url\":\"https:\\\/\\\/secure.gravatar.com\\\/avatar\\\/d4fe7459cfc51ff5129ce1a732bbef5928568b8092d412ef95611616376bbeed?s=96&d=mm&r=g\",\"contentUrl\":\"https:\\\/\\\/secure.gravatar.com\\\/avatar\\\/d4fe7459cfc51ff5129ce1a732bbef5928568b8092d412ef95611616376bbeed?s=96&d=mm&r=g\",\"caption\":\"f1000024\"},\"url\":\"https:\\\/\\\/cvinoticias.com\\\/v3\\\/author\\\/f1000024\\\/\"}]}<\/script>\n<!-- \/ Yoast SEO plugin. -->","yoast_head_json":{"title":"Taller gratuito de cine en Iguaz\u00fa abierto a la comunidad | CVI NOTICIAS","description":"Este jueves habr\u00e1 un taller gratuito de cine en Iguaz\u00fa. Ser\u00e1 abierto a todo p\u00fablico y dictado por Gonzalo Gim\u00e9nez.","robots":{"index":"index","follow":"follow","max-snippet":"max-snippet:-1","max-image-preview":"max-image-preview:large","max-video-preview":"max-video-preview:-1"},"canonical":"https:\/\/cvinoticias.com\/v3\/se-realizara-un-taller-gratuito-de-cine-abierto-a-la-comunidad\/","og_locale":"es_ES","og_type":"article","og_title":"Taller gratuito de cine en Iguaz\u00fa abierto a la comunidad | CVI NOTICIAS","og_description":"Este jueves habr\u00e1 un taller gratuito de cine en Iguaz\u00fa. Ser\u00e1 abierto a todo p\u00fablico y dictado por Gonzalo Gim\u00e9nez.","og_url":"https:\/\/cvinoticias.com\/v3\/se-realizara-un-taller-gratuito-de-cine-abierto-a-la-comunidad\/","og_site_name":"CVI NOTICIAS","article_publisher":"https:\/\/www.facebook.com\/cvinoticias","article_published_time":"2025-07-16T20:01:42+00:00","article_modified_time":"2025-07-16T20:01:51+00:00","og_image":[{"width":321,"height":402,"url":"https:\/\/cvinoticias.com\/wp-content\/uploads\/2025\/07\/taller-cine.png","type":"image\/png"}],"author":"f1000024","twitter_card":"summary_large_image","twitter_misc":{"Escrito por":"f1000024","Tiempo de lectura":"1 minuto"},"schema":{"@context":"https:\/\/schema.org","@graph":[{"@type":"Article","@id":"https:\/\/cvinoticias.com\/v3\/se-realizara-un-taller-gratuito-de-cine-abierto-a-la-comunidad\/#article","isPartOf":{"@id":"https:\/\/cvinoticias.com\/v3\/se-realizara-un-taller-gratuito-de-cine-abierto-a-la-comunidad\/"},"author":{"name":"f1000024","@id":"https:\/\/cvinoticias.com\/v3\/#\/schema\/person\/2db77e3c6bc03c538495d7b2b8be9b66"},"headline":"Se realizar\u00e1 un taller gratuito de cine abierto a la comunidad","datePublished":"2025-07-16T20:01:42+00:00","dateModified":"2025-07-16T20:01:51+00:00","mainEntityOfPage":{"@id":"https:\/\/cvinoticias.com\/v3\/se-realizara-un-taller-gratuito-de-cine-abierto-a-la-comunidad\/"},"wordCount":191,"commentCount":0,"publisher":{"@id":"https:\/\/cvinoticias.com\/v3\/#organization"},"image":{"@id":"https:\/\/cvinoticias.com\/v3\/se-realizara-un-taller-gratuito-de-cine-abierto-a-la-comunidad\/#primaryimage"},"thumbnailUrl":"https:\/\/cvinoticias.com\/wp-content\/uploads\/2025\/07\/taller-cine.png","keywords":["Cine","gratuito","Taller"],"articleSection":["Sociedad"],"inLanguage":"es","potentialAction":[{"@type":"CommentAction","name":"Comment","target":["https:\/\/cvinoticias.com\/v3\/se-realizara-un-taller-gratuito-de-cine-abierto-a-la-comunidad\/#respond"]}]},{"@type":"WebPage","@id":"https:\/\/cvinoticias.com\/v3\/se-realizara-un-taller-gratuito-de-cine-abierto-a-la-comunidad\/","url":"https:\/\/cvinoticias.com\/v3\/se-realizara-un-taller-gratuito-de-cine-abierto-a-la-comunidad\/","name":"Taller gratuito de cine en Iguaz\u00fa abierto a la comunidad | CVI NOTICIAS","isPartOf":{"@id":"https:\/\/cvinoticias.com\/v3\/#website"},"primaryImageOfPage":{"@id":"https:\/\/cvinoticias.com\/v3\/se-realizara-un-taller-gratuito-de-cine-abierto-a-la-comunidad\/#primaryimage"},"image":{"@id":"https:\/\/cvinoticias.com\/v3\/se-realizara-un-taller-gratuito-de-cine-abierto-a-la-comunidad\/#primaryimage"},"thumbnailUrl":"https:\/\/cvinoticias.com\/wp-content\/uploads\/2025\/07\/taller-cine.png","datePublished":"2025-07-16T20:01:42+00:00","dateModified":"2025-07-16T20:01:51+00:00","description":"Este jueves habr\u00e1 un taller gratuito de cine en Iguaz\u00fa. Ser\u00e1 abierto a todo p\u00fablico y dictado por Gonzalo Gim\u00e9nez.","breadcrumb":{"@id":"https:\/\/cvinoticias.com\/v3\/se-realizara-un-taller-gratuito-de-cine-abierto-a-la-comunidad\/#breadcrumb"},"inLanguage":"es","potentialAction":[{"@type":"ReadAction","target":["https:\/\/cvinoticias.com\/v3\/se-realizara-un-taller-gratuito-de-cine-abierto-a-la-comunidad\/"]}]},{"@type":"ImageObject","inLanguage":"es","@id":"https:\/\/cvinoticias.com\/v3\/se-realizara-un-taller-gratuito-de-cine-abierto-a-la-comunidad\/#primaryimage","url":"https:\/\/cvinoticias.com\/wp-content\/uploads\/2025\/07\/taller-cine.png","contentUrl":"https:\/\/cvinoticias.com\/wp-content\/uploads\/2025\/07\/taller-cine.png","width":321,"height":402},{"@type":"BreadcrumbList","@id":"https:\/\/cvinoticias.com\/v3\/se-realizara-un-taller-gratuito-de-cine-abierto-a-la-comunidad\/#breadcrumb","itemListElement":[{"@type":"ListItem","position":1,"name":"Portada","item":"https:\/\/cvinoticias.com\/v3\/"},{"@type":"ListItem","position":2,"name":"Se realizar\u00e1 un taller gratuito de cine abierto a la comunidad"}]},{"@type":"WebSite","@id":"https:\/\/cvinoticias.com\/v3\/#website","url":"https:\/\/cvinoticias.com\/v3\/","name":"CVI NOTICIAS","description":"","publisher":{"@id":"https:\/\/cvinoticias.com\/v3\/#organization"},"alternateName":"CVI","potentialAction":[{"@type":"SearchAction","target":{"@type":"EntryPoint","urlTemplate":"https:\/\/cvinoticias.com\/v3\/?s={search_term_string}"},"query-input":{"@type":"PropertyValueSpecification","valueRequired":true,"valueName":"search_term_string"}}],"inLanguage":"es"},{"@type":"Organization","@id":"https:\/\/cvinoticias.com\/v3\/#organization","name":"CVI NOTICIAS","url":"https:\/\/cvinoticias.com\/v3\/","logo":{"@type":"ImageObject","inLanguage":"es","@id":"https:\/\/cvinoticias.com\/v3\/#\/schema\/logo\/image\/","url":"https:\/\/cvinoticias.com\/wp-content\/uploads\/2023\/04\/cropped-cropped-cropped-cropped-cropped-3-1.png","contentUrl":"https:\/\/cvinoticias.com\/wp-content\/uploads\/2023\/04\/cropped-cropped-cropped-cropped-cropped-3-1.png","width":95,"height":122,"caption":"CVI NOTICIAS"},"image":{"@id":"https:\/\/cvinoticias.com\/v3\/#\/schema\/logo\/image\/"},"sameAs":["https:\/\/www.facebook.com\/cvinoticias","https:\/\/www.instagram.com\/cvinoticias\/","https:\/\/www.youtube.com\/@CVINOTICIAS"]},{"@type":"Person","@id":"https:\/\/cvinoticias.com\/v3\/#\/schema\/person\/2db77e3c6bc03c538495d7b2b8be9b66","name":"f1000024","image":{"@type":"ImageObject","inLanguage":"es","@id":"https:\/\/secure.gravatar.com\/avatar\/d4fe7459cfc51ff5129ce1a732bbef5928568b8092d412ef95611616376bbeed?s=96&d=mm&r=g","url":"https:\/\/secure.gravatar.com\/avatar\/d4fe7459cfc51ff5129ce1a732bbef5928568b8092d412ef95611616376bbeed?s=96&d=mm&r=g","contentUrl":"https:\/\/secure.gravatar.com\/avatar\/d4fe7459cfc51ff5129ce1a732bbef5928568b8092d412ef95611616376bbeed?s=96&d=mm&r=g","caption":"f1000024"},"url":"https:\/\/cvinoticias.com\/v3\/author\/f1000024\/"}]}},"_links":{"self":[{"href":"https:\/\/cvinoticias.com\/v3\/wp-json\/wp\/v2\/posts\/46408","targetHints":{"allow":["GET"]}}],"collection":[{"href":"https:\/\/cvinoticias.com\/v3\/wp-json\/wp\/v2\/posts"}],"about":[{"href":"https:\/\/cvinoticias.com\/v3\/wp-json\/wp\/v2\/types\/post"}],"author":[{"embeddable":true,"href":"https:\/\/cvinoticias.com\/v3\/wp-json\/wp\/v2\/users\/2"}],"replies":[{"embeddable":true,"href":"https:\/\/cvinoticias.com\/v3\/wp-json\/wp\/v2\/comments?post=46408"}],"version-history":[{"count":1,"href":"https:\/\/cvinoticias.com\/v3\/wp-json\/wp\/v2\/posts\/46408\/revisions"}],"predecessor-version":[{"id":46410,"href":"https:\/\/cvinoticias.com\/v3\/wp-json\/wp\/v2\/posts\/46408\/revisions\/46410"}],"wp:featuredmedia":[{"embeddable":true,"href":"https:\/\/cvinoticias.com\/v3\/wp-json\/wp\/v2\/media\/46409"}],"wp:attachment":[{"href":"https:\/\/cvinoticias.com\/v3\/wp-json\/wp\/v2\/media?parent=46408"}],"wp:term":[{"taxonomy":"category","embeddable":true,"href":"https:\/\/cvinoticias.com\/v3\/wp-json\/wp\/v2\/categories?post=46408"},{"taxonomy":"post_tag","embeddable":true,"href":"https:\/\/cvinoticias.com\/v3\/wp-json\/wp\/v2\/tags?post=46408"}],"curies":[{"name":"wp","href":"https:\/\/api.w.org\/{rel}","templated":true}]}}