{"id":46290,"date":"2025-07-15T08:30:53","date_gmt":"2025-07-15T11:30:53","guid":{"rendered":"https:\/\/cvinoticias.com\/v3\/?p=46290"},"modified":"2025-07-15T08:30:54","modified_gmt":"2025-07-15T11:30:54","slug":"tiempo-calido-y-sin-lluvias-para-este-martes-en-misiones","status":"publish","type":"post","link":"https:\/\/cvinoticias.com\/v3\/tiempo-calido-y-sin-lluvias-para-este-martes-en-misiones\/","title":{"rendered":"Tiempo c\u00e1lido y sin lluvias para este martes en Misiones"},"content":{"rendered":"\n<p>Este martes 15 de julio, la provincia de Misiones vivir\u00e1 otra jornada con condiciones clim\u00e1ticas propias de la primavera. De acuerdo al informe emitido por la Direcci\u00f3n General de Alerta Temprana, se espera estabilidad en toda la regi\u00f3n, con predominio del sol y temperaturas elevadas para esta \u00e9poca del a\u00f1o.<\/p>\n\n\n\n<p>Las temperaturas m\u00ednimas oscilar\u00e1n entre los 12 y 15 \u00b0C, mientras que las m\u00e1ximas alcanzar\u00e1n valores entre 23 y 28 \u00b0C, superando los promedios habituales del invierno misionero. En este contexto, Ap\u00f3stoles marcar\u00eda la m\u00e1xima del d\u00eda con 28 \u00b0C, y San Pedro tendr\u00eda la m\u00ednima m\u00e1s baja con 12 \u00b0C.<\/p>\n\n\n\n<p>No se esperan precipitaciones, y los vientos soplar\u00e1n leves a moderados desde el noreste, con posibles r\u00e1fagas de entre 20 y 40 km\/h. La calidad del aire se mantendr\u00e1 en niveles moderados.<\/p>\n","protected":false},"excerpt":{"rendered":"<p>Este martes 15 de julio, la provincia de Misiones vivir\u00e1 otra jornada con condiciones clim\u00e1ticas propias de la primavera. De acuerdo al informe emitido por la Direcci\u00f3n General de Alerta Temprana, se espera estabilidad en toda la regi\u00f3n, con predominio del sol y temperaturas elevadas para esta \u00e9poca del a\u00f1o. Las temperaturas m\u00ednimas oscilar\u00e1n entre [&hellip;]<\/p>\n","protected":false},"author":2,"featured_media":46291,"comment_status":"open","ping_status":"open","sticky":false,"template":"","format":"standard","meta":{"footnotes":""},"categories":[1146],"tags":[1148,278],"class_list":["post-46290","post","type-post","status-publish","format-standard","has-post-thumbnail","hentry","category-tiempo","tag-clima","tag-misiones"],"yoast_head":"<!-- This site is optimized with the Yoast SEO plugin v27.5 - https:\/\/yoast.com\/product\/yoast-seo-wordpress\/ -->\n<title>Tiempo en Misiones: martes con sol y temperaturas elevadas | CVI NOTICIAS<\/title>\n<meta name=\"description\" content=\"El martes 15 de julio se espera sol y calor inusual en Misiones, con m\u00e1ximas de hasta 28 \u00b0C.\" \/>\n<meta name=\"robots\" content=\"index, follow, max-snippet:-1, max-image-preview:large, max-video-preview:-1\" \/>\n<link rel=\"canonical\" href=\"https:\/\/cvinoticias.com\/v3\/tiempo-calido-y-sin-lluvias-para-este-martes-en-misiones\/\" \/>\n<meta property=\"og:locale\" content=\"es_ES\" \/>\n<meta property=\"og:type\" content=\"article\" \/>\n<meta property=\"og:title\" content=\"Tiempo en Misiones: martes con sol y temperaturas elevadas | CVI NOTICIAS\" \/>\n<meta property=\"og:description\" content=\"El martes 15 de julio se espera sol y calor inusual en Misiones, con m\u00e1ximas de hasta 28 \u00b0C.\" \/>\n<meta property=\"og:url\" content=\"https:\/\/cvinoticias.com\/v3\/tiempo-calido-y-sin-lluvias-para-este-martes-en-misiones\/\" \/>\n<meta property=\"og:site_name\" content=\"CVI NOTICIAS\" \/>\n<meta property=\"article:publisher\" content=\"https:\/\/www.facebook.com\/cvinoticias\" \/>\n<meta property=\"article:published_time\" content=\"2025-07-15T11:30:53+00:00\" \/>\n<meta property=\"article:modified_time\" content=\"2025-07-15T11:30:54+00:00\" \/>\n<meta property=\"og:image\" content=\"https:\/\/cvinoticias.com\/wp-content\/uploads\/2025\/07\/FB_IMG_1752578894481.jpg\" \/>\n\t<meta property=\"og:image:width\" content=\"1440\" \/>\n\t<meta property=\"og:image:height\" content=\"1440\" \/>\n\t<meta property=\"og:image:type\" content=\"image\/jpeg\" \/>\n<meta name=\"author\" content=\"f1000024\" \/>\n<meta name=\"twitter:card\" content=\"summary_large_image\" \/>\n<meta name=\"twitter:label1\" content=\"Escrito por\" \/>\n\t<meta name=\"twitter:data1\" content=\"f1000024\" \/>\n\t<meta name=\"twitter:label2\" content=\"Tiempo de lectura\" \/>\n\t<meta name=\"twitter:data2\" content=\"1 minuto\" \/>\n<script type=\"application\/ld+json\" class=\"yoast-schema-graph\">{\"@context\":\"https:\\\/\\\/schema.org\",\"@graph\":[{\"@type\":\"Article\",\"@id\":\"https:\\\/\\\/cvinoticias.com\\\/v3\\\/tiempo-calido-y-sin-lluvias-para-este-martes-en-misiones\\\/#article\",\"isPartOf\":{\"@id\":\"https:\\\/\\\/cvinoticias.com\\\/v3\\\/tiempo-calido-y-sin-lluvias-para-este-martes-en-misiones\\\/\"},\"author\":{\"name\":\"f1000024\",\"@id\":\"https:\\\/\\\/cvinoticias.com\\\/v3\\\/#\\\/schema\\\/person\\\/2db77e3c6bc03c538495d7b2b8be9b66\"},\"headline\":\"Tiempo c\u00e1lido y sin lluvias para este martes en Misiones\",\"datePublished\":\"2025-07-15T11:30:53+00:00\",\"dateModified\":\"2025-07-15T11:30:54+00:00\",\"mainEntityOfPage\":{\"@id\":\"https:\\\/\\\/cvinoticias.com\\\/v3\\\/tiempo-calido-y-sin-lluvias-para-este-martes-en-misiones\\\/\"},\"wordCount\":153,\"commentCount\":0,\"publisher\":{\"@id\":\"https:\\\/\\\/cvinoticias.com\\\/v3\\\/#organization\"},\"image\":{\"@id\":\"https:\\\/\\\/cvinoticias.com\\\/v3\\\/tiempo-calido-y-sin-lluvias-para-este-martes-en-misiones\\\/#primaryimage\"},\"thumbnailUrl\":\"https:\\\/\\\/cvinoticias.com\\\/wp-content\\\/uploads\\\/2025\\\/07\\\/FB_IMG_1752578894481.jpg\",\"keywords\":[\"Clima\",\"Misiones\"],\"articleSection\":[\"Tiempo\"],\"inLanguage\":\"es\",\"potentialAction\":[{\"@type\":\"CommentAction\",\"name\":\"Comment\",\"target\":[\"https:\\\/\\\/cvinoticias.com\\\/v3\\\/tiempo-calido-y-sin-lluvias-para-este-martes-en-misiones\\\/#respond\"]}]},{\"@type\":\"WebPage\",\"@id\":\"https:\\\/\\\/cvinoticias.com\\\/v3\\\/tiempo-calido-y-sin-lluvias-para-este-martes-en-misiones\\\/\",\"url\":\"https:\\\/\\\/cvinoticias.com\\\/v3\\\/tiempo-calido-y-sin-lluvias-para-este-martes-en-misiones\\\/\",\"name\":\"Tiempo en Misiones: martes con sol y temperaturas elevadas | CVI NOTICIAS\",\"isPartOf\":{\"@id\":\"https:\\\/\\\/cvinoticias.com\\\/v3\\\/#website\"},\"primaryImageOfPage\":{\"@id\":\"https:\\\/\\\/cvinoticias.com\\\/v3\\\/tiempo-calido-y-sin-lluvias-para-este-martes-en-misiones\\\/#primaryimage\"},\"image\":{\"@id\":\"https:\\\/\\\/cvinoticias.com\\\/v3\\\/tiempo-calido-y-sin-lluvias-para-este-martes-en-misiones\\\/#primaryimage\"},\"thumbnailUrl\":\"https:\\\/\\\/cvinoticias.com\\\/wp-content\\\/uploads\\\/2025\\\/07\\\/FB_IMG_1752578894481.jpg\",\"datePublished\":\"2025-07-15T11:30:53+00:00\",\"dateModified\":\"2025-07-15T11:30:54+00:00\",\"description\":\"El martes 15 de julio se espera sol y calor inusual en Misiones, con m\u00e1ximas de hasta 28 \u00b0C.\",\"breadcrumb\":{\"@id\":\"https:\\\/\\\/cvinoticias.com\\\/v3\\\/tiempo-calido-y-sin-lluvias-para-este-martes-en-misiones\\\/#breadcrumb\"},\"inLanguage\":\"es\",\"potentialAction\":[{\"@type\":\"ReadAction\",\"target\":[\"https:\\\/\\\/cvinoticias.com\\\/v3\\\/tiempo-calido-y-sin-lluvias-para-este-martes-en-misiones\\\/\"]}]},{\"@type\":\"ImageObject\",\"inLanguage\":\"es\",\"@id\":\"https:\\\/\\\/cvinoticias.com\\\/v3\\\/tiempo-calido-y-sin-lluvias-para-este-martes-en-misiones\\\/#primaryimage\",\"url\":\"https:\\\/\\\/cvinoticias.com\\\/wp-content\\\/uploads\\\/2025\\\/07\\\/FB_IMG_1752578894481.jpg\",\"contentUrl\":\"https:\\\/\\\/cvinoticias.com\\\/wp-content\\\/uploads\\\/2025\\\/07\\\/FB_IMG_1752578894481.jpg\",\"width\":1440,\"height\":1440},{\"@type\":\"BreadcrumbList\",\"@id\":\"https:\\\/\\\/cvinoticias.com\\\/v3\\\/tiempo-calido-y-sin-lluvias-para-este-martes-en-misiones\\\/#breadcrumb\",\"itemListElement\":[{\"@type\":\"ListItem\",\"position\":1,\"name\":\"Portada\",\"item\":\"https:\\\/\\\/cvinoticias.com\\\/v3\\\/\"},{\"@type\":\"ListItem\",\"position\":2,\"name\":\"Tiempo c\u00e1lido y sin lluvias para este martes en Misiones\"}]},{\"@type\":\"WebSite\",\"@id\":\"https:\\\/\\\/cvinoticias.com\\\/v3\\\/#website\",\"url\":\"https:\\\/\\\/cvinoticias.com\\\/v3\\\/\",\"name\":\"CVI NOTICIAS\",\"description\":\"\",\"publisher\":{\"@id\":\"https:\\\/\\\/cvinoticias.com\\\/v3\\\/#organization\"},\"alternateName\":\"CVI\",\"potentialAction\":[{\"@type\":\"SearchAction\",\"target\":{\"@type\":\"EntryPoint\",\"urlTemplate\":\"https:\\\/\\\/cvinoticias.com\\\/v3\\\/?s={search_term_string}\"},\"query-input\":{\"@type\":\"PropertyValueSpecification\",\"valueRequired\":true,\"valueName\":\"search_term_string\"}}],\"inLanguage\":\"es\"},{\"@type\":\"Organization\",\"@id\":\"https:\\\/\\\/cvinoticias.com\\\/v3\\\/#organization\",\"name\":\"CVI NOTICIAS\",\"url\":\"https:\\\/\\\/cvinoticias.com\\\/v3\\\/\",\"logo\":{\"@type\":\"ImageObject\",\"inLanguage\":\"es\",\"@id\":\"https:\\\/\\\/cvinoticias.com\\\/v3\\\/#\\\/schema\\\/logo\\\/image\\\/\",\"url\":\"https:\\\/\\\/cvinoticias.com\\\/wp-content\\\/uploads\\\/2023\\\/04\\\/cropped-cropped-cropped-cropped-cropped-3-1.png\",\"contentUrl\":\"https:\\\/\\\/cvinoticias.com\\\/wp-content\\\/uploads\\\/2023\\\/04\\\/cropped-cropped-cropped-cropped-cropped-3-1.png\",\"width\":95,\"height\":122,\"caption\":\"CVI NOTICIAS\"},\"image\":{\"@id\":\"https:\\\/\\\/cvinoticias.com\\\/v3\\\/#\\\/schema\\\/logo\\\/image\\\/\"},\"sameAs\":[\"https:\\\/\\\/www.facebook.com\\\/cvinoticias\",\"https:\\\/\\\/www.instagram.com\\\/cvinoticias\\\/\",\"https:\\\/\\\/www.youtube.com\\\/@CVINOTICIAS\"]},{\"@type\":\"Person\",\"@id\":\"https:\\\/\\\/cvinoticias.com\\\/v3\\\/#\\\/schema\\\/person\\\/2db77e3c6bc03c538495d7b2b8be9b66\",\"name\":\"f1000024\",\"image\":{\"@type\":\"ImageObject\",\"inLanguage\":\"es\",\"@id\":\"https:\\\/\\\/secure.gravatar.com\\\/avatar\\\/d4fe7459cfc51ff5129ce1a732bbef5928568b8092d412ef95611616376bbeed?s=96&d=mm&r=g\",\"url\":\"https:\\\/\\\/secure.gravatar.com\\\/avatar\\\/d4fe7459cfc51ff5129ce1a732bbef5928568b8092d412ef95611616376bbeed?s=96&d=mm&r=g\",\"contentUrl\":\"https:\\\/\\\/secure.gravatar.com\\\/avatar\\\/d4fe7459cfc51ff5129ce1a732bbef5928568b8092d412ef95611616376bbeed?s=96&d=mm&r=g\",\"caption\":\"f1000024\"},\"url\":\"https:\\\/\\\/cvinoticias.com\\\/v3\\\/author\\\/f1000024\\\/\"}]}<\/script>\n<!-- \/ Yoast SEO plugin. -->","yoast_head_json":{"title":"Tiempo en Misiones: martes con sol y temperaturas elevadas | CVI NOTICIAS","description":"El martes 15 de julio se espera sol y calor inusual en Misiones, con m\u00e1ximas de hasta 28 \u00b0C.","robots":{"index":"index","follow":"follow","max-snippet":"max-snippet:-1","max-image-preview":"max-image-preview:large","max-video-preview":"max-video-preview:-1"},"canonical":"https:\/\/cvinoticias.com\/v3\/tiempo-calido-y-sin-lluvias-para-este-martes-en-misiones\/","og_locale":"es_ES","og_type":"article","og_title":"Tiempo en Misiones: martes con sol y temperaturas elevadas | CVI NOTICIAS","og_description":"El martes 15 de julio se espera sol y calor inusual en Misiones, con m\u00e1ximas de hasta 28 \u00b0C.","og_url":"https:\/\/cvinoticias.com\/v3\/tiempo-calido-y-sin-lluvias-para-este-martes-en-misiones\/","og_site_name":"CVI NOTICIAS","article_publisher":"https:\/\/www.facebook.com\/cvinoticias","article_published_time":"2025-07-15T11:30:53+00:00","article_modified_time":"2025-07-15T11:30:54+00:00","og_image":[{"width":1440,"height":1440,"url":"https:\/\/cvinoticias.com\/wp-content\/uploads\/2025\/07\/FB_IMG_1752578894481.jpg","type":"image\/jpeg"}],"author":"f1000024","twitter_card":"summary_large_image","twitter_misc":{"Escrito por":"f1000024","Tiempo de lectura":"1 minuto"},"schema":{"@context":"https:\/\/schema.org","@graph":[{"@type":"Article","@id":"https:\/\/cvinoticias.com\/v3\/tiempo-calido-y-sin-lluvias-para-este-martes-en-misiones\/#article","isPartOf":{"@id":"https:\/\/cvinoticias.com\/v3\/tiempo-calido-y-sin-lluvias-para-este-martes-en-misiones\/"},"author":{"name":"f1000024","@id":"https:\/\/cvinoticias.com\/v3\/#\/schema\/person\/2db77e3c6bc03c538495d7b2b8be9b66"},"headline":"Tiempo c\u00e1lido y sin lluvias para este martes en Misiones","datePublished":"2025-07-15T11:30:53+00:00","dateModified":"2025-07-15T11:30:54+00:00","mainEntityOfPage":{"@id":"https:\/\/cvinoticias.com\/v3\/tiempo-calido-y-sin-lluvias-para-este-martes-en-misiones\/"},"wordCount":153,"commentCount":0,"publisher":{"@id":"https:\/\/cvinoticias.com\/v3\/#organization"},"image":{"@id":"https:\/\/cvinoticias.com\/v3\/tiempo-calido-y-sin-lluvias-para-este-martes-en-misiones\/#primaryimage"},"thumbnailUrl":"https:\/\/cvinoticias.com\/wp-content\/uploads\/2025\/07\/FB_IMG_1752578894481.jpg","keywords":["Clima","Misiones"],"articleSection":["Tiempo"],"inLanguage":"es","potentialAction":[{"@type":"CommentAction","name":"Comment","target":["https:\/\/cvinoticias.com\/v3\/tiempo-calido-y-sin-lluvias-para-este-martes-en-misiones\/#respond"]}]},{"@type":"WebPage","@id":"https:\/\/cvinoticias.com\/v3\/tiempo-calido-y-sin-lluvias-para-este-martes-en-misiones\/","url":"https:\/\/cvinoticias.com\/v3\/tiempo-calido-y-sin-lluvias-para-este-martes-en-misiones\/","name":"Tiempo en Misiones: martes con sol y temperaturas elevadas | CVI NOTICIAS","isPartOf":{"@id":"https:\/\/cvinoticias.com\/v3\/#website"},"primaryImageOfPage":{"@id":"https:\/\/cvinoticias.com\/v3\/tiempo-calido-y-sin-lluvias-para-este-martes-en-misiones\/#primaryimage"},"image":{"@id":"https:\/\/cvinoticias.com\/v3\/tiempo-calido-y-sin-lluvias-para-este-martes-en-misiones\/#primaryimage"},"thumbnailUrl":"https:\/\/cvinoticias.com\/wp-content\/uploads\/2025\/07\/FB_IMG_1752578894481.jpg","datePublished":"2025-07-15T11:30:53+00:00","dateModified":"2025-07-15T11:30:54+00:00","description":"El martes 15 de julio se espera sol y calor inusual en Misiones, con m\u00e1ximas de hasta 28 \u00b0C.","breadcrumb":{"@id":"https:\/\/cvinoticias.com\/v3\/tiempo-calido-y-sin-lluvias-para-este-martes-en-misiones\/#breadcrumb"},"inLanguage":"es","potentialAction":[{"@type":"ReadAction","target":["https:\/\/cvinoticias.com\/v3\/tiempo-calido-y-sin-lluvias-para-este-martes-en-misiones\/"]}]},{"@type":"ImageObject","inLanguage":"es","@id":"https:\/\/cvinoticias.com\/v3\/tiempo-calido-y-sin-lluvias-para-este-martes-en-misiones\/#primaryimage","url":"https:\/\/cvinoticias.com\/wp-content\/uploads\/2025\/07\/FB_IMG_1752578894481.jpg","contentUrl":"https:\/\/cvinoticias.com\/wp-content\/uploads\/2025\/07\/FB_IMG_1752578894481.jpg","width":1440,"height":1440},{"@type":"BreadcrumbList","@id":"https:\/\/cvinoticias.com\/v3\/tiempo-calido-y-sin-lluvias-para-este-martes-en-misiones\/#breadcrumb","itemListElement":[{"@type":"ListItem","position":1,"name":"Portada","item":"https:\/\/cvinoticias.com\/v3\/"},{"@type":"ListItem","position":2,"name":"Tiempo c\u00e1lido y sin lluvias para este martes en Misiones"}]},{"@type":"WebSite","@id":"https:\/\/cvinoticias.com\/v3\/#website","url":"https:\/\/cvinoticias.com\/v3\/","name":"CVI NOTICIAS","description":"","publisher":{"@id":"https:\/\/cvinoticias.com\/v3\/#organization"},"alternateName":"CVI","potentialAction":[{"@type":"SearchAction","target":{"@type":"EntryPoint","urlTemplate":"https:\/\/cvinoticias.com\/v3\/?s={search_term_string}"},"query-input":{"@type":"PropertyValueSpecification","valueRequired":true,"valueName":"search_term_string"}}],"inLanguage":"es"},{"@type":"Organization","@id":"https:\/\/cvinoticias.com\/v3\/#organization","name":"CVI NOTICIAS","url":"https:\/\/cvinoticias.com\/v3\/","logo":{"@type":"ImageObject","inLanguage":"es","@id":"https:\/\/cvinoticias.com\/v3\/#\/schema\/logo\/image\/","url":"https:\/\/cvinoticias.com\/wp-content\/uploads\/2023\/04\/cropped-cropped-cropped-cropped-cropped-3-1.png","contentUrl":"https:\/\/cvinoticias.com\/wp-content\/uploads\/2023\/04\/cropped-cropped-cropped-cropped-cropped-3-1.png","width":95,"height":122,"caption":"CVI NOTICIAS"},"image":{"@id":"https:\/\/cvinoticias.com\/v3\/#\/schema\/logo\/image\/"},"sameAs":["https:\/\/www.facebook.com\/cvinoticias","https:\/\/www.instagram.com\/cvinoticias\/","https:\/\/www.youtube.com\/@CVINOTICIAS"]},{"@type":"Person","@id":"https:\/\/cvinoticias.com\/v3\/#\/schema\/person\/2db77e3c6bc03c538495d7b2b8be9b66","name":"f1000024","image":{"@type":"ImageObject","inLanguage":"es","@id":"https:\/\/secure.gravatar.com\/avatar\/d4fe7459cfc51ff5129ce1a732bbef5928568b8092d412ef95611616376bbeed?s=96&d=mm&r=g","url":"https:\/\/secure.gravatar.com\/avatar\/d4fe7459cfc51ff5129ce1a732bbef5928568b8092d412ef95611616376bbeed?s=96&d=mm&r=g","contentUrl":"https:\/\/secure.gravatar.com\/avatar\/d4fe7459cfc51ff5129ce1a732bbef5928568b8092d412ef95611616376bbeed?s=96&d=mm&r=g","caption":"f1000024"},"url":"https:\/\/cvinoticias.com\/v3\/author\/f1000024\/"}]}},"_links":{"self":[{"href":"https:\/\/cvinoticias.com\/v3\/wp-json\/wp\/v2\/posts\/46290","targetHints":{"allow":["GET"]}}],"collection":[{"href":"https:\/\/cvinoticias.com\/v3\/wp-json\/wp\/v2\/posts"}],"about":[{"href":"https:\/\/cvinoticias.com\/v3\/wp-json\/wp\/v2\/types\/post"}],"author":[{"embeddable":true,"href":"https:\/\/cvinoticias.com\/v3\/wp-json\/wp\/v2\/users\/2"}],"replies":[{"embeddable":true,"href":"https:\/\/cvinoticias.com\/v3\/wp-json\/wp\/v2\/comments?post=46290"}],"version-history":[{"count":1,"href":"https:\/\/cvinoticias.com\/v3\/wp-json\/wp\/v2\/posts\/46290\/revisions"}],"predecessor-version":[{"id":46292,"href":"https:\/\/cvinoticias.com\/v3\/wp-json\/wp\/v2\/posts\/46290\/revisions\/46292"}],"wp:featuredmedia":[{"embeddable":true,"href":"https:\/\/cvinoticias.com\/v3\/wp-json\/wp\/v2\/media\/46291"}],"wp:attachment":[{"href":"https:\/\/cvinoticias.com\/v3\/wp-json\/wp\/v2\/media?parent=46290"}],"wp:term":[{"taxonomy":"category","embeddable":true,"href":"https:\/\/cvinoticias.com\/v3\/wp-json\/wp\/v2\/categories?post=46290"},{"taxonomy":"post_tag","embeddable":true,"href":"https:\/\/cvinoticias.com\/v3\/wp-json\/wp\/v2\/tags?post=46290"}],"curies":[{"name":"wp","href":"https:\/\/api.w.org\/{rel}","templated":true}]}}