{"id":46267,"date":"2025-07-14T09:53:34","date_gmt":"2025-07-14T12:53:34","guid":{"rendered":"https:\/\/cvinoticias.com\/v3\/?p=46267"},"modified":"2025-07-14T09:53:35","modified_gmt":"2025-07-14T12:53:35","slug":"cataratas-recibio-a-casi-60-mil-visitas-en-lo-que-va-julio","status":"publish","type":"post","link":"https:\/\/cvinoticias.com\/v3\/cataratas-recibio-a-casi-60-mil-visitas-en-lo-que-va-julio\/","title":{"rendered":"Cataratas recibi\u00f3 a casi 60 mil visitas en lo que va julio"},"content":{"rendered":"\n<p>Las Cataratas del Iguaz\u00fa recibieron un total de&nbsp;<strong>57.333 visitantes&nbsp;<\/strong>entre el 1 y el 13 de julio, seg\u00fan datos oficiales del Parque Nacional Iguaz\u00fa. La cifra representa un fuerte movimiento tur\u00edstico en la primera mitad del mes.<\/p>\n\n\n\n<p>En este sentido, el reciente fin de semana marc\u00f3 un repunte clave para el turismo en Cataratas del Iguaz\u00fa, con<strong>&nbsp;11.538 visitantes entre s\u00e1bado y domingo<\/strong>. Esta cifra supera el promedio diario de los primeros d\u00edas del mes.<\/p>\n\n\n\n<p>El 49,65% de los visitantes del domingo fueron turistas nacionales. Los extranjeros representaron el 9,93%, entre ellos una importante participaci\u00f3n de brasile\u00f1os, que alcanzaron el 8,85% de los ingresos del d\u00eda. Los turistas de otras localidades de Misiones representaron el 6,13%, mientras que los estudiantes fueron el 8,57%.<\/p>\n\n\n\n<figure class=\"wp-block-image\"><img decoding=\"async\" data-src=\"https:\/\/www.canal12misiones.com\/wp-content\/uploads\/2025\/04\/cataratas-2-1024x768.jpg\" alt=\"\" class=\"wp-image-493452 lazyload\" src=\"data:image\/svg+xml;base64,PHN2ZyB3aWR0aD0iMSIgaGVpZ2h0PSIxIiB4bWxucz0iaHR0cDovL3d3dy53My5vcmcvMjAwMC9zdmciPjwvc3ZnPg==\" style=\"--smush-placeholder-width: 1024px; --smush-placeholder-aspect-ratio: 1024\/768;\" \/><\/figure>\n\n\n\n<p>Desde el sector tur\u00edstico se\u00f1alan que en la segunda semana el porcentaje de ocupaci\u00f3n hotelera creci\u00f3, y&nbsp;<strong>actualmente las plazas ocupadas rondan el 70%<\/strong>.<\/p>\n\n\n\n<p>Operadores del destino explican que muchos viajeros optan por llegar sin reservas previas. La tendencia responde a la eliminaci\u00f3n del programa PreViaje. Esto provoca decisiones m\u00e1s cercanas a la fecha del viaje.<\/p>\n\n\n\n<p>De mantenerse este ritmo, Iguaz\u00fa podr\u00eda superar ampliamente los 100.000 visitantes en julio, consolidando un a\u00f1o positivo para el turismo en Cataratas del Iguaz\u00fa.<\/p>\n\n\n\n<h3 class=\"wp-block-heading\">Vacaciones de invierno en Misiones<\/h3>\n\n\n\n<p>Misiones inici\u00f3 este lunes 14 de julio su receso invernal, que se extender\u00e1 hasta el 27, con un marcado incremento en el arribo de turistas. Seg\u00fan datos del Ministerio de Turismo provincial,<strong>&nbsp;las reservas mantienen un crecimiento sostenido<\/strong>, con una&nbsp;<strong>ocupaci\u00f3n hotelera actual cercana al 70% y proyecciones que superan el 90% en los pr\u00f3ximos d\u00edas<\/strong>.<\/p>\n\n\n\n<figure class=\"wp-block-image\"><img decoding=\"async\" data-src=\"https:\/\/www.canal12misiones.com\/wp-content\/uploads\/2024\/07\/WhatsApp-Image-2024-07-18-at-18.46.10-1-1-1024x682.jpeg\" alt=\"tasa tur\u00edstica\" class=\"wp-image-367794 lazyload\" src=\"data:image\/svg+xml;base64,PHN2ZyB3aWR0aD0iMSIgaGVpZ2h0PSIxIiB4bWxucz0iaHR0cDovL3d3dy53My5vcmcvMjAwMC9zdmciPjwvc3ZnPg==\" style=\"--smush-placeholder-width: 1024px; --smush-placeholder-aspect-ratio: 1024\/682;\" \/><\/figure>\n\n\n\n<p>El principal flujo proviene de Buenos Aires, donde las vacaciones comenzar\u00e1n el lunes 21, una semana despu\u00e9s que en la provincia. Adem\u00e1s de Cataratas, los destinos m\u00e1s visitados incluyen el circuito Jesu\u00edtico y el Parque Tem\u00e1tico de la Cruz de Santa Ana.<\/p>\n\n\n\n<p>El movimiento tambi\u00e9n se refleja en las ciudades, con bares y restaurantes colmados en Posadas durante el \u00faltimo fin de semana, impulsados por el buen clima. Ante este escenario, la Polic\u00eda de Misiones reforz\u00f3 controles en los 79 municipios, con patrullajes especiales y puestos informativos dispuestos por los 15 Comandos Regionales, en coordinaci\u00f3n con las comisar\u00edas locales. La provincia consolida as\u00ed su posici\u00f3n como uno de los destinos tur\u00edsticos m\u00e1s elegidos del invierno en Argentina.<\/p>\n\n\n\n<p>Fuente: Canal 12 Misiones<\/p>\n\n\n\n<p><\/p>\n","protected":false},"excerpt":{"rendered":"<p>Las Cataratas del Iguaz\u00fa recibieron un total de&nbsp;57.333 visitantes&nbsp;entre el 1 y el 13 de julio, seg\u00fan datos oficiales del Parque Nacional Iguaz\u00fa. La cifra representa un fuerte movimiento tur\u00edstico en la primera mitad del mes. En este sentido, el reciente fin de semana marc\u00f3 un repunte clave para el turismo en Cataratas del Iguaz\u00fa, [&hellip;]<\/p>\n","protected":false},"author":2,"featured_media":46268,"comment_status":"open","ping_status":"open","sticky":false,"template":"","format":"standard","meta":{"footnotes":""},"categories":[50],"tags":[74,1472,3219],"class_list":["post-46267","post","type-post","status-publish","format-standard","has-post-thumbnail","hentry","category-turismo","tag-cataratas","tag-julio","tag-visitas"],"yoast_head":"<!-- This site is optimized with the Yoast SEO plugin v27.5 - https:\/\/yoast.com\/product\/yoast-seo-wordpress\/ -->\n<title>Cataratas recibi\u00f3 a casi 60 mil visitas en lo que va julio | CVI NOTICIAS<\/title>\n<meta name=\"robots\" content=\"index, follow, max-snippet:-1, max-image-preview:large, max-video-preview:-1\" \/>\n<link rel=\"canonical\" href=\"https:\/\/cvinoticias.com\/v3\/cataratas-recibio-a-casi-60-mil-visitas-en-lo-que-va-julio\/\" \/>\n<meta property=\"og:locale\" content=\"es_ES\" \/>\n<meta property=\"og:type\" content=\"article\" \/>\n<meta property=\"og:title\" content=\"Cataratas recibi\u00f3 a casi 60 mil visitas en lo que va julio | CVI NOTICIAS\" \/>\n<meta property=\"og:description\" content=\"Las Cataratas del Iguaz\u00fa recibieron un total de&nbsp;57.333 visitantes&nbsp;entre el 1 y el 13 de julio, seg\u00fan datos oficiales del Parque Nacional Iguaz\u00fa. La cifra representa un fuerte movimiento tur\u00edstico en la primera mitad del mes. En este sentido, el reciente fin de semana marc\u00f3 un repunte clave para el turismo en Cataratas del Iguaz\u00fa, [&hellip;]\" \/>\n<meta property=\"og:url\" content=\"https:\/\/cvinoticias.com\/v3\/cataratas-recibio-a-casi-60-mil-visitas-en-lo-que-va-julio\/\" \/>\n<meta property=\"og:site_name\" content=\"CVI NOTICIAS\" \/>\n<meta property=\"article:publisher\" content=\"https:\/\/www.facebook.com\/cvinoticias\" \/>\n<meta property=\"article:published_time\" content=\"2025-07-14T12:53:34+00:00\" \/>\n<meta property=\"article:modified_time\" content=\"2025-07-14T12:53:35+00:00\" \/>\n<meta property=\"og:image\" content=\"https:\/\/cvinoticias.com\/wp-content\/uploads\/2025\/07\/cataratas-turistas.jpg\" \/>\n\t<meta property=\"og:image:width\" content=\"2048\" \/>\n\t<meta property=\"og:image:height\" content=\"1365\" \/>\n\t<meta property=\"og:image:type\" content=\"image\/jpeg\" \/>\n<meta name=\"author\" content=\"f1000024\" \/>\n<meta name=\"twitter:card\" content=\"summary_large_image\" \/>\n<meta name=\"twitter:label1\" content=\"Escrito por\" \/>\n\t<meta name=\"twitter:data1\" content=\"f1000024\" \/>\n\t<meta name=\"twitter:label2\" content=\"Tiempo de lectura\" \/>\n\t<meta name=\"twitter:data2\" content=\"3 minutos\" \/>\n<script type=\"application\/ld+json\" class=\"yoast-schema-graph\">{\"@context\":\"https:\\\/\\\/schema.org\",\"@graph\":[{\"@type\":\"Article\",\"@id\":\"https:\\\/\\\/cvinoticias.com\\\/v3\\\/cataratas-recibio-a-casi-60-mil-visitas-en-lo-que-va-julio\\\/#article\",\"isPartOf\":{\"@id\":\"https:\\\/\\\/cvinoticias.com\\\/v3\\\/cataratas-recibio-a-casi-60-mil-visitas-en-lo-que-va-julio\\\/\"},\"author\":{\"name\":\"f1000024\",\"@id\":\"https:\\\/\\\/cvinoticias.com\\\/v3\\\/#\\\/schema\\\/person\\\/2db77e3c6bc03c538495d7b2b8be9b66\"},\"headline\":\"Cataratas recibi\u00f3 a casi 60 mil visitas en lo que va julio\",\"datePublished\":\"2025-07-14T12:53:34+00:00\",\"dateModified\":\"2025-07-14T12:53:35+00:00\",\"mainEntityOfPage\":{\"@id\":\"https:\\\/\\\/cvinoticias.com\\\/v3\\\/cataratas-recibio-a-casi-60-mil-visitas-en-lo-que-va-julio\\\/\"},\"wordCount\":415,\"commentCount\":0,\"publisher\":{\"@id\":\"https:\\\/\\\/cvinoticias.com\\\/v3\\\/#organization\"},\"image\":{\"@id\":\"https:\\\/\\\/cvinoticias.com\\\/v3\\\/cataratas-recibio-a-casi-60-mil-visitas-en-lo-que-va-julio\\\/#primaryimage\"},\"thumbnailUrl\":\"https:\\\/\\\/cvinoticias.com\\\/wp-content\\\/uploads\\\/2025\\\/07\\\/cataratas-turistas.jpg\",\"keywords\":[\"cataratas\",\"Julio\",\"visitas\"],\"articleSection\":[\"Turismo\"],\"inLanguage\":\"es\",\"potentialAction\":[{\"@type\":\"CommentAction\",\"name\":\"Comment\",\"target\":[\"https:\\\/\\\/cvinoticias.com\\\/v3\\\/cataratas-recibio-a-casi-60-mil-visitas-en-lo-que-va-julio\\\/#respond\"]}]},{\"@type\":\"WebPage\",\"@id\":\"https:\\\/\\\/cvinoticias.com\\\/v3\\\/cataratas-recibio-a-casi-60-mil-visitas-en-lo-que-va-julio\\\/\",\"url\":\"https:\\\/\\\/cvinoticias.com\\\/v3\\\/cataratas-recibio-a-casi-60-mil-visitas-en-lo-que-va-julio\\\/\",\"name\":\"Cataratas recibi\u00f3 a casi 60 mil visitas en lo que va julio | CVI NOTICIAS\",\"isPartOf\":{\"@id\":\"https:\\\/\\\/cvinoticias.com\\\/v3\\\/#website\"},\"primaryImageOfPage\":{\"@id\":\"https:\\\/\\\/cvinoticias.com\\\/v3\\\/cataratas-recibio-a-casi-60-mil-visitas-en-lo-que-va-julio\\\/#primaryimage\"},\"image\":{\"@id\":\"https:\\\/\\\/cvinoticias.com\\\/v3\\\/cataratas-recibio-a-casi-60-mil-visitas-en-lo-que-va-julio\\\/#primaryimage\"},\"thumbnailUrl\":\"https:\\\/\\\/cvinoticias.com\\\/wp-content\\\/uploads\\\/2025\\\/07\\\/cataratas-turistas.jpg\",\"datePublished\":\"2025-07-14T12:53:34+00:00\",\"dateModified\":\"2025-07-14T12:53:35+00:00\",\"breadcrumb\":{\"@id\":\"https:\\\/\\\/cvinoticias.com\\\/v3\\\/cataratas-recibio-a-casi-60-mil-visitas-en-lo-que-va-julio\\\/#breadcrumb\"},\"inLanguage\":\"es\",\"potentialAction\":[{\"@type\":\"ReadAction\",\"target\":[\"https:\\\/\\\/cvinoticias.com\\\/v3\\\/cataratas-recibio-a-casi-60-mil-visitas-en-lo-que-va-julio\\\/\"]}]},{\"@type\":\"ImageObject\",\"inLanguage\":\"es\",\"@id\":\"https:\\\/\\\/cvinoticias.com\\\/v3\\\/cataratas-recibio-a-casi-60-mil-visitas-en-lo-que-va-julio\\\/#primaryimage\",\"url\":\"https:\\\/\\\/cvinoticias.com\\\/wp-content\\\/uploads\\\/2025\\\/07\\\/cataratas-turistas.jpg\",\"contentUrl\":\"https:\\\/\\\/cvinoticias.com\\\/wp-content\\\/uploads\\\/2025\\\/07\\\/cataratas-turistas.jpg\",\"width\":2048,\"height\":1365},{\"@type\":\"BreadcrumbList\",\"@id\":\"https:\\\/\\\/cvinoticias.com\\\/v3\\\/cataratas-recibio-a-casi-60-mil-visitas-en-lo-que-va-julio\\\/#breadcrumb\",\"itemListElement\":[{\"@type\":\"ListItem\",\"position\":1,\"name\":\"Portada\",\"item\":\"https:\\\/\\\/cvinoticias.com\\\/v3\\\/\"},{\"@type\":\"ListItem\",\"position\":2,\"name\":\"Cataratas recibi\u00f3 a casi 60 mil visitas en lo que va julio\"}]},{\"@type\":\"WebSite\",\"@id\":\"https:\\\/\\\/cvinoticias.com\\\/v3\\\/#website\",\"url\":\"https:\\\/\\\/cvinoticias.com\\\/v3\\\/\",\"name\":\"CVI NOTICIAS\",\"description\":\"\",\"publisher\":{\"@id\":\"https:\\\/\\\/cvinoticias.com\\\/v3\\\/#organization\"},\"alternateName\":\"CVI\",\"potentialAction\":[{\"@type\":\"SearchAction\",\"target\":{\"@type\":\"EntryPoint\",\"urlTemplate\":\"https:\\\/\\\/cvinoticias.com\\\/v3\\\/?s={search_term_string}\"},\"query-input\":{\"@type\":\"PropertyValueSpecification\",\"valueRequired\":true,\"valueName\":\"search_term_string\"}}],\"inLanguage\":\"es\"},{\"@type\":\"Organization\",\"@id\":\"https:\\\/\\\/cvinoticias.com\\\/v3\\\/#organization\",\"name\":\"CVI NOTICIAS\",\"url\":\"https:\\\/\\\/cvinoticias.com\\\/v3\\\/\",\"logo\":{\"@type\":\"ImageObject\",\"inLanguage\":\"es\",\"@id\":\"https:\\\/\\\/cvinoticias.com\\\/v3\\\/#\\\/schema\\\/logo\\\/image\\\/\",\"url\":\"https:\\\/\\\/cvinoticias.com\\\/wp-content\\\/uploads\\\/2023\\\/04\\\/cropped-cropped-cropped-cropped-cropped-3-1.png\",\"contentUrl\":\"https:\\\/\\\/cvinoticias.com\\\/wp-content\\\/uploads\\\/2023\\\/04\\\/cropped-cropped-cropped-cropped-cropped-3-1.png\",\"width\":95,\"height\":122,\"caption\":\"CVI NOTICIAS\"},\"image\":{\"@id\":\"https:\\\/\\\/cvinoticias.com\\\/v3\\\/#\\\/schema\\\/logo\\\/image\\\/\"},\"sameAs\":[\"https:\\\/\\\/www.facebook.com\\\/cvinoticias\",\"https:\\\/\\\/www.instagram.com\\\/cvinoticias\\\/\",\"https:\\\/\\\/www.youtube.com\\\/@CVINOTICIAS\"]},{\"@type\":\"Person\",\"@id\":\"https:\\\/\\\/cvinoticias.com\\\/v3\\\/#\\\/schema\\\/person\\\/2db77e3c6bc03c538495d7b2b8be9b66\",\"name\":\"f1000024\",\"image\":{\"@type\":\"ImageObject\",\"inLanguage\":\"es\",\"@id\":\"https:\\\/\\\/secure.gravatar.com\\\/avatar\\\/d4fe7459cfc51ff5129ce1a732bbef5928568b8092d412ef95611616376bbeed?s=96&d=mm&r=g\",\"url\":\"https:\\\/\\\/secure.gravatar.com\\\/avatar\\\/d4fe7459cfc51ff5129ce1a732bbef5928568b8092d412ef95611616376bbeed?s=96&d=mm&r=g\",\"contentUrl\":\"https:\\\/\\\/secure.gravatar.com\\\/avatar\\\/d4fe7459cfc51ff5129ce1a732bbef5928568b8092d412ef95611616376bbeed?s=96&d=mm&r=g\",\"caption\":\"f1000024\"},\"url\":\"https:\\\/\\\/cvinoticias.com\\\/v3\\\/author\\\/f1000024\\\/\"}]}<\/script>\n<!-- \/ Yoast SEO plugin. -->","yoast_head_json":{"title":"Cataratas recibi\u00f3 a casi 60 mil visitas en lo que va julio | CVI NOTICIAS","robots":{"index":"index","follow":"follow","max-snippet":"max-snippet:-1","max-image-preview":"max-image-preview:large","max-video-preview":"max-video-preview:-1"},"canonical":"https:\/\/cvinoticias.com\/v3\/cataratas-recibio-a-casi-60-mil-visitas-en-lo-que-va-julio\/","og_locale":"es_ES","og_type":"article","og_title":"Cataratas recibi\u00f3 a casi 60 mil visitas en lo que va julio | CVI NOTICIAS","og_description":"Las Cataratas del Iguaz\u00fa recibieron un total de&nbsp;57.333 visitantes&nbsp;entre el 1 y el 13 de julio, seg\u00fan datos oficiales del Parque Nacional Iguaz\u00fa. La cifra representa un fuerte movimiento tur\u00edstico en la primera mitad del mes. En este sentido, el reciente fin de semana marc\u00f3 un repunte clave para el turismo en Cataratas del Iguaz\u00fa, [&hellip;]","og_url":"https:\/\/cvinoticias.com\/v3\/cataratas-recibio-a-casi-60-mil-visitas-en-lo-que-va-julio\/","og_site_name":"CVI NOTICIAS","article_publisher":"https:\/\/www.facebook.com\/cvinoticias","article_published_time":"2025-07-14T12:53:34+00:00","article_modified_time":"2025-07-14T12:53:35+00:00","og_image":[{"width":2048,"height":1365,"url":"https:\/\/cvinoticias.com\/wp-content\/uploads\/2025\/07\/cataratas-turistas.jpg","type":"image\/jpeg"}],"author":"f1000024","twitter_card":"summary_large_image","twitter_misc":{"Escrito por":"f1000024","Tiempo de lectura":"3 minutos"},"schema":{"@context":"https:\/\/schema.org","@graph":[{"@type":"Article","@id":"https:\/\/cvinoticias.com\/v3\/cataratas-recibio-a-casi-60-mil-visitas-en-lo-que-va-julio\/#article","isPartOf":{"@id":"https:\/\/cvinoticias.com\/v3\/cataratas-recibio-a-casi-60-mil-visitas-en-lo-que-va-julio\/"},"author":{"name":"f1000024","@id":"https:\/\/cvinoticias.com\/v3\/#\/schema\/person\/2db77e3c6bc03c538495d7b2b8be9b66"},"headline":"Cataratas recibi\u00f3 a casi 60 mil visitas en lo que va julio","datePublished":"2025-07-14T12:53:34+00:00","dateModified":"2025-07-14T12:53:35+00:00","mainEntityOfPage":{"@id":"https:\/\/cvinoticias.com\/v3\/cataratas-recibio-a-casi-60-mil-visitas-en-lo-que-va-julio\/"},"wordCount":415,"commentCount":0,"publisher":{"@id":"https:\/\/cvinoticias.com\/v3\/#organization"},"image":{"@id":"https:\/\/cvinoticias.com\/v3\/cataratas-recibio-a-casi-60-mil-visitas-en-lo-que-va-julio\/#primaryimage"},"thumbnailUrl":"https:\/\/cvinoticias.com\/wp-content\/uploads\/2025\/07\/cataratas-turistas.jpg","keywords":["cataratas","Julio","visitas"],"articleSection":["Turismo"],"inLanguage":"es","potentialAction":[{"@type":"CommentAction","name":"Comment","target":["https:\/\/cvinoticias.com\/v3\/cataratas-recibio-a-casi-60-mil-visitas-en-lo-que-va-julio\/#respond"]}]},{"@type":"WebPage","@id":"https:\/\/cvinoticias.com\/v3\/cataratas-recibio-a-casi-60-mil-visitas-en-lo-que-va-julio\/","url":"https:\/\/cvinoticias.com\/v3\/cataratas-recibio-a-casi-60-mil-visitas-en-lo-que-va-julio\/","name":"Cataratas recibi\u00f3 a casi 60 mil visitas en lo que va julio | CVI NOTICIAS","isPartOf":{"@id":"https:\/\/cvinoticias.com\/v3\/#website"},"primaryImageOfPage":{"@id":"https:\/\/cvinoticias.com\/v3\/cataratas-recibio-a-casi-60-mil-visitas-en-lo-que-va-julio\/#primaryimage"},"image":{"@id":"https:\/\/cvinoticias.com\/v3\/cataratas-recibio-a-casi-60-mil-visitas-en-lo-que-va-julio\/#primaryimage"},"thumbnailUrl":"https:\/\/cvinoticias.com\/wp-content\/uploads\/2025\/07\/cataratas-turistas.jpg","datePublished":"2025-07-14T12:53:34+00:00","dateModified":"2025-07-14T12:53:35+00:00","breadcrumb":{"@id":"https:\/\/cvinoticias.com\/v3\/cataratas-recibio-a-casi-60-mil-visitas-en-lo-que-va-julio\/#breadcrumb"},"inLanguage":"es","potentialAction":[{"@type":"ReadAction","target":["https:\/\/cvinoticias.com\/v3\/cataratas-recibio-a-casi-60-mil-visitas-en-lo-que-va-julio\/"]}]},{"@type":"ImageObject","inLanguage":"es","@id":"https:\/\/cvinoticias.com\/v3\/cataratas-recibio-a-casi-60-mil-visitas-en-lo-que-va-julio\/#primaryimage","url":"https:\/\/cvinoticias.com\/wp-content\/uploads\/2025\/07\/cataratas-turistas.jpg","contentUrl":"https:\/\/cvinoticias.com\/wp-content\/uploads\/2025\/07\/cataratas-turistas.jpg","width":2048,"height":1365},{"@type":"BreadcrumbList","@id":"https:\/\/cvinoticias.com\/v3\/cataratas-recibio-a-casi-60-mil-visitas-en-lo-que-va-julio\/#breadcrumb","itemListElement":[{"@type":"ListItem","position":1,"name":"Portada","item":"https:\/\/cvinoticias.com\/v3\/"},{"@type":"ListItem","position":2,"name":"Cataratas recibi\u00f3 a casi 60 mil visitas en lo que va julio"}]},{"@type":"WebSite","@id":"https:\/\/cvinoticias.com\/v3\/#website","url":"https:\/\/cvinoticias.com\/v3\/","name":"CVI NOTICIAS","description":"","publisher":{"@id":"https:\/\/cvinoticias.com\/v3\/#organization"},"alternateName":"CVI","potentialAction":[{"@type":"SearchAction","target":{"@type":"EntryPoint","urlTemplate":"https:\/\/cvinoticias.com\/v3\/?s={search_term_string}"},"query-input":{"@type":"PropertyValueSpecification","valueRequired":true,"valueName":"search_term_string"}}],"inLanguage":"es"},{"@type":"Organization","@id":"https:\/\/cvinoticias.com\/v3\/#organization","name":"CVI NOTICIAS","url":"https:\/\/cvinoticias.com\/v3\/","logo":{"@type":"ImageObject","inLanguage":"es","@id":"https:\/\/cvinoticias.com\/v3\/#\/schema\/logo\/image\/","url":"https:\/\/cvinoticias.com\/wp-content\/uploads\/2023\/04\/cropped-cropped-cropped-cropped-cropped-3-1.png","contentUrl":"https:\/\/cvinoticias.com\/wp-content\/uploads\/2023\/04\/cropped-cropped-cropped-cropped-cropped-3-1.png","width":95,"height":122,"caption":"CVI NOTICIAS"},"image":{"@id":"https:\/\/cvinoticias.com\/v3\/#\/schema\/logo\/image\/"},"sameAs":["https:\/\/www.facebook.com\/cvinoticias","https:\/\/www.instagram.com\/cvinoticias\/","https:\/\/www.youtube.com\/@CVINOTICIAS"]},{"@type":"Person","@id":"https:\/\/cvinoticias.com\/v3\/#\/schema\/person\/2db77e3c6bc03c538495d7b2b8be9b66","name":"f1000024","image":{"@type":"ImageObject","inLanguage":"es","@id":"https:\/\/secure.gravatar.com\/avatar\/d4fe7459cfc51ff5129ce1a732bbef5928568b8092d412ef95611616376bbeed?s=96&d=mm&r=g","url":"https:\/\/secure.gravatar.com\/avatar\/d4fe7459cfc51ff5129ce1a732bbef5928568b8092d412ef95611616376bbeed?s=96&d=mm&r=g","contentUrl":"https:\/\/secure.gravatar.com\/avatar\/d4fe7459cfc51ff5129ce1a732bbef5928568b8092d412ef95611616376bbeed?s=96&d=mm&r=g","caption":"f1000024"},"url":"https:\/\/cvinoticias.com\/v3\/author\/f1000024\/"}]}},"_links":{"self":[{"href":"https:\/\/cvinoticias.com\/v3\/wp-json\/wp\/v2\/posts\/46267","targetHints":{"allow":["GET"]}}],"collection":[{"href":"https:\/\/cvinoticias.com\/v3\/wp-json\/wp\/v2\/posts"}],"about":[{"href":"https:\/\/cvinoticias.com\/v3\/wp-json\/wp\/v2\/types\/post"}],"author":[{"embeddable":true,"href":"https:\/\/cvinoticias.com\/v3\/wp-json\/wp\/v2\/users\/2"}],"replies":[{"embeddable":true,"href":"https:\/\/cvinoticias.com\/v3\/wp-json\/wp\/v2\/comments?post=46267"}],"version-history":[{"count":1,"href":"https:\/\/cvinoticias.com\/v3\/wp-json\/wp\/v2\/posts\/46267\/revisions"}],"predecessor-version":[{"id":46269,"href":"https:\/\/cvinoticias.com\/v3\/wp-json\/wp\/v2\/posts\/46267\/revisions\/46269"}],"wp:featuredmedia":[{"embeddable":true,"href":"https:\/\/cvinoticias.com\/v3\/wp-json\/wp\/v2\/media\/46268"}],"wp:attachment":[{"href":"https:\/\/cvinoticias.com\/v3\/wp-json\/wp\/v2\/media?parent=46267"}],"wp:term":[{"taxonomy":"category","embeddable":true,"href":"https:\/\/cvinoticias.com\/v3\/wp-json\/wp\/v2\/categories?post=46267"},{"taxonomy":"post_tag","embeddable":true,"href":"https:\/\/cvinoticias.com\/v3\/wp-json\/wp\/v2\/tags?post=46267"}],"curies":[{"name":"wp","href":"https:\/\/api.w.org\/{rel}","templated":true}]}}