{"id":4626,"date":"2021-04-27T22:08:28","date_gmt":"2021-04-27T22:08:28","guid":{"rendered":"https:\/\/cvinoticias.com\/v3\/?p=4626"},"modified":"2021-04-27T22:08:28","modified_gmt":"2021-04-27T22:08:28","slug":"puerto-iguazu-convocatoria-para-este-dia-miercoles-28-de-abril-frente-a-la-escuela-164-de-villa-nueva","status":"publish","type":"post","link":"https:\/\/cvinoticias.com\/v3\/puerto-iguazu-convocatoria-para-este-dia-miercoles-28-de-abril-frente-a-la-escuela-164-de-villa-nueva\/","title":{"rendered":"Puerto Iguaz\u00fa: Convocatoria para este d\u00eda mi\u00e9rcoles 28 de abril frente a la Escuela 164 de Villa Nueva"},"content":{"rendered":"\n<p><strong><em>Directivos y docentes informan a la comunidad de Puerto Iguaz\u00fa como as\u00ed tambi\u00e9n a los gobernantes Misioneros &#8211; quienes estan en conocimiento de lo que sucede, y debido a que a\u00fan no tenemos ninguna respuesta favorable con respecto al arreglo por parte del Estado de la parte edilicia de nuestra Escuela 164 de Villa Nueva, ya que corre riesgo de derrumbe en la parte del zoom, poniendo en riesgo la seguridad e integridad f\u00edsica tanto de alumnos como docentes, y directivos &#8211; hemos tomado la decisi\u00f3n &#8211; como forma de reclamo y lucha &#8211; adherirnos al paro docente los d\u00edas 28, 29 y 30 de abril.<\/em><\/strong><\/p>\n\n\n\n<p>\u00abEsperamos contar con su apoyo y a la vez pedimos se sumen al reclamo, este d\u00eda mi\u00e9rcoles a las 8:30 hs frente a la Escuela\u00bb, manifestaron los docentes.<\/p>\n\n\n\n<p>\u00abNosotros desde el 2016 estamos presentando notas, proyectos, hemos viajado a Posadas y realizamos el pedido de arreglos de techos y no obtuvimos respuestas. Por eso hemos decidido realizar este paro, estamos en riesgo todos; tanto el personal docente y los alumnos, o sea sus hijos\u00bb expresaron a la redacci\u00f3n de CVINOTICIAS.<\/p>\n\n\n\n<figure class=\"wp-block-image size-large\"><a href=\"https:\/\/cvinoticias.com\/wp-content\/uploads\/2021\/04\/IMG-20210427-WA0088.jpg\"><img decoding=\"async\" width=\"766\" height=\"1024\" data-src=\"https:\/\/cvinoticias.com\/wp-content\/uploads\/2021\/04\/IMG-20210427-WA0088-766x1024.jpg\" alt=\"\" class=\"wp-image-4628 lazyload\" data-srcset=\"https:\/\/cvinoticias.com\/wp-content\/uploads\/2021\/04\/IMG-20210427-WA0088-766x1024.jpg 766w, https:\/\/cvinoticias.com\/wp-content\/uploads\/2021\/04\/IMG-20210427-WA0088-224x300.jpg 224w, https:\/\/cvinoticias.com\/wp-content\/uploads\/2021\/04\/IMG-20210427-WA0088-768x1027.jpg 768w, https:\/\/cvinoticias.com\/wp-content\/uploads\/2021\/04\/IMG-20210427-WA0088.jpg 957w\" data-sizes=\"(max-width: 766px) 100vw, 766px\" src=\"data:image\/svg+xml;base64,PHN2ZyB3aWR0aD0iMSIgaGVpZ2h0PSIxIiB4bWxucz0iaHR0cDovL3d3dy53My5vcmcvMjAwMC9zdmciPjwvc3ZnPg==\" style=\"--smush-placeholder-width: 766px; --smush-placeholder-aspect-ratio: 766\/1024;\" \/><\/a><\/figure>\n\n\n\n<figure class=\"wp-block-image size-large is-resized\"><a href=\"https:\/\/cvinoticias.com\/wp-content\/uploads\/2021\/04\/IMG-20210427-WA0087.jpg\"><img decoding=\"async\" data-src=\"https:\/\/cvinoticias.com\/wp-content\/uploads\/2021\/04\/IMG-20210427-WA0087-766x1024.jpg\" alt=\"\" class=\"wp-image-4629 lazyload\" width=\"732\" height=\"978\" data-srcset=\"https:\/\/cvinoticias.com\/wp-content\/uploads\/2021\/04\/IMG-20210427-WA0087-766x1024.jpg 766w, https:\/\/cvinoticias.com\/wp-content\/uploads\/2021\/04\/IMG-20210427-WA0087-224x300.jpg 224w, https:\/\/cvinoticias.com\/wp-content\/uploads\/2021\/04\/IMG-20210427-WA0087-768x1027.jpg 768w, https:\/\/cvinoticias.com\/wp-content\/uploads\/2021\/04\/IMG-20210427-WA0087.jpg 957w\" data-sizes=\"(max-width: 732px) 100vw, 732px\" src=\"data:image\/svg+xml;base64,PHN2ZyB3aWR0aD0iMSIgaGVpZ2h0PSIxIiB4bWxucz0iaHR0cDovL3d3dy53My5vcmcvMjAwMC9zdmciPjwvc3ZnPg==\" style=\"--smush-placeholder-width: 732px; --smush-placeholder-aspect-ratio: 732\/978;\" \/><\/a><\/figure>\n\n\n\n<figure class=\"wp-block-image size-large\"><a href=\"https:\/\/cvinoticias.com\/wp-content\/uploads\/2021\/04\/IMG-20210427-WA0086.jpg\"><img decoding=\"async\" width=\"1024\" height=\"766\" data-src=\"https:\/\/cvinoticias.com\/wp-content\/uploads\/2021\/04\/IMG-20210427-WA0086-1024x766.jpg\" alt=\"\" class=\"wp-image-4630 lazyload\" data-srcset=\"https:\/\/cvinoticias.com\/wp-content\/uploads\/2021\/04\/IMG-20210427-WA0086-1024x766.jpg 1024w, https:\/\/cvinoticias.com\/wp-content\/uploads\/2021\/04\/IMG-20210427-WA0086-300x224.jpg 300w, https:\/\/cvinoticias.com\/wp-content\/uploads\/2021\/04\/IMG-20210427-WA0086-768x574.jpg 768w, https:\/\/cvinoticias.com\/wp-content\/uploads\/2021\/04\/IMG-20210427-WA0086.jpg 1280w\" data-sizes=\"(max-width: 1024px) 100vw, 1024px\" src=\"data:image\/svg+xml;base64,PHN2ZyB3aWR0aD0iMSIgaGVpZ2h0PSIxIiB4bWxucz0iaHR0cDovL3d3dy53My5vcmcvMjAwMC9zdmciPjwvc3ZnPg==\" style=\"--smush-placeholder-width: 1024px; --smush-placeholder-aspect-ratio: 1024\/766;\" \/><\/a><\/figure>\n","protected":false},"excerpt":{"rendered":"<p>Directivos y docentes informan a la comunidad de Puerto Iguaz\u00fa como as\u00ed tambi\u00e9n a los gobernantes Misioneros &#8211; quienes estan en conocimiento de lo que sucede, y debido a que a\u00fan no tenemos ninguna respuesta favorable con respecto al arreglo por parte del Estado de la parte edilicia de nuestra Escuela 164 de Villa Nueva, [&hellip;]<\/p>\n","protected":false},"author":2,"featured_media":4627,"comment_status":"open","ping_status":"open","sticky":false,"template":"","format":"standard","meta":{"footnotes":""},"categories":[29],"tags":[],"class_list":["post-4626","post","type-post","status-publish","format-standard","has-post-thumbnail","hentry","category-locales"],"yoast_head":"<!-- This site is optimized with the Yoast SEO plugin v27.5 - https:\/\/yoast.com\/product\/yoast-seo-wordpress\/ -->\n<title>Puerto Iguaz\u00fa: Convocatoria para este d\u00eda mi\u00e9rcoles 28 de abril frente a la Escuela 164 de Villa Nueva | CVI NOTICIAS<\/title>\n<meta name=\"robots\" content=\"index, follow, max-snippet:-1, max-image-preview:large, max-video-preview:-1\" \/>\n<link rel=\"canonical\" href=\"https:\/\/cvinoticias.com\/v3\/puerto-iguazu-convocatoria-para-este-dia-miercoles-28-de-abril-frente-a-la-escuela-164-de-villa-nueva\/\" \/>\n<meta property=\"og:locale\" content=\"es_ES\" \/>\n<meta property=\"og:type\" content=\"article\" \/>\n<meta property=\"og:title\" content=\"Puerto Iguaz\u00fa: Convocatoria para este d\u00eda mi\u00e9rcoles 28 de abril frente a la Escuela 164 de Villa Nueva | CVI NOTICIAS\" \/>\n<meta property=\"og:description\" content=\"Directivos y docentes informan a la comunidad de Puerto Iguaz\u00fa como as\u00ed tambi\u00e9n a los gobernantes Misioneros &#8211; quienes estan en conocimiento de lo que sucede, y debido a que a\u00fan no tenemos ninguna respuesta favorable con respecto al arreglo por parte del Estado de la parte edilicia de nuestra Escuela 164 de Villa Nueva, [&hellip;]\" \/>\n<meta property=\"og:url\" content=\"https:\/\/cvinoticias.com\/v3\/puerto-iguazu-convocatoria-para-este-dia-miercoles-28-de-abril-frente-a-la-escuela-164-de-villa-nueva\/\" \/>\n<meta property=\"og:site_name\" content=\"CVI NOTICIAS\" \/>\n<meta property=\"article:publisher\" content=\"https:\/\/www.facebook.com\/cvinoticias\" \/>\n<meta property=\"article:published_time\" content=\"2021-04-27T22:08:28+00:00\" \/>\n<meta property=\"og:image\" content=\"https:\/\/cvinoticias.com\/wp-content\/uploads\/2021\/04\/IMG-20210427-WA0089.jpg\" \/>\n\t<meta property=\"og:image:width\" content=\"1280\" \/>\n\t<meta property=\"og:image:height\" content=\"957\" \/>\n\t<meta property=\"og:image:type\" content=\"image\/jpeg\" \/>\n<meta name=\"author\" content=\"f1000024\" \/>\n<meta name=\"twitter:card\" content=\"summary_large_image\" \/>\n<meta name=\"twitter:label1\" content=\"Escrito por\" \/>\n\t<meta name=\"twitter:data1\" content=\"f1000024\" \/>\n\t<meta name=\"twitter:label2\" content=\"Tiempo de lectura\" \/>\n\t<meta name=\"twitter:data2\" content=\"1 minuto\" \/>\n<script type=\"application\/ld+json\" class=\"yoast-schema-graph\">{\"@context\":\"https:\\\/\\\/schema.org\",\"@graph\":[{\"@type\":\"Article\",\"@id\":\"https:\\\/\\\/cvinoticias.com\\\/v3\\\/puerto-iguazu-convocatoria-para-este-dia-miercoles-28-de-abril-frente-a-la-escuela-164-de-villa-nueva\\\/#article\",\"isPartOf\":{\"@id\":\"https:\\\/\\\/cvinoticias.com\\\/v3\\\/puerto-iguazu-convocatoria-para-este-dia-miercoles-28-de-abril-frente-a-la-escuela-164-de-villa-nueva\\\/\"},\"author\":{\"name\":\"f1000024\",\"@id\":\"https:\\\/\\\/cvinoticias.com\\\/v3\\\/#\\\/schema\\\/person\\\/2db77e3c6bc03c538495d7b2b8be9b66\"},\"headline\":\"Puerto Iguaz\u00fa: Convocatoria para este d\u00eda mi\u00e9rcoles 28 de abril frente a la Escuela 164 de Villa Nueva\",\"datePublished\":\"2021-04-27T22:08:28+00:00\",\"mainEntityOfPage\":{\"@id\":\"https:\\\/\\\/cvinoticias.com\\\/v3\\\/puerto-iguazu-convocatoria-para-este-dia-miercoles-28-de-abril-frente-a-la-escuela-164-de-villa-nueva\\\/\"},\"wordCount\":206,\"commentCount\":2,\"publisher\":{\"@id\":\"https:\\\/\\\/cvinoticias.com\\\/v3\\\/#organization\"},\"image\":{\"@id\":\"https:\\\/\\\/cvinoticias.com\\\/v3\\\/puerto-iguazu-convocatoria-para-este-dia-miercoles-28-de-abril-frente-a-la-escuela-164-de-villa-nueva\\\/#primaryimage\"},\"thumbnailUrl\":\"https:\\\/\\\/cvinoticias.com\\\/wp-content\\\/uploads\\\/2021\\\/04\\\/IMG-20210427-WA0089.jpg\",\"articleSection\":[\"Locales\"],\"inLanguage\":\"es\",\"potentialAction\":[{\"@type\":\"CommentAction\",\"name\":\"Comment\",\"target\":[\"https:\\\/\\\/cvinoticias.com\\\/v3\\\/puerto-iguazu-convocatoria-para-este-dia-miercoles-28-de-abril-frente-a-la-escuela-164-de-villa-nueva\\\/#respond\"]}]},{\"@type\":\"WebPage\",\"@id\":\"https:\\\/\\\/cvinoticias.com\\\/v3\\\/puerto-iguazu-convocatoria-para-este-dia-miercoles-28-de-abril-frente-a-la-escuela-164-de-villa-nueva\\\/\",\"url\":\"https:\\\/\\\/cvinoticias.com\\\/v3\\\/puerto-iguazu-convocatoria-para-este-dia-miercoles-28-de-abril-frente-a-la-escuela-164-de-villa-nueva\\\/\",\"name\":\"Puerto Iguaz\u00fa: Convocatoria para este d\u00eda mi\u00e9rcoles 28 de abril frente a la Escuela 164 de Villa Nueva | CVI NOTICIAS\",\"isPartOf\":{\"@id\":\"https:\\\/\\\/cvinoticias.com\\\/v3\\\/#website\"},\"primaryImageOfPage\":{\"@id\":\"https:\\\/\\\/cvinoticias.com\\\/v3\\\/puerto-iguazu-convocatoria-para-este-dia-miercoles-28-de-abril-frente-a-la-escuela-164-de-villa-nueva\\\/#primaryimage\"},\"image\":{\"@id\":\"https:\\\/\\\/cvinoticias.com\\\/v3\\\/puerto-iguazu-convocatoria-para-este-dia-miercoles-28-de-abril-frente-a-la-escuela-164-de-villa-nueva\\\/#primaryimage\"},\"thumbnailUrl\":\"https:\\\/\\\/cvinoticias.com\\\/wp-content\\\/uploads\\\/2021\\\/04\\\/IMG-20210427-WA0089.jpg\",\"datePublished\":\"2021-04-27T22:08:28+00:00\",\"breadcrumb\":{\"@id\":\"https:\\\/\\\/cvinoticias.com\\\/v3\\\/puerto-iguazu-convocatoria-para-este-dia-miercoles-28-de-abril-frente-a-la-escuela-164-de-villa-nueva\\\/#breadcrumb\"},\"inLanguage\":\"es\",\"potentialAction\":[{\"@type\":\"ReadAction\",\"target\":[\"https:\\\/\\\/cvinoticias.com\\\/v3\\\/puerto-iguazu-convocatoria-para-este-dia-miercoles-28-de-abril-frente-a-la-escuela-164-de-villa-nueva\\\/\"]}]},{\"@type\":\"ImageObject\",\"inLanguage\":\"es\",\"@id\":\"https:\\\/\\\/cvinoticias.com\\\/v3\\\/puerto-iguazu-convocatoria-para-este-dia-miercoles-28-de-abril-frente-a-la-escuela-164-de-villa-nueva\\\/#primaryimage\",\"url\":\"https:\\\/\\\/cvinoticias.com\\\/wp-content\\\/uploads\\\/2021\\\/04\\\/IMG-20210427-WA0089.jpg\",\"contentUrl\":\"https:\\\/\\\/cvinoticias.com\\\/wp-content\\\/uploads\\\/2021\\\/04\\\/IMG-20210427-WA0089.jpg\",\"width\":1280,\"height\":957},{\"@type\":\"BreadcrumbList\",\"@id\":\"https:\\\/\\\/cvinoticias.com\\\/v3\\\/puerto-iguazu-convocatoria-para-este-dia-miercoles-28-de-abril-frente-a-la-escuela-164-de-villa-nueva\\\/#breadcrumb\",\"itemListElement\":[{\"@type\":\"ListItem\",\"position\":1,\"name\":\"Portada\",\"item\":\"https:\\\/\\\/cvinoticias.com\\\/v3\\\/\"},{\"@type\":\"ListItem\",\"position\":2,\"name\":\"Puerto Iguaz\u00fa: Convocatoria para este d\u00eda mi\u00e9rcoles 28 de abril frente a la Escuela 164 de Villa Nueva\"}]},{\"@type\":\"WebSite\",\"@id\":\"https:\\\/\\\/cvinoticias.com\\\/v3\\\/#website\",\"url\":\"https:\\\/\\\/cvinoticias.com\\\/v3\\\/\",\"name\":\"CVI NOTICIAS\",\"description\":\"\",\"publisher\":{\"@id\":\"https:\\\/\\\/cvinoticias.com\\\/v3\\\/#organization\"},\"alternateName\":\"CVI\",\"potentialAction\":[{\"@type\":\"SearchAction\",\"target\":{\"@type\":\"EntryPoint\",\"urlTemplate\":\"https:\\\/\\\/cvinoticias.com\\\/v3\\\/?s={search_term_string}\"},\"query-input\":{\"@type\":\"PropertyValueSpecification\",\"valueRequired\":true,\"valueName\":\"search_term_string\"}}],\"inLanguage\":\"es\"},{\"@type\":\"Organization\",\"@id\":\"https:\\\/\\\/cvinoticias.com\\\/v3\\\/#organization\",\"name\":\"CVI NOTICIAS\",\"url\":\"https:\\\/\\\/cvinoticias.com\\\/v3\\\/\",\"logo\":{\"@type\":\"ImageObject\",\"inLanguage\":\"es\",\"@id\":\"https:\\\/\\\/cvinoticias.com\\\/v3\\\/#\\\/schema\\\/logo\\\/image\\\/\",\"url\":\"https:\\\/\\\/cvinoticias.com\\\/wp-content\\\/uploads\\\/2023\\\/04\\\/cropped-cropped-cropped-cropped-cropped-3-1.png\",\"contentUrl\":\"https:\\\/\\\/cvinoticias.com\\\/wp-content\\\/uploads\\\/2023\\\/04\\\/cropped-cropped-cropped-cropped-cropped-3-1.png\",\"width\":95,\"height\":122,\"caption\":\"CVI NOTICIAS\"},\"image\":{\"@id\":\"https:\\\/\\\/cvinoticias.com\\\/v3\\\/#\\\/schema\\\/logo\\\/image\\\/\"},\"sameAs\":[\"https:\\\/\\\/www.facebook.com\\\/cvinoticias\",\"https:\\\/\\\/www.instagram.com\\\/cvinoticias\\\/\",\"https:\\\/\\\/www.youtube.com\\\/@CVINOTICIAS\"]},{\"@type\":\"Person\",\"@id\":\"https:\\\/\\\/cvinoticias.com\\\/v3\\\/#\\\/schema\\\/person\\\/2db77e3c6bc03c538495d7b2b8be9b66\",\"name\":\"f1000024\",\"image\":{\"@type\":\"ImageObject\",\"inLanguage\":\"es\",\"@id\":\"https:\\\/\\\/secure.gravatar.com\\\/avatar\\\/d4fe7459cfc51ff5129ce1a732bbef5928568b8092d412ef95611616376bbeed?s=96&d=mm&r=g\",\"url\":\"https:\\\/\\\/secure.gravatar.com\\\/avatar\\\/d4fe7459cfc51ff5129ce1a732bbef5928568b8092d412ef95611616376bbeed?s=96&d=mm&r=g\",\"contentUrl\":\"https:\\\/\\\/secure.gravatar.com\\\/avatar\\\/d4fe7459cfc51ff5129ce1a732bbef5928568b8092d412ef95611616376bbeed?s=96&d=mm&r=g\",\"caption\":\"f1000024\"},\"url\":\"https:\\\/\\\/cvinoticias.com\\\/v3\\\/author\\\/f1000024\\\/\"}]}<\/script>\n<!-- \/ Yoast SEO plugin. -->","yoast_head_json":{"title":"Puerto Iguaz\u00fa: Convocatoria para este d\u00eda mi\u00e9rcoles 28 de abril frente a la Escuela 164 de Villa Nueva | CVI NOTICIAS","robots":{"index":"index","follow":"follow","max-snippet":"max-snippet:-1","max-image-preview":"max-image-preview:large","max-video-preview":"max-video-preview:-1"},"canonical":"https:\/\/cvinoticias.com\/v3\/puerto-iguazu-convocatoria-para-este-dia-miercoles-28-de-abril-frente-a-la-escuela-164-de-villa-nueva\/","og_locale":"es_ES","og_type":"article","og_title":"Puerto Iguaz\u00fa: Convocatoria para este d\u00eda mi\u00e9rcoles 28 de abril frente a la Escuela 164 de Villa Nueva | CVI NOTICIAS","og_description":"Directivos y docentes informan a la comunidad de Puerto Iguaz\u00fa como as\u00ed tambi\u00e9n a los gobernantes Misioneros &#8211; quienes estan en conocimiento de lo que sucede, y debido a que a\u00fan no tenemos ninguna respuesta favorable con respecto al arreglo por parte del Estado de la parte edilicia de nuestra Escuela 164 de Villa Nueva, [&hellip;]","og_url":"https:\/\/cvinoticias.com\/v3\/puerto-iguazu-convocatoria-para-este-dia-miercoles-28-de-abril-frente-a-la-escuela-164-de-villa-nueva\/","og_site_name":"CVI NOTICIAS","article_publisher":"https:\/\/www.facebook.com\/cvinoticias","article_published_time":"2021-04-27T22:08:28+00:00","og_image":[{"width":1280,"height":957,"url":"https:\/\/cvinoticias.com\/wp-content\/uploads\/2021\/04\/IMG-20210427-WA0089.jpg","type":"image\/jpeg"}],"author":"f1000024","twitter_card":"summary_large_image","twitter_misc":{"Escrito por":"f1000024","Tiempo de lectura":"1 minuto"},"schema":{"@context":"https:\/\/schema.org","@graph":[{"@type":"Article","@id":"https:\/\/cvinoticias.com\/v3\/puerto-iguazu-convocatoria-para-este-dia-miercoles-28-de-abril-frente-a-la-escuela-164-de-villa-nueva\/#article","isPartOf":{"@id":"https:\/\/cvinoticias.com\/v3\/puerto-iguazu-convocatoria-para-este-dia-miercoles-28-de-abril-frente-a-la-escuela-164-de-villa-nueva\/"},"author":{"name":"f1000024","@id":"https:\/\/cvinoticias.com\/v3\/#\/schema\/person\/2db77e3c6bc03c538495d7b2b8be9b66"},"headline":"Puerto Iguaz\u00fa: Convocatoria para este d\u00eda mi\u00e9rcoles 28 de abril frente a la Escuela 164 de Villa Nueva","datePublished":"2021-04-27T22:08:28+00:00","mainEntityOfPage":{"@id":"https:\/\/cvinoticias.com\/v3\/puerto-iguazu-convocatoria-para-este-dia-miercoles-28-de-abril-frente-a-la-escuela-164-de-villa-nueva\/"},"wordCount":206,"commentCount":2,"publisher":{"@id":"https:\/\/cvinoticias.com\/v3\/#organization"},"image":{"@id":"https:\/\/cvinoticias.com\/v3\/puerto-iguazu-convocatoria-para-este-dia-miercoles-28-de-abril-frente-a-la-escuela-164-de-villa-nueva\/#primaryimage"},"thumbnailUrl":"https:\/\/cvinoticias.com\/wp-content\/uploads\/2021\/04\/IMG-20210427-WA0089.jpg","articleSection":["Locales"],"inLanguage":"es","potentialAction":[{"@type":"CommentAction","name":"Comment","target":["https:\/\/cvinoticias.com\/v3\/puerto-iguazu-convocatoria-para-este-dia-miercoles-28-de-abril-frente-a-la-escuela-164-de-villa-nueva\/#respond"]}]},{"@type":"WebPage","@id":"https:\/\/cvinoticias.com\/v3\/puerto-iguazu-convocatoria-para-este-dia-miercoles-28-de-abril-frente-a-la-escuela-164-de-villa-nueva\/","url":"https:\/\/cvinoticias.com\/v3\/puerto-iguazu-convocatoria-para-este-dia-miercoles-28-de-abril-frente-a-la-escuela-164-de-villa-nueva\/","name":"Puerto Iguaz\u00fa: Convocatoria para este d\u00eda mi\u00e9rcoles 28 de abril frente a la Escuela 164 de Villa Nueva | CVI NOTICIAS","isPartOf":{"@id":"https:\/\/cvinoticias.com\/v3\/#website"},"primaryImageOfPage":{"@id":"https:\/\/cvinoticias.com\/v3\/puerto-iguazu-convocatoria-para-este-dia-miercoles-28-de-abril-frente-a-la-escuela-164-de-villa-nueva\/#primaryimage"},"image":{"@id":"https:\/\/cvinoticias.com\/v3\/puerto-iguazu-convocatoria-para-este-dia-miercoles-28-de-abril-frente-a-la-escuela-164-de-villa-nueva\/#primaryimage"},"thumbnailUrl":"https:\/\/cvinoticias.com\/wp-content\/uploads\/2021\/04\/IMG-20210427-WA0089.jpg","datePublished":"2021-04-27T22:08:28+00:00","breadcrumb":{"@id":"https:\/\/cvinoticias.com\/v3\/puerto-iguazu-convocatoria-para-este-dia-miercoles-28-de-abril-frente-a-la-escuela-164-de-villa-nueva\/#breadcrumb"},"inLanguage":"es","potentialAction":[{"@type":"ReadAction","target":["https:\/\/cvinoticias.com\/v3\/puerto-iguazu-convocatoria-para-este-dia-miercoles-28-de-abril-frente-a-la-escuela-164-de-villa-nueva\/"]}]},{"@type":"ImageObject","inLanguage":"es","@id":"https:\/\/cvinoticias.com\/v3\/puerto-iguazu-convocatoria-para-este-dia-miercoles-28-de-abril-frente-a-la-escuela-164-de-villa-nueva\/#primaryimage","url":"https:\/\/cvinoticias.com\/wp-content\/uploads\/2021\/04\/IMG-20210427-WA0089.jpg","contentUrl":"https:\/\/cvinoticias.com\/wp-content\/uploads\/2021\/04\/IMG-20210427-WA0089.jpg","width":1280,"height":957},{"@type":"BreadcrumbList","@id":"https:\/\/cvinoticias.com\/v3\/puerto-iguazu-convocatoria-para-este-dia-miercoles-28-de-abril-frente-a-la-escuela-164-de-villa-nueva\/#breadcrumb","itemListElement":[{"@type":"ListItem","position":1,"name":"Portada","item":"https:\/\/cvinoticias.com\/v3\/"},{"@type":"ListItem","position":2,"name":"Puerto Iguaz\u00fa: Convocatoria para este d\u00eda mi\u00e9rcoles 28 de abril frente a la Escuela 164 de Villa Nueva"}]},{"@type":"WebSite","@id":"https:\/\/cvinoticias.com\/v3\/#website","url":"https:\/\/cvinoticias.com\/v3\/","name":"CVI NOTICIAS","description":"","publisher":{"@id":"https:\/\/cvinoticias.com\/v3\/#organization"},"alternateName":"CVI","potentialAction":[{"@type":"SearchAction","target":{"@type":"EntryPoint","urlTemplate":"https:\/\/cvinoticias.com\/v3\/?s={search_term_string}"},"query-input":{"@type":"PropertyValueSpecification","valueRequired":true,"valueName":"search_term_string"}}],"inLanguage":"es"},{"@type":"Organization","@id":"https:\/\/cvinoticias.com\/v3\/#organization","name":"CVI NOTICIAS","url":"https:\/\/cvinoticias.com\/v3\/","logo":{"@type":"ImageObject","inLanguage":"es","@id":"https:\/\/cvinoticias.com\/v3\/#\/schema\/logo\/image\/","url":"https:\/\/cvinoticias.com\/wp-content\/uploads\/2023\/04\/cropped-cropped-cropped-cropped-cropped-3-1.png","contentUrl":"https:\/\/cvinoticias.com\/wp-content\/uploads\/2023\/04\/cropped-cropped-cropped-cropped-cropped-3-1.png","width":95,"height":122,"caption":"CVI NOTICIAS"},"image":{"@id":"https:\/\/cvinoticias.com\/v3\/#\/schema\/logo\/image\/"},"sameAs":["https:\/\/www.facebook.com\/cvinoticias","https:\/\/www.instagram.com\/cvinoticias\/","https:\/\/www.youtube.com\/@CVINOTICIAS"]},{"@type":"Person","@id":"https:\/\/cvinoticias.com\/v3\/#\/schema\/person\/2db77e3c6bc03c538495d7b2b8be9b66","name":"f1000024","image":{"@type":"ImageObject","inLanguage":"es","@id":"https:\/\/secure.gravatar.com\/avatar\/d4fe7459cfc51ff5129ce1a732bbef5928568b8092d412ef95611616376bbeed?s=96&d=mm&r=g","url":"https:\/\/secure.gravatar.com\/avatar\/d4fe7459cfc51ff5129ce1a732bbef5928568b8092d412ef95611616376bbeed?s=96&d=mm&r=g","contentUrl":"https:\/\/secure.gravatar.com\/avatar\/d4fe7459cfc51ff5129ce1a732bbef5928568b8092d412ef95611616376bbeed?s=96&d=mm&r=g","caption":"f1000024"},"url":"https:\/\/cvinoticias.com\/v3\/author\/f1000024\/"}]}},"_links":{"self":[{"href":"https:\/\/cvinoticias.com\/v3\/wp-json\/wp\/v2\/posts\/4626","targetHints":{"allow":["GET"]}}],"collection":[{"href":"https:\/\/cvinoticias.com\/v3\/wp-json\/wp\/v2\/posts"}],"about":[{"href":"https:\/\/cvinoticias.com\/v3\/wp-json\/wp\/v2\/types\/post"}],"author":[{"embeddable":true,"href":"https:\/\/cvinoticias.com\/v3\/wp-json\/wp\/v2\/users\/2"}],"replies":[{"embeddable":true,"href":"https:\/\/cvinoticias.com\/v3\/wp-json\/wp\/v2\/comments?post=4626"}],"version-history":[{"count":1,"href":"https:\/\/cvinoticias.com\/v3\/wp-json\/wp\/v2\/posts\/4626\/revisions"}],"predecessor-version":[{"id":4631,"href":"https:\/\/cvinoticias.com\/v3\/wp-json\/wp\/v2\/posts\/4626\/revisions\/4631"}],"wp:featuredmedia":[{"embeddable":true,"href":"https:\/\/cvinoticias.com\/v3\/wp-json\/wp\/v2\/media\/4627"}],"wp:attachment":[{"href":"https:\/\/cvinoticias.com\/v3\/wp-json\/wp\/v2\/media?parent=4626"}],"wp:term":[{"taxonomy":"category","embeddable":true,"href":"https:\/\/cvinoticias.com\/v3\/wp-json\/wp\/v2\/categories?post=4626"},{"taxonomy":"post_tag","embeddable":true,"href":"https:\/\/cvinoticias.com\/v3\/wp-json\/wp\/v2\/tags?post=4626"}],"curies":[{"name":"wp","href":"https:\/\/api.w.org\/{rel}","templated":true}]}}