{"id":4615,"date":"2021-04-27T11:26:25","date_gmt":"2021-04-27T11:26:25","guid":{"rendered":"https:\/\/cvinoticias.com\/v3\/?p=4615"},"modified":"2021-04-27T11:28:57","modified_gmt":"2021-04-27T11:28:57","slug":"consejo-del-salario-la-cgt-pediria-aumento-del-35-al-40-en-el-haber-minimo","status":"publish","type":"post","link":"https:\/\/cvinoticias.com\/v3\/consejo-del-salario-la-cgt-pediria-aumento-del-35-al-40-en-el-haber-minimo\/","title":{"rendered":"Consejo del Salario: la CGT pedir\u00eda aumento del 35 al 40% en el haber m\u00ednimo"},"content":{"rendered":"\n<p><strong><em>Para la CGT, es \u00abfundamental y vital\u00bb que el incremento del m\u00ednimo sea acompa\u00f1ado por una nueva convocatoria del Ministerio de Trabajo a rediscutir los valores \u00abno m\u00e1s all\u00e1 de octubre\u00bb.<\/em><\/strong><\/p>\n\n\n\n<p>El Consejo del Salario se reunir\u00e1 este martes, ocasi\u00f3n en que la CGT reclamar\u00eda un aumento del haber m\u00ednimo de entre el 35% y 40%, el pago en no m\u00e1s de dos tramos y una revisi\u00f3n en octubre, seg\u00fan adelantaron fuentes de la central sindical.<\/p>\n\n\n\n<p>Mientras, desde la CTA de los Trabajadores que encabeza Hugo Yasky sostuvieron que aceptar\u00eda esa mejora pero en una sola cuota y la CTA Aut\u00f3noma (CTAA), de Ricardo Peidro y Hugo Godoy, exigir\u00eda un valor que se aproxime al de la canasta b\u00e1sica alimentaria.<\/p>\n\n\n\n<p>Las fuentes del consejo directivo cegetista detallaron que la CGT solicitar\u00e1 este martes un incremento de entre el 35% y 40% y su pago en no m\u00e1s de dos tramos, aunque aseguraron que \u00abla posibilidad m\u00e1s cercana es que finalmente se convenga un ingreso algunos puntos por debajo\u00bb.<\/p>\n\n\n\n<p>Los voceros de la central obrera que lideran H\u00e9ctor Daer (Sanidad) y Carlos Acu\u00f1a (estaciones de servicio) advirtieron que el proceso inflacionario \u00abpulveriz\u00f3\u00bb el ingreso m\u00ednimo y que su actual valor de 21.600 pesos est\u00e1 retrasado, por lo que \u00abes necesario actualizarlo en no menos de un 35\/40% y en no m\u00e1s de dos tramos\u00bb.<\/p>\n\n\n\n<p>Plantearon que \u00abse impone un n\u00famero que dignifique el m\u00ednimo ante el proceso inflacionario, al igual que los valores de las prestaciones por desempleo, por lo que la CGT demandar\u00e1 ese porcentaje. Pero lo m\u00e1s probable es que las presiones empresarias y la realidad econ\u00f3mica obliguen a reducir finalmente algunos puntos de la demanda\u00bb.<\/p>\n\n\n\n<p>Para la CGT, es \u00abfundamental y vital\u00bb que el incremento del m\u00ednimo sea acompa\u00f1ado por una nueva convocatoria\u00a0del Ministerio de Trabajo a rediscutir los valores\u00a0<strong>\u00abno m\u00e1s all\u00e1 de octubre\u00bb<\/strong>.<\/p>\n\n\n\n<p>Desde la CTA de los Trabajadores aseguraron que esa central aceptar\u00eda una mejora de entre 35% y 40% si finalmente se conviene en torno a esas cifras en la mesa de discusi\u00f3n tripartita, pero exigir\u00e1 que el nuevo monto se abone en un solo tramo.<\/p>\n\n\n\n<p>Por otro lado, desde la CTA Aut\u00f3noma subrayaron que el nuevo monto del salario m\u00ednimo, vital y m\u00f3vil debe aproximarse al valor de la canasta b\u00e1sica alimentaria.<\/p>\n\n\n\n<p>El dirigente Peidro remarc\u00f3 que ante la desactualizaci\u00f3n del salario y la suba de los precios la CTAA aprob\u00f3 \u00abun plan de reactivaci\u00f3n del ingreso que toma como base la canasta elaborada por la Comisi\u00f3n Interna del Instituto Nacional de Estad\u00edsticas y Censos (Indec)\u00bb.<\/p>\n\n\n\n<p>\u00abOtra alternativa es elaborar una estrategia de incremento progresivo y por arriba del proceso inflacionario para ubicar a ese ingreso en un valor adecuado a fin de que pueda satisfacer las necesidades b\u00e1sicas contempladas en la ley\u00bb, apunt\u00f3 Peidro a T\u00e9lam.<\/p>\n\n\n\n<p>La reuni\u00f3n de este martes, convocada por el Ministerio de Trabajo, constituir\u00e1 la sesi\u00f3n plenaria ordinaria del Consejo Nacional del Empleo, la Productividad y el Salario M\u00ednimo, Vital y M\u00f3vil, \u00f3rgano tripartito en el que se discuten regularmente los incrementos del salario m\u00ednimo y otras cuestiones del \u00e1mbito laboral.<\/p>\n\n\n\n<p>El \u00faltimo encuentro de ese cuerpo conocido como Consejo del Salario se realiz\u00f3 el 14 de octubre de 2020 y se estableci\u00f3 un salario m\u00ednimo de 21.600 pesos.<\/p>\n\n\n\n<p>Por la situaci\u00f3n de la pandemia, la plenaria ordinaria del Consejo arrancar\u00e1 el martes a las 15 de forma virtual, seg\u00fan convoc\u00f3 el ministro de Trabajo, Claudio Moroni, mientras que a las 16:30 se iniciar\u00e1 la segunda reuni\u00f3n, en la que se procurar\u00e1 consensuar -o en su defecto laudar\u00e1 la cartera laboral- el nuevo salario m\u00ednimo, vital y m\u00f3vil.<\/p>\n\n\n\n<p>En octubre se estableci\u00f3 el salario m\u00ednimo de 21.600 pesos desde marzo y en tres tramos, lo que represent\u00f3 un incremento de 28%, que fue abonado un 12% en octubre, un 10% en diciembre y un 6% en marzo.<\/p>\n\n\n\n<p>Durante la gesti\u00f3n de Cambiemos, en los a\u00f1os 2017, 2018 y 2019, el valor del salario m\u00ednimo hab\u00eda sido fijado de forma unilateral por laudo ministerial ante las desavenencias de sindicalistas y empresarios.<\/p>\n\n\n\n<p><\/p>\n\n\n\n<p>Fuente: Agencia Nacional Noticias<\/p>\n","protected":false},"excerpt":{"rendered":"<p>Para la CGT, es \u00abfundamental y vital\u00bb que el incremento del m\u00ednimo sea acompa\u00f1ado por una nueva convocatoria del Ministerio de Trabajo a rediscutir los valores \u00abno m\u00e1s all\u00e1 de octubre\u00bb. El Consejo del Salario se reunir\u00e1 este martes, ocasi\u00f3n en que la CGT reclamar\u00eda un aumento del haber m\u00ednimo de entre el 35% y [&hellip;]<\/p>\n","protected":false},"author":2,"featured_media":4616,"comment_status":"open","ping_status":"open","sticky":false,"template":"","format":"standard","meta":{"footnotes":""},"categories":[39],"tags":[],"class_list":["post-4615","post","type-post","status-publish","format-standard","has-post-thumbnail","hentry","category-nacionales"],"yoast_head":"<!-- This site is optimized with the Yoast SEO plugin v27.5 - https:\/\/yoast.com\/product\/yoast-seo-wordpress\/ -->\n<title>Consejo del Salario: la CGT pedir\u00eda aumento del 35 al 40% en el haber m\u00ednimo | CVI NOTICIAS<\/title>\n<meta name=\"robots\" content=\"index, follow, max-snippet:-1, max-image-preview:large, max-video-preview:-1\" \/>\n<link rel=\"canonical\" href=\"https:\/\/cvinoticias.com\/v3\/consejo-del-salario-la-cgt-pediria-aumento-del-35-al-40-en-el-haber-minimo\/\" \/>\n<meta property=\"og:locale\" content=\"es_ES\" \/>\n<meta property=\"og:type\" content=\"article\" \/>\n<meta property=\"og:title\" content=\"Consejo del Salario: la CGT pedir\u00eda aumento del 35 al 40% en el haber m\u00ednimo | CVI NOTICIAS\" \/>\n<meta property=\"og:description\" content=\"Para la CGT, es \u00abfundamental y vital\u00bb que el incremento del m\u00ednimo sea acompa\u00f1ado por una nueva convocatoria del Ministerio de Trabajo a rediscutir los valores \u00abno m\u00e1s all\u00e1 de octubre\u00bb. El Consejo del Salario se reunir\u00e1 este martes, ocasi\u00f3n en que la CGT reclamar\u00eda un aumento del haber m\u00ednimo de entre el 35% y [&hellip;]\" \/>\n<meta property=\"og:url\" content=\"https:\/\/cvinoticias.com\/v3\/consejo-del-salario-la-cgt-pediria-aumento-del-35-al-40-en-el-haber-minimo\/\" \/>\n<meta property=\"og:site_name\" content=\"CVI NOTICIAS\" \/>\n<meta property=\"article:publisher\" content=\"https:\/\/www.facebook.com\/cvinoticias\" \/>\n<meta property=\"article:published_time\" content=\"2021-04-27T11:26:25+00:00\" \/>\n<meta property=\"article:modified_time\" content=\"2021-04-27T11:28:57+00:00\" \/>\n<meta property=\"og:image\" content=\"https:\/\/cvinoticias.com\/wp-content\/uploads\/2021\/04\/la-reunion-del-consejo-del-salario-se-reunira-el-27-abril.png\" \/>\n\t<meta property=\"og:image:width\" content=\"1200\" \/>\n\t<meta property=\"og:image:height\" content=\"675\" \/>\n\t<meta property=\"og:image:type\" content=\"image\/png\" \/>\n<meta name=\"author\" content=\"f1000024\" \/>\n<meta name=\"twitter:card\" content=\"summary_large_image\" \/>\n<meta name=\"twitter:label1\" content=\"Escrito por\" \/>\n\t<meta name=\"twitter:data1\" content=\"f1000024\" \/>\n\t<meta name=\"twitter:label2\" content=\"Tiempo de lectura\" \/>\n\t<meta name=\"twitter:data2\" content=\"4 minutos\" \/>\n<script type=\"application\/ld+json\" class=\"yoast-schema-graph\">{\"@context\":\"https:\\\/\\\/schema.org\",\"@graph\":[{\"@type\":\"Article\",\"@id\":\"https:\\\/\\\/cvinoticias.com\\\/v3\\\/consejo-del-salario-la-cgt-pediria-aumento-del-35-al-40-en-el-haber-minimo\\\/#article\",\"isPartOf\":{\"@id\":\"https:\\\/\\\/cvinoticias.com\\\/v3\\\/consejo-del-salario-la-cgt-pediria-aumento-del-35-al-40-en-el-haber-minimo\\\/\"},\"author\":{\"name\":\"f1000024\",\"@id\":\"https:\\\/\\\/cvinoticias.com\\\/v3\\\/#\\\/schema\\\/person\\\/2db77e3c6bc03c538495d7b2b8be9b66\"},\"headline\":\"Consejo del Salario: la CGT pedir\u00eda aumento del 35 al 40% en el haber m\u00ednimo\",\"datePublished\":\"2021-04-27T11:26:25+00:00\",\"dateModified\":\"2021-04-27T11:28:57+00:00\",\"mainEntityOfPage\":{\"@id\":\"https:\\\/\\\/cvinoticias.com\\\/v3\\\/consejo-del-salario-la-cgt-pediria-aumento-del-35-al-40-en-el-haber-minimo\\\/\"},\"wordCount\":725,\"commentCount\":0,\"publisher\":{\"@id\":\"https:\\\/\\\/cvinoticias.com\\\/v3\\\/#organization\"},\"image\":{\"@id\":\"https:\\\/\\\/cvinoticias.com\\\/v3\\\/consejo-del-salario-la-cgt-pediria-aumento-del-35-al-40-en-el-haber-minimo\\\/#primaryimage\"},\"thumbnailUrl\":\"https:\\\/\\\/cvinoticias.com\\\/wp-content\\\/uploads\\\/2021\\\/04\\\/la-reunion-del-consejo-del-salario-se-reunira-el-27-abril.png\",\"articleSection\":[\"Nacionales\"],\"inLanguage\":\"es\",\"potentialAction\":[{\"@type\":\"CommentAction\",\"name\":\"Comment\",\"target\":[\"https:\\\/\\\/cvinoticias.com\\\/v3\\\/consejo-del-salario-la-cgt-pediria-aumento-del-35-al-40-en-el-haber-minimo\\\/#respond\"]}]},{\"@type\":\"WebPage\",\"@id\":\"https:\\\/\\\/cvinoticias.com\\\/v3\\\/consejo-del-salario-la-cgt-pediria-aumento-del-35-al-40-en-el-haber-minimo\\\/\",\"url\":\"https:\\\/\\\/cvinoticias.com\\\/v3\\\/consejo-del-salario-la-cgt-pediria-aumento-del-35-al-40-en-el-haber-minimo\\\/\",\"name\":\"Consejo del Salario: la CGT pedir\u00eda aumento del 35 al 40% en el haber m\u00ednimo | CVI NOTICIAS\",\"isPartOf\":{\"@id\":\"https:\\\/\\\/cvinoticias.com\\\/v3\\\/#website\"},\"primaryImageOfPage\":{\"@id\":\"https:\\\/\\\/cvinoticias.com\\\/v3\\\/consejo-del-salario-la-cgt-pediria-aumento-del-35-al-40-en-el-haber-minimo\\\/#primaryimage\"},\"image\":{\"@id\":\"https:\\\/\\\/cvinoticias.com\\\/v3\\\/consejo-del-salario-la-cgt-pediria-aumento-del-35-al-40-en-el-haber-minimo\\\/#primaryimage\"},\"thumbnailUrl\":\"https:\\\/\\\/cvinoticias.com\\\/wp-content\\\/uploads\\\/2021\\\/04\\\/la-reunion-del-consejo-del-salario-se-reunira-el-27-abril.png\",\"datePublished\":\"2021-04-27T11:26:25+00:00\",\"dateModified\":\"2021-04-27T11:28:57+00:00\",\"breadcrumb\":{\"@id\":\"https:\\\/\\\/cvinoticias.com\\\/v3\\\/consejo-del-salario-la-cgt-pediria-aumento-del-35-al-40-en-el-haber-minimo\\\/#breadcrumb\"},\"inLanguage\":\"es\",\"potentialAction\":[{\"@type\":\"ReadAction\",\"target\":[\"https:\\\/\\\/cvinoticias.com\\\/v3\\\/consejo-del-salario-la-cgt-pediria-aumento-del-35-al-40-en-el-haber-minimo\\\/\"]}]},{\"@type\":\"ImageObject\",\"inLanguage\":\"es\",\"@id\":\"https:\\\/\\\/cvinoticias.com\\\/v3\\\/consejo-del-salario-la-cgt-pediria-aumento-del-35-al-40-en-el-haber-minimo\\\/#primaryimage\",\"url\":\"https:\\\/\\\/cvinoticias.com\\\/wp-content\\\/uploads\\\/2021\\\/04\\\/la-reunion-del-consejo-del-salario-se-reunira-el-27-abril.png\",\"contentUrl\":\"https:\\\/\\\/cvinoticias.com\\\/wp-content\\\/uploads\\\/2021\\\/04\\\/la-reunion-del-consejo-del-salario-se-reunira-el-27-abril.png\",\"width\":1200,\"height\":675},{\"@type\":\"BreadcrumbList\",\"@id\":\"https:\\\/\\\/cvinoticias.com\\\/v3\\\/consejo-del-salario-la-cgt-pediria-aumento-del-35-al-40-en-el-haber-minimo\\\/#breadcrumb\",\"itemListElement\":[{\"@type\":\"ListItem\",\"position\":1,\"name\":\"Portada\",\"item\":\"https:\\\/\\\/cvinoticias.com\\\/v3\\\/\"},{\"@type\":\"ListItem\",\"position\":2,\"name\":\"Consejo del Salario: la CGT pedir\u00eda aumento del 35 al 40% en el haber m\u00ednimo\"}]},{\"@type\":\"WebSite\",\"@id\":\"https:\\\/\\\/cvinoticias.com\\\/v3\\\/#website\",\"url\":\"https:\\\/\\\/cvinoticias.com\\\/v3\\\/\",\"name\":\"CVI NOTICIAS\",\"description\":\"\",\"publisher\":{\"@id\":\"https:\\\/\\\/cvinoticias.com\\\/v3\\\/#organization\"},\"alternateName\":\"CVI\",\"potentialAction\":[{\"@type\":\"SearchAction\",\"target\":{\"@type\":\"EntryPoint\",\"urlTemplate\":\"https:\\\/\\\/cvinoticias.com\\\/v3\\\/?s={search_term_string}\"},\"query-input\":{\"@type\":\"PropertyValueSpecification\",\"valueRequired\":true,\"valueName\":\"search_term_string\"}}],\"inLanguage\":\"es\"},{\"@type\":\"Organization\",\"@id\":\"https:\\\/\\\/cvinoticias.com\\\/v3\\\/#organization\",\"name\":\"CVI NOTICIAS\",\"url\":\"https:\\\/\\\/cvinoticias.com\\\/v3\\\/\",\"logo\":{\"@type\":\"ImageObject\",\"inLanguage\":\"es\",\"@id\":\"https:\\\/\\\/cvinoticias.com\\\/v3\\\/#\\\/schema\\\/logo\\\/image\\\/\",\"url\":\"https:\\\/\\\/cvinoticias.com\\\/wp-content\\\/uploads\\\/2023\\\/04\\\/cropped-cropped-cropped-cropped-cropped-3-1.png\",\"contentUrl\":\"https:\\\/\\\/cvinoticias.com\\\/wp-content\\\/uploads\\\/2023\\\/04\\\/cropped-cropped-cropped-cropped-cropped-3-1.png\",\"width\":95,\"height\":122,\"caption\":\"CVI NOTICIAS\"},\"image\":{\"@id\":\"https:\\\/\\\/cvinoticias.com\\\/v3\\\/#\\\/schema\\\/logo\\\/image\\\/\"},\"sameAs\":[\"https:\\\/\\\/www.facebook.com\\\/cvinoticias\",\"https:\\\/\\\/www.instagram.com\\\/cvinoticias\\\/\",\"https:\\\/\\\/www.youtube.com\\\/@CVINOTICIAS\"]},{\"@type\":\"Person\",\"@id\":\"https:\\\/\\\/cvinoticias.com\\\/v3\\\/#\\\/schema\\\/person\\\/2db77e3c6bc03c538495d7b2b8be9b66\",\"name\":\"f1000024\",\"image\":{\"@type\":\"ImageObject\",\"inLanguage\":\"es\",\"@id\":\"https:\\\/\\\/secure.gravatar.com\\\/avatar\\\/d4fe7459cfc51ff5129ce1a732bbef5928568b8092d412ef95611616376bbeed?s=96&d=mm&r=g\",\"url\":\"https:\\\/\\\/secure.gravatar.com\\\/avatar\\\/d4fe7459cfc51ff5129ce1a732bbef5928568b8092d412ef95611616376bbeed?s=96&d=mm&r=g\",\"contentUrl\":\"https:\\\/\\\/secure.gravatar.com\\\/avatar\\\/d4fe7459cfc51ff5129ce1a732bbef5928568b8092d412ef95611616376bbeed?s=96&d=mm&r=g\",\"caption\":\"f1000024\"},\"url\":\"https:\\\/\\\/cvinoticias.com\\\/v3\\\/author\\\/f1000024\\\/\"}]}<\/script>\n<!-- \/ Yoast SEO plugin. -->","yoast_head_json":{"title":"Consejo del Salario: la CGT pedir\u00eda aumento del 35 al 40% en el haber m\u00ednimo | CVI NOTICIAS","robots":{"index":"index","follow":"follow","max-snippet":"max-snippet:-1","max-image-preview":"max-image-preview:large","max-video-preview":"max-video-preview:-1"},"canonical":"https:\/\/cvinoticias.com\/v3\/consejo-del-salario-la-cgt-pediria-aumento-del-35-al-40-en-el-haber-minimo\/","og_locale":"es_ES","og_type":"article","og_title":"Consejo del Salario: la CGT pedir\u00eda aumento del 35 al 40% en el haber m\u00ednimo | CVI NOTICIAS","og_description":"Para la CGT, es \u00abfundamental y vital\u00bb que el incremento del m\u00ednimo sea acompa\u00f1ado por una nueva convocatoria del Ministerio de Trabajo a rediscutir los valores \u00abno m\u00e1s all\u00e1 de octubre\u00bb. El Consejo del Salario se reunir\u00e1 este martes, ocasi\u00f3n en que la CGT reclamar\u00eda un aumento del haber m\u00ednimo de entre el 35% y [&hellip;]","og_url":"https:\/\/cvinoticias.com\/v3\/consejo-del-salario-la-cgt-pediria-aumento-del-35-al-40-en-el-haber-minimo\/","og_site_name":"CVI NOTICIAS","article_publisher":"https:\/\/www.facebook.com\/cvinoticias","article_published_time":"2021-04-27T11:26:25+00:00","article_modified_time":"2021-04-27T11:28:57+00:00","og_image":[{"width":1200,"height":675,"url":"https:\/\/cvinoticias.com\/wp-content\/uploads\/2021\/04\/la-reunion-del-consejo-del-salario-se-reunira-el-27-abril.png","type":"image\/png"}],"author":"f1000024","twitter_card":"summary_large_image","twitter_misc":{"Escrito por":"f1000024","Tiempo de lectura":"4 minutos"},"schema":{"@context":"https:\/\/schema.org","@graph":[{"@type":"Article","@id":"https:\/\/cvinoticias.com\/v3\/consejo-del-salario-la-cgt-pediria-aumento-del-35-al-40-en-el-haber-minimo\/#article","isPartOf":{"@id":"https:\/\/cvinoticias.com\/v3\/consejo-del-salario-la-cgt-pediria-aumento-del-35-al-40-en-el-haber-minimo\/"},"author":{"name":"f1000024","@id":"https:\/\/cvinoticias.com\/v3\/#\/schema\/person\/2db77e3c6bc03c538495d7b2b8be9b66"},"headline":"Consejo del Salario: la CGT pedir\u00eda aumento del 35 al 40% en el haber m\u00ednimo","datePublished":"2021-04-27T11:26:25+00:00","dateModified":"2021-04-27T11:28:57+00:00","mainEntityOfPage":{"@id":"https:\/\/cvinoticias.com\/v3\/consejo-del-salario-la-cgt-pediria-aumento-del-35-al-40-en-el-haber-minimo\/"},"wordCount":725,"commentCount":0,"publisher":{"@id":"https:\/\/cvinoticias.com\/v3\/#organization"},"image":{"@id":"https:\/\/cvinoticias.com\/v3\/consejo-del-salario-la-cgt-pediria-aumento-del-35-al-40-en-el-haber-minimo\/#primaryimage"},"thumbnailUrl":"https:\/\/cvinoticias.com\/wp-content\/uploads\/2021\/04\/la-reunion-del-consejo-del-salario-se-reunira-el-27-abril.png","articleSection":["Nacionales"],"inLanguage":"es","potentialAction":[{"@type":"CommentAction","name":"Comment","target":["https:\/\/cvinoticias.com\/v3\/consejo-del-salario-la-cgt-pediria-aumento-del-35-al-40-en-el-haber-minimo\/#respond"]}]},{"@type":"WebPage","@id":"https:\/\/cvinoticias.com\/v3\/consejo-del-salario-la-cgt-pediria-aumento-del-35-al-40-en-el-haber-minimo\/","url":"https:\/\/cvinoticias.com\/v3\/consejo-del-salario-la-cgt-pediria-aumento-del-35-al-40-en-el-haber-minimo\/","name":"Consejo del Salario: la CGT pedir\u00eda aumento del 35 al 40% en el haber m\u00ednimo | CVI NOTICIAS","isPartOf":{"@id":"https:\/\/cvinoticias.com\/v3\/#website"},"primaryImageOfPage":{"@id":"https:\/\/cvinoticias.com\/v3\/consejo-del-salario-la-cgt-pediria-aumento-del-35-al-40-en-el-haber-minimo\/#primaryimage"},"image":{"@id":"https:\/\/cvinoticias.com\/v3\/consejo-del-salario-la-cgt-pediria-aumento-del-35-al-40-en-el-haber-minimo\/#primaryimage"},"thumbnailUrl":"https:\/\/cvinoticias.com\/wp-content\/uploads\/2021\/04\/la-reunion-del-consejo-del-salario-se-reunira-el-27-abril.png","datePublished":"2021-04-27T11:26:25+00:00","dateModified":"2021-04-27T11:28:57+00:00","breadcrumb":{"@id":"https:\/\/cvinoticias.com\/v3\/consejo-del-salario-la-cgt-pediria-aumento-del-35-al-40-en-el-haber-minimo\/#breadcrumb"},"inLanguage":"es","potentialAction":[{"@type":"ReadAction","target":["https:\/\/cvinoticias.com\/v3\/consejo-del-salario-la-cgt-pediria-aumento-del-35-al-40-en-el-haber-minimo\/"]}]},{"@type":"ImageObject","inLanguage":"es","@id":"https:\/\/cvinoticias.com\/v3\/consejo-del-salario-la-cgt-pediria-aumento-del-35-al-40-en-el-haber-minimo\/#primaryimage","url":"https:\/\/cvinoticias.com\/wp-content\/uploads\/2021\/04\/la-reunion-del-consejo-del-salario-se-reunira-el-27-abril.png","contentUrl":"https:\/\/cvinoticias.com\/wp-content\/uploads\/2021\/04\/la-reunion-del-consejo-del-salario-se-reunira-el-27-abril.png","width":1200,"height":675},{"@type":"BreadcrumbList","@id":"https:\/\/cvinoticias.com\/v3\/consejo-del-salario-la-cgt-pediria-aumento-del-35-al-40-en-el-haber-minimo\/#breadcrumb","itemListElement":[{"@type":"ListItem","position":1,"name":"Portada","item":"https:\/\/cvinoticias.com\/v3\/"},{"@type":"ListItem","position":2,"name":"Consejo del Salario: la CGT pedir\u00eda aumento del 35 al 40% en el haber m\u00ednimo"}]},{"@type":"WebSite","@id":"https:\/\/cvinoticias.com\/v3\/#website","url":"https:\/\/cvinoticias.com\/v3\/","name":"CVI NOTICIAS","description":"","publisher":{"@id":"https:\/\/cvinoticias.com\/v3\/#organization"},"alternateName":"CVI","potentialAction":[{"@type":"SearchAction","target":{"@type":"EntryPoint","urlTemplate":"https:\/\/cvinoticias.com\/v3\/?s={search_term_string}"},"query-input":{"@type":"PropertyValueSpecification","valueRequired":true,"valueName":"search_term_string"}}],"inLanguage":"es"},{"@type":"Organization","@id":"https:\/\/cvinoticias.com\/v3\/#organization","name":"CVI NOTICIAS","url":"https:\/\/cvinoticias.com\/v3\/","logo":{"@type":"ImageObject","inLanguage":"es","@id":"https:\/\/cvinoticias.com\/v3\/#\/schema\/logo\/image\/","url":"https:\/\/cvinoticias.com\/wp-content\/uploads\/2023\/04\/cropped-cropped-cropped-cropped-cropped-3-1.png","contentUrl":"https:\/\/cvinoticias.com\/wp-content\/uploads\/2023\/04\/cropped-cropped-cropped-cropped-cropped-3-1.png","width":95,"height":122,"caption":"CVI NOTICIAS"},"image":{"@id":"https:\/\/cvinoticias.com\/v3\/#\/schema\/logo\/image\/"},"sameAs":["https:\/\/www.facebook.com\/cvinoticias","https:\/\/www.instagram.com\/cvinoticias\/","https:\/\/www.youtube.com\/@CVINOTICIAS"]},{"@type":"Person","@id":"https:\/\/cvinoticias.com\/v3\/#\/schema\/person\/2db77e3c6bc03c538495d7b2b8be9b66","name":"f1000024","image":{"@type":"ImageObject","inLanguage":"es","@id":"https:\/\/secure.gravatar.com\/avatar\/d4fe7459cfc51ff5129ce1a732bbef5928568b8092d412ef95611616376bbeed?s=96&d=mm&r=g","url":"https:\/\/secure.gravatar.com\/avatar\/d4fe7459cfc51ff5129ce1a732bbef5928568b8092d412ef95611616376bbeed?s=96&d=mm&r=g","contentUrl":"https:\/\/secure.gravatar.com\/avatar\/d4fe7459cfc51ff5129ce1a732bbef5928568b8092d412ef95611616376bbeed?s=96&d=mm&r=g","caption":"f1000024"},"url":"https:\/\/cvinoticias.com\/v3\/author\/f1000024\/"}]}},"_links":{"self":[{"href":"https:\/\/cvinoticias.com\/v3\/wp-json\/wp\/v2\/posts\/4615","targetHints":{"allow":["GET"]}}],"collection":[{"href":"https:\/\/cvinoticias.com\/v3\/wp-json\/wp\/v2\/posts"}],"about":[{"href":"https:\/\/cvinoticias.com\/v3\/wp-json\/wp\/v2\/types\/post"}],"author":[{"embeddable":true,"href":"https:\/\/cvinoticias.com\/v3\/wp-json\/wp\/v2\/users\/2"}],"replies":[{"embeddable":true,"href":"https:\/\/cvinoticias.com\/v3\/wp-json\/wp\/v2\/comments?post=4615"}],"version-history":[{"count":2,"href":"https:\/\/cvinoticias.com\/v3\/wp-json\/wp\/v2\/posts\/4615\/revisions"}],"predecessor-version":[{"id":4619,"href":"https:\/\/cvinoticias.com\/v3\/wp-json\/wp\/v2\/posts\/4615\/revisions\/4619"}],"wp:featuredmedia":[{"embeddable":true,"href":"https:\/\/cvinoticias.com\/v3\/wp-json\/wp\/v2\/media\/4616"}],"wp:attachment":[{"href":"https:\/\/cvinoticias.com\/v3\/wp-json\/wp\/v2\/media?parent=4615"}],"wp:term":[{"taxonomy":"category","embeddable":true,"href":"https:\/\/cvinoticias.com\/v3\/wp-json\/wp\/v2\/categories?post=4615"},{"taxonomy":"post_tag","embeddable":true,"href":"https:\/\/cvinoticias.com\/v3\/wp-json\/wp\/v2\/tags?post=4615"}],"curies":[{"name":"wp","href":"https:\/\/api.w.org\/{rel}","templated":true}]}}