{"id":46095,"date":"2025-07-09T10:08:47","date_gmt":"2025-07-09T13:08:47","guid":{"rendered":"https:\/\/cvinoticias.com\/v3\/?p=46095"},"modified":"2025-07-09T10:10:20","modified_gmt":"2025-07-09T13:10:20","slug":"inauguraron-el-nuevo-edificio-del-juzgado-de-paz-en-ruiz-de-montoya","status":"publish","type":"post","link":"https:\/\/cvinoticias.com\/v3\/inauguraron-el-nuevo-edificio-del-juzgado-de-paz-en-ruiz-de-montoya\/","title":{"rendered":"Inauguraron el nuevo edificio del Juzgado de Paz en Ruiz de Montoya"},"content":{"rendered":"\n<p>El gobernador Hugo Passalacqua encabez\u00f3 la inauguraci\u00f3n del nuevo edificio del Juzgado de Paz de Ruiz de Montoya, ubicado en la esquina de la Avenida de los Inmigrantes y la calle Salto Encantado. La obra, realizada por el Instituto Provincial de Desarrollo Habitacional (IPRODHA), busca ofrecer un servicio de justicia m\u00e1s cercano, r\u00e1pido y accesible para la comunidad.<\/p>\n\n\n\n<p>El juzgado funciona en la localidad desde 2012, pero ahora cuenta con un edificio propio construido \u00edntegramente en madera, un material emblem\u00e1tico de Misiones. Esta iniciativa sigue la l\u00ednea del Juzgado de Paz de Loreto, inaugurado en 2019 con el mismo formato, que promueve el uso de recursos locales y el desarrollo de la industria maderera.<\/p>\n\n\n\n<p>La nueva sede, a cargo de la jueza Claudia Oliver, ocupa 60,66 m\u00b2. Est\u00e1 construida con madera impregnada y paneles prefabricados montados sobre una base de hormig\u00f3n armado. Cuenta con hall de ingreso, oficina con ba\u00f1o privado, sector de atenci\u00f3n al p\u00fablico, archivo, office, ba\u00f1o completo, y cerco perimetral. Adem\u00e1s, posee agua potable, sistema cloacal, instalaci\u00f3n el\u00e9ctrica reglamentaria y techos con paneles industrializados.<\/p>\n\n\n\n<p>Durante la inauguraci\u00f3n, Passalacqua destac\u00f3 la importancia del trabajo conjunto entre los tres poderes del Estado para el bienestar de la gente. \u201cEste edificio representa la b\u00fasqueda del bien com\u00fan del ciudadano de a pie, que es el m\u00e1s importante porque es el que m\u00e1s nos necesita\u201d, afirm\u00f3.<\/p>\n\n\n\n<p>Adem\u00e1s, resalt\u00f3 que en Misiones el Poder Ejecutivo, Legislativo y Judicial trabajan respet\u00e1ndose y en conjunto, sin entrometerse, para mejorar la vida de la sociedad. \u201cEse trabajo conjunto no quita independencia a ning\u00fan poder, sino que fortalece al Estado para que sea \u00fatil y cercano a la gente\u201d, agreg\u00f3.<\/p>\n\n\n\n<p>El presidente de la C\u00e1mara de Representantes, Oscar Herrera Ahuad, valor\u00f3 la obra como un ejemplo de presencia estatal y justicia social, mientras que la presidenta del Superior Tribunal de Justicia, Rosanna Venchiarutti Sartori, destac\u00f3 la sencillez y el car\u00e1cter humano del Poder Judicial en la provincia.<\/p>\n\n\n\n<p>El intendente local, V\u00edctor Vogel, record\u00f3 que el juzgado funcionaba antes en el municipio y se\u00f1al\u00f3 que la nueva sede es un avance muy importante para la comunidad. \u201cSentimos orgullo porque ahora el juzgado tiene su espacio propio, cerca de la comisar\u00eda y el Concejo Deliberante\u201d, sostuvo.<\/p>\n\n\n\n<p>El acto concluy\u00f3 con el corte de cinta, la bendici\u00f3n a cargo del cura p\u00e1rroco Horacio Fresco, y un recorrido por las nuevas instalaciones.<\/p>\n\n\n\n<p>As\u00ed, Misiones sigue trabajando mancomunadamente para crear espacios que mejoren la atenci\u00f3n de los m\u00e1s de 4.300 habitantes de Ruiz de Montoya. Los juzgados de paz cumplen un rol clave como contacto directo con la poblaci\u00f3n y en la prevenci\u00f3n de violencia, aplicando protocolos espec\u00edficos para cada caso.<\/p>\n\n\n\n<p><\/p>\n","protected":false},"excerpt":{"rendered":"<p>El gobernador Hugo Passalacqua encabez\u00f3 la inauguraci\u00f3n del nuevo edificio del Juzgado de Paz de Ruiz de Montoya, ubicado en la esquina de la Avenida de los Inmigrantes y la calle Salto Encantado. La obra, realizada por el Instituto Provincial de Desarrollo Habitacional (IPRODHA), busca ofrecer un servicio de justicia m\u00e1s cercano, r\u00e1pido y accesible [&hellip;]<\/p>\n","protected":false},"author":2,"featured_media":46096,"comment_status":"open","ping_status":"open","sticky":false,"template":"","format":"standard","meta":{"footnotes":""},"categories":[455],"tags":[3178,3179,991,3180],"class_list":["post-46095","post","type-post","status-publish","format-standard","has-post-thumbnail","hentry","category-misiones","tag-edificio","tag-juzgado-de-paz","tag-nuevo","tag-ruiz-de-montoya"],"yoast_head":"<!-- This site is optimized with the Yoast SEO plugin v27.5 - https:\/\/yoast.com\/product\/yoast-seo-wordpress\/ -->\n<title>Inauguraron el nuevo juzgado de paz en Ruiz de Montoya | CVI NOTICIAS<\/title>\n<meta name=\"description\" content=\"Abrieron el nuevo edificio del Juzgado de Paz en Ruiz de Montoya, un paso clave para acercar la justicia a la comunidad.\" \/>\n<meta name=\"robots\" content=\"index, follow, max-snippet:-1, max-image-preview:large, max-video-preview:-1\" \/>\n<link rel=\"canonical\" href=\"https:\/\/cvinoticias.com\/v3\/inauguraron-el-nuevo-edificio-del-juzgado-de-paz-en-ruiz-de-montoya\/\" \/>\n<meta property=\"og:locale\" content=\"es_ES\" \/>\n<meta property=\"og:type\" content=\"article\" \/>\n<meta property=\"og:title\" content=\"Inauguraron el nuevo juzgado de paz en Ruiz de Montoya | CVI NOTICIAS\" \/>\n<meta property=\"og:description\" content=\"Abrieron el nuevo edificio del Juzgado de Paz en Ruiz de Montoya, un paso clave para acercar la justicia a la comunidad.\" \/>\n<meta property=\"og:url\" content=\"https:\/\/cvinoticias.com\/v3\/inauguraron-el-nuevo-edificio-del-juzgado-de-paz-en-ruiz-de-montoya\/\" \/>\n<meta property=\"og:site_name\" content=\"CVI NOTICIAS\" \/>\n<meta property=\"article:publisher\" content=\"https:\/\/www.facebook.com\/cvinoticias\" \/>\n<meta property=\"article:published_time\" content=\"2025-07-09T13:08:47+00:00\" \/>\n<meta property=\"article:modified_time\" content=\"2025-07-09T13:10:20+00:00\" \/>\n<meta property=\"og:image\" content=\"https:\/\/cvinoticias.com\/wp-content\/uploads\/2025\/07\/WhatsApp-Image-2025-07-08-at-1.36.08-PM.jpeg.webp\" \/>\n\t<meta property=\"og:image:width\" content=\"800\" \/>\n\t<meta property=\"og:image:height\" content=\"533\" \/>\n\t<meta property=\"og:image:type\" content=\"image\/webp\" \/>\n<meta name=\"author\" content=\"f1000024\" \/>\n<meta name=\"twitter:card\" content=\"summary_large_image\" \/>\n<meta name=\"twitter:label1\" content=\"Escrito por\" \/>\n\t<meta name=\"twitter:data1\" content=\"f1000024\" \/>\n\t<meta name=\"twitter:label2\" content=\"Tiempo de lectura\" \/>\n\t<meta name=\"twitter:data2\" content=\"3 minutos\" \/>\n<script type=\"application\/ld+json\" class=\"yoast-schema-graph\">{\"@context\":\"https:\\\/\\\/schema.org\",\"@graph\":[{\"@type\":\"Article\",\"@id\":\"https:\\\/\\\/cvinoticias.com\\\/v3\\\/inauguraron-el-nuevo-edificio-del-juzgado-de-paz-en-ruiz-de-montoya\\\/#article\",\"isPartOf\":{\"@id\":\"https:\\\/\\\/cvinoticias.com\\\/v3\\\/inauguraron-el-nuevo-edificio-del-juzgado-de-paz-en-ruiz-de-montoya\\\/\"},\"author\":{\"name\":\"f1000024\",\"@id\":\"https:\\\/\\\/cvinoticias.com\\\/v3\\\/#\\\/schema\\\/person\\\/2db77e3c6bc03c538495d7b2b8be9b66\"},\"headline\":\"Inauguraron el nuevo edificio del Juzgado de Paz en Ruiz de Montoya\",\"datePublished\":\"2025-07-09T13:08:47+00:00\",\"dateModified\":\"2025-07-09T13:10:20+00:00\",\"mainEntityOfPage\":{\"@id\":\"https:\\\/\\\/cvinoticias.com\\\/v3\\\/inauguraron-el-nuevo-edificio-del-juzgado-de-paz-en-ruiz-de-montoya\\\/\"},\"wordCount\":481,\"commentCount\":0,\"publisher\":{\"@id\":\"https:\\\/\\\/cvinoticias.com\\\/v3\\\/#organization\"},\"image\":{\"@id\":\"https:\\\/\\\/cvinoticias.com\\\/v3\\\/inauguraron-el-nuevo-edificio-del-juzgado-de-paz-en-ruiz-de-montoya\\\/#primaryimage\"},\"thumbnailUrl\":\"https:\\\/\\\/cvinoticias.com\\\/wp-content\\\/uploads\\\/2025\\\/07\\\/WhatsApp-Image-2025-07-08-at-1.36.08-PM.jpeg.webp\",\"keywords\":[\"edificio\",\"Juzgado de Paz\",\"Nuevo\",\"Ruiz de Montoya\"],\"articleSection\":[\"Misiones\"],\"inLanguage\":\"es\",\"potentialAction\":[{\"@type\":\"CommentAction\",\"name\":\"Comment\",\"target\":[\"https:\\\/\\\/cvinoticias.com\\\/v3\\\/inauguraron-el-nuevo-edificio-del-juzgado-de-paz-en-ruiz-de-montoya\\\/#respond\"]}]},{\"@type\":\"WebPage\",\"@id\":\"https:\\\/\\\/cvinoticias.com\\\/v3\\\/inauguraron-el-nuevo-edificio-del-juzgado-de-paz-en-ruiz-de-montoya\\\/\",\"url\":\"https:\\\/\\\/cvinoticias.com\\\/v3\\\/inauguraron-el-nuevo-edificio-del-juzgado-de-paz-en-ruiz-de-montoya\\\/\",\"name\":\"Inauguraron el nuevo juzgado de paz en Ruiz de Montoya | CVI NOTICIAS\",\"isPartOf\":{\"@id\":\"https:\\\/\\\/cvinoticias.com\\\/v3\\\/#website\"},\"primaryImageOfPage\":{\"@id\":\"https:\\\/\\\/cvinoticias.com\\\/v3\\\/inauguraron-el-nuevo-edificio-del-juzgado-de-paz-en-ruiz-de-montoya\\\/#primaryimage\"},\"image\":{\"@id\":\"https:\\\/\\\/cvinoticias.com\\\/v3\\\/inauguraron-el-nuevo-edificio-del-juzgado-de-paz-en-ruiz-de-montoya\\\/#primaryimage\"},\"thumbnailUrl\":\"https:\\\/\\\/cvinoticias.com\\\/wp-content\\\/uploads\\\/2025\\\/07\\\/WhatsApp-Image-2025-07-08-at-1.36.08-PM.jpeg.webp\",\"datePublished\":\"2025-07-09T13:08:47+00:00\",\"dateModified\":\"2025-07-09T13:10:20+00:00\",\"description\":\"Abrieron el nuevo edificio del Juzgado de Paz en Ruiz de Montoya, un paso clave para acercar la justicia a la comunidad.\",\"breadcrumb\":{\"@id\":\"https:\\\/\\\/cvinoticias.com\\\/v3\\\/inauguraron-el-nuevo-edificio-del-juzgado-de-paz-en-ruiz-de-montoya\\\/#breadcrumb\"},\"inLanguage\":\"es\",\"potentialAction\":[{\"@type\":\"ReadAction\",\"target\":[\"https:\\\/\\\/cvinoticias.com\\\/v3\\\/inauguraron-el-nuevo-edificio-del-juzgado-de-paz-en-ruiz-de-montoya\\\/\"]}]},{\"@type\":\"ImageObject\",\"inLanguage\":\"es\",\"@id\":\"https:\\\/\\\/cvinoticias.com\\\/v3\\\/inauguraron-el-nuevo-edificio-del-juzgado-de-paz-en-ruiz-de-montoya\\\/#primaryimage\",\"url\":\"https:\\\/\\\/cvinoticias.com\\\/wp-content\\\/uploads\\\/2025\\\/07\\\/WhatsApp-Image-2025-07-08-at-1.36.08-PM.jpeg.webp\",\"contentUrl\":\"https:\\\/\\\/cvinoticias.com\\\/wp-content\\\/uploads\\\/2025\\\/07\\\/WhatsApp-Image-2025-07-08-at-1.36.08-PM.jpeg.webp\",\"width\":800,\"height\":533},{\"@type\":\"BreadcrumbList\",\"@id\":\"https:\\\/\\\/cvinoticias.com\\\/v3\\\/inauguraron-el-nuevo-edificio-del-juzgado-de-paz-en-ruiz-de-montoya\\\/#breadcrumb\",\"itemListElement\":[{\"@type\":\"ListItem\",\"position\":1,\"name\":\"Portada\",\"item\":\"https:\\\/\\\/cvinoticias.com\\\/v3\\\/\"},{\"@type\":\"ListItem\",\"position\":2,\"name\":\"Inauguraron el nuevo edificio del Juzgado de Paz en Ruiz de Montoya\"}]},{\"@type\":\"WebSite\",\"@id\":\"https:\\\/\\\/cvinoticias.com\\\/v3\\\/#website\",\"url\":\"https:\\\/\\\/cvinoticias.com\\\/v3\\\/\",\"name\":\"CVI NOTICIAS\",\"description\":\"\",\"publisher\":{\"@id\":\"https:\\\/\\\/cvinoticias.com\\\/v3\\\/#organization\"},\"alternateName\":\"CVI\",\"potentialAction\":[{\"@type\":\"SearchAction\",\"target\":{\"@type\":\"EntryPoint\",\"urlTemplate\":\"https:\\\/\\\/cvinoticias.com\\\/v3\\\/?s={search_term_string}\"},\"query-input\":{\"@type\":\"PropertyValueSpecification\",\"valueRequired\":true,\"valueName\":\"search_term_string\"}}],\"inLanguage\":\"es\"},{\"@type\":\"Organization\",\"@id\":\"https:\\\/\\\/cvinoticias.com\\\/v3\\\/#organization\",\"name\":\"CVI NOTICIAS\",\"url\":\"https:\\\/\\\/cvinoticias.com\\\/v3\\\/\",\"logo\":{\"@type\":\"ImageObject\",\"inLanguage\":\"es\",\"@id\":\"https:\\\/\\\/cvinoticias.com\\\/v3\\\/#\\\/schema\\\/logo\\\/image\\\/\",\"url\":\"https:\\\/\\\/cvinoticias.com\\\/wp-content\\\/uploads\\\/2023\\\/04\\\/cropped-cropped-cropped-cropped-cropped-3-1.png\",\"contentUrl\":\"https:\\\/\\\/cvinoticias.com\\\/wp-content\\\/uploads\\\/2023\\\/04\\\/cropped-cropped-cropped-cropped-cropped-3-1.png\",\"width\":95,\"height\":122,\"caption\":\"CVI NOTICIAS\"},\"image\":{\"@id\":\"https:\\\/\\\/cvinoticias.com\\\/v3\\\/#\\\/schema\\\/logo\\\/image\\\/\"},\"sameAs\":[\"https:\\\/\\\/www.facebook.com\\\/cvinoticias\",\"https:\\\/\\\/www.instagram.com\\\/cvinoticias\\\/\",\"https:\\\/\\\/www.youtube.com\\\/@CVINOTICIAS\"]},{\"@type\":\"Person\",\"@id\":\"https:\\\/\\\/cvinoticias.com\\\/v3\\\/#\\\/schema\\\/person\\\/2db77e3c6bc03c538495d7b2b8be9b66\",\"name\":\"f1000024\",\"image\":{\"@type\":\"ImageObject\",\"inLanguage\":\"es\",\"@id\":\"https:\\\/\\\/secure.gravatar.com\\\/avatar\\\/d4fe7459cfc51ff5129ce1a732bbef5928568b8092d412ef95611616376bbeed?s=96&d=mm&r=g\",\"url\":\"https:\\\/\\\/secure.gravatar.com\\\/avatar\\\/d4fe7459cfc51ff5129ce1a732bbef5928568b8092d412ef95611616376bbeed?s=96&d=mm&r=g\",\"contentUrl\":\"https:\\\/\\\/secure.gravatar.com\\\/avatar\\\/d4fe7459cfc51ff5129ce1a732bbef5928568b8092d412ef95611616376bbeed?s=96&d=mm&r=g\",\"caption\":\"f1000024\"},\"url\":\"https:\\\/\\\/cvinoticias.com\\\/v3\\\/author\\\/f1000024\\\/\"}]}<\/script>\n<!-- \/ Yoast SEO plugin. -->","yoast_head_json":{"title":"Inauguraron el nuevo juzgado de paz en Ruiz de Montoya | CVI NOTICIAS","description":"Abrieron el nuevo edificio del Juzgado de Paz en Ruiz de Montoya, un paso clave para acercar la justicia a la comunidad.","robots":{"index":"index","follow":"follow","max-snippet":"max-snippet:-1","max-image-preview":"max-image-preview:large","max-video-preview":"max-video-preview:-1"},"canonical":"https:\/\/cvinoticias.com\/v3\/inauguraron-el-nuevo-edificio-del-juzgado-de-paz-en-ruiz-de-montoya\/","og_locale":"es_ES","og_type":"article","og_title":"Inauguraron el nuevo juzgado de paz en Ruiz de Montoya | CVI NOTICIAS","og_description":"Abrieron el nuevo edificio del Juzgado de Paz en Ruiz de Montoya, un paso clave para acercar la justicia a la comunidad.","og_url":"https:\/\/cvinoticias.com\/v3\/inauguraron-el-nuevo-edificio-del-juzgado-de-paz-en-ruiz-de-montoya\/","og_site_name":"CVI NOTICIAS","article_publisher":"https:\/\/www.facebook.com\/cvinoticias","article_published_time":"2025-07-09T13:08:47+00:00","article_modified_time":"2025-07-09T13:10:20+00:00","og_image":[{"width":800,"height":533,"url":"https:\/\/cvinoticias.com\/wp-content\/uploads\/2025\/07\/WhatsApp-Image-2025-07-08-at-1.36.08-PM.jpeg.webp","type":"image\/webp"}],"author":"f1000024","twitter_card":"summary_large_image","twitter_misc":{"Escrito por":"f1000024","Tiempo de lectura":"3 minutos"},"schema":{"@context":"https:\/\/schema.org","@graph":[{"@type":"Article","@id":"https:\/\/cvinoticias.com\/v3\/inauguraron-el-nuevo-edificio-del-juzgado-de-paz-en-ruiz-de-montoya\/#article","isPartOf":{"@id":"https:\/\/cvinoticias.com\/v3\/inauguraron-el-nuevo-edificio-del-juzgado-de-paz-en-ruiz-de-montoya\/"},"author":{"name":"f1000024","@id":"https:\/\/cvinoticias.com\/v3\/#\/schema\/person\/2db77e3c6bc03c538495d7b2b8be9b66"},"headline":"Inauguraron el nuevo edificio del Juzgado de Paz en Ruiz de Montoya","datePublished":"2025-07-09T13:08:47+00:00","dateModified":"2025-07-09T13:10:20+00:00","mainEntityOfPage":{"@id":"https:\/\/cvinoticias.com\/v3\/inauguraron-el-nuevo-edificio-del-juzgado-de-paz-en-ruiz-de-montoya\/"},"wordCount":481,"commentCount":0,"publisher":{"@id":"https:\/\/cvinoticias.com\/v3\/#organization"},"image":{"@id":"https:\/\/cvinoticias.com\/v3\/inauguraron-el-nuevo-edificio-del-juzgado-de-paz-en-ruiz-de-montoya\/#primaryimage"},"thumbnailUrl":"https:\/\/cvinoticias.com\/wp-content\/uploads\/2025\/07\/WhatsApp-Image-2025-07-08-at-1.36.08-PM.jpeg.webp","keywords":["edificio","Juzgado de Paz","Nuevo","Ruiz de Montoya"],"articleSection":["Misiones"],"inLanguage":"es","potentialAction":[{"@type":"CommentAction","name":"Comment","target":["https:\/\/cvinoticias.com\/v3\/inauguraron-el-nuevo-edificio-del-juzgado-de-paz-en-ruiz-de-montoya\/#respond"]}]},{"@type":"WebPage","@id":"https:\/\/cvinoticias.com\/v3\/inauguraron-el-nuevo-edificio-del-juzgado-de-paz-en-ruiz-de-montoya\/","url":"https:\/\/cvinoticias.com\/v3\/inauguraron-el-nuevo-edificio-del-juzgado-de-paz-en-ruiz-de-montoya\/","name":"Inauguraron el nuevo juzgado de paz en Ruiz de Montoya | CVI NOTICIAS","isPartOf":{"@id":"https:\/\/cvinoticias.com\/v3\/#website"},"primaryImageOfPage":{"@id":"https:\/\/cvinoticias.com\/v3\/inauguraron-el-nuevo-edificio-del-juzgado-de-paz-en-ruiz-de-montoya\/#primaryimage"},"image":{"@id":"https:\/\/cvinoticias.com\/v3\/inauguraron-el-nuevo-edificio-del-juzgado-de-paz-en-ruiz-de-montoya\/#primaryimage"},"thumbnailUrl":"https:\/\/cvinoticias.com\/wp-content\/uploads\/2025\/07\/WhatsApp-Image-2025-07-08-at-1.36.08-PM.jpeg.webp","datePublished":"2025-07-09T13:08:47+00:00","dateModified":"2025-07-09T13:10:20+00:00","description":"Abrieron el nuevo edificio del Juzgado de Paz en Ruiz de Montoya, un paso clave para acercar la justicia a la comunidad.","breadcrumb":{"@id":"https:\/\/cvinoticias.com\/v3\/inauguraron-el-nuevo-edificio-del-juzgado-de-paz-en-ruiz-de-montoya\/#breadcrumb"},"inLanguage":"es","potentialAction":[{"@type":"ReadAction","target":["https:\/\/cvinoticias.com\/v3\/inauguraron-el-nuevo-edificio-del-juzgado-de-paz-en-ruiz-de-montoya\/"]}]},{"@type":"ImageObject","inLanguage":"es","@id":"https:\/\/cvinoticias.com\/v3\/inauguraron-el-nuevo-edificio-del-juzgado-de-paz-en-ruiz-de-montoya\/#primaryimage","url":"https:\/\/cvinoticias.com\/wp-content\/uploads\/2025\/07\/WhatsApp-Image-2025-07-08-at-1.36.08-PM.jpeg.webp","contentUrl":"https:\/\/cvinoticias.com\/wp-content\/uploads\/2025\/07\/WhatsApp-Image-2025-07-08-at-1.36.08-PM.jpeg.webp","width":800,"height":533},{"@type":"BreadcrumbList","@id":"https:\/\/cvinoticias.com\/v3\/inauguraron-el-nuevo-edificio-del-juzgado-de-paz-en-ruiz-de-montoya\/#breadcrumb","itemListElement":[{"@type":"ListItem","position":1,"name":"Portada","item":"https:\/\/cvinoticias.com\/v3\/"},{"@type":"ListItem","position":2,"name":"Inauguraron el nuevo edificio del Juzgado de Paz en Ruiz de Montoya"}]},{"@type":"WebSite","@id":"https:\/\/cvinoticias.com\/v3\/#website","url":"https:\/\/cvinoticias.com\/v3\/","name":"CVI NOTICIAS","description":"","publisher":{"@id":"https:\/\/cvinoticias.com\/v3\/#organization"},"alternateName":"CVI","potentialAction":[{"@type":"SearchAction","target":{"@type":"EntryPoint","urlTemplate":"https:\/\/cvinoticias.com\/v3\/?s={search_term_string}"},"query-input":{"@type":"PropertyValueSpecification","valueRequired":true,"valueName":"search_term_string"}}],"inLanguage":"es"},{"@type":"Organization","@id":"https:\/\/cvinoticias.com\/v3\/#organization","name":"CVI NOTICIAS","url":"https:\/\/cvinoticias.com\/v3\/","logo":{"@type":"ImageObject","inLanguage":"es","@id":"https:\/\/cvinoticias.com\/v3\/#\/schema\/logo\/image\/","url":"https:\/\/cvinoticias.com\/wp-content\/uploads\/2023\/04\/cropped-cropped-cropped-cropped-cropped-3-1.png","contentUrl":"https:\/\/cvinoticias.com\/wp-content\/uploads\/2023\/04\/cropped-cropped-cropped-cropped-cropped-3-1.png","width":95,"height":122,"caption":"CVI NOTICIAS"},"image":{"@id":"https:\/\/cvinoticias.com\/v3\/#\/schema\/logo\/image\/"},"sameAs":["https:\/\/www.facebook.com\/cvinoticias","https:\/\/www.instagram.com\/cvinoticias\/","https:\/\/www.youtube.com\/@CVINOTICIAS"]},{"@type":"Person","@id":"https:\/\/cvinoticias.com\/v3\/#\/schema\/person\/2db77e3c6bc03c538495d7b2b8be9b66","name":"f1000024","image":{"@type":"ImageObject","inLanguage":"es","@id":"https:\/\/secure.gravatar.com\/avatar\/d4fe7459cfc51ff5129ce1a732bbef5928568b8092d412ef95611616376bbeed?s=96&d=mm&r=g","url":"https:\/\/secure.gravatar.com\/avatar\/d4fe7459cfc51ff5129ce1a732bbef5928568b8092d412ef95611616376bbeed?s=96&d=mm&r=g","contentUrl":"https:\/\/secure.gravatar.com\/avatar\/d4fe7459cfc51ff5129ce1a732bbef5928568b8092d412ef95611616376bbeed?s=96&d=mm&r=g","caption":"f1000024"},"url":"https:\/\/cvinoticias.com\/v3\/author\/f1000024\/"}]}},"_links":{"self":[{"href":"https:\/\/cvinoticias.com\/v3\/wp-json\/wp\/v2\/posts\/46095","targetHints":{"allow":["GET"]}}],"collection":[{"href":"https:\/\/cvinoticias.com\/v3\/wp-json\/wp\/v2\/posts"}],"about":[{"href":"https:\/\/cvinoticias.com\/v3\/wp-json\/wp\/v2\/types\/post"}],"author":[{"embeddable":true,"href":"https:\/\/cvinoticias.com\/v3\/wp-json\/wp\/v2\/users\/2"}],"replies":[{"embeddable":true,"href":"https:\/\/cvinoticias.com\/v3\/wp-json\/wp\/v2\/comments?post=46095"}],"version-history":[{"count":1,"href":"https:\/\/cvinoticias.com\/v3\/wp-json\/wp\/v2\/posts\/46095\/revisions"}],"predecessor-version":[{"id":46097,"href":"https:\/\/cvinoticias.com\/v3\/wp-json\/wp\/v2\/posts\/46095\/revisions\/46097"}],"wp:featuredmedia":[{"embeddable":true,"href":"https:\/\/cvinoticias.com\/v3\/wp-json\/wp\/v2\/media\/46096"}],"wp:attachment":[{"href":"https:\/\/cvinoticias.com\/v3\/wp-json\/wp\/v2\/media?parent=46095"}],"wp:term":[{"taxonomy":"category","embeddable":true,"href":"https:\/\/cvinoticias.com\/v3\/wp-json\/wp\/v2\/categories?post=46095"},{"taxonomy":"post_tag","embeddable":true,"href":"https:\/\/cvinoticias.com\/v3\/wp-json\/wp\/v2\/tags?post=46095"}],"curies":[{"name":"wp","href":"https:\/\/api.w.org\/{rel}","templated":true}]}}