{"id":46041,"date":"2025-07-08T09:15:43","date_gmt":"2025-07-08T12:15:43","guid":{"rendered":"https:\/\/cvinoticias.com\/v3\/?p=46041"},"modified":"2025-07-08T09:15:44","modified_gmt":"2025-07-08T12:15:44","slug":"el-acto-oficial-del-9-de-julio-sera-en-leandro-n-alem-con-presencia-del-gobernador-hugo-passalacqua","status":"publish","type":"post","link":"https:\/\/cvinoticias.com\/v3\/el-acto-oficial-del-9-de-julio-sera-en-leandro-n-alem-con-presencia-del-gobernador-hugo-passalacqua\/","title":{"rendered":"El acto oficial del 9 de julio ser\u00e1 en Leandro N. Alem con presencia del gobernador Hugo Passalacqua"},"content":{"rendered":"\n<p>Este mi\u00e9rcoles 9 de julio Misiones celebrar\u00e1 un nuevo aniversario de la independencia Argentina, y para la ocasi\u00f3n el gobierno de la provincia dispuso que el acto oficial se realice en la localidad de Leandro N. Alem. El acto ser\u00e1 encabezado por el gobernador de la provincia Hugo Passalacqua, acompa\u00f1ado por el intendente de la localidad, Mat\u00edas Sebely.<\/p>\n\n\n\n<p>En el orden nacional el acto oficial se realizar\u00e1 en la provincia de Tucum\u00e1n, con la presencia del presidente Javier Milei y del gobernador tucumano Osvaldo Jaldo. A diferenica del a\u00f1o pasado, en esta ocasi\u00f3n no estar\u00e1n presentes los gobernadores de todo el pa\u00eds. De hecho, el gobernador misionero, que el a\u00f1o pasado particip\u00f3 del encuentro en la Casa Hist\u00f3rica de Tucum\u00e1n, este a\u00f1o estar\u00e1 ausente. Se desconoce, a esta hora, si enviar\u00e1 alg\u00fan emisario<\/p>\n\n\n\n<p>Fuente: El Territorio<\/p>\n\n\n\n<p><\/p>\n","protected":false},"excerpt":{"rendered":"<p>Este mi\u00e9rcoles 9 de julio Misiones celebrar\u00e1 un nuevo aniversario de la independencia Argentina, y para la ocasi\u00f3n el gobierno de la provincia dispuso que el acto oficial se realice en la localidad de Leandro N. Alem. El acto ser\u00e1 encabezado por el gobernador de la provincia Hugo Passalacqua, acompa\u00f1ado por el intendente de la [&hellip;]<\/p>\n","protected":false},"author":2,"featured_media":46042,"comment_status":"open","ping_status":"open","sticky":false,"template":"","format":"standard","meta":{"footnotes":""},"categories":[455],"tags":[3070,2552,3169,2553],"class_list":["post-46041","post","type-post","status-publish","format-standard","has-post-thumbnail","hentry","category-misiones","tag-9-de-julio","tag-acto","tag-n-alem","tag-oficial"],"yoast_head":"<!-- This site is optimized with the Yoast SEO plugin v27.5 - https:\/\/yoast.com\/product\/yoast-seo-wordpress\/ -->\n<title>Acto oficial del 9 de julio en Leandro N. Alem, Misiones | CVI NOTICIAS<\/title>\n<meta name=\"description\" content=\"El gobernador Passalacqua encabezar\u00e1 el acto oficial del 9 de julio en Leandro N. Alem, Misiones, este mi\u00e9rcoles.\" \/>\n<meta name=\"robots\" content=\"index, follow, max-snippet:-1, max-image-preview:large, max-video-preview:-1\" \/>\n<link rel=\"canonical\" href=\"https:\/\/cvinoticias.com\/v3\/el-acto-oficial-del-9-de-julio-sera-en-leandro-n-alem-con-presencia-del-gobernador-hugo-passalacqua\/\" \/>\n<meta property=\"og:locale\" content=\"es_ES\" \/>\n<meta property=\"og:type\" content=\"article\" \/>\n<meta property=\"og:title\" content=\"Acto oficial del 9 de julio en Leandro N. Alem, Misiones | CVI NOTICIAS\" \/>\n<meta property=\"og:description\" content=\"El gobernador Passalacqua encabezar\u00e1 el acto oficial del 9 de julio en Leandro N. Alem, Misiones, este mi\u00e9rcoles.\" \/>\n<meta property=\"og:url\" content=\"https:\/\/cvinoticias.com\/v3\/el-acto-oficial-del-9-de-julio-sera-en-leandro-n-alem-con-presencia-del-gobernador-hugo-passalacqua\/\" \/>\n<meta property=\"og:site_name\" content=\"CVI NOTICIAS\" \/>\n<meta property=\"article:publisher\" content=\"https:\/\/www.facebook.com\/cvinoticias\" \/>\n<meta property=\"article:published_time\" content=\"2025-07-08T12:15:43+00:00\" \/>\n<meta property=\"article:modified_time\" content=\"2025-07-08T12:15:44+00:00\" \/>\n<meta property=\"og:image\" content=\"https:\/\/cvinoticias.com\/wp-content\/uploads\/2025\/07\/md-2.webp\" \/>\n\t<meta property=\"og:image:width\" content=\"992\" \/>\n\t<meta property=\"og:image:height\" content=\"558\" \/>\n\t<meta property=\"og:image:type\" content=\"image\/webp\" \/>\n<meta name=\"author\" content=\"f1000024\" \/>\n<meta name=\"twitter:card\" content=\"summary_large_image\" \/>\n<meta name=\"twitter:label1\" content=\"Escrito por\" \/>\n\t<meta name=\"twitter:data1\" content=\"f1000024\" \/>\n\t<meta name=\"twitter:label2\" content=\"Tiempo de lectura\" \/>\n\t<meta name=\"twitter:data2\" content=\"1 minuto\" \/>\n<script type=\"application\/ld+json\" class=\"yoast-schema-graph\">{\"@context\":\"https:\\\/\\\/schema.org\",\"@graph\":[{\"@type\":\"Article\",\"@id\":\"https:\\\/\\\/cvinoticias.com\\\/v3\\\/el-acto-oficial-del-9-de-julio-sera-en-leandro-n-alem-con-presencia-del-gobernador-hugo-passalacqua\\\/#article\",\"isPartOf\":{\"@id\":\"https:\\\/\\\/cvinoticias.com\\\/v3\\\/el-acto-oficial-del-9-de-julio-sera-en-leandro-n-alem-con-presencia-del-gobernador-hugo-passalacqua\\\/\"},\"author\":{\"name\":\"f1000024\",\"@id\":\"https:\\\/\\\/cvinoticias.com\\\/v3\\\/#\\\/schema\\\/person\\\/2db77e3c6bc03c538495d7b2b8be9b66\"},\"headline\":\"El acto oficial del 9 de julio ser\u00e1 en Leandro N. Alem con presencia del gobernador Hugo Passalacqua\",\"datePublished\":\"2025-07-08T12:15:43+00:00\",\"dateModified\":\"2025-07-08T12:15:44+00:00\",\"mainEntityOfPage\":{\"@id\":\"https:\\\/\\\/cvinoticias.com\\\/v3\\\/el-acto-oficial-del-9-de-julio-sera-en-leandro-n-alem-con-presencia-del-gobernador-hugo-passalacqua\\\/\"},\"wordCount\":166,\"commentCount\":0,\"publisher\":{\"@id\":\"https:\\\/\\\/cvinoticias.com\\\/v3\\\/#organization\"},\"image\":{\"@id\":\"https:\\\/\\\/cvinoticias.com\\\/v3\\\/el-acto-oficial-del-9-de-julio-sera-en-leandro-n-alem-con-presencia-del-gobernador-hugo-passalacqua\\\/#primaryimage\"},\"thumbnailUrl\":\"https:\\\/\\\/cvinoticias.com\\\/wp-content\\\/uploads\\\/2025\\\/07\\\/md-2.webp\",\"keywords\":[\"9 de Julio\",\"acto\",\"N. Alem\",\"oficial\"],\"articleSection\":[\"Misiones\"],\"inLanguage\":\"es\",\"potentialAction\":[{\"@type\":\"CommentAction\",\"name\":\"Comment\",\"target\":[\"https:\\\/\\\/cvinoticias.com\\\/v3\\\/el-acto-oficial-del-9-de-julio-sera-en-leandro-n-alem-con-presencia-del-gobernador-hugo-passalacqua\\\/#respond\"]}]},{\"@type\":\"WebPage\",\"@id\":\"https:\\\/\\\/cvinoticias.com\\\/v3\\\/el-acto-oficial-del-9-de-julio-sera-en-leandro-n-alem-con-presencia-del-gobernador-hugo-passalacqua\\\/\",\"url\":\"https:\\\/\\\/cvinoticias.com\\\/v3\\\/el-acto-oficial-del-9-de-julio-sera-en-leandro-n-alem-con-presencia-del-gobernador-hugo-passalacqua\\\/\",\"name\":\"Acto oficial del 9 de julio en Leandro N. Alem, Misiones | CVI NOTICIAS\",\"isPartOf\":{\"@id\":\"https:\\\/\\\/cvinoticias.com\\\/v3\\\/#website\"},\"primaryImageOfPage\":{\"@id\":\"https:\\\/\\\/cvinoticias.com\\\/v3\\\/el-acto-oficial-del-9-de-julio-sera-en-leandro-n-alem-con-presencia-del-gobernador-hugo-passalacqua\\\/#primaryimage\"},\"image\":{\"@id\":\"https:\\\/\\\/cvinoticias.com\\\/v3\\\/el-acto-oficial-del-9-de-julio-sera-en-leandro-n-alem-con-presencia-del-gobernador-hugo-passalacqua\\\/#primaryimage\"},\"thumbnailUrl\":\"https:\\\/\\\/cvinoticias.com\\\/wp-content\\\/uploads\\\/2025\\\/07\\\/md-2.webp\",\"datePublished\":\"2025-07-08T12:15:43+00:00\",\"dateModified\":\"2025-07-08T12:15:44+00:00\",\"description\":\"El gobernador Passalacqua encabezar\u00e1 el acto oficial del 9 de julio en Leandro N. Alem, Misiones, este mi\u00e9rcoles.\",\"breadcrumb\":{\"@id\":\"https:\\\/\\\/cvinoticias.com\\\/v3\\\/el-acto-oficial-del-9-de-julio-sera-en-leandro-n-alem-con-presencia-del-gobernador-hugo-passalacqua\\\/#breadcrumb\"},\"inLanguage\":\"es\",\"potentialAction\":[{\"@type\":\"ReadAction\",\"target\":[\"https:\\\/\\\/cvinoticias.com\\\/v3\\\/el-acto-oficial-del-9-de-julio-sera-en-leandro-n-alem-con-presencia-del-gobernador-hugo-passalacqua\\\/\"]}]},{\"@type\":\"ImageObject\",\"inLanguage\":\"es\",\"@id\":\"https:\\\/\\\/cvinoticias.com\\\/v3\\\/el-acto-oficial-del-9-de-julio-sera-en-leandro-n-alem-con-presencia-del-gobernador-hugo-passalacqua\\\/#primaryimage\",\"url\":\"https:\\\/\\\/cvinoticias.com\\\/wp-content\\\/uploads\\\/2025\\\/07\\\/md-2.webp\",\"contentUrl\":\"https:\\\/\\\/cvinoticias.com\\\/wp-content\\\/uploads\\\/2025\\\/07\\\/md-2.webp\",\"width\":992,\"height\":558},{\"@type\":\"BreadcrumbList\",\"@id\":\"https:\\\/\\\/cvinoticias.com\\\/v3\\\/el-acto-oficial-del-9-de-julio-sera-en-leandro-n-alem-con-presencia-del-gobernador-hugo-passalacqua\\\/#breadcrumb\",\"itemListElement\":[{\"@type\":\"ListItem\",\"position\":1,\"name\":\"Portada\",\"item\":\"https:\\\/\\\/cvinoticias.com\\\/v3\\\/\"},{\"@type\":\"ListItem\",\"position\":2,\"name\":\"El acto oficial del 9 de julio ser\u00e1 en Leandro N. Alem con presencia del gobernador Hugo Passalacqua\"}]},{\"@type\":\"WebSite\",\"@id\":\"https:\\\/\\\/cvinoticias.com\\\/v3\\\/#website\",\"url\":\"https:\\\/\\\/cvinoticias.com\\\/v3\\\/\",\"name\":\"CVI NOTICIAS\",\"description\":\"\",\"publisher\":{\"@id\":\"https:\\\/\\\/cvinoticias.com\\\/v3\\\/#organization\"},\"alternateName\":\"CVI\",\"potentialAction\":[{\"@type\":\"SearchAction\",\"target\":{\"@type\":\"EntryPoint\",\"urlTemplate\":\"https:\\\/\\\/cvinoticias.com\\\/v3\\\/?s={search_term_string}\"},\"query-input\":{\"@type\":\"PropertyValueSpecification\",\"valueRequired\":true,\"valueName\":\"search_term_string\"}}],\"inLanguage\":\"es\"},{\"@type\":\"Organization\",\"@id\":\"https:\\\/\\\/cvinoticias.com\\\/v3\\\/#organization\",\"name\":\"CVI NOTICIAS\",\"url\":\"https:\\\/\\\/cvinoticias.com\\\/v3\\\/\",\"logo\":{\"@type\":\"ImageObject\",\"inLanguage\":\"es\",\"@id\":\"https:\\\/\\\/cvinoticias.com\\\/v3\\\/#\\\/schema\\\/logo\\\/image\\\/\",\"url\":\"https:\\\/\\\/cvinoticias.com\\\/wp-content\\\/uploads\\\/2023\\\/04\\\/cropped-cropped-cropped-cropped-cropped-3-1.png\",\"contentUrl\":\"https:\\\/\\\/cvinoticias.com\\\/wp-content\\\/uploads\\\/2023\\\/04\\\/cropped-cropped-cropped-cropped-cropped-3-1.png\",\"width\":95,\"height\":122,\"caption\":\"CVI NOTICIAS\"},\"image\":{\"@id\":\"https:\\\/\\\/cvinoticias.com\\\/v3\\\/#\\\/schema\\\/logo\\\/image\\\/\"},\"sameAs\":[\"https:\\\/\\\/www.facebook.com\\\/cvinoticias\",\"https:\\\/\\\/www.instagram.com\\\/cvinoticias\\\/\",\"https:\\\/\\\/www.youtube.com\\\/@CVINOTICIAS\"]},{\"@type\":\"Person\",\"@id\":\"https:\\\/\\\/cvinoticias.com\\\/v3\\\/#\\\/schema\\\/person\\\/2db77e3c6bc03c538495d7b2b8be9b66\",\"name\":\"f1000024\",\"image\":{\"@type\":\"ImageObject\",\"inLanguage\":\"es\",\"@id\":\"https:\\\/\\\/secure.gravatar.com\\\/avatar\\\/d4fe7459cfc51ff5129ce1a732bbef5928568b8092d412ef95611616376bbeed?s=96&d=mm&r=g\",\"url\":\"https:\\\/\\\/secure.gravatar.com\\\/avatar\\\/d4fe7459cfc51ff5129ce1a732bbef5928568b8092d412ef95611616376bbeed?s=96&d=mm&r=g\",\"contentUrl\":\"https:\\\/\\\/secure.gravatar.com\\\/avatar\\\/d4fe7459cfc51ff5129ce1a732bbef5928568b8092d412ef95611616376bbeed?s=96&d=mm&r=g\",\"caption\":\"f1000024\"},\"url\":\"https:\\\/\\\/cvinoticias.com\\\/v3\\\/author\\\/f1000024\\\/\"}]}<\/script>\n<!-- \/ Yoast SEO plugin. -->","yoast_head_json":{"title":"Acto oficial del 9 de julio en Leandro N. Alem, Misiones | CVI NOTICIAS","description":"El gobernador Passalacqua encabezar\u00e1 el acto oficial del 9 de julio en Leandro N. Alem, Misiones, este mi\u00e9rcoles.","robots":{"index":"index","follow":"follow","max-snippet":"max-snippet:-1","max-image-preview":"max-image-preview:large","max-video-preview":"max-video-preview:-1"},"canonical":"https:\/\/cvinoticias.com\/v3\/el-acto-oficial-del-9-de-julio-sera-en-leandro-n-alem-con-presencia-del-gobernador-hugo-passalacqua\/","og_locale":"es_ES","og_type":"article","og_title":"Acto oficial del 9 de julio en Leandro N. Alem, Misiones | CVI NOTICIAS","og_description":"El gobernador Passalacqua encabezar\u00e1 el acto oficial del 9 de julio en Leandro N. Alem, Misiones, este mi\u00e9rcoles.","og_url":"https:\/\/cvinoticias.com\/v3\/el-acto-oficial-del-9-de-julio-sera-en-leandro-n-alem-con-presencia-del-gobernador-hugo-passalacqua\/","og_site_name":"CVI NOTICIAS","article_publisher":"https:\/\/www.facebook.com\/cvinoticias","article_published_time":"2025-07-08T12:15:43+00:00","article_modified_time":"2025-07-08T12:15:44+00:00","og_image":[{"width":992,"height":558,"url":"https:\/\/cvinoticias.com\/wp-content\/uploads\/2025\/07\/md-2.webp","type":"image\/webp"}],"author":"f1000024","twitter_card":"summary_large_image","twitter_misc":{"Escrito por":"f1000024","Tiempo de lectura":"1 minuto"},"schema":{"@context":"https:\/\/schema.org","@graph":[{"@type":"Article","@id":"https:\/\/cvinoticias.com\/v3\/el-acto-oficial-del-9-de-julio-sera-en-leandro-n-alem-con-presencia-del-gobernador-hugo-passalacqua\/#article","isPartOf":{"@id":"https:\/\/cvinoticias.com\/v3\/el-acto-oficial-del-9-de-julio-sera-en-leandro-n-alem-con-presencia-del-gobernador-hugo-passalacqua\/"},"author":{"name":"f1000024","@id":"https:\/\/cvinoticias.com\/v3\/#\/schema\/person\/2db77e3c6bc03c538495d7b2b8be9b66"},"headline":"El acto oficial del 9 de julio ser\u00e1 en Leandro N. Alem con presencia del gobernador Hugo Passalacqua","datePublished":"2025-07-08T12:15:43+00:00","dateModified":"2025-07-08T12:15:44+00:00","mainEntityOfPage":{"@id":"https:\/\/cvinoticias.com\/v3\/el-acto-oficial-del-9-de-julio-sera-en-leandro-n-alem-con-presencia-del-gobernador-hugo-passalacqua\/"},"wordCount":166,"commentCount":0,"publisher":{"@id":"https:\/\/cvinoticias.com\/v3\/#organization"},"image":{"@id":"https:\/\/cvinoticias.com\/v3\/el-acto-oficial-del-9-de-julio-sera-en-leandro-n-alem-con-presencia-del-gobernador-hugo-passalacqua\/#primaryimage"},"thumbnailUrl":"https:\/\/cvinoticias.com\/wp-content\/uploads\/2025\/07\/md-2.webp","keywords":["9 de Julio","acto","N. Alem","oficial"],"articleSection":["Misiones"],"inLanguage":"es","potentialAction":[{"@type":"CommentAction","name":"Comment","target":["https:\/\/cvinoticias.com\/v3\/el-acto-oficial-del-9-de-julio-sera-en-leandro-n-alem-con-presencia-del-gobernador-hugo-passalacqua\/#respond"]}]},{"@type":"WebPage","@id":"https:\/\/cvinoticias.com\/v3\/el-acto-oficial-del-9-de-julio-sera-en-leandro-n-alem-con-presencia-del-gobernador-hugo-passalacqua\/","url":"https:\/\/cvinoticias.com\/v3\/el-acto-oficial-del-9-de-julio-sera-en-leandro-n-alem-con-presencia-del-gobernador-hugo-passalacqua\/","name":"Acto oficial del 9 de julio en Leandro N. Alem, Misiones | CVI NOTICIAS","isPartOf":{"@id":"https:\/\/cvinoticias.com\/v3\/#website"},"primaryImageOfPage":{"@id":"https:\/\/cvinoticias.com\/v3\/el-acto-oficial-del-9-de-julio-sera-en-leandro-n-alem-con-presencia-del-gobernador-hugo-passalacqua\/#primaryimage"},"image":{"@id":"https:\/\/cvinoticias.com\/v3\/el-acto-oficial-del-9-de-julio-sera-en-leandro-n-alem-con-presencia-del-gobernador-hugo-passalacqua\/#primaryimage"},"thumbnailUrl":"https:\/\/cvinoticias.com\/wp-content\/uploads\/2025\/07\/md-2.webp","datePublished":"2025-07-08T12:15:43+00:00","dateModified":"2025-07-08T12:15:44+00:00","description":"El gobernador Passalacqua encabezar\u00e1 el acto oficial del 9 de julio en Leandro N. Alem, Misiones, este mi\u00e9rcoles.","breadcrumb":{"@id":"https:\/\/cvinoticias.com\/v3\/el-acto-oficial-del-9-de-julio-sera-en-leandro-n-alem-con-presencia-del-gobernador-hugo-passalacqua\/#breadcrumb"},"inLanguage":"es","potentialAction":[{"@type":"ReadAction","target":["https:\/\/cvinoticias.com\/v3\/el-acto-oficial-del-9-de-julio-sera-en-leandro-n-alem-con-presencia-del-gobernador-hugo-passalacqua\/"]}]},{"@type":"ImageObject","inLanguage":"es","@id":"https:\/\/cvinoticias.com\/v3\/el-acto-oficial-del-9-de-julio-sera-en-leandro-n-alem-con-presencia-del-gobernador-hugo-passalacqua\/#primaryimage","url":"https:\/\/cvinoticias.com\/wp-content\/uploads\/2025\/07\/md-2.webp","contentUrl":"https:\/\/cvinoticias.com\/wp-content\/uploads\/2025\/07\/md-2.webp","width":992,"height":558},{"@type":"BreadcrumbList","@id":"https:\/\/cvinoticias.com\/v3\/el-acto-oficial-del-9-de-julio-sera-en-leandro-n-alem-con-presencia-del-gobernador-hugo-passalacqua\/#breadcrumb","itemListElement":[{"@type":"ListItem","position":1,"name":"Portada","item":"https:\/\/cvinoticias.com\/v3\/"},{"@type":"ListItem","position":2,"name":"El acto oficial del 9 de julio ser\u00e1 en Leandro N. Alem con presencia del gobernador Hugo Passalacqua"}]},{"@type":"WebSite","@id":"https:\/\/cvinoticias.com\/v3\/#website","url":"https:\/\/cvinoticias.com\/v3\/","name":"CVI NOTICIAS","description":"","publisher":{"@id":"https:\/\/cvinoticias.com\/v3\/#organization"},"alternateName":"CVI","potentialAction":[{"@type":"SearchAction","target":{"@type":"EntryPoint","urlTemplate":"https:\/\/cvinoticias.com\/v3\/?s={search_term_string}"},"query-input":{"@type":"PropertyValueSpecification","valueRequired":true,"valueName":"search_term_string"}}],"inLanguage":"es"},{"@type":"Organization","@id":"https:\/\/cvinoticias.com\/v3\/#organization","name":"CVI NOTICIAS","url":"https:\/\/cvinoticias.com\/v3\/","logo":{"@type":"ImageObject","inLanguage":"es","@id":"https:\/\/cvinoticias.com\/v3\/#\/schema\/logo\/image\/","url":"https:\/\/cvinoticias.com\/wp-content\/uploads\/2023\/04\/cropped-cropped-cropped-cropped-cropped-3-1.png","contentUrl":"https:\/\/cvinoticias.com\/wp-content\/uploads\/2023\/04\/cropped-cropped-cropped-cropped-cropped-3-1.png","width":95,"height":122,"caption":"CVI NOTICIAS"},"image":{"@id":"https:\/\/cvinoticias.com\/v3\/#\/schema\/logo\/image\/"},"sameAs":["https:\/\/www.facebook.com\/cvinoticias","https:\/\/www.instagram.com\/cvinoticias\/","https:\/\/www.youtube.com\/@CVINOTICIAS"]},{"@type":"Person","@id":"https:\/\/cvinoticias.com\/v3\/#\/schema\/person\/2db77e3c6bc03c538495d7b2b8be9b66","name":"f1000024","image":{"@type":"ImageObject","inLanguage":"es","@id":"https:\/\/secure.gravatar.com\/avatar\/d4fe7459cfc51ff5129ce1a732bbef5928568b8092d412ef95611616376bbeed?s=96&d=mm&r=g","url":"https:\/\/secure.gravatar.com\/avatar\/d4fe7459cfc51ff5129ce1a732bbef5928568b8092d412ef95611616376bbeed?s=96&d=mm&r=g","contentUrl":"https:\/\/secure.gravatar.com\/avatar\/d4fe7459cfc51ff5129ce1a732bbef5928568b8092d412ef95611616376bbeed?s=96&d=mm&r=g","caption":"f1000024"},"url":"https:\/\/cvinoticias.com\/v3\/author\/f1000024\/"}]}},"_links":{"self":[{"href":"https:\/\/cvinoticias.com\/v3\/wp-json\/wp\/v2\/posts\/46041","targetHints":{"allow":["GET"]}}],"collection":[{"href":"https:\/\/cvinoticias.com\/v3\/wp-json\/wp\/v2\/posts"}],"about":[{"href":"https:\/\/cvinoticias.com\/v3\/wp-json\/wp\/v2\/types\/post"}],"author":[{"embeddable":true,"href":"https:\/\/cvinoticias.com\/v3\/wp-json\/wp\/v2\/users\/2"}],"replies":[{"embeddable":true,"href":"https:\/\/cvinoticias.com\/v3\/wp-json\/wp\/v2\/comments?post=46041"}],"version-history":[{"count":1,"href":"https:\/\/cvinoticias.com\/v3\/wp-json\/wp\/v2\/posts\/46041\/revisions"}],"predecessor-version":[{"id":46043,"href":"https:\/\/cvinoticias.com\/v3\/wp-json\/wp\/v2\/posts\/46041\/revisions\/46043"}],"wp:featuredmedia":[{"embeddable":true,"href":"https:\/\/cvinoticias.com\/v3\/wp-json\/wp\/v2\/media\/46042"}],"wp:attachment":[{"href":"https:\/\/cvinoticias.com\/v3\/wp-json\/wp\/v2\/media?parent=46041"}],"wp:term":[{"taxonomy":"category","embeddable":true,"href":"https:\/\/cvinoticias.com\/v3\/wp-json\/wp\/v2\/categories?post=46041"},{"taxonomy":"post_tag","embeddable":true,"href":"https:\/\/cvinoticias.com\/v3\/wp-json\/wp\/v2\/tags?post=46041"}],"curies":[{"name":"wp","href":"https:\/\/api.w.org\/{rel}","templated":true}]}}