{"id":46032,"date":"2025-07-08T09:03:23","date_gmt":"2025-07-08T12:03:23","guid":{"rendered":"https:\/\/cvinoticias.com\/v3\/?p=46032"},"modified":"2025-07-08T09:03:24","modified_gmt":"2025-07-08T12:03:24","slug":"puerto-iguazu-detuvieron-a-un-hombre-y-recuperaron-una-motocicleta-robada","status":"publish","type":"post","link":"https:\/\/cvinoticias.com\/v3\/puerto-iguazu-detuvieron-a-un-hombre-y-recuperaron-una-motocicleta-robada\/","title":{"rendered":"Puerto Iguaz\u00fa: detuvieron a un hombre y recuperaron una motocicleta robada"},"content":{"rendered":"\n<p>En el marco de los patrullajes preventivos realizados por la Polic\u00eda de Misiones, efectivos de la comisar\u00eda seccional Segunda de la Unidad Regional V lograron recuperar una motocicleta robada y detener al presunto autor del hecho.<\/p>\n\n\n\n<p>El procedimiento tuvo lugar este lunes, pasadas las 19:30 horas, cuando los uniformados localizaron una motocicleta marca Zanella de 110 c.c., color negro, oculta entre las malezas, a pocos metros del final de la calle Ricardo Balb\u00edn, en Puerto Iguaz\u00fa.<\/p>\n\n\n\n<p>Tras consultar la base de datos policial, se constat\u00f3 que el rodado hab\u00eda sido sustra\u00eddo durante la madrugada a un hombre de 30 a\u00f1os, mientras se encontraba estacionado en el barrio Libertad. Seg\u00fan fuentes oficiales, la moto, que al momento del robo no ten\u00eda sus ruedas, presentaba indicios de haber sido movilizada recientemente, lo que sugiere que iba a ser trasladada a otro lugar.<\/p>\n\n\n\n<p>Como resultado de las tareas investigativas, los agentes procedieron a la detenci\u00f3n de un hombre de 34 a\u00f1os, identificado como Emilio C., quien qued\u00f3 alojado en la dependencia policial a disposici\u00f3n de la justicia, en averiguaci\u00f3n del hecho.<\/p>\n\n\n\n<p>En tanto, el motoveh\u00edculo fue trasladado a la comisar\u00eda, donde permanecer\u00e1 hasta ser restituido a su leg\u00edtimo propietario tras cumplirse los tr\u00e1mites legales correspondientes.<\/p>\n\n\n\n<p><\/p>\n","protected":false},"excerpt":{"rendered":"<p>En el marco de los patrullajes preventivos realizados por la Polic\u00eda de Misiones, efectivos de la comisar\u00eda seccional Segunda de la Unidad Regional V lograron recuperar una motocicleta robada y detener al presunto autor del hecho. El procedimiento tuvo lugar este lunes, pasadas las 19:30 horas, cuando los uniformados localizaron una motocicleta marca Zanella de [&hellip;]<\/p>\n","protected":false},"author":2,"featured_media":46033,"comment_status":"open","ping_status":"open","sticky":false,"template":"","format":"standard","meta":{"footnotes":""},"categories":[41],"tags":[3040,978,313,1843,1156],"class_list":["post-46032","post","type-post","status-publish","format-standard","has-post-thumbnail","hentry","category-policiales","tag-detuvieron","tag-hombre","tag-iguazu","tag-motocicleta","tag-robada"],"yoast_head":"<!-- This site is optimized with the Yoast SEO plugin v27.4 - https:\/\/yoast.com\/product\/yoast-seo-wordpress\/ -->\n<title>Detuvieron a un hombre y recuperaron una moto en Iguaz\u00fa | CVI NOTICIAS<\/title>\n<meta name=\"description\" content=\"Recuperaron una moto robada en Iguaz\u00fa y detuvieron al presunto autor del hecho tras patrullajes preventivos.\" \/>\n<meta name=\"robots\" content=\"index, follow, max-snippet:-1, max-image-preview:large, max-video-preview:-1\" \/>\n<link rel=\"canonical\" href=\"https:\/\/cvinoticias.com\/v3\/puerto-iguazu-detuvieron-a-un-hombre-y-recuperaron-una-motocicleta-robada\/\" \/>\n<meta property=\"og:locale\" content=\"es_ES\" \/>\n<meta property=\"og:type\" content=\"article\" \/>\n<meta property=\"og:title\" content=\"Detuvieron a un hombre y recuperaron una moto en Iguaz\u00fa | CVI NOTICIAS\" \/>\n<meta property=\"og:description\" content=\"Recuperaron una moto robada en Iguaz\u00fa y detuvieron al presunto autor del hecho tras patrullajes preventivos.\" \/>\n<meta property=\"og:url\" content=\"https:\/\/cvinoticias.com\/v3\/puerto-iguazu-detuvieron-a-un-hombre-y-recuperaron-una-motocicleta-robada\/\" \/>\n<meta property=\"og:site_name\" content=\"CVI NOTICIAS\" \/>\n<meta property=\"article:publisher\" content=\"https:\/\/www.facebook.com\/cvinoticias\" \/>\n<meta property=\"article:published_time\" content=\"2025-07-08T12:03:23+00:00\" \/>\n<meta property=\"article:modified_time\" content=\"2025-07-08T12:03:24+00:00\" \/>\n<meta property=\"og:image\" content=\"https:\/\/cvinoticias.com\/wp-content\/uploads\/2025\/07\/518034038_1144446951057894_5766793251051108310_n.jpg\" \/>\n\t<meta property=\"og:image:width\" content=\"1200\" \/>\n\t<meta property=\"og:image:height\" content=\"1600\" \/>\n\t<meta property=\"og:image:type\" content=\"image\/jpeg\" \/>\n<meta name=\"author\" content=\"f1000024\" \/>\n<meta name=\"twitter:card\" content=\"summary_large_image\" \/>\n<meta name=\"twitter:label1\" content=\"Escrito por\" \/>\n\t<meta name=\"twitter:data1\" content=\"f1000024\" \/>\n\t<meta name=\"twitter:label2\" content=\"Tiempo de lectura\" \/>\n\t<meta name=\"twitter:data2\" content=\"2 minutos\" \/>\n<script type=\"application\/ld+json\" class=\"yoast-schema-graph\">{\"@context\":\"https:\\\/\\\/schema.org\",\"@graph\":[{\"@type\":\"Article\",\"@id\":\"https:\\\/\\\/cvinoticias.com\\\/v3\\\/puerto-iguazu-detuvieron-a-un-hombre-y-recuperaron-una-motocicleta-robada\\\/#article\",\"isPartOf\":{\"@id\":\"https:\\\/\\\/cvinoticias.com\\\/v3\\\/puerto-iguazu-detuvieron-a-un-hombre-y-recuperaron-una-motocicleta-robada\\\/\"},\"author\":{\"name\":\"f1000024\",\"@id\":\"https:\\\/\\\/cvinoticias.com\\\/v3\\\/#\\\/schema\\\/person\\\/2db77e3c6bc03c538495d7b2b8be9b66\"},\"headline\":\"Puerto Iguaz\u00fa: detuvieron a un hombre y recuperaron una motocicleta robada\",\"datePublished\":\"2025-07-08T12:03:23+00:00\",\"dateModified\":\"2025-07-08T12:03:24+00:00\",\"mainEntityOfPage\":{\"@id\":\"https:\\\/\\\/cvinoticias.com\\\/v3\\\/puerto-iguazu-detuvieron-a-un-hombre-y-recuperaron-una-motocicleta-robada\\\/\"},\"wordCount\":226,\"commentCount\":0,\"publisher\":{\"@id\":\"https:\\\/\\\/cvinoticias.com\\\/v3\\\/#organization\"},\"image\":{\"@id\":\"https:\\\/\\\/cvinoticias.com\\\/v3\\\/puerto-iguazu-detuvieron-a-un-hombre-y-recuperaron-una-motocicleta-robada\\\/#primaryimage\"},\"thumbnailUrl\":\"https:\\\/\\\/cvinoticias.com\\\/wp-content\\\/uploads\\\/2025\\\/07\\\/518034038_1144446951057894_5766793251051108310_n.jpg\",\"keywords\":[\"Detuvieron\",\"Hombre\",\"Iguaz\u00fa\",\"Motocicleta\",\"Robada\"],\"articleSection\":[\"Policiales\"],\"inLanguage\":\"es\",\"potentialAction\":[{\"@type\":\"CommentAction\",\"name\":\"Comment\",\"target\":[\"https:\\\/\\\/cvinoticias.com\\\/v3\\\/puerto-iguazu-detuvieron-a-un-hombre-y-recuperaron-una-motocicleta-robada\\\/#respond\"]}]},{\"@type\":\"WebPage\",\"@id\":\"https:\\\/\\\/cvinoticias.com\\\/v3\\\/puerto-iguazu-detuvieron-a-un-hombre-y-recuperaron-una-motocicleta-robada\\\/\",\"url\":\"https:\\\/\\\/cvinoticias.com\\\/v3\\\/puerto-iguazu-detuvieron-a-un-hombre-y-recuperaron-una-motocicleta-robada\\\/\",\"name\":\"Detuvieron a un hombre y recuperaron una moto en Iguaz\u00fa | CVI NOTICIAS\",\"isPartOf\":{\"@id\":\"https:\\\/\\\/cvinoticias.com\\\/v3\\\/#website\"},\"primaryImageOfPage\":{\"@id\":\"https:\\\/\\\/cvinoticias.com\\\/v3\\\/puerto-iguazu-detuvieron-a-un-hombre-y-recuperaron-una-motocicleta-robada\\\/#primaryimage\"},\"image\":{\"@id\":\"https:\\\/\\\/cvinoticias.com\\\/v3\\\/puerto-iguazu-detuvieron-a-un-hombre-y-recuperaron-una-motocicleta-robada\\\/#primaryimage\"},\"thumbnailUrl\":\"https:\\\/\\\/cvinoticias.com\\\/wp-content\\\/uploads\\\/2025\\\/07\\\/518034038_1144446951057894_5766793251051108310_n.jpg\",\"datePublished\":\"2025-07-08T12:03:23+00:00\",\"dateModified\":\"2025-07-08T12:03:24+00:00\",\"description\":\"Recuperaron una moto robada en Iguaz\u00fa y detuvieron al presunto autor del hecho tras patrullajes preventivos.\",\"breadcrumb\":{\"@id\":\"https:\\\/\\\/cvinoticias.com\\\/v3\\\/puerto-iguazu-detuvieron-a-un-hombre-y-recuperaron-una-motocicleta-robada\\\/#breadcrumb\"},\"inLanguage\":\"es\",\"potentialAction\":[{\"@type\":\"ReadAction\",\"target\":[\"https:\\\/\\\/cvinoticias.com\\\/v3\\\/puerto-iguazu-detuvieron-a-un-hombre-y-recuperaron-una-motocicleta-robada\\\/\"]}]},{\"@type\":\"ImageObject\",\"inLanguage\":\"es\",\"@id\":\"https:\\\/\\\/cvinoticias.com\\\/v3\\\/puerto-iguazu-detuvieron-a-un-hombre-y-recuperaron-una-motocicleta-robada\\\/#primaryimage\",\"url\":\"https:\\\/\\\/cvinoticias.com\\\/wp-content\\\/uploads\\\/2025\\\/07\\\/518034038_1144446951057894_5766793251051108310_n.jpg\",\"contentUrl\":\"https:\\\/\\\/cvinoticias.com\\\/wp-content\\\/uploads\\\/2025\\\/07\\\/518034038_1144446951057894_5766793251051108310_n.jpg\",\"width\":1200,\"height\":1600},{\"@type\":\"BreadcrumbList\",\"@id\":\"https:\\\/\\\/cvinoticias.com\\\/v3\\\/puerto-iguazu-detuvieron-a-un-hombre-y-recuperaron-una-motocicleta-robada\\\/#breadcrumb\",\"itemListElement\":[{\"@type\":\"ListItem\",\"position\":1,\"name\":\"Portada\",\"item\":\"https:\\\/\\\/cvinoticias.com\\\/v3\\\/\"},{\"@type\":\"ListItem\",\"position\":2,\"name\":\"Puerto Iguaz\u00fa: detuvieron a un hombre y recuperaron una motocicleta robada\"}]},{\"@type\":\"WebSite\",\"@id\":\"https:\\\/\\\/cvinoticias.com\\\/v3\\\/#website\",\"url\":\"https:\\\/\\\/cvinoticias.com\\\/v3\\\/\",\"name\":\"CVI NOTICIAS\",\"description\":\"\",\"publisher\":{\"@id\":\"https:\\\/\\\/cvinoticias.com\\\/v3\\\/#organization\"},\"alternateName\":\"CVI\",\"potentialAction\":[{\"@type\":\"SearchAction\",\"target\":{\"@type\":\"EntryPoint\",\"urlTemplate\":\"https:\\\/\\\/cvinoticias.com\\\/v3\\\/?s={search_term_string}\"},\"query-input\":{\"@type\":\"PropertyValueSpecification\",\"valueRequired\":true,\"valueName\":\"search_term_string\"}}],\"inLanguage\":\"es\"},{\"@type\":\"Organization\",\"@id\":\"https:\\\/\\\/cvinoticias.com\\\/v3\\\/#organization\",\"name\":\"CVI NOTICIAS\",\"url\":\"https:\\\/\\\/cvinoticias.com\\\/v3\\\/\",\"logo\":{\"@type\":\"ImageObject\",\"inLanguage\":\"es\",\"@id\":\"https:\\\/\\\/cvinoticias.com\\\/v3\\\/#\\\/schema\\\/logo\\\/image\\\/\",\"url\":\"https:\\\/\\\/cvinoticias.com\\\/wp-content\\\/uploads\\\/2023\\\/04\\\/cropped-cropped-cropped-cropped-cropped-3-1.png\",\"contentUrl\":\"https:\\\/\\\/cvinoticias.com\\\/wp-content\\\/uploads\\\/2023\\\/04\\\/cropped-cropped-cropped-cropped-cropped-3-1.png\",\"width\":95,\"height\":122,\"caption\":\"CVI NOTICIAS\"},\"image\":{\"@id\":\"https:\\\/\\\/cvinoticias.com\\\/v3\\\/#\\\/schema\\\/logo\\\/image\\\/\"},\"sameAs\":[\"https:\\\/\\\/www.facebook.com\\\/cvinoticias\",\"https:\\\/\\\/www.instagram.com\\\/cvinoticias\\\/\",\"https:\\\/\\\/www.youtube.com\\\/@CVINOTICIAS\"]},{\"@type\":\"Person\",\"@id\":\"https:\\\/\\\/cvinoticias.com\\\/v3\\\/#\\\/schema\\\/person\\\/2db77e3c6bc03c538495d7b2b8be9b66\",\"name\":\"f1000024\",\"image\":{\"@type\":\"ImageObject\",\"inLanguage\":\"es\",\"@id\":\"https:\\\/\\\/secure.gravatar.com\\\/avatar\\\/d4fe7459cfc51ff5129ce1a732bbef5928568b8092d412ef95611616376bbeed?s=96&d=mm&r=g\",\"url\":\"https:\\\/\\\/secure.gravatar.com\\\/avatar\\\/d4fe7459cfc51ff5129ce1a732bbef5928568b8092d412ef95611616376bbeed?s=96&d=mm&r=g\",\"contentUrl\":\"https:\\\/\\\/secure.gravatar.com\\\/avatar\\\/d4fe7459cfc51ff5129ce1a732bbef5928568b8092d412ef95611616376bbeed?s=96&d=mm&r=g\",\"caption\":\"f1000024\"},\"url\":\"https:\\\/\\\/cvinoticias.com\\\/v3\\\/author\\\/f1000024\\\/\"}]}<\/script>\n<!-- \/ Yoast SEO plugin. -->","yoast_head_json":{"title":"Detuvieron a un hombre y recuperaron una moto en Iguaz\u00fa | CVI NOTICIAS","description":"Recuperaron una moto robada en Iguaz\u00fa y detuvieron al presunto autor del hecho tras patrullajes preventivos.","robots":{"index":"index","follow":"follow","max-snippet":"max-snippet:-1","max-image-preview":"max-image-preview:large","max-video-preview":"max-video-preview:-1"},"canonical":"https:\/\/cvinoticias.com\/v3\/puerto-iguazu-detuvieron-a-un-hombre-y-recuperaron-una-motocicleta-robada\/","og_locale":"es_ES","og_type":"article","og_title":"Detuvieron a un hombre y recuperaron una moto en Iguaz\u00fa | CVI NOTICIAS","og_description":"Recuperaron una moto robada en Iguaz\u00fa y detuvieron al presunto autor del hecho tras patrullajes preventivos.","og_url":"https:\/\/cvinoticias.com\/v3\/puerto-iguazu-detuvieron-a-un-hombre-y-recuperaron-una-motocicleta-robada\/","og_site_name":"CVI NOTICIAS","article_publisher":"https:\/\/www.facebook.com\/cvinoticias","article_published_time":"2025-07-08T12:03:23+00:00","article_modified_time":"2025-07-08T12:03:24+00:00","og_image":[{"width":1200,"height":1600,"url":"https:\/\/cvinoticias.com\/wp-content\/uploads\/2025\/07\/518034038_1144446951057894_5766793251051108310_n.jpg","type":"image\/jpeg"}],"author":"f1000024","twitter_card":"summary_large_image","twitter_misc":{"Escrito por":"f1000024","Tiempo de lectura":"2 minutos"},"schema":{"@context":"https:\/\/schema.org","@graph":[{"@type":"Article","@id":"https:\/\/cvinoticias.com\/v3\/puerto-iguazu-detuvieron-a-un-hombre-y-recuperaron-una-motocicleta-robada\/#article","isPartOf":{"@id":"https:\/\/cvinoticias.com\/v3\/puerto-iguazu-detuvieron-a-un-hombre-y-recuperaron-una-motocicleta-robada\/"},"author":{"name":"f1000024","@id":"https:\/\/cvinoticias.com\/v3\/#\/schema\/person\/2db77e3c6bc03c538495d7b2b8be9b66"},"headline":"Puerto Iguaz\u00fa: detuvieron a un hombre y recuperaron una motocicleta robada","datePublished":"2025-07-08T12:03:23+00:00","dateModified":"2025-07-08T12:03:24+00:00","mainEntityOfPage":{"@id":"https:\/\/cvinoticias.com\/v3\/puerto-iguazu-detuvieron-a-un-hombre-y-recuperaron-una-motocicleta-robada\/"},"wordCount":226,"commentCount":0,"publisher":{"@id":"https:\/\/cvinoticias.com\/v3\/#organization"},"image":{"@id":"https:\/\/cvinoticias.com\/v3\/puerto-iguazu-detuvieron-a-un-hombre-y-recuperaron-una-motocicleta-robada\/#primaryimage"},"thumbnailUrl":"https:\/\/cvinoticias.com\/wp-content\/uploads\/2025\/07\/518034038_1144446951057894_5766793251051108310_n.jpg","keywords":["Detuvieron","Hombre","Iguaz\u00fa","Motocicleta","Robada"],"articleSection":["Policiales"],"inLanguage":"es","potentialAction":[{"@type":"CommentAction","name":"Comment","target":["https:\/\/cvinoticias.com\/v3\/puerto-iguazu-detuvieron-a-un-hombre-y-recuperaron-una-motocicleta-robada\/#respond"]}]},{"@type":"WebPage","@id":"https:\/\/cvinoticias.com\/v3\/puerto-iguazu-detuvieron-a-un-hombre-y-recuperaron-una-motocicleta-robada\/","url":"https:\/\/cvinoticias.com\/v3\/puerto-iguazu-detuvieron-a-un-hombre-y-recuperaron-una-motocicleta-robada\/","name":"Detuvieron a un hombre y recuperaron una moto en Iguaz\u00fa | CVI NOTICIAS","isPartOf":{"@id":"https:\/\/cvinoticias.com\/v3\/#website"},"primaryImageOfPage":{"@id":"https:\/\/cvinoticias.com\/v3\/puerto-iguazu-detuvieron-a-un-hombre-y-recuperaron-una-motocicleta-robada\/#primaryimage"},"image":{"@id":"https:\/\/cvinoticias.com\/v3\/puerto-iguazu-detuvieron-a-un-hombre-y-recuperaron-una-motocicleta-robada\/#primaryimage"},"thumbnailUrl":"https:\/\/cvinoticias.com\/wp-content\/uploads\/2025\/07\/518034038_1144446951057894_5766793251051108310_n.jpg","datePublished":"2025-07-08T12:03:23+00:00","dateModified":"2025-07-08T12:03:24+00:00","description":"Recuperaron una moto robada en Iguaz\u00fa y detuvieron al presunto autor del hecho tras patrullajes preventivos.","breadcrumb":{"@id":"https:\/\/cvinoticias.com\/v3\/puerto-iguazu-detuvieron-a-un-hombre-y-recuperaron-una-motocicleta-robada\/#breadcrumb"},"inLanguage":"es","potentialAction":[{"@type":"ReadAction","target":["https:\/\/cvinoticias.com\/v3\/puerto-iguazu-detuvieron-a-un-hombre-y-recuperaron-una-motocicleta-robada\/"]}]},{"@type":"ImageObject","inLanguage":"es","@id":"https:\/\/cvinoticias.com\/v3\/puerto-iguazu-detuvieron-a-un-hombre-y-recuperaron-una-motocicleta-robada\/#primaryimage","url":"https:\/\/cvinoticias.com\/wp-content\/uploads\/2025\/07\/518034038_1144446951057894_5766793251051108310_n.jpg","contentUrl":"https:\/\/cvinoticias.com\/wp-content\/uploads\/2025\/07\/518034038_1144446951057894_5766793251051108310_n.jpg","width":1200,"height":1600},{"@type":"BreadcrumbList","@id":"https:\/\/cvinoticias.com\/v3\/puerto-iguazu-detuvieron-a-un-hombre-y-recuperaron-una-motocicleta-robada\/#breadcrumb","itemListElement":[{"@type":"ListItem","position":1,"name":"Portada","item":"https:\/\/cvinoticias.com\/v3\/"},{"@type":"ListItem","position":2,"name":"Puerto Iguaz\u00fa: detuvieron a un hombre y recuperaron una motocicleta robada"}]},{"@type":"WebSite","@id":"https:\/\/cvinoticias.com\/v3\/#website","url":"https:\/\/cvinoticias.com\/v3\/","name":"CVI NOTICIAS","description":"","publisher":{"@id":"https:\/\/cvinoticias.com\/v3\/#organization"},"alternateName":"CVI","potentialAction":[{"@type":"SearchAction","target":{"@type":"EntryPoint","urlTemplate":"https:\/\/cvinoticias.com\/v3\/?s={search_term_string}"},"query-input":{"@type":"PropertyValueSpecification","valueRequired":true,"valueName":"search_term_string"}}],"inLanguage":"es"},{"@type":"Organization","@id":"https:\/\/cvinoticias.com\/v3\/#organization","name":"CVI NOTICIAS","url":"https:\/\/cvinoticias.com\/v3\/","logo":{"@type":"ImageObject","inLanguage":"es","@id":"https:\/\/cvinoticias.com\/v3\/#\/schema\/logo\/image\/","url":"https:\/\/cvinoticias.com\/wp-content\/uploads\/2023\/04\/cropped-cropped-cropped-cropped-cropped-3-1.png","contentUrl":"https:\/\/cvinoticias.com\/wp-content\/uploads\/2023\/04\/cropped-cropped-cropped-cropped-cropped-3-1.png","width":95,"height":122,"caption":"CVI NOTICIAS"},"image":{"@id":"https:\/\/cvinoticias.com\/v3\/#\/schema\/logo\/image\/"},"sameAs":["https:\/\/www.facebook.com\/cvinoticias","https:\/\/www.instagram.com\/cvinoticias\/","https:\/\/www.youtube.com\/@CVINOTICIAS"]},{"@type":"Person","@id":"https:\/\/cvinoticias.com\/v3\/#\/schema\/person\/2db77e3c6bc03c538495d7b2b8be9b66","name":"f1000024","image":{"@type":"ImageObject","inLanguage":"es","@id":"https:\/\/secure.gravatar.com\/avatar\/d4fe7459cfc51ff5129ce1a732bbef5928568b8092d412ef95611616376bbeed?s=96&d=mm&r=g","url":"https:\/\/secure.gravatar.com\/avatar\/d4fe7459cfc51ff5129ce1a732bbef5928568b8092d412ef95611616376bbeed?s=96&d=mm&r=g","contentUrl":"https:\/\/secure.gravatar.com\/avatar\/d4fe7459cfc51ff5129ce1a732bbef5928568b8092d412ef95611616376bbeed?s=96&d=mm&r=g","caption":"f1000024"},"url":"https:\/\/cvinoticias.com\/v3\/author\/f1000024\/"}]}},"_links":{"self":[{"href":"https:\/\/cvinoticias.com\/v3\/wp-json\/wp\/v2\/posts\/46032","targetHints":{"allow":["GET"]}}],"collection":[{"href":"https:\/\/cvinoticias.com\/v3\/wp-json\/wp\/v2\/posts"}],"about":[{"href":"https:\/\/cvinoticias.com\/v3\/wp-json\/wp\/v2\/types\/post"}],"author":[{"embeddable":true,"href":"https:\/\/cvinoticias.com\/v3\/wp-json\/wp\/v2\/users\/2"}],"replies":[{"embeddable":true,"href":"https:\/\/cvinoticias.com\/v3\/wp-json\/wp\/v2\/comments?post=46032"}],"version-history":[{"count":1,"href":"https:\/\/cvinoticias.com\/v3\/wp-json\/wp\/v2\/posts\/46032\/revisions"}],"predecessor-version":[{"id":46034,"href":"https:\/\/cvinoticias.com\/v3\/wp-json\/wp\/v2\/posts\/46032\/revisions\/46034"}],"wp:featuredmedia":[{"embeddable":true,"href":"https:\/\/cvinoticias.com\/v3\/wp-json\/wp\/v2\/media\/46033"}],"wp:attachment":[{"href":"https:\/\/cvinoticias.com\/v3\/wp-json\/wp\/v2\/media?parent=46032"}],"wp:term":[{"taxonomy":"category","embeddable":true,"href":"https:\/\/cvinoticias.com\/v3\/wp-json\/wp\/v2\/categories?post=46032"},{"taxonomy":"post_tag","embeddable":true,"href":"https:\/\/cvinoticias.com\/v3\/wp-json\/wp\/v2\/tags?post=46032"}],"curies":[{"name":"wp","href":"https:\/\/api.w.org\/{rel}","templated":true}]}}