{"id":45953,"date":"2025-07-05T21:03:37","date_gmt":"2025-07-06T00:03:37","guid":{"rendered":"https:\/\/cvinoticias.com\/v3\/?p=45953"},"modified":"2025-07-05T21:03:39","modified_gmt":"2025-07-06T00:03:39","slug":"misiones-lanzo-su-temporada-de-invierno-en-caminos-y-sabores","status":"publish","type":"post","link":"https:\/\/cvinoticias.com\/v3\/misiones-lanzo-su-temporada-de-invierno-en-caminos-y-sabores\/","title":{"rendered":"Misiones lanz\u00f3 su temporada de invierno en Caminos y Sabores"},"content":{"rendered":"\n<p>La provincia de Misiones present\u00f3 oficialmente su <strong>temporada de invierno 2025<\/strong> en la feria <strong>Caminos y Sabores<\/strong>, que se desarrolla en la ciudad de Buenos Aires. El evento se convirti\u00f3 en una vidriera estrat\u00e9gica para mostrar propuestas tur\u00edsticas, culturales y gastron\u00f3micas, pensadas para las vacaciones de julio.<\/p>\n\n\n\n<p>La presentaci\u00f3n estuvo encabezada por el <strong>ministro de Turismo, Jos\u00e9 Mar\u00eda Arr\u00faa<\/strong>, junto al <strong>secretario de Turismo, Ambiente y Deportes de la Naci\u00f3n, Daniel Scioli<\/strong>. Tambi\u00e9n participaron representantes de destinos misioneros como <strong>El Soberbio<\/strong> e <strong>Iguaz\u00fa<\/strong>.<\/p>\n\n\n\n<p>\u201cEstamos iniciando la temporada con una agenda cargada de festivales y actividades culturales y tur\u00edsticas. Siempre mostrando el estilo Misiones, que combina naturaleza, experiencias transformadoras y una gastronom\u00eda que conquista\u201d, expres\u00f3 Arr\u00faa. Adem\u00e1s, agradeci\u00f3 a los chefs y emprendedores que llevaron productos regionales.<\/p>\n\n\n\n<p>Durante la jornada se destac\u00f3 la presentaci\u00f3n del <strong>Alto Uruguay<\/strong>, con el <strong>Parque Mocon\u00e1<\/strong> como protagonista, y la campa\u00f1a especial \u201c<strong>Destino Iguaz\u00fa es Invierno<\/strong>\u201d.<\/p>\n\n\n\n<p>El director de Turismo de El Soberbio, <strong>V\u00edctor Motta<\/strong>, resalt\u00f3 la riqueza de la regi\u00f3n y su potencial. \u201cAdem\u00e1s de nuestro atractivo principal, los Saltos del Mocon\u00e1, estamos poniendo en valor lo que producimos: esencias, mermeladas, gastronom\u00eda local. Queremos que el turista se lleve fotos, momentos, sabores e historias de nuestra tierra\u201d, dijo.<\/p>\n\n\n\n<p>Por su parte, el presidente del Ente Municipal de Turismo de Iguaz\u00fa (<strong>Iturem<\/strong>), <strong>Leo Lucas<\/strong>, destac\u00f3 que la ciudad ofrece m\u00e1s de 40 actividades para disfrutar incluso en invierno. \u201cIguaz\u00fa tiene noche, tiene r\u00edo, selva, seguridad y calor humano\u201d, afirm\u00f3.<\/p>\n\n\n\n<p>El secretario nacional, Daniel Scioli, valor\u00f3 el esfuerzo de Misiones por consolidarse como destino tur\u00edstico durante todo el a\u00f1o. Tambi\u00e9n subray\u00f3 el rol del deporte y los eventos como impulsores del turismo.<\/p>\n\n\n\n<p>La presentaci\u00f3n incluy\u00f3 la difusi\u00f3n del sitio web <strong>misiones.tur.ar\/invierno-2025<\/strong>, donde se puede consultar toda la informaci\u00f3n sobre promociones, eventos y actividades del receso invernal.<\/p>\n\n\n\n<p>Finalmente, desde la organizaci\u00f3n remarcaron que la feria <strong>Caminos y Sabores<\/strong> es una gran plataforma para visibilizar el trabajo de productores locales. Tambi\u00e9n permite fomentar la articulaci\u00f3n p\u00fablico-privada y acompa\u00f1ar a nuevos emprendimientos con identidad regional.<\/p>\n\n\n\n<p><\/p>\n","protected":false},"excerpt":{"rendered":"<p>La provincia de Misiones present\u00f3 oficialmente su temporada de invierno 2025 en la feria Caminos y Sabores, que se desarrolla en la ciudad de Buenos Aires. El evento se convirti\u00f3 en una vidriera estrat\u00e9gica para mostrar propuestas tur\u00edsticas, culturales y gastron\u00f3micas, pensadas para las vacaciones de julio. La presentaci\u00f3n estuvo encabezada por el ministro de [&hellip;]<\/p>\n","protected":false},"author":2,"featured_media":0,"comment_status":"open","ping_status":"open","sticky":false,"template":"","format":"standard","meta":{"footnotes":""},"categories":[50],"tags":[3148,2697,278,3144],"class_list":["post-45953","post","type-post","status-publish","format-standard","hentry","category-turismo","tag-caminos","tag-invierno","tag-misiones","tag-temporada"],"yoast_head":"<!-- This site is optimized with the Yoast SEO plugin v27.5 - https:\/\/yoast.com\/product\/yoast-seo-wordpress\/ -->\n<title>Misiones present\u00f3 su invierno 2025 en Caminos y Sabores | CVI NOTICIAS<\/title>\n<meta name=\"description\" content=\"Misiones lanz\u00f3 su temporada de invierno en la feria Caminos y Sabores con destinos, sabores y experiencias \u00fanicas.\" \/>\n<meta name=\"robots\" content=\"index, follow, max-snippet:-1, max-image-preview:large, max-video-preview:-1\" \/>\n<link rel=\"canonical\" href=\"https:\/\/cvinoticias.com\/v3\/misiones-lanzo-su-temporada-de-invierno-en-caminos-y-sabores\/\" \/>\n<meta property=\"og:locale\" content=\"es_ES\" \/>\n<meta property=\"og:type\" content=\"article\" \/>\n<meta property=\"og:title\" content=\"Misiones present\u00f3 su invierno 2025 en Caminos y Sabores | CVI NOTICIAS\" \/>\n<meta property=\"og:description\" content=\"Misiones lanz\u00f3 su temporada de invierno en la feria Caminos y Sabores con destinos, sabores y experiencias \u00fanicas.\" \/>\n<meta property=\"og:url\" content=\"https:\/\/cvinoticias.com\/v3\/misiones-lanzo-su-temporada-de-invierno-en-caminos-y-sabores\/\" \/>\n<meta property=\"og:site_name\" content=\"CVI NOTICIAS\" \/>\n<meta property=\"article:publisher\" content=\"https:\/\/www.facebook.com\/cvinoticias\" \/>\n<meta property=\"article:published_time\" content=\"2025-07-06T00:03:37+00:00\" \/>\n<meta property=\"article:modified_time\" content=\"2025-07-06T00:03:39+00:00\" \/>\n<meta name=\"author\" content=\"f1000024\" \/>\n<meta name=\"twitter:card\" content=\"summary_large_image\" \/>\n<meta name=\"twitter:label1\" content=\"Escrito por\" \/>\n\t<meta name=\"twitter:data1\" content=\"f1000024\" \/>\n\t<meta name=\"twitter:label2\" content=\"Tiempo de lectura\" \/>\n\t<meta name=\"twitter:data2\" content=\"2 minutos\" \/>\n<script type=\"application\/ld+json\" class=\"yoast-schema-graph\">{\"@context\":\"https:\\\/\\\/schema.org\",\"@graph\":[{\"@type\":\"Article\",\"@id\":\"https:\\\/\\\/cvinoticias.com\\\/v3\\\/misiones-lanzo-su-temporada-de-invierno-en-caminos-y-sabores\\\/#article\",\"isPartOf\":{\"@id\":\"https:\\\/\\\/cvinoticias.com\\\/v3\\\/misiones-lanzo-su-temporada-de-invierno-en-caminos-y-sabores\\\/\"},\"author\":{\"name\":\"f1000024\",\"@id\":\"https:\\\/\\\/cvinoticias.com\\\/v3\\\/#\\\/schema\\\/person\\\/2db77e3c6bc03c538495d7b2b8be9b66\"},\"headline\":\"Misiones lanz\u00f3 su temporada de invierno en Caminos y Sabores\",\"datePublished\":\"2025-07-06T00:03:37+00:00\",\"dateModified\":\"2025-07-06T00:03:39+00:00\",\"mainEntityOfPage\":{\"@id\":\"https:\\\/\\\/cvinoticias.com\\\/v3\\\/misiones-lanzo-su-temporada-de-invierno-en-caminos-y-sabores\\\/\"},\"wordCount\":377,\"commentCount\":0,\"publisher\":{\"@id\":\"https:\\\/\\\/cvinoticias.com\\\/v3\\\/#organization\"},\"keywords\":[\"Caminos\",\"invierno\",\"Misiones\",\"temporada\"],\"articleSection\":[\"Turismo\"],\"inLanguage\":\"es\",\"potentialAction\":[{\"@type\":\"CommentAction\",\"name\":\"Comment\",\"target\":[\"https:\\\/\\\/cvinoticias.com\\\/v3\\\/misiones-lanzo-su-temporada-de-invierno-en-caminos-y-sabores\\\/#respond\"]}]},{\"@type\":\"WebPage\",\"@id\":\"https:\\\/\\\/cvinoticias.com\\\/v3\\\/misiones-lanzo-su-temporada-de-invierno-en-caminos-y-sabores\\\/\",\"url\":\"https:\\\/\\\/cvinoticias.com\\\/v3\\\/misiones-lanzo-su-temporada-de-invierno-en-caminos-y-sabores\\\/\",\"name\":\"Misiones present\u00f3 su invierno 2025 en Caminos y Sabores | CVI NOTICIAS\",\"isPartOf\":{\"@id\":\"https:\\\/\\\/cvinoticias.com\\\/v3\\\/#website\"},\"datePublished\":\"2025-07-06T00:03:37+00:00\",\"dateModified\":\"2025-07-06T00:03:39+00:00\",\"description\":\"Misiones lanz\u00f3 su temporada de invierno en la feria Caminos y Sabores con destinos, sabores y experiencias \u00fanicas.\",\"breadcrumb\":{\"@id\":\"https:\\\/\\\/cvinoticias.com\\\/v3\\\/misiones-lanzo-su-temporada-de-invierno-en-caminos-y-sabores\\\/#breadcrumb\"},\"inLanguage\":\"es\",\"potentialAction\":[{\"@type\":\"ReadAction\",\"target\":[\"https:\\\/\\\/cvinoticias.com\\\/v3\\\/misiones-lanzo-su-temporada-de-invierno-en-caminos-y-sabores\\\/\"]}]},{\"@type\":\"BreadcrumbList\",\"@id\":\"https:\\\/\\\/cvinoticias.com\\\/v3\\\/misiones-lanzo-su-temporada-de-invierno-en-caminos-y-sabores\\\/#breadcrumb\",\"itemListElement\":[{\"@type\":\"ListItem\",\"position\":1,\"name\":\"Portada\",\"item\":\"https:\\\/\\\/cvinoticias.com\\\/v3\\\/\"},{\"@type\":\"ListItem\",\"position\":2,\"name\":\"Misiones lanz\u00f3 su temporada de invierno en Caminos y Sabores\"}]},{\"@type\":\"WebSite\",\"@id\":\"https:\\\/\\\/cvinoticias.com\\\/v3\\\/#website\",\"url\":\"https:\\\/\\\/cvinoticias.com\\\/v3\\\/\",\"name\":\"CVI NOTICIAS\",\"description\":\"\",\"publisher\":{\"@id\":\"https:\\\/\\\/cvinoticias.com\\\/v3\\\/#organization\"},\"alternateName\":\"CVI\",\"potentialAction\":[{\"@type\":\"SearchAction\",\"target\":{\"@type\":\"EntryPoint\",\"urlTemplate\":\"https:\\\/\\\/cvinoticias.com\\\/v3\\\/?s={search_term_string}\"},\"query-input\":{\"@type\":\"PropertyValueSpecification\",\"valueRequired\":true,\"valueName\":\"search_term_string\"}}],\"inLanguage\":\"es\"},{\"@type\":\"Organization\",\"@id\":\"https:\\\/\\\/cvinoticias.com\\\/v3\\\/#organization\",\"name\":\"CVI NOTICIAS\",\"url\":\"https:\\\/\\\/cvinoticias.com\\\/v3\\\/\",\"logo\":{\"@type\":\"ImageObject\",\"inLanguage\":\"es\",\"@id\":\"https:\\\/\\\/cvinoticias.com\\\/v3\\\/#\\\/schema\\\/logo\\\/image\\\/\",\"url\":\"https:\\\/\\\/cvinoticias.com\\\/wp-content\\\/uploads\\\/2023\\\/04\\\/cropped-cropped-cropped-cropped-cropped-3-1.png\",\"contentUrl\":\"https:\\\/\\\/cvinoticias.com\\\/wp-content\\\/uploads\\\/2023\\\/04\\\/cropped-cropped-cropped-cropped-cropped-3-1.png\",\"width\":95,\"height\":122,\"caption\":\"CVI NOTICIAS\"},\"image\":{\"@id\":\"https:\\\/\\\/cvinoticias.com\\\/v3\\\/#\\\/schema\\\/logo\\\/image\\\/\"},\"sameAs\":[\"https:\\\/\\\/www.facebook.com\\\/cvinoticias\",\"https:\\\/\\\/www.instagram.com\\\/cvinoticias\\\/\",\"https:\\\/\\\/www.youtube.com\\\/@CVINOTICIAS\"]},{\"@type\":\"Person\",\"@id\":\"https:\\\/\\\/cvinoticias.com\\\/v3\\\/#\\\/schema\\\/person\\\/2db77e3c6bc03c538495d7b2b8be9b66\",\"name\":\"f1000024\",\"image\":{\"@type\":\"ImageObject\",\"inLanguage\":\"es\",\"@id\":\"https:\\\/\\\/secure.gravatar.com\\\/avatar\\\/d4fe7459cfc51ff5129ce1a732bbef5928568b8092d412ef95611616376bbeed?s=96&d=mm&r=g\",\"url\":\"https:\\\/\\\/secure.gravatar.com\\\/avatar\\\/d4fe7459cfc51ff5129ce1a732bbef5928568b8092d412ef95611616376bbeed?s=96&d=mm&r=g\",\"contentUrl\":\"https:\\\/\\\/secure.gravatar.com\\\/avatar\\\/d4fe7459cfc51ff5129ce1a732bbef5928568b8092d412ef95611616376bbeed?s=96&d=mm&r=g\",\"caption\":\"f1000024\"},\"url\":\"https:\\\/\\\/cvinoticias.com\\\/v3\\\/author\\\/f1000024\\\/\"}]}<\/script>\n<!-- \/ Yoast SEO plugin. -->","yoast_head_json":{"title":"Misiones present\u00f3 su invierno 2025 en Caminos y Sabores | CVI NOTICIAS","description":"Misiones lanz\u00f3 su temporada de invierno en la feria Caminos y Sabores con destinos, sabores y experiencias \u00fanicas.","robots":{"index":"index","follow":"follow","max-snippet":"max-snippet:-1","max-image-preview":"max-image-preview:large","max-video-preview":"max-video-preview:-1"},"canonical":"https:\/\/cvinoticias.com\/v3\/misiones-lanzo-su-temporada-de-invierno-en-caminos-y-sabores\/","og_locale":"es_ES","og_type":"article","og_title":"Misiones present\u00f3 su invierno 2025 en Caminos y Sabores | CVI NOTICIAS","og_description":"Misiones lanz\u00f3 su temporada de invierno en la feria Caminos y Sabores con destinos, sabores y experiencias \u00fanicas.","og_url":"https:\/\/cvinoticias.com\/v3\/misiones-lanzo-su-temporada-de-invierno-en-caminos-y-sabores\/","og_site_name":"CVI NOTICIAS","article_publisher":"https:\/\/www.facebook.com\/cvinoticias","article_published_time":"2025-07-06T00:03:37+00:00","article_modified_time":"2025-07-06T00:03:39+00:00","author":"f1000024","twitter_card":"summary_large_image","twitter_misc":{"Escrito por":"f1000024","Tiempo de lectura":"2 minutos"},"schema":{"@context":"https:\/\/schema.org","@graph":[{"@type":"Article","@id":"https:\/\/cvinoticias.com\/v3\/misiones-lanzo-su-temporada-de-invierno-en-caminos-y-sabores\/#article","isPartOf":{"@id":"https:\/\/cvinoticias.com\/v3\/misiones-lanzo-su-temporada-de-invierno-en-caminos-y-sabores\/"},"author":{"name":"f1000024","@id":"https:\/\/cvinoticias.com\/v3\/#\/schema\/person\/2db77e3c6bc03c538495d7b2b8be9b66"},"headline":"Misiones lanz\u00f3 su temporada de invierno en Caminos y Sabores","datePublished":"2025-07-06T00:03:37+00:00","dateModified":"2025-07-06T00:03:39+00:00","mainEntityOfPage":{"@id":"https:\/\/cvinoticias.com\/v3\/misiones-lanzo-su-temporada-de-invierno-en-caminos-y-sabores\/"},"wordCount":377,"commentCount":0,"publisher":{"@id":"https:\/\/cvinoticias.com\/v3\/#organization"},"keywords":["Caminos","invierno","Misiones","temporada"],"articleSection":["Turismo"],"inLanguage":"es","potentialAction":[{"@type":"CommentAction","name":"Comment","target":["https:\/\/cvinoticias.com\/v3\/misiones-lanzo-su-temporada-de-invierno-en-caminos-y-sabores\/#respond"]}]},{"@type":"WebPage","@id":"https:\/\/cvinoticias.com\/v3\/misiones-lanzo-su-temporada-de-invierno-en-caminos-y-sabores\/","url":"https:\/\/cvinoticias.com\/v3\/misiones-lanzo-su-temporada-de-invierno-en-caminos-y-sabores\/","name":"Misiones present\u00f3 su invierno 2025 en Caminos y Sabores | CVI NOTICIAS","isPartOf":{"@id":"https:\/\/cvinoticias.com\/v3\/#website"},"datePublished":"2025-07-06T00:03:37+00:00","dateModified":"2025-07-06T00:03:39+00:00","description":"Misiones lanz\u00f3 su temporada de invierno en la feria Caminos y Sabores con destinos, sabores y experiencias \u00fanicas.","breadcrumb":{"@id":"https:\/\/cvinoticias.com\/v3\/misiones-lanzo-su-temporada-de-invierno-en-caminos-y-sabores\/#breadcrumb"},"inLanguage":"es","potentialAction":[{"@type":"ReadAction","target":["https:\/\/cvinoticias.com\/v3\/misiones-lanzo-su-temporada-de-invierno-en-caminos-y-sabores\/"]}]},{"@type":"BreadcrumbList","@id":"https:\/\/cvinoticias.com\/v3\/misiones-lanzo-su-temporada-de-invierno-en-caminos-y-sabores\/#breadcrumb","itemListElement":[{"@type":"ListItem","position":1,"name":"Portada","item":"https:\/\/cvinoticias.com\/v3\/"},{"@type":"ListItem","position":2,"name":"Misiones lanz\u00f3 su temporada de invierno en Caminos y Sabores"}]},{"@type":"WebSite","@id":"https:\/\/cvinoticias.com\/v3\/#website","url":"https:\/\/cvinoticias.com\/v3\/","name":"CVI NOTICIAS","description":"","publisher":{"@id":"https:\/\/cvinoticias.com\/v3\/#organization"},"alternateName":"CVI","potentialAction":[{"@type":"SearchAction","target":{"@type":"EntryPoint","urlTemplate":"https:\/\/cvinoticias.com\/v3\/?s={search_term_string}"},"query-input":{"@type":"PropertyValueSpecification","valueRequired":true,"valueName":"search_term_string"}}],"inLanguage":"es"},{"@type":"Organization","@id":"https:\/\/cvinoticias.com\/v3\/#organization","name":"CVI NOTICIAS","url":"https:\/\/cvinoticias.com\/v3\/","logo":{"@type":"ImageObject","inLanguage":"es","@id":"https:\/\/cvinoticias.com\/v3\/#\/schema\/logo\/image\/","url":"https:\/\/cvinoticias.com\/wp-content\/uploads\/2023\/04\/cropped-cropped-cropped-cropped-cropped-3-1.png","contentUrl":"https:\/\/cvinoticias.com\/wp-content\/uploads\/2023\/04\/cropped-cropped-cropped-cropped-cropped-3-1.png","width":95,"height":122,"caption":"CVI NOTICIAS"},"image":{"@id":"https:\/\/cvinoticias.com\/v3\/#\/schema\/logo\/image\/"},"sameAs":["https:\/\/www.facebook.com\/cvinoticias","https:\/\/www.instagram.com\/cvinoticias\/","https:\/\/www.youtube.com\/@CVINOTICIAS"]},{"@type":"Person","@id":"https:\/\/cvinoticias.com\/v3\/#\/schema\/person\/2db77e3c6bc03c538495d7b2b8be9b66","name":"f1000024","image":{"@type":"ImageObject","inLanguage":"es","@id":"https:\/\/secure.gravatar.com\/avatar\/d4fe7459cfc51ff5129ce1a732bbef5928568b8092d412ef95611616376bbeed?s=96&d=mm&r=g","url":"https:\/\/secure.gravatar.com\/avatar\/d4fe7459cfc51ff5129ce1a732bbef5928568b8092d412ef95611616376bbeed?s=96&d=mm&r=g","contentUrl":"https:\/\/secure.gravatar.com\/avatar\/d4fe7459cfc51ff5129ce1a732bbef5928568b8092d412ef95611616376bbeed?s=96&d=mm&r=g","caption":"f1000024"},"url":"https:\/\/cvinoticias.com\/v3\/author\/f1000024\/"}]}},"_links":{"self":[{"href":"https:\/\/cvinoticias.com\/v3\/wp-json\/wp\/v2\/posts\/45953","targetHints":{"allow":["GET"]}}],"collection":[{"href":"https:\/\/cvinoticias.com\/v3\/wp-json\/wp\/v2\/posts"}],"about":[{"href":"https:\/\/cvinoticias.com\/v3\/wp-json\/wp\/v2\/types\/post"}],"author":[{"embeddable":true,"href":"https:\/\/cvinoticias.com\/v3\/wp-json\/wp\/v2\/users\/2"}],"replies":[{"embeddable":true,"href":"https:\/\/cvinoticias.com\/v3\/wp-json\/wp\/v2\/comments?post=45953"}],"version-history":[{"count":1,"href":"https:\/\/cvinoticias.com\/v3\/wp-json\/wp\/v2\/posts\/45953\/revisions"}],"predecessor-version":[{"id":45954,"href":"https:\/\/cvinoticias.com\/v3\/wp-json\/wp\/v2\/posts\/45953\/revisions\/45954"}],"wp:attachment":[{"href":"https:\/\/cvinoticias.com\/v3\/wp-json\/wp\/v2\/media?parent=45953"}],"wp:term":[{"taxonomy":"category","embeddable":true,"href":"https:\/\/cvinoticias.com\/v3\/wp-json\/wp\/v2\/categories?post=45953"},{"taxonomy":"post_tag","embeddable":true,"href":"https:\/\/cvinoticias.com\/v3\/wp-json\/wp\/v2\/tags?post=45953"}],"curies":[{"name":"wp","href":"https:\/\/api.w.org\/{rel}","templated":true}]}}