{"id":45830,"date":"2025-07-03T10:50:53","date_gmt":"2025-07-03T13:50:53","guid":{"rendered":"https:\/\/cvinoticias.com\/v3\/?p=45830"},"modified":"2025-07-03T11:32:59","modified_gmt":"2025-07-03T14:32:59","slug":"salud-se-desarrollo-el-encuentro-conexiones-ado-para-la-atencion-de-adolescentes","status":"publish","type":"post","link":"https:\/\/cvinoticias.com\/v3\/salud-se-desarrollo-el-encuentro-conexiones-ado-para-la-atencion-de-adolescentes\/","title":{"rendered":"Salud: se desarroll\u00f3 el encuentro Conexiones Ado para la atenci\u00f3n de adolescentes"},"content":{"rendered":"\n<p>El pasado martes 1 de julio, en el Sal\u00f3n Dos Constituciones de la C\u00e1mara de Representantes de Misiones, se llev\u00f3 a cabo un encuentro para compartir estrategias y lineamientos enfocados en la atenci\u00f3n adolescente, bajo la tem\u00e1tica \u201cConexiones Ado: estrategias para el abordaje en la consulta\u201d. El programa est\u00e1 coordinado por el Programa de Salud Integral Adolescente del Ministerio de Salud P\u00fablica.<\/p>\n\n\n\n<p>La apertura estuvo a cargo del vicepresidente primero de la C\u00e1mara de Representantes, Dr. Mart\u00edn Cesino; el Subsecretario de Salud, Dr. H\u00e9ctor Proeza; y la coordinadora del programa, Lic. Nadia Lunge.<\/p>\n\n\n\n<p>Con el objetivo de intercambiar experiencias, conocimientos y responder a demandas actuales, el programa logr\u00f3 incorporar servicios de salud mental y ampliar el equipo de profesionales. Ahora incluye trabajadores sociales, nutricionistas y psic\u00f3logos que abordan inquietudes desde la perspectiva adolescente, principalmente en temas sociales, aceptaciones y proyectos de vida. Tambi\u00e9n se trabaja el aspecto de salud sexual con ginec\u00f3logos, obstetras y m\u00e9dicos generalistas que atienden integralmente a los j\u00f3venes, explic\u00f3 el Subsecretario Proeza.<\/p>\n\n\n\n<p>El encuentro cont\u00f3 con un panel de profesionales sanitarios que disertaron sobre puntos clave para fortalecer los servicios dirigidos a la poblaci\u00f3n adolescente. La responsable del programa, Nadia Lunge, abord\u00f3 los principios fundamentales para la atenci\u00f3n: reconocimiento de derechos, promoci\u00f3n de la salud integral y fomento de la participaci\u00f3n activa de los adolescentes en su propio cuidado.<\/p>\n\n\n\n<p>Como segundo expositor, el Coordinador Provincial del Programa SUMAR+, Cristian Cristaldo, present\u00f3 los ejes para fortalecer el acceso de calidad a la atenci\u00f3n adolescente.<\/p>\n\n\n\n<p>La Directora de la Direcci\u00f3n Provincial de Calidad y Seguridad del Paciente, Tania Panasiuk, destac\u00f3 el rol activo y protag\u00f3nico que deben tener los adolescentes en la salud, tanto en el \u00e1mbito hospitalario como en la sociedad.<\/p>\n\n\n\n<p>Por \u00faltimo, desde la Direcci\u00f3n de Salud Mental, Cecilia Castillo detall\u00f3 el abordaje integral para la prevenci\u00f3n del suicidio en adolescentes.<\/p>\n\n\n\n<p>El vicepresidente de la C\u00e1mara de Representantes valor\u00f3 la contribuci\u00f3n de estas herramientas para el cuidado de los j\u00f3venes misioneros, que brindan un modelo de gesti\u00f3n, atenci\u00f3n y calidad. Por su parte, la coordinadora del programa agradeci\u00f3 el compromiso de los equipos sanitarios, que permiti\u00f3 la apertura de 18 espacios destinados exclusivamente a la atenci\u00f3n adolescente.<\/p>\n","protected":false},"excerpt":{"rendered":"<p>El pasado martes 1 de julio, en el Sal\u00f3n Dos Constituciones de la C\u00e1mara de Representantes de Misiones, se llev\u00f3 a cabo un encuentro para compartir estrategias y lineamientos enfocados en la atenci\u00f3n adolescente, bajo la tem\u00e1tica \u201cConexiones Ado: estrategias para el abordaje en la consulta\u201d. El programa est\u00e1 coordinado por el Programa de Salud [&hellip;]<\/p>\n","protected":false},"author":2,"featured_media":45831,"comment_status":"open","ping_status":"open","sticky":false,"template":"","format":"standard","meta":{"footnotes":""},"categories":[22],"tags":[3111,830,2701,3110],"class_list":["post-45830","post","type-post","status-publish","format-standard","has-post-thumbnail","hentry","category-salud","tag-ado","tag-adolescentes","tag-atencion","tag-conexiones"],"yoast_head":"<!-- This site is optimized with the Yoast SEO plugin v27.5 - https:\/\/yoast.com\/product\/yoast-seo-wordpress\/ -->\n<title>Conexiones Ado: encuentro por la salud adolescente en Misiones | CVI NOTICIAS<\/title>\n<meta name=\"description\" content=\"El 1 de julio se realiz\u00f3 en Misiones el encuentro Conexiones Ado para fortalecer la atenci\u00f3n integral de adolescentes.\" \/>\n<meta name=\"robots\" content=\"index, follow, max-snippet:-1, max-image-preview:large, max-video-preview:-1\" \/>\n<link rel=\"canonical\" href=\"https:\/\/cvinoticias.com\/v3\/salud-se-desarrollo-el-encuentro-conexiones-ado-para-la-atencion-de-adolescentes\/\" \/>\n<meta property=\"og:locale\" content=\"es_ES\" \/>\n<meta property=\"og:type\" content=\"article\" \/>\n<meta property=\"og:title\" content=\"Conexiones Ado: encuentro por la salud adolescente en Misiones | CVI NOTICIAS\" \/>\n<meta property=\"og:description\" content=\"El 1 de julio se realiz\u00f3 en Misiones el encuentro Conexiones Ado para fortalecer la atenci\u00f3n integral de adolescentes.\" \/>\n<meta property=\"og:url\" content=\"https:\/\/cvinoticias.com\/v3\/salud-se-desarrollo-el-encuentro-conexiones-ado-para-la-atencion-de-adolescentes\/\" \/>\n<meta property=\"og:site_name\" content=\"CVI NOTICIAS\" \/>\n<meta property=\"article:publisher\" content=\"https:\/\/www.facebook.com\/cvinoticias\" \/>\n<meta property=\"article:published_time\" content=\"2025-07-03T13:50:53+00:00\" \/>\n<meta property=\"article:modified_time\" content=\"2025-07-03T14:32:59+00:00\" \/>\n<meta property=\"og:image\" content=\"https:\/\/cvinoticias.com\/wp-content\/uploads\/2025\/07\/RESUMEN-2-7-4.jpeg\" \/>\n\t<meta property=\"og:image:width\" content=\"800\" \/>\n\t<meta property=\"og:image:height\" content=\"533\" \/>\n\t<meta property=\"og:image:type\" content=\"image\/jpeg\" \/>\n<meta name=\"author\" content=\"f1000024\" \/>\n<meta name=\"twitter:card\" content=\"summary_large_image\" \/>\n<meta name=\"twitter:label1\" content=\"Escrito por\" \/>\n\t<meta name=\"twitter:data1\" content=\"f1000024\" \/>\n\t<meta name=\"twitter:label2\" content=\"Tiempo de lectura\" \/>\n\t<meta name=\"twitter:data2\" content=\"2 minutos\" \/>\n<script type=\"application\/ld+json\" class=\"yoast-schema-graph\">{\"@context\":\"https:\\\/\\\/schema.org\",\"@graph\":[{\"@type\":\"Article\",\"@id\":\"https:\\\/\\\/cvinoticias.com\\\/v3\\\/salud-se-desarrollo-el-encuentro-conexiones-ado-para-la-atencion-de-adolescentes\\\/#article\",\"isPartOf\":{\"@id\":\"https:\\\/\\\/cvinoticias.com\\\/v3\\\/salud-se-desarrollo-el-encuentro-conexiones-ado-para-la-atencion-de-adolescentes\\\/\"},\"author\":{\"name\":\"f1000024\",\"@id\":\"https:\\\/\\\/cvinoticias.com\\\/v3\\\/#\\\/schema\\\/person\\\/2db77e3c6bc03c538495d7b2b8be9b66\"},\"headline\":\"Salud: se desarroll\u00f3 el encuentro Conexiones Ado para la atenci\u00f3n de adolescentes\",\"datePublished\":\"2025-07-03T13:50:53+00:00\",\"dateModified\":\"2025-07-03T14:32:59+00:00\",\"mainEntityOfPage\":{\"@id\":\"https:\\\/\\\/cvinoticias.com\\\/v3\\\/salud-se-desarrollo-el-encuentro-conexiones-ado-para-la-atencion-de-adolescentes\\\/\"},\"wordCount\":400,\"commentCount\":0,\"publisher\":{\"@id\":\"https:\\\/\\\/cvinoticias.com\\\/v3\\\/#organization\"},\"image\":{\"@id\":\"https:\\\/\\\/cvinoticias.com\\\/v3\\\/salud-se-desarrollo-el-encuentro-conexiones-ado-para-la-atencion-de-adolescentes\\\/#primaryimage\"},\"thumbnailUrl\":\"https:\\\/\\\/cvinoticias.com\\\/wp-content\\\/uploads\\\/2025\\\/07\\\/RESUMEN-2-7-4.jpeg\",\"keywords\":[\"Ado\",\"Adolescentes\",\"atenci\u00f3n\",\"Conexiones\"],\"articleSection\":[\"Salud\"],\"inLanguage\":\"es\",\"potentialAction\":[{\"@type\":\"CommentAction\",\"name\":\"Comment\",\"target\":[\"https:\\\/\\\/cvinoticias.com\\\/v3\\\/salud-se-desarrollo-el-encuentro-conexiones-ado-para-la-atencion-de-adolescentes\\\/#respond\"]}]},{\"@type\":\"WebPage\",\"@id\":\"https:\\\/\\\/cvinoticias.com\\\/v3\\\/salud-se-desarrollo-el-encuentro-conexiones-ado-para-la-atencion-de-adolescentes\\\/\",\"url\":\"https:\\\/\\\/cvinoticias.com\\\/v3\\\/salud-se-desarrollo-el-encuentro-conexiones-ado-para-la-atencion-de-adolescentes\\\/\",\"name\":\"Conexiones Ado: encuentro por la salud adolescente en Misiones | CVI NOTICIAS\",\"isPartOf\":{\"@id\":\"https:\\\/\\\/cvinoticias.com\\\/v3\\\/#website\"},\"primaryImageOfPage\":{\"@id\":\"https:\\\/\\\/cvinoticias.com\\\/v3\\\/salud-se-desarrollo-el-encuentro-conexiones-ado-para-la-atencion-de-adolescentes\\\/#primaryimage\"},\"image\":{\"@id\":\"https:\\\/\\\/cvinoticias.com\\\/v3\\\/salud-se-desarrollo-el-encuentro-conexiones-ado-para-la-atencion-de-adolescentes\\\/#primaryimage\"},\"thumbnailUrl\":\"https:\\\/\\\/cvinoticias.com\\\/wp-content\\\/uploads\\\/2025\\\/07\\\/RESUMEN-2-7-4.jpeg\",\"datePublished\":\"2025-07-03T13:50:53+00:00\",\"dateModified\":\"2025-07-03T14:32:59+00:00\",\"description\":\"El 1 de julio se realiz\u00f3 en Misiones el encuentro Conexiones Ado para fortalecer la atenci\u00f3n integral de adolescentes.\",\"breadcrumb\":{\"@id\":\"https:\\\/\\\/cvinoticias.com\\\/v3\\\/salud-se-desarrollo-el-encuentro-conexiones-ado-para-la-atencion-de-adolescentes\\\/#breadcrumb\"},\"inLanguage\":\"es\",\"potentialAction\":[{\"@type\":\"ReadAction\",\"target\":[\"https:\\\/\\\/cvinoticias.com\\\/v3\\\/salud-se-desarrollo-el-encuentro-conexiones-ado-para-la-atencion-de-adolescentes\\\/\"]}]},{\"@type\":\"ImageObject\",\"inLanguage\":\"es\",\"@id\":\"https:\\\/\\\/cvinoticias.com\\\/v3\\\/salud-se-desarrollo-el-encuentro-conexiones-ado-para-la-atencion-de-adolescentes\\\/#primaryimage\",\"url\":\"https:\\\/\\\/cvinoticias.com\\\/wp-content\\\/uploads\\\/2025\\\/07\\\/RESUMEN-2-7-4.jpeg\",\"contentUrl\":\"https:\\\/\\\/cvinoticias.com\\\/wp-content\\\/uploads\\\/2025\\\/07\\\/RESUMEN-2-7-4.jpeg\",\"width\":800,\"height\":533},{\"@type\":\"BreadcrumbList\",\"@id\":\"https:\\\/\\\/cvinoticias.com\\\/v3\\\/salud-se-desarrollo-el-encuentro-conexiones-ado-para-la-atencion-de-adolescentes\\\/#breadcrumb\",\"itemListElement\":[{\"@type\":\"ListItem\",\"position\":1,\"name\":\"Portada\",\"item\":\"https:\\\/\\\/cvinoticias.com\\\/v3\\\/\"},{\"@type\":\"ListItem\",\"position\":2,\"name\":\"Salud: se desarroll\u00f3 el encuentro Conexiones Ado para la atenci\u00f3n de adolescentes\"}]},{\"@type\":\"WebSite\",\"@id\":\"https:\\\/\\\/cvinoticias.com\\\/v3\\\/#website\",\"url\":\"https:\\\/\\\/cvinoticias.com\\\/v3\\\/\",\"name\":\"CVI NOTICIAS\",\"description\":\"\",\"publisher\":{\"@id\":\"https:\\\/\\\/cvinoticias.com\\\/v3\\\/#organization\"},\"alternateName\":\"CVI\",\"potentialAction\":[{\"@type\":\"SearchAction\",\"target\":{\"@type\":\"EntryPoint\",\"urlTemplate\":\"https:\\\/\\\/cvinoticias.com\\\/v3\\\/?s={search_term_string}\"},\"query-input\":{\"@type\":\"PropertyValueSpecification\",\"valueRequired\":true,\"valueName\":\"search_term_string\"}}],\"inLanguage\":\"es\"},{\"@type\":\"Organization\",\"@id\":\"https:\\\/\\\/cvinoticias.com\\\/v3\\\/#organization\",\"name\":\"CVI NOTICIAS\",\"url\":\"https:\\\/\\\/cvinoticias.com\\\/v3\\\/\",\"logo\":{\"@type\":\"ImageObject\",\"inLanguage\":\"es\",\"@id\":\"https:\\\/\\\/cvinoticias.com\\\/v3\\\/#\\\/schema\\\/logo\\\/image\\\/\",\"url\":\"https:\\\/\\\/cvinoticias.com\\\/wp-content\\\/uploads\\\/2023\\\/04\\\/cropped-cropped-cropped-cropped-cropped-3-1.png\",\"contentUrl\":\"https:\\\/\\\/cvinoticias.com\\\/wp-content\\\/uploads\\\/2023\\\/04\\\/cropped-cropped-cropped-cropped-cropped-3-1.png\",\"width\":95,\"height\":122,\"caption\":\"CVI NOTICIAS\"},\"image\":{\"@id\":\"https:\\\/\\\/cvinoticias.com\\\/v3\\\/#\\\/schema\\\/logo\\\/image\\\/\"},\"sameAs\":[\"https:\\\/\\\/www.facebook.com\\\/cvinoticias\",\"https:\\\/\\\/www.instagram.com\\\/cvinoticias\\\/\",\"https:\\\/\\\/www.youtube.com\\\/@CVINOTICIAS\"]},{\"@type\":\"Person\",\"@id\":\"https:\\\/\\\/cvinoticias.com\\\/v3\\\/#\\\/schema\\\/person\\\/2db77e3c6bc03c538495d7b2b8be9b66\",\"name\":\"f1000024\",\"image\":{\"@type\":\"ImageObject\",\"inLanguage\":\"es\",\"@id\":\"https:\\\/\\\/secure.gravatar.com\\\/avatar\\\/d4fe7459cfc51ff5129ce1a732bbef5928568b8092d412ef95611616376bbeed?s=96&d=mm&r=g\",\"url\":\"https:\\\/\\\/secure.gravatar.com\\\/avatar\\\/d4fe7459cfc51ff5129ce1a732bbef5928568b8092d412ef95611616376bbeed?s=96&d=mm&r=g\",\"contentUrl\":\"https:\\\/\\\/secure.gravatar.com\\\/avatar\\\/d4fe7459cfc51ff5129ce1a732bbef5928568b8092d412ef95611616376bbeed?s=96&d=mm&r=g\",\"caption\":\"f1000024\"},\"url\":\"https:\\\/\\\/cvinoticias.com\\\/v3\\\/author\\\/f1000024\\\/\"}]}<\/script>\n<!-- \/ Yoast SEO plugin. -->","yoast_head_json":{"title":"Conexiones Ado: encuentro por la salud adolescente en Misiones | CVI NOTICIAS","description":"El 1 de julio se realiz\u00f3 en Misiones el encuentro Conexiones Ado para fortalecer la atenci\u00f3n integral de adolescentes.","robots":{"index":"index","follow":"follow","max-snippet":"max-snippet:-1","max-image-preview":"max-image-preview:large","max-video-preview":"max-video-preview:-1"},"canonical":"https:\/\/cvinoticias.com\/v3\/salud-se-desarrollo-el-encuentro-conexiones-ado-para-la-atencion-de-adolescentes\/","og_locale":"es_ES","og_type":"article","og_title":"Conexiones Ado: encuentro por la salud adolescente en Misiones | CVI NOTICIAS","og_description":"El 1 de julio se realiz\u00f3 en Misiones el encuentro Conexiones Ado para fortalecer la atenci\u00f3n integral de adolescentes.","og_url":"https:\/\/cvinoticias.com\/v3\/salud-se-desarrollo-el-encuentro-conexiones-ado-para-la-atencion-de-adolescentes\/","og_site_name":"CVI NOTICIAS","article_publisher":"https:\/\/www.facebook.com\/cvinoticias","article_published_time":"2025-07-03T13:50:53+00:00","article_modified_time":"2025-07-03T14:32:59+00:00","og_image":[{"width":800,"height":533,"url":"https:\/\/cvinoticias.com\/wp-content\/uploads\/2025\/07\/RESUMEN-2-7-4.jpeg","type":"image\/jpeg"}],"author":"f1000024","twitter_card":"summary_large_image","twitter_misc":{"Escrito por":"f1000024","Tiempo de lectura":"2 minutos"},"schema":{"@context":"https:\/\/schema.org","@graph":[{"@type":"Article","@id":"https:\/\/cvinoticias.com\/v3\/salud-se-desarrollo-el-encuentro-conexiones-ado-para-la-atencion-de-adolescentes\/#article","isPartOf":{"@id":"https:\/\/cvinoticias.com\/v3\/salud-se-desarrollo-el-encuentro-conexiones-ado-para-la-atencion-de-adolescentes\/"},"author":{"name":"f1000024","@id":"https:\/\/cvinoticias.com\/v3\/#\/schema\/person\/2db77e3c6bc03c538495d7b2b8be9b66"},"headline":"Salud: se desarroll\u00f3 el encuentro Conexiones Ado para la atenci\u00f3n de adolescentes","datePublished":"2025-07-03T13:50:53+00:00","dateModified":"2025-07-03T14:32:59+00:00","mainEntityOfPage":{"@id":"https:\/\/cvinoticias.com\/v3\/salud-se-desarrollo-el-encuentro-conexiones-ado-para-la-atencion-de-adolescentes\/"},"wordCount":400,"commentCount":0,"publisher":{"@id":"https:\/\/cvinoticias.com\/v3\/#organization"},"image":{"@id":"https:\/\/cvinoticias.com\/v3\/salud-se-desarrollo-el-encuentro-conexiones-ado-para-la-atencion-de-adolescentes\/#primaryimage"},"thumbnailUrl":"https:\/\/cvinoticias.com\/wp-content\/uploads\/2025\/07\/RESUMEN-2-7-4.jpeg","keywords":["Ado","Adolescentes","atenci\u00f3n","Conexiones"],"articleSection":["Salud"],"inLanguage":"es","potentialAction":[{"@type":"CommentAction","name":"Comment","target":["https:\/\/cvinoticias.com\/v3\/salud-se-desarrollo-el-encuentro-conexiones-ado-para-la-atencion-de-adolescentes\/#respond"]}]},{"@type":"WebPage","@id":"https:\/\/cvinoticias.com\/v3\/salud-se-desarrollo-el-encuentro-conexiones-ado-para-la-atencion-de-adolescentes\/","url":"https:\/\/cvinoticias.com\/v3\/salud-se-desarrollo-el-encuentro-conexiones-ado-para-la-atencion-de-adolescentes\/","name":"Conexiones Ado: encuentro por la salud adolescente en Misiones | CVI NOTICIAS","isPartOf":{"@id":"https:\/\/cvinoticias.com\/v3\/#website"},"primaryImageOfPage":{"@id":"https:\/\/cvinoticias.com\/v3\/salud-se-desarrollo-el-encuentro-conexiones-ado-para-la-atencion-de-adolescentes\/#primaryimage"},"image":{"@id":"https:\/\/cvinoticias.com\/v3\/salud-se-desarrollo-el-encuentro-conexiones-ado-para-la-atencion-de-adolescentes\/#primaryimage"},"thumbnailUrl":"https:\/\/cvinoticias.com\/wp-content\/uploads\/2025\/07\/RESUMEN-2-7-4.jpeg","datePublished":"2025-07-03T13:50:53+00:00","dateModified":"2025-07-03T14:32:59+00:00","description":"El 1 de julio se realiz\u00f3 en Misiones el encuentro Conexiones Ado para fortalecer la atenci\u00f3n integral de adolescentes.","breadcrumb":{"@id":"https:\/\/cvinoticias.com\/v3\/salud-se-desarrollo-el-encuentro-conexiones-ado-para-la-atencion-de-adolescentes\/#breadcrumb"},"inLanguage":"es","potentialAction":[{"@type":"ReadAction","target":["https:\/\/cvinoticias.com\/v3\/salud-se-desarrollo-el-encuentro-conexiones-ado-para-la-atencion-de-adolescentes\/"]}]},{"@type":"ImageObject","inLanguage":"es","@id":"https:\/\/cvinoticias.com\/v3\/salud-se-desarrollo-el-encuentro-conexiones-ado-para-la-atencion-de-adolescentes\/#primaryimage","url":"https:\/\/cvinoticias.com\/wp-content\/uploads\/2025\/07\/RESUMEN-2-7-4.jpeg","contentUrl":"https:\/\/cvinoticias.com\/wp-content\/uploads\/2025\/07\/RESUMEN-2-7-4.jpeg","width":800,"height":533},{"@type":"BreadcrumbList","@id":"https:\/\/cvinoticias.com\/v3\/salud-se-desarrollo-el-encuentro-conexiones-ado-para-la-atencion-de-adolescentes\/#breadcrumb","itemListElement":[{"@type":"ListItem","position":1,"name":"Portada","item":"https:\/\/cvinoticias.com\/v3\/"},{"@type":"ListItem","position":2,"name":"Salud: se desarroll\u00f3 el encuentro Conexiones Ado para la atenci\u00f3n de adolescentes"}]},{"@type":"WebSite","@id":"https:\/\/cvinoticias.com\/v3\/#website","url":"https:\/\/cvinoticias.com\/v3\/","name":"CVI NOTICIAS","description":"","publisher":{"@id":"https:\/\/cvinoticias.com\/v3\/#organization"},"alternateName":"CVI","potentialAction":[{"@type":"SearchAction","target":{"@type":"EntryPoint","urlTemplate":"https:\/\/cvinoticias.com\/v3\/?s={search_term_string}"},"query-input":{"@type":"PropertyValueSpecification","valueRequired":true,"valueName":"search_term_string"}}],"inLanguage":"es"},{"@type":"Organization","@id":"https:\/\/cvinoticias.com\/v3\/#organization","name":"CVI NOTICIAS","url":"https:\/\/cvinoticias.com\/v3\/","logo":{"@type":"ImageObject","inLanguage":"es","@id":"https:\/\/cvinoticias.com\/v3\/#\/schema\/logo\/image\/","url":"https:\/\/cvinoticias.com\/wp-content\/uploads\/2023\/04\/cropped-cropped-cropped-cropped-cropped-3-1.png","contentUrl":"https:\/\/cvinoticias.com\/wp-content\/uploads\/2023\/04\/cropped-cropped-cropped-cropped-cropped-3-1.png","width":95,"height":122,"caption":"CVI NOTICIAS"},"image":{"@id":"https:\/\/cvinoticias.com\/v3\/#\/schema\/logo\/image\/"},"sameAs":["https:\/\/www.facebook.com\/cvinoticias","https:\/\/www.instagram.com\/cvinoticias\/","https:\/\/www.youtube.com\/@CVINOTICIAS"]},{"@type":"Person","@id":"https:\/\/cvinoticias.com\/v3\/#\/schema\/person\/2db77e3c6bc03c538495d7b2b8be9b66","name":"f1000024","image":{"@type":"ImageObject","inLanguage":"es","@id":"https:\/\/secure.gravatar.com\/avatar\/d4fe7459cfc51ff5129ce1a732bbef5928568b8092d412ef95611616376bbeed?s=96&d=mm&r=g","url":"https:\/\/secure.gravatar.com\/avatar\/d4fe7459cfc51ff5129ce1a732bbef5928568b8092d412ef95611616376bbeed?s=96&d=mm&r=g","contentUrl":"https:\/\/secure.gravatar.com\/avatar\/d4fe7459cfc51ff5129ce1a732bbef5928568b8092d412ef95611616376bbeed?s=96&d=mm&r=g","caption":"f1000024"},"url":"https:\/\/cvinoticias.com\/v3\/author\/f1000024\/"}]}},"_links":{"self":[{"href":"https:\/\/cvinoticias.com\/v3\/wp-json\/wp\/v2\/posts\/45830","targetHints":{"allow":["GET"]}}],"collection":[{"href":"https:\/\/cvinoticias.com\/v3\/wp-json\/wp\/v2\/posts"}],"about":[{"href":"https:\/\/cvinoticias.com\/v3\/wp-json\/wp\/v2\/types\/post"}],"author":[{"embeddable":true,"href":"https:\/\/cvinoticias.com\/v3\/wp-json\/wp\/v2\/users\/2"}],"replies":[{"embeddable":true,"href":"https:\/\/cvinoticias.com\/v3\/wp-json\/wp\/v2\/comments?post=45830"}],"version-history":[{"count":1,"href":"https:\/\/cvinoticias.com\/v3\/wp-json\/wp\/v2\/posts\/45830\/revisions"}],"predecessor-version":[{"id":45832,"href":"https:\/\/cvinoticias.com\/v3\/wp-json\/wp\/v2\/posts\/45830\/revisions\/45832"}],"wp:featuredmedia":[{"embeddable":true,"href":"https:\/\/cvinoticias.com\/v3\/wp-json\/wp\/v2\/media\/45831"}],"wp:attachment":[{"href":"https:\/\/cvinoticias.com\/v3\/wp-json\/wp\/v2\/media?parent=45830"}],"wp:term":[{"taxonomy":"category","embeddable":true,"href":"https:\/\/cvinoticias.com\/v3\/wp-json\/wp\/v2\/categories?post=45830"},{"taxonomy":"post_tag","embeddable":true,"href":"https:\/\/cvinoticias.com\/v3\/wp-json\/wp\/v2\/tags?post=45830"}],"curies":[{"name":"wp","href":"https:\/\/api.w.org\/{rel}","templated":true}]}}