{"id":4582,"date":"2021-04-26T20:50:07","date_gmt":"2021-04-26T20:50:07","guid":{"rendered":"https:\/\/cvinoticias.com\/v3\/?p=4582"},"modified":"2021-04-26T20:50:07","modified_gmt":"2021-04-26T20:50:07","slug":"docentes-haran-un-nuevo-paro-por-72-hs-los-dias-28-29-y-30-de-abril","status":"publish","type":"post","link":"https:\/\/cvinoticias.com\/v3\/docentes-haran-un-nuevo-paro-por-72-hs-los-dias-28-29-y-30-de-abril\/","title":{"rendered":"Docentes har\u00e1n un nuevo paro por 72 hs los d\u00edas 28, 29 y 30 de abril"},"content":{"rendered":"\n<p><strong><em>Los trabajadores de la educaci\u00f3n misionera nucleados bajo la Mesa Provincial de Lucha Docente anunciaron otra semana con paros y protestas<\/em><\/strong><\/p>\n\n\n\n<p>La mesa de lucha est\u00e1 integrada por los gremios MPL, UDNAM, UTEM, ATE Docentes, Tribuna Docente, Corriente Conti Santoro, Marea Blanca y Docentes Autoconvocados.<\/p>\n\n\n\n<p>La semana comienza con una nueva jornada de paro por 72hs sin asistencia a las escuelas, los d\u00edas mi\u00e9rcoles 28, jueves 29 y viernes 30 de abril. En estos tres d\u00edas de paro, los autoconvocados anunciaron movilizaciones en toda la Provincia.<\/p>\n\n\n\n<p>Hasta el momento, a pesar de los paros, marchas y cortes de ruta, no hubo ning\u00fan llamado por parte de las autoridades provinciales y educativas, para negociar el reclamo de los disidentes.<\/p>\n\n\n\n<p>Esto seg\u00fan lo acordado en la Asamblea realizada la semana pasada en Puerto Esperanza, habr\u00e1 movilizaciones en distintos lugares de la provincia.<\/p>\n\n\n\n<p>C\u00f3mo medida de fuerza en la zona norte se realizar\u00e1 manifestaciones sobre la Ruta Nacional 12,  por parte de los educadores de esta parte del territorio provincial (actividades a confirmar).<\/p>\n\n\n\n<p>Para el \u00faltimo d\u00eda de protesta, el d\u00eda viernes 30 de de abril, se espera una gran convocatoria de docentes en el Peaje Santa Ana, donde cortar\u00e1n la Ruta Nacional 12 en ese lugar. La medida iniciar\u00e1 por la ma\u00f1ana y continuar\u00e1 por la tarde, para despu\u00e9s permitir el paso de veh\u00edculos con barrera levantada en dicho puesto de peaje.<\/p>\n\n\n\n<p>Los trabajadores de la educaci\u00f3n de los gremios disidentes y Autoconvocados, siguen reclamando al Gobierno Provincial una recomposici\u00f3n del salario b\u00e1sico docente en $18.600,77, la modificaci\u00f3n del c\u00f3digo 923, modificaci\u00f3n de la ley de grilla salarial docente, presencialidad segura (con escuelas en condiciones edilicias)<\/p>\n\n\n\n<p>Provisi\u00f3n constante de elementos sanitizantes, en el contexto complejo epidemiol\u00f3gico de pandemia Covid-19 en Misiones. Tambi\u00e9n insisten en que el Estado Provincial garantice un cronograma serio de vacunaci\u00f3n para el sector docente.<\/p>\n\n\n\n<p>Estiman que el porcentaje de docentes adheridos al paro en la \u00faltima semana, fue muy alto alcanzando una cifra que ronda el 85% nuevamente. Hay gran expectativa por superar este n\u00famero de adhesi\u00f3n en estas tres nuevas jornadas de protesta ya que el acatamiento a la huelga viene en aumento.<\/p>\n","protected":false},"excerpt":{"rendered":"<p>Los trabajadores de la educaci\u00f3n misionera nucleados bajo la Mesa Provincial de Lucha Docente anunciaron otra semana con paros y protestas La mesa de lucha est\u00e1 integrada por los gremios MPL, UDNAM, UTEM, ATE Docentes, Tribuna Docente, Corriente Conti Santoro, Marea Blanca y Docentes Autoconvocados. La semana comienza con una nueva jornada de paro por [&hellip;]<\/p>\n","protected":false},"author":2,"featured_media":4583,"comment_status":"open","ping_status":"open","sticky":false,"template":"","format":"standard","meta":{"footnotes":""},"categories":[26],"tags":[],"class_list":["post-4582","post","type-post","status-publish","format-standard","has-post-thumbnail","hentry","category-educacion"],"yoast_head":"<!-- This site is optimized with the Yoast SEO plugin v27.5 - https:\/\/yoast.com\/product\/yoast-seo-wordpress\/ -->\n<title>Docentes har\u00e1n un nuevo paro por 72 hs los d\u00edas 28, 29 y 30 de abril | CVI NOTICIAS<\/title>\n<meta name=\"robots\" content=\"index, follow, max-snippet:-1, max-image-preview:large, max-video-preview:-1\" \/>\n<link rel=\"canonical\" href=\"https:\/\/cvinoticias.com\/v3\/docentes-haran-un-nuevo-paro-por-72-hs-los-dias-28-29-y-30-de-abril\/\" \/>\n<meta property=\"og:locale\" content=\"es_ES\" \/>\n<meta property=\"og:type\" content=\"article\" \/>\n<meta property=\"og:title\" content=\"Docentes har\u00e1n un nuevo paro por 72 hs los d\u00edas 28, 29 y 30 de abril | CVI NOTICIAS\" \/>\n<meta property=\"og:description\" content=\"Los trabajadores de la educaci\u00f3n misionera nucleados bajo la Mesa Provincial de Lucha Docente anunciaron otra semana con paros y protestas La mesa de lucha est\u00e1 integrada por los gremios MPL, UDNAM, UTEM, ATE Docentes, Tribuna Docente, Corriente Conti Santoro, Marea Blanca y Docentes Autoconvocados. La semana comienza con una nueva jornada de paro por [&hellip;]\" \/>\n<meta property=\"og:url\" content=\"https:\/\/cvinoticias.com\/v3\/docentes-haran-un-nuevo-paro-por-72-hs-los-dias-28-29-y-30-de-abril\/\" \/>\n<meta property=\"og:site_name\" content=\"CVI NOTICIAS\" \/>\n<meta property=\"article:publisher\" content=\"https:\/\/www.facebook.com\/cvinoticias\" \/>\n<meta property=\"article:published_time\" content=\"2021-04-26T20:50:07+00:00\" \/>\n<meta property=\"og:image\" content=\"https:\/\/cvinoticias.com\/wp-content\/uploads\/2021\/04\/IMG-20210421-WA0081.jpg\" \/>\n\t<meta property=\"og:image:width\" content=\"1032\" \/>\n\t<meta property=\"og:image:height\" content=\"774\" \/>\n\t<meta property=\"og:image:type\" content=\"image\/jpeg\" \/>\n<meta name=\"author\" content=\"f1000024\" \/>\n<meta name=\"twitter:card\" content=\"summary_large_image\" \/>\n<meta name=\"twitter:label1\" content=\"Escrito por\" \/>\n\t<meta name=\"twitter:data1\" content=\"f1000024\" \/>\n\t<meta name=\"twitter:label2\" content=\"Tiempo de lectura\" \/>\n\t<meta name=\"twitter:data2\" content=\"2 minutos\" \/>\n<script type=\"application\/ld+json\" class=\"yoast-schema-graph\">{\"@context\":\"https:\\\/\\\/schema.org\",\"@graph\":[{\"@type\":\"Article\",\"@id\":\"https:\\\/\\\/cvinoticias.com\\\/v3\\\/docentes-haran-un-nuevo-paro-por-72-hs-los-dias-28-29-y-30-de-abril\\\/#article\",\"isPartOf\":{\"@id\":\"https:\\\/\\\/cvinoticias.com\\\/v3\\\/docentes-haran-un-nuevo-paro-por-72-hs-los-dias-28-29-y-30-de-abril\\\/\"},\"author\":{\"name\":\"f1000024\",\"@id\":\"https:\\\/\\\/cvinoticias.com\\\/v3\\\/#\\\/schema\\\/person\\\/2db77e3c6bc03c538495d7b2b8be9b66\"},\"headline\":\"Docentes har\u00e1n un nuevo paro por 72 hs los d\u00edas 28, 29 y 30 de abril\",\"datePublished\":\"2021-04-26T20:50:07+00:00\",\"mainEntityOfPage\":{\"@id\":\"https:\\\/\\\/cvinoticias.com\\\/v3\\\/docentes-haran-un-nuevo-paro-por-72-hs-los-dias-28-29-y-30-de-abril\\\/\"},\"wordCount\":386,\"commentCount\":1,\"publisher\":{\"@id\":\"https:\\\/\\\/cvinoticias.com\\\/v3\\\/#organization\"},\"image\":{\"@id\":\"https:\\\/\\\/cvinoticias.com\\\/v3\\\/docentes-haran-un-nuevo-paro-por-72-hs-los-dias-28-29-y-30-de-abril\\\/#primaryimage\"},\"thumbnailUrl\":\"https:\\\/\\\/cvinoticias.com\\\/wp-content\\\/uploads\\\/2021\\\/04\\\/IMG-20210421-WA0081.jpg\",\"articleSection\":[\"Educacion\"],\"inLanguage\":\"es\",\"potentialAction\":[{\"@type\":\"CommentAction\",\"name\":\"Comment\",\"target\":[\"https:\\\/\\\/cvinoticias.com\\\/v3\\\/docentes-haran-un-nuevo-paro-por-72-hs-los-dias-28-29-y-30-de-abril\\\/#respond\"]}]},{\"@type\":\"WebPage\",\"@id\":\"https:\\\/\\\/cvinoticias.com\\\/v3\\\/docentes-haran-un-nuevo-paro-por-72-hs-los-dias-28-29-y-30-de-abril\\\/\",\"url\":\"https:\\\/\\\/cvinoticias.com\\\/v3\\\/docentes-haran-un-nuevo-paro-por-72-hs-los-dias-28-29-y-30-de-abril\\\/\",\"name\":\"Docentes har\u00e1n un nuevo paro por 72 hs los d\u00edas 28, 29 y 30 de abril | CVI NOTICIAS\",\"isPartOf\":{\"@id\":\"https:\\\/\\\/cvinoticias.com\\\/v3\\\/#website\"},\"primaryImageOfPage\":{\"@id\":\"https:\\\/\\\/cvinoticias.com\\\/v3\\\/docentes-haran-un-nuevo-paro-por-72-hs-los-dias-28-29-y-30-de-abril\\\/#primaryimage\"},\"image\":{\"@id\":\"https:\\\/\\\/cvinoticias.com\\\/v3\\\/docentes-haran-un-nuevo-paro-por-72-hs-los-dias-28-29-y-30-de-abril\\\/#primaryimage\"},\"thumbnailUrl\":\"https:\\\/\\\/cvinoticias.com\\\/wp-content\\\/uploads\\\/2021\\\/04\\\/IMG-20210421-WA0081.jpg\",\"datePublished\":\"2021-04-26T20:50:07+00:00\",\"breadcrumb\":{\"@id\":\"https:\\\/\\\/cvinoticias.com\\\/v3\\\/docentes-haran-un-nuevo-paro-por-72-hs-los-dias-28-29-y-30-de-abril\\\/#breadcrumb\"},\"inLanguage\":\"es\",\"potentialAction\":[{\"@type\":\"ReadAction\",\"target\":[\"https:\\\/\\\/cvinoticias.com\\\/v3\\\/docentes-haran-un-nuevo-paro-por-72-hs-los-dias-28-29-y-30-de-abril\\\/\"]}]},{\"@type\":\"ImageObject\",\"inLanguage\":\"es\",\"@id\":\"https:\\\/\\\/cvinoticias.com\\\/v3\\\/docentes-haran-un-nuevo-paro-por-72-hs-los-dias-28-29-y-30-de-abril\\\/#primaryimage\",\"url\":\"https:\\\/\\\/cvinoticias.com\\\/wp-content\\\/uploads\\\/2021\\\/04\\\/IMG-20210421-WA0081.jpg\",\"contentUrl\":\"https:\\\/\\\/cvinoticias.com\\\/wp-content\\\/uploads\\\/2021\\\/04\\\/IMG-20210421-WA0081.jpg\",\"width\":1032,\"height\":774},{\"@type\":\"BreadcrumbList\",\"@id\":\"https:\\\/\\\/cvinoticias.com\\\/v3\\\/docentes-haran-un-nuevo-paro-por-72-hs-los-dias-28-29-y-30-de-abril\\\/#breadcrumb\",\"itemListElement\":[{\"@type\":\"ListItem\",\"position\":1,\"name\":\"Portada\",\"item\":\"https:\\\/\\\/cvinoticias.com\\\/v3\\\/\"},{\"@type\":\"ListItem\",\"position\":2,\"name\":\"Docentes har\u00e1n un nuevo paro por 72 hs los d\u00edas 28, 29 y 30 de abril\"}]},{\"@type\":\"WebSite\",\"@id\":\"https:\\\/\\\/cvinoticias.com\\\/v3\\\/#website\",\"url\":\"https:\\\/\\\/cvinoticias.com\\\/v3\\\/\",\"name\":\"CVI NOTICIAS\",\"description\":\"\",\"publisher\":{\"@id\":\"https:\\\/\\\/cvinoticias.com\\\/v3\\\/#organization\"},\"alternateName\":\"CVI\",\"potentialAction\":[{\"@type\":\"SearchAction\",\"target\":{\"@type\":\"EntryPoint\",\"urlTemplate\":\"https:\\\/\\\/cvinoticias.com\\\/v3\\\/?s={search_term_string}\"},\"query-input\":{\"@type\":\"PropertyValueSpecification\",\"valueRequired\":true,\"valueName\":\"search_term_string\"}}],\"inLanguage\":\"es\"},{\"@type\":\"Organization\",\"@id\":\"https:\\\/\\\/cvinoticias.com\\\/v3\\\/#organization\",\"name\":\"CVI NOTICIAS\",\"url\":\"https:\\\/\\\/cvinoticias.com\\\/v3\\\/\",\"logo\":{\"@type\":\"ImageObject\",\"inLanguage\":\"es\",\"@id\":\"https:\\\/\\\/cvinoticias.com\\\/v3\\\/#\\\/schema\\\/logo\\\/image\\\/\",\"url\":\"https:\\\/\\\/cvinoticias.com\\\/wp-content\\\/uploads\\\/2023\\\/04\\\/cropped-cropped-cropped-cropped-cropped-3-1.png\",\"contentUrl\":\"https:\\\/\\\/cvinoticias.com\\\/wp-content\\\/uploads\\\/2023\\\/04\\\/cropped-cropped-cropped-cropped-cropped-3-1.png\",\"width\":95,\"height\":122,\"caption\":\"CVI NOTICIAS\"},\"image\":{\"@id\":\"https:\\\/\\\/cvinoticias.com\\\/v3\\\/#\\\/schema\\\/logo\\\/image\\\/\"},\"sameAs\":[\"https:\\\/\\\/www.facebook.com\\\/cvinoticias\",\"https:\\\/\\\/www.instagram.com\\\/cvinoticias\\\/\",\"https:\\\/\\\/www.youtube.com\\\/@CVINOTICIAS\"]},{\"@type\":\"Person\",\"@id\":\"https:\\\/\\\/cvinoticias.com\\\/v3\\\/#\\\/schema\\\/person\\\/2db77e3c6bc03c538495d7b2b8be9b66\",\"name\":\"f1000024\",\"image\":{\"@type\":\"ImageObject\",\"inLanguage\":\"es\",\"@id\":\"https:\\\/\\\/secure.gravatar.com\\\/avatar\\\/d4fe7459cfc51ff5129ce1a732bbef5928568b8092d412ef95611616376bbeed?s=96&d=mm&r=g\",\"url\":\"https:\\\/\\\/secure.gravatar.com\\\/avatar\\\/d4fe7459cfc51ff5129ce1a732bbef5928568b8092d412ef95611616376bbeed?s=96&d=mm&r=g\",\"contentUrl\":\"https:\\\/\\\/secure.gravatar.com\\\/avatar\\\/d4fe7459cfc51ff5129ce1a732bbef5928568b8092d412ef95611616376bbeed?s=96&d=mm&r=g\",\"caption\":\"f1000024\"},\"url\":\"https:\\\/\\\/cvinoticias.com\\\/v3\\\/author\\\/f1000024\\\/\"}]}<\/script>\n<!-- \/ Yoast SEO plugin. -->","yoast_head_json":{"title":"Docentes har\u00e1n un nuevo paro por 72 hs los d\u00edas 28, 29 y 30 de abril | CVI NOTICIAS","robots":{"index":"index","follow":"follow","max-snippet":"max-snippet:-1","max-image-preview":"max-image-preview:large","max-video-preview":"max-video-preview:-1"},"canonical":"https:\/\/cvinoticias.com\/v3\/docentes-haran-un-nuevo-paro-por-72-hs-los-dias-28-29-y-30-de-abril\/","og_locale":"es_ES","og_type":"article","og_title":"Docentes har\u00e1n un nuevo paro por 72 hs los d\u00edas 28, 29 y 30 de abril | CVI NOTICIAS","og_description":"Los trabajadores de la educaci\u00f3n misionera nucleados bajo la Mesa Provincial de Lucha Docente anunciaron otra semana con paros y protestas La mesa de lucha est\u00e1 integrada por los gremios MPL, UDNAM, UTEM, ATE Docentes, Tribuna Docente, Corriente Conti Santoro, Marea Blanca y Docentes Autoconvocados. La semana comienza con una nueva jornada de paro por [&hellip;]","og_url":"https:\/\/cvinoticias.com\/v3\/docentes-haran-un-nuevo-paro-por-72-hs-los-dias-28-29-y-30-de-abril\/","og_site_name":"CVI NOTICIAS","article_publisher":"https:\/\/www.facebook.com\/cvinoticias","article_published_time":"2021-04-26T20:50:07+00:00","og_image":[{"width":1032,"height":774,"url":"https:\/\/cvinoticias.com\/wp-content\/uploads\/2021\/04\/IMG-20210421-WA0081.jpg","type":"image\/jpeg"}],"author":"f1000024","twitter_card":"summary_large_image","twitter_misc":{"Escrito por":"f1000024","Tiempo de lectura":"2 minutos"},"schema":{"@context":"https:\/\/schema.org","@graph":[{"@type":"Article","@id":"https:\/\/cvinoticias.com\/v3\/docentes-haran-un-nuevo-paro-por-72-hs-los-dias-28-29-y-30-de-abril\/#article","isPartOf":{"@id":"https:\/\/cvinoticias.com\/v3\/docentes-haran-un-nuevo-paro-por-72-hs-los-dias-28-29-y-30-de-abril\/"},"author":{"name":"f1000024","@id":"https:\/\/cvinoticias.com\/v3\/#\/schema\/person\/2db77e3c6bc03c538495d7b2b8be9b66"},"headline":"Docentes har\u00e1n un nuevo paro por 72 hs los d\u00edas 28, 29 y 30 de abril","datePublished":"2021-04-26T20:50:07+00:00","mainEntityOfPage":{"@id":"https:\/\/cvinoticias.com\/v3\/docentes-haran-un-nuevo-paro-por-72-hs-los-dias-28-29-y-30-de-abril\/"},"wordCount":386,"commentCount":1,"publisher":{"@id":"https:\/\/cvinoticias.com\/v3\/#organization"},"image":{"@id":"https:\/\/cvinoticias.com\/v3\/docentes-haran-un-nuevo-paro-por-72-hs-los-dias-28-29-y-30-de-abril\/#primaryimage"},"thumbnailUrl":"https:\/\/cvinoticias.com\/wp-content\/uploads\/2021\/04\/IMG-20210421-WA0081.jpg","articleSection":["Educacion"],"inLanguage":"es","potentialAction":[{"@type":"CommentAction","name":"Comment","target":["https:\/\/cvinoticias.com\/v3\/docentes-haran-un-nuevo-paro-por-72-hs-los-dias-28-29-y-30-de-abril\/#respond"]}]},{"@type":"WebPage","@id":"https:\/\/cvinoticias.com\/v3\/docentes-haran-un-nuevo-paro-por-72-hs-los-dias-28-29-y-30-de-abril\/","url":"https:\/\/cvinoticias.com\/v3\/docentes-haran-un-nuevo-paro-por-72-hs-los-dias-28-29-y-30-de-abril\/","name":"Docentes har\u00e1n un nuevo paro por 72 hs los d\u00edas 28, 29 y 30 de abril | CVI NOTICIAS","isPartOf":{"@id":"https:\/\/cvinoticias.com\/v3\/#website"},"primaryImageOfPage":{"@id":"https:\/\/cvinoticias.com\/v3\/docentes-haran-un-nuevo-paro-por-72-hs-los-dias-28-29-y-30-de-abril\/#primaryimage"},"image":{"@id":"https:\/\/cvinoticias.com\/v3\/docentes-haran-un-nuevo-paro-por-72-hs-los-dias-28-29-y-30-de-abril\/#primaryimage"},"thumbnailUrl":"https:\/\/cvinoticias.com\/wp-content\/uploads\/2021\/04\/IMG-20210421-WA0081.jpg","datePublished":"2021-04-26T20:50:07+00:00","breadcrumb":{"@id":"https:\/\/cvinoticias.com\/v3\/docentes-haran-un-nuevo-paro-por-72-hs-los-dias-28-29-y-30-de-abril\/#breadcrumb"},"inLanguage":"es","potentialAction":[{"@type":"ReadAction","target":["https:\/\/cvinoticias.com\/v3\/docentes-haran-un-nuevo-paro-por-72-hs-los-dias-28-29-y-30-de-abril\/"]}]},{"@type":"ImageObject","inLanguage":"es","@id":"https:\/\/cvinoticias.com\/v3\/docentes-haran-un-nuevo-paro-por-72-hs-los-dias-28-29-y-30-de-abril\/#primaryimage","url":"https:\/\/cvinoticias.com\/wp-content\/uploads\/2021\/04\/IMG-20210421-WA0081.jpg","contentUrl":"https:\/\/cvinoticias.com\/wp-content\/uploads\/2021\/04\/IMG-20210421-WA0081.jpg","width":1032,"height":774},{"@type":"BreadcrumbList","@id":"https:\/\/cvinoticias.com\/v3\/docentes-haran-un-nuevo-paro-por-72-hs-los-dias-28-29-y-30-de-abril\/#breadcrumb","itemListElement":[{"@type":"ListItem","position":1,"name":"Portada","item":"https:\/\/cvinoticias.com\/v3\/"},{"@type":"ListItem","position":2,"name":"Docentes har\u00e1n un nuevo paro por 72 hs los d\u00edas 28, 29 y 30 de abril"}]},{"@type":"WebSite","@id":"https:\/\/cvinoticias.com\/v3\/#website","url":"https:\/\/cvinoticias.com\/v3\/","name":"CVI NOTICIAS","description":"","publisher":{"@id":"https:\/\/cvinoticias.com\/v3\/#organization"},"alternateName":"CVI","potentialAction":[{"@type":"SearchAction","target":{"@type":"EntryPoint","urlTemplate":"https:\/\/cvinoticias.com\/v3\/?s={search_term_string}"},"query-input":{"@type":"PropertyValueSpecification","valueRequired":true,"valueName":"search_term_string"}}],"inLanguage":"es"},{"@type":"Organization","@id":"https:\/\/cvinoticias.com\/v3\/#organization","name":"CVI NOTICIAS","url":"https:\/\/cvinoticias.com\/v3\/","logo":{"@type":"ImageObject","inLanguage":"es","@id":"https:\/\/cvinoticias.com\/v3\/#\/schema\/logo\/image\/","url":"https:\/\/cvinoticias.com\/wp-content\/uploads\/2023\/04\/cropped-cropped-cropped-cropped-cropped-3-1.png","contentUrl":"https:\/\/cvinoticias.com\/wp-content\/uploads\/2023\/04\/cropped-cropped-cropped-cropped-cropped-3-1.png","width":95,"height":122,"caption":"CVI NOTICIAS"},"image":{"@id":"https:\/\/cvinoticias.com\/v3\/#\/schema\/logo\/image\/"},"sameAs":["https:\/\/www.facebook.com\/cvinoticias","https:\/\/www.instagram.com\/cvinoticias\/","https:\/\/www.youtube.com\/@CVINOTICIAS"]},{"@type":"Person","@id":"https:\/\/cvinoticias.com\/v3\/#\/schema\/person\/2db77e3c6bc03c538495d7b2b8be9b66","name":"f1000024","image":{"@type":"ImageObject","inLanguage":"es","@id":"https:\/\/secure.gravatar.com\/avatar\/d4fe7459cfc51ff5129ce1a732bbef5928568b8092d412ef95611616376bbeed?s=96&d=mm&r=g","url":"https:\/\/secure.gravatar.com\/avatar\/d4fe7459cfc51ff5129ce1a732bbef5928568b8092d412ef95611616376bbeed?s=96&d=mm&r=g","contentUrl":"https:\/\/secure.gravatar.com\/avatar\/d4fe7459cfc51ff5129ce1a732bbef5928568b8092d412ef95611616376bbeed?s=96&d=mm&r=g","caption":"f1000024"},"url":"https:\/\/cvinoticias.com\/v3\/author\/f1000024\/"}]}},"_links":{"self":[{"href":"https:\/\/cvinoticias.com\/v3\/wp-json\/wp\/v2\/posts\/4582","targetHints":{"allow":["GET"]}}],"collection":[{"href":"https:\/\/cvinoticias.com\/v3\/wp-json\/wp\/v2\/posts"}],"about":[{"href":"https:\/\/cvinoticias.com\/v3\/wp-json\/wp\/v2\/types\/post"}],"author":[{"embeddable":true,"href":"https:\/\/cvinoticias.com\/v3\/wp-json\/wp\/v2\/users\/2"}],"replies":[{"embeddable":true,"href":"https:\/\/cvinoticias.com\/v3\/wp-json\/wp\/v2\/comments?post=4582"}],"version-history":[{"count":1,"href":"https:\/\/cvinoticias.com\/v3\/wp-json\/wp\/v2\/posts\/4582\/revisions"}],"predecessor-version":[{"id":4584,"href":"https:\/\/cvinoticias.com\/v3\/wp-json\/wp\/v2\/posts\/4582\/revisions\/4584"}],"wp:featuredmedia":[{"embeddable":true,"href":"https:\/\/cvinoticias.com\/v3\/wp-json\/wp\/v2\/media\/4583"}],"wp:attachment":[{"href":"https:\/\/cvinoticias.com\/v3\/wp-json\/wp\/v2\/media?parent=4582"}],"wp:term":[{"taxonomy":"category","embeddable":true,"href":"https:\/\/cvinoticias.com\/v3\/wp-json\/wp\/v2\/categories?post=4582"},{"taxonomy":"post_tag","embeddable":true,"href":"https:\/\/cvinoticias.com\/v3\/wp-json\/wp\/v2\/tags?post=4582"}],"curies":[{"name":"wp","href":"https:\/\/api.w.org\/{rel}","templated":true}]}}