{"id":4579,"date":"2021-04-26T20:24:09","date_gmt":"2021-04-26T20:24:09","guid":{"rendered":"https:\/\/cvinoticias.com\/v3\/?p=4579"},"modified":"2021-04-26T20:24:09","modified_gmt":"2021-04-26T20:24:09","slug":"docentes-autoconvocados-aclaran-que-no-apoyan-a-ningun-candidato","status":"publish","type":"post","link":"https:\/\/cvinoticias.com\/v3\/docentes-autoconvocados-aclaran-que-no-apoyan-a-ningun-candidato\/","title":{"rendered":"Docentes Autoconvocados aclaran que no apoyan a ning\u00fan candidato"},"content":{"rendered":"\n<p><strong><em>Los\u00a0Trabajadores de la Educaci\u00f3n AUTOCONVOCADOS en lucha, de la Provincia de Misiones informamos a la sociedad en general, ante la proximidad de las elecciones legislativas en nuestra provincia, aclaran que no avalan ni acompa\u00f1an ninguna candidatura de personas, espacios pol\u00edticos y\/o frentes partidarios.<\/em><\/strong><\/p>\n\n\n\n<p><br>\u201cSomos conscientes del derecho y deber c\u00edvico de cada ciudadano de comprometerse y ocupar todos los espacios que permita cambiar esta precaria realidad social y alentamos la participaci\u00f3n democr\u00e1tica. Pero queremos evitar especulaciones y malos entendidos (as\u00ed, tambi\u00e9n, suspicacias) en el posible uso del t\u00e9rmino AUTOCONVOCADOS, que nos define en el Frente de Lucha que conformamos con varios gremios. Y, por ello, evitar que cualquier persona, partido o frente quiera sacar ventaja electoral con algo que manifestamos nuestro desacuerdo a trav\u00e9s del presente comunicado.<\/p>\n\n\n\n<p><br>Somos amplios en nuestra constituci\u00f3n ya que nucleamos docentes de distintos sectores pol\u00edticos, religiosos e inclusive gremiales, eso es lo que enriquece nuestra lucha, buscando los puntos de coincidencias para la recuperaci\u00f3n de nuestro sistema educativo y la dignificaci\u00f3n de nuestro sector\u201d, se\u00f1alaron.<\/p>\n\n\n\n<p><br>\u201cPor ello, alentamos la participaci\u00f3n pol\u00edtico-ciudadana de cualquier trabajador de la educaci\u00f3n, pero sin el t\u00edtulo de AUTOCONVOCADO por las razones explicadas l\u00edneas atr\u00e1s\u201d, finalizaron.<\/p>\n","protected":false},"excerpt":{"rendered":"<p>Los\u00a0Trabajadores de la Educaci\u00f3n AUTOCONVOCADOS en lucha, de la Provincia de Misiones informamos a la sociedad en general, ante la proximidad de las elecciones legislativas en nuestra provincia, aclaran que no avalan ni acompa\u00f1an ninguna candidatura de personas, espacios pol\u00edticos y\/o frentes partidarios. \u201cSomos conscientes del derecho y deber c\u00edvico de cada ciudadano de comprometerse [&hellip;]<\/p>\n","protected":false},"author":2,"featured_media":4580,"comment_status":"open","ping_status":"open","sticky":false,"template":"","format":"standard","meta":{"footnotes":""},"categories":[26],"tags":[],"class_list":["post-4579","post","type-post","status-publish","format-standard","has-post-thumbnail","hentry","category-educacion"],"yoast_head":"<!-- This site is optimized with the Yoast SEO plugin v27.5 - https:\/\/yoast.com\/product\/yoast-seo-wordpress\/ -->\n<title>Docentes Autoconvocados aclaran que no apoyan a ning\u00fan candidato | CVI NOTICIAS<\/title>\n<meta name=\"robots\" content=\"index, follow, max-snippet:-1, max-image-preview:large, max-video-preview:-1\" \/>\n<link rel=\"canonical\" href=\"https:\/\/cvinoticias.com\/v3\/docentes-autoconvocados-aclaran-que-no-apoyan-a-ningun-candidato\/\" \/>\n<meta property=\"og:locale\" content=\"es_ES\" \/>\n<meta property=\"og:type\" content=\"article\" \/>\n<meta property=\"og:title\" content=\"Docentes Autoconvocados aclaran que no apoyan a ning\u00fan candidato | CVI NOTICIAS\" \/>\n<meta property=\"og:description\" content=\"Los\u00a0Trabajadores de la Educaci\u00f3n AUTOCONVOCADOS en lucha, de la Provincia de Misiones informamos a la sociedad en general, ante la proximidad de las elecciones legislativas en nuestra provincia, aclaran que no avalan ni acompa\u00f1an ninguna candidatura de personas, espacios pol\u00edticos y\/o frentes partidarios. \u201cSomos conscientes del derecho y deber c\u00edvico de cada ciudadano de comprometerse [&hellip;]\" \/>\n<meta property=\"og:url\" content=\"https:\/\/cvinoticias.com\/v3\/docentes-autoconvocados-aclaran-que-no-apoyan-a-ningun-candidato\/\" \/>\n<meta property=\"og:site_name\" content=\"CVI NOTICIAS\" \/>\n<meta property=\"article:publisher\" content=\"https:\/\/www.facebook.com\/cvinoticias\" \/>\n<meta property=\"article:published_time\" content=\"2021-04-26T20:24:09+00:00\" \/>\n<meta property=\"og:image\" content=\"https:\/\/cvinoticias.com\/wp-content\/uploads\/2021\/04\/IMG-20210421-WA0092-1.jpg\" \/>\n\t<meta property=\"og:image:width\" content=\"1032\" \/>\n\t<meta property=\"og:image:height\" content=\"774\" \/>\n\t<meta property=\"og:image:type\" content=\"image\/jpeg\" \/>\n<meta name=\"author\" content=\"f1000024\" \/>\n<meta name=\"twitter:card\" content=\"summary_large_image\" \/>\n<meta name=\"twitter:label1\" content=\"Escrito por\" \/>\n\t<meta name=\"twitter:data1\" content=\"f1000024\" \/>\n\t<meta name=\"twitter:label2\" content=\"Tiempo de lectura\" \/>\n\t<meta name=\"twitter:data2\" content=\"1 minuto\" \/>\n<script type=\"application\/ld+json\" class=\"yoast-schema-graph\">{\"@context\":\"https:\\\/\\\/schema.org\",\"@graph\":[{\"@type\":\"Article\",\"@id\":\"https:\\\/\\\/cvinoticias.com\\\/v3\\\/docentes-autoconvocados-aclaran-que-no-apoyan-a-ningun-candidato\\\/#article\",\"isPartOf\":{\"@id\":\"https:\\\/\\\/cvinoticias.com\\\/v3\\\/docentes-autoconvocados-aclaran-que-no-apoyan-a-ningun-candidato\\\/\"},\"author\":{\"name\":\"f1000024\",\"@id\":\"https:\\\/\\\/cvinoticias.com\\\/v3\\\/#\\\/schema\\\/person\\\/2db77e3c6bc03c538495d7b2b8be9b66\"},\"headline\":\"Docentes Autoconvocados aclaran que no apoyan a ning\u00fan candidato\",\"datePublished\":\"2021-04-26T20:24:09+00:00\",\"mainEntityOfPage\":{\"@id\":\"https:\\\/\\\/cvinoticias.com\\\/v3\\\/docentes-autoconvocados-aclaran-que-no-apoyan-a-ningun-candidato\\\/\"},\"wordCount\":227,\"commentCount\":0,\"publisher\":{\"@id\":\"https:\\\/\\\/cvinoticias.com\\\/v3\\\/#organization\"},\"image\":{\"@id\":\"https:\\\/\\\/cvinoticias.com\\\/v3\\\/docentes-autoconvocados-aclaran-que-no-apoyan-a-ningun-candidato\\\/#primaryimage\"},\"thumbnailUrl\":\"https:\\\/\\\/cvinoticias.com\\\/wp-content\\\/uploads\\\/2021\\\/04\\\/IMG-20210421-WA0092-1.jpg\",\"articleSection\":[\"Educacion\"],\"inLanguage\":\"es\",\"potentialAction\":[{\"@type\":\"CommentAction\",\"name\":\"Comment\",\"target\":[\"https:\\\/\\\/cvinoticias.com\\\/v3\\\/docentes-autoconvocados-aclaran-que-no-apoyan-a-ningun-candidato\\\/#respond\"]}]},{\"@type\":\"WebPage\",\"@id\":\"https:\\\/\\\/cvinoticias.com\\\/v3\\\/docentes-autoconvocados-aclaran-que-no-apoyan-a-ningun-candidato\\\/\",\"url\":\"https:\\\/\\\/cvinoticias.com\\\/v3\\\/docentes-autoconvocados-aclaran-que-no-apoyan-a-ningun-candidato\\\/\",\"name\":\"Docentes Autoconvocados aclaran que no apoyan a ning\u00fan candidato | CVI NOTICIAS\",\"isPartOf\":{\"@id\":\"https:\\\/\\\/cvinoticias.com\\\/v3\\\/#website\"},\"primaryImageOfPage\":{\"@id\":\"https:\\\/\\\/cvinoticias.com\\\/v3\\\/docentes-autoconvocados-aclaran-que-no-apoyan-a-ningun-candidato\\\/#primaryimage\"},\"image\":{\"@id\":\"https:\\\/\\\/cvinoticias.com\\\/v3\\\/docentes-autoconvocados-aclaran-que-no-apoyan-a-ningun-candidato\\\/#primaryimage\"},\"thumbnailUrl\":\"https:\\\/\\\/cvinoticias.com\\\/wp-content\\\/uploads\\\/2021\\\/04\\\/IMG-20210421-WA0092-1.jpg\",\"datePublished\":\"2021-04-26T20:24:09+00:00\",\"breadcrumb\":{\"@id\":\"https:\\\/\\\/cvinoticias.com\\\/v3\\\/docentes-autoconvocados-aclaran-que-no-apoyan-a-ningun-candidato\\\/#breadcrumb\"},\"inLanguage\":\"es\",\"potentialAction\":[{\"@type\":\"ReadAction\",\"target\":[\"https:\\\/\\\/cvinoticias.com\\\/v3\\\/docentes-autoconvocados-aclaran-que-no-apoyan-a-ningun-candidato\\\/\"]}]},{\"@type\":\"ImageObject\",\"inLanguage\":\"es\",\"@id\":\"https:\\\/\\\/cvinoticias.com\\\/v3\\\/docentes-autoconvocados-aclaran-que-no-apoyan-a-ningun-candidato\\\/#primaryimage\",\"url\":\"https:\\\/\\\/cvinoticias.com\\\/wp-content\\\/uploads\\\/2021\\\/04\\\/IMG-20210421-WA0092-1.jpg\",\"contentUrl\":\"https:\\\/\\\/cvinoticias.com\\\/wp-content\\\/uploads\\\/2021\\\/04\\\/IMG-20210421-WA0092-1.jpg\",\"width\":1032,\"height\":774},{\"@type\":\"BreadcrumbList\",\"@id\":\"https:\\\/\\\/cvinoticias.com\\\/v3\\\/docentes-autoconvocados-aclaran-que-no-apoyan-a-ningun-candidato\\\/#breadcrumb\",\"itemListElement\":[{\"@type\":\"ListItem\",\"position\":1,\"name\":\"Portada\",\"item\":\"https:\\\/\\\/cvinoticias.com\\\/v3\\\/\"},{\"@type\":\"ListItem\",\"position\":2,\"name\":\"Docentes Autoconvocados aclaran que no apoyan a ning\u00fan candidato\"}]},{\"@type\":\"WebSite\",\"@id\":\"https:\\\/\\\/cvinoticias.com\\\/v3\\\/#website\",\"url\":\"https:\\\/\\\/cvinoticias.com\\\/v3\\\/\",\"name\":\"CVI NOTICIAS\",\"description\":\"\",\"publisher\":{\"@id\":\"https:\\\/\\\/cvinoticias.com\\\/v3\\\/#organization\"},\"alternateName\":\"CVI\",\"potentialAction\":[{\"@type\":\"SearchAction\",\"target\":{\"@type\":\"EntryPoint\",\"urlTemplate\":\"https:\\\/\\\/cvinoticias.com\\\/v3\\\/?s={search_term_string}\"},\"query-input\":{\"@type\":\"PropertyValueSpecification\",\"valueRequired\":true,\"valueName\":\"search_term_string\"}}],\"inLanguage\":\"es\"},{\"@type\":\"Organization\",\"@id\":\"https:\\\/\\\/cvinoticias.com\\\/v3\\\/#organization\",\"name\":\"CVI NOTICIAS\",\"url\":\"https:\\\/\\\/cvinoticias.com\\\/v3\\\/\",\"logo\":{\"@type\":\"ImageObject\",\"inLanguage\":\"es\",\"@id\":\"https:\\\/\\\/cvinoticias.com\\\/v3\\\/#\\\/schema\\\/logo\\\/image\\\/\",\"url\":\"https:\\\/\\\/cvinoticias.com\\\/wp-content\\\/uploads\\\/2023\\\/04\\\/cropped-cropped-cropped-cropped-cropped-3-1.png\",\"contentUrl\":\"https:\\\/\\\/cvinoticias.com\\\/wp-content\\\/uploads\\\/2023\\\/04\\\/cropped-cropped-cropped-cropped-cropped-3-1.png\",\"width\":95,\"height\":122,\"caption\":\"CVI NOTICIAS\"},\"image\":{\"@id\":\"https:\\\/\\\/cvinoticias.com\\\/v3\\\/#\\\/schema\\\/logo\\\/image\\\/\"},\"sameAs\":[\"https:\\\/\\\/www.facebook.com\\\/cvinoticias\",\"https:\\\/\\\/www.instagram.com\\\/cvinoticias\\\/\",\"https:\\\/\\\/www.youtube.com\\\/@CVINOTICIAS\"]},{\"@type\":\"Person\",\"@id\":\"https:\\\/\\\/cvinoticias.com\\\/v3\\\/#\\\/schema\\\/person\\\/2db77e3c6bc03c538495d7b2b8be9b66\",\"name\":\"f1000024\",\"image\":{\"@type\":\"ImageObject\",\"inLanguage\":\"es\",\"@id\":\"https:\\\/\\\/secure.gravatar.com\\\/avatar\\\/d4fe7459cfc51ff5129ce1a732bbef5928568b8092d412ef95611616376bbeed?s=96&d=mm&r=g\",\"url\":\"https:\\\/\\\/secure.gravatar.com\\\/avatar\\\/d4fe7459cfc51ff5129ce1a732bbef5928568b8092d412ef95611616376bbeed?s=96&d=mm&r=g\",\"contentUrl\":\"https:\\\/\\\/secure.gravatar.com\\\/avatar\\\/d4fe7459cfc51ff5129ce1a732bbef5928568b8092d412ef95611616376bbeed?s=96&d=mm&r=g\",\"caption\":\"f1000024\"},\"url\":\"https:\\\/\\\/cvinoticias.com\\\/v3\\\/author\\\/f1000024\\\/\"}]}<\/script>\n<!-- \/ Yoast SEO plugin. -->","yoast_head_json":{"title":"Docentes Autoconvocados aclaran que no apoyan a ning\u00fan candidato | CVI NOTICIAS","robots":{"index":"index","follow":"follow","max-snippet":"max-snippet:-1","max-image-preview":"max-image-preview:large","max-video-preview":"max-video-preview:-1"},"canonical":"https:\/\/cvinoticias.com\/v3\/docentes-autoconvocados-aclaran-que-no-apoyan-a-ningun-candidato\/","og_locale":"es_ES","og_type":"article","og_title":"Docentes Autoconvocados aclaran que no apoyan a ning\u00fan candidato | CVI NOTICIAS","og_description":"Los\u00a0Trabajadores de la Educaci\u00f3n AUTOCONVOCADOS en lucha, de la Provincia de Misiones informamos a la sociedad en general, ante la proximidad de las elecciones legislativas en nuestra provincia, aclaran que no avalan ni acompa\u00f1an ninguna candidatura de personas, espacios pol\u00edticos y\/o frentes partidarios. \u201cSomos conscientes del derecho y deber c\u00edvico de cada ciudadano de comprometerse [&hellip;]","og_url":"https:\/\/cvinoticias.com\/v3\/docentes-autoconvocados-aclaran-que-no-apoyan-a-ningun-candidato\/","og_site_name":"CVI NOTICIAS","article_publisher":"https:\/\/www.facebook.com\/cvinoticias","article_published_time":"2021-04-26T20:24:09+00:00","og_image":[{"width":1032,"height":774,"url":"https:\/\/cvinoticias.com\/wp-content\/uploads\/2021\/04\/IMG-20210421-WA0092-1.jpg","type":"image\/jpeg"}],"author":"f1000024","twitter_card":"summary_large_image","twitter_misc":{"Escrito por":"f1000024","Tiempo de lectura":"1 minuto"},"schema":{"@context":"https:\/\/schema.org","@graph":[{"@type":"Article","@id":"https:\/\/cvinoticias.com\/v3\/docentes-autoconvocados-aclaran-que-no-apoyan-a-ningun-candidato\/#article","isPartOf":{"@id":"https:\/\/cvinoticias.com\/v3\/docentes-autoconvocados-aclaran-que-no-apoyan-a-ningun-candidato\/"},"author":{"name":"f1000024","@id":"https:\/\/cvinoticias.com\/v3\/#\/schema\/person\/2db77e3c6bc03c538495d7b2b8be9b66"},"headline":"Docentes Autoconvocados aclaran que no apoyan a ning\u00fan candidato","datePublished":"2021-04-26T20:24:09+00:00","mainEntityOfPage":{"@id":"https:\/\/cvinoticias.com\/v3\/docentes-autoconvocados-aclaran-que-no-apoyan-a-ningun-candidato\/"},"wordCount":227,"commentCount":0,"publisher":{"@id":"https:\/\/cvinoticias.com\/v3\/#organization"},"image":{"@id":"https:\/\/cvinoticias.com\/v3\/docentes-autoconvocados-aclaran-que-no-apoyan-a-ningun-candidato\/#primaryimage"},"thumbnailUrl":"https:\/\/cvinoticias.com\/wp-content\/uploads\/2021\/04\/IMG-20210421-WA0092-1.jpg","articleSection":["Educacion"],"inLanguage":"es","potentialAction":[{"@type":"CommentAction","name":"Comment","target":["https:\/\/cvinoticias.com\/v3\/docentes-autoconvocados-aclaran-que-no-apoyan-a-ningun-candidato\/#respond"]}]},{"@type":"WebPage","@id":"https:\/\/cvinoticias.com\/v3\/docentes-autoconvocados-aclaran-que-no-apoyan-a-ningun-candidato\/","url":"https:\/\/cvinoticias.com\/v3\/docentes-autoconvocados-aclaran-que-no-apoyan-a-ningun-candidato\/","name":"Docentes Autoconvocados aclaran que no apoyan a ning\u00fan candidato | CVI NOTICIAS","isPartOf":{"@id":"https:\/\/cvinoticias.com\/v3\/#website"},"primaryImageOfPage":{"@id":"https:\/\/cvinoticias.com\/v3\/docentes-autoconvocados-aclaran-que-no-apoyan-a-ningun-candidato\/#primaryimage"},"image":{"@id":"https:\/\/cvinoticias.com\/v3\/docentes-autoconvocados-aclaran-que-no-apoyan-a-ningun-candidato\/#primaryimage"},"thumbnailUrl":"https:\/\/cvinoticias.com\/wp-content\/uploads\/2021\/04\/IMG-20210421-WA0092-1.jpg","datePublished":"2021-04-26T20:24:09+00:00","breadcrumb":{"@id":"https:\/\/cvinoticias.com\/v3\/docentes-autoconvocados-aclaran-que-no-apoyan-a-ningun-candidato\/#breadcrumb"},"inLanguage":"es","potentialAction":[{"@type":"ReadAction","target":["https:\/\/cvinoticias.com\/v3\/docentes-autoconvocados-aclaran-que-no-apoyan-a-ningun-candidato\/"]}]},{"@type":"ImageObject","inLanguage":"es","@id":"https:\/\/cvinoticias.com\/v3\/docentes-autoconvocados-aclaran-que-no-apoyan-a-ningun-candidato\/#primaryimage","url":"https:\/\/cvinoticias.com\/wp-content\/uploads\/2021\/04\/IMG-20210421-WA0092-1.jpg","contentUrl":"https:\/\/cvinoticias.com\/wp-content\/uploads\/2021\/04\/IMG-20210421-WA0092-1.jpg","width":1032,"height":774},{"@type":"BreadcrumbList","@id":"https:\/\/cvinoticias.com\/v3\/docentes-autoconvocados-aclaran-que-no-apoyan-a-ningun-candidato\/#breadcrumb","itemListElement":[{"@type":"ListItem","position":1,"name":"Portada","item":"https:\/\/cvinoticias.com\/v3\/"},{"@type":"ListItem","position":2,"name":"Docentes Autoconvocados aclaran que no apoyan a ning\u00fan candidato"}]},{"@type":"WebSite","@id":"https:\/\/cvinoticias.com\/v3\/#website","url":"https:\/\/cvinoticias.com\/v3\/","name":"CVI NOTICIAS","description":"","publisher":{"@id":"https:\/\/cvinoticias.com\/v3\/#organization"},"alternateName":"CVI","potentialAction":[{"@type":"SearchAction","target":{"@type":"EntryPoint","urlTemplate":"https:\/\/cvinoticias.com\/v3\/?s={search_term_string}"},"query-input":{"@type":"PropertyValueSpecification","valueRequired":true,"valueName":"search_term_string"}}],"inLanguage":"es"},{"@type":"Organization","@id":"https:\/\/cvinoticias.com\/v3\/#organization","name":"CVI NOTICIAS","url":"https:\/\/cvinoticias.com\/v3\/","logo":{"@type":"ImageObject","inLanguage":"es","@id":"https:\/\/cvinoticias.com\/v3\/#\/schema\/logo\/image\/","url":"https:\/\/cvinoticias.com\/wp-content\/uploads\/2023\/04\/cropped-cropped-cropped-cropped-cropped-3-1.png","contentUrl":"https:\/\/cvinoticias.com\/wp-content\/uploads\/2023\/04\/cropped-cropped-cropped-cropped-cropped-3-1.png","width":95,"height":122,"caption":"CVI NOTICIAS"},"image":{"@id":"https:\/\/cvinoticias.com\/v3\/#\/schema\/logo\/image\/"},"sameAs":["https:\/\/www.facebook.com\/cvinoticias","https:\/\/www.instagram.com\/cvinoticias\/","https:\/\/www.youtube.com\/@CVINOTICIAS"]},{"@type":"Person","@id":"https:\/\/cvinoticias.com\/v3\/#\/schema\/person\/2db77e3c6bc03c538495d7b2b8be9b66","name":"f1000024","image":{"@type":"ImageObject","inLanguage":"es","@id":"https:\/\/secure.gravatar.com\/avatar\/d4fe7459cfc51ff5129ce1a732bbef5928568b8092d412ef95611616376bbeed?s=96&d=mm&r=g","url":"https:\/\/secure.gravatar.com\/avatar\/d4fe7459cfc51ff5129ce1a732bbef5928568b8092d412ef95611616376bbeed?s=96&d=mm&r=g","contentUrl":"https:\/\/secure.gravatar.com\/avatar\/d4fe7459cfc51ff5129ce1a732bbef5928568b8092d412ef95611616376bbeed?s=96&d=mm&r=g","caption":"f1000024"},"url":"https:\/\/cvinoticias.com\/v3\/author\/f1000024\/"}]}},"_links":{"self":[{"href":"https:\/\/cvinoticias.com\/v3\/wp-json\/wp\/v2\/posts\/4579","targetHints":{"allow":["GET"]}}],"collection":[{"href":"https:\/\/cvinoticias.com\/v3\/wp-json\/wp\/v2\/posts"}],"about":[{"href":"https:\/\/cvinoticias.com\/v3\/wp-json\/wp\/v2\/types\/post"}],"author":[{"embeddable":true,"href":"https:\/\/cvinoticias.com\/v3\/wp-json\/wp\/v2\/users\/2"}],"replies":[{"embeddable":true,"href":"https:\/\/cvinoticias.com\/v3\/wp-json\/wp\/v2\/comments?post=4579"}],"version-history":[{"count":1,"href":"https:\/\/cvinoticias.com\/v3\/wp-json\/wp\/v2\/posts\/4579\/revisions"}],"predecessor-version":[{"id":4581,"href":"https:\/\/cvinoticias.com\/v3\/wp-json\/wp\/v2\/posts\/4579\/revisions\/4581"}],"wp:featuredmedia":[{"embeddable":true,"href":"https:\/\/cvinoticias.com\/v3\/wp-json\/wp\/v2\/media\/4580"}],"wp:attachment":[{"href":"https:\/\/cvinoticias.com\/v3\/wp-json\/wp\/v2\/media?parent=4579"}],"wp:term":[{"taxonomy":"category","embeddable":true,"href":"https:\/\/cvinoticias.com\/v3\/wp-json\/wp\/v2\/categories?post=4579"},{"taxonomy":"post_tag","embeddable":true,"href":"https:\/\/cvinoticias.com\/v3\/wp-json\/wp\/v2\/tags?post=4579"}],"curies":[{"name":"wp","href":"https:\/\/api.w.org\/{rel}","templated":true}]}}