{"id":45788,"date":"2025-07-03T07:59:35","date_gmt":"2025-07-03T10:59:35","guid":{"rendered":"https:\/\/cvinoticias.com\/v3\/?p=45788"},"modified":"2025-07-03T07:59:36","modified_gmt":"2025-07-03T10:59:36","slug":"jueves-soleado-y-sin-lluvias-se-afianza-la-estabilidad-en-la-region","status":"publish","type":"post","link":"https:\/\/cvinoticias.com\/v3\/jueves-soleado-y-sin-lluvias-se-afianza-la-estabilidad-en-la-region\/","title":{"rendered":"Jueves soleado y sin lluvias: se afianza la estabilidad en la regi\u00f3n"},"content":{"rendered":"\n<p>El tiempo contin\u00faa sin sobresaltos en Misiones este jueves 3 de julio. La provincia atraviesa una etapa de estabilidad meteorol\u00f3gica, con cielos mayormente despejados y temperaturas que, aunque bajas al amanecer, ir\u00e1n en ascenso durante el transcurso del d\u00eda. La masa de aire fr\u00edo que ven\u00eda afectando a la regi\u00f3n se debilita, dando paso a condiciones m\u00e1s templadas hacia el fin de semana.<\/p>\n\n\n\n<p>No se esperan lluvias en ninguna zona del territorio misionero, y la calidad del aire es calificada como buena. Los vientos ser\u00e1n leves, predominando desde el este y con r\u00e1fagas moderadas que podr\u00edan alcanzar los 30 km\/h.<\/p>\n\n\n\n<p>Las marcas t\u00e9rmicas m\u00e1s altas se registrar\u00e1n en Puerto Iguaz\u00fa, con una temperatura m\u00e1xima de 19 \u00b0C. En cambio, el punto m\u00e1s fr\u00edo estar\u00e1 en San Pedro, con una m\u00ednima de apenas 1 \u00b0C y sensaci\u00f3n t\u00e9rmica bajo cero.<\/p>\n\n\n\n<p>Las autoridades recomiendan mantener los cuidados propios de las ma\u00f1anas fr\u00edas, especialmente en personas mayores y ni\u00f1os, y recordaron que el resto de la semana se presentar\u00e1 con caracter\u00edsticas similares: ma\u00f1anas frescas, tardes templadas y sin pron\u00f3stico de lluvia.<\/p>\n","protected":false},"excerpt":{"rendered":"<p>El tiempo contin\u00faa sin sobresaltos en Misiones este jueves 3 de julio. La provincia atraviesa una etapa de estabilidad meteorol\u00f3gica, con cielos mayormente despejados y temperaturas que, aunque bajas al amanecer, ir\u00e1n en ascenso durante el transcurso del d\u00eda. La masa de aire fr\u00edo que ven\u00eda afectando a la regi\u00f3n se debilita, dando paso a [&hellip;]<\/p>\n","protected":false},"author":2,"featured_media":45790,"comment_status":"open","ping_status":"open","sticky":false,"template":"","format":"standard","meta":{"footnotes":""},"categories":[1146],"tags":[1148,278,2090],"class_list":["post-45788","post","type-post","status-publish","format-standard","has-post-thumbnail","hentry","category-tiempo","tag-clima","tag-misiones","tag-pronostico"],"yoast_head":"<!-- This site is optimized with the Yoast SEO plugin v27.5 - https:\/\/yoast.com\/product\/yoast-seo-wordpress\/ -->\n<title>Pron\u00f3stico del tiempo en Misiones: jueves sin lluvias | CVI NOTICIAS<\/title>\n<meta name=\"description\" content=\"Jueves con cielo despejado y sin lluvias en Misiones. Ma\u00f1anas fr\u00edas y tardes templadas en toda la provincia.\" \/>\n<meta name=\"robots\" content=\"index, follow, max-snippet:-1, max-image-preview:large, max-video-preview:-1\" \/>\n<link rel=\"canonical\" href=\"https:\/\/cvinoticias.com\/v3\/jueves-soleado-y-sin-lluvias-se-afianza-la-estabilidad-en-la-region\/\" \/>\n<meta property=\"og:locale\" content=\"es_ES\" \/>\n<meta property=\"og:type\" content=\"article\" \/>\n<meta property=\"og:title\" content=\"Pron\u00f3stico del tiempo en Misiones: jueves sin lluvias | CVI NOTICIAS\" \/>\n<meta property=\"og:description\" content=\"Jueves con cielo despejado y sin lluvias en Misiones. Ma\u00f1anas fr\u00edas y tardes templadas en toda la provincia.\" \/>\n<meta property=\"og:url\" content=\"https:\/\/cvinoticias.com\/v3\/jueves-soleado-y-sin-lluvias-se-afianza-la-estabilidad-en-la-region\/\" \/>\n<meta property=\"og:site_name\" content=\"CVI NOTICIAS\" \/>\n<meta property=\"article:publisher\" content=\"https:\/\/www.facebook.com\/cvinoticias\" \/>\n<meta property=\"article:published_time\" content=\"2025-07-03T10:59:35+00:00\" \/>\n<meta property=\"article:modified_time\" content=\"2025-07-03T10:59:36+00:00\" \/>\n<meta property=\"og:image\" content=\"https:\/\/cvinoticias.com\/wp-content\/uploads\/2025\/07\/FB_IMG_1751540174025.jpg\" \/>\n\t<meta property=\"og:image:width\" content=\"1440\" \/>\n\t<meta property=\"og:image:height\" content=\"1080\" \/>\n\t<meta property=\"og:image:type\" content=\"image\/jpeg\" \/>\n<meta name=\"author\" content=\"f1000024\" \/>\n<meta name=\"twitter:card\" content=\"summary_large_image\" \/>\n<meta name=\"twitter:label1\" content=\"Escrito por\" \/>\n\t<meta name=\"twitter:data1\" content=\"f1000024\" \/>\n\t<meta name=\"twitter:label2\" content=\"Tiempo de lectura\" \/>\n\t<meta name=\"twitter:data2\" content=\"2 minutos\" \/>\n<script type=\"application\/ld+json\" class=\"yoast-schema-graph\">{\"@context\":\"https:\\\/\\\/schema.org\",\"@graph\":[{\"@type\":\"Article\",\"@id\":\"https:\\\/\\\/cvinoticias.com\\\/v3\\\/jueves-soleado-y-sin-lluvias-se-afianza-la-estabilidad-en-la-region\\\/#article\",\"isPartOf\":{\"@id\":\"https:\\\/\\\/cvinoticias.com\\\/v3\\\/jueves-soleado-y-sin-lluvias-se-afianza-la-estabilidad-en-la-region\\\/\"},\"author\":{\"name\":\"f1000024\",\"@id\":\"https:\\\/\\\/cvinoticias.com\\\/v3\\\/#\\\/schema\\\/person\\\/2db77e3c6bc03c538495d7b2b8be9b66\"},\"headline\":\"Jueves soleado y sin lluvias: se afianza la estabilidad en la regi\u00f3n\",\"datePublished\":\"2025-07-03T10:59:35+00:00\",\"dateModified\":\"2025-07-03T10:59:36+00:00\",\"mainEntityOfPage\":{\"@id\":\"https:\\\/\\\/cvinoticias.com\\\/v3\\\/jueves-soleado-y-sin-lluvias-se-afianza-la-estabilidad-en-la-region\\\/\"},\"wordCount\":214,\"commentCount\":0,\"publisher\":{\"@id\":\"https:\\\/\\\/cvinoticias.com\\\/v3\\\/#organization\"},\"image\":{\"@id\":\"https:\\\/\\\/cvinoticias.com\\\/v3\\\/jueves-soleado-y-sin-lluvias-se-afianza-la-estabilidad-en-la-region\\\/#primaryimage\"},\"thumbnailUrl\":\"https:\\\/\\\/cvinoticias.com\\\/wp-content\\\/uploads\\\/2025\\\/07\\\/FB_IMG_1751540174025.jpg\",\"keywords\":[\"Clima\",\"Misiones\",\"Pronostico\"],\"articleSection\":[\"Tiempo\"],\"inLanguage\":\"es\",\"potentialAction\":[{\"@type\":\"CommentAction\",\"name\":\"Comment\",\"target\":[\"https:\\\/\\\/cvinoticias.com\\\/v3\\\/jueves-soleado-y-sin-lluvias-se-afianza-la-estabilidad-en-la-region\\\/#respond\"]}]},{\"@type\":\"WebPage\",\"@id\":\"https:\\\/\\\/cvinoticias.com\\\/v3\\\/jueves-soleado-y-sin-lluvias-se-afianza-la-estabilidad-en-la-region\\\/\",\"url\":\"https:\\\/\\\/cvinoticias.com\\\/v3\\\/jueves-soleado-y-sin-lluvias-se-afianza-la-estabilidad-en-la-region\\\/\",\"name\":\"Pron\u00f3stico del tiempo en Misiones: jueves sin lluvias | CVI NOTICIAS\",\"isPartOf\":{\"@id\":\"https:\\\/\\\/cvinoticias.com\\\/v3\\\/#website\"},\"primaryImageOfPage\":{\"@id\":\"https:\\\/\\\/cvinoticias.com\\\/v3\\\/jueves-soleado-y-sin-lluvias-se-afianza-la-estabilidad-en-la-region\\\/#primaryimage\"},\"image\":{\"@id\":\"https:\\\/\\\/cvinoticias.com\\\/v3\\\/jueves-soleado-y-sin-lluvias-se-afianza-la-estabilidad-en-la-region\\\/#primaryimage\"},\"thumbnailUrl\":\"https:\\\/\\\/cvinoticias.com\\\/wp-content\\\/uploads\\\/2025\\\/07\\\/FB_IMG_1751540174025.jpg\",\"datePublished\":\"2025-07-03T10:59:35+00:00\",\"dateModified\":\"2025-07-03T10:59:36+00:00\",\"description\":\"Jueves con cielo despejado y sin lluvias en Misiones. Ma\u00f1anas fr\u00edas y tardes templadas en toda la provincia.\",\"breadcrumb\":{\"@id\":\"https:\\\/\\\/cvinoticias.com\\\/v3\\\/jueves-soleado-y-sin-lluvias-se-afianza-la-estabilidad-en-la-region\\\/#breadcrumb\"},\"inLanguage\":\"es\",\"potentialAction\":[{\"@type\":\"ReadAction\",\"target\":[\"https:\\\/\\\/cvinoticias.com\\\/v3\\\/jueves-soleado-y-sin-lluvias-se-afianza-la-estabilidad-en-la-region\\\/\"]}]},{\"@type\":\"ImageObject\",\"inLanguage\":\"es\",\"@id\":\"https:\\\/\\\/cvinoticias.com\\\/v3\\\/jueves-soleado-y-sin-lluvias-se-afianza-la-estabilidad-en-la-region\\\/#primaryimage\",\"url\":\"https:\\\/\\\/cvinoticias.com\\\/wp-content\\\/uploads\\\/2025\\\/07\\\/FB_IMG_1751540174025.jpg\",\"contentUrl\":\"https:\\\/\\\/cvinoticias.com\\\/wp-content\\\/uploads\\\/2025\\\/07\\\/FB_IMG_1751540174025.jpg\",\"width\":1440,\"height\":1080},{\"@type\":\"BreadcrumbList\",\"@id\":\"https:\\\/\\\/cvinoticias.com\\\/v3\\\/jueves-soleado-y-sin-lluvias-se-afianza-la-estabilidad-en-la-region\\\/#breadcrumb\",\"itemListElement\":[{\"@type\":\"ListItem\",\"position\":1,\"name\":\"Portada\",\"item\":\"https:\\\/\\\/cvinoticias.com\\\/v3\\\/\"},{\"@type\":\"ListItem\",\"position\":2,\"name\":\"Jueves soleado y sin lluvias: se afianza la estabilidad en la regi\u00f3n\"}]},{\"@type\":\"WebSite\",\"@id\":\"https:\\\/\\\/cvinoticias.com\\\/v3\\\/#website\",\"url\":\"https:\\\/\\\/cvinoticias.com\\\/v3\\\/\",\"name\":\"CVI NOTICIAS\",\"description\":\"\",\"publisher\":{\"@id\":\"https:\\\/\\\/cvinoticias.com\\\/v3\\\/#organization\"},\"alternateName\":\"CVI\",\"potentialAction\":[{\"@type\":\"SearchAction\",\"target\":{\"@type\":\"EntryPoint\",\"urlTemplate\":\"https:\\\/\\\/cvinoticias.com\\\/v3\\\/?s={search_term_string}\"},\"query-input\":{\"@type\":\"PropertyValueSpecification\",\"valueRequired\":true,\"valueName\":\"search_term_string\"}}],\"inLanguage\":\"es\"},{\"@type\":\"Organization\",\"@id\":\"https:\\\/\\\/cvinoticias.com\\\/v3\\\/#organization\",\"name\":\"CVI NOTICIAS\",\"url\":\"https:\\\/\\\/cvinoticias.com\\\/v3\\\/\",\"logo\":{\"@type\":\"ImageObject\",\"inLanguage\":\"es\",\"@id\":\"https:\\\/\\\/cvinoticias.com\\\/v3\\\/#\\\/schema\\\/logo\\\/image\\\/\",\"url\":\"https:\\\/\\\/cvinoticias.com\\\/wp-content\\\/uploads\\\/2023\\\/04\\\/cropped-cropped-cropped-cropped-cropped-3-1.png\",\"contentUrl\":\"https:\\\/\\\/cvinoticias.com\\\/wp-content\\\/uploads\\\/2023\\\/04\\\/cropped-cropped-cropped-cropped-cropped-3-1.png\",\"width\":95,\"height\":122,\"caption\":\"CVI NOTICIAS\"},\"image\":{\"@id\":\"https:\\\/\\\/cvinoticias.com\\\/v3\\\/#\\\/schema\\\/logo\\\/image\\\/\"},\"sameAs\":[\"https:\\\/\\\/www.facebook.com\\\/cvinoticias\",\"https:\\\/\\\/www.instagram.com\\\/cvinoticias\\\/\",\"https:\\\/\\\/www.youtube.com\\\/@CVINOTICIAS\"]},{\"@type\":\"Person\",\"@id\":\"https:\\\/\\\/cvinoticias.com\\\/v3\\\/#\\\/schema\\\/person\\\/2db77e3c6bc03c538495d7b2b8be9b66\",\"name\":\"f1000024\",\"image\":{\"@type\":\"ImageObject\",\"inLanguage\":\"es\",\"@id\":\"https:\\\/\\\/secure.gravatar.com\\\/avatar\\\/d4fe7459cfc51ff5129ce1a732bbef5928568b8092d412ef95611616376bbeed?s=96&d=mm&r=g\",\"url\":\"https:\\\/\\\/secure.gravatar.com\\\/avatar\\\/d4fe7459cfc51ff5129ce1a732bbef5928568b8092d412ef95611616376bbeed?s=96&d=mm&r=g\",\"contentUrl\":\"https:\\\/\\\/secure.gravatar.com\\\/avatar\\\/d4fe7459cfc51ff5129ce1a732bbef5928568b8092d412ef95611616376bbeed?s=96&d=mm&r=g\",\"caption\":\"f1000024\"},\"url\":\"https:\\\/\\\/cvinoticias.com\\\/v3\\\/author\\\/f1000024\\\/\"}]}<\/script>\n<!-- \/ Yoast SEO plugin. -->","yoast_head_json":{"title":"Pron\u00f3stico del tiempo en Misiones: jueves sin lluvias | CVI NOTICIAS","description":"Jueves con cielo despejado y sin lluvias en Misiones. Ma\u00f1anas fr\u00edas y tardes templadas en toda la provincia.","robots":{"index":"index","follow":"follow","max-snippet":"max-snippet:-1","max-image-preview":"max-image-preview:large","max-video-preview":"max-video-preview:-1"},"canonical":"https:\/\/cvinoticias.com\/v3\/jueves-soleado-y-sin-lluvias-se-afianza-la-estabilidad-en-la-region\/","og_locale":"es_ES","og_type":"article","og_title":"Pron\u00f3stico del tiempo en Misiones: jueves sin lluvias | CVI NOTICIAS","og_description":"Jueves con cielo despejado y sin lluvias en Misiones. Ma\u00f1anas fr\u00edas y tardes templadas en toda la provincia.","og_url":"https:\/\/cvinoticias.com\/v3\/jueves-soleado-y-sin-lluvias-se-afianza-la-estabilidad-en-la-region\/","og_site_name":"CVI NOTICIAS","article_publisher":"https:\/\/www.facebook.com\/cvinoticias","article_published_time":"2025-07-03T10:59:35+00:00","article_modified_time":"2025-07-03T10:59:36+00:00","og_image":[{"width":1440,"height":1080,"url":"https:\/\/cvinoticias.com\/wp-content\/uploads\/2025\/07\/FB_IMG_1751540174025.jpg","type":"image\/jpeg"}],"author":"f1000024","twitter_card":"summary_large_image","twitter_misc":{"Escrito por":"f1000024","Tiempo de lectura":"2 minutos"},"schema":{"@context":"https:\/\/schema.org","@graph":[{"@type":"Article","@id":"https:\/\/cvinoticias.com\/v3\/jueves-soleado-y-sin-lluvias-se-afianza-la-estabilidad-en-la-region\/#article","isPartOf":{"@id":"https:\/\/cvinoticias.com\/v3\/jueves-soleado-y-sin-lluvias-se-afianza-la-estabilidad-en-la-region\/"},"author":{"name":"f1000024","@id":"https:\/\/cvinoticias.com\/v3\/#\/schema\/person\/2db77e3c6bc03c538495d7b2b8be9b66"},"headline":"Jueves soleado y sin lluvias: se afianza la estabilidad en la regi\u00f3n","datePublished":"2025-07-03T10:59:35+00:00","dateModified":"2025-07-03T10:59:36+00:00","mainEntityOfPage":{"@id":"https:\/\/cvinoticias.com\/v3\/jueves-soleado-y-sin-lluvias-se-afianza-la-estabilidad-en-la-region\/"},"wordCount":214,"commentCount":0,"publisher":{"@id":"https:\/\/cvinoticias.com\/v3\/#organization"},"image":{"@id":"https:\/\/cvinoticias.com\/v3\/jueves-soleado-y-sin-lluvias-se-afianza-la-estabilidad-en-la-region\/#primaryimage"},"thumbnailUrl":"https:\/\/cvinoticias.com\/wp-content\/uploads\/2025\/07\/FB_IMG_1751540174025.jpg","keywords":["Clima","Misiones","Pronostico"],"articleSection":["Tiempo"],"inLanguage":"es","potentialAction":[{"@type":"CommentAction","name":"Comment","target":["https:\/\/cvinoticias.com\/v3\/jueves-soleado-y-sin-lluvias-se-afianza-la-estabilidad-en-la-region\/#respond"]}]},{"@type":"WebPage","@id":"https:\/\/cvinoticias.com\/v3\/jueves-soleado-y-sin-lluvias-se-afianza-la-estabilidad-en-la-region\/","url":"https:\/\/cvinoticias.com\/v3\/jueves-soleado-y-sin-lluvias-se-afianza-la-estabilidad-en-la-region\/","name":"Pron\u00f3stico del tiempo en Misiones: jueves sin lluvias | CVI NOTICIAS","isPartOf":{"@id":"https:\/\/cvinoticias.com\/v3\/#website"},"primaryImageOfPage":{"@id":"https:\/\/cvinoticias.com\/v3\/jueves-soleado-y-sin-lluvias-se-afianza-la-estabilidad-en-la-region\/#primaryimage"},"image":{"@id":"https:\/\/cvinoticias.com\/v3\/jueves-soleado-y-sin-lluvias-se-afianza-la-estabilidad-en-la-region\/#primaryimage"},"thumbnailUrl":"https:\/\/cvinoticias.com\/wp-content\/uploads\/2025\/07\/FB_IMG_1751540174025.jpg","datePublished":"2025-07-03T10:59:35+00:00","dateModified":"2025-07-03T10:59:36+00:00","description":"Jueves con cielo despejado y sin lluvias en Misiones. Ma\u00f1anas fr\u00edas y tardes templadas en toda la provincia.","breadcrumb":{"@id":"https:\/\/cvinoticias.com\/v3\/jueves-soleado-y-sin-lluvias-se-afianza-la-estabilidad-en-la-region\/#breadcrumb"},"inLanguage":"es","potentialAction":[{"@type":"ReadAction","target":["https:\/\/cvinoticias.com\/v3\/jueves-soleado-y-sin-lluvias-se-afianza-la-estabilidad-en-la-region\/"]}]},{"@type":"ImageObject","inLanguage":"es","@id":"https:\/\/cvinoticias.com\/v3\/jueves-soleado-y-sin-lluvias-se-afianza-la-estabilidad-en-la-region\/#primaryimage","url":"https:\/\/cvinoticias.com\/wp-content\/uploads\/2025\/07\/FB_IMG_1751540174025.jpg","contentUrl":"https:\/\/cvinoticias.com\/wp-content\/uploads\/2025\/07\/FB_IMG_1751540174025.jpg","width":1440,"height":1080},{"@type":"BreadcrumbList","@id":"https:\/\/cvinoticias.com\/v3\/jueves-soleado-y-sin-lluvias-se-afianza-la-estabilidad-en-la-region\/#breadcrumb","itemListElement":[{"@type":"ListItem","position":1,"name":"Portada","item":"https:\/\/cvinoticias.com\/v3\/"},{"@type":"ListItem","position":2,"name":"Jueves soleado y sin lluvias: se afianza la estabilidad en la regi\u00f3n"}]},{"@type":"WebSite","@id":"https:\/\/cvinoticias.com\/v3\/#website","url":"https:\/\/cvinoticias.com\/v3\/","name":"CVI NOTICIAS","description":"","publisher":{"@id":"https:\/\/cvinoticias.com\/v3\/#organization"},"alternateName":"CVI","potentialAction":[{"@type":"SearchAction","target":{"@type":"EntryPoint","urlTemplate":"https:\/\/cvinoticias.com\/v3\/?s={search_term_string}"},"query-input":{"@type":"PropertyValueSpecification","valueRequired":true,"valueName":"search_term_string"}}],"inLanguage":"es"},{"@type":"Organization","@id":"https:\/\/cvinoticias.com\/v3\/#organization","name":"CVI NOTICIAS","url":"https:\/\/cvinoticias.com\/v3\/","logo":{"@type":"ImageObject","inLanguage":"es","@id":"https:\/\/cvinoticias.com\/v3\/#\/schema\/logo\/image\/","url":"https:\/\/cvinoticias.com\/wp-content\/uploads\/2023\/04\/cropped-cropped-cropped-cropped-cropped-3-1.png","contentUrl":"https:\/\/cvinoticias.com\/wp-content\/uploads\/2023\/04\/cropped-cropped-cropped-cropped-cropped-3-1.png","width":95,"height":122,"caption":"CVI NOTICIAS"},"image":{"@id":"https:\/\/cvinoticias.com\/v3\/#\/schema\/logo\/image\/"},"sameAs":["https:\/\/www.facebook.com\/cvinoticias","https:\/\/www.instagram.com\/cvinoticias\/","https:\/\/www.youtube.com\/@CVINOTICIAS"]},{"@type":"Person","@id":"https:\/\/cvinoticias.com\/v3\/#\/schema\/person\/2db77e3c6bc03c538495d7b2b8be9b66","name":"f1000024","image":{"@type":"ImageObject","inLanguage":"es","@id":"https:\/\/secure.gravatar.com\/avatar\/d4fe7459cfc51ff5129ce1a732bbef5928568b8092d412ef95611616376bbeed?s=96&d=mm&r=g","url":"https:\/\/secure.gravatar.com\/avatar\/d4fe7459cfc51ff5129ce1a732bbef5928568b8092d412ef95611616376bbeed?s=96&d=mm&r=g","contentUrl":"https:\/\/secure.gravatar.com\/avatar\/d4fe7459cfc51ff5129ce1a732bbef5928568b8092d412ef95611616376bbeed?s=96&d=mm&r=g","caption":"f1000024"},"url":"https:\/\/cvinoticias.com\/v3\/author\/f1000024\/"}]}},"_links":{"self":[{"href":"https:\/\/cvinoticias.com\/v3\/wp-json\/wp\/v2\/posts\/45788","targetHints":{"allow":["GET"]}}],"collection":[{"href":"https:\/\/cvinoticias.com\/v3\/wp-json\/wp\/v2\/posts"}],"about":[{"href":"https:\/\/cvinoticias.com\/v3\/wp-json\/wp\/v2\/types\/post"}],"author":[{"embeddable":true,"href":"https:\/\/cvinoticias.com\/v3\/wp-json\/wp\/v2\/users\/2"}],"replies":[{"embeddable":true,"href":"https:\/\/cvinoticias.com\/v3\/wp-json\/wp\/v2\/comments?post=45788"}],"version-history":[{"count":1,"href":"https:\/\/cvinoticias.com\/v3\/wp-json\/wp\/v2\/posts\/45788\/revisions"}],"predecessor-version":[{"id":45791,"href":"https:\/\/cvinoticias.com\/v3\/wp-json\/wp\/v2\/posts\/45788\/revisions\/45791"}],"wp:featuredmedia":[{"embeddable":true,"href":"https:\/\/cvinoticias.com\/v3\/wp-json\/wp\/v2\/media\/45790"}],"wp:attachment":[{"href":"https:\/\/cvinoticias.com\/v3\/wp-json\/wp\/v2\/media?parent=45788"}],"wp:term":[{"taxonomy":"category","embeddable":true,"href":"https:\/\/cvinoticias.com\/v3\/wp-json\/wp\/v2\/categories?post=45788"},{"taxonomy":"post_tag","embeddable":true,"href":"https:\/\/cvinoticias.com\/v3\/wp-json\/wp\/v2\/tags?post=45788"}],"curies":[{"name":"wp","href":"https:\/\/api.w.org\/{rel}","templated":true}]}}