{"id":45680,"date":"2025-07-01T09:20:40","date_gmt":"2025-07-01T12:20:40","guid":{"rendered":"https:\/\/cvinoticias.com\/v3\/?p=45680"},"modified":"2025-07-01T09:20:41","modified_gmt":"2025-07-01T12:20:41","slug":"la-actualizacion-del-monotributo-sera-en-julio-y-la-recategorizacion-vencera-en-agosto","status":"publish","type":"post","link":"https:\/\/cvinoticias.com\/v3\/la-actualizacion-del-monotributo-sera-en-julio-y-la-recategorizacion-vencera-en-agosto\/","title":{"rendered":"La actualizaci\u00f3n del monotributo ser\u00e1 en julio y la recategorizaci\u00f3n vencer\u00e1 en agosto"},"content":{"rendered":"\n<p>El&nbsp;<strong>R\u00e9gimen Simplificado para Peque\u00f1os Contribuyentes (Monotributo)<\/strong>&nbsp;luego de las \u00faltimas modificaciones recibidas estableci\u00f3 un mecanismo de actualizaci\u00f3n semestral, lo que llev\u00f3 paralelamente a cambiar las fechas de vencimiento para la recategorizaci\u00f3n de los sujetos adheridos, de corresponder.<\/p>\n\n\n\n<p>En lo que hace a la actualizaci\u00f3n de los par\u00e1metros a considerar, a partir de este a\u00f1o, los mismos se actualizan en los meses de enero y julio de cada a\u00f1o, a cuyos efectos se aplica el coeficiente que surja de la variaci\u00f3n anual del<strong>&nbsp;\u00cdndice de Precios al Consumidor (IPC) que suministre el INDEC<\/strong>, correspondiente al semestre calendario que finalice el mes inmediato anterior al de la actualizaci\u00f3n que se realice.<\/p>\n\n\n\n<p>Ahora bien, de ese mecanismo se desprende que la actualizaci\u00f3n a practicar en el mes de julio necesita conocer el \u00edndice de junio, \u00edndice que reci\u00e9n se conocer\u00e1 en torno al 14 o 15 de julio. Por lo tanto, los valores oficiales se dar\u00e1n a conocer inmediatamente despu\u00e9s de la primera quincena de julio.<\/p>\n\n\n\n<p>Cabe recordar que la actualizaci\u00f3n comprende los montos m\u00e1ximos de facturaci\u00f3n, los montos de alquileres devengados y los importes del impuesto integrado a ingresar, las cotizaciones previsionales, entre otros importes necesarios. A los fines de la recategorizaci\u00f3n se toman en cuenta los par\u00e1metros de los \u00faltimos 12 meses.<\/p>\n\n\n\n<h3 class=\"wp-block-heading\"><strong>Nuevos vencimientos<\/strong><\/h3>\n\n\n\n<p>Como consecuencia del mecanismo de actualizaci\u00f3n estipulado, los tradicionales vencimientos fijados para la recategorizaci\u00f3n los d\u00edas 20 de enero y 20 de julio, pasaron a los d\u00edas 5 de febrero y 5 de agosto.<\/p>\n\n\n\n<p>As\u00ed, el pr\u00f3ximo vencimiento para la recategorizaci\u00f3n operar\u00e1 el 5 de agosto, para lo cual hay que tener en cuenta tambi\u00e9n que el incremento en el impuesto integrado y en el componente previsional que se disponga, ya debe pagarse con el devengado del mes de agosto; es decir en el mismo mes.<\/p>\n\n\n\n<p>El aumento de los componentes impositivo y previsional tambi\u00e9n se aplica desde agosto para aquellos que no tengan la obligaci\u00f3n de recategorizarse.<\/p>\n\n\n\n<h3 class=\"wp-block-heading\"><strong>Recategorizaci\u00f3n simplificada<\/strong><\/h3>\n\n\n\n<p>Dentro del servicio de monotributo de la p\u00e1gina oficial de ARCA, se pone a disposici\u00f3n un r\u00e9gimen de recategorizaci\u00f3n simplificada que muestra al peque\u00f1o contribuyente el monto de facturaci\u00f3n (\u00faltimos 12 meses) y si este est\u00e1 de acuerdo y confirma cambia de categor\u00eda autom\u00e1ticamente. El sitio tiene una gu\u00eda paso a paso para este procedimiento.<\/p>\n\n\n\n<p><em>Fuente: \u00c1mbito.<\/em><\/p>\n\n\n\n<p><\/p>\n","protected":false},"excerpt":{"rendered":"<p>El&nbsp;R\u00e9gimen Simplificado para Peque\u00f1os Contribuyentes (Monotributo)&nbsp;luego de las \u00faltimas modificaciones recibidas estableci\u00f3 un mecanismo de actualizaci\u00f3n semestral, lo que llev\u00f3 paralelamente a cambiar las fechas de vencimiento para la recategorizaci\u00f3n de los sujetos adheridos, de corresponder. En lo que hace a la actualizaci\u00f3n de los par\u00e1metros a considerar, a partir de este a\u00f1o, los mismos [&hellip;]<\/p>\n","protected":false},"author":2,"featured_media":45681,"comment_status":"open","ping_status":"open","sticky":false,"template":"","format":"standard","meta":{"footnotes":""},"categories":[39],"tags":[1027,3063,3064,703],"class_list":["post-45680","post","type-post","status-publish","format-standard","has-post-thumbnail","hentry","category-nacionales","tag-1027","tag-actualizacion","tag-monotributo","tag-recategorizacion"],"yoast_head":"<!-- This site is optimized with the Yoast SEO plugin v27.4 - https:\/\/yoast.com\/product\/yoast-seo-wordpress\/ -->\n<title>Monotributo: actualizaci\u00f3n en julio y recategorizaci\u00f3n en agosto | CVI NOTICIAS<\/title>\n<meta name=\"description\" content=\"El monotributo se actualiza en julio y la recategorizaci\u00f3n vence el 5 de agosto con nuevos valores y fechas.\" \/>\n<meta name=\"robots\" content=\"index, follow, max-snippet:-1, max-image-preview:large, max-video-preview:-1\" \/>\n<link rel=\"canonical\" href=\"https:\/\/cvinoticias.com\/v3\/la-actualizacion-del-monotributo-sera-en-julio-y-la-recategorizacion-vencera-en-agosto\/\" \/>\n<meta property=\"og:locale\" content=\"es_ES\" \/>\n<meta property=\"og:type\" content=\"article\" \/>\n<meta property=\"og:title\" content=\"Monotributo: actualizaci\u00f3n en julio y recategorizaci\u00f3n en agosto | CVI NOTICIAS\" \/>\n<meta property=\"og:description\" content=\"El monotributo se actualiza en julio y la recategorizaci\u00f3n vence el 5 de agosto con nuevos valores y fechas.\" \/>\n<meta property=\"og:url\" content=\"https:\/\/cvinoticias.com\/v3\/la-actualizacion-del-monotributo-sera-en-julio-y-la-recategorizacion-vencera-en-agosto\/\" \/>\n<meta property=\"og:site_name\" content=\"CVI NOTICIAS\" \/>\n<meta property=\"article:publisher\" content=\"https:\/\/www.facebook.com\/cvinoticias\" \/>\n<meta property=\"article:published_time\" content=\"2025-07-01T12:20:40+00:00\" \/>\n<meta property=\"article:modified_time\" content=\"2025-07-01T12:20:41+00:00\" \/>\n<meta property=\"og:image\" content=\"https:\/\/cvinoticias.com\/wp-content\/uploads\/2025\/07\/1751315861275-10083-215227_51_descargaa-1600x1200-1.jpg\" \/>\n\t<meta property=\"og:image:width\" content=\"1600\" \/>\n\t<meta property=\"og:image:height\" content=\"1067\" \/>\n\t<meta property=\"og:image:type\" content=\"image\/jpeg\" \/>\n<meta name=\"author\" content=\"f1000024\" \/>\n<meta name=\"twitter:card\" content=\"summary_large_image\" \/>\n<meta name=\"twitter:label1\" content=\"Escrito por\" \/>\n\t<meta name=\"twitter:data1\" content=\"f1000024\" \/>\n\t<meta name=\"twitter:label2\" content=\"Tiempo de lectura\" \/>\n\t<meta name=\"twitter:data2\" content=\"2 minutos\" \/>\n<script type=\"application\/ld+json\" class=\"yoast-schema-graph\">{\"@context\":\"https:\\\/\\\/schema.org\",\"@graph\":[{\"@type\":\"Article\",\"@id\":\"https:\\\/\\\/cvinoticias.com\\\/v3\\\/la-actualizacion-del-monotributo-sera-en-julio-y-la-recategorizacion-vencera-en-agosto\\\/#article\",\"isPartOf\":{\"@id\":\"https:\\\/\\\/cvinoticias.com\\\/v3\\\/la-actualizacion-del-monotributo-sera-en-julio-y-la-recategorizacion-vencera-en-agosto\\\/\"},\"author\":{\"name\":\"f1000024\",\"@id\":\"https:\\\/\\\/cvinoticias.com\\\/v3\\\/#\\\/schema\\\/person\\\/2db77e3c6bc03c538495d7b2b8be9b66\"},\"headline\":\"La actualizaci\u00f3n del monotributo ser\u00e1 en julio y la recategorizaci\u00f3n vencer\u00e1 en agosto\",\"datePublished\":\"2025-07-01T12:20:40+00:00\",\"dateModified\":\"2025-07-01T12:20:41+00:00\",\"mainEntityOfPage\":{\"@id\":\"https:\\\/\\\/cvinoticias.com\\\/v3\\\/la-actualizacion-del-monotributo-sera-en-julio-y-la-recategorizacion-vencera-en-agosto\\\/\"},\"wordCount\":428,\"commentCount\":0,\"publisher\":{\"@id\":\"https:\\\/\\\/cvinoticias.com\\\/v3\\\/#organization\"},\"image\":{\"@id\":\"https:\\\/\\\/cvinoticias.com\\\/v3\\\/la-actualizacion-del-monotributo-sera-en-julio-y-la-recategorizacion-vencera-en-agosto\\\/#primaryimage\"},\"thumbnailUrl\":\"https:\\\/\\\/cvinoticias.com\\\/wp-content\\\/uploads\\\/2025\\\/07\\\/1751315861275-10083-215227_51_descargaa-1600x1200-1.jpg\",\"keywords\":[\"2025\",\"actualizaci\u00f3n\",\"monotributo\",\"Recategorizaci\u00f3n\"],\"articleSection\":[\"Nacionales\"],\"inLanguage\":\"es\",\"potentialAction\":[{\"@type\":\"CommentAction\",\"name\":\"Comment\",\"target\":[\"https:\\\/\\\/cvinoticias.com\\\/v3\\\/la-actualizacion-del-monotributo-sera-en-julio-y-la-recategorizacion-vencera-en-agosto\\\/#respond\"]}]},{\"@type\":\"WebPage\",\"@id\":\"https:\\\/\\\/cvinoticias.com\\\/v3\\\/la-actualizacion-del-monotributo-sera-en-julio-y-la-recategorizacion-vencera-en-agosto\\\/\",\"url\":\"https:\\\/\\\/cvinoticias.com\\\/v3\\\/la-actualizacion-del-monotributo-sera-en-julio-y-la-recategorizacion-vencera-en-agosto\\\/\",\"name\":\"Monotributo: actualizaci\u00f3n en julio y recategorizaci\u00f3n en agosto | CVI NOTICIAS\",\"isPartOf\":{\"@id\":\"https:\\\/\\\/cvinoticias.com\\\/v3\\\/#website\"},\"primaryImageOfPage\":{\"@id\":\"https:\\\/\\\/cvinoticias.com\\\/v3\\\/la-actualizacion-del-monotributo-sera-en-julio-y-la-recategorizacion-vencera-en-agosto\\\/#primaryimage\"},\"image\":{\"@id\":\"https:\\\/\\\/cvinoticias.com\\\/v3\\\/la-actualizacion-del-monotributo-sera-en-julio-y-la-recategorizacion-vencera-en-agosto\\\/#primaryimage\"},\"thumbnailUrl\":\"https:\\\/\\\/cvinoticias.com\\\/wp-content\\\/uploads\\\/2025\\\/07\\\/1751315861275-10083-215227_51_descargaa-1600x1200-1.jpg\",\"datePublished\":\"2025-07-01T12:20:40+00:00\",\"dateModified\":\"2025-07-01T12:20:41+00:00\",\"description\":\"El monotributo se actualiza en julio y la recategorizaci\u00f3n vence el 5 de agosto con nuevos valores y fechas.\",\"breadcrumb\":{\"@id\":\"https:\\\/\\\/cvinoticias.com\\\/v3\\\/la-actualizacion-del-monotributo-sera-en-julio-y-la-recategorizacion-vencera-en-agosto\\\/#breadcrumb\"},\"inLanguage\":\"es\",\"potentialAction\":[{\"@type\":\"ReadAction\",\"target\":[\"https:\\\/\\\/cvinoticias.com\\\/v3\\\/la-actualizacion-del-monotributo-sera-en-julio-y-la-recategorizacion-vencera-en-agosto\\\/\"]}]},{\"@type\":\"ImageObject\",\"inLanguage\":\"es\",\"@id\":\"https:\\\/\\\/cvinoticias.com\\\/v3\\\/la-actualizacion-del-monotributo-sera-en-julio-y-la-recategorizacion-vencera-en-agosto\\\/#primaryimage\",\"url\":\"https:\\\/\\\/cvinoticias.com\\\/wp-content\\\/uploads\\\/2025\\\/07\\\/1751315861275-10083-215227_51_descargaa-1600x1200-1.jpg\",\"contentUrl\":\"https:\\\/\\\/cvinoticias.com\\\/wp-content\\\/uploads\\\/2025\\\/07\\\/1751315861275-10083-215227_51_descargaa-1600x1200-1.jpg\",\"width\":1600,\"height\":1067},{\"@type\":\"BreadcrumbList\",\"@id\":\"https:\\\/\\\/cvinoticias.com\\\/v3\\\/la-actualizacion-del-monotributo-sera-en-julio-y-la-recategorizacion-vencera-en-agosto\\\/#breadcrumb\",\"itemListElement\":[{\"@type\":\"ListItem\",\"position\":1,\"name\":\"Portada\",\"item\":\"https:\\\/\\\/cvinoticias.com\\\/v3\\\/\"},{\"@type\":\"ListItem\",\"position\":2,\"name\":\"La actualizaci\u00f3n del monotributo ser\u00e1 en julio y la recategorizaci\u00f3n vencer\u00e1 en agosto\"}]},{\"@type\":\"WebSite\",\"@id\":\"https:\\\/\\\/cvinoticias.com\\\/v3\\\/#website\",\"url\":\"https:\\\/\\\/cvinoticias.com\\\/v3\\\/\",\"name\":\"CVI NOTICIAS\",\"description\":\"\",\"publisher\":{\"@id\":\"https:\\\/\\\/cvinoticias.com\\\/v3\\\/#organization\"},\"alternateName\":\"CVI\",\"potentialAction\":[{\"@type\":\"SearchAction\",\"target\":{\"@type\":\"EntryPoint\",\"urlTemplate\":\"https:\\\/\\\/cvinoticias.com\\\/v3\\\/?s={search_term_string}\"},\"query-input\":{\"@type\":\"PropertyValueSpecification\",\"valueRequired\":true,\"valueName\":\"search_term_string\"}}],\"inLanguage\":\"es\"},{\"@type\":\"Organization\",\"@id\":\"https:\\\/\\\/cvinoticias.com\\\/v3\\\/#organization\",\"name\":\"CVI NOTICIAS\",\"url\":\"https:\\\/\\\/cvinoticias.com\\\/v3\\\/\",\"logo\":{\"@type\":\"ImageObject\",\"inLanguage\":\"es\",\"@id\":\"https:\\\/\\\/cvinoticias.com\\\/v3\\\/#\\\/schema\\\/logo\\\/image\\\/\",\"url\":\"https:\\\/\\\/cvinoticias.com\\\/wp-content\\\/uploads\\\/2023\\\/04\\\/cropped-cropped-cropped-cropped-cropped-3-1.png\",\"contentUrl\":\"https:\\\/\\\/cvinoticias.com\\\/wp-content\\\/uploads\\\/2023\\\/04\\\/cropped-cropped-cropped-cropped-cropped-3-1.png\",\"width\":95,\"height\":122,\"caption\":\"CVI NOTICIAS\"},\"image\":{\"@id\":\"https:\\\/\\\/cvinoticias.com\\\/v3\\\/#\\\/schema\\\/logo\\\/image\\\/\"},\"sameAs\":[\"https:\\\/\\\/www.facebook.com\\\/cvinoticias\",\"https:\\\/\\\/www.instagram.com\\\/cvinoticias\\\/\",\"https:\\\/\\\/www.youtube.com\\\/@CVINOTICIAS\"]},{\"@type\":\"Person\",\"@id\":\"https:\\\/\\\/cvinoticias.com\\\/v3\\\/#\\\/schema\\\/person\\\/2db77e3c6bc03c538495d7b2b8be9b66\",\"name\":\"f1000024\",\"image\":{\"@type\":\"ImageObject\",\"inLanguage\":\"es\",\"@id\":\"https:\\\/\\\/secure.gravatar.com\\\/avatar\\\/d4fe7459cfc51ff5129ce1a732bbef5928568b8092d412ef95611616376bbeed?s=96&d=mm&r=g\",\"url\":\"https:\\\/\\\/secure.gravatar.com\\\/avatar\\\/d4fe7459cfc51ff5129ce1a732bbef5928568b8092d412ef95611616376bbeed?s=96&d=mm&r=g\",\"contentUrl\":\"https:\\\/\\\/secure.gravatar.com\\\/avatar\\\/d4fe7459cfc51ff5129ce1a732bbef5928568b8092d412ef95611616376bbeed?s=96&d=mm&r=g\",\"caption\":\"f1000024\"},\"url\":\"https:\\\/\\\/cvinoticias.com\\\/v3\\\/author\\\/f1000024\\\/\"}]}<\/script>\n<!-- \/ Yoast SEO plugin. -->","yoast_head_json":{"title":"Monotributo: actualizaci\u00f3n en julio y recategorizaci\u00f3n en agosto | CVI NOTICIAS","description":"El monotributo se actualiza en julio y la recategorizaci\u00f3n vence el 5 de agosto con nuevos valores y fechas.","robots":{"index":"index","follow":"follow","max-snippet":"max-snippet:-1","max-image-preview":"max-image-preview:large","max-video-preview":"max-video-preview:-1"},"canonical":"https:\/\/cvinoticias.com\/v3\/la-actualizacion-del-monotributo-sera-en-julio-y-la-recategorizacion-vencera-en-agosto\/","og_locale":"es_ES","og_type":"article","og_title":"Monotributo: actualizaci\u00f3n en julio y recategorizaci\u00f3n en agosto | CVI NOTICIAS","og_description":"El monotributo se actualiza en julio y la recategorizaci\u00f3n vence el 5 de agosto con nuevos valores y fechas.","og_url":"https:\/\/cvinoticias.com\/v3\/la-actualizacion-del-monotributo-sera-en-julio-y-la-recategorizacion-vencera-en-agosto\/","og_site_name":"CVI NOTICIAS","article_publisher":"https:\/\/www.facebook.com\/cvinoticias","article_published_time":"2025-07-01T12:20:40+00:00","article_modified_time":"2025-07-01T12:20:41+00:00","og_image":[{"width":1600,"height":1067,"url":"https:\/\/cvinoticias.com\/wp-content\/uploads\/2025\/07\/1751315861275-10083-215227_51_descargaa-1600x1200-1.jpg","type":"image\/jpeg"}],"author":"f1000024","twitter_card":"summary_large_image","twitter_misc":{"Escrito por":"f1000024","Tiempo de lectura":"2 minutos"},"schema":{"@context":"https:\/\/schema.org","@graph":[{"@type":"Article","@id":"https:\/\/cvinoticias.com\/v3\/la-actualizacion-del-monotributo-sera-en-julio-y-la-recategorizacion-vencera-en-agosto\/#article","isPartOf":{"@id":"https:\/\/cvinoticias.com\/v3\/la-actualizacion-del-monotributo-sera-en-julio-y-la-recategorizacion-vencera-en-agosto\/"},"author":{"name":"f1000024","@id":"https:\/\/cvinoticias.com\/v3\/#\/schema\/person\/2db77e3c6bc03c538495d7b2b8be9b66"},"headline":"La actualizaci\u00f3n del monotributo ser\u00e1 en julio y la recategorizaci\u00f3n vencer\u00e1 en agosto","datePublished":"2025-07-01T12:20:40+00:00","dateModified":"2025-07-01T12:20:41+00:00","mainEntityOfPage":{"@id":"https:\/\/cvinoticias.com\/v3\/la-actualizacion-del-monotributo-sera-en-julio-y-la-recategorizacion-vencera-en-agosto\/"},"wordCount":428,"commentCount":0,"publisher":{"@id":"https:\/\/cvinoticias.com\/v3\/#organization"},"image":{"@id":"https:\/\/cvinoticias.com\/v3\/la-actualizacion-del-monotributo-sera-en-julio-y-la-recategorizacion-vencera-en-agosto\/#primaryimage"},"thumbnailUrl":"https:\/\/cvinoticias.com\/wp-content\/uploads\/2025\/07\/1751315861275-10083-215227_51_descargaa-1600x1200-1.jpg","keywords":["2025","actualizaci\u00f3n","monotributo","Recategorizaci\u00f3n"],"articleSection":["Nacionales"],"inLanguage":"es","potentialAction":[{"@type":"CommentAction","name":"Comment","target":["https:\/\/cvinoticias.com\/v3\/la-actualizacion-del-monotributo-sera-en-julio-y-la-recategorizacion-vencera-en-agosto\/#respond"]}]},{"@type":"WebPage","@id":"https:\/\/cvinoticias.com\/v3\/la-actualizacion-del-monotributo-sera-en-julio-y-la-recategorizacion-vencera-en-agosto\/","url":"https:\/\/cvinoticias.com\/v3\/la-actualizacion-del-monotributo-sera-en-julio-y-la-recategorizacion-vencera-en-agosto\/","name":"Monotributo: actualizaci\u00f3n en julio y recategorizaci\u00f3n en agosto | CVI NOTICIAS","isPartOf":{"@id":"https:\/\/cvinoticias.com\/v3\/#website"},"primaryImageOfPage":{"@id":"https:\/\/cvinoticias.com\/v3\/la-actualizacion-del-monotributo-sera-en-julio-y-la-recategorizacion-vencera-en-agosto\/#primaryimage"},"image":{"@id":"https:\/\/cvinoticias.com\/v3\/la-actualizacion-del-monotributo-sera-en-julio-y-la-recategorizacion-vencera-en-agosto\/#primaryimage"},"thumbnailUrl":"https:\/\/cvinoticias.com\/wp-content\/uploads\/2025\/07\/1751315861275-10083-215227_51_descargaa-1600x1200-1.jpg","datePublished":"2025-07-01T12:20:40+00:00","dateModified":"2025-07-01T12:20:41+00:00","description":"El monotributo se actualiza en julio y la recategorizaci\u00f3n vence el 5 de agosto con nuevos valores y fechas.","breadcrumb":{"@id":"https:\/\/cvinoticias.com\/v3\/la-actualizacion-del-monotributo-sera-en-julio-y-la-recategorizacion-vencera-en-agosto\/#breadcrumb"},"inLanguage":"es","potentialAction":[{"@type":"ReadAction","target":["https:\/\/cvinoticias.com\/v3\/la-actualizacion-del-monotributo-sera-en-julio-y-la-recategorizacion-vencera-en-agosto\/"]}]},{"@type":"ImageObject","inLanguage":"es","@id":"https:\/\/cvinoticias.com\/v3\/la-actualizacion-del-monotributo-sera-en-julio-y-la-recategorizacion-vencera-en-agosto\/#primaryimage","url":"https:\/\/cvinoticias.com\/wp-content\/uploads\/2025\/07\/1751315861275-10083-215227_51_descargaa-1600x1200-1.jpg","contentUrl":"https:\/\/cvinoticias.com\/wp-content\/uploads\/2025\/07\/1751315861275-10083-215227_51_descargaa-1600x1200-1.jpg","width":1600,"height":1067},{"@type":"BreadcrumbList","@id":"https:\/\/cvinoticias.com\/v3\/la-actualizacion-del-monotributo-sera-en-julio-y-la-recategorizacion-vencera-en-agosto\/#breadcrumb","itemListElement":[{"@type":"ListItem","position":1,"name":"Portada","item":"https:\/\/cvinoticias.com\/v3\/"},{"@type":"ListItem","position":2,"name":"La actualizaci\u00f3n del monotributo ser\u00e1 en julio y la recategorizaci\u00f3n vencer\u00e1 en agosto"}]},{"@type":"WebSite","@id":"https:\/\/cvinoticias.com\/v3\/#website","url":"https:\/\/cvinoticias.com\/v3\/","name":"CVI NOTICIAS","description":"","publisher":{"@id":"https:\/\/cvinoticias.com\/v3\/#organization"},"alternateName":"CVI","potentialAction":[{"@type":"SearchAction","target":{"@type":"EntryPoint","urlTemplate":"https:\/\/cvinoticias.com\/v3\/?s={search_term_string}"},"query-input":{"@type":"PropertyValueSpecification","valueRequired":true,"valueName":"search_term_string"}}],"inLanguage":"es"},{"@type":"Organization","@id":"https:\/\/cvinoticias.com\/v3\/#organization","name":"CVI NOTICIAS","url":"https:\/\/cvinoticias.com\/v3\/","logo":{"@type":"ImageObject","inLanguage":"es","@id":"https:\/\/cvinoticias.com\/v3\/#\/schema\/logo\/image\/","url":"https:\/\/cvinoticias.com\/wp-content\/uploads\/2023\/04\/cropped-cropped-cropped-cropped-cropped-3-1.png","contentUrl":"https:\/\/cvinoticias.com\/wp-content\/uploads\/2023\/04\/cropped-cropped-cropped-cropped-cropped-3-1.png","width":95,"height":122,"caption":"CVI NOTICIAS"},"image":{"@id":"https:\/\/cvinoticias.com\/v3\/#\/schema\/logo\/image\/"},"sameAs":["https:\/\/www.facebook.com\/cvinoticias","https:\/\/www.instagram.com\/cvinoticias\/","https:\/\/www.youtube.com\/@CVINOTICIAS"]},{"@type":"Person","@id":"https:\/\/cvinoticias.com\/v3\/#\/schema\/person\/2db77e3c6bc03c538495d7b2b8be9b66","name":"f1000024","image":{"@type":"ImageObject","inLanguage":"es","@id":"https:\/\/secure.gravatar.com\/avatar\/d4fe7459cfc51ff5129ce1a732bbef5928568b8092d412ef95611616376bbeed?s=96&d=mm&r=g","url":"https:\/\/secure.gravatar.com\/avatar\/d4fe7459cfc51ff5129ce1a732bbef5928568b8092d412ef95611616376bbeed?s=96&d=mm&r=g","contentUrl":"https:\/\/secure.gravatar.com\/avatar\/d4fe7459cfc51ff5129ce1a732bbef5928568b8092d412ef95611616376bbeed?s=96&d=mm&r=g","caption":"f1000024"},"url":"https:\/\/cvinoticias.com\/v3\/author\/f1000024\/"}]}},"_links":{"self":[{"href":"https:\/\/cvinoticias.com\/v3\/wp-json\/wp\/v2\/posts\/45680","targetHints":{"allow":["GET"]}}],"collection":[{"href":"https:\/\/cvinoticias.com\/v3\/wp-json\/wp\/v2\/posts"}],"about":[{"href":"https:\/\/cvinoticias.com\/v3\/wp-json\/wp\/v2\/types\/post"}],"author":[{"embeddable":true,"href":"https:\/\/cvinoticias.com\/v3\/wp-json\/wp\/v2\/users\/2"}],"replies":[{"embeddable":true,"href":"https:\/\/cvinoticias.com\/v3\/wp-json\/wp\/v2\/comments?post=45680"}],"version-history":[{"count":1,"href":"https:\/\/cvinoticias.com\/v3\/wp-json\/wp\/v2\/posts\/45680\/revisions"}],"predecessor-version":[{"id":45682,"href":"https:\/\/cvinoticias.com\/v3\/wp-json\/wp\/v2\/posts\/45680\/revisions\/45682"}],"wp:featuredmedia":[{"embeddable":true,"href":"https:\/\/cvinoticias.com\/v3\/wp-json\/wp\/v2\/media\/45681"}],"wp:attachment":[{"href":"https:\/\/cvinoticias.com\/v3\/wp-json\/wp\/v2\/media?parent=45680"}],"wp:term":[{"taxonomy":"category","embeddable":true,"href":"https:\/\/cvinoticias.com\/v3\/wp-json\/wp\/v2\/categories?post=45680"},{"taxonomy":"post_tag","embeddable":true,"href":"https:\/\/cvinoticias.com\/v3\/wp-json\/wp\/v2\/tags?post=45680"}],"curies":[{"name":"wp","href":"https:\/\/api.w.org\/{rel}","templated":true}]}}