{"id":45584,"date":"2025-06-27T13:26:14","date_gmt":"2025-06-27T16:26:14","guid":{"rendered":"https:\/\/cvinoticias.com\/v3\/?p=45584"},"modified":"2025-06-27T13:26:51","modified_gmt":"2025-06-27T16:26:51","slug":"passalacqua-anuncio-la-extension-de-los-programas-ahora-hasta-el-30-de-septiembre","status":"publish","type":"post","link":"https:\/\/cvinoticias.com\/v3\/passalacqua-anuncio-la-extension-de-los-programas-ahora-hasta-el-30-de-septiembre\/","title":{"rendered":"Passalacqua anunci\u00f3 la extensi\u00f3n de los programas Ahora hasta el 30 de septiembre\u00a0"},"content":{"rendered":"\n<p>El\u00a0Gobierno\u00a0provincial confirm\u00f3 la\u00a0pr\u00f3rroga\u00a0de los\u00a0<strong>programas Ahora<\/strong>\u00a0en toda la provincia. Desde el 1\u00b0 de julio, y hasta el 30 de septiembre, estar\u00e1n en funcionamiento los planes que incentivan el consumo y brindan un soporte esencial para el movimiento comercial.<\/p>\n\n\n\n<p>En acuerdo con entidades bancarias y el sector privado, seg\u00fan indic\u00f3 el gobernador Hugo Passalacqua en sus redes sociales, la extensi\u00f3n de los programas incluye a:&nbsp;<strong>Ahora Misiones, Bienes Durables, Mujer, Viaj\u00e1 por Misiones, Estudiantes, Construcci\u00f3n, Carne, Gastronom\u00eda, Feria, Mascotas, Pan, Gas, Neum\u00e1ticos y G\u00f3ndola Bernardo de Irigoyen.<\/strong><\/p>\n\n\n\n<p>Desde el Gobierno de Misiones se\u00f1alaron que, con esta pr\u00f3rroga, el Estado provincial busca seguir fomentando el consumo local y sostener una herramienta clave para cuidar la econom\u00eda de las familias misioneras.&nbsp;<strong>En el actual contexto nacional, los programas Ahora contin\u00faan siendo un instrumento fundamental para promover el consumo responsable<\/strong>. Sobre todo, para facilitar el acceso a productos y servicios esenciales.<\/p>\n\n\n\n<h3 class=\"wp-block-heading\">Cada uno de los Programas Ahora:<\/h3>\n\n\n\n<p><strong>Ahora Misiones<\/strong><\/p>\n\n\n\n<p>D\u00edas: Lunes, martes y mi\u00e9rcoles<br>Tarjeta: Cr\u00e9dito<br>Cuotas: 1 o 6<br>L\u00edmite Financiable: $653.400<br>Tope de Reintegro: $44.044<br>Reintegro: hasta el 25% del monto de la compra<\/p>\n\n\n\n<p><strong>Ahora Bienes Durables<\/strong><\/p>\n\n\n\n<p>D\u00edas: Lunes y martes<br>Tarjeta: Cr\u00e9dito<br>Cuotas: 6, 12 o 18<br>L\u00edmite Financiable: $1.306.800<br>Tope de Reintegro:<\/p>\n\n\n\n<p><strong>Ahora Mujer<\/strong><\/p>\n\n\n\n<p>D\u00edas: Jueves<br>Tarjeta: Cr\u00e9dito y D\u00e9bito<br>Cuotas: 1 o 3<br>L\u00edmite Financiable: $24.321<br>Tope de Reintegro: $3.460<br>Ahora Viaj\u00e1 por Misiones<\/p>\n\n\n\n<p>D\u00edas: Viernes y s\u00e1bados<br>Tarjeta: Cr\u00e9dito (compra de forma presencial)<br>Cuotas: 1 o 6<br>L\u00edmite Financiable: $1.452.000<br>Tope de Reintegro: $47.190<br>Sobre el reintegro: se ver\u00e1 reflejado en el resumen de tarjeta de cr\u00e9dito del consumidor; y el comercio ver\u00e1 detallado dicho aporte en su liquidaci\u00f3n mensual.<\/p>\n\n\n\n<p><strong>Ahora Estudiantes<\/strong><\/p>\n\n\n\n<p>D\u00edas: Jueves y viernes<br>Tarjeta: Cr\u00e9dito<br>Cuotas: 1 o 6<br>L\u00edmite Financiable: $1.306.800<br>Tope de Reintegro: $99.999<br>Ahora Construcci\u00f3n<\/p>\n\n\n\n<p>D\u00edas: Lunes, martes y mi\u00e9rcoles<br>Tarjeta: Cr\u00e9dito<br>Cuotas: 6, 12 o 18<br>L\u00edmite Financiable: $1.306.800<br>Tope de Reintegro:<\/p>\n\n\n\n<p><strong>Ahora Carne<\/strong><\/p>\n\n\n\n<p>D\u00edas: Lunes, martes y mi\u00e9rcoles<br>Tarjeta: D\u00e9bito<br>Cuotas: \u2013<br>L\u00edmite Financiable: \u2013<br>Tope de Reintegro: $7.707<\/p>\n\n\n\n<p><strong>Ahora Gastronom\u00eda<\/strong><\/p>\n\n\n\n<p>D\u00edas: Viernes y s\u00e1bados<br>Tarjeta: D\u00e9bito<br>Cuotas: \u2013<br>L\u00edmite Financiable: \u2013<br>Tope de Reintegro: $6.023<br>Ahora Feria VIUMI<\/p>\n\n\n\n<p>D\u00edas: S\u00e1bados y domingos<br>Tarjeta: D\u00e9bito<br>Cuotas: \u2013<br>L\u00edmite Financiable: \u2013<br>Tope de Reintegro: $5.977<\/p>\n\n\n\n<p><strong>Ahora Mascotas<\/strong><\/p>\n\n\n\n<p>D\u00edas: Lunes<br>Tarjeta: D\u00e9bito<br>Cuotas: \u2013<br>L\u00edmite Financiable: \u2013<br>Tope de Reintegro: $14.157<\/p>\n\n\n\n<p><strong>Ahora Neum\u00e1ticos<\/strong><\/p>\n\n\n\n<p>D\u00edas: Lunes y martes<br>Tarjeta: Cr\u00e9dito<br>Cuotas: 6 y 12<br>L\u00edmite Financiable: $1.452.000.<\/p>\n\n\n\n<p><\/p>\n","protected":false},"excerpt":{"rendered":"<p>El\u00a0Gobierno\u00a0provincial confirm\u00f3 la\u00a0pr\u00f3rroga\u00a0de los\u00a0programas Ahora\u00a0en toda la provincia. Desde el 1\u00b0 de julio, y hasta el 30 de septiembre, estar\u00e1n en funcionamiento los planes que incentivan el consumo y brindan un soporte esencial para el movimiento comercial. En acuerdo con entidades bancarias y el sector privado, seg\u00fan indic\u00f3 el gobernador Hugo Passalacqua en sus redes [&hellip;]<\/p>\n","protected":false},"author":2,"featured_media":45586,"comment_status":"open","ping_status":"open","sticky":false,"template":"","format":"standard","meta":{"footnotes":""},"categories":[32],"tags":[943,3033,278,1431,3034],"class_list":["post-45584","post","type-post","status-publish","format-standard","has-post-thumbnail","hentry","category-economia","tag-ahora","tag-extension","tag-misiones","tag-passalacqua","tag-programas"],"yoast_head":"<!-- This site is optimized with the Yoast SEO plugin v27.5 - https:\/\/yoast.com\/product\/yoast-seo-wordpress\/ -->\n<title>Extienden los programas Ahora en Misiones hasta septiembre | CVI NOTICIAS<\/title>\n<meta name=\"description\" content=\"Passalacqua anunci\u00f3 que los programas Ahora seguir\u00e1n vigentes en Misiones hasta el 30 de septiembre.\" \/>\n<meta name=\"robots\" content=\"index, follow, max-snippet:-1, max-image-preview:large, max-video-preview:-1\" \/>\n<link rel=\"canonical\" href=\"https:\/\/cvinoticias.com\/v3\/passalacqua-anuncio-la-extension-de-los-programas-ahora-hasta-el-30-de-septiembre\/\" \/>\n<meta property=\"og:locale\" content=\"es_ES\" \/>\n<meta property=\"og:type\" content=\"article\" \/>\n<meta property=\"og:title\" content=\"Extienden los programas Ahora en Misiones hasta septiembre | CVI NOTICIAS\" \/>\n<meta property=\"og:description\" content=\"Passalacqua anunci\u00f3 que los programas Ahora seguir\u00e1n vigentes en Misiones hasta el 30 de septiembre.\" \/>\n<meta property=\"og:url\" content=\"https:\/\/cvinoticias.com\/v3\/passalacqua-anuncio-la-extension-de-los-programas-ahora-hasta-el-30-de-septiembre\/\" \/>\n<meta property=\"og:site_name\" content=\"CVI NOTICIAS\" \/>\n<meta property=\"article:publisher\" content=\"https:\/\/www.facebook.com\/cvinoticias\" \/>\n<meta property=\"article:published_time\" content=\"2025-06-27T16:26:14+00:00\" \/>\n<meta property=\"article:modified_time\" content=\"2025-06-27T16:26:51+00:00\" \/>\n<meta property=\"og:image\" content=\"https:\/\/cvinoticias.com\/wp-content\/uploads\/2025\/06\/WhatsApp-Image-2025-06-27-at-11.51.37.webp\" \/>\n\t<meta property=\"og:image:width\" content=\"1080\" \/>\n\t<meta property=\"og:image:height\" content=\"1350\" \/>\n\t<meta property=\"og:image:type\" content=\"image\/webp\" \/>\n<meta name=\"author\" content=\"f1000024\" \/>\n<meta name=\"twitter:card\" content=\"summary_large_image\" \/>\n<meta name=\"twitter:label1\" content=\"Escrito por\" \/>\n\t<meta name=\"twitter:data1\" content=\"f1000024\" \/>\n\t<meta name=\"twitter:label2\" content=\"Tiempo de lectura\" \/>\n\t<meta name=\"twitter:data2\" content=\"2 minutos\" \/>\n<script type=\"application\/ld+json\" class=\"yoast-schema-graph\">{\"@context\":\"https:\\\/\\\/schema.org\",\"@graph\":[{\"@type\":\"Article\",\"@id\":\"https:\\\/\\\/cvinoticias.com\\\/v3\\\/passalacqua-anuncio-la-extension-de-los-programas-ahora-hasta-el-30-de-septiembre\\\/#article\",\"isPartOf\":{\"@id\":\"https:\\\/\\\/cvinoticias.com\\\/v3\\\/passalacqua-anuncio-la-extension-de-los-programas-ahora-hasta-el-30-de-septiembre\\\/\"},\"author\":{\"name\":\"f1000024\",\"@id\":\"https:\\\/\\\/cvinoticias.com\\\/v3\\\/#\\\/schema\\\/person\\\/2db77e3c6bc03c538495d7b2b8be9b66\"},\"headline\":\"Passalacqua anunci\u00f3 la extensi\u00f3n de los programas Ahora hasta el 30 de septiembre\u00a0\",\"datePublished\":\"2025-06-27T16:26:14+00:00\",\"dateModified\":\"2025-06-27T16:26:51+00:00\",\"mainEntityOfPage\":{\"@id\":\"https:\\\/\\\/cvinoticias.com\\\/v3\\\/passalacqua-anuncio-la-extension-de-los-programas-ahora-hasta-el-30-de-septiembre\\\/\"},\"wordCount\":408,\"commentCount\":0,\"publisher\":{\"@id\":\"https:\\\/\\\/cvinoticias.com\\\/v3\\\/#organization\"},\"image\":{\"@id\":\"https:\\\/\\\/cvinoticias.com\\\/v3\\\/passalacqua-anuncio-la-extension-de-los-programas-ahora-hasta-el-30-de-septiembre\\\/#primaryimage\"},\"thumbnailUrl\":\"https:\\\/\\\/cvinoticias.com\\\/wp-content\\\/uploads\\\/2025\\\/06\\\/WhatsApp-Image-2025-06-27-at-11.51.37.webp\",\"keywords\":[\"Ahora\",\"extensi\u00f3n\",\"Misiones\",\"Passalacqua\",\"programas\"],\"articleSection\":[\"Econom\u00eda\"],\"inLanguage\":\"es\",\"potentialAction\":[{\"@type\":\"CommentAction\",\"name\":\"Comment\",\"target\":[\"https:\\\/\\\/cvinoticias.com\\\/v3\\\/passalacqua-anuncio-la-extension-de-los-programas-ahora-hasta-el-30-de-septiembre\\\/#respond\"]}]},{\"@type\":\"WebPage\",\"@id\":\"https:\\\/\\\/cvinoticias.com\\\/v3\\\/passalacqua-anuncio-la-extension-de-los-programas-ahora-hasta-el-30-de-septiembre\\\/\",\"url\":\"https:\\\/\\\/cvinoticias.com\\\/v3\\\/passalacqua-anuncio-la-extension-de-los-programas-ahora-hasta-el-30-de-septiembre\\\/\",\"name\":\"Extienden los programas Ahora en Misiones hasta septiembre | CVI NOTICIAS\",\"isPartOf\":{\"@id\":\"https:\\\/\\\/cvinoticias.com\\\/v3\\\/#website\"},\"primaryImageOfPage\":{\"@id\":\"https:\\\/\\\/cvinoticias.com\\\/v3\\\/passalacqua-anuncio-la-extension-de-los-programas-ahora-hasta-el-30-de-septiembre\\\/#primaryimage\"},\"image\":{\"@id\":\"https:\\\/\\\/cvinoticias.com\\\/v3\\\/passalacqua-anuncio-la-extension-de-los-programas-ahora-hasta-el-30-de-septiembre\\\/#primaryimage\"},\"thumbnailUrl\":\"https:\\\/\\\/cvinoticias.com\\\/wp-content\\\/uploads\\\/2025\\\/06\\\/WhatsApp-Image-2025-06-27-at-11.51.37.webp\",\"datePublished\":\"2025-06-27T16:26:14+00:00\",\"dateModified\":\"2025-06-27T16:26:51+00:00\",\"description\":\"Passalacqua anunci\u00f3 que los programas Ahora seguir\u00e1n vigentes en Misiones hasta el 30 de septiembre.\",\"breadcrumb\":{\"@id\":\"https:\\\/\\\/cvinoticias.com\\\/v3\\\/passalacqua-anuncio-la-extension-de-los-programas-ahora-hasta-el-30-de-septiembre\\\/#breadcrumb\"},\"inLanguage\":\"es\",\"potentialAction\":[{\"@type\":\"ReadAction\",\"target\":[\"https:\\\/\\\/cvinoticias.com\\\/v3\\\/passalacqua-anuncio-la-extension-de-los-programas-ahora-hasta-el-30-de-septiembre\\\/\"]}]},{\"@type\":\"ImageObject\",\"inLanguage\":\"es\",\"@id\":\"https:\\\/\\\/cvinoticias.com\\\/v3\\\/passalacqua-anuncio-la-extension-de-los-programas-ahora-hasta-el-30-de-septiembre\\\/#primaryimage\",\"url\":\"https:\\\/\\\/cvinoticias.com\\\/wp-content\\\/uploads\\\/2025\\\/06\\\/WhatsApp-Image-2025-06-27-at-11.51.37.webp\",\"contentUrl\":\"https:\\\/\\\/cvinoticias.com\\\/wp-content\\\/uploads\\\/2025\\\/06\\\/WhatsApp-Image-2025-06-27-at-11.51.37.webp\",\"width\":1080,\"height\":1350},{\"@type\":\"BreadcrumbList\",\"@id\":\"https:\\\/\\\/cvinoticias.com\\\/v3\\\/passalacqua-anuncio-la-extension-de-los-programas-ahora-hasta-el-30-de-septiembre\\\/#breadcrumb\",\"itemListElement\":[{\"@type\":\"ListItem\",\"position\":1,\"name\":\"Portada\",\"item\":\"https:\\\/\\\/cvinoticias.com\\\/v3\\\/\"},{\"@type\":\"ListItem\",\"position\":2,\"name\":\"Passalacqua anunci\u00f3 la extensi\u00f3n de los programas Ahora hasta el 30 de septiembre\u00a0\"}]},{\"@type\":\"WebSite\",\"@id\":\"https:\\\/\\\/cvinoticias.com\\\/v3\\\/#website\",\"url\":\"https:\\\/\\\/cvinoticias.com\\\/v3\\\/\",\"name\":\"CVI NOTICIAS\",\"description\":\"\",\"publisher\":{\"@id\":\"https:\\\/\\\/cvinoticias.com\\\/v3\\\/#organization\"},\"alternateName\":\"CVI\",\"potentialAction\":[{\"@type\":\"SearchAction\",\"target\":{\"@type\":\"EntryPoint\",\"urlTemplate\":\"https:\\\/\\\/cvinoticias.com\\\/v3\\\/?s={search_term_string}\"},\"query-input\":{\"@type\":\"PropertyValueSpecification\",\"valueRequired\":true,\"valueName\":\"search_term_string\"}}],\"inLanguage\":\"es\"},{\"@type\":\"Organization\",\"@id\":\"https:\\\/\\\/cvinoticias.com\\\/v3\\\/#organization\",\"name\":\"CVI NOTICIAS\",\"url\":\"https:\\\/\\\/cvinoticias.com\\\/v3\\\/\",\"logo\":{\"@type\":\"ImageObject\",\"inLanguage\":\"es\",\"@id\":\"https:\\\/\\\/cvinoticias.com\\\/v3\\\/#\\\/schema\\\/logo\\\/image\\\/\",\"url\":\"https:\\\/\\\/cvinoticias.com\\\/wp-content\\\/uploads\\\/2023\\\/04\\\/cropped-cropped-cropped-cropped-cropped-3-1.png\",\"contentUrl\":\"https:\\\/\\\/cvinoticias.com\\\/wp-content\\\/uploads\\\/2023\\\/04\\\/cropped-cropped-cropped-cropped-cropped-3-1.png\",\"width\":95,\"height\":122,\"caption\":\"CVI NOTICIAS\"},\"image\":{\"@id\":\"https:\\\/\\\/cvinoticias.com\\\/v3\\\/#\\\/schema\\\/logo\\\/image\\\/\"},\"sameAs\":[\"https:\\\/\\\/www.facebook.com\\\/cvinoticias\",\"https:\\\/\\\/www.instagram.com\\\/cvinoticias\\\/\",\"https:\\\/\\\/www.youtube.com\\\/@CVINOTICIAS\"]},{\"@type\":\"Person\",\"@id\":\"https:\\\/\\\/cvinoticias.com\\\/v3\\\/#\\\/schema\\\/person\\\/2db77e3c6bc03c538495d7b2b8be9b66\",\"name\":\"f1000024\",\"image\":{\"@type\":\"ImageObject\",\"inLanguage\":\"es\",\"@id\":\"https:\\\/\\\/secure.gravatar.com\\\/avatar\\\/d4fe7459cfc51ff5129ce1a732bbef5928568b8092d412ef95611616376bbeed?s=96&d=mm&r=g\",\"url\":\"https:\\\/\\\/secure.gravatar.com\\\/avatar\\\/d4fe7459cfc51ff5129ce1a732bbef5928568b8092d412ef95611616376bbeed?s=96&d=mm&r=g\",\"contentUrl\":\"https:\\\/\\\/secure.gravatar.com\\\/avatar\\\/d4fe7459cfc51ff5129ce1a732bbef5928568b8092d412ef95611616376bbeed?s=96&d=mm&r=g\",\"caption\":\"f1000024\"},\"url\":\"https:\\\/\\\/cvinoticias.com\\\/v3\\\/author\\\/f1000024\\\/\"}]}<\/script>\n<!-- \/ Yoast SEO plugin. -->","yoast_head_json":{"title":"Extienden los programas Ahora en Misiones hasta septiembre | CVI NOTICIAS","description":"Passalacqua anunci\u00f3 que los programas Ahora seguir\u00e1n vigentes en Misiones hasta el 30 de septiembre.","robots":{"index":"index","follow":"follow","max-snippet":"max-snippet:-1","max-image-preview":"max-image-preview:large","max-video-preview":"max-video-preview:-1"},"canonical":"https:\/\/cvinoticias.com\/v3\/passalacqua-anuncio-la-extension-de-los-programas-ahora-hasta-el-30-de-septiembre\/","og_locale":"es_ES","og_type":"article","og_title":"Extienden los programas Ahora en Misiones hasta septiembre | CVI NOTICIAS","og_description":"Passalacqua anunci\u00f3 que los programas Ahora seguir\u00e1n vigentes en Misiones hasta el 30 de septiembre.","og_url":"https:\/\/cvinoticias.com\/v3\/passalacqua-anuncio-la-extension-de-los-programas-ahora-hasta-el-30-de-septiembre\/","og_site_name":"CVI NOTICIAS","article_publisher":"https:\/\/www.facebook.com\/cvinoticias","article_published_time":"2025-06-27T16:26:14+00:00","article_modified_time":"2025-06-27T16:26:51+00:00","og_image":[{"width":1080,"height":1350,"url":"https:\/\/cvinoticias.com\/wp-content\/uploads\/2025\/06\/WhatsApp-Image-2025-06-27-at-11.51.37.webp","type":"image\/webp"}],"author":"f1000024","twitter_card":"summary_large_image","twitter_misc":{"Escrito por":"f1000024","Tiempo de lectura":"2 minutos"},"schema":{"@context":"https:\/\/schema.org","@graph":[{"@type":"Article","@id":"https:\/\/cvinoticias.com\/v3\/passalacqua-anuncio-la-extension-de-los-programas-ahora-hasta-el-30-de-septiembre\/#article","isPartOf":{"@id":"https:\/\/cvinoticias.com\/v3\/passalacqua-anuncio-la-extension-de-los-programas-ahora-hasta-el-30-de-septiembre\/"},"author":{"name":"f1000024","@id":"https:\/\/cvinoticias.com\/v3\/#\/schema\/person\/2db77e3c6bc03c538495d7b2b8be9b66"},"headline":"Passalacqua anunci\u00f3 la extensi\u00f3n de los programas Ahora hasta el 30 de septiembre\u00a0","datePublished":"2025-06-27T16:26:14+00:00","dateModified":"2025-06-27T16:26:51+00:00","mainEntityOfPage":{"@id":"https:\/\/cvinoticias.com\/v3\/passalacqua-anuncio-la-extension-de-los-programas-ahora-hasta-el-30-de-septiembre\/"},"wordCount":408,"commentCount":0,"publisher":{"@id":"https:\/\/cvinoticias.com\/v3\/#organization"},"image":{"@id":"https:\/\/cvinoticias.com\/v3\/passalacqua-anuncio-la-extension-de-los-programas-ahora-hasta-el-30-de-septiembre\/#primaryimage"},"thumbnailUrl":"https:\/\/cvinoticias.com\/wp-content\/uploads\/2025\/06\/WhatsApp-Image-2025-06-27-at-11.51.37.webp","keywords":["Ahora","extensi\u00f3n","Misiones","Passalacqua","programas"],"articleSection":["Econom\u00eda"],"inLanguage":"es","potentialAction":[{"@type":"CommentAction","name":"Comment","target":["https:\/\/cvinoticias.com\/v3\/passalacqua-anuncio-la-extension-de-los-programas-ahora-hasta-el-30-de-septiembre\/#respond"]}]},{"@type":"WebPage","@id":"https:\/\/cvinoticias.com\/v3\/passalacqua-anuncio-la-extension-de-los-programas-ahora-hasta-el-30-de-septiembre\/","url":"https:\/\/cvinoticias.com\/v3\/passalacqua-anuncio-la-extension-de-los-programas-ahora-hasta-el-30-de-septiembre\/","name":"Extienden los programas Ahora en Misiones hasta septiembre | CVI NOTICIAS","isPartOf":{"@id":"https:\/\/cvinoticias.com\/v3\/#website"},"primaryImageOfPage":{"@id":"https:\/\/cvinoticias.com\/v3\/passalacqua-anuncio-la-extension-de-los-programas-ahora-hasta-el-30-de-septiembre\/#primaryimage"},"image":{"@id":"https:\/\/cvinoticias.com\/v3\/passalacqua-anuncio-la-extension-de-los-programas-ahora-hasta-el-30-de-septiembre\/#primaryimage"},"thumbnailUrl":"https:\/\/cvinoticias.com\/wp-content\/uploads\/2025\/06\/WhatsApp-Image-2025-06-27-at-11.51.37.webp","datePublished":"2025-06-27T16:26:14+00:00","dateModified":"2025-06-27T16:26:51+00:00","description":"Passalacqua anunci\u00f3 que los programas Ahora seguir\u00e1n vigentes en Misiones hasta el 30 de septiembre.","breadcrumb":{"@id":"https:\/\/cvinoticias.com\/v3\/passalacqua-anuncio-la-extension-de-los-programas-ahora-hasta-el-30-de-septiembre\/#breadcrumb"},"inLanguage":"es","potentialAction":[{"@type":"ReadAction","target":["https:\/\/cvinoticias.com\/v3\/passalacqua-anuncio-la-extension-de-los-programas-ahora-hasta-el-30-de-septiembre\/"]}]},{"@type":"ImageObject","inLanguage":"es","@id":"https:\/\/cvinoticias.com\/v3\/passalacqua-anuncio-la-extension-de-los-programas-ahora-hasta-el-30-de-septiembre\/#primaryimage","url":"https:\/\/cvinoticias.com\/wp-content\/uploads\/2025\/06\/WhatsApp-Image-2025-06-27-at-11.51.37.webp","contentUrl":"https:\/\/cvinoticias.com\/wp-content\/uploads\/2025\/06\/WhatsApp-Image-2025-06-27-at-11.51.37.webp","width":1080,"height":1350},{"@type":"BreadcrumbList","@id":"https:\/\/cvinoticias.com\/v3\/passalacqua-anuncio-la-extension-de-los-programas-ahora-hasta-el-30-de-septiembre\/#breadcrumb","itemListElement":[{"@type":"ListItem","position":1,"name":"Portada","item":"https:\/\/cvinoticias.com\/v3\/"},{"@type":"ListItem","position":2,"name":"Passalacqua anunci\u00f3 la extensi\u00f3n de los programas Ahora hasta el 30 de septiembre\u00a0"}]},{"@type":"WebSite","@id":"https:\/\/cvinoticias.com\/v3\/#website","url":"https:\/\/cvinoticias.com\/v3\/","name":"CVI NOTICIAS","description":"","publisher":{"@id":"https:\/\/cvinoticias.com\/v3\/#organization"},"alternateName":"CVI","potentialAction":[{"@type":"SearchAction","target":{"@type":"EntryPoint","urlTemplate":"https:\/\/cvinoticias.com\/v3\/?s={search_term_string}"},"query-input":{"@type":"PropertyValueSpecification","valueRequired":true,"valueName":"search_term_string"}}],"inLanguage":"es"},{"@type":"Organization","@id":"https:\/\/cvinoticias.com\/v3\/#organization","name":"CVI NOTICIAS","url":"https:\/\/cvinoticias.com\/v3\/","logo":{"@type":"ImageObject","inLanguage":"es","@id":"https:\/\/cvinoticias.com\/v3\/#\/schema\/logo\/image\/","url":"https:\/\/cvinoticias.com\/wp-content\/uploads\/2023\/04\/cropped-cropped-cropped-cropped-cropped-3-1.png","contentUrl":"https:\/\/cvinoticias.com\/wp-content\/uploads\/2023\/04\/cropped-cropped-cropped-cropped-cropped-3-1.png","width":95,"height":122,"caption":"CVI NOTICIAS"},"image":{"@id":"https:\/\/cvinoticias.com\/v3\/#\/schema\/logo\/image\/"},"sameAs":["https:\/\/www.facebook.com\/cvinoticias","https:\/\/www.instagram.com\/cvinoticias\/","https:\/\/www.youtube.com\/@CVINOTICIAS"]},{"@type":"Person","@id":"https:\/\/cvinoticias.com\/v3\/#\/schema\/person\/2db77e3c6bc03c538495d7b2b8be9b66","name":"f1000024","image":{"@type":"ImageObject","inLanguage":"es","@id":"https:\/\/secure.gravatar.com\/avatar\/d4fe7459cfc51ff5129ce1a732bbef5928568b8092d412ef95611616376bbeed?s=96&d=mm&r=g","url":"https:\/\/secure.gravatar.com\/avatar\/d4fe7459cfc51ff5129ce1a732bbef5928568b8092d412ef95611616376bbeed?s=96&d=mm&r=g","contentUrl":"https:\/\/secure.gravatar.com\/avatar\/d4fe7459cfc51ff5129ce1a732bbef5928568b8092d412ef95611616376bbeed?s=96&d=mm&r=g","caption":"f1000024"},"url":"https:\/\/cvinoticias.com\/v3\/author\/f1000024\/"}]}},"_links":{"self":[{"href":"https:\/\/cvinoticias.com\/v3\/wp-json\/wp\/v2\/posts\/45584","targetHints":{"allow":["GET"]}}],"collection":[{"href":"https:\/\/cvinoticias.com\/v3\/wp-json\/wp\/v2\/posts"}],"about":[{"href":"https:\/\/cvinoticias.com\/v3\/wp-json\/wp\/v2\/types\/post"}],"author":[{"embeddable":true,"href":"https:\/\/cvinoticias.com\/v3\/wp-json\/wp\/v2\/users\/2"}],"replies":[{"embeddable":true,"href":"https:\/\/cvinoticias.com\/v3\/wp-json\/wp\/v2\/comments?post=45584"}],"version-history":[{"count":1,"href":"https:\/\/cvinoticias.com\/v3\/wp-json\/wp\/v2\/posts\/45584\/revisions"}],"predecessor-version":[{"id":45585,"href":"https:\/\/cvinoticias.com\/v3\/wp-json\/wp\/v2\/posts\/45584\/revisions\/45585"}],"wp:featuredmedia":[{"embeddable":true,"href":"https:\/\/cvinoticias.com\/v3\/wp-json\/wp\/v2\/media\/45586"}],"wp:attachment":[{"href":"https:\/\/cvinoticias.com\/v3\/wp-json\/wp\/v2\/media?parent=45584"}],"wp:term":[{"taxonomy":"category","embeddable":true,"href":"https:\/\/cvinoticias.com\/v3\/wp-json\/wp\/v2\/categories?post=45584"},{"taxonomy":"post_tag","embeddable":true,"href":"https:\/\/cvinoticias.com\/v3\/wp-json\/wp\/v2\/tags?post=45584"}],"curies":[{"name":"wp","href":"https:\/\/api.w.org\/{rel}","templated":true}]}}