{"id":45405,"date":"2025-06-24T12:04:12","date_gmt":"2025-06-24T15:04:12","guid":{"rendered":"https:\/\/cvinoticias.com\/v3\/?p=45405"},"modified":"2025-06-24T12:04:13","modified_gmt":"2025-06-24T15:04:13","slug":"heladas-en-puerto-iguazu-el-frio-tino-de-blanco-el-paisaje","status":"publish","type":"post","link":"https:\/\/cvinoticias.com\/v3\/heladas-en-puerto-iguazu-el-frio-tino-de-blanco-el-paisaje\/","title":{"rendered":"Heladas en Puerto Iguaz\u00fa: el fr\u00edo ti\u00f1\u00f3 de blanco el paisaje"},"content":{"rendered":"\n<p>Tal como hab\u00eda anticipado el meteor\u00f3logo Fabio Cabello en di\u00e1logo con CVI, el fr\u00edo se hizo sentir con fuerza en Puerto Iguaz\u00fa durante la madrugada del martes 24 y el mi\u00e9rcoles 25 de junio. Las heladas sorprendieron a vecinos y vecinas de distintos puntos de la ciudad, que amanecieron cubiertos por una capa blanca de escarcha.<\/p>\n\n\n\n<p>Las bajas temperaturas transformaron por completo el paisaje urbano. C\u00e9sped, \u00e1rboles, techos y veh\u00edculos aparecieron congelados, generando postales inusuales para esta parte de la provincia. La temperatura descendi\u00f3 varios grados bajo cero y la sensaci\u00f3n t\u00e9rmica fue a\u00fan menor durante las primeras horas de la ma\u00f1ana.<\/p>\n\n\n\n<p>Desde distintos barrios, la comunidad comparti\u00f3 im\u00e1genes y videos que captaron la magnitud del fen\u00f3meno. A trav\u00e9s de redes sociales, los vecinos reflejaron c\u00f3mo el invierno se hizo presente con toda su intensidad en una ciudad m\u00e1s acostumbrada al calor que al hielo.<\/p>\n\n\n\n<p>Estas heladas, que se registraron por segundo d\u00eda consecutivo, se enmarcan dentro del frente polar que afecta a gran parte de Misiones y que ya hab\u00eda dejado postales similares en localidades como Bernardo de Irigoyen, San Pedro y Ober\u00e1.<\/p>\n\n\n\n<p>La participaci\u00f3n de la comunidad en el registro del fen\u00f3meno destaca la cercan\u00eda entre los medios locales y su audiencia, que una vez m\u00e1s respondi\u00f3 con entusiasmo al llamado a compartir el impacto del clima en su d\u00eda a d\u00eda.<\/p>\n\n\n\n<figure class=\"wp-block-gallery has-nested-images columns-default is-cropped wp-block-gallery-1 is-layout-flex wp-block-gallery-is-layout-flex\">\n<figure class=\"wp-block-image size-large\"><a href=\"https:\/\/cvinoticias.com\/wp-content\/uploads\/2025\/06\/1000171063.jpg\"><img decoding=\"async\" width=\"472\" height=\"1024\" data-id=\"45411\" data-src=\"https:\/\/cvinoticias.com\/wp-content\/uploads\/2025\/06\/1000171063-472x1024.jpg\" alt=\"\" class=\"wp-image-45411 lazyload\" data-srcset=\"https:\/\/cvinoticias.com\/wp-content\/uploads\/2025\/06\/1000171063-472x1024.jpg 472w, https:\/\/cvinoticias.com\/wp-content\/uploads\/2025\/06\/1000171063-138x300.jpg 138w, https:\/\/cvinoticias.com\/wp-content\/uploads\/2025\/06\/1000171063.jpg 590w\" data-sizes=\"(max-width: 472px) 100vw, 472px\" src=\"data:image\/svg+xml;base64,PHN2ZyB3aWR0aD0iMSIgaGVpZ2h0PSIxIiB4bWxucz0iaHR0cDovL3d3dy53My5vcmcvMjAwMC9zdmciPjwvc3ZnPg==\" style=\"--smush-placeholder-width: 472px; --smush-placeholder-aspect-ratio: 472\/1024;\" \/><\/a><\/figure>\n\n\n\n<figure class=\"wp-block-image size-large\"><a href=\"https:\/\/cvinoticias.com\/wp-content\/uploads\/2025\/06\/1000171062.jpg\"><img decoding=\"async\" width=\"472\" height=\"1024\" data-id=\"45408\" data-src=\"https:\/\/cvinoticias.com\/wp-content\/uploads\/2025\/06\/1000171062-472x1024.jpg\" alt=\"\" class=\"wp-image-45408 lazyload\" data-srcset=\"https:\/\/cvinoticias.com\/wp-content\/uploads\/2025\/06\/1000171062-472x1024.jpg 472w, https:\/\/cvinoticias.com\/wp-content\/uploads\/2025\/06\/1000171062-138x300.jpg 138w, https:\/\/cvinoticias.com\/wp-content\/uploads\/2025\/06\/1000171062.jpg 590w\" data-sizes=\"(max-width: 472px) 100vw, 472px\" src=\"data:image\/svg+xml;base64,PHN2ZyB3aWR0aD0iMSIgaGVpZ2h0PSIxIiB4bWxucz0iaHR0cDovL3d3dy53My5vcmcvMjAwMC9zdmciPjwvc3ZnPg==\" style=\"--smush-placeholder-width: 472px; --smush-placeholder-aspect-ratio: 472\/1024;\" \/><\/a><\/figure>\n\n\n\n<figure class=\"wp-block-image size-large\"><a href=\"https:\/\/cvinoticias.com\/wp-content\/uploads\/2025\/06\/1000171061.jpg\"><img decoding=\"async\" width=\"472\" height=\"1024\" data-id=\"45409\" data-src=\"https:\/\/cvinoticias.com\/wp-content\/uploads\/2025\/06\/1000171061-472x1024.jpg\" alt=\"\" class=\"wp-image-45409 lazyload\" data-srcset=\"https:\/\/cvinoticias.com\/wp-content\/uploads\/2025\/06\/1000171061-472x1024.jpg 472w, https:\/\/cvinoticias.com\/wp-content\/uploads\/2025\/06\/1000171061-138x300.jpg 138w, https:\/\/cvinoticias.com\/wp-content\/uploads\/2025\/06\/1000171061.jpg 590w\" data-sizes=\"(max-width: 472px) 100vw, 472px\" src=\"data:image\/svg+xml;base64,PHN2ZyB3aWR0aD0iMSIgaGVpZ2h0PSIxIiB4bWxucz0iaHR0cDovL3d3dy53My5vcmcvMjAwMC9zdmciPjwvc3ZnPg==\" style=\"--smush-placeholder-width: 472px; --smush-placeholder-aspect-ratio: 472\/1024;\" \/><\/a><\/figure>\n\n\n\n<figure class=\"wp-block-image size-large\"><a href=\"https:\/\/cvinoticias.com\/wp-content\/uploads\/2025\/06\/1000171060.jpg\"><img decoding=\"async\" width=\"472\" height=\"1024\" data-id=\"45407\" data-src=\"https:\/\/cvinoticias.com\/wp-content\/uploads\/2025\/06\/1000171060-472x1024.jpg\" alt=\"\" class=\"wp-image-45407 lazyload\" data-srcset=\"https:\/\/cvinoticias.com\/wp-content\/uploads\/2025\/06\/1000171060-472x1024.jpg 472w, https:\/\/cvinoticias.com\/wp-content\/uploads\/2025\/06\/1000171060-138x300.jpg 138w, https:\/\/cvinoticias.com\/wp-content\/uploads\/2025\/06\/1000171060.jpg 590w\" data-sizes=\"(max-width: 472px) 100vw, 472px\" src=\"data:image\/svg+xml;base64,PHN2ZyB3aWR0aD0iMSIgaGVpZ2h0PSIxIiB4bWxucz0iaHR0cDovL3d3dy53My5vcmcvMjAwMC9zdmciPjwvc3ZnPg==\" style=\"--smush-placeholder-width: 472px; --smush-placeholder-aspect-ratio: 472\/1024;\" \/><\/a><\/figure>\n\n\n\n<figure class=\"wp-block-image size-large\"><a href=\"https:\/\/cvinoticias.com\/wp-content\/uploads\/2025\/06\/1000171059.jpg\"><img decoding=\"async\" width=\"1024\" height=\"1024\" data-id=\"45410\" data-src=\"https:\/\/cvinoticias.com\/wp-content\/uploads\/2025\/06\/1000171059-1024x1024.jpg\" alt=\"\" class=\"wp-image-45410 lazyload\" data-srcset=\"https:\/\/cvinoticias.com\/wp-content\/uploads\/2025\/06\/1000171059-1024x1024.jpg 1024w, https:\/\/cvinoticias.com\/wp-content\/uploads\/2025\/06\/1000171059-300x300.jpg 300w, https:\/\/cvinoticias.com\/wp-content\/uploads\/2025\/06\/1000171059-150x150.jpg 150w, https:\/\/cvinoticias.com\/wp-content\/uploads\/2025\/06\/1000171059-768x768.jpg 768w, https:\/\/cvinoticias.com\/wp-content\/uploads\/2025\/06\/1000171059.jpg 1080w\" data-sizes=\"(max-width: 1024px) 100vw, 1024px\" src=\"data:image\/svg+xml;base64,PHN2ZyB3aWR0aD0iMSIgaGVpZ2h0PSIxIiB4bWxucz0iaHR0cDovL3d3dy53My5vcmcvMjAwMC9zdmciPjwvc3ZnPg==\" style=\"--smush-placeholder-width: 1024px; --smush-placeholder-aspect-ratio: 1024\/1024;\" \/><\/a><\/figure>\n\n\n\n<figure class=\"wp-block-image size-large\"><a href=\"https:\/\/cvinoticias.com\/wp-content\/uploads\/2025\/06\/1000171057.jpg\"><img decoding=\"async\" width=\"576\" height=\"1024\" data-id=\"45414\" data-src=\"https:\/\/cvinoticias.com\/wp-content\/uploads\/2025\/06\/1000171057-576x1024.jpg\" alt=\"\" class=\"wp-image-45414 lazyload\" data-srcset=\"https:\/\/cvinoticias.com\/wp-content\/uploads\/2025\/06\/1000171057-576x1024.jpg 576w, https:\/\/cvinoticias.com\/wp-content\/uploads\/2025\/06\/1000171057-169x300.jpg 169w, https:\/\/cvinoticias.com\/wp-content\/uploads\/2025\/06\/1000171057-768x1365.jpg 768w, https:\/\/cvinoticias.com\/wp-content\/uploads\/2025\/06\/1000171057-864x1536.jpg 864w, https:\/\/cvinoticias.com\/wp-content\/uploads\/2025\/06\/1000171057.jpg 900w\" data-sizes=\"(max-width: 576px) 100vw, 576px\" src=\"data:image\/svg+xml;base64,PHN2ZyB3aWR0aD0iMSIgaGVpZ2h0PSIxIiB4bWxucz0iaHR0cDovL3d3dy53My5vcmcvMjAwMC9zdmciPjwvc3ZnPg==\" style=\"--smush-placeholder-width: 576px; --smush-placeholder-aspect-ratio: 576\/1024;\" \/><\/a><\/figure>\n\n\n\n<figure class=\"wp-block-image size-large\"><a href=\"https:\/\/cvinoticias.com\/wp-content\/uploads\/2025\/06\/1000171056.jpg\"><img decoding=\"async\" width=\"472\" height=\"1024\" data-id=\"45412\" data-src=\"https:\/\/cvinoticias.com\/wp-content\/uploads\/2025\/06\/1000171056-472x1024.jpg\" alt=\"\" class=\"wp-image-45412 lazyload\" data-srcset=\"https:\/\/cvinoticias.com\/wp-content\/uploads\/2025\/06\/1000171056-472x1024.jpg 472w, https:\/\/cvinoticias.com\/wp-content\/uploads\/2025\/06\/1000171056-138x300.jpg 138w, https:\/\/cvinoticias.com\/wp-content\/uploads\/2025\/06\/1000171056.jpg 590w\" data-sizes=\"(max-width: 472px) 100vw, 472px\" src=\"data:image\/svg+xml;base64,PHN2ZyB3aWR0aD0iMSIgaGVpZ2h0PSIxIiB4bWxucz0iaHR0cDovL3d3dy53My5vcmcvMjAwMC9zdmciPjwvc3ZnPg==\" style=\"--smush-placeholder-width: 472px; --smush-placeholder-aspect-ratio: 472\/1024;\" \/><\/a><\/figure>\n\n\n\n<figure class=\"wp-block-image size-large\"><a href=\"https:\/\/cvinoticias.com\/wp-content\/uploads\/2025\/06\/1000171058.jpg\"><img decoding=\"async\" width=\"576\" height=\"1024\" data-id=\"45413\" data-src=\"https:\/\/cvinoticias.com\/wp-content\/uploads\/2025\/06\/1000171058-576x1024.jpg\" alt=\"\" class=\"wp-image-45413 lazyload\" data-srcset=\"https:\/\/cvinoticias.com\/wp-content\/uploads\/2025\/06\/1000171058-576x1024.jpg 576w, https:\/\/cvinoticias.com\/wp-content\/uploads\/2025\/06\/1000171058-169x300.jpg 169w, https:\/\/cvinoticias.com\/wp-content\/uploads\/2025\/06\/1000171058-768x1365.jpg 768w, https:\/\/cvinoticias.com\/wp-content\/uploads\/2025\/06\/1000171058-864x1536.jpg 864w, https:\/\/cvinoticias.com\/wp-content\/uploads\/2025\/06\/1000171058.jpg 900w\" data-sizes=\"(max-width: 576px) 100vw, 576px\" src=\"data:image\/svg+xml;base64,PHN2ZyB3aWR0aD0iMSIgaGVpZ2h0PSIxIiB4bWxucz0iaHR0cDovL3d3dy53My5vcmcvMjAwMC9zdmciPjwvc3ZnPg==\" style=\"--smush-placeholder-width: 576px; --smush-placeholder-aspect-ratio: 576\/1024;\" \/><\/a><\/figure>\n<\/figure>\n\n\n\n<hr class=\"wp-block-separator has-alpha-channel-opacity\"\/>\n\n\n\n<figure class=\"wp-block-video\"><video height=\"480\" style=\"aspect-ratio: 848 \/ 480;\" width=\"848\" controls src=\"https:\/\/cvinoticias.com\/wp-content\/uploads\/2025\/06\/1000171064.mp4\"><\/video><\/figure>\n","protected":false},"excerpt":{"rendered":"<p>Tal como hab\u00eda anticipado el meteor\u00f3logo Fabio Cabello en di\u00e1logo con CVI, el fr\u00edo se hizo sentir con fuerza en Puerto Iguaz\u00fa durante la madrugada del martes 24 y el mi\u00e9rcoles 25 de junio. Las heladas sorprendieron a vecinos y vecinas de distintos puntos de la ciudad, que amanecieron cubiertos por una capa blanca de [&hellip;]<\/p>\n","protected":false},"author":2,"featured_media":45406,"comment_status":"open","ping_status":"open","sticky":false,"template":"","format":"standard","meta":{"footnotes":""},"categories":[1146],"tags":[2981,2979,2978,313,2980],"class_list":["post-45405","post","type-post","status-publish","format-standard","has-post-thumbnail","hentry","category-tiempo","tag-blanco","tag-frio-polar-2","tag-heladas","tag-iguazu","tag-paisaje"],"yoast_head":"<!-- This site is optimized with the Yoast SEO plugin v27.5 - https:\/\/yoast.com\/product\/yoast-seo-wordpress\/ -->\n<title>Heladas en Puerto Iguaz\u00fa: el fr\u00edo ti\u00f1\u00f3 de blanco el paisaje | CVI NOTICIAS<\/title>\n<meta name=\"robots\" content=\"index, follow, max-snippet:-1, max-image-preview:large, max-video-preview:-1\" \/>\n<link rel=\"canonical\" href=\"https:\/\/cvinoticias.com\/v3\/heladas-en-puerto-iguazu-el-frio-tino-de-blanco-el-paisaje\/\" \/>\n<meta property=\"og:locale\" content=\"es_ES\" \/>\n<meta property=\"og:type\" content=\"article\" \/>\n<meta property=\"og:title\" content=\"Heladas en Puerto Iguaz\u00fa: el fr\u00edo ti\u00f1\u00f3 de blanco el paisaje | CVI NOTICIAS\" \/>\n<meta property=\"og:description\" content=\"Tal como hab\u00eda anticipado el meteor\u00f3logo Fabio Cabello en di\u00e1logo con CVI, el fr\u00edo se hizo sentir con fuerza en Puerto Iguaz\u00fa durante la madrugada del martes 24 y el mi\u00e9rcoles 25 de junio. Las heladas sorprendieron a vecinos y vecinas de distintos puntos de la ciudad, que amanecieron cubiertos por una capa blanca de [&hellip;]\" \/>\n<meta property=\"og:url\" content=\"https:\/\/cvinoticias.com\/v3\/heladas-en-puerto-iguazu-el-frio-tino-de-blanco-el-paisaje\/\" \/>\n<meta property=\"og:site_name\" content=\"CVI NOTICIAS\" \/>\n<meta property=\"article:publisher\" content=\"https:\/\/www.facebook.com\/cvinoticias\" \/>\n<meta property=\"article:published_time\" content=\"2025-06-24T15:04:12+00:00\" \/>\n<meta property=\"article:modified_time\" content=\"2025-06-24T15:04:13+00:00\" \/>\n<meta property=\"og:image\" content=\"https:\/\/cvinoticias.com\/wp-content\/uploads\/2025\/06\/IMG-20250624-WA0050.jpg\" \/>\n\t<meta property=\"og:image:width\" content=\"590\" \/>\n\t<meta property=\"og:image:height\" content=\"1280\" \/>\n\t<meta property=\"og:image:type\" content=\"image\/jpeg\" \/>\n<meta name=\"author\" content=\"f1000024\" \/>\n<meta name=\"twitter:card\" content=\"summary_large_image\" \/>\n<meta name=\"twitter:label1\" content=\"Escrito por\" \/>\n\t<meta name=\"twitter:data1\" content=\"f1000024\" \/>\n\t<meta name=\"twitter:label2\" content=\"Tiempo de lectura\" \/>\n\t<meta name=\"twitter:data2\" content=\"3 minutos\" \/>\n<script type=\"application\/ld+json\" class=\"yoast-schema-graph\">{\"@context\":\"https:\\\/\\\/schema.org\",\"@graph\":[{\"@type\":\"Article\",\"@id\":\"https:\\\/\\\/cvinoticias.com\\\/v3\\\/heladas-en-puerto-iguazu-el-frio-tino-de-blanco-el-paisaje\\\/#article\",\"isPartOf\":{\"@id\":\"https:\\\/\\\/cvinoticias.com\\\/v3\\\/heladas-en-puerto-iguazu-el-frio-tino-de-blanco-el-paisaje\\\/\"},\"author\":{\"name\":\"f1000024\",\"@id\":\"https:\\\/\\\/cvinoticias.com\\\/v3\\\/#\\\/schema\\\/person\\\/2db77e3c6bc03c538495d7b2b8be9b66\"},\"headline\":\"Heladas en Puerto Iguaz\u00fa: el fr\u00edo ti\u00f1\u00f3 de blanco el paisaje\",\"datePublished\":\"2025-06-24T15:04:12+00:00\",\"dateModified\":\"2025-06-24T15:04:13+00:00\",\"mainEntityOfPage\":{\"@id\":\"https:\\\/\\\/cvinoticias.com\\\/v3\\\/heladas-en-puerto-iguazu-el-frio-tino-de-blanco-el-paisaje\\\/\"},\"wordCount\":258,\"commentCount\":0,\"publisher\":{\"@id\":\"https:\\\/\\\/cvinoticias.com\\\/v3\\\/#organization\"},\"image\":{\"@id\":\"https:\\\/\\\/cvinoticias.com\\\/v3\\\/heladas-en-puerto-iguazu-el-frio-tino-de-blanco-el-paisaje\\\/#primaryimage\"},\"thumbnailUrl\":\"https:\\\/\\\/cvinoticias.com\\\/wp-content\\\/uploads\\\/2025\\\/06\\\/IMG-20250624-WA0050.jpg\",\"keywords\":[\"Blanco\",\"Frio polar\",\"heladas\",\"Iguaz\u00fa\",\"Paisaje\"],\"articleSection\":[\"Tiempo\"],\"inLanguage\":\"es\",\"potentialAction\":[{\"@type\":\"CommentAction\",\"name\":\"Comment\",\"target\":[\"https:\\\/\\\/cvinoticias.com\\\/v3\\\/heladas-en-puerto-iguazu-el-frio-tino-de-blanco-el-paisaje\\\/#respond\"]}]},{\"@type\":\"WebPage\",\"@id\":\"https:\\\/\\\/cvinoticias.com\\\/v3\\\/heladas-en-puerto-iguazu-el-frio-tino-de-blanco-el-paisaje\\\/\",\"url\":\"https:\\\/\\\/cvinoticias.com\\\/v3\\\/heladas-en-puerto-iguazu-el-frio-tino-de-blanco-el-paisaje\\\/\",\"name\":\"Heladas en Puerto Iguaz\u00fa: el fr\u00edo ti\u00f1\u00f3 de blanco el paisaje | CVI NOTICIAS\",\"isPartOf\":{\"@id\":\"https:\\\/\\\/cvinoticias.com\\\/v3\\\/#website\"},\"primaryImageOfPage\":{\"@id\":\"https:\\\/\\\/cvinoticias.com\\\/v3\\\/heladas-en-puerto-iguazu-el-frio-tino-de-blanco-el-paisaje\\\/#primaryimage\"},\"image\":{\"@id\":\"https:\\\/\\\/cvinoticias.com\\\/v3\\\/heladas-en-puerto-iguazu-el-frio-tino-de-blanco-el-paisaje\\\/#primaryimage\"},\"thumbnailUrl\":\"https:\\\/\\\/cvinoticias.com\\\/wp-content\\\/uploads\\\/2025\\\/06\\\/IMG-20250624-WA0050.jpg\",\"datePublished\":\"2025-06-24T15:04:12+00:00\",\"dateModified\":\"2025-06-24T15:04:13+00:00\",\"breadcrumb\":{\"@id\":\"https:\\\/\\\/cvinoticias.com\\\/v3\\\/heladas-en-puerto-iguazu-el-frio-tino-de-blanco-el-paisaje\\\/#breadcrumb\"},\"inLanguage\":\"es\",\"potentialAction\":[{\"@type\":\"ReadAction\",\"target\":[\"https:\\\/\\\/cvinoticias.com\\\/v3\\\/heladas-en-puerto-iguazu-el-frio-tino-de-blanco-el-paisaje\\\/\"]}]},{\"@type\":\"ImageObject\",\"inLanguage\":\"es\",\"@id\":\"https:\\\/\\\/cvinoticias.com\\\/v3\\\/heladas-en-puerto-iguazu-el-frio-tino-de-blanco-el-paisaje\\\/#primaryimage\",\"url\":\"https:\\\/\\\/cvinoticias.com\\\/wp-content\\\/uploads\\\/2025\\\/06\\\/IMG-20250624-WA0050.jpg\",\"contentUrl\":\"https:\\\/\\\/cvinoticias.com\\\/wp-content\\\/uploads\\\/2025\\\/06\\\/IMG-20250624-WA0050.jpg\",\"width\":590,\"height\":1280},{\"@type\":\"BreadcrumbList\",\"@id\":\"https:\\\/\\\/cvinoticias.com\\\/v3\\\/heladas-en-puerto-iguazu-el-frio-tino-de-blanco-el-paisaje\\\/#breadcrumb\",\"itemListElement\":[{\"@type\":\"ListItem\",\"position\":1,\"name\":\"Portada\",\"item\":\"https:\\\/\\\/cvinoticias.com\\\/v3\\\/\"},{\"@type\":\"ListItem\",\"position\":2,\"name\":\"Heladas en Puerto Iguaz\u00fa: el fr\u00edo ti\u00f1\u00f3 de blanco el paisaje\"}]},{\"@type\":\"WebSite\",\"@id\":\"https:\\\/\\\/cvinoticias.com\\\/v3\\\/#website\",\"url\":\"https:\\\/\\\/cvinoticias.com\\\/v3\\\/\",\"name\":\"CVI NOTICIAS\",\"description\":\"\",\"publisher\":{\"@id\":\"https:\\\/\\\/cvinoticias.com\\\/v3\\\/#organization\"},\"alternateName\":\"CVI\",\"potentialAction\":[{\"@type\":\"SearchAction\",\"target\":{\"@type\":\"EntryPoint\",\"urlTemplate\":\"https:\\\/\\\/cvinoticias.com\\\/v3\\\/?s={search_term_string}\"},\"query-input\":{\"@type\":\"PropertyValueSpecification\",\"valueRequired\":true,\"valueName\":\"search_term_string\"}}],\"inLanguage\":\"es\"},{\"@type\":\"Organization\",\"@id\":\"https:\\\/\\\/cvinoticias.com\\\/v3\\\/#organization\",\"name\":\"CVI NOTICIAS\",\"url\":\"https:\\\/\\\/cvinoticias.com\\\/v3\\\/\",\"logo\":{\"@type\":\"ImageObject\",\"inLanguage\":\"es\",\"@id\":\"https:\\\/\\\/cvinoticias.com\\\/v3\\\/#\\\/schema\\\/logo\\\/image\\\/\",\"url\":\"https:\\\/\\\/cvinoticias.com\\\/wp-content\\\/uploads\\\/2023\\\/04\\\/cropped-cropped-cropped-cropped-cropped-3-1.png\",\"contentUrl\":\"https:\\\/\\\/cvinoticias.com\\\/wp-content\\\/uploads\\\/2023\\\/04\\\/cropped-cropped-cropped-cropped-cropped-3-1.png\",\"width\":95,\"height\":122,\"caption\":\"CVI NOTICIAS\"},\"image\":{\"@id\":\"https:\\\/\\\/cvinoticias.com\\\/v3\\\/#\\\/schema\\\/logo\\\/image\\\/\"},\"sameAs\":[\"https:\\\/\\\/www.facebook.com\\\/cvinoticias\",\"https:\\\/\\\/www.instagram.com\\\/cvinoticias\\\/\",\"https:\\\/\\\/www.youtube.com\\\/@CVINOTICIAS\"]},{\"@type\":\"Person\",\"@id\":\"https:\\\/\\\/cvinoticias.com\\\/v3\\\/#\\\/schema\\\/person\\\/2db77e3c6bc03c538495d7b2b8be9b66\",\"name\":\"f1000024\",\"image\":{\"@type\":\"ImageObject\",\"inLanguage\":\"es\",\"@id\":\"https:\\\/\\\/secure.gravatar.com\\\/avatar\\\/d4fe7459cfc51ff5129ce1a732bbef5928568b8092d412ef95611616376bbeed?s=96&d=mm&r=g\",\"url\":\"https:\\\/\\\/secure.gravatar.com\\\/avatar\\\/d4fe7459cfc51ff5129ce1a732bbef5928568b8092d412ef95611616376bbeed?s=96&d=mm&r=g\",\"contentUrl\":\"https:\\\/\\\/secure.gravatar.com\\\/avatar\\\/d4fe7459cfc51ff5129ce1a732bbef5928568b8092d412ef95611616376bbeed?s=96&d=mm&r=g\",\"caption\":\"f1000024\"},\"url\":\"https:\\\/\\\/cvinoticias.com\\\/v3\\\/author\\\/f1000024\\\/\"}]}<\/script>\n<!-- \/ Yoast SEO plugin. -->","yoast_head_json":{"title":"Heladas en Puerto Iguaz\u00fa: el fr\u00edo ti\u00f1\u00f3 de blanco el paisaje | CVI NOTICIAS","robots":{"index":"index","follow":"follow","max-snippet":"max-snippet:-1","max-image-preview":"max-image-preview:large","max-video-preview":"max-video-preview:-1"},"canonical":"https:\/\/cvinoticias.com\/v3\/heladas-en-puerto-iguazu-el-frio-tino-de-blanco-el-paisaje\/","og_locale":"es_ES","og_type":"article","og_title":"Heladas en Puerto Iguaz\u00fa: el fr\u00edo ti\u00f1\u00f3 de blanco el paisaje | CVI NOTICIAS","og_description":"Tal como hab\u00eda anticipado el meteor\u00f3logo Fabio Cabello en di\u00e1logo con CVI, el fr\u00edo se hizo sentir con fuerza en Puerto Iguaz\u00fa durante la madrugada del martes 24 y el mi\u00e9rcoles 25 de junio. Las heladas sorprendieron a vecinos y vecinas de distintos puntos de la ciudad, que amanecieron cubiertos por una capa blanca de [&hellip;]","og_url":"https:\/\/cvinoticias.com\/v3\/heladas-en-puerto-iguazu-el-frio-tino-de-blanco-el-paisaje\/","og_site_name":"CVI NOTICIAS","article_publisher":"https:\/\/www.facebook.com\/cvinoticias","article_published_time":"2025-06-24T15:04:12+00:00","article_modified_time":"2025-06-24T15:04:13+00:00","og_image":[{"width":590,"height":1280,"url":"https:\/\/cvinoticias.com\/wp-content\/uploads\/2025\/06\/IMG-20250624-WA0050.jpg","type":"image\/jpeg"}],"author":"f1000024","twitter_card":"summary_large_image","twitter_misc":{"Escrito por":"f1000024","Tiempo de lectura":"3 minutos"},"schema":{"@context":"https:\/\/schema.org","@graph":[{"@type":"Article","@id":"https:\/\/cvinoticias.com\/v3\/heladas-en-puerto-iguazu-el-frio-tino-de-blanco-el-paisaje\/#article","isPartOf":{"@id":"https:\/\/cvinoticias.com\/v3\/heladas-en-puerto-iguazu-el-frio-tino-de-blanco-el-paisaje\/"},"author":{"name":"f1000024","@id":"https:\/\/cvinoticias.com\/v3\/#\/schema\/person\/2db77e3c6bc03c538495d7b2b8be9b66"},"headline":"Heladas en Puerto Iguaz\u00fa: el fr\u00edo ti\u00f1\u00f3 de blanco el paisaje","datePublished":"2025-06-24T15:04:12+00:00","dateModified":"2025-06-24T15:04:13+00:00","mainEntityOfPage":{"@id":"https:\/\/cvinoticias.com\/v3\/heladas-en-puerto-iguazu-el-frio-tino-de-blanco-el-paisaje\/"},"wordCount":258,"commentCount":0,"publisher":{"@id":"https:\/\/cvinoticias.com\/v3\/#organization"},"image":{"@id":"https:\/\/cvinoticias.com\/v3\/heladas-en-puerto-iguazu-el-frio-tino-de-blanco-el-paisaje\/#primaryimage"},"thumbnailUrl":"https:\/\/cvinoticias.com\/wp-content\/uploads\/2025\/06\/IMG-20250624-WA0050.jpg","keywords":["Blanco","Frio polar","heladas","Iguaz\u00fa","Paisaje"],"articleSection":["Tiempo"],"inLanguage":"es","potentialAction":[{"@type":"CommentAction","name":"Comment","target":["https:\/\/cvinoticias.com\/v3\/heladas-en-puerto-iguazu-el-frio-tino-de-blanco-el-paisaje\/#respond"]}]},{"@type":"WebPage","@id":"https:\/\/cvinoticias.com\/v3\/heladas-en-puerto-iguazu-el-frio-tino-de-blanco-el-paisaje\/","url":"https:\/\/cvinoticias.com\/v3\/heladas-en-puerto-iguazu-el-frio-tino-de-blanco-el-paisaje\/","name":"Heladas en Puerto Iguaz\u00fa: el fr\u00edo ti\u00f1\u00f3 de blanco el paisaje | CVI NOTICIAS","isPartOf":{"@id":"https:\/\/cvinoticias.com\/v3\/#website"},"primaryImageOfPage":{"@id":"https:\/\/cvinoticias.com\/v3\/heladas-en-puerto-iguazu-el-frio-tino-de-blanco-el-paisaje\/#primaryimage"},"image":{"@id":"https:\/\/cvinoticias.com\/v3\/heladas-en-puerto-iguazu-el-frio-tino-de-blanco-el-paisaje\/#primaryimage"},"thumbnailUrl":"https:\/\/cvinoticias.com\/wp-content\/uploads\/2025\/06\/IMG-20250624-WA0050.jpg","datePublished":"2025-06-24T15:04:12+00:00","dateModified":"2025-06-24T15:04:13+00:00","breadcrumb":{"@id":"https:\/\/cvinoticias.com\/v3\/heladas-en-puerto-iguazu-el-frio-tino-de-blanco-el-paisaje\/#breadcrumb"},"inLanguage":"es","potentialAction":[{"@type":"ReadAction","target":["https:\/\/cvinoticias.com\/v3\/heladas-en-puerto-iguazu-el-frio-tino-de-blanco-el-paisaje\/"]}]},{"@type":"ImageObject","inLanguage":"es","@id":"https:\/\/cvinoticias.com\/v3\/heladas-en-puerto-iguazu-el-frio-tino-de-blanco-el-paisaje\/#primaryimage","url":"https:\/\/cvinoticias.com\/wp-content\/uploads\/2025\/06\/IMG-20250624-WA0050.jpg","contentUrl":"https:\/\/cvinoticias.com\/wp-content\/uploads\/2025\/06\/IMG-20250624-WA0050.jpg","width":590,"height":1280},{"@type":"BreadcrumbList","@id":"https:\/\/cvinoticias.com\/v3\/heladas-en-puerto-iguazu-el-frio-tino-de-blanco-el-paisaje\/#breadcrumb","itemListElement":[{"@type":"ListItem","position":1,"name":"Portada","item":"https:\/\/cvinoticias.com\/v3\/"},{"@type":"ListItem","position":2,"name":"Heladas en Puerto Iguaz\u00fa: el fr\u00edo ti\u00f1\u00f3 de blanco el paisaje"}]},{"@type":"WebSite","@id":"https:\/\/cvinoticias.com\/v3\/#website","url":"https:\/\/cvinoticias.com\/v3\/","name":"CVI NOTICIAS","description":"","publisher":{"@id":"https:\/\/cvinoticias.com\/v3\/#organization"},"alternateName":"CVI","potentialAction":[{"@type":"SearchAction","target":{"@type":"EntryPoint","urlTemplate":"https:\/\/cvinoticias.com\/v3\/?s={search_term_string}"},"query-input":{"@type":"PropertyValueSpecification","valueRequired":true,"valueName":"search_term_string"}}],"inLanguage":"es"},{"@type":"Organization","@id":"https:\/\/cvinoticias.com\/v3\/#organization","name":"CVI NOTICIAS","url":"https:\/\/cvinoticias.com\/v3\/","logo":{"@type":"ImageObject","inLanguage":"es","@id":"https:\/\/cvinoticias.com\/v3\/#\/schema\/logo\/image\/","url":"https:\/\/cvinoticias.com\/wp-content\/uploads\/2023\/04\/cropped-cropped-cropped-cropped-cropped-3-1.png","contentUrl":"https:\/\/cvinoticias.com\/wp-content\/uploads\/2023\/04\/cropped-cropped-cropped-cropped-cropped-3-1.png","width":95,"height":122,"caption":"CVI NOTICIAS"},"image":{"@id":"https:\/\/cvinoticias.com\/v3\/#\/schema\/logo\/image\/"},"sameAs":["https:\/\/www.facebook.com\/cvinoticias","https:\/\/www.instagram.com\/cvinoticias\/","https:\/\/www.youtube.com\/@CVINOTICIAS"]},{"@type":"Person","@id":"https:\/\/cvinoticias.com\/v3\/#\/schema\/person\/2db77e3c6bc03c538495d7b2b8be9b66","name":"f1000024","image":{"@type":"ImageObject","inLanguage":"es","@id":"https:\/\/secure.gravatar.com\/avatar\/d4fe7459cfc51ff5129ce1a732bbef5928568b8092d412ef95611616376bbeed?s=96&d=mm&r=g","url":"https:\/\/secure.gravatar.com\/avatar\/d4fe7459cfc51ff5129ce1a732bbef5928568b8092d412ef95611616376bbeed?s=96&d=mm&r=g","contentUrl":"https:\/\/secure.gravatar.com\/avatar\/d4fe7459cfc51ff5129ce1a732bbef5928568b8092d412ef95611616376bbeed?s=96&d=mm&r=g","caption":"f1000024"},"url":"https:\/\/cvinoticias.com\/v3\/author\/f1000024\/"}]}},"_links":{"self":[{"href":"https:\/\/cvinoticias.com\/v3\/wp-json\/wp\/v2\/posts\/45405","targetHints":{"allow":["GET"]}}],"collection":[{"href":"https:\/\/cvinoticias.com\/v3\/wp-json\/wp\/v2\/posts"}],"about":[{"href":"https:\/\/cvinoticias.com\/v3\/wp-json\/wp\/v2\/types\/post"}],"author":[{"embeddable":true,"href":"https:\/\/cvinoticias.com\/v3\/wp-json\/wp\/v2\/users\/2"}],"replies":[{"embeddable":true,"href":"https:\/\/cvinoticias.com\/v3\/wp-json\/wp\/v2\/comments?post=45405"}],"version-history":[{"count":1,"href":"https:\/\/cvinoticias.com\/v3\/wp-json\/wp\/v2\/posts\/45405\/revisions"}],"predecessor-version":[{"id":45416,"href":"https:\/\/cvinoticias.com\/v3\/wp-json\/wp\/v2\/posts\/45405\/revisions\/45416"}],"wp:featuredmedia":[{"embeddable":true,"href":"https:\/\/cvinoticias.com\/v3\/wp-json\/wp\/v2\/media\/45406"}],"wp:attachment":[{"href":"https:\/\/cvinoticias.com\/v3\/wp-json\/wp\/v2\/media?parent=45405"}],"wp:term":[{"taxonomy":"category","embeddable":true,"href":"https:\/\/cvinoticias.com\/v3\/wp-json\/wp\/v2\/categories?post=45405"},{"taxonomy":"post_tag","embeddable":true,"href":"https:\/\/cvinoticias.com\/v3\/wp-json\/wp\/v2\/tags?post=45405"}],"curies":[{"name":"wp","href":"https:\/\/api.w.org\/{rel}","templated":true}]}}