{"id":45121,"date":"2025-06-17T09:00:00","date_gmt":"2025-06-17T12:00:00","guid":{"rendered":"https:\/\/cvinoticias.com\/v3\/?p=45121"},"modified":"2025-06-17T09:00:03","modified_gmt":"2025-06-17T12:00:03","slug":"advertencia-y-recomendaciones-por-el-aumento-de-casos-de-gripe-a","status":"publish","type":"post","link":"https:\/\/cvinoticias.com\/v3\/advertencia-y-recomendaciones-por-el-aumento-de-casos-de-gripe-a\/","title":{"rendered":"Advertencia y recomendaciones por el aumento de casos de gripe A"},"content":{"rendered":"\n<p>La gripe A, una enfermedad muchas veces subestimada, vuelve a poner en alerta al sistema sanitario. Con un incremento sostenido de casos en todo el pa\u00eds, el Ministerio de Salud P\u00fablica de Misiones emiti\u00f3 un comunicado destinado a reforzar la prevenci\u00f3n y el cuidado comunitario. La advertencia se da en un contexto de aumento de hospitalizaciones y alta demanda en centros de salud, en especial entre ni\u00f1os y personas con condiciones de riesgo.<\/p>\n\n\n\n<p>El \u00faltimo Bolet\u00edn Epidemiol\u00f3gico Nacional del Ministerio de Salud de la Naci\u00f3n, advirti\u00f3 sobre una suba del 48% en las hospitalizaciones por gripe A en comparaci\u00f3n con el mismo per\u00edodo de 2024. Adem\u00e1s, se registr\u00f3 un incremento del 20% en los casos respecto a la semana anterior. \u201cLa situaci\u00f3n epidemiol\u00f3gica en Argentina muestra un ascenso estacional de la gripe, con circulaci\u00f3n confirmada de influenza A y aumento de hospitalizaciones, sobre todo en la poblaci\u00f3n pedi\u00e1trica\u201d, se\u00f1ala el reporte.<\/p>\n\n\n\n<p>La gripe influenza, lejos de ser un simple resfr\u00edo, puede volverse peligrosa, especialmente para ni\u00f1as y ni\u00f1os, personas gestantes, mayores de 60 a\u00f1os y quienes tienen enfermedades cr\u00f3nicas. En ese sentido, el Ministerio de Salud P\u00fablica de Misiones record\u00f3 que la vacuna antigripal es gratuita y est\u00e1 disponible en los centros de salud. \u201cLa vacuna es gratuita y est\u00e1 disponible en tu centro de salud m\u00e1s cercano\u201d, expresaron.<\/p>\n\n\n\n<p>Desde la cartera sanitaria insistieron en que el control de estas enfermedades depende de la participaci\u00f3n activa de la poblaci\u00f3n, la vigilancia virol\u00f3gica y la vacunaci\u00f3n como herramientas clave para mitigar el impacto sanitario.<\/p>\n\n\n\n<p><strong>S\u00edntomas y manejo de la enfermedad<\/strong><\/p>\n\n\n\n<p>Ante la presencia de s\u00edntomas como fiebre alta, dolor de cabeza, congesti\u00f3n nasal o malestar general, se recomienda mantener reposo, asegurar una buena hidrataci\u00f3n y controlar la fiebre. Seg\u00fan el Ministerio, \u201cla mayor\u00eda de los casos de gripe son leves y se resuelven con estas medidas\u201d.<\/p>\n\n\n\n<p>En relaci\u00f3n al uso de antivirales, se advirti\u00f3 que el Oseltamivir no est\u00e1 indicado para todos los cuadros gripales. Este f\u00e1rmaco solo se administra a pacientes hospitalizados con formas graves de la enfermedad, que presenten complicaciones severas. \u201cSu uso indiscriminado puede generar resistencia y limitar su efectividad cuando realmente es necesario\u201d, indicaron.<\/p>\n\n\n\n<p>Tambi\u00e9n se remarc\u00f3 la importancia de evitar la automedicaci\u00f3n y consultar siempre a un profesional ante la aparici\u00f3n de s\u00edntomas compatibles.<\/p>\n\n\n\n<p><strong>Prevenci\u00f3n y cuidado comunitario<\/strong><\/p>\n\n\n\n<p>El Ministerio difundi\u00f3 una serie de pautas para prevenir el contagio de influenza y otras infecciones respiratorias, entre ellas, mantener una adecuada higiene de manos con agua y jab\u00f3n, sobre todo despu\u00e9s de toser o estornudar, y cubrirse la nariz y la boca con el pliegue del codo o un pa\u00f1uelo descartable al estornudar o toser. Se debe evitar tocarse los ojos, la nariz o la boca con las manos sin lavar, utilizar soluciones a base de alcohol y no compartir utensilios ni bebidas como el mate.<\/p>\n\n\n\n<p>En cuanto al uso de barbijos, se aclar\u00f3 que no es necesario para la poblaci\u00f3n sana, aunque s\u00ed se recomienda que las personas con s\u00edntomas respiratorios se mantengan en aislamiento domiciliario durante al menos siete d\u00edas o hasta que desaparezcan los s\u00edntomas. Adem\u00e1s, se debe evitar el contacto estrecho con personas que presenten s\u00edntomas y, especialmente, con ni\u00f1os peque\u00f1os y personas mayores, por ser los m\u00e1s vulnerables.<\/p>\n\n\n\n<p>Tambi\u00e9n se reiter\u00f3 la necesidad de aplicar la vacuna antigripal en aquellas personas que integran grupos de riesgo definidos por edad o condici\u00f3n de salud.<\/p>\n\n\n\n<p>La gripe no es el \u00fanico virus respiratorio que preocupa a las autoridades. Junto con la influenza, tambi\u00e9n se reportan aumentos en los casos de Covid-19, bronquiolitis y otras infecciones respiratorias agudas, lo que ha generado una alta demanda de internaciones y ha puesto bajo presi\u00f3n a hospitales y centros de atenci\u00f3n primaria.<br>La clave para mitigar el impacto de esta temporada est\u00e1 en sostener las medidas preventivas y reforzar la vacunaci\u00f3n. \u201cLa gripe influenza no es un simple resfr\u00edo. Puede ser peligrosa, sobre todo en ni\u00f1os, adultos mayores, personas gestantes y con enfermedades cr\u00f3nicas\u201d, record\u00f3 Salud P\u00fablica. La responsabilidad individual y colectiva se vuelve fundamental en un contexto donde las infecciones respiratorias amenazan con desbordar los servicios de salud.<\/p>\n\n\n\n<p>Fuente: El Territorio <\/p>\n","protected":false},"excerpt":{"rendered":"<p>La gripe A, una enfermedad muchas veces subestimada, vuelve a poner en alerta al sistema sanitario. Con un incremento sostenido de casos en todo el pa\u00eds, el Ministerio de Salud P\u00fablica de Misiones emiti\u00f3 un comunicado destinado a reforzar la prevenci\u00f3n y el cuidado comunitario. La advertencia se da en un contexto de aumento de [&hellip;]<\/p>\n","protected":false},"author":2,"featured_media":45122,"comment_status":"open","ping_status":"open","sticky":false,"template":"","format":"standard","meta":{"footnotes":""},"categories":[22],"tags":[278],"class_list":["post-45121","post","type-post","status-publish","format-standard","has-post-thumbnail","hentry","category-salud","tag-misiones"],"yoast_head":"<!-- This site is optimized with the Yoast SEO plugin v27.5 - https:\/\/yoast.com\/product\/yoast-seo-wordpress\/ -->\n<title>Aumentan los casos de gripe A: emiten advertencia sanitaria | CVI NOTICIAS<\/title>\n<meta name=\"description\" content=\"Misiones alerta por el aumento de gripe A y recomienda vacunarse y reforzar medidas preventivas.\" \/>\n<meta name=\"robots\" content=\"index, follow, max-snippet:-1, max-image-preview:large, max-video-preview:-1\" \/>\n<link rel=\"canonical\" href=\"https:\/\/cvinoticias.com\/v3\/advertencia-y-recomendaciones-por-el-aumento-de-casos-de-gripe-a\/\" \/>\n<meta property=\"og:locale\" content=\"es_ES\" \/>\n<meta property=\"og:type\" content=\"article\" \/>\n<meta property=\"og:title\" content=\"Aumentan los casos de gripe A: emiten advertencia sanitaria | CVI NOTICIAS\" \/>\n<meta property=\"og:description\" content=\"Misiones alerta por el aumento de gripe A y recomienda vacunarse y reforzar medidas preventivas.\" \/>\n<meta property=\"og:url\" content=\"https:\/\/cvinoticias.com\/v3\/advertencia-y-recomendaciones-por-el-aumento-de-casos-de-gripe-a\/\" \/>\n<meta property=\"og:site_name\" content=\"CVI NOTICIAS\" \/>\n<meta property=\"article:publisher\" content=\"https:\/\/www.facebook.com\/cvinoticias\" \/>\n<meta property=\"article:published_time\" content=\"2025-06-17T12:00:00+00:00\" \/>\n<meta property=\"article:modified_time\" content=\"2025-06-17T12:00:03+00:00\" \/>\n<meta property=\"og:image\" content=\"https:\/\/cvinoticias.com\/wp-content\/uploads\/2025\/06\/mujer-resfriada-fiebre-gripe-2466569-696x464-1.webp\" \/>\n\t<meta property=\"og:image:width\" content=\"696\" \/>\n\t<meta property=\"og:image:height\" content=\"464\" \/>\n\t<meta property=\"og:image:type\" content=\"image\/webp\" \/>\n<meta name=\"author\" content=\"f1000024\" \/>\n<meta name=\"twitter:card\" content=\"summary_large_image\" \/>\n<meta name=\"twitter:label1\" content=\"Escrito por\" \/>\n\t<meta name=\"twitter:data1\" content=\"f1000024\" \/>\n\t<meta name=\"twitter:label2\" content=\"Tiempo de lectura\" \/>\n\t<meta name=\"twitter:data2\" content=\"4 minutos\" \/>\n<script type=\"application\/ld+json\" class=\"yoast-schema-graph\">{\"@context\":\"https:\\\/\\\/schema.org\",\"@graph\":[{\"@type\":\"Article\",\"@id\":\"https:\\\/\\\/cvinoticias.com\\\/v3\\\/advertencia-y-recomendaciones-por-el-aumento-de-casos-de-gripe-a\\\/#article\",\"isPartOf\":{\"@id\":\"https:\\\/\\\/cvinoticias.com\\\/v3\\\/advertencia-y-recomendaciones-por-el-aumento-de-casos-de-gripe-a\\\/\"},\"author\":{\"name\":\"f1000024\",\"@id\":\"https:\\\/\\\/cvinoticias.com\\\/v3\\\/#\\\/schema\\\/person\\\/2db77e3c6bc03c538495d7b2b8be9b66\"},\"headline\":\"Advertencia y recomendaciones por el aumento de casos de gripe A\",\"datePublished\":\"2025-06-17T12:00:00+00:00\",\"dateModified\":\"2025-06-17T12:00:03+00:00\",\"mainEntityOfPage\":{\"@id\":\"https:\\\/\\\/cvinoticias.com\\\/v3\\\/advertencia-y-recomendaciones-por-el-aumento-de-casos-de-gripe-a\\\/\"},\"wordCount\":753,\"commentCount\":0,\"publisher\":{\"@id\":\"https:\\\/\\\/cvinoticias.com\\\/v3\\\/#organization\"},\"image\":{\"@id\":\"https:\\\/\\\/cvinoticias.com\\\/v3\\\/advertencia-y-recomendaciones-por-el-aumento-de-casos-de-gripe-a\\\/#primaryimage\"},\"thumbnailUrl\":\"https:\\\/\\\/cvinoticias.com\\\/wp-content\\\/uploads\\\/2025\\\/06\\\/mujer-resfriada-fiebre-gripe-2466569-696x464-1.webp\",\"keywords\":[\"Misiones\"],\"articleSection\":[\"Salud\"],\"inLanguage\":\"es\",\"potentialAction\":[{\"@type\":\"CommentAction\",\"name\":\"Comment\",\"target\":[\"https:\\\/\\\/cvinoticias.com\\\/v3\\\/advertencia-y-recomendaciones-por-el-aumento-de-casos-de-gripe-a\\\/#respond\"]}]},{\"@type\":\"WebPage\",\"@id\":\"https:\\\/\\\/cvinoticias.com\\\/v3\\\/advertencia-y-recomendaciones-por-el-aumento-de-casos-de-gripe-a\\\/\",\"url\":\"https:\\\/\\\/cvinoticias.com\\\/v3\\\/advertencia-y-recomendaciones-por-el-aumento-de-casos-de-gripe-a\\\/\",\"name\":\"Aumentan los casos de gripe A: emiten advertencia sanitaria | CVI NOTICIAS\",\"isPartOf\":{\"@id\":\"https:\\\/\\\/cvinoticias.com\\\/v3\\\/#website\"},\"primaryImageOfPage\":{\"@id\":\"https:\\\/\\\/cvinoticias.com\\\/v3\\\/advertencia-y-recomendaciones-por-el-aumento-de-casos-de-gripe-a\\\/#primaryimage\"},\"image\":{\"@id\":\"https:\\\/\\\/cvinoticias.com\\\/v3\\\/advertencia-y-recomendaciones-por-el-aumento-de-casos-de-gripe-a\\\/#primaryimage\"},\"thumbnailUrl\":\"https:\\\/\\\/cvinoticias.com\\\/wp-content\\\/uploads\\\/2025\\\/06\\\/mujer-resfriada-fiebre-gripe-2466569-696x464-1.webp\",\"datePublished\":\"2025-06-17T12:00:00+00:00\",\"dateModified\":\"2025-06-17T12:00:03+00:00\",\"description\":\"Misiones alerta por el aumento de gripe A y recomienda vacunarse y reforzar medidas preventivas.\",\"breadcrumb\":{\"@id\":\"https:\\\/\\\/cvinoticias.com\\\/v3\\\/advertencia-y-recomendaciones-por-el-aumento-de-casos-de-gripe-a\\\/#breadcrumb\"},\"inLanguage\":\"es\",\"potentialAction\":[{\"@type\":\"ReadAction\",\"target\":[\"https:\\\/\\\/cvinoticias.com\\\/v3\\\/advertencia-y-recomendaciones-por-el-aumento-de-casos-de-gripe-a\\\/\"]}]},{\"@type\":\"ImageObject\",\"inLanguage\":\"es\",\"@id\":\"https:\\\/\\\/cvinoticias.com\\\/v3\\\/advertencia-y-recomendaciones-por-el-aumento-de-casos-de-gripe-a\\\/#primaryimage\",\"url\":\"https:\\\/\\\/cvinoticias.com\\\/wp-content\\\/uploads\\\/2025\\\/06\\\/mujer-resfriada-fiebre-gripe-2466569-696x464-1.webp\",\"contentUrl\":\"https:\\\/\\\/cvinoticias.com\\\/wp-content\\\/uploads\\\/2025\\\/06\\\/mujer-resfriada-fiebre-gripe-2466569-696x464-1.webp\",\"width\":696,\"height\":464},{\"@type\":\"BreadcrumbList\",\"@id\":\"https:\\\/\\\/cvinoticias.com\\\/v3\\\/advertencia-y-recomendaciones-por-el-aumento-de-casos-de-gripe-a\\\/#breadcrumb\",\"itemListElement\":[{\"@type\":\"ListItem\",\"position\":1,\"name\":\"Portada\",\"item\":\"https:\\\/\\\/cvinoticias.com\\\/v3\\\/\"},{\"@type\":\"ListItem\",\"position\":2,\"name\":\"Advertencia y recomendaciones por el aumento de casos de gripe A\"}]},{\"@type\":\"WebSite\",\"@id\":\"https:\\\/\\\/cvinoticias.com\\\/v3\\\/#website\",\"url\":\"https:\\\/\\\/cvinoticias.com\\\/v3\\\/\",\"name\":\"CVI NOTICIAS\",\"description\":\"\",\"publisher\":{\"@id\":\"https:\\\/\\\/cvinoticias.com\\\/v3\\\/#organization\"},\"alternateName\":\"CVI\",\"potentialAction\":[{\"@type\":\"SearchAction\",\"target\":{\"@type\":\"EntryPoint\",\"urlTemplate\":\"https:\\\/\\\/cvinoticias.com\\\/v3\\\/?s={search_term_string}\"},\"query-input\":{\"@type\":\"PropertyValueSpecification\",\"valueRequired\":true,\"valueName\":\"search_term_string\"}}],\"inLanguage\":\"es\"},{\"@type\":\"Organization\",\"@id\":\"https:\\\/\\\/cvinoticias.com\\\/v3\\\/#organization\",\"name\":\"CVI NOTICIAS\",\"url\":\"https:\\\/\\\/cvinoticias.com\\\/v3\\\/\",\"logo\":{\"@type\":\"ImageObject\",\"inLanguage\":\"es\",\"@id\":\"https:\\\/\\\/cvinoticias.com\\\/v3\\\/#\\\/schema\\\/logo\\\/image\\\/\",\"url\":\"https:\\\/\\\/cvinoticias.com\\\/wp-content\\\/uploads\\\/2023\\\/04\\\/cropped-cropped-cropped-cropped-cropped-3-1.png\",\"contentUrl\":\"https:\\\/\\\/cvinoticias.com\\\/wp-content\\\/uploads\\\/2023\\\/04\\\/cropped-cropped-cropped-cropped-cropped-3-1.png\",\"width\":95,\"height\":122,\"caption\":\"CVI NOTICIAS\"},\"image\":{\"@id\":\"https:\\\/\\\/cvinoticias.com\\\/v3\\\/#\\\/schema\\\/logo\\\/image\\\/\"},\"sameAs\":[\"https:\\\/\\\/www.facebook.com\\\/cvinoticias\",\"https:\\\/\\\/www.instagram.com\\\/cvinoticias\\\/\",\"https:\\\/\\\/www.youtube.com\\\/@CVINOTICIAS\"]},{\"@type\":\"Person\",\"@id\":\"https:\\\/\\\/cvinoticias.com\\\/v3\\\/#\\\/schema\\\/person\\\/2db77e3c6bc03c538495d7b2b8be9b66\",\"name\":\"f1000024\",\"image\":{\"@type\":\"ImageObject\",\"inLanguage\":\"es\",\"@id\":\"https:\\\/\\\/secure.gravatar.com\\\/avatar\\\/d4fe7459cfc51ff5129ce1a732bbef5928568b8092d412ef95611616376bbeed?s=96&d=mm&r=g\",\"url\":\"https:\\\/\\\/secure.gravatar.com\\\/avatar\\\/d4fe7459cfc51ff5129ce1a732bbef5928568b8092d412ef95611616376bbeed?s=96&d=mm&r=g\",\"contentUrl\":\"https:\\\/\\\/secure.gravatar.com\\\/avatar\\\/d4fe7459cfc51ff5129ce1a732bbef5928568b8092d412ef95611616376bbeed?s=96&d=mm&r=g\",\"caption\":\"f1000024\"},\"url\":\"https:\\\/\\\/cvinoticias.com\\\/v3\\\/author\\\/f1000024\\\/\"}]}<\/script>\n<!-- \/ Yoast SEO plugin. -->","yoast_head_json":{"title":"Aumentan los casos de gripe A: emiten advertencia sanitaria | CVI NOTICIAS","description":"Misiones alerta por el aumento de gripe A y recomienda vacunarse y reforzar medidas preventivas.","robots":{"index":"index","follow":"follow","max-snippet":"max-snippet:-1","max-image-preview":"max-image-preview:large","max-video-preview":"max-video-preview:-1"},"canonical":"https:\/\/cvinoticias.com\/v3\/advertencia-y-recomendaciones-por-el-aumento-de-casos-de-gripe-a\/","og_locale":"es_ES","og_type":"article","og_title":"Aumentan los casos de gripe A: emiten advertencia sanitaria | CVI NOTICIAS","og_description":"Misiones alerta por el aumento de gripe A y recomienda vacunarse y reforzar medidas preventivas.","og_url":"https:\/\/cvinoticias.com\/v3\/advertencia-y-recomendaciones-por-el-aumento-de-casos-de-gripe-a\/","og_site_name":"CVI NOTICIAS","article_publisher":"https:\/\/www.facebook.com\/cvinoticias","article_published_time":"2025-06-17T12:00:00+00:00","article_modified_time":"2025-06-17T12:00:03+00:00","og_image":[{"width":696,"height":464,"url":"https:\/\/cvinoticias.com\/wp-content\/uploads\/2025\/06\/mujer-resfriada-fiebre-gripe-2466569-696x464-1.webp","type":"image\/webp"}],"author":"f1000024","twitter_card":"summary_large_image","twitter_misc":{"Escrito por":"f1000024","Tiempo de lectura":"4 minutos"},"schema":{"@context":"https:\/\/schema.org","@graph":[{"@type":"Article","@id":"https:\/\/cvinoticias.com\/v3\/advertencia-y-recomendaciones-por-el-aumento-de-casos-de-gripe-a\/#article","isPartOf":{"@id":"https:\/\/cvinoticias.com\/v3\/advertencia-y-recomendaciones-por-el-aumento-de-casos-de-gripe-a\/"},"author":{"name":"f1000024","@id":"https:\/\/cvinoticias.com\/v3\/#\/schema\/person\/2db77e3c6bc03c538495d7b2b8be9b66"},"headline":"Advertencia y recomendaciones por el aumento de casos de gripe A","datePublished":"2025-06-17T12:00:00+00:00","dateModified":"2025-06-17T12:00:03+00:00","mainEntityOfPage":{"@id":"https:\/\/cvinoticias.com\/v3\/advertencia-y-recomendaciones-por-el-aumento-de-casos-de-gripe-a\/"},"wordCount":753,"commentCount":0,"publisher":{"@id":"https:\/\/cvinoticias.com\/v3\/#organization"},"image":{"@id":"https:\/\/cvinoticias.com\/v3\/advertencia-y-recomendaciones-por-el-aumento-de-casos-de-gripe-a\/#primaryimage"},"thumbnailUrl":"https:\/\/cvinoticias.com\/wp-content\/uploads\/2025\/06\/mujer-resfriada-fiebre-gripe-2466569-696x464-1.webp","keywords":["Misiones"],"articleSection":["Salud"],"inLanguage":"es","potentialAction":[{"@type":"CommentAction","name":"Comment","target":["https:\/\/cvinoticias.com\/v3\/advertencia-y-recomendaciones-por-el-aumento-de-casos-de-gripe-a\/#respond"]}]},{"@type":"WebPage","@id":"https:\/\/cvinoticias.com\/v3\/advertencia-y-recomendaciones-por-el-aumento-de-casos-de-gripe-a\/","url":"https:\/\/cvinoticias.com\/v3\/advertencia-y-recomendaciones-por-el-aumento-de-casos-de-gripe-a\/","name":"Aumentan los casos de gripe A: emiten advertencia sanitaria | CVI NOTICIAS","isPartOf":{"@id":"https:\/\/cvinoticias.com\/v3\/#website"},"primaryImageOfPage":{"@id":"https:\/\/cvinoticias.com\/v3\/advertencia-y-recomendaciones-por-el-aumento-de-casos-de-gripe-a\/#primaryimage"},"image":{"@id":"https:\/\/cvinoticias.com\/v3\/advertencia-y-recomendaciones-por-el-aumento-de-casos-de-gripe-a\/#primaryimage"},"thumbnailUrl":"https:\/\/cvinoticias.com\/wp-content\/uploads\/2025\/06\/mujer-resfriada-fiebre-gripe-2466569-696x464-1.webp","datePublished":"2025-06-17T12:00:00+00:00","dateModified":"2025-06-17T12:00:03+00:00","description":"Misiones alerta por el aumento de gripe A y recomienda vacunarse y reforzar medidas preventivas.","breadcrumb":{"@id":"https:\/\/cvinoticias.com\/v3\/advertencia-y-recomendaciones-por-el-aumento-de-casos-de-gripe-a\/#breadcrumb"},"inLanguage":"es","potentialAction":[{"@type":"ReadAction","target":["https:\/\/cvinoticias.com\/v3\/advertencia-y-recomendaciones-por-el-aumento-de-casos-de-gripe-a\/"]}]},{"@type":"ImageObject","inLanguage":"es","@id":"https:\/\/cvinoticias.com\/v3\/advertencia-y-recomendaciones-por-el-aumento-de-casos-de-gripe-a\/#primaryimage","url":"https:\/\/cvinoticias.com\/wp-content\/uploads\/2025\/06\/mujer-resfriada-fiebre-gripe-2466569-696x464-1.webp","contentUrl":"https:\/\/cvinoticias.com\/wp-content\/uploads\/2025\/06\/mujer-resfriada-fiebre-gripe-2466569-696x464-1.webp","width":696,"height":464},{"@type":"BreadcrumbList","@id":"https:\/\/cvinoticias.com\/v3\/advertencia-y-recomendaciones-por-el-aumento-de-casos-de-gripe-a\/#breadcrumb","itemListElement":[{"@type":"ListItem","position":1,"name":"Portada","item":"https:\/\/cvinoticias.com\/v3\/"},{"@type":"ListItem","position":2,"name":"Advertencia y recomendaciones por el aumento de casos de gripe A"}]},{"@type":"WebSite","@id":"https:\/\/cvinoticias.com\/v3\/#website","url":"https:\/\/cvinoticias.com\/v3\/","name":"CVI NOTICIAS","description":"","publisher":{"@id":"https:\/\/cvinoticias.com\/v3\/#organization"},"alternateName":"CVI","potentialAction":[{"@type":"SearchAction","target":{"@type":"EntryPoint","urlTemplate":"https:\/\/cvinoticias.com\/v3\/?s={search_term_string}"},"query-input":{"@type":"PropertyValueSpecification","valueRequired":true,"valueName":"search_term_string"}}],"inLanguage":"es"},{"@type":"Organization","@id":"https:\/\/cvinoticias.com\/v3\/#organization","name":"CVI NOTICIAS","url":"https:\/\/cvinoticias.com\/v3\/","logo":{"@type":"ImageObject","inLanguage":"es","@id":"https:\/\/cvinoticias.com\/v3\/#\/schema\/logo\/image\/","url":"https:\/\/cvinoticias.com\/wp-content\/uploads\/2023\/04\/cropped-cropped-cropped-cropped-cropped-3-1.png","contentUrl":"https:\/\/cvinoticias.com\/wp-content\/uploads\/2023\/04\/cropped-cropped-cropped-cropped-cropped-3-1.png","width":95,"height":122,"caption":"CVI NOTICIAS"},"image":{"@id":"https:\/\/cvinoticias.com\/v3\/#\/schema\/logo\/image\/"},"sameAs":["https:\/\/www.facebook.com\/cvinoticias","https:\/\/www.instagram.com\/cvinoticias\/","https:\/\/www.youtube.com\/@CVINOTICIAS"]},{"@type":"Person","@id":"https:\/\/cvinoticias.com\/v3\/#\/schema\/person\/2db77e3c6bc03c538495d7b2b8be9b66","name":"f1000024","image":{"@type":"ImageObject","inLanguage":"es","@id":"https:\/\/secure.gravatar.com\/avatar\/d4fe7459cfc51ff5129ce1a732bbef5928568b8092d412ef95611616376bbeed?s=96&d=mm&r=g","url":"https:\/\/secure.gravatar.com\/avatar\/d4fe7459cfc51ff5129ce1a732bbef5928568b8092d412ef95611616376bbeed?s=96&d=mm&r=g","contentUrl":"https:\/\/secure.gravatar.com\/avatar\/d4fe7459cfc51ff5129ce1a732bbef5928568b8092d412ef95611616376bbeed?s=96&d=mm&r=g","caption":"f1000024"},"url":"https:\/\/cvinoticias.com\/v3\/author\/f1000024\/"}]}},"_links":{"self":[{"href":"https:\/\/cvinoticias.com\/v3\/wp-json\/wp\/v2\/posts\/45121","targetHints":{"allow":["GET"]}}],"collection":[{"href":"https:\/\/cvinoticias.com\/v3\/wp-json\/wp\/v2\/posts"}],"about":[{"href":"https:\/\/cvinoticias.com\/v3\/wp-json\/wp\/v2\/types\/post"}],"author":[{"embeddable":true,"href":"https:\/\/cvinoticias.com\/v3\/wp-json\/wp\/v2\/users\/2"}],"replies":[{"embeddable":true,"href":"https:\/\/cvinoticias.com\/v3\/wp-json\/wp\/v2\/comments?post=45121"}],"version-history":[{"count":1,"href":"https:\/\/cvinoticias.com\/v3\/wp-json\/wp\/v2\/posts\/45121\/revisions"}],"predecessor-version":[{"id":45123,"href":"https:\/\/cvinoticias.com\/v3\/wp-json\/wp\/v2\/posts\/45121\/revisions\/45123"}],"wp:featuredmedia":[{"embeddable":true,"href":"https:\/\/cvinoticias.com\/v3\/wp-json\/wp\/v2\/media\/45122"}],"wp:attachment":[{"href":"https:\/\/cvinoticias.com\/v3\/wp-json\/wp\/v2\/media?parent=45121"}],"wp:term":[{"taxonomy":"category","embeddable":true,"href":"https:\/\/cvinoticias.com\/v3\/wp-json\/wp\/v2\/categories?post=45121"},{"taxonomy":"post_tag","embeddable":true,"href":"https:\/\/cvinoticias.com\/v3\/wp-json\/wp\/v2\/tags?post=45121"}],"curies":[{"name":"wp","href":"https:\/\/api.w.org\/{rel}","templated":true}]}}